{"id":52807,"date":"2013-05-20T00:09:08","date_gmt":"2013-05-19T23:09:08","guid":{"rendered":"http:\/\/www.pressenza.com\/?p=52807"},"modified":"2013-05-20T00:09:08","modified_gmt":"2013-05-19T23:09:08","slug":"se-agudiza-el-conflicto-entre-el-gobierno-boliviano-y-la-central-obrera","status":"publish","type":"post","link":"https:\/\/www.pressenza.com\/es\/2013\/05\/se-agudiza-el-conflicto-entre-el-gobierno-boliviano-y-la-central-obrera\/","title":{"rendered":"Se agudiza el conflicto entre el gobierno boliviano y la central obrera"},"content":{"rendered":"<p style=\"text-align: justify;\">El conflicto por la modificaci\u00f3n del sistema previsional se agudiz\u00f3, luego de que el presidente Evo Morales ratificara que no cambiar\u00e1 la propuesta y la Central Obrera Boliviana, amenazara con radicalizar la protesta si el mandatario no reinstala el di\u00e1logo.<\/p>\n<p style=\"text-align: justify;\">El secretario ejecutivo de la Central Obrera Boliviana (COB), Juan Carlos Trujillo, env\u00edo una carta al mandatario en la que lo conmina a reinstalar el di\u00e1logo en las pr\u00f3ximas horas bajo amenaza de radicalizar las movilizaciones\u00bb.<\/p>\n<p>\u00abPor el grado de responsabilidad de la COB le convoca y le conmina al gobierno central a sentarse al di\u00e1logo correspondiente el d\u00eda de hoy, a m\u00e1s tardar, hasta el d\u00eda de ma\u00f1ana, ocho de la ma\u00f1ana\u00bb, explic\u00f3 Trujillo en conferencia de prensa, seg\u00fan report\u00f3 la estatal agencia de noticias ABI.<\/p>\n<p style=\"text-align: justify;\">M\u00e1s temprano, el ministro de Trabajo, Daniel Santalla, se\u00f1al\u00f3 que el Gobierno est\u00e1 predispuesto a reanudar el di\u00e1logo con la COB \u00aben cualquier momento\u00bb para abordar todas las demandas que los trabajadores exigen, aunque ratific\u00f3 la insostenibilidad del reclamo de los sindicatos.<\/p>\n<p>El mandatario afirm\u00f3 que la \u00faltima propuesta del Ejecutivo para modificar el actual Sistema de Pensiones permite a los trabajadores jubilarse hasta con el 80 por ciento de sus aportes.<\/p>\n<p>\u00abEstuve revisando algunos datos para no equivocarme; con la nueva propuesta el 30% de todos los trabajadores fabriles se jubilan con el 80 por ciento de sus aportes y el 70 por ciento de todos los fabriles se jubilan con el 70 por ciento de sus aportes, esa es la \u00faltima propuesta\u00bb, enfatiz\u00f3 durante un discurso al inaugurar un centro productivo textil en la zona Pura Pura de la ciudad de La Paz.<\/p>\n<p>Los sindicatos piden una jubilaci\u00f3n del 100 por ciento de los \u00faltimos 24 recibos de sueldo en actividad del trabajador, pedido rechazado por el gobierno, que plante\u00f3 una renta m\u00e1xima de 4.000 bolivianos, equivalentes a 574 d\u00f3lares y una m\u00ednima de 1.200 bolivianos, equivalentes a 172 d\u00f3lares.<\/p>\n<p>Uno de los sectores en pugna, el de los mineros, reduyo ayer su demanda de aumento de las pensiones de 8.000 a 4.900 bolivianos, propuesta no avalada por la central obrera y tambi\u00e9n rechazada, hasta ahora, por el Ejecutivo.<\/p>\n<p>La oferta del gobierno, planteada como inmodificable porque ya reduce la sostenibilidad del Fondo Solidario de pensiones de 39 a 30 a\u00f1os, es de 4.000 bolivianos para los mineros y 3.200 para los dem\u00e1s sectores.<\/p>\n<p>\u00abCuando ya no haya Fondo Solidario ellos (los que trabajadores) se jubilar\u00e1n con el 30 \u00f3 40 por ciento. Est\u00e1n enga\u00f1ando a la gente que gana poco\u00bb, subray\u00f3 Morales en referenca a las demandas de la COB.<\/p>\n<p>El jefe de Estado explic\u00f3 que sus ministros est\u00e1n dispuestos a socializar entre los trabajadores de base los detalles t\u00e9cnicos y beneficios de la \u00faltima propuesta gubernamental sobre las pensiones pero que \u00abalgunos dirigentes de la COB no han querido eso\u00bb.<\/p>\n<p style=\"text-align: justify;\">En tanto, la Conferencia Episcopal Boliviana manifest\u00f3 hoy su preocupaci\u00f3n por la posibilidad de que el conflicto se radicalice a partir del llamado a los seguidores del gobierno de contrarrestar la protesta de la COB y defender en las calles el actual proceso de cambio en el pa\u00eds.<\/p>\n<p>Los grupos leales al mandatario anunciaron para la pr\u00f3xima semana movilizaciones callejeras denominadas \u00abcontramarchas\u00bb para neutralizar las diarias marchas obreras en ciudades del occidente y oriente de Bolivia.<\/p>\n<p>\u00abLos anuncios de radicalizaci\u00f3n de medidas de presi\u00f3n y convocatoria de nuevas movilizaciones pueden derivar en la confrontaci\u00f3n entre hermanos bolivianos\u00bb, alert\u00f3 la Iglesia.<\/p>\n<p>La Conferencia Episcopal reiter\u00f3 que el di\u00e1logo \u00abes el \u00fanico camino v\u00e1lido y democr\u00e1tico\u00bb, e inst\u00f3 al gobierno y sindicatos a reanudar la negociaci\u00f3n sobre cambios en una pol\u00e9mica ley de pensiones.<\/p>\n<p>Ayer, el ministro de Gobierno, Carlos Romero, hab\u00eda aclarado que las movilizaciones que anunciaron diversos sectores sociales en apoyo a Morales \u00abno buscan generar enfrentamientos ni violencia\u00bb.<\/p>\n<p>La huelga general con corte de rutas provoc\u00f3 la destrucci\u00f3n de un puente en la carretera que une La Paz y Cochabamba por la explosi\u00f3n de una carga de dinamita activada por trabajadores de la mina Huanuni, el mayor yacimiento de esta\u00f1o de Bolivia.<\/p>\n<p>Ayer, el gobierno declar\u00f3 ilegal la huelga de la COB, por lo que a partir de hoy se comenzar\u00e1n a descontar los d\u00edas no trabajados.<\/p>\n","protected":false},"excerpt":{"rendered":"<p>El conflicto por la modificaci\u00f3n del sistema previsional se agudiz\u00f3, luego de que el presidente Evo Morales ratificara que no cambiar\u00e1 la propuesta y la Central Obrera Boliviana, amenazara con radicalizar la protesta si el mandatario no reinstala el di\u00e1logo.&hellip;<\/p>\n","protected":false},"author":494,"featured_media":52812,"comment_status":"closed","ping_status":"open","sticky":false,"template":"","format":"standard","meta":{"footnotes":""},"categories":[74,67],"tags":[1059,394],"class_list":["post-52807","post","type-post","status-publish","format-standard","has-post-thumbnail","hentry","category-politica-es","category-sudamerica","tag-evo-morales","tag-protestas-sociales"],"yoast_head":"<!-- This site is optimized with the Yoast SEO plugin v27.1.1 - https:\/\/yoast.com\/product\/yoast-seo-wordpress\/ -->\n<title>Se agudiza el conflicto entre el gobierno boliviano y la central obrera<\/title>\n<meta name=\"description\" content=\"El conflicto por la modificaci\u00f3n del sistema previsional se agudiz\u00f3, luego de que el presidente Evo Morales ratificara que no cambiar\u00e1 la propuesta y la\" \/>\n<meta name=\"robots\" content=\"index, follow, max-snippet:-1, max-image-preview:large, max-video-preview:-1\" \/>\n<link rel=\"canonical\" href=\"https:\/\/www.pressenza.com\/es\/2013\/05\/se-agudiza-el-conflicto-entre-el-gobierno-boliviano-y-la-central-obrera\/\" \/>\n<meta property=\"og:locale\" content=\"es_ES\" \/>\n<meta property=\"og:type\" content=\"article\" \/>\n<meta property=\"og:title\" content=\"Se agudiza el conflicto entre el gobierno boliviano y la central obrera\" \/>\n<meta property=\"og:description\" content=\"El conflicto por la modificaci\u00f3n del sistema previsional se agudiz\u00f3, luego de que el presidente Evo Morales ratificara que no cambiar\u00e1 la propuesta y la\" \/>\n<meta property=\"og:url\" content=\"https:\/\/www.pressenza.com\/es\/2013\/05\/se-agudiza-el-conflicto-entre-el-gobierno-boliviano-y-la-central-obrera\/\" \/>\n<meta property=\"og:site_name\" content=\"Pressenza\" \/>\n<meta property=\"article:publisher\" content=\"https:\/\/www.facebook.com\/PressenzaItalia\" \/>\n<meta property=\"article:author\" content=\"https:\/\/www.facebook.com\/AgenciaTELAM\" \/>\n<meta property=\"article:published_time\" content=\"2013-05-19T23:09:08+00:00\" \/>\n<meta property=\"og:image\" content=\"https:\/\/www.pressenza.com\/wp-content\/uploads\/2013\/05\/5197df2404776_510x339.jpg\" \/>\n\t<meta property=\"og:image:width\" content=\"510\" \/>\n\t<meta property=\"og:image:height\" content=\"339\" \/>\n\t<meta property=\"og:image:type\" content=\"image\/jpeg\" \/>\n<meta name=\"author\" content=\"T\u00e9lam - Agencia Nacional de Noticias de la Rep\u00fablica Argentina\" \/>\n<meta name=\"twitter:card\" content=\"summary_large_image\" \/>\n<meta name=\"twitter:creator\" content=\"@AgenciaTelam\" \/>\n<meta name=\"twitter:site\" content=\"@PressenzaIPA\" \/>\n<meta name=\"twitter:label1\" content=\"Escrito por\" \/>\n\t<meta name=\"twitter:data1\" content=\"T\u00e9lam - Agencia Nacional de Noticias de la Rep\u00fablica Argentina\" \/>\n\t<meta name=\"twitter:label2\" content=\"Tiempo de lectura\" \/>\n\t<meta name=\"twitter:data2\" content=\"4 minutos\" \/>\n<script type=\"application\/ld+json\" class=\"yoast-schema-graph\">{\"@context\":\"https:\/\/schema.org\",\"@graph\":[{\"@type\":\"Article\",\"@id\":\"https:\/\/www.pressenza.com\/es\/2013\/05\/se-agudiza-el-conflicto-entre-el-gobierno-boliviano-y-la-central-obrera\/#article\",\"isPartOf\":{\"@id\":\"https:\/\/www.pressenza.com\/es\/2013\/05\/se-agudiza-el-conflicto-entre-el-gobierno-boliviano-y-la-central-obrera\/\"},\"author\":{\"name\":\"T\u00e9lam - Agencia Nacional de Noticias de la Rep\u00fablica Argentina\",\"@id\":\"https:\/\/www.pressenza.com\/es\/#\/schema\/person\/f1a879435e38cd8f69eac14ebf21489e\"},\"headline\":\"Se agudiza el conflicto entre el gobierno boliviano y la central obrera\",\"datePublished\":\"2013-05-19T23:09:08+00:00\",\"mainEntityOfPage\":{\"@id\":\"https:\/\/www.pressenza.com\/es\/2013\/05\/se-agudiza-el-conflicto-entre-el-gobierno-boliviano-y-la-central-obrera\/\"},\"wordCount\":736,\"publisher\":{\"@id\":\"https:\/\/www.pressenza.com\/es\/#organization\"},\"image\":{\"@id\":\"https:\/\/www.pressenza.com\/es\/2013\/05\/se-agudiza-el-conflicto-entre-el-gobierno-boliviano-y-la-central-obrera\/#primaryimage\"},\"thumbnailUrl\":\"https:\/\/www.pressenza.com\/wp-content\/uploads\/2013\/05\/5197df2404776_510x339.jpg\",\"keywords\":[\"Evo Morales\",\"protestas sociales\"],\"articleSection\":[\"Pol\u00edtica\",\"Sudam\u00e9rica\"],\"inLanguage\":\"es\"},{\"@type\":\"WebPage\",\"@id\":\"https:\/\/www.pressenza.com\/es\/2013\/05\/se-agudiza-el-conflicto-entre-el-gobierno-boliviano-y-la-central-obrera\/\",\"url\":\"https:\/\/www.pressenza.com\/es\/2013\/05\/se-agudiza-el-conflicto-entre-el-gobierno-boliviano-y-la-central-obrera\/\",\"name\":\"Se agudiza el conflicto entre el gobierno boliviano y la central obrera\",\"isPartOf\":{\"@id\":\"https:\/\/www.pressenza.com\/es\/#website\"},\"primaryImageOfPage\":{\"@id\":\"https:\/\/www.pressenza.com\/es\/2013\/05\/se-agudiza-el-conflicto-entre-el-gobierno-boliviano-y-la-central-obrera\/#primaryimage\"},\"image\":{\"@id\":\"https:\/\/www.pressenza.com\/es\/2013\/05\/se-agudiza-el-conflicto-entre-el-gobierno-boliviano-y-la-central-obrera\/#primaryimage\"},\"thumbnailUrl\":\"https:\/\/www.pressenza.com\/wp-content\/uploads\/2013\/05\/5197df2404776_510x339.jpg\",\"datePublished\":\"2013-05-19T23:09:08+00:00\",\"description\":\"El conflicto por la modificaci\u00f3n del sistema previsional se agudiz\u00f3, luego de que el presidente Evo Morales ratificara que no cambiar\u00e1 la propuesta y la\",\"breadcrumb\":{\"@id\":\"https:\/\/www.pressenza.com\/es\/2013\/05\/se-agudiza-el-conflicto-entre-el-gobierno-boliviano-y-la-central-obrera\/#breadcrumb\"},\"inLanguage\":\"es\",\"potentialAction\":[{\"@type\":\"ReadAction\",\"target\":[\"https:\/\/www.pressenza.com\/es\/2013\/05\/se-agudiza-el-conflicto-entre-el-gobierno-boliviano-y-la-central-obrera\/\"]}]},{\"@type\":\"ImageObject\",\"inLanguage\":\"es\",\"@id\":\"https:\/\/www.pressenza.com\/es\/2013\/05\/se-agudiza-el-conflicto-entre-el-gobierno-boliviano-y-la-central-obrera\/#primaryimage\",\"url\":\"https:\/\/www.pressenza.com\/wp-content\/uploads\/2013\/05\/5197df2404776_510x339.jpg\",\"contentUrl\":\"https:\/\/www.pressenza.com\/wp-content\/uploads\/2013\/05\/5197df2404776_510x339.jpg\",\"width\":510,\"height\":339},{\"@type\":\"BreadcrumbList\",\"@id\":\"https:\/\/www.pressenza.com\/es\/2013\/05\/se-agudiza-el-conflicto-entre-el-gobierno-boliviano-y-la-central-obrera\/#breadcrumb\",\"itemListElement\":[{\"@type\":\"ListItem\",\"position\":1,\"name\":\"Accueil\",\"item\":\"https:\/\/www.pressenza.com\/es\/\"},{\"@type\":\"ListItem\",\"position\":2,\"name\":\"Se agudiza el conflicto entre el gobierno boliviano y la central obrera\"}]},{\"@type\":\"WebSite\",\"@id\":\"https:\/\/www.pressenza.com\/es\/#website\",\"url\":\"https:\/\/www.pressenza.com\/es\/\",\"name\":\"Pressenza\",\"description\":\"International Press Agency\",\"publisher\":{\"@id\":\"https:\/\/www.pressenza.com\/es\/#organization\"},\"potentialAction\":[{\"@type\":\"SearchAction\",\"target\":{\"@type\":\"EntryPoint\",\"urlTemplate\":\"https:\/\/www.pressenza.com\/es\/?s={search_term_string}\"},\"query-input\":{\"@type\":\"PropertyValueSpecification\",\"valueRequired\":true,\"valueName\":\"search_term_string\"}}],\"inLanguage\":\"es\"},{\"@type\":\"Organization\",\"@id\":\"https:\/\/www.pressenza.com\/es\/#organization\",\"name\":\"Pressenza\",\"url\":\"https:\/\/www.pressenza.com\/es\/\",\"logo\":{\"@type\":\"ImageObject\",\"inLanguage\":\"es\",\"@id\":\"https:\/\/www.pressenza.com\/es\/#\/schema\/logo\/image\/\",\"url\":\"https:\/\/www.pressenza.com\/wp-content\/uploads\/2022\/10\/pressenza_logo_200x200.jpg\",\"contentUrl\":\"https:\/\/www.pressenza.com\/wp-content\/uploads\/2022\/10\/pressenza_logo_200x200.jpg\",\"width\":200,\"height\":200,\"caption\":\"Pressenza\"},\"image\":{\"@id\":\"https:\/\/www.pressenza.com\/es\/#\/schema\/logo\/image\/\"},\"sameAs\":[\"https:\/\/www.facebook.com\/PressenzaItalia\",\"https:\/\/x.com\/PressenzaIPA\"]},{\"@type\":\"Person\",\"@id\":\"https:\/\/www.pressenza.com\/es\/#\/schema\/person\/f1a879435e38cd8f69eac14ebf21489e\",\"name\":\"T\u00e9lam - Agencia Nacional de Noticias de la Rep\u00fablica Argentina\",\"description\":\"T\u00e9lam es una de las grandes agencias de noticias a nivel regional. El prestigio, acceso a fuentes oficiales, la cobertura en todo el territorio nacional y corresponsal\u00edas en el exterior; y la responsabilidad en el tratamiento informativo son caracter\u00edsticas que colocan a T\u00e9lam en referente period\u00edstico confiable y cre\u00edble en el pa\u00eds y en el mundo. Sostiene un servicio actualizado, detallado y original en diversos formatos, las 24 horas del d\u00eda, todos los d\u00edas del a\u00f1o. Es l\u00edder en el mercado nacional y sostiene alianzas a nivel regional y mundial que le permiten expandir los servicios period\u00edsticos. Suministra sus productos v\u00eda on line, tanto a nivel local como internacional. En la actualidad, la Agencia suma a sus servicios tradicionales, nuevos desaf\u00edos a partir de la realizaci\u00f3n de producciones multimedia para diversas plataformas. www.telam.com.ar\",\"sameAs\":[\"https:\/\/www.facebook.com\/AgenciaTELAM\",\"https:\/\/x.com\/AgenciaTelam\"],\"url\":\"https:\/\/www.pressenza.com\/es\/author\/telam\/\"}]}<\/script>\n<!-- \/ Yoast SEO plugin. -->","yoast_head_json":{"title":"Se agudiza el conflicto entre el gobierno boliviano y la central obrera","description":"El conflicto por la modificaci\u00f3n del sistema previsional se agudiz\u00f3, luego de que el presidente Evo Morales ratificara que no cambiar\u00e1 la propuesta y la","robots":{"index":"index","follow":"follow","max-snippet":"max-snippet:-1","max-image-preview":"max-image-preview:large","max-video-preview":"max-video-preview:-1"},"canonical":"https:\/\/www.pressenza.com\/es\/2013\/05\/se-agudiza-el-conflicto-entre-el-gobierno-boliviano-y-la-central-obrera\/","og_locale":"es_ES","og_type":"article","og_title":"Se agudiza el conflicto entre el gobierno boliviano y la central obrera","og_description":"El conflicto por la modificaci\u00f3n del sistema previsional se agudiz\u00f3, luego de que el presidente Evo Morales ratificara que no cambiar\u00e1 la propuesta y la","og_url":"https:\/\/www.pressenza.com\/es\/2013\/05\/se-agudiza-el-conflicto-entre-el-gobierno-boliviano-y-la-central-obrera\/","og_site_name":"Pressenza","article_publisher":"https:\/\/www.facebook.com\/PressenzaItalia","article_author":"https:\/\/www.facebook.com\/AgenciaTELAM","article_published_time":"2013-05-19T23:09:08+00:00","og_image":[{"width":510,"height":339,"url":"https:\/\/www.pressenza.com\/wp-content\/uploads\/2013\/05\/5197df2404776_510x339.jpg","type":"image\/jpeg"}],"author":"T\u00e9lam - Agencia Nacional de Noticias de la Rep\u00fablica Argentina","twitter_card":"summary_large_image","twitter_creator":"@AgenciaTelam","twitter_site":"@PressenzaIPA","twitter_misc":{"Escrito por":"T\u00e9lam - Agencia Nacional de Noticias de la Rep\u00fablica Argentina","Tiempo de lectura":"4 minutos"},"schema":{"@context":"https:\/\/schema.org","@graph":[{"@type":"Article","@id":"https:\/\/www.pressenza.com\/es\/2013\/05\/se-agudiza-el-conflicto-entre-el-gobierno-boliviano-y-la-central-obrera\/#article","isPartOf":{"@id":"https:\/\/www.pressenza.com\/es\/2013\/05\/se-agudiza-el-conflicto-entre-el-gobierno-boliviano-y-la-central-obrera\/"},"author":{"name":"T\u00e9lam - Agencia Nacional de Noticias de la Rep\u00fablica Argentina","@id":"https:\/\/www.pressenza.com\/es\/#\/schema\/person\/f1a879435e38cd8f69eac14ebf21489e"},"headline":"Se agudiza el conflicto entre el gobierno boliviano y la central obrera","datePublished":"2013-05-19T23:09:08+00:00","mainEntityOfPage":{"@id":"https:\/\/www.pressenza.com\/es\/2013\/05\/se-agudiza-el-conflicto-entre-el-gobierno-boliviano-y-la-central-obrera\/"},"wordCount":736,"publisher":{"@id":"https:\/\/www.pressenza.com\/es\/#organization"},"image":{"@id":"https:\/\/www.pressenza.com\/es\/2013\/05\/se-agudiza-el-conflicto-entre-el-gobierno-boliviano-y-la-central-obrera\/#primaryimage"},"thumbnailUrl":"https:\/\/www.pressenza.com\/wp-content\/uploads\/2013\/05\/5197df2404776_510x339.jpg","keywords":["Evo Morales","protestas sociales"],"articleSection":["Pol\u00edtica","Sudam\u00e9rica"],"inLanguage":"es"},{"@type":"WebPage","@id":"https:\/\/www.pressenza.com\/es\/2013\/05\/se-agudiza-el-conflicto-entre-el-gobierno-boliviano-y-la-central-obrera\/","url":"https:\/\/www.pressenza.com\/es\/2013\/05\/se-agudiza-el-conflicto-entre-el-gobierno-boliviano-y-la-central-obrera\/","name":"Se agudiza el conflicto entre el gobierno boliviano y la central obrera","isPartOf":{"@id":"https:\/\/www.pressenza.com\/es\/#website"},"primaryImageOfPage":{"@id":"https:\/\/www.pressenza.com\/es\/2013\/05\/se-agudiza-el-conflicto-entre-el-gobierno-boliviano-y-la-central-obrera\/#primaryimage"},"image":{"@id":"https:\/\/www.pressenza.com\/es\/2013\/05\/se-agudiza-el-conflicto-entre-el-gobierno-boliviano-y-la-central-obrera\/#primaryimage"},"thumbnailUrl":"https:\/\/www.pressenza.com\/wp-content\/uploads\/2013\/05\/5197df2404776_510x339.jpg","datePublished":"2013-05-19T23:09:08+00:00","description":"El conflicto por la modificaci\u00f3n del sistema previsional se agudiz\u00f3, luego de que el presidente Evo Morales ratificara que no cambiar\u00e1 la propuesta y la","breadcrumb":{"@id":"https:\/\/www.pressenza.com\/es\/2013\/05\/se-agudiza-el-conflicto-entre-el-gobierno-boliviano-y-la-central-obrera\/#breadcrumb"},"inLanguage":"es","potentialAction":[{"@type":"ReadAction","target":["https:\/\/www.pressenza.com\/es\/2013\/05\/se-agudiza-el-conflicto-entre-el-gobierno-boliviano-y-la-central-obrera\/"]}]},{"@type":"ImageObject","inLanguage":"es","@id":"https:\/\/www.pressenza.com\/es\/2013\/05\/se-agudiza-el-conflicto-entre-el-gobierno-boliviano-y-la-central-obrera\/#primaryimage","url":"https:\/\/www.pressenza.com\/wp-content\/uploads\/2013\/05\/5197df2404776_510x339.jpg","contentUrl":"https:\/\/www.pressenza.com\/wp-content\/uploads\/2013\/05\/5197df2404776_510x339.jpg","width":510,"height":339},{"@type":"BreadcrumbList","@id":"https:\/\/www.pressenza.com\/es\/2013\/05\/se-agudiza-el-conflicto-entre-el-gobierno-boliviano-y-la-central-obrera\/#breadcrumb","itemListElement":[{"@type":"ListItem","position":1,"name":"Accueil","item":"https:\/\/www.pressenza.com\/es\/"},{"@type":"ListItem","position":2,"name":"Se agudiza el conflicto entre el gobierno boliviano y la central obrera"}]},{"@type":"WebSite","@id":"https:\/\/www.pressenza.com\/es\/#website","url":"https:\/\/www.pressenza.com\/es\/","name":"Pressenza","description":"International Press Agency","publisher":{"@id":"https:\/\/www.pressenza.com\/es\/#organization"},"potentialAction":[{"@type":"SearchAction","target":{"@type":"EntryPoint","urlTemplate":"https:\/\/www.pressenza.com\/es\/?s={search_term_string}"},"query-input":{"@type":"PropertyValueSpecification","valueRequired":true,"valueName":"search_term_string"}}],"inLanguage":"es"},{"@type":"Organization","@id":"https:\/\/www.pressenza.com\/es\/#organization","name":"Pressenza","url":"https:\/\/www.pressenza.com\/es\/","logo":{"@type":"ImageObject","inLanguage":"es","@id":"https:\/\/www.pressenza.com\/es\/#\/schema\/logo\/image\/","url":"https:\/\/www.pressenza.com\/wp-content\/uploads\/2022\/10\/pressenza_logo_200x200.jpg","contentUrl":"https:\/\/www.pressenza.com\/wp-content\/uploads\/2022\/10\/pressenza_logo_200x200.jpg","width":200,"height":200,"caption":"Pressenza"},"image":{"@id":"https:\/\/www.pressenza.com\/es\/#\/schema\/logo\/image\/"},"sameAs":["https:\/\/www.facebook.com\/PressenzaItalia","https:\/\/x.com\/PressenzaIPA"]},{"@type":"Person","@id":"https:\/\/www.pressenza.com\/es\/#\/schema\/person\/f1a879435e38cd8f69eac14ebf21489e","name":"T\u00e9lam - Agencia Nacional de Noticias de la Rep\u00fablica Argentina","description":"T\u00e9lam es una de las grandes agencias de noticias a nivel regional. El prestigio, acceso a fuentes oficiales, la cobertura en todo el territorio nacional y corresponsal\u00edas en el exterior; y la responsabilidad en el tratamiento informativo son caracter\u00edsticas que colocan a T\u00e9lam en referente period\u00edstico confiable y cre\u00edble en el pa\u00eds y en el mundo. Sostiene un servicio actualizado, detallado y original en diversos formatos, las 24 horas del d\u00eda, todos los d\u00edas del a\u00f1o. Es l\u00edder en el mercado nacional y sostiene alianzas a nivel regional y mundial que le permiten expandir los servicios period\u00edsticos. Suministra sus productos v\u00eda on line, tanto a nivel local como internacional. En la actualidad, la Agencia suma a sus servicios tradicionales, nuevos desaf\u00edos a partir de la realizaci\u00f3n de producciones multimedia para diversas plataformas. www.telam.com.ar","sameAs":["https:\/\/www.facebook.com\/AgenciaTELAM","https:\/\/x.com\/AgenciaTelam"],"url":"https:\/\/www.pressenza.com\/es\/author\/telam\/"}]}},"place":"La Paz","original_article_url":"","_links":{"self":[{"href":"https:\/\/www.pressenza.com\/es\/wp-json\/wp\/v2\/posts\/52807","targetHints":{"allow":["GET"]}}],"collection":[{"href":"https:\/\/www.pressenza.com\/es\/wp-json\/wp\/v2\/posts"}],"about":[{"href":"https:\/\/www.pressenza.com\/es\/wp-json\/wp\/v2\/types\/post"}],"author":[{"embeddable":true,"href":"https:\/\/www.pressenza.com\/es\/wp-json\/wp\/v2\/users\/494"}],"replies":[{"embeddable":true,"href":"https:\/\/www.pressenza.com\/es\/wp-json\/wp\/v2\/comments?post=52807"}],"version-history":[{"count":0,"href":"https:\/\/www.pressenza.com\/es\/wp-json\/wp\/v2\/posts\/52807\/revisions"}],"wp:featuredmedia":[{"embeddable":true,"href":"https:\/\/www.pressenza.com\/es\/wp-json\/wp\/v2\/media\/52812"}],"wp:attachment":[{"href":"https:\/\/www.pressenza.com\/es\/wp-json\/wp\/v2\/media?parent=52807"}],"wp:term":[{"taxonomy":"category","embeddable":true,"href":"https:\/\/www.pressenza.com\/es\/wp-json\/wp\/v2\/categories?post=52807"},{"taxonomy":"post_tag","embeddable":true,"href":"https:\/\/www.pressenza.com\/es\/wp-json\/wp\/v2\/tags?post=52807"}],"curies":[{"name":"wp","href":"https:\/\/api.w.org\/{rel}","templated":true}]}}