{"id":52794,"date":"2013-05-19T23:53:04","date_gmt":"2013-05-19T22:53:04","guid":{"rendered":"http:\/\/www.pressenza.com\/?p=52794"},"modified":"2013-05-19T23:53:04","modified_gmt":"2013-05-19T22:53:04","slug":"corea-del-norte-disparo-un-nuevo-misil-desde-su-costa-este","status":"publish","type":"post","link":"https:\/\/www.pressenza.com\/es\/2013\/05\/corea-del-norte-disparo-un-nuevo-misil-desde-su-costa-este\/","title":{"rendered":"Corea del Norte dispar\u00f3 un nuevo misil desde su costa este"},"content":{"rendered":"<p style=\"text-align: justify;\">Corea del Norte lanz\u00f3 hoy por segundo d\u00eda consecutivo un misil de corto alcance al Mar del Este (Mar de Jap\u00f3n) desde su costa este, informaron fuentes del Ministerio surcoreano de Defensa citadas por la agencia Yonhap.<\/p>\n<p style=\"text-align: justify;\">\u00abDespu\u00e9s de ayer, Pyongyang lanz\u00f3 un nuevo misil de corto alcance al Mar del Este hoy a mediod\u00eda\u00bb, asegur\u00f3 una fuente de Defensa sin identificar y que reconoci\u00f3 desconocer el tipo de proyectil lanzado, inform\u00f3 la agencia de noticias EFE.<\/p>\n<p>Fuentes de inteligencia del Ej\u00e9rcito surcoreano estiman que se pueden tratar de misiles KN-02 tierra-tierra con un alcance de hasta 160 kil\u00f3metros.<\/p>\n<p>Si bien los lanzamientos pueden ser simplemente ejercicios rutinarios, en este caso se considera un gesto beligerante por parte del gobierno surcoreano despu\u00e9s de un periodo de varias semanas en las que rebaj\u00f3 notablemente el tono de su \u00faltima campa\u00f1a de amenazas b\u00e9licas.<\/p>\n<p>Varias resoluciones de la ONU, aprobadas despu\u00e9s de que Pyongyang realiz\u00f3 pruebas nucleares subterr\u00e1neas y de misiles bal\u00edsticos, proh\u00edben al gobierno lanzar proyectiles con mayor alcance y carga \u00fatil, al considerar que est\u00e1n dentro de un programa para el desarrollo de armas nucleares intercontinentales.<\/p>\n<p>Un portavoz del Ministerio surcoreano de Unificaci\u00f3n calific\u00f3 de \u00abdeplorables\u00bb las \u00abmedidas provocadoras\u00bb de Corea del Sur e hizo un llamamiento a sus autoridades para que \u00abact\u00faen de manera responsable como parte de la comunidad internacional\u00bb.<\/p>\n","protected":false},"excerpt":{"rendered":"<p>Corea del Norte lanz\u00f3 hoy por segundo d\u00eda consecutivo un misil de corto alcance al Mar del Este (Mar de Jap\u00f3n) desde su costa este, informaron fuentes del Ministerio surcoreano de Defensa citadas por la agencia Yonhap. \u00abDespu\u00e9s de ayer,&hellip;<\/p>\n","protected":false},"author":494,"featured_media":52796,"comment_status":"closed","ping_status":"open","sticky":false,"template":"","format":"standard","meta":{"footnotes":""},"categories":[65,39,1243],"tags":[],"class_list":["post-52794","post","type-post","status-publish","format-standard","has-post-thumbnail","hentry","category-asia-es","category-internacional","category-paz-desarme"],"yoast_head":"<!-- This site is optimized with the Yoast SEO plugin v27.1.1 - https:\/\/yoast.com\/product\/yoast-seo-wordpress\/ -->\n<title>Corea del Norte dispar\u00f3 un nuevo misil desde su costa este<\/title>\n<meta name=\"description\" content=\"Corea del Norte lanz\u00f3 hoy por segundo d\u00eda consecutivo un misil de corto alcance al Mar del Este (Mar de Jap\u00f3n) desde su costa este, informaron fuentes del\" \/>\n<meta name=\"robots\" content=\"index, follow, max-snippet:-1, max-image-preview:large, max-video-preview:-1\" \/>\n<link rel=\"canonical\" href=\"https:\/\/www.pressenza.com\/es\/2013\/05\/corea-del-norte-disparo-un-nuevo-misil-desde-su-costa-este\/\" \/>\n<meta property=\"og:locale\" content=\"es_ES\" \/>\n<meta property=\"og:type\" content=\"article\" \/>\n<meta property=\"og:title\" content=\"Corea del Norte dispar\u00f3 un nuevo misil desde su costa este\" \/>\n<meta property=\"og:description\" content=\"Corea del Norte lanz\u00f3 hoy por segundo d\u00eda consecutivo un misil de corto alcance al Mar del Este (Mar de Jap\u00f3n) desde su costa este, informaron fuentes del\" \/>\n<meta property=\"og:url\" content=\"https:\/\/www.pressenza.com\/es\/2013\/05\/corea-del-norte-disparo-un-nuevo-misil-desde-su-costa-este\/\" \/>\n<meta property=\"og:site_name\" content=\"Pressenza\" \/>\n<meta property=\"article:publisher\" content=\"https:\/\/www.facebook.com\/PressenzaItalia\" \/>\n<meta property=\"article:author\" content=\"https:\/\/www.facebook.com\/AgenciaTELAM\" \/>\n<meta property=\"article:published_time\" content=\"2013-05-19T22:53:04+00:00\" \/>\n<meta property=\"og:image\" content=\"https:\/\/www.pressenza.com\/wp-content\/uploads\/2013\/05\/5198c2a0e3e34_510x339.jpg\" \/>\n\t<meta property=\"og:image:width\" content=\"510\" \/>\n\t<meta property=\"og:image:height\" content=\"339\" \/>\n\t<meta property=\"og:image:type\" content=\"image\/jpeg\" \/>\n<meta name=\"author\" content=\"T\u00e9lam - Agencia Nacional de Noticias de la Rep\u00fablica Argentina\" \/>\n<meta name=\"twitter:card\" content=\"summary_large_image\" \/>\n<meta name=\"twitter:creator\" content=\"@AgenciaTelam\" \/>\n<meta name=\"twitter:site\" content=\"@PressenzaIPA\" \/>\n<meta name=\"twitter:label1\" content=\"Escrito por\" \/>\n\t<meta name=\"twitter:data1\" content=\"T\u00e9lam - Agencia Nacional de Noticias de la Rep\u00fablica Argentina\" \/>\n\t<meta name=\"twitter:label2\" content=\"Tiempo de lectura\" \/>\n\t<meta name=\"twitter:data2\" content=\"1 minuto\" \/>\n<script type=\"application\/ld+json\" class=\"yoast-schema-graph\">{\"@context\":\"https:\/\/schema.org\",\"@graph\":[{\"@type\":\"Article\",\"@id\":\"https:\/\/www.pressenza.com\/es\/2013\/05\/corea-del-norte-disparo-un-nuevo-misil-desde-su-costa-este\/#article\",\"isPartOf\":{\"@id\":\"https:\/\/www.pressenza.com\/es\/2013\/05\/corea-del-norte-disparo-un-nuevo-misil-desde-su-costa-este\/\"},\"author\":{\"name\":\"T\u00e9lam - Agencia Nacional de Noticias de la Rep\u00fablica Argentina\",\"@id\":\"https:\/\/www.pressenza.com\/es\/#\/schema\/person\/f1a879435e38cd8f69eac14ebf21489e\"},\"headline\":\"Corea del Norte dispar\u00f3 un nuevo misil desde su costa este\",\"datePublished\":\"2013-05-19T22:53:04+00:00\",\"mainEntityOfPage\":{\"@id\":\"https:\/\/www.pressenza.com\/es\/2013\/05\/corea-del-norte-disparo-un-nuevo-misil-desde-su-costa-este\/\"},\"wordCount\":248,\"publisher\":{\"@id\":\"https:\/\/www.pressenza.com\/es\/#organization\"},\"image\":{\"@id\":\"https:\/\/www.pressenza.com\/es\/2013\/05\/corea-del-norte-disparo-un-nuevo-misil-desde-su-costa-este\/#primaryimage\"},\"thumbnailUrl\":\"https:\/\/www.pressenza.com\/wp-content\/uploads\/2013\/05\/5198c2a0e3e34_510x339.jpg\",\"articleSection\":[\"Asia\",\"Internacional\",\"Paz y Desarme\"],\"inLanguage\":\"es\"},{\"@type\":\"WebPage\",\"@id\":\"https:\/\/www.pressenza.com\/es\/2013\/05\/corea-del-norte-disparo-un-nuevo-misil-desde-su-costa-este\/\",\"url\":\"https:\/\/www.pressenza.com\/es\/2013\/05\/corea-del-norte-disparo-un-nuevo-misil-desde-su-costa-este\/\",\"name\":\"Corea del Norte dispar\u00f3 un nuevo misil desde su costa este\",\"isPartOf\":{\"@id\":\"https:\/\/www.pressenza.com\/es\/#website\"},\"primaryImageOfPage\":{\"@id\":\"https:\/\/www.pressenza.com\/es\/2013\/05\/corea-del-norte-disparo-un-nuevo-misil-desde-su-costa-este\/#primaryimage\"},\"image\":{\"@id\":\"https:\/\/www.pressenza.com\/es\/2013\/05\/corea-del-norte-disparo-un-nuevo-misil-desde-su-costa-este\/#primaryimage\"},\"thumbnailUrl\":\"https:\/\/www.pressenza.com\/wp-content\/uploads\/2013\/05\/5198c2a0e3e34_510x339.jpg\",\"datePublished\":\"2013-05-19T22:53:04+00:00\",\"description\":\"Corea del Norte lanz\u00f3 hoy por segundo d\u00eda consecutivo un misil de corto alcance al Mar del Este (Mar de Jap\u00f3n) desde su costa este, informaron fuentes del\",\"breadcrumb\":{\"@id\":\"https:\/\/www.pressenza.com\/es\/2013\/05\/corea-del-norte-disparo-un-nuevo-misil-desde-su-costa-este\/#breadcrumb\"},\"inLanguage\":\"es\",\"potentialAction\":[{\"@type\":\"ReadAction\",\"target\":[\"https:\/\/www.pressenza.com\/es\/2013\/05\/corea-del-norte-disparo-un-nuevo-misil-desde-su-costa-este\/\"]}]},{\"@type\":\"ImageObject\",\"inLanguage\":\"es\",\"@id\":\"https:\/\/www.pressenza.com\/es\/2013\/05\/corea-del-norte-disparo-un-nuevo-misil-desde-su-costa-este\/#primaryimage\",\"url\":\"https:\/\/www.pressenza.com\/wp-content\/uploads\/2013\/05\/5198c2a0e3e34_510x339.jpg\",\"contentUrl\":\"https:\/\/www.pressenza.com\/wp-content\/uploads\/2013\/05\/5198c2a0e3e34_510x339.jpg\",\"width\":510,\"height\":339},{\"@type\":\"BreadcrumbList\",\"@id\":\"https:\/\/www.pressenza.com\/es\/2013\/05\/corea-del-norte-disparo-un-nuevo-misil-desde-su-costa-este\/#breadcrumb\",\"itemListElement\":[{\"@type\":\"ListItem\",\"position\":1,\"name\":\"Accueil\",\"item\":\"https:\/\/www.pressenza.com\/es\/\"},{\"@type\":\"ListItem\",\"position\":2,\"name\":\"Corea del Norte dispar\u00f3 un nuevo misil desde su costa este\"}]},{\"@type\":\"WebSite\",\"@id\":\"https:\/\/www.pressenza.com\/es\/#website\",\"url\":\"https:\/\/www.pressenza.com\/es\/\",\"name\":\"Pressenza\",\"description\":\"International Press Agency\",\"publisher\":{\"@id\":\"https:\/\/www.pressenza.com\/es\/#organization\"},\"potentialAction\":[{\"@type\":\"SearchAction\",\"target\":{\"@type\":\"EntryPoint\",\"urlTemplate\":\"https:\/\/www.pressenza.com\/es\/?s={search_term_string}\"},\"query-input\":{\"@type\":\"PropertyValueSpecification\",\"valueRequired\":true,\"valueName\":\"search_term_string\"}}],\"inLanguage\":\"es\"},{\"@type\":\"Organization\",\"@id\":\"https:\/\/www.pressenza.com\/es\/#organization\",\"name\":\"Pressenza\",\"url\":\"https:\/\/www.pressenza.com\/es\/\",\"logo\":{\"@type\":\"ImageObject\",\"inLanguage\":\"es\",\"@id\":\"https:\/\/www.pressenza.com\/es\/#\/schema\/logo\/image\/\",\"url\":\"https:\/\/www.pressenza.com\/wp-content\/uploads\/2022\/10\/pressenza_logo_200x200.jpg\",\"contentUrl\":\"https:\/\/www.pressenza.com\/wp-content\/uploads\/2022\/10\/pressenza_logo_200x200.jpg\",\"width\":200,\"height\":200,\"caption\":\"Pressenza\"},\"image\":{\"@id\":\"https:\/\/www.pressenza.com\/es\/#\/schema\/logo\/image\/\"},\"sameAs\":[\"https:\/\/www.facebook.com\/PressenzaItalia\",\"https:\/\/x.com\/PressenzaIPA\"]},{\"@type\":\"Person\",\"@id\":\"https:\/\/www.pressenza.com\/es\/#\/schema\/person\/f1a879435e38cd8f69eac14ebf21489e\",\"name\":\"T\u00e9lam - Agencia Nacional de Noticias de la Rep\u00fablica Argentina\",\"description\":\"T\u00e9lam es una de las grandes agencias de noticias a nivel regional. El prestigio, acceso a fuentes oficiales, la cobertura en todo el territorio nacional y corresponsal\u00edas en el exterior; y la responsabilidad en el tratamiento informativo son caracter\u00edsticas que colocan a T\u00e9lam en referente period\u00edstico confiable y cre\u00edble en el pa\u00eds y en el mundo. Sostiene un servicio actualizado, detallado y original en diversos formatos, las 24 horas del d\u00eda, todos los d\u00edas del a\u00f1o. Es l\u00edder en el mercado nacional y sostiene alianzas a nivel regional y mundial que le permiten expandir los servicios period\u00edsticos. Suministra sus productos v\u00eda on line, tanto a nivel local como internacional. En la actualidad, la Agencia suma a sus servicios tradicionales, nuevos desaf\u00edos a partir de la realizaci\u00f3n de producciones multimedia para diversas plataformas. www.telam.com.ar\",\"sameAs\":[\"https:\/\/www.facebook.com\/AgenciaTELAM\",\"https:\/\/x.com\/AgenciaTelam\"],\"url\":\"https:\/\/www.pressenza.com\/es\/author\/telam\/\"}]}<\/script>\n<!-- \/ Yoast SEO plugin. -->","yoast_head_json":{"title":"Corea del Norte dispar\u00f3 un nuevo misil desde su costa este","description":"Corea del Norte lanz\u00f3 hoy por segundo d\u00eda consecutivo un misil de corto alcance al Mar del Este (Mar de Jap\u00f3n) desde su costa este, informaron fuentes del","robots":{"index":"index","follow":"follow","max-snippet":"max-snippet:-1","max-image-preview":"max-image-preview:large","max-video-preview":"max-video-preview:-1"},"canonical":"https:\/\/www.pressenza.com\/es\/2013\/05\/corea-del-norte-disparo-un-nuevo-misil-desde-su-costa-este\/","og_locale":"es_ES","og_type":"article","og_title":"Corea del Norte dispar\u00f3 un nuevo misil desde su costa este","og_description":"Corea del Norte lanz\u00f3 hoy por segundo d\u00eda consecutivo un misil de corto alcance al Mar del Este (Mar de Jap\u00f3n) desde su costa este, informaron fuentes del","og_url":"https:\/\/www.pressenza.com\/es\/2013\/05\/corea-del-norte-disparo-un-nuevo-misil-desde-su-costa-este\/","og_site_name":"Pressenza","article_publisher":"https:\/\/www.facebook.com\/PressenzaItalia","article_author":"https:\/\/www.facebook.com\/AgenciaTELAM","article_published_time":"2013-05-19T22:53:04+00:00","og_image":[{"width":510,"height":339,"url":"https:\/\/www.pressenza.com\/wp-content\/uploads\/2013\/05\/5198c2a0e3e34_510x339.jpg","type":"image\/jpeg"}],"author":"T\u00e9lam - Agencia Nacional de Noticias de la Rep\u00fablica Argentina","twitter_card":"summary_large_image","twitter_creator":"@AgenciaTelam","twitter_site":"@PressenzaIPA","twitter_misc":{"Escrito por":"T\u00e9lam - Agencia Nacional de Noticias de la Rep\u00fablica Argentina","Tiempo de lectura":"1 minuto"},"schema":{"@context":"https:\/\/schema.org","@graph":[{"@type":"Article","@id":"https:\/\/www.pressenza.com\/es\/2013\/05\/corea-del-norte-disparo-un-nuevo-misil-desde-su-costa-este\/#article","isPartOf":{"@id":"https:\/\/www.pressenza.com\/es\/2013\/05\/corea-del-norte-disparo-un-nuevo-misil-desde-su-costa-este\/"},"author":{"name":"T\u00e9lam - Agencia Nacional de Noticias de la Rep\u00fablica Argentina","@id":"https:\/\/www.pressenza.com\/es\/#\/schema\/person\/f1a879435e38cd8f69eac14ebf21489e"},"headline":"Corea del Norte dispar\u00f3 un nuevo misil desde su costa este","datePublished":"2013-05-19T22:53:04+00:00","mainEntityOfPage":{"@id":"https:\/\/www.pressenza.com\/es\/2013\/05\/corea-del-norte-disparo-un-nuevo-misil-desde-su-costa-este\/"},"wordCount":248,"publisher":{"@id":"https:\/\/www.pressenza.com\/es\/#organization"},"image":{"@id":"https:\/\/www.pressenza.com\/es\/2013\/05\/corea-del-norte-disparo-un-nuevo-misil-desde-su-costa-este\/#primaryimage"},"thumbnailUrl":"https:\/\/www.pressenza.com\/wp-content\/uploads\/2013\/05\/5198c2a0e3e34_510x339.jpg","articleSection":["Asia","Internacional","Paz y Desarme"],"inLanguage":"es"},{"@type":"WebPage","@id":"https:\/\/www.pressenza.com\/es\/2013\/05\/corea-del-norte-disparo-un-nuevo-misil-desde-su-costa-este\/","url":"https:\/\/www.pressenza.com\/es\/2013\/05\/corea-del-norte-disparo-un-nuevo-misil-desde-su-costa-este\/","name":"Corea del Norte dispar\u00f3 un nuevo misil desde su costa este","isPartOf":{"@id":"https:\/\/www.pressenza.com\/es\/#website"},"primaryImageOfPage":{"@id":"https:\/\/www.pressenza.com\/es\/2013\/05\/corea-del-norte-disparo-un-nuevo-misil-desde-su-costa-este\/#primaryimage"},"image":{"@id":"https:\/\/www.pressenza.com\/es\/2013\/05\/corea-del-norte-disparo-un-nuevo-misil-desde-su-costa-este\/#primaryimage"},"thumbnailUrl":"https:\/\/www.pressenza.com\/wp-content\/uploads\/2013\/05\/5198c2a0e3e34_510x339.jpg","datePublished":"2013-05-19T22:53:04+00:00","description":"Corea del Norte lanz\u00f3 hoy por segundo d\u00eda consecutivo un misil de corto alcance al Mar del Este (Mar de Jap\u00f3n) desde su costa este, informaron fuentes del","breadcrumb":{"@id":"https:\/\/www.pressenza.com\/es\/2013\/05\/corea-del-norte-disparo-un-nuevo-misil-desde-su-costa-este\/#breadcrumb"},"inLanguage":"es","potentialAction":[{"@type":"ReadAction","target":["https:\/\/www.pressenza.com\/es\/2013\/05\/corea-del-norte-disparo-un-nuevo-misil-desde-su-costa-este\/"]}]},{"@type":"ImageObject","inLanguage":"es","@id":"https:\/\/www.pressenza.com\/es\/2013\/05\/corea-del-norte-disparo-un-nuevo-misil-desde-su-costa-este\/#primaryimage","url":"https:\/\/www.pressenza.com\/wp-content\/uploads\/2013\/05\/5198c2a0e3e34_510x339.jpg","contentUrl":"https:\/\/www.pressenza.com\/wp-content\/uploads\/2013\/05\/5198c2a0e3e34_510x339.jpg","width":510,"height":339},{"@type":"BreadcrumbList","@id":"https:\/\/www.pressenza.com\/es\/2013\/05\/corea-del-norte-disparo-un-nuevo-misil-desde-su-costa-este\/#breadcrumb","itemListElement":[{"@type":"ListItem","position":1,"name":"Accueil","item":"https:\/\/www.pressenza.com\/es\/"},{"@type":"ListItem","position":2,"name":"Corea del Norte dispar\u00f3 un nuevo misil desde su costa este"}]},{"@type":"WebSite","@id":"https:\/\/www.pressenza.com\/es\/#website","url":"https:\/\/www.pressenza.com\/es\/","name":"Pressenza","description":"International Press Agency","publisher":{"@id":"https:\/\/www.pressenza.com\/es\/#organization"},"potentialAction":[{"@type":"SearchAction","target":{"@type":"EntryPoint","urlTemplate":"https:\/\/www.pressenza.com\/es\/?s={search_term_string}"},"query-input":{"@type":"PropertyValueSpecification","valueRequired":true,"valueName":"search_term_string"}}],"inLanguage":"es"},{"@type":"Organization","@id":"https:\/\/www.pressenza.com\/es\/#organization","name":"Pressenza","url":"https:\/\/www.pressenza.com\/es\/","logo":{"@type":"ImageObject","inLanguage":"es","@id":"https:\/\/www.pressenza.com\/es\/#\/schema\/logo\/image\/","url":"https:\/\/www.pressenza.com\/wp-content\/uploads\/2022\/10\/pressenza_logo_200x200.jpg","contentUrl":"https:\/\/www.pressenza.com\/wp-content\/uploads\/2022\/10\/pressenza_logo_200x200.jpg","width":200,"height":200,"caption":"Pressenza"},"image":{"@id":"https:\/\/www.pressenza.com\/es\/#\/schema\/logo\/image\/"},"sameAs":["https:\/\/www.facebook.com\/PressenzaItalia","https:\/\/x.com\/PressenzaIPA"]},{"@type":"Person","@id":"https:\/\/www.pressenza.com\/es\/#\/schema\/person\/f1a879435e38cd8f69eac14ebf21489e","name":"T\u00e9lam - Agencia Nacional de Noticias de la Rep\u00fablica Argentina","description":"T\u00e9lam es una de las grandes agencias de noticias a nivel regional. El prestigio, acceso a fuentes oficiales, la cobertura en todo el territorio nacional y corresponsal\u00edas en el exterior; y la responsabilidad en el tratamiento informativo son caracter\u00edsticas que colocan a T\u00e9lam en referente period\u00edstico confiable y cre\u00edble en el pa\u00eds y en el mundo. Sostiene un servicio actualizado, detallado y original en diversos formatos, las 24 horas del d\u00eda, todos los d\u00edas del a\u00f1o. Es l\u00edder en el mercado nacional y sostiene alianzas a nivel regional y mundial que le permiten expandir los servicios period\u00edsticos. Suministra sus productos v\u00eda on line, tanto a nivel local como internacional. En la actualidad, la Agencia suma a sus servicios tradicionales, nuevos desaf\u00edos a partir de la realizaci\u00f3n de producciones multimedia para diversas plataformas. www.telam.com.ar","sameAs":["https:\/\/www.facebook.com\/AgenciaTELAM","https:\/\/x.com\/AgenciaTelam"],"url":"https:\/\/www.pressenza.com\/es\/author\/telam\/"}]}},"place":"Corea del Norte","original_article_url":"","_links":{"self":[{"href":"https:\/\/www.pressenza.com\/es\/wp-json\/wp\/v2\/posts\/52794","targetHints":{"allow":["GET"]}}],"collection":[{"href":"https:\/\/www.pressenza.com\/es\/wp-json\/wp\/v2\/posts"}],"about":[{"href":"https:\/\/www.pressenza.com\/es\/wp-json\/wp\/v2\/types\/post"}],"author":[{"embeddable":true,"href":"https:\/\/www.pressenza.com\/es\/wp-json\/wp\/v2\/users\/494"}],"replies":[{"embeddable":true,"href":"https:\/\/www.pressenza.com\/es\/wp-json\/wp\/v2\/comments?post=52794"}],"version-history":[{"count":0,"href":"https:\/\/www.pressenza.com\/es\/wp-json\/wp\/v2\/posts\/52794\/revisions"}],"wp:featuredmedia":[{"embeddable":true,"href":"https:\/\/www.pressenza.com\/es\/wp-json\/wp\/v2\/media\/52796"}],"wp:attachment":[{"href":"https:\/\/www.pressenza.com\/es\/wp-json\/wp\/v2\/media?parent=52794"}],"wp:term":[{"taxonomy":"category","embeddable":true,"href":"https:\/\/www.pressenza.com\/es\/wp-json\/wp\/v2\/categories?post=52794"},{"taxonomy":"post_tag","embeddable":true,"href":"https:\/\/www.pressenza.com\/es\/wp-json\/wp\/v2\/tags?post=52794"}],"curies":[{"name":"wp","href":"https:\/\/api.w.org\/{rel}","templated":true}]}}