{"id":52788,"date":"2013-05-19T23:49:19","date_gmt":"2013-05-19T22:49:19","guid":{"rendered":"http:\/\/www.pressenza.com\/?p=52788"},"modified":"2013-05-19T23:50:17","modified_gmt":"2013-05-19T22:50:17","slug":"cristina-en-estos-diez-anos-el-egreso-de-universidades-ha-crecido-en-un-68","status":"publish","type":"post","link":"https:\/\/www.pressenza.com\/es\/2013\/05\/cristina-en-estos-diez-anos-el-egreso-de-universidades-ha-crecido-en-un-68\/","title":{"rendered":"Cristina: \u00abEn estos diez a\u00f1os, el egreso de universidades ha crecido en un 68%\u00bb"},"content":{"rendered":"<p style=\"text-align: justify;\">La presidenta Cristina Fern\u00e1ndez de Kirchner destac\u00f3 el crecimiento de las universidades p\u00fablicas en los \u00faltimos diez a\u00f1os, junto con la creaci\u00f3n de 9 casas de altos estudios y el desarrollo de las que ya exist\u00edan pero se encontraban desfinanciadas.<\/p>\n<p style=\"text-align: justify;\">As\u00ed se refiri\u00f3 la Presidenta desde su cuenta de Twitter <a href=\"https:\/\/twitter.com\/CFKArgentina\" target=\"_blank\">@CFKArgentina<\/a>, al nuevo mapa universitario nacional: \u00abEn estos 10 a\u00f1os el egreso de las universidades ha crecido en un 68%. Esto es inclusi\u00f3n social y movilidad social ascendente\u00bb.<\/p>\n<p style=\"text-align: justify;\">Cristina destac\u00f3 adem\u00e1s la importancia de la creaci\u00f3n de las nuevas Universidades, y el crecimiento de las que ya exist\u00edan, citando como ejemplo el caso de La Matanza: \u00abEn la Universidad de La Matanza hay 46 mil alumnos, el 90% son la 1\u00b0 generaci\u00f3n de universitarios y el 70% provienen de hogares humildes\u00bb.<\/p>\n<p>\u00abEsto es una conquista social, y las conquistas sociales se cuidan y se defienden todos los d\u00edas, en los barrios, en las calles\u00bb, sostuvo la jefa de Estado.<\/p>\n<p>La Presidenta repas\u00f3 hoy -a trav\u00e9s de Twitter- la agenda de actividades de la semana pasada y subray\u00f3 que el crecimiento de la regi\u00f3n es \u00abla de los gobiernos que creen en la igualdad, que creen que todos deben tener la misma oportunidad\u00bb a diferencia de \u00abla de los gobiernos populistas, que nos dicen por ah\u00ed\u00bb.<\/p>\n<p>A trav\u00e9s de su cuenta en la red social, la mandatar\u00eda se refiri\u00f3 al Congreso Nacional de Democratizaci\u00f3n de la Justicia realizado en la Universidad de La Matanza.<\/p>\n<p>\u00abEl martes, debate por la democratizaci\u00f3n de la justicia en La Matanza, la sociedad interpelando a uno de los poderes del Estado\u00bb, afirm\u00f3.<\/p>\n<p>\u00abNos acompa\u00f1aron magistrados de todo el pa\u00eds, fiscales, acad\u00e9micos, periodistas, j\u00f3venes, organizaciones sociales\u00bb, agreg\u00f3.<\/p>\n<p>\u00abCiudadanos y ciudadanas, en definitiva, todos. Estuvieron presentes en los paneles, Rosa Bru, Viviam Perrone, Raquel Wittis, Miriam Medina, Susana Trimarco, Estela de Carlotto, Sergio Burstein, Pablo Ferreyra, todos ellos familiares de v\u00edctimas de causas judiciales resonantes\u00bb, explic\u00f3 la mandataria.<\/p>\n<p>\u00abLa justicia no puede tener una agenda medi\u00e1tica, tiene que tener una agenda que es la de la sociedad -afirm\u00f3 la jefa de Estado-.\u00a0Castigar a los que sean culpables, cualquiera sea su posici\u00f3n social, corporativa o pol\u00edtica.\u00bb<\/p>\n<p>Consider\u00f3 que es necesario \u00abuna justicia con mayor igualdad, no puede ser que quien tiene dinero o poder sobre jueces o fiscales, obtenga ventaja.\u00bb<\/p>\n<p>\u00abQueremos tambi\u00e9n, una Justicia que con el mismo rigor acometa tambi\u00e9n contra las corporaciones que han devastado el pa\u00eds, que lo han saboteado\u00bb, subray\u00f3.<\/p>\n<p>A continuaci\u00f3n, se refiri\u00f3 a la reuni\u00f3n por el cierre de las paritarias que se dieron en la semana.<\/p>\n<p>\u00abNos reunimos con 6 gremios que alcanzaron acuerdos salariales, UOM, UPCN, Suterh, Comercio, La Bancaria, y Saneamiento\u00bb, relat\u00f3.<\/p>\n<p>Se refiri\u00f3 a \u00abacuerdos que cubren a m\u00e1s de 2 millones de trabajadores, el 40 por ciento de trabajadores comprendidos en convenios\u00bb.<\/p>\n<p>\u00abSe suman a los convenios que ya se han cerrado en transporte ferroviario, de cargas, de pasajeros de corta y larga distancia\u00bb, detall\u00f3 la mandataria.<\/p>\n<p>Luego de repasar la inauguraci\u00f3n del edificio municipal de Ituzaing\u00f3, la pavimentaci\u00f3n del Camino de los 7 Lagos (39 km.) en Villa La Angostura, los nuevos jardines de infantes en Tigre y las obras de ampliaci\u00f3n de la Universidad Tecnol\u00f3gica Nacional en Pacheco que tuvieron lugar esta semana, record\u00f3 que \u00abla UTN, antes que le cambiaran el nombre all\u00e1 por el 59, era la Universidad Obrera Argentina, creada por Per\u00f3n y sancionada por el congreso\u00bb.<\/p>\n<p>\u00abTambi\u00e9n recibimos la visita del ex presidente de Brasil Lula da Silva, art\u00edfice junto a N\u00e9stor y Hugo de integraci\u00f3n latinoamericana in\u00e9dita\u00bb, se\u00f1al\u00f3 y calific\u00f3 de \u00abmemorable a la frase refiri\u00e9ndose a la prensa en su discurso durante la inauguraci\u00f3n que compartimos de la UMET\u00bb.<\/p>\n<p style=\"text-align: justify;\">Tras se\u00f1alar que el \u00abpresupuesto que en 2003 era de apenas 118 millones para toda la UTN, en 2012 fue de 1500 millones de pesos, un 1174 por ciento m\u00e1s\u00bb y destacar que el \u00abconvenio entre la UTN y Volkswagen permiti\u00f3 la creaci\u00f3n de 2 nuevos t\u00edtulos: tecnicatura en mec\u00e1nica automotriz e ingenier\u00eda automotriz\u00bb, la Presidenta resalt\u00f3 que \u00aben la Argentina creamos 9 nuevas universidades, que permitieron que miles de chicos sean la primera generaci\u00f3n de universitarios\u00bb.<\/p>\n<p>En sinton\u00eda con su discurso del d\u00eda jueves, Cristina escribi\u00f3: \u00abEsta es la Argentina que ha crecido junto con el resto de sus hermanos sudamericanos. La de los gobiernos populistas, que nos dicen por ah\u00ed.\u00a0Yo digo: la de los gobiernos que creen en la igualdad, que creen que todos deben tener la misma oportunidad\u00bb.<\/p>\n<p>\u00abEsto es una conquista social, y las conquistas sociales se cuidan y se defienden todos los d\u00edas, en los barrios, en las calles.\u00a0Frente a los que no comprenden pero alg\u00fan d\u00eda comprender\u00e1n que es necesario incluir a los 40 millones de argentinos\u00bb, agreg\u00f3.<\/p>\n<p>\u00abAh, no quiero olvidarme de nada de lo que pas\u00f3 esta semana. Gracias N\u00e9stor, vos sab\u00e9s por qu\u00e9\u00bb, concluy\u00f3 la Presidenta.<\/p>\n","protected":false},"excerpt":{"rendered":"<p>La presidenta Cristina Fern\u00e1ndez de Kirchner destac\u00f3 el crecimiento de las universidades p\u00fablicas en los \u00faltimos diez a\u00f1os, junto con la creaci\u00f3n de 9 casas de altos estudios y el desarrollo de las que ya exist\u00edan pero se encontraban desfinanciadas.&hellip;<\/p>\n","protected":false},"author":494,"featured_media":52791,"comment_status":"closed","ping_status":"open","sticky":false,"template":"","format":"standard","meta":{"footnotes":""},"categories":[1230,67],"tags":[1146],"class_list":["post-52788","post","type-post","status-publish","format-standard","has-post-thumbnail","hentry","category-educacion-tema","category-sudamerica","tag-cristina-fernandez-de-kirchner"],"yoast_head":"<!-- This site is optimized with the Yoast SEO plugin v27.1.1 - https:\/\/yoast.com\/product\/yoast-seo-wordpress\/ -->\n<title>Cristina: &quot;En estos diez a\u00f1os, el egreso de universidades ha crecido en un 68%&quot;<\/title>\n<meta name=\"description\" content=\"La presidenta Cristina Fern\u00e1ndez de Kirchner destac\u00f3 el crecimiento de las universidades p\u00fablicas en los \u00faltimos diez a\u00f1os, junto con la creaci\u00f3n de 9\" \/>\n<meta name=\"robots\" content=\"index, follow, max-snippet:-1, max-image-preview:large, max-video-preview:-1\" \/>\n<link rel=\"canonical\" href=\"https:\/\/www.pressenza.com\/es\/2013\/05\/cristina-en-estos-diez-anos-el-egreso-de-universidades-ha-crecido-en-un-68\/\" \/>\n<meta property=\"og:locale\" content=\"es_ES\" \/>\n<meta property=\"og:type\" content=\"article\" \/>\n<meta property=\"og:title\" content=\"Cristina: &quot;En estos diez a\u00f1os, el egreso de universidades ha crecido en un 68%&quot;\" \/>\n<meta property=\"og:description\" content=\"La presidenta Cristina Fern\u00e1ndez de Kirchner destac\u00f3 el crecimiento de las universidades p\u00fablicas en los \u00faltimos diez a\u00f1os, junto con la creaci\u00f3n de 9\" \/>\n<meta property=\"og:url\" content=\"https:\/\/www.pressenza.com\/es\/2013\/05\/cristina-en-estos-diez-anos-el-egreso-de-universidades-ha-crecido-en-un-68\/\" \/>\n<meta property=\"og:site_name\" content=\"Pressenza\" \/>\n<meta property=\"article:publisher\" content=\"https:\/\/www.facebook.com\/PressenzaItalia\" \/>\n<meta property=\"article:author\" content=\"https:\/\/www.facebook.com\/AgenciaTELAM\" \/>\n<meta property=\"article:published_time\" content=\"2013-05-19T22:49:19+00:00\" \/>\n<meta property=\"article:modified_time\" content=\"2013-05-19T22:50:17+00:00\" \/>\n<meta property=\"og:image\" content=\"https:\/\/www.pressenza.com\/wp-content\/uploads\/2013\/05\/51957ce95bce1_320x214.jpg\" \/>\n\t<meta property=\"og:image:width\" content=\"320\" \/>\n\t<meta property=\"og:image:height\" content=\"214\" \/>\n\t<meta property=\"og:image:type\" content=\"image\/jpeg\" \/>\n<meta name=\"author\" content=\"T\u00e9lam - Agencia Nacional de Noticias de la Rep\u00fablica Argentina\" \/>\n<meta name=\"twitter:card\" content=\"summary_large_image\" \/>\n<meta name=\"twitter:creator\" content=\"@AgenciaTelam\" \/>\n<meta name=\"twitter:site\" content=\"@PressenzaIPA\" \/>\n<meta name=\"twitter:label1\" content=\"Escrito por\" \/>\n\t<meta name=\"twitter:data1\" content=\"T\u00e9lam - Agencia Nacional de Noticias de la Rep\u00fablica Argentina\" \/>\n\t<meta name=\"twitter:label2\" content=\"Tiempo de lectura\" \/>\n\t<meta name=\"twitter:data2\" content=\"4 minutos\" \/>\n<script type=\"application\/ld+json\" class=\"yoast-schema-graph\">{\"@context\":\"https:\/\/schema.org\",\"@graph\":[{\"@type\":\"Article\",\"@id\":\"https:\/\/www.pressenza.com\/es\/2013\/05\/cristina-en-estos-diez-anos-el-egreso-de-universidades-ha-crecido-en-un-68\/#article\",\"isPartOf\":{\"@id\":\"https:\/\/www.pressenza.com\/es\/2013\/05\/cristina-en-estos-diez-anos-el-egreso-de-universidades-ha-crecido-en-un-68\/\"},\"author\":{\"name\":\"T\u00e9lam - Agencia Nacional de Noticias de la Rep\u00fablica Argentina\",\"@id\":\"https:\/\/www.pressenza.com\/es\/#\/schema\/person\/f1a879435e38cd8f69eac14ebf21489e\"},\"headline\":\"Cristina: \u00abEn estos diez a\u00f1os, el egreso de universidades ha crecido en un 68%\u00bb\",\"datePublished\":\"2013-05-19T22:49:19+00:00\",\"dateModified\":\"2013-05-19T22:50:17+00:00\",\"mainEntityOfPage\":{\"@id\":\"https:\/\/www.pressenza.com\/es\/2013\/05\/cristina-en-estos-diez-anos-el-egreso-de-universidades-ha-crecido-en-un-68\/\"},\"wordCount\":860,\"publisher\":{\"@id\":\"https:\/\/www.pressenza.com\/es\/#organization\"},\"image\":{\"@id\":\"https:\/\/www.pressenza.com\/es\/2013\/05\/cristina-en-estos-diez-anos-el-egreso-de-universidades-ha-crecido-en-un-68\/#primaryimage\"},\"thumbnailUrl\":\"https:\/\/www.pressenza.com\/wp-content\/uploads\/2013\/05\/51957ce95bce1_320x214.jpg\",\"keywords\":[\"Cristina Fernandez de Kirchner\"],\"articleSection\":[\"Educaci\u00f3n\",\"Sudam\u00e9rica\"],\"inLanguage\":\"es\"},{\"@type\":\"WebPage\",\"@id\":\"https:\/\/www.pressenza.com\/es\/2013\/05\/cristina-en-estos-diez-anos-el-egreso-de-universidades-ha-crecido-en-un-68\/\",\"url\":\"https:\/\/www.pressenza.com\/es\/2013\/05\/cristina-en-estos-diez-anos-el-egreso-de-universidades-ha-crecido-en-un-68\/\",\"name\":\"Cristina: \\\"En estos diez a\u00f1os, el egreso de universidades ha crecido en un 68%\\\"\",\"isPartOf\":{\"@id\":\"https:\/\/www.pressenza.com\/es\/#website\"},\"primaryImageOfPage\":{\"@id\":\"https:\/\/www.pressenza.com\/es\/2013\/05\/cristina-en-estos-diez-anos-el-egreso-de-universidades-ha-crecido-en-un-68\/#primaryimage\"},\"image\":{\"@id\":\"https:\/\/www.pressenza.com\/es\/2013\/05\/cristina-en-estos-diez-anos-el-egreso-de-universidades-ha-crecido-en-un-68\/#primaryimage\"},\"thumbnailUrl\":\"https:\/\/www.pressenza.com\/wp-content\/uploads\/2013\/05\/51957ce95bce1_320x214.jpg\",\"datePublished\":\"2013-05-19T22:49:19+00:00\",\"dateModified\":\"2013-05-19T22:50:17+00:00\",\"description\":\"La presidenta Cristina Fern\u00e1ndez de Kirchner destac\u00f3 el crecimiento de las universidades p\u00fablicas en los \u00faltimos diez a\u00f1os, junto con la creaci\u00f3n de 9\",\"breadcrumb\":{\"@id\":\"https:\/\/www.pressenza.com\/es\/2013\/05\/cristina-en-estos-diez-anos-el-egreso-de-universidades-ha-crecido-en-un-68\/#breadcrumb\"},\"inLanguage\":\"es\",\"potentialAction\":[{\"@type\":\"ReadAction\",\"target\":[\"https:\/\/www.pressenza.com\/es\/2013\/05\/cristina-en-estos-diez-anos-el-egreso-de-universidades-ha-crecido-en-un-68\/\"]}]},{\"@type\":\"ImageObject\",\"inLanguage\":\"es\",\"@id\":\"https:\/\/www.pressenza.com\/es\/2013\/05\/cristina-en-estos-diez-anos-el-egreso-de-universidades-ha-crecido-en-un-68\/#primaryimage\",\"url\":\"https:\/\/www.pressenza.com\/wp-content\/uploads\/2013\/05\/51957ce95bce1_320x214.jpg\",\"contentUrl\":\"https:\/\/www.pressenza.com\/wp-content\/uploads\/2013\/05\/51957ce95bce1_320x214.jpg\",\"width\":320,\"height\":214},{\"@type\":\"BreadcrumbList\",\"@id\":\"https:\/\/www.pressenza.com\/es\/2013\/05\/cristina-en-estos-diez-anos-el-egreso-de-universidades-ha-crecido-en-un-68\/#breadcrumb\",\"itemListElement\":[{\"@type\":\"ListItem\",\"position\":1,\"name\":\"Accueil\",\"item\":\"https:\/\/www.pressenza.com\/es\/\"},{\"@type\":\"ListItem\",\"position\":2,\"name\":\"Cristina: \u00abEn estos diez a\u00f1os, el egreso de universidades ha crecido en un 68%\u00bb\"}]},{\"@type\":\"WebSite\",\"@id\":\"https:\/\/www.pressenza.com\/es\/#website\",\"url\":\"https:\/\/www.pressenza.com\/es\/\",\"name\":\"Pressenza\",\"description\":\"International Press Agency\",\"publisher\":{\"@id\":\"https:\/\/www.pressenza.com\/es\/#organization\"},\"potentialAction\":[{\"@type\":\"SearchAction\",\"target\":{\"@type\":\"EntryPoint\",\"urlTemplate\":\"https:\/\/www.pressenza.com\/es\/?s={search_term_string}\"},\"query-input\":{\"@type\":\"PropertyValueSpecification\",\"valueRequired\":true,\"valueName\":\"search_term_string\"}}],\"inLanguage\":\"es\"},{\"@type\":\"Organization\",\"@id\":\"https:\/\/www.pressenza.com\/es\/#organization\",\"name\":\"Pressenza\",\"url\":\"https:\/\/www.pressenza.com\/es\/\",\"logo\":{\"@type\":\"ImageObject\",\"inLanguage\":\"es\",\"@id\":\"https:\/\/www.pressenza.com\/es\/#\/schema\/logo\/image\/\",\"url\":\"https:\/\/www.pressenza.com\/wp-content\/uploads\/2022\/10\/pressenza_logo_200x200.jpg\",\"contentUrl\":\"https:\/\/www.pressenza.com\/wp-content\/uploads\/2022\/10\/pressenza_logo_200x200.jpg\",\"width\":200,\"height\":200,\"caption\":\"Pressenza\"},\"image\":{\"@id\":\"https:\/\/www.pressenza.com\/es\/#\/schema\/logo\/image\/\"},\"sameAs\":[\"https:\/\/www.facebook.com\/PressenzaItalia\",\"https:\/\/x.com\/PressenzaIPA\"]},{\"@type\":\"Person\",\"@id\":\"https:\/\/www.pressenza.com\/es\/#\/schema\/person\/f1a879435e38cd8f69eac14ebf21489e\",\"name\":\"T\u00e9lam - Agencia Nacional de Noticias de la Rep\u00fablica Argentina\",\"description\":\"T\u00e9lam es una de las grandes agencias de noticias a nivel regional. El prestigio, acceso a fuentes oficiales, la cobertura en todo el territorio nacional y corresponsal\u00edas en el exterior; y la responsabilidad en el tratamiento informativo son caracter\u00edsticas que colocan a T\u00e9lam en referente period\u00edstico confiable y cre\u00edble en el pa\u00eds y en el mundo. Sostiene un servicio actualizado, detallado y original en diversos formatos, las 24 horas del d\u00eda, todos los d\u00edas del a\u00f1o. Es l\u00edder en el mercado nacional y sostiene alianzas a nivel regional y mundial que le permiten expandir los servicios period\u00edsticos. Suministra sus productos v\u00eda on line, tanto a nivel local como internacional. En la actualidad, la Agencia suma a sus servicios tradicionales, nuevos desaf\u00edos a partir de la realizaci\u00f3n de producciones multimedia para diversas plataformas. www.telam.com.ar\",\"sameAs\":[\"https:\/\/www.facebook.com\/AgenciaTELAM\",\"https:\/\/x.com\/AgenciaTelam\"],\"url\":\"https:\/\/www.pressenza.com\/es\/author\/telam\/\"}]}<\/script>\n<!-- \/ Yoast SEO plugin. -->","yoast_head_json":{"title":"Cristina: \"En estos diez a\u00f1os, el egreso de universidades ha crecido en un 68%\"","description":"La presidenta Cristina Fern\u00e1ndez de Kirchner destac\u00f3 el crecimiento de las universidades p\u00fablicas en los \u00faltimos diez a\u00f1os, junto con la creaci\u00f3n de 9","robots":{"index":"index","follow":"follow","max-snippet":"max-snippet:-1","max-image-preview":"max-image-preview:large","max-video-preview":"max-video-preview:-1"},"canonical":"https:\/\/www.pressenza.com\/es\/2013\/05\/cristina-en-estos-diez-anos-el-egreso-de-universidades-ha-crecido-en-un-68\/","og_locale":"es_ES","og_type":"article","og_title":"Cristina: \"En estos diez a\u00f1os, el egreso de universidades ha crecido en un 68%\"","og_description":"La presidenta Cristina Fern\u00e1ndez de Kirchner destac\u00f3 el crecimiento de las universidades p\u00fablicas en los \u00faltimos diez a\u00f1os, junto con la creaci\u00f3n de 9","og_url":"https:\/\/www.pressenza.com\/es\/2013\/05\/cristina-en-estos-diez-anos-el-egreso-de-universidades-ha-crecido-en-un-68\/","og_site_name":"Pressenza","article_publisher":"https:\/\/www.facebook.com\/PressenzaItalia","article_author":"https:\/\/www.facebook.com\/AgenciaTELAM","article_published_time":"2013-05-19T22:49:19+00:00","article_modified_time":"2013-05-19T22:50:17+00:00","og_image":[{"width":320,"height":214,"url":"https:\/\/www.pressenza.com\/wp-content\/uploads\/2013\/05\/51957ce95bce1_320x214.jpg","type":"image\/jpeg"}],"author":"T\u00e9lam - Agencia Nacional de Noticias de la Rep\u00fablica Argentina","twitter_card":"summary_large_image","twitter_creator":"@AgenciaTelam","twitter_site":"@PressenzaIPA","twitter_misc":{"Escrito por":"T\u00e9lam - Agencia Nacional de Noticias de la Rep\u00fablica Argentina","Tiempo de lectura":"4 minutos"},"schema":{"@context":"https:\/\/schema.org","@graph":[{"@type":"Article","@id":"https:\/\/www.pressenza.com\/es\/2013\/05\/cristina-en-estos-diez-anos-el-egreso-de-universidades-ha-crecido-en-un-68\/#article","isPartOf":{"@id":"https:\/\/www.pressenza.com\/es\/2013\/05\/cristina-en-estos-diez-anos-el-egreso-de-universidades-ha-crecido-en-un-68\/"},"author":{"name":"T\u00e9lam - Agencia Nacional de Noticias de la Rep\u00fablica Argentina","@id":"https:\/\/www.pressenza.com\/es\/#\/schema\/person\/f1a879435e38cd8f69eac14ebf21489e"},"headline":"Cristina: \u00abEn estos diez a\u00f1os, el egreso de universidades ha crecido en un 68%\u00bb","datePublished":"2013-05-19T22:49:19+00:00","dateModified":"2013-05-19T22:50:17+00:00","mainEntityOfPage":{"@id":"https:\/\/www.pressenza.com\/es\/2013\/05\/cristina-en-estos-diez-anos-el-egreso-de-universidades-ha-crecido-en-un-68\/"},"wordCount":860,"publisher":{"@id":"https:\/\/www.pressenza.com\/es\/#organization"},"image":{"@id":"https:\/\/www.pressenza.com\/es\/2013\/05\/cristina-en-estos-diez-anos-el-egreso-de-universidades-ha-crecido-en-un-68\/#primaryimage"},"thumbnailUrl":"https:\/\/www.pressenza.com\/wp-content\/uploads\/2013\/05\/51957ce95bce1_320x214.jpg","keywords":["Cristina Fernandez de Kirchner"],"articleSection":["Educaci\u00f3n","Sudam\u00e9rica"],"inLanguage":"es"},{"@type":"WebPage","@id":"https:\/\/www.pressenza.com\/es\/2013\/05\/cristina-en-estos-diez-anos-el-egreso-de-universidades-ha-crecido-en-un-68\/","url":"https:\/\/www.pressenza.com\/es\/2013\/05\/cristina-en-estos-diez-anos-el-egreso-de-universidades-ha-crecido-en-un-68\/","name":"Cristina: \"En estos diez a\u00f1os, el egreso de universidades ha crecido en un 68%\"","isPartOf":{"@id":"https:\/\/www.pressenza.com\/es\/#website"},"primaryImageOfPage":{"@id":"https:\/\/www.pressenza.com\/es\/2013\/05\/cristina-en-estos-diez-anos-el-egreso-de-universidades-ha-crecido-en-un-68\/#primaryimage"},"image":{"@id":"https:\/\/www.pressenza.com\/es\/2013\/05\/cristina-en-estos-diez-anos-el-egreso-de-universidades-ha-crecido-en-un-68\/#primaryimage"},"thumbnailUrl":"https:\/\/www.pressenza.com\/wp-content\/uploads\/2013\/05\/51957ce95bce1_320x214.jpg","datePublished":"2013-05-19T22:49:19+00:00","dateModified":"2013-05-19T22:50:17+00:00","description":"La presidenta Cristina Fern\u00e1ndez de Kirchner destac\u00f3 el crecimiento de las universidades p\u00fablicas en los \u00faltimos diez a\u00f1os, junto con la creaci\u00f3n de 9","breadcrumb":{"@id":"https:\/\/www.pressenza.com\/es\/2013\/05\/cristina-en-estos-diez-anos-el-egreso-de-universidades-ha-crecido-en-un-68\/#breadcrumb"},"inLanguage":"es","potentialAction":[{"@type":"ReadAction","target":["https:\/\/www.pressenza.com\/es\/2013\/05\/cristina-en-estos-diez-anos-el-egreso-de-universidades-ha-crecido-en-un-68\/"]}]},{"@type":"ImageObject","inLanguage":"es","@id":"https:\/\/www.pressenza.com\/es\/2013\/05\/cristina-en-estos-diez-anos-el-egreso-de-universidades-ha-crecido-en-un-68\/#primaryimage","url":"https:\/\/www.pressenza.com\/wp-content\/uploads\/2013\/05\/51957ce95bce1_320x214.jpg","contentUrl":"https:\/\/www.pressenza.com\/wp-content\/uploads\/2013\/05\/51957ce95bce1_320x214.jpg","width":320,"height":214},{"@type":"BreadcrumbList","@id":"https:\/\/www.pressenza.com\/es\/2013\/05\/cristina-en-estos-diez-anos-el-egreso-de-universidades-ha-crecido-en-un-68\/#breadcrumb","itemListElement":[{"@type":"ListItem","position":1,"name":"Accueil","item":"https:\/\/www.pressenza.com\/es\/"},{"@type":"ListItem","position":2,"name":"Cristina: \u00abEn estos diez a\u00f1os, el egreso de universidades ha crecido en un 68%\u00bb"}]},{"@type":"WebSite","@id":"https:\/\/www.pressenza.com\/es\/#website","url":"https:\/\/www.pressenza.com\/es\/","name":"Pressenza","description":"International Press Agency","publisher":{"@id":"https:\/\/www.pressenza.com\/es\/#organization"},"potentialAction":[{"@type":"SearchAction","target":{"@type":"EntryPoint","urlTemplate":"https:\/\/www.pressenza.com\/es\/?s={search_term_string}"},"query-input":{"@type":"PropertyValueSpecification","valueRequired":true,"valueName":"search_term_string"}}],"inLanguage":"es"},{"@type":"Organization","@id":"https:\/\/www.pressenza.com\/es\/#organization","name":"Pressenza","url":"https:\/\/www.pressenza.com\/es\/","logo":{"@type":"ImageObject","inLanguage":"es","@id":"https:\/\/www.pressenza.com\/es\/#\/schema\/logo\/image\/","url":"https:\/\/www.pressenza.com\/wp-content\/uploads\/2022\/10\/pressenza_logo_200x200.jpg","contentUrl":"https:\/\/www.pressenza.com\/wp-content\/uploads\/2022\/10\/pressenza_logo_200x200.jpg","width":200,"height":200,"caption":"Pressenza"},"image":{"@id":"https:\/\/www.pressenza.com\/es\/#\/schema\/logo\/image\/"},"sameAs":["https:\/\/www.facebook.com\/PressenzaItalia","https:\/\/x.com\/PressenzaIPA"]},{"@type":"Person","@id":"https:\/\/www.pressenza.com\/es\/#\/schema\/person\/f1a879435e38cd8f69eac14ebf21489e","name":"T\u00e9lam - Agencia Nacional de Noticias de la Rep\u00fablica Argentina","description":"T\u00e9lam es una de las grandes agencias de noticias a nivel regional. El prestigio, acceso a fuentes oficiales, la cobertura en todo el territorio nacional y corresponsal\u00edas en el exterior; y la responsabilidad en el tratamiento informativo son caracter\u00edsticas que colocan a T\u00e9lam en referente period\u00edstico confiable y cre\u00edble en el pa\u00eds y en el mundo. Sostiene un servicio actualizado, detallado y original en diversos formatos, las 24 horas del d\u00eda, todos los d\u00edas del a\u00f1o. Es l\u00edder en el mercado nacional y sostiene alianzas a nivel regional y mundial que le permiten expandir los servicios period\u00edsticos. Suministra sus productos v\u00eda on line, tanto a nivel local como internacional. En la actualidad, la Agencia suma a sus servicios tradicionales, nuevos desaf\u00edos a partir de la realizaci\u00f3n de producciones multimedia para diversas plataformas. www.telam.com.ar","sameAs":["https:\/\/www.facebook.com\/AgenciaTELAM","https:\/\/x.com\/AgenciaTelam"],"url":"https:\/\/www.pressenza.com\/es\/author\/telam\/"}]}},"place":"Buenos Aires","original_article_url":"","_links":{"self":[{"href":"https:\/\/www.pressenza.com\/es\/wp-json\/wp\/v2\/posts\/52788","targetHints":{"allow":["GET"]}}],"collection":[{"href":"https:\/\/www.pressenza.com\/es\/wp-json\/wp\/v2\/posts"}],"about":[{"href":"https:\/\/www.pressenza.com\/es\/wp-json\/wp\/v2\/types\/post"}],"author":[{"embeddable":true,"href":"https:\/\/www.pressenza.com\/es\/wp-json\/wp\/v2\/users\/494"}],"replies":[{"embeddable":true,"href":"https:\/\/www.pressenza.com\/es\/wp-json\/wp\/v2\/comments?post=52788"}],"version-history":[{"count":0,"href":"https:\/\/www.pressenza.com\/es\/wp-json\/wp\/v2\/posts\/52788\/revisions"}],"wp:featuredmedia":[{"embeddable":true,"href":"https:\/\/www.pressenza.com\/es\/wp-json\/wp\/v2\/media\/52791"}],"wp:attachment":[{"href":"https:\/\/www.pressenza.com\/es\/wp-json\/wp\/v2\/media?parent=52788"}],"wp:term":[{"taxonomy":"category","embeddable":true,"href":"https:\/\/www.pressenza.com\/es\/wp-json\/wp\/v2\/categories?post=52788"},{"taxonomy":"post_tag","embeddable":true,"href":"https:\/\/www.pressenza.com\/es\/wp-json\/wp\/v2\/tags?post=52788"}],"curies":[{"name":"wp","href":"https:\/\/api.w.org\/{rel}","templated":true}]}}