{"id":525998,"date":"2017-09-28T11:53:51","date_gmt":"2017-09-28T10:53:51","guid":{"rendered":"https:\/\/www.pressenza.com\/?p=525998\/"},"modified":"2017-11-21T17:45:12","modified_gmt":"2017-11-21T17:45:12","slug":"ada-colau-pide-ayuda-la-ue-mediar-conflicto-catesp","status":"publish","type":"post","link":"https:\/\/www.pressenza.com\/es\/2017\/09\/ada-colau-pide-ayuda-la-ue-mediar-conflicto-catesp\/","title":{"rendered":"Ada Colau pide ayuda a la UE para mediar el conflicto CAT\/ESP"},"content":{"rendered":"<p><em>Ada Colau, alcaldesa de Barcelona, env\u00eda una carta de alarma a 27 alcaldes de la Uni\u00f3n Europea, exponiendo la grave situaci\u00f3n que vive Catalu\u00f1a tras las intervenciones del gobierno espa\u00f1ol, entendiendo que lo que sucede va m\u00e1s all\u00e1 de un mero conflicto espa\u00f1ol y ata\u00f1e al conjunto europeo. Pide un espacio de di\u00e1logo a la Comisi\u00f3n Europea.<\/em><\/p>\n<p>Carta:<br \/>\nEstimado XXX:<\/p>\n<p>Como alcaldesa de Barcelona, te escribo para transmitirte mi preocupaci\u00f3n ante la gravedad de la situaci\u00f3n que estamos viviendo en Catalu\u00f1a, y donde se encuentran en riesgo los derechos y las libertades fundamentales. Ahora mismo, est\u00e1n sucediendo unos hechos graves, sin precedentes en la democracia espa\u00f1ola, que incluyen las amenazas de detenci\u00f3n a setecientos alcaldes, el cierre de webs gubernamentales y de entidades de la sociedad civil, la detenci\u00f3n de altos cargos del Gobierno catal\u00e1n, los interrogatorios y las intimidaciones a directores de centros escolares y el env\u00edo masivo de fuerzas de intervenci\u00f3n policial con el objetivo de impedir que este domingo los ciudadanos de Catalu\u00f1a puedan votar en el refer\u00e9ndum. Ninguna de estas medidas contribuir\u00e1 a solucionar el conflicto catal\u00e1n, un conflicto pol\u00edtico que solo puede ser resuelto por v\u00edas pol\u00edticas; por el contrario, su aplicaci\u00f3n est\u00e1 suponiendo un aumento de la tensi\u00f3n social, as\u00ed como el bloqueo a la posibilidad de encontrar una salida dialogada al conflicto. Pese a no ser independentista y haber criticado la v\u00eda unilateral seguida por el Gobierno catal\u00e1n, me siento alarmada ante la respuesta represiva que ha emprendido el Gobierno espa\u00f1ol para impedir el refer\u00e9ndum del 1 de octubre, lo que supone un \u201csalto cualitativo\u201d en la estrategia de judicializaci\u00f3n del conflicto catal\u00e1n.<\/p>\n<p>Ante la negativa del Gobierno de Rajoy a encontrar una soluci\u00f3n acordada para el conflicto, la cuesti\u00f3n catalana ya no puede ser considerada un mero asunto interno espa\u00f1ol, y debe abordarse en su justa dimensi\u00f3n europea. Vivimos en una realidad global interconectada, y lo que sucede en Barcelona tiene efectos inmediatos en Madrid, Par\u00eds, Londres y Bruselas. En un momento en que el proyecto europeo se encuentra amenazado por el auge de los populismos xen\u00f3fobos, el terrorismo y diversas formas de repliegue del Estado nacional, Europa no puede desentenderse de una amenaza a los derechos y las libertades fundamentales, cuya protecci\u00f3n y defensa constituye la principal raz\u00f3n de ser del proyecto europeo. En este sentido, te informo de que pedir\u00e9 a la Comisi\u00f3n Europea que abra un espacio de mediaci\u00f3n en el que participen el Gobierno espa\u00f1ol y el Gobierno catal\u00e1n con el fin de buscar una salida dialogada, y en la medida de lo posible, te agradecer\u00eda que trasladaras esta voluntad de di\u00e1logo a todas las instancias que creas conveniente. Barcelona es una ciudad de paz, orgullosa de su diversidad y con una marcada vocaci\u00f3n cosmopolita y europe\u00edsta. Si bien la gran mayor\u00eda de nuestra poblaci\u00f3n quiere votar en un refer\u00e9ndum acordado y con garant\u00edas, no desea un choque de trenes de consecuencias imprevistas. Por este motivo, como alcaldesa de Barcelona, he querido informarte de la situaci\u00f3n presente, consciente de que Europa se construye y se defiende d\u00eda a d\u00eda desde las ciudades y los municipios.<\/p>\n<p>Muy atentamente,<\/p>\n<p>Ada Colau Ballano<br \/>\nAlcaldesa de Barcelona<\/p>\n","protected":false},"excerpt":{"rendered":"<p>Ada Colau, alcaldesa de Barcelona, env\u00eda una carta de alarma a 27 alcaldes de la Uni\u00f3n Europea, exponiendo la grave situaci\u00f3n que vive Catalu\u00f1a tras las intervenciones del gobierno espa\u00f1ol, entendiendo que lo que sucede va m\u00e1s all\u00e1 de un&hellip;<\/p>\n","protected":false},"author":647,"featured_media":526029,"comment_status":"closed","ping_status":"closed","sticky":false,"template":"","format":"standard","meta":{"footnotes":""},"categories":[149,11389,66,74],"tags":[40322,5028,11475,40562,40561,2867],"class_list":["post-525998","post","type-post","status-publish","format-standard","has-post-thumbnail","hentry","category-comunicados-de-prensa","category-contenido-original","category-europa-es","category-politica-es","tag-1oct","tag-ada-colau","tag-barcelona","tag-carta-ada-colau","tag-conflicto-catalan","tag-referendum-es"],"yoast_head":"<!-- This site is optimized with the Yoast SEO plugin v27.1.1 - https:\/\/yoast.com\/product\/yoast-seo-wordpress\/ -->\n<title>Ada Colau pide ayuda a la UE para mediar el conflicto CAT\/ESP<\/title>\n<meta name=\"description\" content=\"Ada Colau, alcaldesa de Barcelona, env\u00eda una carta de alarma a 27 alcaldes de la Uni\u00f3n Europea, exponiendo la grave situaci\u00f3n que vive Catalu\u00f1a tras las\" \/>\n<meta name=\"robots\" content=\"index, follow, max-snippet:-1, max-image-preview:large, max-video-preview:-1\" \/>\n<link rel=\"canonical\" href=\"https:\/\/www.pressenza.com\/es\/2017\/09\/ada-colau-pide-ayuda-la-ue-mediar-conflicto-catesp\/\" \/>\n<meta property=\"og:locale\" content=\"es_ES\" \/>\n<meta property=\"og:type\" content=\"article\" \/>\n<meta property=\"og:title\" content=\"Ada Colau pide ayuda a la UE para mediar el conflicto CAT\/ESP\" \/>\n<meta property=\"og:description\" content=\"Ada Colau, alcaldesa de Barcelona, env\u00eda una carta de alarma a 27 alcaldes de la Uni\u00f3n Europea, exponiendo la grave situaci\u00f3n que vive Catalu\u00f1a tras las\" \/>\n<meta property=\"og:url\" content=\"https:\/\/www.pressenza.com\/es\/2017\/09\/ada-colau-pide-ayuda-la-ue-mediar-conflicto-catesp\/\" \/>\n<meta property=\"og:site_name\" content=\"Pressenza\" \/>\n<meta property=\"article:publisher\" content=\"https:\/\/www.facebook.com\/PressenzaItalia\" \/>\n<meta property=\"article:published_time\" content=\"2017-09-28T10:53:51+00:00\" \/>\n<meta property=\"article:modified_time\" content=\"2017-11-21T17:45:12+00:00\" \/>\n<meta property=\"og:image\" content=\"https:\/\/www.pressenza.com\/wp-content\/uploads\/2017\/09\/IMG_8913.png\" \/>\n\t<meta property=\"og:image:width\" content=\"1136\" \/>\n\t<meta property=\"og:image:height\" content=\"640\" \/>\n\t<meta property=\"og:image:type\" content=\"image\/png\" \/>\n<meta name=\"author\" content=\"Raquel Paricio\" \/>\n<meta name=\"twitter:card\" content=\"summary_large_image\" \/>\n<meta name=\"twitter:creator\" content=\"@PressenzaIPA\" \/>\n<meta name=\"twitter:site\" content=\"@PressenzaIPA\" \/>\n<meta name=\"twitter:label1\" content=\"Escrito por\" \/>\n\t<meta name=\"twitter:data1\" content=\"Raquel Paricio\" \/>\n\t<meta name=\"twitter:label2\" content=\"Tiempo de lectura\" \/>\n\t<meta name=\"twitter:data2\" content=\"3 minutos\" \/>\n<script type=\"application\/ld+json\" class=\"yoast-schema-graph\">{\"@context\":\"https:\/\/schema.org\",\"@graph\":[{\"@type\":\"Article\",\"@id\":\"https:\/\/www.pressenza.com\/es\/2017\/09\/ada-colau-pide-ayuda-la-ue-mediar-conflicto-catesp\/#article\",\"isPartOf\":{\"@id\":\"https:\/\/www.pressenza.com\/es\/2017\/09\/ada-colau-pide-ayuda-la-ue-mediar-conflicto-catesp\/\"},\"author\":{\"name\":\"Raquel Paricio\",\"@id\":\"https:\/\/www.pressenza.com\/es\/#\/schema\/person\/7104466338f7b188aedd367b5e15c977\"},\"headline\":\"Ada Colau pide ayuda a la UE para mediar el conflicto CAT\/ESP\",\"datePublished\":\"2017-09-28T10:53:51+00:00\",\"dateModified\":\"2017-11-21T17:45:12+00:00\",\"mainEntityOfPage\":{\"@id\":\"https:\/\/www.pressenza.com\/es\/2017\/09\/ada-colau-pide-ayuda-la-ue-mediar-conflicto-catesp\/\"},\"wordCount\":593,\"publisher\":{\"@id\":\"https:\/\/www.pressenza.com\/es\/#organization\"},\"image\":{\"@id\":\"https:\/\/www.pressenza.com\/es\/2017\/09\/ada-colau-pide-ayuda-la-ue-mediar-conflicto-catesp\/#primaryimage\"},\"thumbnailUrl\":\"https:\/\/www.pressenza.com\/wp-content\/uploads\/2017\/09\/IMG_8913.png\",\"keywords\":[\"#1Oct\",\"Ada Colau\",\"Barcelona\",\"Carta Ada Colau\",\"Conflicto Catal\u00e1n\",\"referendum\"],\"articleSection\":[\"Comunicados de Prensa\",\"Contenido Original\",\"Europa\",\"Pol\u00edtica\"],\"inLanguage\":\"es\"},{\"@type\":\"WebPage\",\"@id\":\"https:\/\/www.pressenza.com\/es\/2017\/09\/ada-colau-pide-ayuda-la-ue-mediar-conflicto-catesp\/\",\"url\":\"https:\/\/www.pressenza.com\/es\/2017\/09\/ada-colau-pide-ayuda-la-ue-mediar-conflicto-catesp\/\",\"name\":\"Ada Colau pide ayuda a la UE para mediar el conflicto CAT\/ESP\",\"isPartOf\":{\"@id\":\"https:\/\/www.pressenza.com\/es\/#website\"},\"primaryImageOfPage\":{\"@id\":\"https:\/\/www.pressenza.com\/es\/2017\/09\/ada-colau-pide-ayuda-la-ue-mediar-conflicto-catesp\/#primaryimage\"},\"image\":{\"@id\":\"https:\/\/www.pressenza.com\/es\/2017\/09\/ada-colau-pide-ayuda-la-ue-mediar-conflicto-catesp\/#primaryimage\"},\"thumbnailUrl\":\"https:\/\/www.pressenza.com\/wp-content\/uploads\/2017\/09\/IMG_8913.png\",\"datePublished\":\"2017-09-28T10:53:51+00:00\",\"dateModified\":\"2017-11-21T17:45:12+00:00\",\"description\":\"Ada Colau, alcaldesa de Barcelona, env\u00eda una carta de alarma a 27 alcaldes de la Uni\u00f3n Europea, exponiendo la grave situaci\u00f3n que vive Catalu\u00f1a tras las\",\"breadcrumb\":{\"@id\":\"https:\/\/www.pressenza.com\/es\/2017\/09\/ada-colau-pide-ayuda-la-ue-mediar-conflicto-catesp\/#breadcrumb\"},\"inLanguage\":\"es\",\"potentialAction\":[{\"@type\":\"ReadAction\",\"target\":[\"https:\/\/www.pressenza.com\/es\/2017\/09\/ada-colau-pide-ayuda-la-ue-mediar-conflicto-catesp\/\"]}]},{\"@type\":\"ImageObject\",\"inLanguage\":\"es\",\"@id\":\"https:\/\/www.pressenza.com\/es\/2017\/09\/ada-colau-pide-ayuda-la-ue-mediar-conflicto-catesp\/#primaryimage\",\"url\":\"https:\/\/www.pressenza.com\/wp-content\/uploads\/2017\/09\/IMG_8913.png\",\"contentUrl\":\"https:\/\/www.pressenza.com\/wp-content\/uploads\/2017\/09\/IMG_8913.png\",\"width\":1136,\"height\":640},{\"@type\":\"BreadcrumbList\",\"@id\":\"https:\/\/www.pressenza.com\/es\/2017\/09\/ada-colau-pide-ayuda-la-ue-mediar-conflicto-catesp\/#breadcrumb\",\"itemListElement\":[{\"@type\":\"ListItem\",\"position\":1,\"name\":\"Accueil\",\"item\":\"https:\/\/www.pressenza.com\/es\/\"},{\"@type\":\"ListItem\",\"position\":2,\"name\":\"Ada Colau pide ayuda a la UE para mediar el conflicto CAT\/ESP\"}]},{\"@type\":\"WebSite\",\"@id\":\"https:\/\/www.pressenza.com\/es\/#website\",\"url\":\"https:\/\/www.pressenza.com\/es\/\",\"name\":\"Pressenza\",\"description\":\"International Press Agency\",\"publisher\":{\"@id\":\"https:\/\/www.pressenza.com\/es\/#organization\"},\"potentialAction\":[{\"@type\":\"SearchAction\",\"target\":{\"@type\":\"EntryPoint\",\"urlTemplate\":\"https:\/\/www.pressenza.com\/es\/?s={search_term_string}\"},\"query-input\":{\"@type\":\"PropertyValueSpecification\",\"valueRequired\":true,\"valueName\":\"search_term_string\"}}],\"inLanguage\":\"es\"},{\"@type\":\"Organization\",\"@id\":\"https:\/\/www.pressenza.com\/es\/#organization\",\"name\":\"Pressenza\",\"url\":\"https:\/\/www.pressenza.com\/es\/\",\"logo\":{\"@type\":\"ImageObject\",\"inLanguage\":\"es\",\"@id\":\"https:\/\/www.pressenza.com\/es\/#\/schema\/logo\/image\/\",\"url\":\"https:\/\/www.pressenza.com\/wp-content\/uploads\/2022\/10\/pressenza_logo_200x200.jpg\",\"contentUrl\":\"https:\/\/www.pressenza.com\/wp-content\/uploads\/2022\/10\/pressenza_logo_200x200.jpg\",\"width\":200,\"height\":200,\"caption\":\"Pressenza\"},\"image\":{\"@id\":\"https:\/\/www.pressenza.com\/es\/#\/schema\/logo\/image\/\"},\"sameAs\":[\"https:\/\/www.facebook.com\/PressenzaItalia\",\"https:\/\/x.com\/PressenzaIPA\"]},{\"@type\":\"Person\",\"@id\":\"https:\/\/www.pressenza.com\/es\/#\/schema\/person\/7104466338f7b188aedd367b5e15c977\",\"name\":\"Raquel Paricio\",\"description\":\"Docente. Artista. Humanista. Doctora en Arte y Tecnolog\u00eda. Investiga en las diferentes escuelas de meditaci\u00f3n de diferentes culturas.\",\"url\":\"https:\/\/www.pressenza.com\/es\/author\/raquel-paricio\/\"}]}<\/script>\n<!-- \/ Yoast SEO plugin. -->","yoast_head_json":{"title":"Ada Colau pide ayuda a la UE para mediar el conflicto CAT\/ESP","description":"Ada Colau, alcaldesa de Barcelona, env\u00eda una carta de alarma a 27 alcaldes de la Uni\u00f3n Europea, exponiendo la grave situaci\u00f3n que vive Catalu\u00f1a tras las","robots":{"index":"index","follow":"follow","max-snippet":"max-snippet:-1","max-image-preview":"max-image-preview:large","max-video-preview":"max-video-preview:-1"},"canonical":"https:\/\/www.pressenza.com\/es\/2017\/09\/ada-colau-pide-ayuda-la-ue-mediar-conflicto-catesp\/","og_locale":"es_ES","og_type":"article","og_title":"Ada Colau pide ayuda a la UE para mediar el conflicto CAT\/ESP","og_description":"Ada Colau, alcaldesa de Barcelona, env\u00eda una carta de alarma a 27 alcaldes de la Uni\u00f3n Europea, exponiendo la grave situaci\u00f3n que vive Catalu\u00f1a tras las","og_url":"https:\/\/www.pressenza.com\/es\/2017\/09\/ada-colau-pide-ayuda-la-ue-mediar-conflicto-catesp\/","og_site_name":"Pressenza","article_publisher":"https:\/\/www.facebook.com\/PressenzaItalia","article_published_time":"2017-09-28T10:53:51+00:00","article_modified_time":"2017-11-21T17:45:12+00:00","og_image":[{"width":1136,"height":640,"url":"https:\/\/www.pressenza.com\/wp-content\/uploads\/2017\/09\/IMG_8913.png","type":"image\/png"}],"author":"Raquel Paricio","twitter_card":"summary_large_image","twitter_creator":"@PressenzaIPA","twitter_site":"@PressenzaIPA","twitter_misc":{"Escrito por":"Raquel Paricio","Tiempo de lectura":"3 minutos"},"schema":{"@context":"https:\/\/schema.org","@graph":[{"@type":"Article","@id":"https:\/\/www.pressenza.com\/es\/2017\/09\/ada-colau-pide-ayuda-la-ue-mediar-conflicto-catesp\/#article","isPartOf":{"@id":"https:\/\/www.pressenza.com\/es\/2017\/09\/ada-colau-pide-ayuda-la-ue-mediar-conflicto-catesp\/"},"author":{"name":"Raquel Paricio","@id":"https:\/\/www.pressenza.com\/es\/#\/schema\/person\/7104466338f7b188aedd367b5e15c977"},"headline":"Ada Colau pide ayuda a la UE para mediar el conflicto CAT\/ESP","datePublished":"2017-09-28T10:53:51+00:00","dateModified":"2017-11-21T17:45:12+00:00","mainEntityOfPage":{"@id":"https:\/\/www.pressenza.com\/es\/2017\/09\/ada-colau-pide-ayuda-la-ue-mediar-conflicto-catesp\/"},"wordCount":593,"publisher":{"@id":"https:\/\/www.pressenza.com\/es\/#organization"},"image":{"@id":"https:\/\/www.pressenza.com\/es\/2017\/09\/ada-colau-pide-ayuda-la-ue-mediar-conflicto-catesp\/#primaryimage"},"thumbnailUrl":"https:\/\/www.pressenza.com\/wp-content\/uploads\/2017\/09\/IMG_8913.png","keywords":["#1Oct","Ada Colau","Barcelona","Carta Ada Colau","Conflicto Catal\u00e1n","referendum"],"articleSection":["Comunicados de Prensa","Contenido Original","Europa","Pol\u00edtica"],"inLanguage":"es"},{"@type":"WebPage","@id":"https:\/\/www.pressenza.com\/es\/2017\/09\/ada-colau-pide-ayuda-la-ue-mediar-conflicto-catesp\/","url":"https:\/\/www.pressenza.com\/es\/2017\/09\/ada-colau-pide-ayuda-la-ue-mediar-conflicto-catesp\/","name":"Ada Colau pide ayuda a la UE para mediar el conflicto CAT\/ESP","isPartOf":{"@id":"https:\/\/www.pressenza.com\/es\/#website"},"primaryImageOfPage":{"@id":"https:\/\/www.pressenza.com\/es\/2017\/09\/ada-colau-pide-ayuda-la-ue-mediar-conflicto-catesp\/#primaryimage"},"image":{"@id":"https:\/\/www.pressenza.com\/es\/2017\/09\/ada-colau-pide-ayuda-la-ue-mediar-conflicto-catesp\/#primaryimage"},"thumbnailUrl":"https:\/\/www.pressenza.com\/wp-content\/uploads\/2017\/09\/IMG_8913.png","datePublished":"2017-09-28T10:53:51+00:00","dateModified":"2017-11-21T17:45:12+00:00","description":"Ada Colau, alcaldesa de Barcelona, env\u00eda una carta de alarma a 27 alcaldes de la Uni\u00f3n Europea, exponiendo la grave situaci\u00f3n que vive Catalu\u00f1a tras las","breadcrumb":{"@id":"https:\/\/www.pressenza.com\/es\/2017\/09\/ada-colau-pide-ayuda-la-ue-mediar-conflicto-catesp\/#breadcrumb"},"inLanguage":"es","potentialAction":[{"@type":"ReadAction","target":["https:\/\/www.pressenza.com\/es\/2017\/09\/ada-colau-pide-ayuda-la-ue-mediar-conflicto-catesp\/"]}]},{"@type":"ImageObject","inLanguage":"es","@id":"https:\/\/www.pressenza.com\/es\/2017\/09\/ada-colau-pide-ayuda-la-ue-mediar-conflicto-catesp\/#primaryimage","url":"https:\/\/www.pressenza.com\/wp-content\/uploads\/2017\/09\/IMG_8913.png","contentUrl":"https:\/\/www.pressenza.com\/wp-content\/uploads\/2017\/09\/IMG_8913.png","width":1136,"height":640},{"@type":"BreadcrumbList","@id":"https:\/\/www.pressenza.com\/es\/2017\/09\/ada-colau-pide-ayuda-la-ue-mediar-conflicto-catesp\/#breadcrumb","itemListElement":[{"@type":"ListItem","position":1,"name":"Accueil","item":"https:\/\/www.pressenza.com\/es\/"},{"@type":"ListItem","position":2,"name":"Ada Colau pide ayuda a la UE para mediar el conflicto CAT\/ESP"}]},{"@type":"WebSite","@id":"https:\/\/www.pressenza.com\/es\/#website","url":"https:\/\/www.pressenza.com\/es\/","name":"Pressenza","description":"International Press Agency","publisher":{"@id":"https:\/\/www.pressenza.com\/es\/#organization"},"potentialAction":[{"@type":"SearchAction","target":{"@type":"EntryPoint","urlTemplate":"https:\/\/www.pressenza.com\/es\/?s={search_term_string}"},"query-input":{"@type":"PropertyValueSpecification","valueRequired":true,"valueName":"search_term_string"}}],"inLanguage":"es"},{"@type":"Organization","@id":"https:\/\/www.pressenza.com\/es\/#organization","name":"Pressenza","url":"https:\/\/www.pressenza.com\/es\/","logo":{"@type":"ImageObject","inLanguage":"es","@id":"https:\/\/www.pressenza.com\/es\/#\/schema\/logo\/image\/","url":"https:\/\/www.pressenza.com\/wp-content\/uploads\/2022\/10\/pressenza_logo_200x200.jpg","contentUrl":"https:\/\/www.pressenza.com\/wp-content\/uploads\/2022\/10\/pressenza_logo_200x200.jpg","width":200,"height":200,"caption":"Pressenza"},"image":{"@id":"https:\/\/www.pressenza.com\/es\/#\/schema\/logo\/image\/"},"sameAs":["https:\/\/www.facebook.com\/PressenzaItalia","https:\/\/x.com\/PressenzaIPA"]},{"@type":"Person","@id":"https:\/\/www.pressenza.com\/es\/#\/schema\/person\/7104466338f7b188aedd367b5e15c977","name":"Raquel Paricio","description":"Docente. Artista. Humanista. Doctora en Arte y Tecnolog\u00eda. Investiga en las diferentes escuelas de meditaci\u00f3n de diferentes culturas.","url":"https:\/\/www.pressenza.com\/es\/author\/raquel-paricio\/"}]}},"place":"Barcelona","original_article_url":"","_links":{"self":[{"href":"https:\/\/www.pressenza.com\/es\/wp-json\/wp\/v2\/posts\/525998","targetHints":{"allow":["GET"]}}],"collection":[{"href":"https:\/\/www.pressenza.com\/es\/wp-json\/wp\/v2\/posts"}],"about":[{"href":"https:\/\/www.pressenza.com\/es\/wp-json\/wp\/v2\/types\/post"}],"author":[{"embeddable":true,"href":"https:\/\/www.pressenza.com\/es\/wp-json\/wp\/v2\/users\/647"}],"replies":[{"embeddable":true,"href":"https:\/\/www.pressenza.com\/es\/wp-json\/wp\/v2\/comments?post=525998"}],"version-history":[{"count":0,"href":"https:\/\/www.pressenza.com\/es\/wp-json\/wp\/v2\/posts\/525998\/revisions"}],"wp:featuredmedia":[{"embeddable":true,"href":"https:\/\/www.pressenza.com\/es\/wp-json\/wp\/v2\/media\/526029"}],"wp:attachment":[{"href":"https:\/\/www.pressenza.com\/es\/wp-json\/wp\/v2\/media?parent=525998"}],"wp:term":[{"taxonomy":"category","embeddable":true,"href":"https:\/\/www.pressenza.com\/es\/wp-json\/wp\/v2\/categories?post=525998"},{"taxonomy":"post_tag","embeddable":true,"href":"https:\/\/www.pressenza.com\/es\/wp-json\/wp\/v2\/tags?post=525998"}],"curies":[{"name":"wp","href":"https:\/\/api.w.org\/{rel}","templated":true}]}}