{"id":52568,"date":"2013-05-17T20:22:57","date_gmt":"2013-05-17T19:22:57","guid":{"rendered":"http:\/\/www.pressenza.com\/?p=52568"},"modified":"2013-05-17T20:22:57","modified_gmt":"2013-05-17T19:22:57","slug":"morales-llama-a-defender-la-democracia-y-el-proceso-de-cambio-en-bolivia","status":"publish","type":"post","link":"https:\/\/www.pressenza.com\/es\/2013\/05\/morales-llama-a-defender-la-democracia-y-el-proceso-de-cambio-en-bolivia\/","title":{"rendered":"Morales llama a defender la democracia y el proceso de cambio en Bolivia"},"content":{"rendered":"<p style=\"text-align: justify;\"><span>El presidente Evo Morales convoc\u00f3 el jueves a defender la democracia boliviana, restaurada en 1982, y el proceso de cambio que galvaniza desde 2006 en uno de los pa\u00edses m\u00e1s depauperados de Sudam\u00e9rica, tras la arremetida de sectores sindicales que hace 10 d\u00edas cortan carreteras, vuelan\u00a0 puentes y manifiestan con virulencia en las calles de Bolivia.<\/p>\n<p>&#8216;Convoco compa\u00f1eros defender primero la democracia y si somos de este proceso defender este proceso de cambio para todos los bolivianos&#8217;, afirm\u00f3 en un discurso en el Palacio Quemado, mientras columnas de manifestantes marchaban, en medio de potentes detonaciones de fulminantes de dinamita, por los alrededores de la Casa de Gobierno en La Paz en demanda de un incremento a las pensiones de los jubilados, por encima de las fuerzas del sistema nacional de rentas.<\/p>\n<p>La invocaci\u00f3n del mandatario ind\u00edgena de izquierdas se registr\u00f3 durante el acto en que promulg\u00f3 la Ley 378 que aumenta en 50 bolivianos mensuales la Renta Universal de Vejez o Renta Dignidad, que hasta 2015, se prev\u00e9, beneficiar\u00e1 a casi un mill\u00f3n de personas mayores de 60 a\u00f1os en Bolivia.<\/span><\/p>\n<p style=\"text-align: justify;\"><span>El gobernante denunci\u00f3 que las manifestaciones que impulsa desde la semana pasada la matriz Central Obrera Boliviana (COB), en demanda de un incremento a las rentas de jubilaci\u00f3n de poco menos 750.000 bolivianos, han tomado en los \u00faltimos d\u00edas un cariz abiertamente conspirativo.<\/p>\n<p>&#8216;Ya no es reivindicaci\u00f3n (de corte social) sino una acci\u00f3n pol\u00edtica&#8217;, afirm\u00f3 Morales.<\/p>\n<p>Un asesor de la Gobernaci\u00f3n de Oruro, Edgar Soliz, denunci\u00f3 el mi\u00e9rcoles acciones conspirativas por parte del dirigente minero Jaime Solares que la v\u00edspera hubo intentado encender un mot\u00edn policial y ligarlo a las reivindicaciones de la COB por las jubilaciones.<\/p>\n<p>L\u00edder de la COB durante 2003 y 2004, Solares, a quien se le endilgan v\u00ednculos con la dictadura del general en purga Luis Garc\u00eda Meza (1980) ha sido acusado tambi\u00e9n de intentar, hace un par de a\u00f1os, un quiebre institucional, por la v\u00eda militar y, ahora, de exacerbar el clima pol\u00edtico por v\u00eda de los agentes de Polic\u00eda.<br \/>\n<\/span><\/p>\n<p style=\"text-align: justify;\"><span>&#8216;Antes, dirigentes de la COB golpeaban, para golpe de Estado, ahora piden a gritos amotinamiento de la Polic\u00eda para que haya golpe&#8217;, advirti\u00f3 el Presidente.<\/p>\n<p>Organizaciones sociales, principalmente campesinos, se han declarado en Estado de alerta ante la detecci\u00f3n de afanes conspirativos como tel\u00f3n de fondo de los reclamos de la COB por mayores jubilaciones.<\/p>\n<p>Morales, que a principios de mes gozaba de una popularidad de 66%, seg\u00fan un estudio independiente, denunci\u00f3 asimismo que una casta de dirigentes de la COB defiende los intereses de los m\u00e1s privilegiados al exigir, mediante la protesta callejera, rentas de 8.000 bolivianos (cerca de 1.200 d\u00f3lares) para mineros y 5.000 para otros sectores.<br \/>\n<\/span><\/p>\n<p style=\"text-align: justify;\"><span>Hasta la v\u00edspera, cuando representes del Gobierno y de la COB cabildearon un acuerdo, la administraci\u00f3n Morales hab\u00eda ofrecido incrementos techo de 4.000 bolivianos para los mineros y 3.200 para el resto de los sectores laborales.<\/span><\/p>\n","protected":false},"excerpt":{"rendered":"<p>El presidente Evo Morales convoc\u00f3 el jueves a defender la democracia boliviana, restaurada en 1982, y el proceso de cambio que galvaniza desde 2006 en uno de los pa\u00edses m\u00e1s depauperados de Sudam\u00e9rica, tras la arremetida de sectores sindicales que&hellip;<\/p>\n","protected":false},"author":127,"featured_media":52570,"comment_status":"closed","ping_status":"open","sticky":false,"template":"","format":"standard","meta":{"footnotes":""},"categories":[74,67],"tags":[1059,394],"class_list":["post-52568","post","type-post","status-publish","format-standard","has-post-thumbnail","hentry","category-politica-es","category-sudamerica","tag-evo-morales","tag-protestas-sociales"],"yoast_head":"<!-- This site is optimized with the Yoast SEO plugin v27.1.1 - https:\/\/yoast.com\/product\/yoast-seo-wordpress\/ -->\n<title>Morales llama a defender la democracia y el proceso de cambio en Bolivia<\/title>\n<meta name=\"description\" content=\"El presidente Evo Morales convoc\u00f3 el jueves a defender la democracia boliviana, restaurada en 1982, y el proceso de cambio que galvaniza desde 2006 en uno\" \/>\n<meta name=\"robots\" content=\"index, follow, max-snippet:-1, max-image-preview:large, max-video-preview:-1\" \/>\n<link rel=\"canonical\" href=\"https:\/\/www.pressenza.com\/es\/2013\/05\/morales-llama-a-defender-la-democracia-y-el-proceso-de-cambio-en-bolivia\/\" \/>\n<meta property=\"og:locale\" content=\"es_ES\" \/>\n<meta property=\"og:type\" content=\"article\" \/>\n<meta property=\"og:title\" content=\"Morales llama a defender la democracia y el proceso de cambio en Bolivia\" \/>\n<meta property=\"og:description\" content=\"El presidente Evo Morales convoc\u00f3 el jueves a defender la democracia boliviana, restaurada en 1982, y el proceso de cambio que galvaniza desde 2006 en uno\" \/>\n<meta property=\"og:url\" content=\"https:\/\/www.pressenza.com\/es\/2013\/05\/morales-llama-a-defender-la-democracia-y-el-proceso-de-cambio-en-bolivia\/\" \/>\n<meta property=\"og:site_name\" content=\"Pressenza\" \/>\n<meta property=\"article:publisher\" content=\"https:\/\/www.facebook.com\/PressenzaItalia\" \/>\n<meta property=\"article:published_time\" content=\"2013-05-17T19:22:57+00:00\" \/>\n<meta property=\"og:image\" content=\"https:\/\/www.pressenza.com\/wp-content\/uploads\/2013\/05\/medicos_bolivia.jpg\" \/>\n\t<meta property=\"og:image:width\" content=\"668\" \/>\n\t<meta property=\"og:image:height\" content=\"329\" \/>\n\t<meta property=\"og:image:type\" content=\"image\/jpeg\" \/>\n<meta name=\"author\" content=\"Agencia Boliviana de Informaci\u00f3n - ABI\" \/>\n<meta name=\"twitter:card\" content=\"summary_large_image\" \/>\n<meta name=\"twitter:creator\" content=\"@mincombolivia\" \/>\n<meta name=\"twitter:site\" content=\"@PressenzaIPA\" \/>\n<meta name=\"twitter:label1\" content=\"Escrito por\" \/>\n\t<meta name=\"twitter:data1\" content=\"Agencia Boliviana de Informaci\u00f3n - ABI\" \/>\n\t<meta name=\"twitter:label2\" content=\"Tiempo de lectura\" \/>\n\t<meta name=\"twitter:data2\" content=\"3 minutos\" \/>\n<script type=\"application\/ld+json\" class=\"yoast-schema-graph\">{\"@context\":\"https:\/\/schema.org\",\"@graph\":[{\"@type\":\"Article\",\"@id\":\"https:\/\/www.pressenza.com\/es\/2013\/05\/morales-llama-a-defender-la-democracia-y-el-proceso-de-cambio-en-bolivia\/#article\",\"isPartOf\":{\"@id\":\"https:\/\/www.pressenza.com\/es\/2013\/05\/morales-llama-a-defender-la-democracia-y-el-proceso-de-cambio-en-bolivia\/\"},\"author\":{\"name\":\"Agencia Boliviana de Informaci\u00f3n - ABI\",\"@id\":\"https:\/\/www.pressenza.com\/es\/#\/schema\/person\/3fe2a62cf8f5fea54fc87abcec98dcb4\"},\"headline\":\"Morales llama a defender la democracia y el proceso de cambio en Bolivia\",\"datePublished\":\"2013-05-17T19:22:57+00:00\",\"mainEntityOfPage\":{\"@id\":\"https:\/\/www.pressenza.com\/es\/2013\/05\/morales-llama-a-defender-la-democracia-y-el-proceso-de-cambio-en-bolivia\/\"},\"wordCount\":513,\"publisher\":{\"@id\":\"https:\/\/www.pressenza.com\/es\/#organization\"},\"image\":{\"@id\":\"https:\/\/www.pressenza.com\/es\/2013\/05\/morales-llama-a-defender-la-democracia-y-el-proceso-de-cambio-en-bolivia\/#primaryimage\"},\"thumbnailUrl\":\"https:\/\/www.pressenza.com\/wp-content\/uploads\/2013\/05\/medicos_bolivia.jpg\",\"keywords\":[\"Evo Morales\",\"protestas sociales\"],\"articleSection\":[\"Pol\u00edtica\",\"Sudam\u00e9rica\"],\"inLanguage\":\"es\"},{\"@type\":\"WebPage\",\"@id\":\"https:\/\/www.pressenza.com\/es\/2013\/05\/morales-llama-a-defender-la-democracia-y-el-proceso-de-cambio-en-bolivia\/\",\"url\":\"https:\/\/www.pressenza.com\/es\/2013\/05\/morales-llama-a-defender-la-democracia-y-el-proceso-de-cambio-en-bolivia\/\",\"name\":\"Morales llama a defender la democracia y el proceso de cambio en Bolivia\",\"isPartOf\":{\"@id\":\"https:\/\/www.pressenza.com\/es\/#website\"},\"primaryImageOfPage\":{\"@id\":\"https:\/\/www.pressenza.com\/es\/2013\/05\/morales-llama-a-defender-la-democracia-y-el-proceso-de-cambio-en-bolivia\/#primaryimage\"},\"image\":{\"@id\":\"https:\/\/www.pressenza.com\/es\/2013\/05\/morales-llama-a-defender-la-democracia-y-el-proceso-de-cambio-en-bolivia\/#primaryimage\"},\"thumbnailUrl\":\"https:\/\/www.pressenza.com\/wp-content\/uploads\/2013\/05\/medicos_bolivia.jpg\",\"datePublished\":\"2013-05-17T19:22:57+00:00\",\"description\":\"El presidente Evo Morales convoc\u00f3 el jueves a defender la democracia boliviana, restaurada en 1982, y el proceso de cambio que galvaniza desde 2006 en uno\",\"breadcrumb\":{\"@id\":\"https:\/\/www.pressenza.com\/es\/2013\/05\/morales-llama-a-defender-la-democracia-y-el-proceso-de-cambio-en-bolivia\/#breadcrumb\"},\"inLanguage\":\"es\",\"potentialAction\":[{\"@type\":\"ReadAction\",\"target\":[\"https:\/\/www.pressenza.com\/es\/2013\/05\/morales-llama-a-defender-la-democracia-y-el-proceso-de-cambio-en-bolivia\/\"]}]},{\"@type\":\"ImageObject\",\"inLanguage\":\"es\",\"@id\":\"https:\/\/www.pressenza.com\/es\/2013\/05\/morales-llama-a-defender-la-democracia-y-el-proceso-de-cambio-en-bolivia\/#primaryimage\",\"url\":\"https:\/\/www.pressenza.com\/wp-content\/uploads\/2013\/05\/medicos_bolivia.jpg\",\"contentUrl\":\"https:\/\/www.pressenza.com\/wp-content\/uploads\/2013\/05\/medicos_bolivia.jpg\",\"width\":668,\"height\":329},{\"@type\":\"BreadcrumbList\",\"@id\":\"https:\/\/www.pressenza.com\/es\/2013\/05\/morales-llama-a-defender-la-democracia-y-el-proceso-de-cambio-en-bolivia\/#breadcrumb\",\"itemListElement\":[{\"@type\":\"ListItem\",\"position\":1,\"name\":\"Accueil\",\"item\":\"https:\/\/www.pressenza.com\/es\/\"},{\"@type\":\"ListItem\",\"position\":2,\"name\":\"Morales llama a defender la democracia y el proceso de cambio en Bolivia\"}]},{\"@type\":\"WebSite\",\"@id\":\"https:\/\/www.pressenza.com\/es\/#website\",\"url\":\"https:\/\/www.pressenza.com\/es\/\",\"name\":\"Pressenza\",\"description\":\"International Press Agency\",\"publisher\":{\"@id\":\"https:\/\/www.pressenza.com\/es\/#organization\"},\"potentialAction\":[{\"@type\":\"SearchAction\",\"target\":{\"@type\":\"EntryPoint\",\"urlTemplate\":\"https:\/\/www.pressenza.com\/es\/?s={search_term_string}\"},\"query-input\":{\"@type\":\"PropertyValueSpecification\",\"valueRequired\":true,\"valueName\":\"search_term_string\"}}],\"inLanguage\":\"es\"},{\"@type\":\"Organization\",\"@id\":\"https:\/\/www.pressenza.com\/es\/#organization\",\"name\":\"Pressenza\",\"url\":\"https:\/\/www.pressenza.com\/es\/\",\"logo\":{\"@type\":\"ImageObject\",\"inLanguage\":\"es\",\"@id\":\"https:\/\/www.pressenza.com\/es\/#\/schema\/logo\/image\/\",\"url\":\"https:\/\/www.pressenza.com\/wp-content\/uploads\/2022\/10\/pressenza_logo_200x200.jpg\",\"contentUrl\":\"https:\/\/www.pressenza.com\/wp-content\/uploads\/2022\/10\/pressenza_logo_200x200.jpg\",\"width\":200,\"height\":200,\"caption\":\"Pressenza\"},\"image\":{\"@id\":\"https:\/\/www.pressenza.com\/es\/#\/schema\/logo\/image\/\"},\"sameAs\":[\"https:\/\/www.facebook.com\/PressenzaItalia\",\"https:\/\/x.com\/PressenzaIPA\"]},{\"@type\":\"Person\",\"@id\":\"https:\/\/www.pressenza.com\/es\/#\/schema\/person\/3fe2a62cf8f5fea54fc87abcec98dcb4\",\"name\":\"Agencia Boliviana de Informaci\u00f3n - ABI\",\"description\":\"www.abi.bo\",\"sameAs\":[\"https:\/\/x.com\/mincombolivia\"],\"url\":\"https:\/\/www.pressenza.com\/es\/author\/agencia-boliviana-de-informacion-abi\/\"}]}<\/script>\n<!-- \/ Yoast SEO plugin. -->","yoast_head_json":{"title":"Morales llama a defender la democracia y el proceso de cambio en Bolivia","description":"El presidente Evo Morales convoc\u00f3 el jueves a defender la democracia boliviana, restaurada en 1982, y el proceso de cambio que galvaniza desde 2006 en uno","robots":{"index":"index","follow":"follow","max-snippet":"max-snippet:-1","max-image-preview":"max-image-preview:large","max-video-preview":"max-video-preview:-1"},"canonical":"https:\/\/www.pressenza.com\/es\/2013\/05\/morales-llama-a-defender-la-democracia-y-el-proceso-de-cambio-en-bolivia\/","og_locale":"es_ES","og_type":"article","og_title":"Morales llama a defender la democracia y el proceso de cambio en Bolivia","og_description":"El presidente Evo Morales convoc\u00f3 el jueves a defender la democracia boliviana, restaurada en 1982, y el proceso de cambio que galvaniza desde 2006 en uno","og_url":"https:\/\/www.pressenza.com\/es\/2013\/05\/morales-llama-a-defender-la-democracia-y-el-proceso-de-cambio-en-bolivia\/","og_site_name":"Pressenza","article_publisher":"https:\/\/www.facebook.com\/PressenzaItalia","article_published_time":"2013-05-17T19:22:57+00:00","og_image":[{"width":668,"height":329,"url":"https:\/\/www.pressenza.com\/wp-content\/uploads\/2013\/05\/medicos_bolivia.jpg","type":"image\/jpeg"}],"author":"Agencia Boliviana de Informaci\u00f3n - ABI","twitter_card":"summary_large_image","twitter_creator":"@mincombolivia","twitter_site":"@PressenzaIPA","twitter_misc":{"Escrito por":"Agencia Boliviana de Informaci\u00f3n - ABI","Tiempo de lectura":"3 minutos"},"schema":{"@context":"https:\/\/schema.org","@graph":[{"@type":"Article","@id":"https:\/\/www.pressenza.com\/es\/2013\/05\/morales-llama-a-defender-la-democracia-y-el-proceso-de-cambio-en-bolivia\/#article","isPartOf":{"@id":"https:\/\/www.pressenza.com\/es\/2013\/05\/morales-llama-a-defender-la-democracia-y-el-proceso-de-cambio-en-bolivia\/"},"author":{"name":"Agencia Boliviana de Informaci\u00f3n - ABI","@id":"https:\/\/www.pressenza.com\/es\/#\/schema\/person\/3fe2a62cf8f5fea54fc87abcec98dcb4"},"headline":"Morales llama a defender la democracia y el proceso de cambio en Bolivia","datePublished":"2013-05-17T19:22:57+00:00","mainEntityOfPage":{"@id":"https:\/\/www.pressenza.com\/es\/2013\/05\/morales-llama-a-defender-la-democracia-y-el-proceso-de-cambio-en-bolivia\/"},"wordCount":513,"publisher":{"@id":"https:\/\/www.pressenza.com\/es\/#organization"},"image":{"@id":"https:\/\/www.pressenza.com\/es\/2013\/05\/morales-llama-a-defender-la-democracia-y-el-proceso-de-cambio-en-bolivia\/#primaryimage"},"thumbnailUrl":"https:\/\/www.pressenza.com\/wp-content\/uploads\/2013\/05\/medicos_bolivia.jpg","keywords":["Evo Morales","protestas sociales"],"articleSection":["Pol\u00edtica","Sudam\u00e9rica"],"inLanguage":"es"},{"@type":"WebPage","@id":"https:\/\/www.pressenza.com\/es\/2013\/05\/morales-llama-a-defender-la-democracia-y-el-proceso-de-cambio-en-bolivia\/","url":"https:\/\/www.pressenza.com\/es\/2013\/05\/morales-llama-a-defender-la-democracia-y-el-proceso-de-cambio-en-bolivia\/","name":"Morales llama a defender la democracia y el proceso de cambio en Bolivia","isPartOf":{"@id":"https:\/\/www.pressenza.com\/es\/#website"},"primaryImageOfPage":{"@id":"https:\/\/www.pressenza.com\/es\/2013\/05\/morales-llama-a-defender-la-democracia-y-el-proceso-de-cambio-en-bolivia\/#primaryimage"},"image":{"@id":"https:\/\/www.pressenza.com\/es\/2013\/05\/morales-llama-a-defender-la-democracia-y-el-proceso-de-cambio-en-bolivia\/#primaryimage"},"thumbnailUrl":"https:\/\/www.pressenza.com\/wp-content\/uploads\/2013\/05\/medicos_bolivia.jpg","datePublished":"2013-05-17T19:22:57+00:00","description":"El presidente Evo Morales convoc\u00f3 el jueves a defender la democracia boliviana, restaurada en 1982, y el proceso de cambio que galvaniza desde 2006 en uno","breadcrumb":{"@id":"https:\/\/www.pressenza.com\/es\/2013\/05\/morales-llama-a-defender-la-democracia-y-el-proceso-de-cambio-en-bolivia\/#breadcrumb"},"inLanguage":"es","potentialAction":[{"@type":"ReadAction","target":["https:\/\/www.pressenza.com\/es\/2013\/05\/morales-llama-a-defender-la-democracia-y-el-proceso-de-cambio-en-bolivia\/"]}]},{"@type":"ImageObject","inLanguage":"es","@id":"https:\/\/www.pressenza.com\/es\/2013\/05\/morales-llama-a-defender-la-democracia-y-el-proceso-de-cambio-en-bolivia\/#primaryimage","url":"https:\/\/www.pressenza.com\/wp-content\/uploads\/2013\/05\/medicos_bolivia.jpg","contentUrl":"https:\/\/www.pressenza.com\/wp-content\/uploads\/2013\/05\/medicos_bolivia.jpg","width":668,"height":329},{"@type":"BreadcrumbList","@id":"https:\/\/www.pressenza.com\/es\/2013\/05\/morales-llama-a-defender-la-democracia-y-el-proceso-de-cambio-en-bolivia\/#breadcrumb","itemListElement":[{"@type":"ListItem","position":1,"name":"Accueil","item":"https:\/\/www.pressenza.com\/es\/"},{"@type":"ListItem","position":2,"name":"Morales llama a defender la democracia y el proceso de cambio en Bolivia"}]},{"@type":"WebSite","@id":"https:\/\/www.pressenza.com\/es\/#website","url":"https:\/\/www.pressenza.com\/es\/","name":"Pressenza","description":"International Press Agency","publisher":{"@id":"https:\/\/www.pressenza.com\/es\/#organization"},"potentialAction":[{"@type":"SearchAction","target":{"@type":"EntryPoint","urlTemplate":"https:\/\/www.pressenza.com\/es\/?s={search_term_string}"},"query-input":{"@type":"PropertyValueSpecification","valueRequired":true,"valueName":"search_term_string"}}],"inLanguage":"es"},{"@type":"Organization","@id":"https:\/\/www.pressenza.com\/es\/#organization","name":"Pressenza","url":"https:\/\/www.pressenza.com\/es\/","logo":{"@type":"ImageObject","inLanguage":"es","@id":"https:\/\/www.pressenza.com\/es\/#\/schema\/logo\/image\/","url":"https:\/\/www.pressenza.com\/wp-content\/uploads\/2022\/10\/pressenza_logo_200x200.jpg","contentUrl":"https:\/\/www.pressenza.com\/wp-content\/uploads\/2022\/10\/pressenza_logo_200x200.jpg","width":200,"height":200,"caption":"Pressenza"},"image":{"@id":"https:\/\/www.pressenza.com\/es\/#\/schema\/logo\/image\/"},"sameAs":["https:\/\/www.facebook.com\/PressenzaItalia","https:\/\/x.com\/PressenzaIPA"]},{"@type":"Person","@id":"https:\/\/www.pressenza.com\/es\/#\/schema\/person\/3fe2a62cf8f5fea54fc87abcec98dcb4","name":"Agencia Boliviana de Informaci\u00f3n - ABI","description":"www.abi.bo","sameAs":["https:\/\/x.com\/mincombolivia"],"url":"https:\/\/www.pressenza.com\/es\/author\/agencia-boliviana-de-informacion-abi\/"}]}},"place":"La Paz","original_article_url":"","_links":{"self":[{"href":"https:\/\/www.pressenza.com\/es\/wp-json\/wp\/v2\/posts\/52568","targetHints":{"allow":["GET"]}}],"collection":[{"href":"https:\/\/www.pressenza.com\/es\/wp-json\/wp\/v2\/posts"}],"about":[{"href":"https:\/\/www.pressenza.com\/es\/wp-json\/wp\/v2\/types\/post"}],"author":[{"embeddable":true,"href":"https:\/\/www.pressenza.com\/es\/wp-json\/wp\/v2\/users\/127"}],"replies":[{"embeddable":true,"href":"https:\/\/www.pressenza.com\/es\/wp-json\/wp\/v2\/comments?post=52568"}],"version-history":[{"count":0,"href":"https:\/\/www.pressenza.com\/es\/wp-json\/wp\/v2\/posts\/52568\/revisions"}],"wp:featuredmedia":[{"embeddable":true,"href":"https:\/\/www.pressenza.com\/es\/wp-json\/wp\/v2\/media\/52570"}],"wp:attachment":[{"href":"https:\/\/www.pressenza.com\/es\/wp-json\/wp\/v2\/media?parent=52568"}],"wp:term":[{"taxonomy":"category","embeddable":true,"href":"https:\/\/www.pressenza.com\/es\/wp-json\/wp\/v2\/categories?post=52568"},{"taxonomy":"post_tag","embeddable":true,"href":"https:\/\/www.pressenza.com\/es\/wp-json\/wp\/v2\/tags?post=52568"}],"curies":[{"name":"wp","href":"https:\/\/api.w.org\/{rel}","templated":true}]}}