{"id":524828,"date":"2017-09-27T05:13:59","date_gmt":"2017-09-27T04:13:59","guid":{"rendered":"https:\/\/www.pressenza.com\/?p=524828\/"},"modified":"2017-09-27T05:13:59","modified_gmt":"2017-09-27T04:13:59","slug":"ley-emergencia-territorial-indigena-vigilia-optimismo-ante-una-prorroga-ineludible","status":"publish","type":"post","link":"https:\/\/www.pressenza.com\/es\/2017\/09\/ley-emergencia-territorial-indigena-vigilia-optimismo-ante-una-prorroga-ineludible\/","title":{"rendered":"Ley de Emergencia Territorial Ind\u00edgena: vigilia\u00a0y optimismo ante una pr\u00f3rroga ineludible"},"content":{"rendered":"<p><em>Por<strong> Sergio Alvez<\/strong><\/em><\/p>\n<p>Hoy,\u00a0mi\u00e9rcoles 27 de septiembre, el Senado de la Naci\u00f3n vivir\u00e1 una jornada hist\u00f3rica, ya que se votar\u00e1 la pr\u00f3rroga de la ley 26.160, que declara la emergencia en materia de posesi\u00f3n y propiedad de las tierras que tradicionalmente ocupan las Comunidades Ind\u00edgenas e impide los desalojos de las mismas. En v\u00edsperas de la sesi\u00f3n, representantes de Pueblos Originarios y diversas organizaciones sociales que acompa\u00f1an sus reclamos, montaron una carpa frente el Congreso, d\u00f3nde tiene lugar la vigilia que preceder\u00e1 tambi\u00e9n a una concentraci\u00f3n convocada a partir de las 14 horas.<\/p>\n<p><strong>Sesi\u00f3n especial<\/strong><\/p>\n<p>Pese al fr\u00edo y la lluvia incesante, la carpa se nutri\u00f3 de referentes ind\u00edgenas que arribaron desde Comunidades situadas en distintos puntos del pa\u00eds.<\/p>\n<p>Promediando las 17 \u2013y antes de ingresar a la mesa de labor parlamentaria por este mismo tema\u2013 se hizo presente en el lugar la senadora nacional por R\u00edo Negro, Magdalena Odarda, quien preside la comisi\u00f3n especial de Pueblos Originarios. Odarda salud\u00f3 a los presentes y manifest\u00f3 que se tratar\u00e1 de \u201cuna sesi\u00f3n especial, para tratar la pr\u00f3rroga. Hasta el momento no ha llegado texto de modificaci\u00f3n de la ley.\u00a0 Logramos la votaci\u00f3n electr\u00f3nica para que se sepa c\u00f3mo se vota, que no sea a mano alzada, ya que sino despu\u00e9s nadie se hace cargo de lo que vota\u201d.<\/p>\n<p><strong>Freno a los desalojos<\/strong><\/p>\n<p>Presente en la carpa, Miriam Liempe, del Pueblo Mapuche y Secretaria de Relaciones con los Pueblos Originarios de la CTA Aut\u00f3noma bonaerense, expres\u00f3 que los Pueblos Originarios est\u00e1n \u201cen alerta y preocupados\u201d por lo que pueda pasar con la pr\u00f3rroga.\u201cEsta ley ser\u00eda para que estos desalojos no sigan adelante. Hace mucho tiempo nosotros venimos pidiendo que el relevamiento se cumpla y que se haga con la participaci\u00f3n de los pueblos. Queremos que se visibilice la lucha. En t\u00e9rminos de burocracia, siempre los tiempos son desfavorables a los pueblos. Nosotros somos pueblos empobrecidos, nos cuesta m\u00e1s organizarnos y tambi\u00e9n en los territorios tenemos muchas debilidades, estamos desfavorecidos en fuerzas de todo tipo. Hay focos de problemas actualmente en todos los territorios. Por eso en cada lugar estamos fortaleci\u00e9ndonos y buscando alianzas en las provincias. Si esta ley no se prorroga habr\u00e1 much\u00edsimos problemas, es fundamental la pr\u00f3rroga\u201d.<\/p>\n<p><strong>\u201cUn acto de estricta justicia\u201d<\/strong><\/p>\n<p>En las \u00faltimas horas, adem\u00e1s de la expresi\u00f3n \u2013v\u00eda twitter- favorable del Jefe de Gabinete Marcos Pe\u00f1a, se conoci\u00f3 la adhesi\u00f3n expl\u00edcita a la pr\u00f3rroga, por parte de numerosos senadores nacionales, incluyendo un texto de opini\u00f3n publicado este 26 de septiembre en la agencia oficial T\u00e9lam, de la senadora nacional por la UCR de Jujuy, Silvia del Rosario Giacoppo, quien enfatiz\u00f3 que \u201cEst\u00e1 claro que es urgente y necesario que el Congreso Nacional de tratamiento a una nueva pr\u00f3rroga de esta Ley ya que no se ha avanzado, desde su sanci\u00f3n, con la necesaria celeridad en la regularizaci\u00f3n de los dominios de las tierras de las comunidades. Esta norma es, sin dudas, un acto de estricta justicia y reparaci\u00f3n hist\u00f3rica para los pueblos originarios de nuestro pa\u00eds pero diferentes incumplimientos estatales retrasaron el ejercicio efectivo del derecho a las tierras de las comunidades.\u00bfSe va a avanzar, entonces, en la soluci\u00f3n de fondo? Por supuesto. Se va a debatir en el Senado en la pr\u00f3xima sesi\u00f3n y lo vamos a resolver porque hay una emergencia con este tema\u201d.<\/p>\n<p>Tambi\u00e9n el Consejo Consultivo y Participativo de los Pueblos Ind\u00edgenas, presidido por el qarashe F\u00e9lix D\u00edaz, emiti\u00f3 un comunicado se\u00f1alando que \u201cninguna Comunidad corre riesgo de\u00a0 desalojo por el vencimiento de la Ley,\u00a0 est\u00e1 garantizada la continuidad de dicha ley al menos por dos a\u00f1os m\u00e1s, tiempo en el que trabajaremos conjuntamente, por una soluci\u00f3n de ra\u00edz como la Ley de Propiedad Comunitaria, que nos otorgara la titularidad definitiva de nuestros territorios\u201d.<\/p>\n<div id=\"attachment_524838\" class=\"wp-caption alignnone\"><img loading=\"lazy\" decoding=\"async\" aria-describedby=\"caption-attachment-524838\" class=\"wp-image-524838 size-large\" src=\"https:\/\/www.pressenza.com\/wp-content\/uploads\/2017\/09\/congreso2-720x432.jpg\" alt=\"\" width=\"720\" height=\"432\" srcset=\"https:\/\/www.pressenza.com\/wp-content\/uploads\/2017\/09\/congreso2-720x432.jpg 720w, https:\/\/www.pressenza.com\/wp-content\/uploads\/2017\/09\/congreso2-300x180.jpg 300w, https:\/\/www.pressenza.com\/wp-content\/uploads\/2017\/09\/congreso2-768x461.jpg 768w, https:\/\/www.pressenza.com\/wp-content\/uploads\/2017\/09\/congreso2.jpg 960w\" sizes=\"auto, (max-width: 720px) 100vw, 720px\" \/><p id=\"caption-attachment-524838\" class=\"wp-caption-text\">Foto Sergio Alvez<\/p><\/div>\n<p><strong>Optimismo<\/strong><\/p>\n<p>Por su parte, el padre Jos\u00e9 Auletta, coordinador de la Regi\u00f3n NOA del Equipo Nacional de Pastoral Aborigen (ENDEPA), organizaci\u00f3n que encabez\u00f3 una fuerte campa\u00f1a nacional en favor de la pr\u00f3rroga, lleg\u00f3 al acampe tras participar de numerosas etapas previas de di\u00e1logo con senadores y diputados, y se mostr\u00f3 optimista al resaltar que \u201cgracias a la movilizaci\u00f3n de las Comunidades, que viene desde hace mucho tiempo, se lograr\u00e1 que la pr\u00f3rroga sea una realidad. Es importante que se satisfagan y cumplan los derechos ind\u00edgenas, comenzando por el territorio, ya que sin tierra no hay vida\u201d.<\/p>\n<p>En tanto, el joven Marcelo, \u00a0perteneciente al Pueblo Kolla y \u00a0miembro de la Comunidad Rodero, de Humahuaca (Jujuy), reslat\u00f3 que\u201dvinimos a Buenos Aires para participar del acampe en apoyo a la pr\u00f3rroga de la Ley de Emergencia Territorial Ind\u00edgena. Ac\u00e1 estamos para apoyar con toda fuerza una pr\u00f3rroga que es sumamente importante para la provincia, esperando que los legisladores est\u00e9n a la altura. En la provincia de Jujuy adem\u00e1s tenemos una ley de servidumbre administrativa, donde toda la provincia est\u00e1 sujeta a servidumbre y con el aval del Estado todas las empresas pueden venir a realizar emprendimientos sin consulta previa a las comunidades; esto se da porque el 90% de las comunidades no tiene t\u00edtulo\u201d.<\/p>\n<p><strong>Antecedentes<\/strong><\/p>\n<p>La ley 26.160 fue sancionada en 2006. La primera pr\u00f3rroga se vot\u00f3 en diputados en \u00a02009 con 138 diputados a favor, tres en contra (MPN) y dos abstenciones . La media sanci\u00f3n de Senadores fue votada con unanimidad de los 45 senadores presentes.La segunda pr\u00f3rroga de la ley \u00a0se vot\u00f3 en la C\u00e1mara de Senadores el 3 de julio de 2013 con la unanimidad de los 53 senadores presentes. En Diputados fue votada el 26\/09\/2013 con la unanimidad de los 191 legisladores presentes.<\/p>\n<p>El debate y la lucha de los Pueblos Ind\u00edgenas por la pr\u00f3rroga, se da un marco de creciente violencia contra las Comunidades, registr\u00e1ndose en este contexto la desaparici\u00f3n \u2013 hace acsi dos meses- de Santiago Maldonado en el marco de un operativo represivo de Gendarmer\u00eda Nacional en Pu Lof en resistencia Cushamen (Chubut), y la detenci\u00f3n desde hace m\u00e1s de cinco meses del docente y referente wich\u00ed Agust\u00edn Santill\u00e1n \u2013 junto a otros cuatro j\u00f3venes de su Comunidad, detenciones denunciadas como parte de la persecuci\u00f3n pol\u00edtica que el gobernador Gildo Insfr\u00e1n impone en dicha provincia contra las voces cr\u00edticas que denuncian los avasallamientos contra los derechos ind\u00edgenas.<\/p>\n","protected":false},"excerpt":{"rendered":"<p>Por Sergio Alvez Hoy,\u00a0mi\u00e9rcoles 27 de septiembre, el Senado de la Naci\u00f3n vivir\u00e1 una jornada hist\u00f3rica, ya que se votar\u00e1 la pr\u00f3rroga de la ley 26.160, que declara la emergencia en materia de posesi\u00f3n y propiedad de las tierras que&hellip;<\/p>\n","protected":false},"author":1366,"featured_media":524829,"comment_status":"closed","ping_status":"closed","sticky":false,"template":"","format":"standard","meta":{"footnotes":""},"categories":[11389,80,67],"tags":[27894,26,5323,26297,22210,39326,18507],"class_list":["post-524828","post","type-post","status-publish","format-standard","has-post-thumbnail","hentry","category-contenido-original","category-pueblos-originarios","category-sudamerica","tag-agustin-santillan","tag-argentina","tag-indigenas","tag-ley-26160","tag-pueblos-originarios","tag-santiago-maldonado","tag-territorios"],"yoast_head":"<!-- This site is optimized with the Yoast SEO plugin v27.1.1 - https:\/\/yoast.com\/product\/yoast-seo-wordpress\/ -->\n<title>Ley de Emergencia Territorial Ind\u00edgena: vigilia\u00a0y optimismo ante una pr\u00f3rroga ineludible<\/title>\n<meta name=\"description\" content=\"Por Sergio Alvez Hoy,\u00a0mi\u00e9rcoles 27 de septiembre, el Senado de la Naci\u00f3n vivir\u00e1 una jornada hist\u00f3rica, ya que se votar\u00e1 la pr\u00f3rroga de la ley 26.160, que\" \/>\n<meta name=\"robots\" content=\"index, follow, max-snippet:-1, max-image-preview:large, max-video-preview:-1\" \/>\n<link rel=\"canonical\" href=\"https:\/\/www.pressenza.com\/es\/2017\/09\/ley-emergencia-territorial-indigena-vigilia-optimismo-ante-una-prorroga-ineludible\/\" \/>\n<meta property=\"og:locale\" content=\"es_ES\" \/>\n<meta property=\"og:type\" content=\"article\" \/>\n<meta property=\"og:title\" content=\"Ley de Emergencia Territorial Ind\u00edgena: vigilia\u00a0y optimismo ante una pr\u00f3rroga ineludible\" \/>\n<meta property=\"og:description\" content=\"Por Sergio Alvez Hoy,\u00a0mi\u00e9rcoles 27 de septiembre, el Senado de la Naci\u00f3n vivir\u00e1 una jornada hist\u00f3rica, ya que se votar\u00e1 la pr\u00f3rroga de la ley 26.160, que\" \/>\n<meta property=\"og:url\" content=\"https:\/\/www.pressenza.com\/es\/2017\/09\/ley-emergencia-territorial-indigena-vigilia-optimismo-ante-una-prorroga-ineludible\/\" \/>\n<meta property=\"og:site_name\" content=\"Pressenza\" \/>\n<meta property=\"article:publisher\" content=\"https:\/\/www.facebook.com\/PressenzaItalia\" \/>\n<meta property=\"article:published_time\" content=\"2017-09-27T04:13:59+00:00\" \/>\n<meta property=\"og:image\" content=\"https:\/\/www.pressenza.com\/wp-content\/uploads\/2017\/09\/congreso.jpg\" \/>\n\t<meta property=\"og:image:width\" content=\"960\" \/>\n\t<meta property=\"og:image:height\" content=\"576\" \/>\n\t<meta property=\"og:image:type\" content=\"image\/jpeg\" \/>\n<meta name=\"author\" content=\"Sergio Alvez\" \/>\n<meta name=\"twitter:card\" content=\"summary_large_image\" \/>\n<meta name=\"twitter:creator\" content=\"@PressenzaIPA\" \/>\n<meta name=\"twitter:site\" content=\"@PressenzaIPA\" \/>\n<meta name=\"twitter:label1\" content=\"Escrito por\" \/>\n\t<meta name=\"twitter:data1\" content=\"Sergio Alvez\" \/>\n\t<meta name=\"twitter:label2\" content=\"Tiempo de lectura\" \/>\n\t<meta name=\"twitter:data2\" content=\"6 minutos\" \/>\n<script type=\"application\/ld+json\" class=\"yoast-schema-graph\">{\"@context\":\"https:\/\/schema.org\",\"@graph\":[{\"@type\":\"Article\",\"@id\":\"https:\/\/www.pressenza.com\/es\/2017\/09\/ley-emergencia-territorial-indigena-vigilia-optimismo-ante-una-prorroga-ineludible\/#article\",\"isPartOf\":{\"@id\":\"https:\/\/www.pressenza.com\/es\/2017\/09\/ley-emergencia-territorial-indigena-vigilia-optimismo-ante-una-prorroga-ineludible\/\"},\"author\":{\"name\":\"Sergio Alvez\",\"@id\":\"https:\/\/www.pressenza.com\/es\/#\/schema\/person\/a71ed7e6ac8a1ce22c94a8eee7736558\"},\"headline\":\"Ley de Emergencia Territorial Ind\u00edgena: vigilia\u00a0y optimismo ante una pr\u00f3rroga ineludible\",\"datePublished\":\"2017-09-27T04:13:59+00:00\",\"mainEntityOfPage\":{\"@id\":\"https:\/\/www.pressenza.com\/es\/2017\/09\/ley-emergencia-territorial-indigena-vigilia-optimismo-ante-una-prorroga-ineludible\/\"},\"wordCount\":1129,\"publisher\":{\"@id\":\"https:\/\/www.pressenza.com\/es\/#organization\"},\"image\":{\"@id\":\"https:\/\/www.pressenza.com\/es\/2017\/09\/ley-emergencia-territorial-indigena-vigilia-optimismo-ante-una-prorroga-ineludible\/#primaryimage\"},\"thumbnailUrl\":\"https:\/\/www.pressenza.com\/wp-content\/uploads\/2017\/09\/congreso.jpg\",\"keywords\":[\"Agust\u00edn Santill\u00e1n\",\"Argentina\",\"indigenas\",\"ley 26160\",\"Pueblos Originarios\",\"Santiago Maldonado\",\"territorios\"],\"articleSection\":[\"Contenido Original\",\"Pueblos Originarios\",\"Sudam\u00e9rica\"],\"inLanguage\":\"es\"},{\"@type\":\"WebPage\",\"@id\":\"https:\/\/www.pressenza.com\/es\/2017\/09\/ley-emergencia-territorial-indigena-vigilia-optimismo-ante-una-prorroga-ineludible\/\",\"url\":\"https:\/\/www.pressenza.com\/es\/2017\/09\/ley-emergencia-territorial-indigena-vigilia-optimismo-ante-una-prorroga-ineludible\/\",\"name\":\"Ley de Emergencia Territorial Ind\u00edgena: vigilia\u00a0y optimismo ante una pr\u00f3rroga ineludible\",\"isPartOf\":{\"@id\":\"https:\/\/www.pressenza.com\/es\/#website\"},\"primaryImageOfPage\":{\"@id\":\"https:\/\/www.pressenza.com\/es\/2017\/09\/ley-emergencia-territorial-indigena-vigilia-optimismo-ante-una-prorroga-ineludible\/#primaryimage\"},\"image\":{\"@id\":\"https:\/\/www.pressenza.com\/es\/2017\/09\/ley-emergencia-territorial-indigena-vigilia-optimismo-ante-una-prorroga-ineludible\/#primaryimage\"},\"thumbnailUrl\":\"https:\/\/www.pressenza.com\/wp-content\/uploads\/2017\/09\/congreso.jpg\",\"datePublished\":\"2017-09-27T04:13:59+00:00\",\"description\":\"Por Sergio Alvez Hoy,\u00a0mi\u00e9rcoles 27 de septiembre, el Senado de la Naci\u00f3n vivir\u00e1 una jornada hist\u00f3rica, ya que se votar\u00e1 la pr\u00f3rroga de la ley 26.160, que\",\"breadcrumb\":{\"@id\":\"https:\/\/www.pressenza.com\/es\/2017\/09\/ley-emergencia-territorial-indigena-vigilia-optimismo-ante-una-prorroga-ineludible\/#breadcrumb\"},\"inLanguage\":\"es\",\"potentialAction\":[{\"@type\":\"ReadAction\",\"target\":[\"https:\/\/www.pressenza.com\/es\/2017\/09\/ley-emergencia-territorial-indigena-vigilia-optimismo-ante-una-prorroga-ineludible\/\"]}]},{\"@type\":\"ImageObject\",\"inLanguage\":\"es\",\"@id\":\"https:\/\/www.pressenza.com\/es\/2017\/09\/ley-emergencia-territorial-indigena-vigilia-optimismo-ante-una-prorroga-ineludible\/#primaryimage\",\"url\":\"https:\/\/www.pressenza.com\/wp-content\/uploads\/2017\/09\/congreso.jpg\",\"contentUrl\":\"https:\/\/www.pressenza.com\/wp-content\/uploads\/2017\/09\/congreso.jpg\",\"width\":960,\"height\":576},{\"@type\":\"BreadcrumbList\",\"@id\":\"https:\/\/www.pressenza.com\/es\/2017\/09\/ley-emergencia-territorial-indigena-vigilia-optimismo-ante-una-prorroga-ineludible\/#breadcrumb\",\"itemListElement\":[{\"@type\":\"ListItem\",\"position\":1,\"name\":\"Accueil\",\"item\":\"https:\/\/www.pressenza.com\/es\/\"},{\"@type\":\"ListItem\",\"position\":2,\"name\":\"Ley de Emergencia Territorial Ind\u00edgena: vigilia\u00a0y optimismo ante una pr\u00f3rroga ineludible\"}]},{\"@type\":\"WebSite\",\"@id\":\"https:\/\/www.pressenza.com\/es\/#website\",\"url\":\"https:\/\/www.pressenza.com\/es\/\",\"name\":\"Pressenza\",\"description\":\"International Press Agency\",\"publisher\":{\"@id\":\"https:\/\/www.pressenza.com\/es\/#organization\"},\"potentialAction\":[{\"@type\":\"SearchAction\",\"target\":{\"@type\":\"EntryPoint\",\"urlTemplate\":\"https:\/\/www.pressenza.com\/es\/?s={search_term_string}\"},\"query-input\":{\"@type\":\"PropertyValueSpecification\",\"valueRequired\":true,\"valueName\":\"search_term_string\"}}],\"inLanguage\":\"es\"},{\"@type\":\"Organization\",\"@id\":\"https:\/\/www.pressenza.com\/es\/#organization\",\"name\":\"Pressenza\",\"url\":\"https:\/\/www.pressenza.com\/es\/\",\"logo\":{\"@type\":\"ImageObject\",\"inLanguage\":\"es\",\"@id\":\"https:\/\/www.pressenza.com\/es\/#\/schema\/logo\/image\/\",\"url\":\"https:\/\/www.pressenza.com\/wp-content\/uploads\/2022\/10\/pressenza_logo_200x200.jpg\",\"contentUrl\":\"https:\/\/www.pressenza.com\/wp-content\/uploads\/2022\/10\/pressenza_logo_200x200.jpg\",\"width\":200,\"height\":200,\"caption\":\"Pressenza\"},\"image\":{\"@id\":\"https:\/\/www.pressenza.com\/es\/#\/schema\/logo\/image\/\"},\"sameAs\":[\"https:\/\/www.facebook.com\/PressenzaItalia\",\"https:\/\/x.com\/PressenzaIPA\"]},{\"@type\":\"Person\",\"@id\":\"https:\/\/www.pressenza.com\/es\/#\/schema\/person\/a71ed7e6ac8a1ce22c94a8eee7736558\",\"name\":\"Sergio Alvez\",\"description\":\"Naci\u00f3 en Posadas, Misiones, en 1979. Es periodista y escritor.\",\"url\":\"https:\/\/www.pressenza.com\/es\/author\/sergio-alvez\/\"}]}<\/script>\n<!-- \/ Yoast SEO plugin. -->","yoast_head_json":{"title":"Ley de Emergencia Territorial Ind\u00edgena: vigilia\u00a0y optimismo ante una pr\u00f3rroga ineludible","description":"Por Sergio Alvez Hoy,\u00a0mi\u00e9rcoles 27 de septiembre, el Senado de la Naci\u00f3n vivir\u00e1 una jornada hist\u00f3rica, ya que se votar\u00e1 la pr\u00f3rroga de la ley 26.160, que","robots":{"index":"index","follow":"follow","max-snippet":"max-snippet:-1","max-image-preview":"max-image-preview:large","max-video-preview":"max-video-preview:-1"},"canonical":"https:\/\/www.pressenza.com\/es\/2017\/09\/ley-emergencia-territorial-indigena-vigilia-optimismo-ante-una-prorroga-ineludible\/","og_locale":"es_ES","og_type":"article","og_title":"Ley de Emergencia Territorial Ind\u00edgena: vigilia\u00a0y optimismo ante una pr\u00f3rroga ineludible","og_description":"Por Sergio Alvez Hoy,\u00a0mi\u00e9rcoles 27 de septiembre, el Senado de la Naci\u00f3n vivir\u00e1 una jornada hist\u00f3rica, ya que se votar\u00e1 la pr\u00f3rroga de la ley 26.160, que","og_url":"https:\/\/www.pressenza.com\/es\/2017\/09\/ley-emergencia-territorial-indigena-vigilia-optimismo-ante-una-prorroga-ineludible\/","og_site_name":"Pressenza","article_publisher":"https:\/\/www.facebook.com\/PressenzaItalia","article_published_time":"2017-09-27T04:13:59+00:00","og_image":[{"width":960,"height":576,"url":"https:\/\/www.pressenza.com\/wp-content\/uploads\/2017\/09\/congreso.jpg","type":"image\/jpeg"}],"author":"Sergio Alvez","twitter_card":"summary_large_image","twitter_creator":"@PressenzaIPA","twitter_site":"@PressenzaIPA","twitter_misc":{"Escrito por":"Sergio Alvez","Tiempo de lectura":"6 minutos"},"schema":{"@context":"https:\/\/schema.org","@graph":[{"@type":"Article","@id":"https:\/\/www.pressenza.com\/es\/2017\/09\/ley-emergencia-territorial-indigena-vigilia-optimismo-ante-una-prorroga-ineludible\/#article","isPartOf":{"@id":"https:\/\/www.pressenza.com\/es\/2017\/09\/ley-emergencia-territorial-indigena-vigilia-optimismo-ante-una-prorroga-ineludible\/"},"author":{"name":"Sergio Alvez","@id":"https:\/\/www.pressenza.com\/es\/#\/schema\/person\/a71ed7e6ac8a1ce22c94a8eee7736558"},"headline":"Ley de Emergencia Territorial Ind\u00edgena: vigilia\u00a0y optimismo ante una pr\u00f3rroga ineludible","datePublished":"2017-09-27T04:13:59+00:00","mainEntityOfPage":{"@id":"https:\/\/www.pressenza.com\/es\/2017\/09\/ley-emergencia-territorial-indigena-vigilia-optimismo-ante-una-prorroga-ineludible\/"},"wordCount":1129,"publisher":{"@id":"https:\/\/www.pressenza.com\/es\/#organization"},"image":{"@id":"https:\/\/www.pressenza.com\/es\/2017\/09\/ley-emergencia-territorial-indigena-vigilia-optimismo-ante-una-prorroga-ineludible\/#primaryimage"},"thumbnailUrl":"https:\/\/www.pressenza.com\/wp-content\/uploads\/2017\/09\/congreso.jpg","keywords":["Agust\u00edn Santill\u00e1n","Argentina","indigenas","ley 26160","Pueblos Originarios","Santiago Maldonado","territorios"],"articleSection":["Contenido Original","Pueblos Originarios","Sudam\u00e9rica"],"inLanguage":"es"},{"@type":"WebPage","@id":"https:\/\/www.pressenza.com\/es\/2017\/09\/ley-emergencia-territorial-indigena-vigilia-optimismo-ante-una-prorroga-ineludible\/","url":"https:\/\/www.pressenza.com\/es\/2017\/09\/ley-emergencia-territorial-indigena-vigilia-optimismo-ante-una-prorroga-ineludible\/","name":"Ley de Emergencia Territorial Ind\u00edgena: vigilia\u00a0y optimismo ante una pr\u00f3rroga ineludible","isPartOf":{"@id":"https:\/\/www.pressenza.com\/es\/#website"},"primaryImageOfPage":{"@id":"https:\/\/www.pressenza.com\/es\/2017\/09\/ley-emergencia-territorial-indigena-vigilia-optimismo-ante-una-prorroga-ineludible\/#primaryimage"},"image":{"@id":"https:\/\/www.pressenza.com\/es\/2017\/09\/ley-emergencia-territorial-indigena-vigilia-optimismo-ante-una-prorroga-ineludible\/#primaryimage"},"thumbnailUrl":"https:\/\/www.pressenza.com\/wp-content\/uploads\/2017\/09\/congreso.jpg","datePublished":"2017-09-27T04:13:59+00:00","description":"Por Sergio Alvez Hoy,\u00a0mi\u00e9rcoles 27 de septiembre, el Senado de la Naci\u00f3n vivir\u00e1 una jornada hist\u00f3rica, ya que se votar\u00e1 la pr\u00f3rroga de la ley 26.160, que","breadcrumb":{"@id":"https:\/\/www.pressenza.com\/es\/2017\/09\/ley-emergencia-territorial-indigena-vigilia-optimismo-ante-una-prorroga-ineludible\/#breadcrumb"},"inLanguage":"es","potentialAction":[{"@type":"ReadAction","target":["https:\/\/www.pressenza.com\/es\/2017\/09\/ley-emergencia-territorial-indigena-vigilia-optimismo-ante-una-prorroga-ineludible\/"]}]},{"@type":"ImageObject","inLanguage":"es","@id":"https:\/\/www.pressenza.com\/es\/2017\/09\/ley-emergencia-territorial-indigena-vigilia-optimismo-ante-una-prorroga-ineludible\/#primaryimage","url":"https:\/\/www.pressenza.com\/wp-content\/uploads\/2017\/09\/congreso.jpg","contentUrl":"https:\/\/www.pressenza.com\/wp-content\/uploads\/2017\/09\/congreso.jpg","width":960,"height":576},{"@type":"BreadcrumbList","@id":"https:\/\/www.pressenza.com\/es\/2017\/09\/ley-emergencia-territorial-indigena-vigilia-optimismo-ante-una-prorroga-ineludible\/#breadcrumb","itemListElement":[{"@type":"ListItem","position":1,"name":"Accueil","item":"https:\/\/www.pressenza.com\/es\/"},{"@type":"ListItem","position":2,"name":"Ley de Emergencia Territorial Ind\u00edgena: vigilia\u00a0y optimismo ante una pr\u00f3rroga ineludible"}]},{"@type":"WebSite","@id":"https:\/\/www.pressenza.com\/es\/#website","url":"https:\/\/www.pressenza.com\/es\/","name":"Pressenza","description":"International Press Agency","publisher":{"@id":"https:\/\/www.pressenza.com\/es\/#organization"},"potentialAction":[{"@type":"SearchAction","target":{"@type":"EntryPoint","urlTemplate":"https:\/\/www.pressenza.com\/es\/?s={search_term_string}"},"query-input":{"@type":"PropertyValueSpecification","valueRequired":true,"valueName":"search_term_string"}}],"inLanguage":"es"},{"@type":"Organization","@id":"https:\/\/www.pressenza.com\/es\/#organization","name":"Pressenza","url":"https:\/\/www.pressenza.com\/es\/","logo":{"@type":"ImageObject","inLanguage":"es","@id":"https:\/\/www.pressenza.com\/es\/#\/schema\/logo\/image\/","url":"https:\/\/www.pressenza.com\/wp-content\/uploads\/2022\/10\/pressenza_logo_200x200.jpg","contentUrl":"https:\/\/www.pressenza.com\/wp-content\/uploads\/2022\/10\/pressenza_logo_200x200.jpg","width":200,"height":200,"caption":"Pressenza"},"image":{"@id":"https:\/\/www.pressenza.com\/es\/#\/schema\/logo\/image\/"},"sameAs":["https:\/\/www.facebook.com\/PressenzaItalia","https:\/\/x.com\/PressenzaIPA"]},{"@type":"Person","@id":"https:\/\/www.pressenza.com\/es\/#\/schema\/person\/a71ed7e6ac8a1ce22c94a8eee7736558","name":"Sergio Alvez","description":"Naci\u00f3 en Posadas, Misiones, en 1979. Es periodista y escritor.","url":"https:\/\/www.pressenza.com\/es\/author\/sergio-alvez\/"}]}},"place":"Ciudad de Buenos Aires, Argentina","original_article_url":"","_links":{"self":[{"href":"https:\/\/www.pressenza.com\/es\/wp-json\/wp\/v2\/posts\/524828","targetHints":{"allow":["GET"]}}],"collection":[{"href":"https:\/\/www.pressenza.com\/es\/wp-json\/wp\/v2\/posts"}],"about":[{"href":"https:\/\/www.pressenza.com\/es\/wp-json\/wp\/v2\/types\/post"}],"author":[{"embeddable":true,"href":"https:\/\/www.pressenza.com\/es\/wp-json\/wp\/v2\/users\/1366"}],"replies":[{"embeddable":true,"href":"https:\/\/www.pressenza.com\/es\/wp-json\/wp\/v2\/comments?post=524828"}],"version-history":[{"count":0,"href":"https:\/\/www.pressenza.com\/es\/wp-json\/wp\/v2\/posts\/524828\/revisions"}],"wp:featuredmedia":[{"embeddable":true,"href":"https:\/\/www.pressenza.com\/es\/wp-json\/wp\/v2\/media\/524829"}],"wp:attachment":[{"href":"https:\/\/www.pressenza.com\/es\/wp-json\/wp\/v2\/media?parent=524828"}],"wp:term":[{"taxonomy":"category","embeddable":true,"href":"https:\/\/www.pressenza.com\/es\/wp-json\/wp\/v2\/categories?post=524828"},{"taxonomy":"post_tag","embeddable":true,"href":"https:\/\/www.pressenza.com\/es\/wp-json\/wp\/v2\/tags?post=524828"}],"curies":[{"name":"wp","href":"https:\/\/api.w.org\/{rel}","templated":true}]}}