{"id":524498,"date":"2017-09-26T12:54:48","date_gmt":"2017-09-26T11:54:48","guid":{"rendered":"https:\/\/www.pressenza.com\/?p=524498\/"},"modified":"2017-09-26T12:54:48","modified_gmt":"2017-09-26T11:54:48","slug":"repudios-la-campana-mediatica-pueblo-mapuche","status":"publish","type":"post","link":"https:\/\/www.pressenza.com\/es\/2017\/09\/repudios-la-campana-mediatica-pueblo-mapuche\/","title":{"rendered":"Repudios a la campa\u00f1a medi\u00e1tica contra el pueblo mapuche"},"content":{"rendered":"<p><em>Por<\/em><strong><em> Dar\u00edo Aranda<\/em><\/strong><\/p>\n<p>Referentes de pueblos originarios, acad\u00e9micos y periodistas alertaron sobre los discursos discriminatorios y estigmatizantes expresados desde los medios hegem\u00f3nicos de comunicaci\u00f3n respecto de la comunidad mapuche, en el marco del caso Maldonado.<\/p>\n<p><em>\u201cAyer salvajes, hoy nos dicen terroristas. Siempre justificando su violencia con mentiras\u201d<\/em>, canta el grupo de rock mapuche Puel Kona y resume el sentir de comunidades ind\u00edgenas, periodistas y acad\u00e9micos sobre la campa\u00f1a medi\u00e1tica contra el pueblo mapuche. Cuestionaron a diarios, radios y canales porte\u00f1os por su posturas \u201cracistas\u201d y que estigmatizan a los pueblos ind\u00edgenas. El fondo de la represi\u00f3n y su justificaci\u00f3n medi\u00e1tica: el extractivismo (minero, petrolero, forestal, hidroel\u00e9ctrico) que intenta avanzar sobre la Patagonia.<\/p>\n<p><em>\u201cViolencia, anarqu\u00eda y apoyo externo. Grupos mapuches que tienen en vilo a Chile y Argentina\u201d<\/em> (Infobae). <em>\u201cDenuncian v\u00ednculos de grupos mapuches con las FARC\u201d<\/em> (Perfil). <em>\u201cFacundo Jones Huala, el mapuche violento que le declar\u00f3 la guerra a la Argentina\u201d<\/em> (Clar\u00edn). <em>\u201cViolencia mapuche en Chubut\u201d<\/em> (La Naci\u00f3n). S\u00f3lo algunos ejemplos de art\u00edculos publicados por diarios y portales porte\u00f1os. Radios y canales de televisi\u00f3n tuvieron abordajes similares, donde nunca se mencionan los derechos vigentes de los pueblos ind\u00edgenas y siempre se los acusa de violencia.<\/p>\n<p>Ail\u00edn Pir\u00e9n es werken (vocera) del Lof Puel Pvjv, de la Confederaci\u00f3n Mapuche de Neuqu\u00e9n. Afirm\u00f3 que es un momento de <em>\u201cgran preocupaci\u00f3n por la represi\u00f3n y negaci\u00f3n de derechos del Estado, pero tambi\u00e9n por el avasallamiento medi\u00e1tico\u201d<\/em> que legitima la avanzada contra los ind\u00edgenas. <em>\u201cEs una pr\u00e1ctica permanente de los medios de comunicaci\u00f3n, en sinton\u00eda con el poder econ\u00f3mico y pol\u00edtico, contra los mapuches, pero ahora han redoblado una campa\u00f1a de estigmatizaci\u00f3n y racismo\u201d<\/em>, afirm\u00f3 la vocera.<\/p>\n<p>Remarc\u00f3 que se trata de una pol\u00edtica de negaci\u00f3n de derechos desde el Estado y que busca quedarse con los territorios ind\u00edgenas. A modo de ejemplo, su comunidad, Lof Puel Pvjv, sufre la embestida del poder pol\u00edtico (negaci\u00f3n de personer\u00eda jur\u00eddica) y del poder judicial (que ordena el desalojo por no contar con esa personer\u00eda jur\u00eddica).<\/p>\n<p>Ignacio Prafil es vocero del Parlamento Mapuche de R\u00edo Negro y fue tajante: <em>\u201cRespetamos a los periodistas que nos respetan. Y en los grandes medios no hay muchos que respetemos\u201d<\/em>. Afirm\u00f3 que a la mayor parte de la prensa comercial de la Patagonia y Buenos Aires le molesta el ind\u00edgena que lucha, y en los \u00faltimos a\u00f1os <em>\u201cse hizo muy evidente el discurso racista y al mismo tiempo servil al poder econ\u00f3mico y pol\u00edtico\u201d.<\/em> Tambi\u00e9n cuestion\u00f3 que los periodistas escriben sin conocer la realidad de los territorios.<\/p>\n<p>Entre los t\u00f3picos m\u00e1s comunes de los medios sobresale la supuesta chilenidad del pueblo mapuche. Desde hace d\u00e9cadas, distintas organizaciones ind\u00edgenas aclaran que se trata de un pueblo preexistente a la conformaci\u00f3n de los Estados naci\u00f3n. Y, de forma peri\u00f3dica, la academia intenta explicar lo ya sabido: <em>\u201cLos mapuches no son araucanos de origen chileno y no exterminaron a los tehuelches. Los mapuches no son \u2018indios chilenos\u2019, sino pueblos preexistentes. Esto significa que viv\u00edan en estos territorios antes de que existieran los Estados\u201d<\/em>, precisaron una veintena de investigadores del Conicet en enero pasado.<\/p>\n<p>Prafil destac\u00f3 que lo prioritario es la aparici\u00f3n con vida de Santiago Maldonado. Aclar\u00f3 que decenas de comunidades mapuches tomaron distancia de la Resistencia Ancestral Mapuche (RAM) y apunt\u00f3 al fondo de la represi\u00f3n y la campa\u00f1a medi\u00e1tica: <em>\u201cEl Presidente, sus ministros y empresas amigas quieren nuestros territorios. Pero que sepan que la lucha va a seguir, responderemos con m\u00e1s organizaci\u00f3n ind\u00edgena\u201d<\/em>.<\/p>\n<p>Adri\u00e1n Moyano es periodista de Bariloche, licenciado en Ciencias Pol\u00edticas y autor de tres libros de historia mapuche. \u201c<em>La mayor\u00eda de los medios evidencian un gran desconocimiento sobre las formas de organizaci\u00f3n mapuche y sobre la historia. Son un pueblo originario, no pudieron venir de Chile porque algunos grupos pertenecientes a la gran cultura mapuche ya estaban en la actual jurisdicci\u00f3n argentina\u201d<\/em>, explic\u00f3. Afirm\u00f3 que en los medios masivos de la Patagonia es recurrente el tratamiento racista de la lucha mapuche, pero s\u00ed es novedad una cobertura similar (y sostenida durante semanas) de los diarios porte\u00f1os.<\/p>\n<p>Moyano alert\u00f3 que la campa\u00f1a medi\u00e1tica antimapuche responde a que <em>\u201cse avecina una profundizaci\u00f3n del modelo extractivista, de la mano de la \u2018lluvia de inversiones\u2019 a la que apuesta el actual gobierno nacional\u201d<\/em>. Cit\u00f3 el ejemplo con la reactivaci\u00f3n del proyecto hidroel\u00e9ctrico La Elena (sobre el r\u00edo Corcovado, para abastecer a la industria del aluminio). <em>\u201cSi los medios logran instalar el concepto de \u2018enemigo interno\u2019 en relaci\u00f3n con el pueblo mapuche, es obvio que probables situaciones de represi\u00f3n ser\u00e1n toleradas o inclusive avaladas por el conjunto de la opini\u00f3n p\u00fablica\u201d<\/em>, advirti\u00f3 Moyano.<\/p>\n<p>Record\u00f3 que en la Patagonia viven m\u00e1s de 260 comunidades mapuches y no le parece inocente que por el accionar de una organizaci\u00f3n (RAM) se intente cuestionar a todo el pueblo mapuche.<\/p>\n<p>La vocera Ail\u00edn Pir\u00e9n, de Neuqu\u00e9n, aclar\u00f3 que la pol\u00edtica represiva (tanto del Estado como de los medios de comunicaci\u00f3n) <em>\u201cno comienza ahora, lo hicieron todos los gobiernos\u201d<\/em> y record\u00f3 que el Estado argentino <em>\u201ctiene una deuda hist\u00f3rica\u201d<\/em> con los pueblos ind\u00edgenas (por el genocidio cometido).<\/p>\n<p>Por contraposici\u00f3n al accionar de los medios masivos, Pir\u00e9n destac\u00f3 el rol de los medios comunitarios, alternativos, cooperativos: <em>\u201cSon periodistas a los que les interesa escuchar nuestra voz, a\u00fan quiz\u00e1 sin estar de acuerdo. Son medios comprometidos con la verdad y la justicia, no con los negocios del poder\u201d.<\/em><\/p>\n<p>En Chubut, ocho comunidades mapuche-tehuelche se congregaron para analizar y expedirse sobre la situaci\u00f3n local. Exigieron la aparici\u00f3n con vida de Santiago Maldonado, repudiaron el accionar represivo del Estado y tambi\u00e9n apuntaron al rol de los medios de comunicaci\u00f3n: <em>\u201cNunca convalidaremos el silenciamiento, la desinformaci\u00f3n, la negligencia, el miedo, el agravio a la vida, las mentiras\u201d.<\/em><\/p>\n","protected":false},"excerpt":{"rendered":"<p>Por Dar\u00edo Aranda Referentes de pueblos originarios, acad\u00e9micos y periodistas alertaron sobre los discursos discriminatorios y estigmatizantes expresados desde los medios hegem\u00f3nicos de comunicaci\u00f3n respecto de la comunidad mapuche, en el marco del caso Maldonado. \u201cAyer salvajes, hoy nos dicen&hellip;<\/p>\n","protected":false},"author":1210,"featured_media":524499,"comment_status":"closed","ping_status":"closed","sticky":false,"template":"","format":"standard","meta":{"footnotes":""},"categories":[11389,80,67],"tags":[26,1544,5323,18759,12811,22210,39326,18507],"class_list":["post-524498","post","type-post","status-publish","format-standard","has-post-thumbnail","hentry","category-contenido-original","category-pueblos-originarios","category-sudamerica","tag-argentina","tag-extractivismo","tag-indigenas","tag-industrias-extractivas","tag-mapuches-es","tag-pueblos-originarios","tag-santiago-maldonado","tag-territorios"],"yoast_head":"<!-- This site is optimized with the Yoast SEO plugin v27.1.1 - https:\/\/yoast.com\/product\/yoast-seo-wordpress\/ -->\n<title>Repudios a la campa\u00f1a medi\u00e1tica contra el pueblo mapuche<\/title>\n<meta name=\"description\" content=\"Por Dar\u00edo Aranda Referentes de pueblos originarios, acad\u00e9micos y periodistas alertaron sobre los discursos discriminatorios y estigmatizantes expresados\" \/>\n<meta name=\"robots\" content=\"index, follow, max-snippet:-1, max-image-preview:large, max-video-preview:-1\" \/>\n<link rel=\"canonical\" href=\"https:\/\/www.pressenza.com\/es\/2017\/09\/repudios-la-campana-mediatica-pueblo-mapuche\/\" \/>\n<meta property=\"og:locale\" content=\"es_ES\" \/>\n<meta property=\"og:type\" content=\"article\" \/>\n<meta property=\"og:title\" content=\"Repudios a la campa\u00f1a medi\u00e1tica contra el pueblo mapuche\" \/>\n<meta property=\"og:description\" content=\"Por Dar\u00edo Aranda Referentes de pueblos originarios, acad\u00e9micos y periodistas alertaron sobre los discursos discriminatorios y estigmatizantes expresados\" \/>\n<meta property=\"og:url\" content=\"https:\/\/www.pressenza.com\/es\/2017\/09\/repudios-la-campana-mediatica-pueblo-mapuche\/\" \/>\n<meta property=\"og:site_name\" content=\"Pressenza\" \/>\n<meta property=\"article:publisher\" content=\"https:\/\/www.facebook.com\/PressenzaItalia\" \/>\n<meta property=\"article:published_time\" content=\"2017-09-26T11:54:48+00:00\" \/>\n<meta property=\"og:image\" content=\"https:\/\/www.pressenza.com\/wp-content\/uploads\/2017\/09\/negro-ramirez.jpg\" \/>\n\t<meta property=\"og:image:width\" content=\"2048\" \/>\n\t<meta property=\"og:image:height\" content=\"1365\" \/>\n\t<meta property=\"og:image:type\" content=\"image\/jpeg\" \/>\n<meta name=\"author\" content=\"Dar\u00edo Aranda\" \/>\n<meta name=\"twitter:card\" content=\"summary_large_image\" \/>\n<meta name=\"twitter:creator\" content=\"@PressenzaIPA\" \/>\n<meta name=\"twitter:site\" content=\"@PressenzaIPA\" \/>\n<meta name=\"twitter:label1\" content=\"Escrito por\" \/>\n\t<meta name=\"twitter:data1\" content=\"Dar\u00edo Aranda\" \/>\n\t<meta name=\"twitter:label2\" content=\"Tiempo de lectura\" \/>\n\t<meta name=\"twitter:data2\" content=\"5 minutos\" \/>\n<script type=\"application\/ld+json\" class=\"yoast-schema-graph\">{\"@context\":\"https:\/\/schema.org\",\"@graph\":[{\"@type\":\"Article\",\"@id\":\"https:\/\/www.pressenza.com\/es\/2017\/09\/repudios-la-campana-mediatica-pueblo-mapuche\/#article\",\"isPartOf\":{\"@id\":\"https:\/\/www.pressenza.com\/es\/2017\/09\/repudios-la-campana-mediatica-pueblo-mapuche\/\"},\"author\":{\"name\":\"Dar\u00edo Aranda\",\"@id\":\"https:\/\/www.pressenza.com\/es\/#\/schema\/person\/0e60cd529ef3ecd836a42735fa83478b\"},\"headline\":\"Repudios a la campa\u00f1a medi\u00e1tica contra el pueblo mapuche\",\"datePublished\":\"2017-09-26T11:54:48+00:00\",\"mainEntityOfPage\":{\"@id\":\"https:\/\/www.pressenza.com\/es\/2017\/09\/repudios-la-campana-mediatica-pueblo-mapuche\/\"},\"wordCount\":1056,\"publisher\":{\"@id\":\"https:\/\/www.pressenza.com\/es\/#organization\"},\"image\":{\"@id\":\"https:\/\/www.pressenza.com\/es\/2017\/09\/repudios-la-campana-mediatica-pueblo-mapuche\/#primaryimage\"},\"thumbnailUrl\":\"https:\/\/www.pressenza.com\/wp-content\/uploads\/2017\/09\/negro-ramirez.jpg\",\"keywords\":[\"Argentina\",\"extractivismo\",\"indigenas\",\"industrias extractivas\",\"mapuches\",\"Pueblos Originarios\",\"Santiago Maldonado\",\"territorios\"],\"articleSection\":[\"Contenido Original\",\"Pueblos Originarios\",\"Sudam\u00e9rica\"],\"inLanguage\":\"es\"},{\"@type\":\"WebPage\",\"@id\":\"https:\/\/www.pressenza.com\/es\/2017\/09\/repudios-la-campana-mediatica-pueblo-mapuche\/\",\"url\":\"https:\/\/www.pressenza.com\/es\/2017\/09\/repudios-la-campana-mediatica-pueblo-mapuche\/\",\"name\":\"Repudios a la campa\u00f1a medi\u00e1tica contra el pueblo mapuche\",\"isPartOf\":{\"@id\":\"https:\/\/www.pressenza.com\/es\/#website\"},\"primaryImageOfPage\":{\"@id\":\"https:\/\/www.pressenza.com\/es\/2017\/09\/repudios-la-campana-mediatica-pueblo-mapuche\/#primaryimage\"},\"image\":{\"@id\":\"https:\/\/www.pressenza.com\/es\/2017\/09\/repudios-la-campana-mediatica-pueblo-mapuche\/#primaryimage\"},\"thumbnailUrl\":\"https:\/\/www.pressenza.com\/wp-content\/uploads\/2017\/09\/negro-ramirez.jpg\",\"datePublished\":\"2017-09-26T11:54:48+00:00\",\"description\":\"Por Dar\u00edo Aranda Referentes de pueblos originarios, acad\u00e9micos y periodistas alertaron sobre los discursos discriminatorios y estigmatizantes expresados\",\"breadcrumb\":{\"@id\":\"https:\/\/www.pressenza.com\/es\/2017\/09\/repudios-la-campana-mediatica-pueblo-mapuche\/#breadcrumb\"},\"inLanguage\":\"es\",\"potentialAction\":[{\"@type\":\"ReadAction\",\"target\":[\"https:\/\/www.pressenza.com\/es\/2017\/09\/repudios-la-campana-mediatica-pueblo-mapuche\/\"]}]},{\"@type\":\"ImageObject\",\"inLanguage\":\"es\",\"@id\":\"https:\/\/www.pressenza.com\/es\/2017\/09\/repudios-la-campana-mediatica-pueblo-mapuche\/#primaryimage\",\"url\":\"https:\/\/www.pressenza.com\/wp-content\/uploads\/2017\/09\/negro-ramirez.jpg\",\"contentUrl\":\"https:\/\/www.pressenza.com\/wp-content\/uploads\/2017\/09\/negro-ramirez.jpg\",\"width\":2048,\"height\":1365},{\"@type\":\"BreadcrumbList\",\"@id\":\"https:\/\/www.pressenza.com\/es\/2017\/09\/repudios-la-campana-mediatica-pueblo-mapuche\/#breadcrumb\",\"itemListElement\":[{\"@type\":\"ListItem\",\"position\":1,\"name\":\"Accueil\",\"item\":\"https:\/\/www.pressenza.com\/es\/\"},{\"@type\":\"ListItem\",\"position\":2,\"name\":\"Repudios a la campa\u00f1a medi\u00e1tica contra el pueblo mapuche\"}]},{\"@type\":\"WebSite\",\"@id\":\"https:\/\/www.pressenza.com\/es\/#website\",\"url\":\"https:\/\/www.pressenza.com\/es\/\",\"name\":\"Pressenza\",\"description\":\"International Press Agency\",\"publisher\":{\"@id\":\"https:\/\/www.pressenza.com\/es\/#organization\"},\"potentialAction\":[{\"@type\":\"SearchAction\",\"target\":{\"@type\":\"EntryPoint\",\"urlTemplate\":\"https:\/\/www.pressenza.com\/es\/?s={search_term_string}\"},\"query-input\":{\"@type\":\"PropertyValueSpecification\",\"valueRequired\":true,\"valueName\":\"search_term_string\"}}],\"inLanguage\":\"es\"},{\"@type\":\"Organization\",\"@id\":\"https:\/\/www.pressenza.com\/es\/#organization\",\"name\":\"Pressenza\",\"url\":\"https:\/\/www.pressenza.com\/es\/\",\"logo\":{\"@type\":\"ImageObject\",\"inLanguage\":\"es\",\"@id\":\"https:\/\/www.pressenza.com\/es\/#\/schema\/logo\/image\/\",\"url\":\"https:\/\/www.pressenza.com\/wp-content\/uploads\/2022\/10\/pressenza_logo_200x200.jpg\",\"contentUrl\":\"https:\/\/www.pressenza.com\/wp-content\/uploads\/2022\/10\/pressenza_logo_200x200.jpg\",\"width\":200,\"height\":200,\"caption\":\"Pressenza\"},\"image\":{\"@id\":\"https:\/\/www.pressenza.com\/es\/#\/schema\/logo\/image\/\"},\"sameAs\":[\"https:\/\/www.facebook.com\/PressenzaItalia\",\"https:\/\/x.com\/PressenzaIPA\"]},{\"@type\":\"Person\",\"@id\":\"https:\/\/www.pressenza.com\/es\/#\/schema\/person\/0e60cd529ef3ecd836a42735fa83478b\",\"name\":\"Dar\u00edo Aranda\",\"description\":\"Dar\u00edo Aranda (argentino, 1977) es periodista. Especializado en extractivismo (petr\u00f3leo, miner\u00eda, agronegocios y forestales), escribe sobre el acontecer de los pueblos ind\u00edgenas, organizaciones campesinas y asambleas socioambientales. www.darioaranda.com.ar\",\"url\":\"https:\/\/www.pressenza.com\/es\/author\/dario-aranda\/\"}]}<\/script>\n<!-- \/ Yoast SEO plugin. -->","yoast_head_json":{"title":"Repudios a la campa\u00f1a medi\u00e1tica contra el pueblo mapuche","description":"Por Dar\u00edo Aranda Referentes de pueblos originarios, acad\u00e9micos y periodistas alertaron sobre los discursos discriminatorios y estigmatizantes expresados","robots":{"index":"index","follow":"follow","max-snippet":"max-snippet:-1","max-image-preview":"max-image-preview:large","max-video-preview":"max-video-preview:-1"},"canonical":"https:\/\/www.pressenza.com\/es\/2017\/09\/repudios-la-campana-mediatica-pueblo-mapuche\/","og_locale":"es_ES","og_type":"article","og_title":"Repudios a la campa\u00f1a medi\u00e1tica contra el pueblo mapuche","og_description":"Por Dar\u00edo Aranda Referentes de pueblos originarios, acad\u00e9micos y periodistas alertaron sobre los discursos discriminatorios y estigmatizantes expresados","og_url":"https:\/\/www.pressenza.com\/es\/2017\/09\/repudios-la-campana-mediatica-pueblo-mapuche\/","og_site_name":"Pressenza","article_publisher":"https:\/\/www.facebook.com\/PressenzaItalia","article_published_time":"2017-09-26T11:54:48+00:00","og_image":[{"width":2048,"height":1365,"url":"https:\/\/www.pressenza.com\/wp-content\/uploads\/2017\/09\/negro-ramirez.jpg","type":"image\/jpeg"}],"author":"Dar\u00edo Aranda","twitter_card":"summary_large_image","twitter_creator":"@PressenzaIPA","twitter_site":"@PressenzaIPA","twitter_misc":{"Escrito por":"Dar\u00edo Aranda","Tiempo de lectura":"5 minutos"},"schema":{"@context":"https:\/\/schema.org","@graph":[{"@type":"Article","@id":"https:\/\/www.pressenza.com\/es\/2017\/09\/repudios-la-campana-mediatica-pueblo-mapuche\/#article","isPartOf":{"@id":"https:\/\/www.pressenza.com\/es\/2017\/09\/repudios-la-campana-mediatica-pueblo-mapuche\/"},"author":{"name":"Dar\u00edo Aranda","@id":"https:\/\/www.pressenza.com\/es\/#\/schema\/person\/0e60cd529ef3ecd836a42735fa83478b"},"headline":"Repudios a la campa\u00f1a medi\u00e1tica contra el pueblo mapuche","datePublished":"2017-09-26T11:54:48+00:00","mainEntityOfPage":{"@id":"https:\/\/www.pressenza.com\/es\/2017\/09\/repudios-la-campana-mediatica-pueblo-mapuche\/"},"wordCount":1056,"publisher":{"@id":"https:\/\/www.pressenza.com\/es\/#organization"},"image":{"@id":"https:\/\/www.pressenza.com\/es\/2017\/09\/repudios-la-campana-mediatica-pueblo-mapuche\/#primaryimage"},"thumbnailUrl":"https:\/\/www.pressenza.com\/wp-content\/uploads\/2017\/09\/negro-ramirez.jpg","keywords":["Argentina","extractivismo","indigenas","industrias extractivas","mapuches","Pueblos Originarios","Santiago Maldonado","territorios"],"articleSection":["Contenido Original","Pueblos Originarios","Sudam\u00e9rica"],"inLanguage":"es"},{"@type":"WebPage","@id":"https:\/\/www.pressenza.com\/es\/2017\/09\/repudios-la-campana-mediatica-pueblo-mapuche\/","url":"https:\/\/www.pressenza.com\/es\/2017\/09\/repudios-la-campana-mediatica-pueblo-mapuche\/","name":"Repudios a la campa\u00f1a medi\u00e1tica contra el pueblo mapuche","isPartOf":{"@id":"https:\/\/www.pressenza.com\/es\/#website"},"primaryImageOfPage":{"@id":"https:\/\/www.pressenza.com\/es\/2017\/09\/repudios-la-campana-mediatica-pueblo-mapuche\/#primaryimage"},"image":{"@id":"https:\/\/www.pressenza.com\/es\/2017\/09\/repudios-la-campana-mediatica-pueblo-mapuche\/#primaryimage"},"thumbnailUrl":"https:\/\/www.pressenza.com\/wp-content\/uploads\/2017\/09\/negro-ramirez.jpg","datePublished":"2017-09-26T11:54:48+00:00","description":"Por Dar\u00edo Aranda Referentes de pueblos originarios, acad\u00e9micos y periodistas alertaron sobre los discursos discriminatorios y estigmatizantes expresados","breadcrumb":{"@id":"https:\/\/www.pressenza.com\/es\/2017\/09\/repudios-la-campana-mediatica-pueblo-mapuche\/#breadcrumb"},"inLanguage":"es","potentialAction":[{"@type":"ReadAction","target":["https:\/\/www.pressenza.com\/es\/2017\/09\/repudios-la-campana-mediatica-pueblo-mapuche\/"]}]},{"@type":"ImageObject","inLanguage":"es","@id":"https:\/\/www.pressenza.com\/es\/2017\/09\/repudios-la-campana-mediatica-pueblo-mapuche\/#primaryimage","url":"https:\/\/www.pressenza.com\/wp-content\/uploads\/2017\/09\/negro-ramirez.jpg","contentUrl":"https:\/\/www.pressenza.com\/wp-content\/uploads\/2017\/09\/negro-ramirez.jpg","width":2048,"height":1365},{"@type":"BreadcrumbList","@id":"https:\/\/www.pressenza.com\/es\/2017\/09\/repudios-la-campana-mediatica-pueblo-mapuche\/#breadcrumb","itemListElement":[{"@type":"ListItem","position":1,"name":"Accueil","item":"https:\/\/www.pressenza.com\/es\/"},{"@type":"ListItem","position":2,"name":"Repudios a la campa\u00f1a medi\u00e1tica contra el pueblo mapuche"}]},{"@type":"WebSite","@id":"https:\/\/www.pressenza.com\/es\/#website","url":"https:\/\/www.pressenza.com\/es\/","name":"Pressenza","description":"International Press Agency","publisher":{"@id":"https:\/\/www.pressenza.com\/es\/#organization"},"potentialAction":[{"@type":"SearchAction","target":{"@type":"EntryPoint","urlTemplate":"https:\/\/www.pressenza.com\/es\/?s={search_term_string}"},"query-input":{"@type":"PropertyValueSpecification","valueRequired":true,"valueName":"search_term_string"}}],"inLanguage":"es"},{"@type":"Organization","@id":"https:\/\/www.pressenza.com\/es\/#organization","name":"Pressenza","url":"https:\/\/www.pressenza.com\/es\/","logo":{"@type":"ImageObject","inLanguage":"es","@id":"https:\/\/www.pressenza.com\/es\/#\/schema\/logo\/image\/","url":"https:\/\/www.pressenza.com\/wp-content\/uploads\/2022\/10\/pressenza_logo_200x200.jpg","contentUrl":"https:\/\/www.pressenza.com\/wp-content\/uploads\/2022\/10\/pressenza_logo_200x200.jpg","width":200,"height":200,"caption":"Pressenza"},"image":{"@id":"https:\/\/www.pressenza.com\/es\/#\/schema\/logo\/image\/"},"sameAs":["https:\/\/www.facebook.com\/PressenzaItalia","https:\/\/x.com\/PressenzaIPA"]},{"@type":"Person","@id":"https:\/\/www.pressenza.com\/es\/#\/schema\/person\/0e60cd529ef3ecd836a42735fa83478b","name":"Dar\u00edo Aranda","description":"Dar\u00edo Aranda (argentino, 1977) es periodista. Especializado en extractivismo (petr\u00f3leo, miner\u00eda, agronegocios y forestales), escribe sobre el acontecer de los pueblos ind\u00edgenas, organizaciones campesinas y asambleas socioambientales. www.darioaranda.com.ar","url":"https:\/\/www.pressenza.com\/es\/author\/dario-aranda\/"}]}},"place":"Argentina","original_article_url":"","_links":{"self":[{"href":"https:\/\/www.pressenza.com\/es\/wp-json\/wp\/v2\/posts\/524498","targetHints":{"allow":["GET"]}}],"collection":[{"href":"https:\/\/www.pressenza.com\/es\/wp-json\/wp\/v2\/posts"}],"about":[{"href":"https:\/\/www.pressenza.com\/es\/wp-json\/wp\/v2\/types\/post"}],"author":[{"embeddable":true,"href":"https:\/\/www.pressenza.com\/es\/wp-json\/wp\/v2\/users\/1210"}],"replies":[{"embeddable":true,"href":"https:\/\/www.pressenza.com\/es\/wp-json\/wp\/v2\/comments?post=524498"}],"version-history":[{"count":0,"href":"https:\/\/www.pressenza.com\/es\/wp-json\/wp\/v2\/posts\/524498\/revisions"}],"wp:featuredmedia":[{"embeddable":true,"href":"https:\/\/www.pressenza.com\/es\/wp-json\/wp\/v2\/media\/524499"}],"wp:attachment":[{"href":"https:\/\/www.pressenza.com\/es\/wp-json\/wp\/v2\/media?parent=524498"}],"wp:term":[{"taxonomy":"category","embeddable":true,"href":"https:\/\/www.pressenza.com\/es\/wp-json\/wp\/v2\/categories?post=524498"},{"taxonomy":"post_tag","embeddable":true,"href":"https:\/\/www.pressenza.com\/es\/wp-json\/wp\/v2\/tags?post=524498"}],"curies":[{"name":"wp","href":"https:\/\/api.w.org\/{rel}","templated":true}]}}