{"id":524266,"date":"2017-09-26T01:00:59","date_gmt":"2017-09-26T00:00:59","guid":{"rendered":"https:\/\/www.pressenza.com\/?p=524266\/"},"modified":"2017-09-26T01:00:59","modified_gmt":"2017-09-26T00:00:59","slug":"deportistas-norteamericanos-se-enfrentan-trump","status":"publish","type":"post","link":"https:\/\/www.pressenza.com\/es\/2017\/09\/deportistas-norteamericanos-se-enfrentan-trump\/","title":{"rendered":"Deportistas norteamericanos se enfrentan a Trump"},"content":{"rendered":"<p>El viernes por la noche el presidente de los Estados Unidos, Donald Trump, en un evento ante diez mil personas en Alabama, pidi\u00f3 a los due\u00f1os de los equipos de la Liga de F\u00fatbol Americano que despidan o suspendan a los jugadores afroamericanos que no muestran el debido respeto a la bandera estadounidense. Y dijo que aquel que lo haga \u201cno lo sabe, pero va a ser la persona m\u00e1s popular en este pa\u00eds\u201d.<\/p>\n<p>Las declaraciones fueron en reprimenda a los gestos de diferentes jugadores que se quedaban sentados o se arrodillaban cuando sonaba el himno norteamericano en se\u00f1al de protesta por la discriminaci\u00f3n y la violencia que siguen sufriendo los negros en el pa\u00eds.<\/p>\n<p>Las respuestas a las declaraciones no se hicieron esperar y en el primer partido que se jug\u00f3 de la NFL (por sus siglas en ingl\u00e9s), el mismo viernes, al menos 150 jugadores mostraron su rechazo en los estadios de todo el pa\u00eds.<\/p>\n<p>El s\u00e1bado por la noche, el acto de repudio se vio por primera vez en un estadio de b\u00e9isbol, cuando Bruce Maxwell, de los Oakland Athletics, se convirti\u00f3 en el primer jugador de las Grandes Ligas en hincarse durante el himno nacional.<\/p>\n<p>El partido de la NFL entre los Seattle Seahawks y los Tennessee Titans directamente no cont\u00f3 con la presencia de ning\u00fan jugador en el terreno de juego mientras sonaba el himno, e incluso el mismo cantante se arrodill\u00f3 tras entonarlo. Lo mismo ocurri\u00f3 con el cantante del partido entre los Lions y los Falcons.<\/p>\n<p>En otros partidos, los jugadores de ambos equipos se mantuvieron con los brazos entrelazados e incluso en el partido de los Jaguars, el due\u00f1o del club, Shahid Khan se uni\u00f3 en el abrazo con los jugadores. Khan hab\u00eda sido aportante de la campa\u00f1a de Donald Trump con un mill\u00f3n de d\u00f3lares.<\/p>\n<p>Trump tambi\u00e9n le respondi\u00f3 a la comunidad deportiva, cancelando la invitaci\u00f3n a los campeones de la liga de baloncesto, la famosa NBA, los Golden State Warriors, luego de que uno de los jugadores hab\u00eda anunciado que no ir\u00eda a la Casa Blanca a ver al presidente.<\/p>\n<p>\u201cNo creo que el no ir a la Casa Blanca vaya a mejorar todo milagrosamente, pero esta es mi oportunidad para hablar del tema\u201d, dijo Stephen Curry, elegido el mejor jugador de la liga en dos oportunidades. Y agreg\u00f3 que no quer\u00eda dejar pasar la oportunidad de destacar aquellas cosas que consideraba que Trump estaba haciendo mal.<\/p>\n<p>Trump suspendi\u00f3 la cita diciendo que \u201cIr a la Casa Blanca para el campe\u00f3n era un gran honor\u201d en su cuenta de Twitter, que recibi\u00f3 una fuerte respuesta de otra estrella de la NBA, Lebron James \u201c\u00a1Ir a la Casa Blanca era un gran honor hasta que apareciste t\u00fa!\u201d.<\/p>\n<p>El exjugador Kobe Bryant tambi\u00e9n tuite\u00f3 \u201cUn presidente de Estados Unidos cuyo mero nombre crea divisi\u00f3n e ira. Cuyas palabras inspiran disenso y odio no puede hacer que \u201cAm\u00e9rica sea grande de nuevo\u201d\u201d.<\/p>\n<p>Trump utiliza estas discusiones para llamar la atenci\u00f3n y ganar adeptos a su causa nacionalista, pero tambi\u00e9n es cierto que la visibilidad de los deportistas de \u00e9lite tambi\u00e9n pueden hacer pensar a muchas personas alejadas de la pol\u00edtica.<\/p>\n","protected":false},"excerpt":{"rendered":"<p>El viernes por la noche el presidente de los Estados Unidos, Donald Trump, en un evento ante diez mil personas en Alabama, pidi\u00f3 a los due\u00f1os de los equipos de la Liga de F\u00fatbol Americano que despidan o suspendan a&hellip;<\/p>\n","protected":false},"author":96,"featured_media":524267,"comment_status":"closed","ping_status":"closed","sticky":false,"template":"","format":"standard","meta":{"footnotes":""},"categories":[11389,1241,68,1242,74],"tags":[40500,26187,19168,383,3098,4107],"class_list":["post-524266","post","type-post","status-publish","format-standard","has-post-thumbnail","hentry","category-contenido-original","category-diversidad","category-norteamerica","category-noviolencia-tema","category-politica-es","tag-deportistas","tag-donald-trump-es","tag-estados-unidos","tag-noviolencia","tag-racismo","tag-violencia-racial"],"yoast_head":"<!-- This site is optimized with the Yoast SEO plugin v27.1.1 - https:\/\/yoast.com\/product\/yoast-seo-wordpress\/ -->\n<title>Deportistas norteamericanos se enfrentan a Trump<\/title>\n<meta name=\"description\" content=\"El viernes por la noche el presidente de los Estados Unidos, Donald Trump, en un evento ante diez mil personas en Alabama, pidi\u00f3 a los due\u00f1os de los\" \/>\n<meta name=\"robots\" content=\"index, follow, max-snippet:-1, max-image-preview:large, max-video-preview:-1\" \/>\n<link rel=\"canonical\" href=\"https:\/\/www.pressenza.com\/es\/2017\/09\/deportistas-norteamericanos-se-enfrentan-trump\/\" \/>\n<meta property=\"og:locale\" content=\"es_ES\" \/>\n<meta property=\"og:type\" content=\"article\" \/>\n<meta property=\"og:title\" content=\"Deportistas norteamericanos se enfrentan a Trump\" \/>\n<meta property=\"og:description\" content=\"El viernes por la noche el presidente de los Estados Unidos, Donald Trump, en un evento ante diez mil personas en Alabama, pidi\u00f3 a los due\u00f1os de los\" \/>\n<meta property=\"og:url\" content=\"https:\/\/www.pressenza.com\/es\/2017\/09\/deportistas-norteamericanos-se-enfrentan-trump\/\" \/>\n<meta property=\"og:site_name\" content=\"Pressenza\" \/>\n<meta property=\"article:publisher\" content=\"https:\/\/www.facebook.com\/PressenzaItalia\" \/>\n<meta property=\"article:author\" content=\"https:\/\/www.facebook.com\/mariano.quiroga.779\" \/>\n<meta property=\"article:published_time\" content=\"2017-09-26T00:00:59+00:00\" \/>\n<meta property=\"og:image\" content=\"https:\/\/www.pressenza.com\/wp-content\/uploads\/2017\/09\/jugadoresnfl.jpg\" \/>\n\t<meta property=\"og:image:width\" content=\"681\" \/>\n\t<meta property=\"og:image:height\" content=\"383\" \/>\n\t<meta property=\"og:image:type\" content=\"image\/jpeg\" \/>\n<meta name=\"author\" content=\"Mariano Quiroga\" \/>\n<meta name=\"twitter:card\" content=\"summary_large_image\" \/>\n<meta name=\"twitter:creator\" content=\"@MaruchoQuiroga\" \/>\n<meta name=\"twitter:site\" content=\"@PressenzaIPA\" \/>\n<meta name=\"twitter:label1\" content=\"Escrito por\" \/>\n\t<meta name=\"twitter:data1\" content=\"Mariano Quiroga\" \/>\n\t<meta name=\"twitter:label2\" content=\"Tiempo de lectura\" \/>\n\t<meta name=\"twitter:data2\" content=\"3 minutos\" \/>\n<script type=\"application\/ld+json\" class=\"yoast-schema-graph\">{\"@context\":\"https:\/\/schema.org\",\"@graph\":[{\"@type\":\"Article\",\"@id\":\"https:\/\/www.pressenza.com\/es\/2017\/09\/deportistas-norteamericanos-se-enfrentan-trump\/#article\",\"isPartOf\":{\"@id\":\"https:\/\/www.pressenza.com\/es\/2017\/09\/deportistas-norteamericanos-se-enfrentan-trump\/\"},\"author\":{\"name\":\"Mariano Quiroga\",\"@id\":\"https:\/\/www.pressenza.com\/es\/#\/schema\/person\/a0856fe41d8234b92503e6b28dc2585e\"},\"headline\":\"Deportistas norteamericanos se enfrentan a Trump\",\"datePublished\":\"2017-09-26T00:00:59+00:00\",\"mainEntityOfPage\":{\"@id\":\"https:\/\/www.pressenza.com\/es\/2017\/09\/deportistas-norteamericanos-se-enfrentan-trump\/\"},\"wordCount\":562,\"publisher\":{\"@id\":\"https:\/\/www.pressenza.com\/es\/#organization\"},\"image\":{\"@id\":\"https:\/\/www.pressenza.com\/es\/2017\/09\/deportistas-norteamericanos-se-enfrentan-trump\/#primaryimage\"},\"thumbnailUrl\":\"https:\/\/www.pressenza.com\/wp-content\/uploads\/2017\/09\/jugadoresnfl.jpg\",\"keywords\":[\"deportistas\",\"Donald Trump\",\"Estados Unidos\",\"Noviolencia\",\"racismo\",\"Violencia racial\"],\"articleSection\":[\"Contenido Original\",\"Diversidad\",\"Norteam\u00e9rica\",\"Noviolencia\",\"Pol\u00edtica\"],\"inLanguage\":\"es\"},{\"@type\":\"WebPage\",\"@id\":\"https:\/\/www.pressenza.com\/es\/2017\/09\/deportistas-norteamericanos-se-enfrentan-trump\/\",\"url\":\"https:\/\/www.pressenza.com\/es\/2017\/09\/deportistas-norteamericanos-se-enfrentan-trump\/\",\"name\":\"Deportistas norteamericanos se enfrentan a Trump\",\"isPartOf\":{\"@id\":\"https:\/\/www.pressenza.com\/es\/#website\"},\"primaryImageOfPage\":{\"@id\":\"https:\/\/www.pressenza.com\/es\/2017\/09\/deportistas-norteamericanos-se-enfrentan-trump\/#primaryimage\"},\"image\":{\"@id\":\"https:\/\/www.pressenza.com\/es\/2017\/09\/deportistas-norteamericanos-se-enfrentan-trump\/#primaryimage\"},\"thumbnailUrl\":\"https:\/\/www.pressenza.com\/wp-content\/uploads\/2017\/09\/jugadoresnfl.jpg\",\"datePublished\":\"2017-09-26T00:00:59+00:00\",\"description\":\"El viernes por la noche el presidente de los Estados Unidos, Donald Trump, en un evento ante diez mil personas en Alabama, pidi\u00f3 a los due\u00f1os de los\",\"breadcrumb\":{\"@id\":\"https:\/\/www.pressenza.com\/es\/2017\/09\/deportistas-norteamericanos-se-enfrentan-trump\/#breadcrumb\"},\"inLanguage\":\"es\",\"potentialAction\":[{\"@type\":\"ReadAction\",\"target\":[\"https:\/\/www.pressenza.com\/es\/2017\/09\/deportistas-norteamericanos-se-enfrentan-trump\/\"]}]},{\"@type\":\"ImageObject\",\"inLanguage\":\"es\",\"@id\":\"https:\/\/www.pressenza.com\/es\/2017\/09\/deportistas-norteamericanos-se-enfrentan-trump\/#primaryimage\",\"url\":\"https:\/\/www.pressenza.com\/wp-content\/uploads\/2017\/09\/jugadoresnfl.jpg\",\"contentUrl\":\"https:\/\/www.pressenza.com\/wp-content\/uploads\/2017\/09\/jugadoresnfl.jpg\",\"width\":681,\"height\":383},{\"@type\":\"BreadcrumbList\",\"@id\":\"https:\/\/www.pressenza.com\/es\/2017\/09\/deportistas-norteamericanos-se-enfrentan-trump\/#breadcrumb\",\"itemListElement\":[{\"@type\":\"ListItem\",\"position\":1,\"name\":\"Accueil\",\"item\":\"https:\/\/www.pressenza.com\/es\/\"},{\"@type\":\"ListItem\",\"position\":2,\"name\":\"Deportistas norteamericanos se enfrentan a Trump\"}]},{\"@type\":\"WebSite\",\"@id\":\"https:\/\/www.pressenza.com\/es\/#website\",\"url\":\"https:\/\/www.pressenza.com\/es\/\",\"name\":\"Pressenza\",\"description\":\"International Press Agency\",\"publisher\":{\"@id\":\"https:\/\/www.pressenza.com\/es\/#organization\"},\"potentialAction\":[{\"@type\":\"SearchAction\",\"target\":{\"@type\":\"EntryPoint\",\"urlTemplate\":\"https:\/\/www.pressenza.com\/es\/?s={search_term_string}\"},\"query-input\":{\"@type\":\"PropertyValueSpecification\",\"valueRequired\":true,\"valueName\":\"search_term_string\"}}],\"inLanguage\":\"es\"},{\"@type\":\"Organization\",\"@id\":\"https:\/\/www.pressenza.com\/es\/#organization\",\"name\":\"Pressenza\",\"url\":\"https:\/\/www.pressenza.com\/es\/\",\"logo\":{\"@type\":\"ImageObject\",\"inLanguage\":\"es\",\"@id\":\"https:\/\/www.pressenza.com\/es\/#\/schema\/logo\/image\/\",\"url\":\"https:\/\/www.pressenza.com\/wp-content\/uploads\/2022\/10\/pressenza_logo_200x200.jpg\",\"contentUrl\":\"https:\/\/www.pressenza.com\/wp-content\/uploads\/2022\/10\/pressenza_logo_200x200.jpg\",\"width\":200,\"height\":200,\"caption\":\"Pressenza\"},\"image\":{\"@id\":\"https:\/\/www.pressenza.com\/es\/#\/schema\/logo\/image\/\"},\"sameAs\":[\"https:\/\/www.facebook.com\/PressenzaItalia\",\"https:\/\/x.com\/PressenzaIPA\"]},{\"@type\":\"Person\",\"@id\":\"https:\/\/www.pressenza.com\/es\/#\/schema\/person\/a0856fe41d8234b92503e6b28dc2585e\",\"name\":\"Mariano Quiroga\",\"description\":\"Born in Buenos Aires, Argentina, in 1976, Mariano is a journalist, poet and international editor for Pressenza. His career includes publications in different countries and languages. Currently he is presenter on radio programmes in Ecuador and Argentina. A humanist communicator specialising in international politics, his vocation has led him to seek to build bridges that allow relationships to be made between data, events, people and contexts in order to create an inclusive look that synthesises the noblest searches for social justice and humanisation of the planet.\",\"sameAs\":[\"https:\/\/www.facebook.com\/mariano.quiroga.779\",\"https:\/\/x.com\/MaruchoQuiroga\"],\"url\":\"https:\/\/www.pressenza.com\/es\/author\/mariano-quiroga\/\"}]}<\/script>\n<!-- \/ Yoast SEO plugin. -->","yoast_head_json":{"title":"Deportistas norteamericanos se enfrentan a Trump","description":"El viernes por la noche el presidente de los Estados Unidos, Donald Trump, en un evento ante diez mil personas en Alabama, pidi\u00f3 a los due\u00f1os de los","robots":{"index":"index","follow":"follow","max-snippet":"max-snippet:-1","max-image-preview":"max-image-preview:large","max-video-preview":"max-video-preview:-1"},"canonical":"https:\/\/www.pressenza.com\/es\/2017\/09\/deportistas-norteamericanos-se-enfrentan-trump\/","og_locale":"es_ES","og_type":"article","og_title":"Deportistas norteamericanos se enfrentan a Trump","og_description":"El viernes por la noche el presidente de los Estados Unidos, Donald Trump, en un evento ante diez mil personas en Alabama, pidi\u00f3 a los due\u00f1os de los","og_url":"https:\/\/www.pressenza.com\/es\/2017\/09\/deportistas-norteamericanos-se-enfrentan-trump\/","og_site_name":"Pressenza","article_publisher":"https:\/\/www.facebook.com\/PressenzaItalia","article_author":"https:\/\/www.facebook.com\/mariano.quiroga.779","article_published_time":"2017-09-26T00:00:59+00:00","og_image":[{"width":681,"height":383,"url":"https:\/\/www.pressenza.com\/wp-content\/uploads\/2017\/09\/jugadoresnfl.jpg","type":"image\/jpeg"}],"author":"Mariano Quiroga","twitter_card":"summary_large_image","twitter_creator":"@MaruchoQuiroga","twitter_site":"@PressenzaIPA","twitter_misc":{"Escrito por":"Mariano Quiroga","Tiempo de lectura":"3 minutos"},"schema":{"@context":"https:\/\/schema.org","@graph":[{"@type":"Article","@id":"https:\/\/www.pressenza.com\/es\/2017\/09\/deportistas-norteamericanos-se-enfrentan-trump\/#article","isPartOf":{"@id":"https:\/\/www.pressenza.com\/es\/2017\/09\/deportistas-norteamericanos-se-enfrentan-trump\/"},"author":{"name":"Mariano Quiroga","@id":"https:\/\/www.pressenza.com\/es\/#\/schema\/person\/a0856fe41d8234b92503e6b28dc2585e"},"headline":"Deportistas norteamericanos se enfrentan a Trump","datePublished":"2017-09-26T00:00:59+00:00","mainEntityOfPage":{"@id":"https:\/\/www.pressenza.com\/es\/2017\/09\/deportistas-norteamericanos-se-enfrentan-trump\/"},"wordCount":562,"publisher":{"@id":"https:\/\/www.pressenza.com\/es\/#organization"},"image":{"@id":"https:\/\/www.pressenza.com\/es\/2017\/09\/deportistas-norteamericanos-se-enfrentan-trump\/#primaryimage"},"thumbnailUrl":"https:\/\/www.pressenza.com\/wp-content\/uploads\/2017\/09\/jugadoresnfl.jpg","keywords":["deportistas","Donald Trump","Estados Unidos","Noviolencia","racismo","Violencia racial"],"articleSection":["Contenido Original","Diversidad","Norteam\u00e9rica","Noviolencia","Pol\u00edtica"],"inLanguage":"es"},{"@type":"WebPage","@id":"https:\/\/www.pressenza.com\/es\/2017\/09\/deportistas-norteamericanos-se-enfrentan-trump\/","url":"https:\/\/www.pressenza.com\/es\/2017\/09\/deportistas-norteamericanos-se-enfrentan-trump\/","name":"Deportistas norteamericanos se enfrentan a Trump","isPartOf":{"@id":"https:\/\/www.pressenza.com\/es\/#website"},"primaryImageOfPage":{"@id":"https:\/\/www.pressenza.com\/es\/2017\/09\/deportistas-norteamericanos-se-enfrentan-trump\/#primaryimage"},"image":{"@id":"https:\/\/www.pressenza.com\/es\/2017\/09\/deportistas-norteamericanos-se-enfrentan-trump\/#primaryimage"},"thumbnailUrl":"https:\/\/www.pressenza.com\/wp-content\/uploads\/2017\/09\/jugadoresnfl.jpg","datePublished":"2017-09-26T00:00:59+00:00","description":"El viernes por la noche el presidente de los Estados Unidos, Donald Trump, en un evento ante diez mil personas en Alabama, pidi\u00f3 a los due\u00f1os de los","breadcrumb":{"@id":"https:\/\/www.pressenza.com\/es\/2017\/09\/deportistas-norteamericanos-se-enfrentan-trump\/#breadcrumb"},"inLanguage":"es","potentialAction":[{"@type":"ReadAction","target":["https:\/\/www.pressenza.com\/es\/2017\/09\/deportistas-norteamericanos-se-enfrentan-trump\/"]}]},{"@type":"ImageObject","inLanguage":"es","@id":"https:\/\/www.pressenza.com\/es\/2017\/09\/deportistas-norteamericanos-se-enfrentan-trump\/#primaryimage","url":"https:\/\/www.pressenza.com\/wp-content\/uploads\/2017\/09\/jugadoresnfl.jpg","contentUrl":"https:\/\/www.pressenza.com\/wp-content\/uploads\/2017\/09\/jugadoresnfl.jpg","width":681,"height":383},{"@type":"BreadcrumbList","@id":"https:\/\/www.pressenza.com\/es\/2017\/09\/deportistas-norteamericanos-se-enfrentan-trump\/#breadcrumb","itemListElement":[{"@type":"ListItem","position":1,"name":"Accueil","item":"https:\/\/www.pressenza.com\/es\/"},{"@type":"ListItem","position":2,"name":"Deportistas norteamericanos se enfrentan a Trump"}]},{"@type":"WebSite","@id":"https:\/\/www.pressenza.com\/es\/#website","url":"https:\/\/www.pressenza.com\/es\/","name":"Pressenza","description":"International Press Agency","publisher":{"@id":"https:\/\/www.pressenza.com\/es\/#organization"},"potentialAction":[{"@type":"SearchAction","target":{"@type":"EntryPoint","urlTemplate":"https:\/\/www.pressenza.com\/es\/?s={search_term_string}"},"query-input":{"@type":"PropertyValueSpecification","valueRequired":true,"valueName":"search_term_string"}}],"inLanguage":"es"},{"@type":"Organization","@id":"https:\/\/www.pressenza.com\/es\/#organization","name":"Pressenza","url":"https:\/\/www.pressenza.com\/es\/","logo":{"@type":"ImageObject","inLanguage":"es","@id":"https:\/\/www.pressenza.com\/es\/#\/schema\/logo\/image\/","url":"https:\/\/www.pressenza.com\/wp-content\/uploads\/2022\/10\/pressenza_logo_200x200.jpg","contentUrl":"https:\/\/www.pressenza.com\/wp-content\/uploads\/2022\/10\/pressenza_logo_200x200.jpg","width":200,"height":200,"caption":"Pressenza"},"image":{"@id":"https:\/\/www.pressenza.com\/es\/#\/schema\/logo\/image\/"},"sameAs":["https:\/\/www.facebook.com\/PressenzaItalia","https:\/\/x.com\/PressenzaIPA"]},{"@type":"Person","@id":"https:\/\/www.pressenza.com\/es\/#\/schema\/person\/a0856fe41d8234b92503e6b28dc2585e","name":"Mariano Quiroga","description":"Born in Buenos Aires, Argentina, in 1976, Mariano is a journalist, poet and international editor for Pressenza. His career includes publications in different countries and languages. Currently he is presenter on radio programmes in Ecuador and Argentina. A humanist communicator specialising in international politics, his vocation has led him to seek to build bridges that allow relationships to be made between data, events, people and contexts in order to create an inclusive look that synthesises the noblest searches for social justice and humanisation of the planet.","sameAs":["https:\/\/www.facebook.com\/mariano.quiroga.779","https:\/\/x.com\/MaruchoQuiroga"],"url":"https:\/\/www.pressenza.com\/es\/author\/mariano-quiroga\/"}]}},"place":"Quito, Ecuador","original_article_url":"http:\/\/portal.pichinchauniversal.com.ec\/?p=4517#","_links":{"self":[{"href":"https:\/\/www.pressenza.com\/es\/wp-json\/wp\/v2\/posts\/524266","targetHints":{"allow":["GET"]}}],"collection":[{"href":"https:\/\/www.pressenza.com\/es\/wp-json\/wp\/v2\/posts"}],"about":[{"href":"https:\/\/www.pressenza.com\/es\/wp-json\/wp\/v2\/types\/post"}],"author":[{"embeddable":true,"href":"https:\/\/www.pressenza.com\/es\/wp-json\/wp\/v2\/users\/96"}],"replies":[{"embeddable":true,"href":"https:\/\/www.pressenza.com\/es\/wp-json\/wp\/v2\/comments?post=524266"}],"version-history":[{"count":0,"href":"https:\/\/www.pressenza.com\/es\/wp-json\/wp\/v2\/posts\/524266\/revisions"}],"wp:featuredmedia":[{"embeddable":true,"href":"https:\/\/www.pressenza.com\/es\/wp-json\/wp\/v2\/media\/524267"}],"wp:attachment":[{"href":"https:\/\/www.pressenza.com\/es\/wp-json\/wp\/v2\/media?parent=524266"}],"wp:term":[{"taxonomy":"category","embeddable":true,"href":"https:\/\/www.pressenza.com\/es\/wp-json\/wp\/v2\/categories?post=524266"},{"taxonomy":"post_tag","embeddable":true,"href":"https:\/\/www.pressenza.com\/es\/wp-json\/wp\/v2\/tags?post=524266"}],"curies":[{"name":"wp","href":"https:\/\/api.w.org\/{rel}","templated":true}]}}