{"id":52371,"date":"2013-05-17T01:03:56","date_gmt":"2013-05-17T00:03:56","guid":{"rendered":"http:\/\/www.pressenza.com\/?p=52371"},"modified":"2013-05-17T01:03:56","modified_gmt":"2013-05-17T00:03:56","slug":"comienza-el-alba-de-los-movimientos-sociales","status":"publish","type":"post","link":"https:\/\/www.pressenza.com\/es\/2013\/05\/comienza-el-alba-de-los-movimientos-sociales\/","title":{"rendered":"Comienza el Alba de los movimientos sociales"},"content":{"rendered":"<p style=\"text-align: justify;\" align=\"center\"><strong>Durante cinco d\u00edas, entre el\u00a016 y el 20 de mayo de 2013, movimientos populares de todo el continente nos reuniremos para avanzar en\u00a0nuestra articulaci\u00f3n org\u00e1nica, inspirada en los principios y objetivos de la Alianza Bolivariana para Nuestras Am\u00e9ricas (ALBA).\u00a0<\/strong><\/p>\n<p style=\"text-align: justify;\">Durante cinco d\u00edas, entre el\u00a0<strong>16 y el 20 de mayo de 2013<\/strong>, movimientos populares de todo el continente nos reuniremos para avanzar en nuestra articulaci\u00f3n org\u00e1nica, inspirada en los principios y objetivos de la Alianza Bolivariana para Nuestras Am\u00e9ricas (ALBA). Asumiendo la tarea de aportar a construir, desde la base, la unidad entre los pueblos de Am\u00e9rica Latina y el Caribe,\u00a0<strong>m\u00e1s de 200 delegadas y delegados de 22 pa\u00edses\u00a0<\/strong>debatiremos un plan de acci\u00f3n a desarrollar en todo el continente, el cual tendra como principales ejes:\u00a0<strong>La lucha contra la militarizacion y la criminalizacion de la protesta social; La batalla contra las transnacionales y procesos de privatizacion; La defensa de los derechos de la madre tierra y del buen vivir y la solidaridad internacional.<\/strong><\/p>\n<p style=\"text-align: justify;\">Con este objetivo, organizaciones de trabajadoras y trabajadores, campesinas, sindicales, juveniles, feministas, culturales, de pueblos originarios, universitarias, en defensa del ambiente, intelectuales ser\u00e1n recibidas en la Escola Nacional Florestan Fernandes, del Movimiento Sin Tierra de Brasil.<\/p>\n<p style=\"text-align: justify;\">La\u00a0<strong>Articulaci\u00f3n de Movimientos Sociales hacia el ALBA\u00a0<\/strong>tiene su origen en un amplio proceso de articulaci\u00f3n de luchas de los pueblos de Am\u00e9rica Latina, desde mediados de los 90 hasta la actualidad. En ese largo camino, destaca la Asamblea de Movimientos Sociales realizada en el marco del Foro Social Mundial, en enero de 2009, donde las organizaciones populares nos pusimos de acuerdo en la<strong>\u00a0Carta de Bel\u00e9m<\/strong>, apostando a construir un proyecto de vida de los pueblos, frente a la voracidad capitalista, imperialista y patriarcal.<\/p>\n<p style=\"text-align: justify;\">Hoy, como hace cuatro a\u00f1os, reafirmamos la necesidad de impulsar \u201cu<strong>na nueva gesta de independencia latinoamericana, de los pueblos y para los pueblos, por una integraci\u00f3n popular, por la vida, por la justicia, por la paz, por la soberan\u00eda, por la identidad, por la igualdad, por la libertad de Am\u00e9rica Latina, por una aut\u00e9ntica emancipaci\u00f3n, que tenga en su horizonte el socialismo\u201d<\/strong>. En estos cinco d\u00edas, debatiremos con la perspectiva de seguir consolidando una pr\u00e1ctica com\u00fan: de movilizaci\u00f3n, de formaci\u00f3n, de comunicaci\u00f3n y de solidaridad concreta para avanzar en estos objetivos: \u201cLa unidad e integraci\u00f3n de Nuestra Am\u00e9rica est\u00e1 en nuestro horizonte y es nuestro camino\u201d.<\/p>\n<p><strong>+info:<\/strong> <a href=\"http:\/\/www.albamovimientos.org\/\" target=\"_blank\">albamovimientos.org<\/a><\/p>\n","protected":false},"excerpt":{"rendered":"<p>Durante cinco d\u00edas, entre el\u00a016 y el 20 de mayo de 2013, movimientos populares de todo el continente nos reuniremos para avanzar en\u00a0nuestra articulaci\u00f3n org\u00e1nica, inspirada en los principios y objetivos de la Alianza Bolivariana para Nuestras Am\u00e9ricas (ALBA).\u00a0 Durante&hellip;<\/p>\n","protected":false},"author":616,"featured_media":52374,"comment_status":"closed","ping_status":"open","sticky":false,"template":"","format":"standard","meta":{"footnotes":""},"categories":[76,67],"tags":[1497],"class_list":["post-52371","post","type-post","status-publish","format-standard","has-post-thumbnail","hentry","category-relaciones-exteriores","category-sudamerica","tag-movimientos-sociales"],"yoast_head":"<!-- This site is optimized with the Yoast SEO plugin v27.1.1 - https:\/\/yoast.com\/product\/yoast-seo-wordpress\/ -->\n<title>Comienza el Alba de los movimientos sociales<\/title>\n<meta name=\"description\" content=\"Durante cinco d\u00edas, entre el\u00a016 y el 20 de mayo de 2013, movimientos populares de todo el continente nos reuniremos para avanzar en\u00a0nuestra articulaci\u00f3n\" \/>\n<meta name=\"robots\" content=\"index, follow, max-snippet:-1, max-image-preview:large, max-video-preview:-1\" \/>\n<link rel=\"canonical\" href=\"https:\/\/www.pressenza.com\/es\/2013\/05\/comienza-el-alba-de-los-movimientos-sociales\/\" \/>\n<meta property=\"og:locale\" content=\"es_ES\" \/>\n<meta property=\"og:type\" content=\"article\" \/>\n<meta property=\"og:title\" content=\"Comienza el Alba de los movimientos sociales\" \/>\n<meta property=\"og:description\" content=\"Durante cinco d\u00edas, entre el\u00a016 y el 20 de mayo de 2013, movimientos populares de todo el continente nos reuniremos para avanzar en\u00a0nuestra articulaci\u00f3n\" \/>\n<meta property=\"og:url\" content=\"https:\/\/www.pressenza.com\/es\/2013\/05\/comienza-el-alba-de-los-movimientos-sociales\/\" \/>\n<meta property=\"og:site_name\" content=\"Pressenza\" \/>\n<meta property=\"article:publisher\" content=\"https:\/\/www.facebook.com\/PressenzaItalia\" \/>\n<meta property=\"article:published_time\" content=\"2013-05-17T00:03:56+00:00\" \/>\n<meta property=\"og:image\" content=\"https:\/\/www.pressenza.com\/wp-content\/uploads\/2013\/05\/Asamblea-Alba1-789x1024-e1368722722430.jpg\" \/>\n\t<meta property=\"og:image:width\" content=\"620\" \/>\n\t<meta property=\"og:image:height\" content=\"804\" \/>\n\t<meta property=\"og:image:type\" content=\"image\/jpeg\" \/>\n<meta name=\"author\" content=\"El Ciudadano\" \/>\n<meta name=\"twitter:card\" content=\"summary_large_image\" \/>\n<meta name=\"twitter:creator\" content=\"@PressenzaIPA\" \/>\n<meta name=\"twitter:site\" content=\"@PressenzaIPA\" \/>\n<meta name=\"twitter:label1\" content=\"Escrito por\" \/>\n\t<meta name=\"twitter:data1\" content=\"El Ciudadano\" \/>\n\t<meta name=\"twitter:label2\" content=\"Tiempo de lectura\" \/>\n\t<meta name=\"twitter:data2\" content=\"2 minutos\" \/>\n<script type=\"application\/ld+json\" class=\"yoast-schema-graph\">{\"@context\":\"https:\/\/schema.org\",\"@graph\":[{\"@type\":\"Article\",\"@id\":\"https:\/\/www.pressenza.com\/es\/2013\/05\/comienza-el-alba-de-los-movimientos-sociales\/#article\",\"isPartOf\":{\"@id\":\"https:\/\/www.pressenza.com\/es\/2013\/05\/comienza-el-alba-de-los-movimientos-sociales\/\"},\"author\":{\"name\":\"El Ciudadano\",\"@id\":\"https:\/\/www.pressenza.com\/es\/#\/schema\/person\/6522eecb4cd68e074b27e251e4b04ef8\"},\"headline\":\"Comienza el Alba de los movimientos sociales\",\"datePublished\":\"2013-05-17T00:03:56+00:00\",\"mainEntityOfPage\":{\"@id\":\"https:\/\/www.pressenza.com\/es\/2013\/05\/comienza-el-alba-de-los-movimientos-sociales\/\"},\"wordCount\":426,\"publisher\":{\"@id\":\"https:\/\/www.pressenza.com\/es\/#organization\"},\"image\":{\"@id\":\"https:\/\/www.pressenza.com\/es\/2013\/05\/comienza-el-alba-de-los-movimientos-sociales\/#primaryimage\"},\"thumbnailUrl\":\"https:\/\/www.pressenza.com\/wp-content\/uploads\/2013\/05\/Asamblea-Alba1-789x1024-e1368722722430.jpg\",\"keywords\":[\"movimientos sociales\"],\"articleSection\":[\"Asuntos internacionales\",\"Sudam\u00e9rica\"],\"inLanguage\":\"es\"},{\"@type\":\"WebPage\",\"@id\":\"https:\/\/www.pressenza.com\/es\/2013\/05\/comienza-el-alba-de-los-movimientos-sociales\/\",\"url\":\"https:\/\/www.pressenza.com\/es\/2013\/05\/comienza-el-alba-de-los-movimientos-sociales\/\",\"name\":\"Comienza el Alba de los movimientos sociales\",\"isPartOf\":{\"@id\":\"https:\/\/www.pressenza.com\/es\/#website\"},\"primaryImageOfPage\":{\"@id\":\"https:\/\/www.pressenza.com\/es\/2013\/05\/comienza-el-alba-de-los-movimientos-sociales\/#primaryimage\"},\"image\":{\"@id\":\"https:\/\/www.pressenza.com\/es\/2013\/05\/comienza-el-alba-de-los-movimientos-sociales\/#primaryimage\"},\"thumbnailUrl\":\"https:\/\/www.pressenza.com\/wp-content\/uploads\/2013\/05\/Asamblea-Alba1-789x1024-e1368722722430.jpg\",\"datePublished\":\"2013-05-17T00:03:56+00:00\",\"description\":\"Durante cinco d\u00edas, entre el\u00a016 y el 20 de mayo de 2013, movimientos populares de todo el continente nos reuniremos para avanzar en\u00a0nuestra articulaci\u00f3n\",\"breadcrumb\":{\"@id\":\"https:\/\/www.pressenza.com\/es\/2013\/05\/comienza-el-alba-de-los-movimientos-sociales\/#breadcrumb\"},\"inLanguage\":\"es\",\"potentialAction\":[{\"@type\":\"ReadAction\",\"target\":[\"https:\/\/www.pressenza.com\/es\/2013\/05\/comienza-el-alba-de-los-movimientos-sociales\/\"]}]},{\"@type\":\"ImageObject\",\"inLanguage\":\"es\",\"@id\":\"https:\/\/www.pressenza.com\/es\/2013\/05\/comienza-el-alba-de-los-movimientos-sociales\/#primaryimage\",\"url\":\"https:\/\/www.pressenza.com\/wp-content\/uploads\/2013\/05\/Asamblea-Alba1-789x1024-e1368722722430.jpg\",\"contentUrl\":\"https:\/\/www.pressenza.com\/wp-content\/uploads\/2013\/05\/Asamblea-Alba1-789x1024-e1368722722430.jpg\",\"width\":620,\"height\":804},{\"@type\":\"BreadcrumbList\",\"@id\":\"https:\/\/www.pressenza.com\/es\/2013\/05\/comienza-el-alba-de-los-movimientos-sociales\/#breadcrumb\",\"itemListElement\":[{\"@type\":\"ListItem\",\"position\":1,\"name\":\"Accueil\",\"item\":\"https:\/\/www.pressenza.com\/es\/\"},{\"@type\":\"ListItem\",\"position\":2,\"name\":\"Comienza el Alba de los movimientos sociales\"}]},{\"@type\":\"WebSite\",\"@id\":\"https:\/\/www.pressenza.com\/es\/#website\",\"url\":\"https:\/\/www.pressenza.com\/es\/\",\"name\":\"Pressenza\",\"description\":\"International Press Agency\",\"publisher\":{\"@id\":\"https:\/\/www.pressenza.com\/es\/#organization\"},\"potentialAction\":[{\"@type\":\"SearchAction\",\"target\":{\"@type\":\"EntryPoint\",\"urlTemplate\":\"https:\/\/www.pressenza.com\/es\/?s={search_term_string}\"},\"query-input\":{\"@type\":\"PropertyValueSpecification\",\"valueRequired\":true,\"valueName\":\"search_term_string\"}}],\"inLanguage\":\"es\"},{\"@type\":\"Organization\",\"@id\":\"https:\/\/www.pressenza.com\/es\/#organization\",\"name\":\"Pressenza\",\"url\":\"https:\/\/www.pressenza.com\/es\/\",\"logo\":{\"@type\":\"ImageObject\",\"inLanguage\":\"es\",\"@id\":\"https:\/\/www.pressenza.com\/es\/#\/schema\/logo\/image\/\",\"url\":\"https:\/\/www.pressenza.com\/wp-content\/uploads\/2022\/10\/pressenza_logo_200x200.jpg\",\"contentUrl\":\"https:\/\/www.pressenza.com\/wp-content\/uploads\/2022\/10\/pressenza_logo_200x200.jpg\",\"width\":200,\"height\":200,\"caption\":\"Pressenza\"},\"image\":{\"@id\":\"https:\/\/www.pressenza.com\/es\/#\/schema\/logo\/image\/\"},\"sameAs\":[\"https:\/\/www.facebook.com\/PressenzaItalia\",\"https:\/\/x.com\/PressenzaIPA\"]},{\"@type\":\"Person\",\"@id\":\"https:\/\/www.pressenza.com\/es\/#\/schema\/person\/6522eecb4cd68e074b27e251e4b04ef8\",\"name\":\"El Ciudadano\",\"description\":\"El Ciudadano es un medio de comunicaci\u00f3n de circulaci\u00f3n mensual en papel y de funcionamiento diario en la web. Forma parte de la Red de Medios de los Pueblos por lo que se declara como un medio del Tercer Sector para romper el cerco informativo. El Ciudadano es una publicaci\u00f3n que busca elevar desde lo local a lo global las demandas de la organizaci\u00f3n social chilena como tambi\u00e9n promover la acci\u00f3n directa de la ciudadan\u00eda por su derecho a autodeterminaci\u00f3n. elciudadano.cl\",\"url\":\"https:\/\/www.pressenza.com\/es\/author\/el-ciudadano\/\"}]}<\/script>\n<!-- \/ Yoast SEO plugin. -->","yoast_head_json":{"title":"Comienza el Alba de los movimientos sociales","description":"Durante cinco d\u00edas, entre el\u00a016 y el 20 de mayo de 2013, movimientos populares de todo el continente nos reuniremos para avanzar en\u00a0nuestra articulaci\u00f3n","robots":{"index":"index","follow":"follow","max-snippet":"max-snippet:-1","max-image-preview":"max-image-preview:large","max-video-preview":"max-video-preview:-1"},"canonical":"https:\/\/www.pressenza.com\/es\/2013\/05\/comienza-el-alba-de-los-movimientos-sociales\/","og_locale":"es_ES","og_type":"article","og_title":"Comienza el Alba de los movimientos sociales","og_description":"Durante cinco d\u00edas, entre el\u00a016 y el 20 de mayo de 2013, movimientos populares de todo el continente nos reuniremos para avanzar en\u00a0nuestra articulaci\u00f3n","og_url":"https:\/\/www.pressenza.com\/es\/2013\/05\/comienza-el-alba-de-los-movimientos-sociales\/","og_site_name":"Pressenza","article_publisher":"https:\/\/www.facebook.com\/PressenzaItalia","article_published_time":"2013-05-17T00:03:56+00:00","og_image":[{"width":620,"height":804,"url":"https:\/\/www.pressenza.com\/wp-content\/uploads\/2013\/05\/Asamblea-Alba1-789x1024-e1368722722430.jpg","type":"image\/jpeg"}],"author":"El Ciudadano","twitter_card":"summary_large_image","twitter_creator":"@PressenzaIPA","twitter_site":"@PressenzaIPA","twitter_misc":{"Escrito por":"El Ciudadano","Tiempo de lectura":"2 minutos"},"schema":{"@context":"https:\/\/schema.org","@graph":[{"@type":"Article","@id":"https:\/\/www.pressenza.com\/es\/2013\/05\/comienza-el-alba-de-los-movimientos-sociales\/#article","isPartOf":{"@id":"https:\/\/www.pressenza.com\/es\/2013\/05\/comienza-el-alba-de-los-movimientos-sociales\/"},"author":{"name":"El Ciudadano","@id":"https:\/\/www.pressenza.com\/es\/#\/schema\/person\/6522eecb4cd68e074b27e251e4b04ef8"},"headline":"Comienza el Alba de los movimientos sociales","datePublished":"2013-05-17T00:03:56+00:00","mainEntityOfPage":{"@id":"https:\/\/www.pressenza.com\/es\/2013\/05\/comienza-el-alba-de-los-movimientos-sociales\/"},"wordCount":426,"publisher":{"@id":"https:\/\/www.pressenza.com\/es\/#organization"},"image":{"@id":"https:\/\/www.pressenza.com\/es\/2013\/05\/comienza-el-alba-de-los-movimientos-sociales\/#primaryimage"},"thumbnailUrl":"https:\/\/www.pressenza.com\/wp-content\/uploads\/2013\/05\/Asamblea-Alba1-789x1024-e1368722722430.jpg","keywords":["movimientos sociales"],"articleSection":["Asuntos internacionales","Sudam\u00e9rica"],"inLanguage":"es"},{"@type":"WebPage","@id":"https:\/\/www.pressenza.com\/es\/2013\/05\/comienza-el-alba-de-los-movimientos-sociales\/","url":"https:\/\/www.pressenza.com\/es\/2013\/05\/comienza-el-alba-de-los-movimientos-sociales\/","name":"Comienza el Alba de los movimientos sociales","isPartOf":{"@id":"https:\/\/www.pressenza.com\/es\/#website"},"primaryImageOfPage":{"@id":"https:\/\/www.pressenza.com\/es\/2013\/05\/comienza-el-alba-de-los-movimientos-sociales\/#primaryimage"},"image":{"@id":"https:\/\/www.pressenza.com\/es\/2013\/05\/comienza-el-alba-de-los-movimientos-sociales\/#primaryimage"},"thumbnailUrl":"https:\/\/www.pressenza.com\/wp-content\/uploads\/2013\/05\/Asamblea-Alba1-789x1024-e1368722722430.jpg","datePublished":"2013-05-17T00:03:56+00:00","description":"Durante cinco d\u00edas, entre el\u00a016 y el 20 de mayo de 2013, movimientos populares de todo el continente nos reuniremos para avanzar en\u00a0nuestra articulaci\u00f3n","breadcrumb":{"@id":"https:\/\/www.pressenza.com\/es\/2013\/05\/comienza-el-alba-de-los-movimientos-sociales\/#breadcrumb"},"inLanguage":"es","potentialAction":[{"@type":"ReadAction","target":["https:\/\/www.pressenza.com\/es\/2013\/05\/comienza-el-alba-de-los-movimientos-sociales\/"]}]},{"@type":"ImageObject","inLanguage":"es","@id":"https:\/\/www.pressenza.com\/es\/2013\/05\/comienza-el-alba-de-los-movimientos-sociales\/#primaryimage","url":"https:\/\/www.pressenza.com\/wp-content\/uploads\/2013\/05\/Asamblea-Alba1-789x1024-e1368722722430.jpg","contentUrl":"https:\/\/www.pressenza.com\/wp-content\/uploads\/2013\/05\/Asamblea-Alba1-789x1024-e1368722722430.jpg","width":620,"height":804},{"@type":"BreadcrumbList","@id":"https:\/\/www.pressenza.com\/es\/2013\/05\/comienza-el-alba-de-los-movimientos-sociales\/#breadcrumb","itemListElement":[{"@type":"ListItem","position":1,"name":"Accueil","item":"https:\/\/www.pressenza.com\/es\/"},{"@type":"ListItem","position":2,"name":"Comienza el Alba de los movimientos sociales"}]},{"@type":"WebSite","@id":"https:\/\/www.pressenza.com\/es\/#website","url":"https:\/\/www.pressenza.com\/es\/","name":"Pressenza","description":"International Press Agency","publisher":{"@id":"https:\/\/www.pressenza.com\/es\/#organization"},"potentialAction":[{"@type":"SearchAction","target":{"@type":"EntryPoint","urlTemplate":"https:\/\/www.pressenza.com\/es\/?s={search_term_string}"},"query-input":{"@type":"PropertyValueSpecification","valueRequired":true,"valueName":"search_term_string"}}],"inLanguage":"es"},{"@type":"Organization","@id":"https:\/\/www.pressenza.com\/es\/#organization","name":"Pressenza","url":"https:\/\/www.pressenza.com\/es\/","logo":{"@type":"ImageObject","inLanguage":"es","@id":"https:\/\/www.pressenza.com\/es\/#\/schema\/logo\/image\/","url":"https:\/\/www.pressenza.com\/wp-content\/uploads\/2022\/10\/pressenza_logo_200x200.jpg","contentUrl":"https:\/\/www.pressenza.com\/wp-content\/uploads\/2022\/10\/pressenza_logo_200x200.jpg","width":200,"height":200,"caption":"Pressenza"},"image":{"@id":"https:\/\/www.pressenza.com\/es\/#\/schema\/logo\/image\/"},"sameAs":["https:\/\/www.facebook.com\/PressenzaItalia","https:\/\/x.com\/PressenzaIPA"]},{"@type":"Person","@id":"https:\/\/www.pressenza.com\/es\/#\/schema\/person\/6522eecb4cd68e074b27e251e4b04ef8","name":"El Ciudadano","description":"El Ciudadano es un medio de comunicaci\u00f3n de circulaci\u00f3n mensual en papel y de funcionamiento diario en la web. Forma parte de la Red de Medios de los Pueblos por lo que se declara como un medio del Tercer Sector para romper el cerco informativo. El Ciudadano es una publicaci\u00f3n que busca elevar desde lo local a lo global las demandas de la organizaci\u00f3n social chilena como tambi\u00e9n promover la acci\u00f3n directa de la ciudadan\u00eda por su derecho a autodeterminaci\u00f3n. elciudadano.cl","url":"https:\/\/www.pressenza.com\/es\/author\/el-ciudadano\/"}]}},"place":"Brasil","original_article_url":"","_links":{"self":[{"href":"https:\/\/www.pressenza.com\/es\/wp-json\/wp\/v2\/posts\/52371","targetHints":{"allow":["GET"]}}],"collection":[{"href":"https:\/\/www.pressenza.com\/es\/wp-json\/wp\/v2\/posts"}],"about":[{"href":"https:\/\/www.pressenza.com\/es\/wp-json\/wp\/v2\/types\/post"}],"author":[{"embeddable":true,"href":"https:\/\/www.pressenza.com\/es\/wp-json\/wp\/v2\/users\/616"}],"replies":[{"embeddable":true,"href":"https:\/\/www.pressenza.com\/es\/wp-json\/wp\/v2\/comments?post=52371"}],"version-history":[{"count":0,"href":"https:\/\/www.pressenza.com\/es\/wp-json\/wp\/v2\/posts\/52371\/revisions"}],"wp:featuredmedia":[{"embeddable":true,"href":"https:\/\/www.pressenza.com\/es\/wp-json\/wp\/v2\/media\/52374"}],"wp:attachment":[{"href":"https:\/\/www.pressenza.com\/es\/wp-json\/wp\/v2\/media?parent=52371"}],"wp:term":[{"taxonomy":"category","embeddable":true,"href":"https:\/\/www.pressenza.com\/es\/wp-json\/wp\/v2\/categories?post=52371"},{"taxonomy":"post_tag","embeddable":true,"href":"https:\/\/www.pressenza.com\/es\/wp-json\/wp\/v2\/tags?post=52371"}],"curies":[{"name":"wp","href":"https:\/\/api.w.org\/{rel}","templated":true}]}}