{"id":523613,"date":"2017-09-24T20:01:37","date_gmt":"2017-09-24T19:01:37","guid":{"rendered":"https:\/\/www.pressenza.com\/?p=523613\/"},"modified":"2017-09-24T20:01:37","modified_gmt":"2017-09-24T19:01:37","slug":"relatos-nacionales","status":"publish","type":"post","link":"https:\/\/www.pressenza.com\/es\/2017\/09\/relatos-nacionales\/","title":{"rendered":"Relatos nacionales"},"content":{"rendered":"<p>Todo pueblo y cultura tiene sus relatos, narraciones que describen sus anhelos y sus angustias, sus or\u00edgenes y su futuro, a sus h\u00e9roes y a sus villanos. Estos relatos tienen caracter\u00edsticas mitol\u00f3gicas en el sentido que explicara Silo en su obra \u201cMitos ra\u00edces universales\u201d: dan respuesta a las tensiones y climas presentes en el seno de ese colectivo social, es decir, a los conflictos y a las emociones asociadas a ellos.<\/p>\n<p>Tales narraciones tienen, por tanto, cualidades on\u00edricas y cumplen con funciones similares a las secuencias de los sue\u00f1os nocturnos, que buscan descargar y resolver los conflictos cotidianos y re-colocar los sentimientos vividos. Tenemos que evitar entender esos hilos on\u00edricos como irreales, ya que, desde el punto de vista de la experiencia y la vivencia personal, son absolutamente reales. Es m\u00e1s, tienen el sabor de la verdad y dejan sensaci\u00f3n de certeza para quien los vive.<\/p>\n<p>Ocurre algo parecido con los relatos sociales, salvando las diferencias, ya que \u00e9stos se elaboran en vigilia, son interpersonales o van pasando entre generaciones, entre otras muchas. En cada colectivo social hay distintos relatos compartidos que est\u00e1n funcionando en cada uno de sus participantes de la misma forma en que funcionan las secuencias on\u00edricas en el plano personal: tratando de resolver tensiones sociales, emociones compartidas o conflictos de grupo; explicando el pasado y elaborando im\u00e1genes de futuro; perfilando a los personajes de esa narrativa y dibujando la funci\u00f3n con la que cumplen. No va a importar si esos relatos se ajustan a la realidad externa o no, si realmente sucedieron as\u00ed o si sus personajes han sido deformados o no. La narraci\u00f3n se ha ido construyendo social e hist\u00f3ricamente y si ha sido aceptada y transmitida en las generaciones es porque \u201cencaja\u201d, da respuesta, a tensiones y climas conjuntos que tambi\u00e9n se han ido transmitiendo en el tiempo. El relato se ha independizado de las condiciones de origen y ha cobrado realidad social, como una especie de epifen\u00f3meno colectivo, un ente ilusorio visto desde fuera, pero real e intenso vivido desde dentro.<\/p>\n<p>Aparece entonces, y debido a esto \u00faltimo, una peque\u00f1a dificultad: para alguien alejado (internamente) de cierto relato social \u00e9ste no pasa de ser un cuento o una ilusi\u00f3n imaginaria, pero para quien vive el relato desde dentro \u00e9ste describe la realidad m\u00e1s absoluta, ya que implica a sus creencias y a sus emociones m\u00e1s profundas. Por esto, quienes pretenden combatir o modificar ciertas narrativas sociales desde una posici\u00f3n externa o alejada a ellas, tiene la batalla perdida de antemano. Quienes pretender exponer argumentos racionales que \u201cdemuestran objetivamente\u201d la falacia y la ilusi\u00f3n \u201cevidente\u201d de esos relatos, pierde el tiempo. No se puede manipular a ning\u00fan grupo social desde una narrativa ajena a ese grupo, desde elaboraciones que no responden a las tensiones y climas emocionales de ese colectivo. Sencillamente, no funcionar\u00e1. Toda manipulaci\u00f3n, o modificaci\u00f3n, necesita encontrar \u201cencaje\u201d interno en el destinatario, sobre todo encaje emocional, porque si no, no entrar\u00e1, no actuar\u00e1, no ser\u00e1 posible. No existe ning\u00fan argumento racional que pueda siquiera hacer mella en un relato social bien asentado, con fuertes ra\u00edces emocionales colectivas.<\/p>\n<p>Por si el lector a\u00fan no ha hecho el ejercicio, coloque la crisis catalana en el esquema comentado. Observe los relatos de unos y otros, las pasiones que despiertan, los futuros y pasados que describen, sus h\u00e9roes y villanos, los \u201cargumentos\u201d de cada uno y los intentos, in\u00fatiles, de \u201cconvencer\u201d a la otra parte sin salirse del propio relato, sin entrar en la narrativa en la que est\u00e1 inmerso el otro colectivo social. Puede tambi\u00e9n el lector observar cualquier otro conflicto, aunque no sea identitario, desde esta perspectiva del mito o la narraci\u00f3n que est\u00e1 actuando en \u00e9l y tal vez se comprendan mejor muchas de las situaciones actuales y de las perspectivas de futuro.<\/p>\n","protected":false},"excerpt":{"rendered":"<p>Todo pueblo y cultura tiene sus relatos, narraciones que describen sus anhelos y sus angustias, sus or\u00edgenes y su futuro, a sus h\u00e9roes y a sus villanos. Estos relatos tienen caracter\u00edsticas mitol\u00f3gicas en el sentido que explicara Silo en su&hellip;<\/p>\n","protected":false},"author":1066,"featured_media":523614,"comment_status":"closed","ping_status":"closed","sticky":false,"template":"","format":"standard","meta":{"footnotes":""},"categories":[11389,75,161],"tags":[11377,336,1065,26196],"class_list":["post-523613","post","type-post","status-publish","format-standard","has-post-thumbnail","hentry","category-contenido-original","category-cultura-es","category-opiniones","tag-cataluna","tag-cultura-2","tag-espana","tag-mitos"],"yoast_head":"<!-- This site is optimized with the Yoast SEO plugin v27.1.1 - https:\/\/yoast.com\/product\/yoast-seo-wordpress\/ -->\n<title>Relatos nacionales<\/title>\n<meta name=\"description\" content=\"Todo pueblo y cultura tiene sus relatos, narraciones que describen sus anhelos y sus angustias, sus or\u00edgenes y su futuro, a sus h\u00e9roes y a sus villanos.\" \/>\n<meta name=\"robots\" content=\"index, follow, max-snippet:-1, max-image-preview:large, max-video-preview:-1\" \/>\n<link rel=\"canonical\" href=\"https:\/\/www.pressenza.com\/es\/2017\/09\/relatos-nacionales\/\" \/>\n<meta property=\"og:locale\" content=\"es_ES\" \/>\n<meta property=\"og:type\" content=\"article\" \/>\n<meta property=\"og:title\" content=\"Relatos nacionales\" \/>\n<meta property=\"og:description\" content=\"Todo pueblo y cultura tiene sus relatos, narraciones que describen sus anhelos y sus angustias, sus or\u00edgenes y su futuro, a sus h\u00e9roes y a sus villanos.\" \/>\n<meta property=\"og:url\" content=\"https:\/\/www.pressenza.com\/es\/2017\/09\/relatos-nacionales\/\" \/>\n<meta property=\"og:site_name\" content=\"Pressenza\" \/>\n<meta property=\"article:publisher\" content=\"https:\/\/www.facebook.com\/PressenzaItalia\" \/>\n<meta property=\"article:published_time\" content=\"2017-09-24T19:01:37+00:00\" \/>\n<meta property=\"og:image\" content=\"https:\/\/www.pressenza.com\/wp-content\/uploads\/2017\/09\/Rajoy-negociar-referendum-Puigdemont-independencia_eldiario.es_.jpg\" \/>\n\t<meta property=\"og:image:width\" content=\"643\" \/>\n\t<meta property=\"og:image:height\" content=\"362\" \/>\n\t<meta property=\"og:image:type\" content=\"image\/jpeg\" \/>\n<meta name=\"author\" content=\"Jordi Jim\u00e9nez\" \/>\n<meta name=\"twitter:card\" content=\"summary_large_image\" \/>\n<meta name=\"twitter:creator\" content=\"@PressenzaIPA\" \/>\n<meta name=\"twitter:site\" content=\"@PressenzaIPA\" \/>\n<meta name=\"twitter:label1\" content=\"Escrito por\" \/>\n\t<meta name=\"twitter:data1\" content=\"Jordi Jim\u00e9nez\" \/>\n\t<meta name=\"twitter:label2\" content=\"Tiempo de lectura\" \/>\n\t<meta name=\"twitter:data2\" content=\"3 minutos\" \/>\n<script type=\"application\/ld+json\" class=\"yoast-schema-graph\">{\"@context\":\"https:\/\/schema.org\",\"@graph\":[{\"@type\":\"Article\",\"@id\":\"https:\/\/www.pressenza.com\/es\/2017\/09\/relatos-nacionales\/#article\",\"isPartOf\":{\"@id\":\"https:\/\/www.pressenza.com\/es\/2017\/09\/relatos-nacionales\/\"},\"author\":{\"name\":\"Jordi Jim\u00e9nez\",\"@id\":\"https:\/\/www.pressenza.com\/es\/#\/schema\/person\/6f1d19f35cc47081ebca04a869d0f1dc\"},\"headline\":\"Relatos nacionales\",\"datePublished\":\"2017-09-24T19:01:37+00:00\",\"mainEntityOfPage\":{\"@id\":\"https:\/\/www.pressenza.com\/es\/2017\/09\/relatos-nacionales\/\"},\"wordCount\":666,\"publisher\":{\"@id\":\"https:\/\/www.pressenza.com\/es\/#organization\"},\"image\":{\"@id\":\"https:\/\/www.pressenza.com\/es\/2017\/09\/relatos-nacionales\/#primaryimage\"},\"thumbnailUrl\":\"https:\/\/www.pressenza.com\/wp-content\/uploads\/2017\/09\/Rajoy-negociar-referendum-Puigdemont-independencia_eldiario.es_.jpg\",\"keywords\":[\"Catalu\u00f1a\",\"cultura\",\"Espa\u00f1a\",\"mitos\"],\"articleSection\":[\"Contenido Original\",\"Cultura y Medios\",\"Opiniones\"],\"inLanguage\":\"es\"},{\"@type\":\"WebPage\",\"@id\":\"https:\/\/www.pressenza.com\/es\/2017\/09\/relatos-nacionales\/\",\"url\":\"https:\/\/www.pressenza.com\/es\/2017\/09\/relatos-nacionales\/\",\"name\":\"Relatos nacionales\",\"isPartOf\":{\"@id\":\"https:\/\/www.pressenza.com\/es\/#website\"},\"primaryImageOfPage\":{\"@id\":\"https:\/\/www.pressenza.com\/es\/2017\/09\/relatos-nacionales\/#primaryimage\"},\"image\":{\"@id\":\"https:\/\/www.pressenza.com\/es\/2017\/09\/relatos-nacionales\/#primaryimage\"},\"thumbnailUrl\":\"https:\/\/www.pressenza.com\/wp-content\/uploads\/2017\/09\/Rajoy-negociar-referendum-Puigdemont-independencia_eldiario.es_.jpg\",\"datePublished\":\"2017-09-24T19:01:37+00:00\",\"description\":\"Todo pueblo y cultura tiene sus relatos, narraciones que describen sus anhelos y sus angustias, sus or\u00edgenes y su futuro, a sus h\u00e9roes y a sus villanos.\",\"breadcrumb\":{\"@id\":\"https:\/\/www.pressenza.com\/es\/2017\/09\/relatos-nacionales\/#breadcrumb\"},\"inLanguage\":\"es\",\"potentialAction\":[{\"@type\":\"ReadAction\",\"target\":[\"https:\/\/www.pressenza.com\/es\/2017\/09\/relatos-nacionales\/\"]}]},{\"@type\":\"ImageObject\",\"inLanguage\":\"es\",\"@id\":\"https:\/\/www.pressenza.com\/es\/2017\/09\/relatos-nacionales\/#primaryimage\",\"url\":\"https:\/\/www.pressenza.com\/wp-content\/uploads\/2017\/09\/Rajoy-negociar-referendum-Puigdemont-independencia_eldiario.es_.jpg\",\"contentUrl\":\"https:\/\/www.pressenza.com\/wp-content\/uploads\/2017\/09\/Rajoy-negociar-referendum-Puigdemont-independencia_eldiario.es_.jpg\",\"width\":643,\"height\":362},{\"@type\":\"BreadcrumbList\",\"@id\":\"https:\/\/www.pressenza.com\/es\/2017\/09\/relatos-nacionales\/#breadcrumb\",\"itemListElement\":[{\"@type\":\"ListItem\",\"position\":1,\"name\":\"Accueil\",\"item\":\"https:\/\/www.pressenza.com\/es\/\"},{\"@type\":\"ListItem\",\"position\":2,\"name\":\"Relatos nacionales\"}]},{\"@type\":\"WebSite\",\"@id\":\"https:\/\/www.pressenza.com\/es\/#website\",\"url\":\"https:\/\/www.pressenza.com\/es\/\",\"name\":\"Pressenza\",\"description\":\"International Press Agency\",\"publisher\":{\"@id\":\"https:\/\/www.pressenza.com\/es\/#organization\"},\"potentialAction\":[{\"@type\":\"SearchAction\",\"target\":{\"@type\":\"EntryPoint\",\"urlTemplate\":\"https:\/\/www.pressenza.com\/es\/?s={search_term_string}\"},\"query-input\":{\"@type\":\"PropertyValueSpecification\",\"valueRequired\":true,\"valueName\":\"search_term_string\"}}],\"inLanguage\":\"es\"},{\"@type\":\"Organization\",\"@id\":\"https:\/\/www.pressenza.com\/es\/#organization\",\"name\":\"Pressenza\",\"url\":\"https:\/\/www.pressenza.com\/es\/\",\"logo\":{\"@type\":\"ImageObject\",\"inLanguage\":\"es\",\"@id\":\"https:\/\/www.pressenza.com\/es\/#\/schema\/logo\/image\/\",\"url\":\"https:\/\/www.pressenza.com\/wp-content\/uploads\/2022\/10\/pressenza_logo_200x200.jpg\",\"contentUrl\":\"https:\/\/www.pressenza.com\/wp-content\/uploads\/2022\/10\/pressenza_logo_200x200.jpg\",\"width\":200,\"height\":200,\"caption\":\"Pressenza\"},\"image\":{\"@id\":\"https:\/\/www.pressenza.com\/es\/#\/schema\/logo\/image\/\"},\"sameAs\":[\"https:\/\/www.facebook.com\/PressenzaItalia\",\"https:\/\/x.com\/PressenzaIPA\"]},{\"@type\":\"Person\",\"@id\":\"https:\/\/www.pressenza.com\/es\/#\/schema\/person\/6f1d19f35cc47081ebca04a869d0f1dc\",\"name\":\"Jordi Jim\u00e9nez\",\"description\":\"has participated in different humanist organisations since 1987, collaborating with the Humanist Education Forum in Spain, in Central America in campaigns for World without Wars, and currently participates in the Noesis Humanist Centre of Studies.\",\"url\":\"https:\/\/www.pressenza.com\/es\/author\/jordi-jimenez\/\"}]}<\/script>\n<!-- \/ Yoast SEO plugin. -->","yoast_head_json":{"title":"Relatos nacionales","description":"Todo pueblo y cultura tiene sus relatos, narraciones que describen sus anhelos y sus angustias, sus or\u00edgenes y su futuro, a sus h\u00e9roes y a sus villanos.","robots":{"index":"index","follow":"follow","max-snippet":"max-snippet:-1","max-image-preview":"max-image-preview:large","max-video-preview":"max-video-preview:-1"},"canonical":"https:\/\/www.pressenza.com\/es\/2017\/09\/relatos-nacionales\/","og_locale":"es_ES","og_type":"article","og_title":"Relatos nacionales","og_description":"Todo pueblo y cultura tiene sus relatos, narraciones que describen sus anhelos y sus angustias, sus or\u00edgenes y su futuro, a sus h\u00e9roes y a sus villanos.","og_url":"https:\/\/www.pressenza.com\/es\/2017\/09\/relatos-nacionales\/","og_site_name":"Pressenza","article_publisher":"https:\/\/www.facebook.com\/PressenzaItalia","article_published_time":"2017-09-24T19:01:37+00:00","og_image":[{"width":643,"height":362,"url":"https:\/\/www.pressenza.com\/wp-content\/uploads\/2017\/09\/Rajoy-negociar-referendum-Puigdemont-independencia_eldiario.es_.jpg","type":"image\/jpeg"}],"author":"Jordi Jim\u00e9nez","twitter_card":"summary_large_image","twitter_creator":"@PressenzaIPA","twitter_site":"@PressenzaIPA","twitter_misc":{"Escrito por":"Jordi Jim\u00e9nez","Tiempo de lectura":"3 minutos"},"schema":{"@context":"https:\/\/schema.org","@graph":[{"@type":"Article","@id":"https:\/\/www.pressenza.com\/es\/2017\/09\/relatos-nacionales\/#article","isPartOf":{"@id":"https:\/\/www.pressenza.com\/es\/2017\/09\/relatos-nacionales\/"},"author":{"name":"Jordi Jim\u00e9nez","@id":"https:\/\/www.pressenza.com\/es\/#\/schema\/person\/6f1d19f35cc47081ebca04a869d0f1dc"},"headline":"Relatos nacionales","datePublished":"2017-09-24T19:01:37+00:00","mainEntityOfPage":{"@id":"https:\/\/www.pressenza.com\/es\/2017\/09\/relatos-nacionales\/"},"wordCount":666,"publisher":{"@id":"https:\/\/www.pressenza.com\/es\/#organization"},"image":{"@id":"https:\/\/www.pressenza.com\/es\/2017\/09\/relatos-nacionales\/#primaryimage"},"thumbnailUrl":"https:\/\/www.pressenza.com\/wp-content\/uploads\/2017\/09\/Rajoy-negociar-referendum-Puigdemont-independencia_eldiario.es_.jpg","keywords":["Catalu\u00f1a","cultura","Espa\u00f1a","mitos"],"articleSection":["Contenido Original","Cultura y Medios","Opiniones"],"inLanguage":"es"},{"@type":"WebPage","@id":"https:\/\/www.pressenza.com\/es\/2017\/09\/relatos-nacionales\/","url":"https:\/\/www.pressenza.com\/es\/2017\/09\/relatos-nacionales\/","name":"Relatos nacionales","isPartOf":{"@id":"https:\/\/www.pressenza.com\/es\/#website"},"primaryImageOfPage":{"@id":"https:\/\/www.pressenza.com\/es\/2017\/09\/relatos-nacionales\/#primaryimage"},"image":{"@id":"https:\/\/www.pressenza.com\/es\/2017\/09\/relatos-nacionales\/#primaryimage"},"thumbnailUrl":"https:\/\/www.pressenza.com\/wp-content\/uploads\/2017\/09\/Rajoy-negociar-referendum-Puigdemont-independencia_eldiario.es_.jpg","datePublished":"2017-09-24T19:01:37+00:00","description":"Todo pueblo y cultura tiene sus relatos, narraciones que describen sus anhelos y sus angustias, sus or\u00edgenes y su futuro, a sus h\u00e9roes y a sus villanos.","breadcrumb":{"@id":"https:\/\/www.pressenza.com\/es\/2017\/09\/relatos-nacionales\/#breadcrumb"},"inLanguage":"es","potentialAction":[{"@type":"ReadAction","target":["https:\/\/www.pressenza.com\/es\/2017\/09\/relatos-nacionales\/"]}]},{"@type":"ImageObject","inLanguage":"es","@id":"https:\/\/www.pressenza.com\/es\/2017\/09\/relatos-nacionales\/#primaryimage","url":"https:\/\/www.pressenza.com\/wp-content\/uploads\/2017\/09\/Rajoy-negociar-referendum-Puigdemont-independencia_eldiario.es_.jpg","contentUrl":"https:\/\/www.pressenza.com\/wp-content\/uploads\/2017\/09\/Rajoy-negociar-referendum-Puigdemont-independencia_eldiario.es_.jpg","width":643,"height":362},{"@type":"BreadcrumbList","@id":"https:\/\/www.pressenza.com\/es\/2017\/09\/relatos-nacionales\/#breadcrumb","itemListElement":[{"@type":"ListItem","position":1,"name":"Accueil","item":"https:\/\/www.pressenza.com\/es\/"},{"@type":"ListItem","position":2,"name":"Relatos nacionales"}]},{"@type":"WebSite","@id":"https:\/\/www.pressenza.com\/es\/#website","url":"https:\/\/www.pressenza.com\/es\/","name":"Pressenza","description":"International Press Agency","publisher":{"@id":"https:\/\/www.pressenza.com\/es\/#organization"},"potentialAction":[{"@type":"SearchAction","target":{"@type":"EntryPoint","urlTemplate":"https:\/\/www.pressenza.com\/es\/?s={search_term_string}"},"query-input":{"@type":"PropertyValueSpecification","valueRequired":true,"valueName":"search_term_string"}}],"inLanguage":"es"},{"@type":"Organization","@id":"https:\/\/www.pressenza.com\/es\/#organization","name":"Pressenza","url":"https:\/\/www.pressenza.com\/es\/","logo":{"@type":"ImageObject","inLanguage":"es","@id":"https:\/\/www.pressenza.com\/es\/#\/schema\/logo\/image\/","url":"https:\/\/www.pressenza.com\/wp-content\/uploads\/2022\/10\/pressenza_logo_200x200.jpg","contentUrl":"https:\/\/www.pressenza.com\/wp-content\/uploads\/2022\/10\/pressenza_logo_200x200.jpg","width":200,"height":200,"caption":"Pressenza"},"image":{"@id":"https:\/\/www.pressenza.com\/es\/#\/schema\/logo\/image\/"},"sameAs":["https:\/\/www.facebook.com\/PressenzaItalia","https:\/\/x.com\/PressenzaIPA"]},{"@type":"Person","@id":"https:\/\/www.pressenza.com\/es\/#\/schema\/person\/6f1d19f35cc47081ebca04a869d0f1dc","name":"Jordi Jim\u00e9nez","description":"has participated in different humanist organisations since 1987, collaborating with the Humanist Education Forum in Spain, in Central America in campaigns for World without Wars, and currently participates in the Noesis Humanist Centre of Studies.","url":"https:\/\/www.pressenza.com\/es\/author\/jordi-jimenez\/"}]}},"place":"Barcelona","original_article_url":"https:\/\/www.cehnoesis.es\/relatos-nacionales\/?#","_links":{"self":[{"href":"https:\/\/www.pressenza.com\/es\/wp-json\/wp\/v2\/posts\/523613","targetHints":{"allow":["GET"]}}],"collection":[{"href":"https:\/\/www.pressenza.com\/es\/wp-json\/wp\/v2\/posts"}],"about":[{"href":"https:\/\/www.pressenza.com\/es\/wp-json\/wp\/v2\/types\/post"}],"author":[{"embeddable":true,"href":"https:\/\/www.pressenza.com\/es\/wp-json\/wp\/v2\/users\/1066"}],"replies":[{"embeddable":true,"href":"https:\/\/www.pressenza.com\/es\/wp-json\/wp\/v2\/comments?post=523613"}],"version-history":[{"count":0,"href":"https:\/\/www.pressenza.com\/es\/wp-json\/wp\/v2\/posts\/523613\/revisions"}],"wp:featuredmedia":[{"embeddable":true,"href":"https:\/\/www.pressenza.com\/es\/wp-json\/wp\/v2\/media\/523614"}],"wp:attachment":[{"href":"https:\/\/www.pressenza.com\/es\/wp-json\/wp\/v2\/media?parent=523613"}],"wp:term":[{"taxonomy":"category","embeddable":true,"href":"https:\/\/www.pressenza.com\/es\/wp-json\/wp\/v2\/categories?post=523613"},{"taxonomy":"post_tag","embeddable":true,"href":"https:\/\/www.pressenza.com\/es\/wp-json\/wp\/v2\/tags?post=523613"}],"curies":[{"name":"wp","href":"https:\/\/api.w.org\/{rel}","templated":true}]}}