{"id":522866,"date":"2017-09-22T20:33:37","date_gmt":"2017-09-22T19:33:37","guid":{"rendered":"https:\/\/www.pressenza.com\/?p=522866\/"},"modified":"2017-09-22T20:33:37","modified_gmt":"2017-09-22T19:33:37","slug":"campana-no-despidos-profesores-enfermos-suma-apoyo-beatriz-sanchez","status":"publish","type":"post","link":"https:\/\/www.pressenza.com\/es\/2017\/09\/campana-no-despidos-profesores-enfermos-suma-apoyo-beatriz-sanchez\/","title":{"rendered":"Campa\u00f1a \u201cNo + despidos de profesores enfermos\u201d suma el apoyo de Beatriz S\u00e1nchez"},"content":{"rendered":"<p>La candidata presidencial del Frente Amplio comprometi\u00f3 su apoyo a la campa\u00f1a ciudadana desarrollada por el Colegio de Profesores, que apunta a la modificaci\u00f3n del Estatuto Docente para sacar de \u00e9ste la raz\u00f3n de \u201cSalud incompatible\u201d en funci\u00f3n de despedir profesores.<\/p>\n<p>Beatriz S\u00e1nchez firm\u00f3 por esta demanda e hizo un breve v\u00eddeo de apoyo desde la sede Nacional del Colegio de Profesores.<\/p>\n<p>Es as\u00ed como la campa\u00f1a \u201cNo + despidos de profesores enfermos\u201d sigue sumando apoyos en el mundo pol\u00edtico, social y cultural del pa\u00eds.<\/p>\n<p><iframe loading=\"lazy\" title=\"Candidata presidencial (FA) Beatriz S\u00e1nchez adhiere a campa\u00f1a &#039;No + despidos de profesores enfermos&#039;\" width=\"500\" height=\"281\" src=\"https:\/\/www.youtube.com\/embed\/7yMdUoYtX1I?feature=oembed\" frameborder=\"0\" allow=\"accelerometer; autoplay; clipboard-write; encrypted-media; gyroscope; picture-in-picture; web-share\" referrerpolicy=\"strict-origin-when-cross-origin\" allowfullscreen><\/iframe><\/p>\n","protected":false},"excerpt":{"rendered":"<p>La candidata presidencial del Frente Amplio comprometi\u00f3 su apoyo a la campa\u00f1a ciudadana desarrollada por el Colegio de Profesores, que apunta a la modificaci\u00f3n del Estatuto Docente para sacar de \u00e9ste la raz\u00f3n de \u201cSalud incompatible\u201d en funci\u00f3n de despedir&hellip;<\/p>\n","protected":false},"author":43,"featured_media":522877,"comment_status":"closed","ping_status":"closed","sticky":false,"template":"","format":"standard","meta":{"footnotes":""},"categories":[149,11389,1230,74,67],"tags":[35915,31339,40430],"class_list":["post-522866","post","type-post","status-publish","format-standard","has-post-thumbnail","hentry","category-comunicados-de-prensa","category-contenido-original","category-educacion-tema","category-politica-es","category-sudamerica","tag-beatriz-sanchez","tag-colegio-de-profesores-de-chile","tag-no-despidos-de-profesores-enfermos"],"yoast_head":"<!-- This site is optimized with the Yoast SEO plugin v27.1.1 - https:\/\/yoast.com\/product\/yoast-seo-wordpress\/ -->\n<title>Campa\u00f1a \u201cNo + despidos de profesores enfermos\u201d suma el apoyo de Beatriz S\u00e1nchez<\/title>\n<meta name=\"description\" content=\"La candidata presidencial del Frente Amplio comprometi\u00f3 su apoyo a la campa\u00f1a ciudadana desarrollada por el Colegio de Profesores, que apunta a la\" \/>\n<meta name=\"robots\" content=\"index, follow, max-snippet:-1, max-image-preview:large, max-video-preview:-1\" \/>\n<link rel=\"canonical\" href=\"https:\/\/www.pressenza.com\/es\/2017\/09\/campana-no-despidos-profesores-enfermos-suma-apoyo-beatriz-sanchez\/\" \/>\n<meta property=\"og:locale\" content=\"es_ES\" \/>\n<meta property=\"og:type\" content=\"article\" \/>\n<meta property=\"og:title\" content=\"Campa\u00f1a \u201cNo + despidos de profesores enfermos\u201d suma el apoyo de Beatriz S\u00e1nchez\" \/>\n<meta property=\"og:description\" content=\"La candidata presidencial del Frente Amplio comprometi\u00f3 su apoyo a la campa\u00f1a ciudadana desarrollada por el Colegio de Profesores, que apunta a la\" \/>\n<meta property=\"og:url\" content=\"https:\/\/www.pressenza.com\/es\/2017\/09\/campana-no-despidos-profesores-enfermos-suma-apoyo-beatriz-sanchez\/\" \/>\n<meta property=\"og:site_name\" content=\"Pressenza\" \/>\n<meta property=\"article:publisher\" content=\"https:\/\/www.facebook.com\/PressenzaItalia\" \/>\n<meta property=\"article:author\" content=\"https:\/\/www.facebook.com\/pressenza\" \/>\n<meta property=\"article:published_time\" content=\"2017-09-22T19:33:37+00:00\" \/>\n<meta property=\"og:image\" content=\"https:\/\/www.pressenza.com\/wp-content\/uploads\/2017\/09\/acto2.jpg\" \/>\n\t<meta property=\"og:image:width\" content=\"2048\" \/>\n\t<meta property=\"og:image:height\" content=\"1155\" \/>\n\t<meta property=\"og:image:type\" content=\"image\/jpeg\" \/>\n<meta name=\"author\" content=\"Redacci\u00f3n Chile\" \/>\n<meta name=\"twitter:card\" content=\"summary_large_image\" \/>\n<meta name=\"twitter:creator\" content=\"@pressenza\" \/>\n<meta name=\"twitter:site\" content=\"@PressenzaIPA\" \/>\n<meta name=\"twitter:label1\" content=\"Escrito por\" \/>\n\t<meta name=\"twitter:data1\" content=\"Redacci\u00f3n Chile\" \/>\n\t<meta name=\"twitter:label2\" content=\"Tiempo de lectura\" \/>\n\t<meta name=\"twitter:data2\" content=\"1 minuto\" \/>\n<script type=\"application\/ld+json\" class=\"yoast-schema-graph\">{\"@context\":\"https:\/\/schema.org\",\"@graph\":[{\"@type\":\"Article\",\"@id\":\"https:\/\/www.pressenza.com\/es\/2017\/09\/campana-no-despidos-profesores-enfermos-suma-apoyo-beatriz-sanchez\/#article\",\"isPartOf\":{\"@id\":\"https:\/\/www.pressenza.com\/es\/2017\/09\/campana-no-despidos-profesores-enfermos-suma-apoyo-beatriz-sanchez\/\"},\"author\":{\"name\":\"Redacci\u00f3n Chile\",\"@id\":\"https:\/\/www.pressenza.com\/es\/#\/schema\/person\/d7db40df35d6698ba69ba9ee260944ed\"},\"headline\":\"Campa\u00f1a \u201cNo + despidos de profesores enfermos\u201d suma el apoyo de Beatriz S\u00e1nchez\",\"datePublished\":\"2017-09-22T19:33:37+00:00\",\"mainEntityOfPage\":{\"@id\":\"https:\/\/www.pressenza.com\/es\/2017\/09\/campana-no-despidos-profesores-enfermos-suma-apoyo-beatriz-sanchez\/\"},\"wordCount\":119,\"publisher\":{\"@id\":\"https:\/\/www.pressenza.com\/es\/#organization\"},\"image\":{\"@id\":\"https:\/\/www.pressenza.com\/es\/2017\/09\/campana-no-despidos-profesores-enfermos-suma-apoyo-beatriz-sanchez\/#primaryimage\"},\"thumbnailUrl\":\"https:\/\/www.pressenza.com\/wp-content\/uploads\/2017\/09\/acto2.jpg\",\"keywords\":[\"Beatriz S\u00e1nchez\",\"Colegio de Profesores de Chile\",\"No + despidos de profesores enfermos\"],\"articleSection\":[\"Comunicados de Prensa\",\"Contenido Original\",\"Educaci\u00f3n\",\"Pol\u00edtica\",\"Sudam\u00e9rica\"],\"inLanguage\":\"es\"},{\"@type\":\"WebPage\",\"@id\":\"https:\/\/www.pressenza.com\/es\/2017\/09\/campana-no-despidos-profesores-enfermos-suma-apoyo-beatriz-sanchez\/\",\"url\":\"https:\/\/www.pressenza.com\/es\/2017\/09\/campana-no-despidos-profesores-enfermos-suma-apoyo-beatriz-sanchez\/\",\"name\":\"Campa\u00f1a \u201cNo + despidos de profesores enfermos\u201d suma el apoyo de Beatriz S\u00e1nchez\",\"isPartOf\":{\"@id\":\"https:\/\/www.pressenza.com\/es\/#website\"},\"primaryImageOfPage\":{\"@id\":\"https:\/\/www.pressenza.com\/es\/2017\/09\/campana-no-despidos-profesores-enfermos-suma-apoyo-beatriz-sanchez\/#primaryimage\"},\"image\":{\"@id\":\"https:\/\/www.pressenza.com\/es\/2017\/09\/campana-no-despidos-profesores-enfermos-suma-apoyo-beatriz-sanchez\/#primaryimage\"},\"thumbnailUrl\":\"https:\/\/www.pressenza.com\/wp-content\/uploads\/2017\/09\/acto2.jpg\",\"datePublished\":\"2017-09-22T19:33:37+00:00\",\"description\":\"La candidata presidencial del Frente Amplio comprometi\u00f3 su apoyo a la campa\u00f1a ciudadana desarrollada por el Colegio de Profesores, que apunta a la\",\"breadcrumb\":{\"@id\":\"https:\/\/www.pressenza.com\/es\/2017\/09\/campana-no-despidos-profesores-enfermos-suma-apoyo-beatriz-sanchez\/#breadcrumb\"},\"inLanguage\":\"es\",\"potentialAction\":[{\"@type\":\"ReadAction\",\"target\":[\"https:\/\/www.pressenza.com\/es\/2017\/09\/campana-no-despidos-profesores-enfermos-suma-apoyo-beatriz-sanchez\/\"]}]},{\"@type\":\"ImageObject\",\"inLanguage\":\"es\",\"@id\":\"https:\/\/www.pressenza.com\/es\/2017\/09\/campana-no-despidos-profesores-enfermos-suma-apoyo-beatriz-sanchez\/#primaryimage\",\"url\":\"https:\/\/www.pressenza.com\/wp-content\/uploads\/2017\/09\/acto2.jpg\",\"contentUrl\":\"https:\/\/www.pressenza.com\/wp-content\/uploads\/2017\/09\/acto2.jpg\",\"width\":2048,\"height\":1155},{\"@type\":\"BreadcrumbList\",\"@id\":\"https:\/\/www.pressenza.com\/es\/2017\/09\/campana-no-despidos-profesores-enfermos-suma-apoyo-beatriz-sanchez\/#breadcrumb\",\"itemListElement\":[{\"@type\":\"ListItem\",\"position\":1,\"name\":\"Accueil\",\"item\":\"https:\/\/www.pressenza.com\/es\/\"},{\"@type\":\"ListItem\",\"position\":2,\"name\":\"Campa\u00f1a \u201cNo + despidos de profesores enfermos\u201d suma el apoyo de Beatriz S\u00e1nchez\"}]},{\"@type\":\"WebSite\",\"@id\":\"https:\/\/www.pressenza.com\/es\/#website\",\"url\":\"https:\/\/www.pressenza.com\/es\/\",\"name\":\"Pressenza\",\"description\":\"International Press Agency\",\"publisher\":{\"@id\":\"https:\/\/www.pressenza.com\/es\/#organization\"},\"potentialAction\":[{\"@type\":\"SearchAction\",\"target\":{\"@type\":\"EntryPoint\",\"urlTemplate\":\"https:\/\/www.pressenza.com\/es\/?s={search_term_string}\"},\"query-input\":{\"@type\":\"PropertyValueSpecification\",\"valueRequired\":true,\"valueName\":\"search_term_string\"}}],\"inLanguage\":\"es\"},{\"@type\":\"Organization\",\"@id\":\"https:\/\/www.pressenza.com\/es\/#organization\",\"name\":\"Pressenza\",\"url\":\"https:\/\/www.pressenza.com\/es\/\",\"logo\":{\"@type\":\"ImageObject\",\"inLanguage\":\"es\",\"@id\":\"https:\/\/www.pressenza.com\/es\/#\/schema\/logo\/image\/\",\"url\":\"https:\/\/www.pressenza.com\/wp-content\/uploads\/2022\/10\/pressenza_logo_200x200.jpg\",\"contentUrl\":\"https:\/\/www.pressenza.com\/wp-content\/uploads\/2022\/10\/pressenza_logo_200x200.jpg\",\"width\":200,\"height\":200,\"caption\":\"Pressenza\"},\"image\":{\"@id\":\"https:\/\/www.pressenza.com\/es\/#\/schema\/logo\/image\/\"},\"sameAs\":[\"https:\/\/www.facebook.com\/PressenzaItalia\",\"https:\/\/x.com\/PressenzaIPA\"]},{\"@type\":\"Person\",\"@id\":\"https:\/\/www.pressenza.com\/es\/#\/schema\/person\/d7db40df35d6698ba69ba9ee260944ed\",\"name\":\"Redacci\u00f3n Chile\",\"description\":\"News from the Pressenza Bureau in Chile\",\"sameAs\":[\"https:\/\/www.facebook.com\/pressenza\",\"https:\/\/x.com\/pressenza\"],\"url\":\"https:\/\/www.pressenza.com\/es\/author\/redaccion-chile\/\"}]}<\/script>\n<!-- \/ Yoast SEO plugin. -->","yoast_head_json":{"title":"Campa\u00f1a \u201cNo + despidos de profesores enfermos\u201d suma el apoyo de Beatriz S\u00e1nchez","description":"La candidata presidencial del Frente Amplio comprometi\u00f3 su apoyo a la campa\u00f1a ciudadana desarrollada por el Colegio de Profesores, que apunta a la","robots":{"index":"index","follow":"follow","max-snippet":"max-snippet:-1","max-image-preview":"max-image-preview:large","max-video-preview":"max-video-preview:-1"},"canonical":"https:\/\/www.pressenza.com\/es\/2017\/09\/campana-no-despidos-profesores-enfermos-suma-apoyo-beatriz-sanchez\/","og_locale":"es_ES","og_type":"article","og_title":"Campa\u00f1a \u201cNo + despidos de profesores enfermos\u201d suma el apoyo de Beatriz S\u00e1nchez","og_description":"La candidata presidencial del Frente Amplio comprometi\u00f3 su apoyo a la campa\u00f1a ciudadana desarrollada por el Colegio de Profesores, que apunta a la","og_url":"https:\/\/www.pressenza.com\/es\/2017\/09\/campana-no-despidos-profesores-enfermos-suma-apoyo-beatriz-sanchez\/","og_site_name":"Pressenza","article_publisher":"https:\/\/www.facebook.com\/PressenzaItalia","article_author":"https:\/\/www.facebook.com\/pressenza","article_published_time":"2017-09-22T19:33:37+00:00","og_image":[{"width":2048,"height":1155,"url":"https:\/\/www.pressenza.com\/wp-content\/uploads\/2017\/09\/acto2.jpg","type":"image\/jpeg"}],"author":"Redacci\u00f3n Chile","twitter_card":"summary_large_image","twitter_creator":"@pressenza","twitter_site":"@PressenzaIPA","twitter_misc":{"Escrito por":"Redacci\u00f3n Chile","Tiempo de lectura":"1 minuto"},"schema":{"@context":"https:\/\/schema.org","@graph":[{"@type":"Article","@id":"https:\/\/www.pressenza.com\/es\/2017\/09\/campana-no-despidos-profesores-enfermos-suma-apoyo-beatriz-sanchez\/#article","isPartOf":{"@id":"https:\/\/www.pressenza.com\/es\/2017\/09\/campana-no-despidos-profesores-enfermos-suma-apoyo-beatriz-sanchez\/"},"author":{"name":"Redacci\u00f3n Chile","@id":"https:\/\/www.pressenza.com\/es\/#\/schema\/person\/d7db40df35d6698ba69ba9ee260944ed"},"headline":"Campa\u00f1a \u201cNo + despidos de profesores enfermos\u201d suma el apoyo de Beatriz S\u00e1nchez","datePublished":"2017-09-22T19:33:37+00:00","mainEntityOfPage":{"@id":"https:\/\/www.pressenza.com\/es\/2017\/09\/campana-no-despidos-profesores-enfermos-suma-apoyo-beatriz-sanchez\/"},"wordCount":119,"publisher":{"@id":"https:\/\/www.pressenza.com\/es\/#organization"},"image":{"@id":"https:\/\/www.pressenza.com\/es\/2017\/09\/campana-no-despidos-profesores-enfermos-suma-apoyo-beatriz-sanchez\/#primaryimage"},"thumbnailUrl":"https:\/\/www.pressenza.com\/wp-content\/uploads\/2017\/09\/acto2.jpg","keywords":["Beatriz S\u00e1nchez","Colegio de Profesores de Chile","No + despidos de profesores enfermos"],"articleSection":["Comunicados de Prensa","Contenido Original","Educaci\u00f3n","Pol\u00edtica","Sudam\u00e9rica"],"inLanguage":"es"},{"@type":"WebPage","@id":"https:\/\/www.pressenza.com\/es\/2017\/09\/campana-no-despidos-profesores-enfermos-suma-apoyo-beatriz-sanchez\/","url":"https:\/\/www.pressenza.com\/es\/2017\/09\/campana-no-despidos-profesores-enfermos-suma-apoyo-beatriz-sanchez\/","name":"Campa\u00f1a \u201cNo + despidos de profesores enfermos\u201d suma el apoyo de Beatriz S\u00e1nchez","isPartOf":{"@id":"https:\/\/www.pressenza.com\/es\/#website"},"primaryImageOfPage":{"@id":"https:\/\/www.pressenza.com\/es\/2017\/09\/campana-no-despidos-profesores-enfermos-suma-apoyo-beatriz-sanchez\/#primaryimage"},"image":{"@id":"https:\/\/www.pressenza.com\/es\/2017\/09\/campana-no-despidos-profesores-enfermos-suma-apoyo-beatriz-sanchez\/#primaryimage"},"thumbnailUrl":"https:\/\/www.pressenza.com\/wp-content\/uploads\/2017\/09\/acto2.jpg","datePublished":"2017-09-22T19:33:37+00:00","description":"La candidata presidencial del Frente Amplio comprometi\u00f3 su apoyo a la campa\u00f1a ciudadana desarrollada por el Colegio de Profesores, que apunta a la","breadcrumb":{"@id":"https:\/\/www.pressenza.com\/es\/2017\/09\/campana-no-despidos-profesores-enfermos-suma-apoyo-beatriz-sanchez\/#breadcrumb"},"inLanguage":"es","potentialAction":[{"@type":"ReadAction","target":["https:\/\/www.pressenza.com\/es\/2017\/09\/campana-no-despidos-profesores-enfermos-suma-apoyo-beatriz-sanchez\/"]}]},{"@type":"ImageObject","inLanguage":"es","@id":"https:\/\/www.pressenza.com\/es\/2017\/09\/campana-no-despidos-profesores-enfermos-suma-apoyo-beatriz-sanchez\/#primaryimage","url":"https:\/\/www.pressenza.com\/wp-content\/uploads\/2017\/09\/acto2.jpg","contentUrl":"https:\/\/www.pressenza.com\/wp-content\/uploads\/2017\/09\/acto2.jpg","width":2048,"height":1155},{"@type":"BreadcrumbList","@id":"https:\/\/www.pressenza.com\/es\/2017\/09\/campana-no-despidos-profesores-enfermos-suma-apoyo-beatriz-sanchez\/#breadcrumb","itemListElement":[{"@type":"ListItem","position":1,"name":"Accueil","item":"https:\/\/www.pressenza.com\/es\/"},{"@type":"ListItem","position":2,"name":"Campa\u00f1a \u201cNo + despidos de profesores enfermos\u201d suma el apoyo de Beatriz S\u00e1nchez"}]},{"@type":"WebSite","@id":"https:\/\/www.pressenza.com\/es\/#website","url":"https:\/\/www.pressenza.com\/es\/","name":"Pressenza","description":"International Press Agency","publisher":{"@id":"https:\/\/www.pressenza.com\/es\/#organization"},"potentialAction":[{"@type":"SearchAction","target":{"@type":"EntryPoint","urlTemplate":"https:\/\/www.pressenza.com\/es\/?s={search_term_string}"},"query-input":{"@type":"PropertyValueSpecification","valueRequired":true,"valueName":"search_term_string"}}],"inLanguage":"es"},{"@type":"Organization","@id":"https:\/\/www.pressenza.com\/es\/#organization","name":"Pressenza","url":"https:\/\/www.pressenza.com\/es\/","logo":{"@type":"ImageObject","inLanguage":"es","@id":"https:\/\/www.pressenza.com\/es\/#\/schema\/logo\/image\/","url":"https:\/\/www.pressenza.com\/wp-content\/uploads\/2022\/10\/pressenza_logo_200x200.jpg","contentUrl":"https:\/\/www.pressenza.com\/wp-content\/uploads\/2022\/10\/pressenza_logo_200x200.jpg","width":200,"height":200,"caption":"Pressenza"},"image":{"@id":"https:\/\/www.pressenza.com\/es\/#\/schema\/logo\/image\/"},"sameAs":["https:\/\/www.facebook.com\/PressenzaItalia","https:\/\/x.com\/PressenzaIPA"]},{"@type":"Person","@id":"https:\/\/www.pressenza.com\/es\/#\/schema\/person\/d7db40df35d6698ba69ba9ee260944ed","name":"Redacci\u00f3n Chile","description":"News from the Pressenza Bureau in Chile","sameAs":["https:\/\/www.facebook.com\/pressenza","https:\/\/x.com\/pressenza"],"url":"https:\/\/www.pressenza.com\/es\/author\/redaccion-chile\/"}]}},"place":"Santiago de Chile","original_article_url":"","_links":{"self":[{"href":"https:\/\/www.pressenza.com\/es\/wp-json\/wp\/v2\/posts\/522866","targetHints":{"allow":["GET"]}}],"collection":[{"href":"https:\/\/www.pressenza.com\/es\/wp-json\/wp\/v2\/posts"}],"about":[{"href":"https:\/\/www.pressenza.com\/es\/wp-json\/wp\/v2\/types\/post"}],"author":[{"embeddable":true,"href":"https:\/\/www.pressenza.com\/es\/wp-json\/wp\/v2\/users\/43"}],"replies":[{"embeddable":true,"href":"https:\/\/www.pressenza.com\/es\/wp-json\/wp\/v2\/comments?post=522866"}],"version-history":[{"count":0,"href":"https:\/\/www.pressenza.com\/es\/wp-json\/wp\/v2\/posts\/522866\/revisions"}],"wp:featuredmedia":[{"embeddable":true,"href":"https:\/\/www.pressenza.com\/es\/wp-json\/wp\/v2\/media\/522877"}],"wp:attachment":[{"href":"https:\/\/www.pressenza.com\/es\/wp-json\/wp\/v2\/media?parent=522866"}],"wp:term":[{"taxonomy":"category","embeddable":true,"href":"https:\/\/www.pressenza.com\/es\/wp-json\/wp\/v2\/categories?post=522866"},{"taxonomy":"post_tag","embeddable":true,"href":"https:\/\/www.pressenza.com\/es\/wp-json\/wp\/v2\/tags?post=522866"}],"curies":[{"name":"wp","href":"https:\/\/api.w.org\/{rel}","templated":true}]}}