{"id":52219,"date":"2013-05-15T20:32:57","date_gmt":"2013-05-15T19:32:57","guid":{"rendered":"http:\/\/www.pressenza.com\/?p=52219"},"modified":"2013-05-15T21:56:51","modified_gmt":"2013-05-15T20:56:51","slug":"acerca-de-la-justicia-un-punto-de-vista-humanista","status":"publish","type":"post","link":"https:\/\/www.pressenza.com\/es\/2013\/05\/acerca-de-la-justicia-un-punto-de-vista-humanista\/","title":{"rendered":"Acerca de la Justicia: Un punto de vista humanista"},"content":{"rendered":"<p>Mucho se habla hoy en d\u00eda sobre la transformaci\u00f3n de la justicia, y desde el Partido Humanista le damos la bienvenida al debate, porque la instituci\u00f3n judicial es uno de los poderes que menos se ha revisado y actualizado desde su creaci\u00f3n, hasta el punto de tener todav\u00eda hoy ceremoniales arcaicos, incluso el tratamiento de \u201cSu Se\u00f1or\u00eda\u201d proviene de otras \u00e9pocas de privilegios.<br \/>\nAntes de meternos de lleno con el tema, haremos una peque\u00f1a digresi\u00f3n para hablar de los pilares fundamentales de la democracia, que son la independencia entre poderes, la representatividad, y el respeto de las minor\u00edas. Estos pilares hoy est\u00e1n totalmente viciados y vac\u00edos, y por eso a la situaci\u00f3n actual la llamamos \u201cdemocracia formal\u201d, es decir que es una democracia s\u00f3lo en las formas.<\/p>\n<p>La representatividad, bien expresada en la constituci\u00f3n en la frase \u201cel pueblo no delibera ni gobierna sino a trav\u00e9s de sus representantes\u201d, se ha perdido enteramente, al vaciarse de propuestas las campa\u00f1as pol\u00edticas en favor del slogan, y sobre todo al no haber manera de controlar al representante.<br \/>\nSe suele aducir que si un representante no cumple con sus representados en el pr\u00f3ximo ciclo de elecciones se lo castigar\u00e1 con el voto, pero \u00bfMientras tanto? Mientras tanto el representante hace lo que le parece y no hay herramientas para impedirlo.<br \/>\nSi bien consideramos que la democracia formal ya no se corresponde con las necesidades del ser humano en esta \u00e9poca hist\u00f3rica, tenemos como propuesta la ley de responsabilidad pol\u00edtica para recuperar la representatividad. La ley de responsabilidad pol\u00edtica propone que cada aspirante a un cargo electivo presente un completo programa de lo que har\u00e1, y si luego no cumple con lo prometido puede ser removido por esa causa a trav\u00e9s de un refer\u00e9ndum revocatorio. Tambi\u00e9n deber\u00eda existir la posibilidad de refer\u00e9ndum revocatorio para todos los cargos electivos. Si bien esto existe en las constituciones de algunas provincias, no est\u00e1 contemplado en la Constituci\u00f3n Nacional.<\/p>\n<p>La segunda pata de la democracia formal, que es la \u201cindependencia de poderes\u201d, tambi\u00e9n es s\u00f3lo declamativa. Si se revisa de qu\u00e9 manera se eligen los funcionarios del poder judicial se ver\u00e1 que est\u00e1n extensamente interconectados e interdependientes con los otros poderes.<br \/>\nEn principio los jueces eran electos por el Poder Ejecutivo con acuerdo del Senado. Luego, en la reforma constitucional del \u201894, en aras de otorgar un poco m\u00e1s de transparencia, se cre\u00f3 el Consejo de la Magistratura, que ser\u00eda el encargado de confeccionar las ternas de jueces para proponerlas al Ejecutivo y al Senado, que siguen teniendo la \u00faltima palabra sobre qui\u00e9n se transforma en juez o no.<br \/>\nPor todo lo dicho, los humanistas afirmamos que el consejo de la magistratura es s\u00f3lo un parche para intentar maquillar un poco la dependencia del poder judicial de los otros dos poderes, y decimos claramente que los jueces deber\u00edan ser electos por voto popular. (1)<br \/>\nHabr\u00e1 muchas objeciones, seguramente muchas ser\u00e1n atendibles, pero no existe impedimento alguno para no elegir a los jueces como a los dem\u00e1s funcionarios. La idoneidad t\u00e9cnica estar\u00e1 asegurada por pruebas orales y escritas (tales como existen hoy en el Consejo de la Magistratura) previas a la presentaci\u00f3n de la candidatura, y tambi\u00e9n a trav\u00e9s de la creaci\u00f3n de la carrera judicial, en la cual hay una serie de hitos para ir ganando experiencia desde recibirse como abogado hasta llegar a juez.<\/p>\n<p>&nbsp;<\/p>\n<p>Con respecto a las leyes que se han presentado para la democratizaci\u00f3n de la justicia, algunas son interesantes, como la creaci\u00f3n de nuevas c\u00e1maras de casaci\u00f3n, la informatizaci\u00f3n de los juzgados, el requisito \u00e9tico de no haber participado institucionalmente en la dictadura militar, y el ingreso por concurso del personal de juzgado; y las apoyamos plenamente. Otras, como la limitaci\u00f3n de las cautelares, se entienden en la coyuntura actual de cautelares eternas, pero son preocupantes porque el ciudadano queda semidesprotegido ante el Estado.<\/p>\n<p>&nbsp;<\/p>\n<p>La ley de reforma del consejo de la magistratura, sin embargo, tiende a concentrar el poder en quien resulte ganador de las elecciones, y eso supondr\u00e1 un retroceso a\u00fan para la democracia formal. Adem\u00e1s, eso nos parece una tendencia contraria a la descentralizaci\u00f3n del poder que proponemos los Humanistas.<\/p>\n<p>&nbsp;<\/p>\n<p>En una democracia real debe darse a las minor\u00edas las garant\u00edas que merece su representatividad pero, adem\u00e1s, debe extremarse toda medida que favorezca en la pr\u00e1ctica su inserci\u00f3n y desarrollo. (2)<br \/>\nSin embargo, con esta ley se estar\u00eda eliminando la posibilidad de las minor\u00edas a expresarse porque no pueden cumplir los exigentes requisitos para presentarse a elecci\u00f3n. Tampoco se puede postular cualquier persona libremente, sino que tiene que hacerlo desde una agrupaci\u00f3n pol\u00edtica.<br \/>\nSe necesita desconcentrar, descomprimir poder, bajarlo a la base social, y no acumularlo en una sola persona o partido, por m\u00e1s que esta parezca la \u00fanica forma de enfrentar a los poderes econ\u00f3micos concentrados. Se ha demostrado que solo el pueblo organizado puede hacerles frente, y no una minor\u00eda con la suma del poder p\u00fablico.<\/p>\n<p>Nosotros proponemos: la elecci\u00f3n directa de jueces y comisarios; ley de responsabilidad pol\u00edtica, que implica revocatoria de mandato para todas las autoridades electas que no cumplan con lo prometido en la campa\u00f1a electoral; mecanismos de consulta popular e iniciativa popular. Estas propuestas son complementarias y no pueden ir separadas. Tambi\u00e9n ser\u00edan una revoluci\u00f3n en s\u00ed mismas pues su implementaci\u00f3n indicar\u00eda un cambio de conciencia de las personas y por ende del Estado.<\/p>\n<p>&nbsp;<\/p>\n<p>Desde el Partido Humanista queremos transmitir la certeza de que esta manera actual de organizaci\u00f3n ser\u00e1 superada en su momento por la democracia real, en la cual las decisiones se tomar\u00e1n desde la base social, informada y comprometida.<br \/>\nLos elementos para implementarlo ya existen, s\u00f3lo falta superar la \u00faltima barrera que es cultural, y as\u00ed dejar\u00e1 de parecer una utop\u00eda para volverse una aspiraci\u00f3n y luego una realidad.<\/p>\n<p>Y no ser\u00e1 la primera vez.<\/p>\n<p>&nbsp;<\/p>\n<p><b><i><small>Referencias:\u00a0<\/small><\/i><br \/>\n<\/b><i>(1)\u00a0<\/i><i>\u00a0Libro Naranja del Partido Humanista, 1998, Cap\u00edtulo IV, secci\u00f3n \u201cJusticia\u201d\u00a0<\/i><br \/>\n<i>(2)\u00a0<\/i><i>\u00a0Cartas a mis amigos, 1993, Silo. Sexta carta, Cap\u00edtulo II, \u201cDemocracia real y democracia formal\u201d<\/i><\/p>\n<p>&nbsp;<\/p>\n<p>&#8230;&#8230;&#8230;&#8230;&#8230;&#8230;&#8230;&#8230;&#8230;&#8230;&#8230;&#8230;&#8230;&#8230;<\/p>\n<p>Equipo de estudio del Partido Humanista.<br \/>\nDiego Rodriguez, Carlos Luciani, Patricia Centuri\u00f3n, Gerardo Gristein, Pablo Lopez, Liliana Ambrosio, Esther Sosa, Guillermina Noro, Edgardo Herrera, Pablo Ales.<\/p>\n","protected":false},"excerpt":{"rendered":"<p>Mucho se habla hoy en d\u00eda sobre la transformaci\u00f3n de la justicia, y desde el Partido Humanista le damos la bienvenida al debate, porque la instituci\u00f3n judicial es uno de los poderes que menos se ha revisado y actualizado desde&hellip;<\/p>\n","protected":false},"author":87,"featured_media":52224,"comment_status":"closed","ping_status":"open","sticky":false,"template":"","format":"standard","meta":{"footnotes":""},"categories":[161,74,67],"tags":[26,4740,4982],"class_list":["post-52219","post","type-post","status-publish","format-standard","has-post-thumbnail","hentry","category-opiniones","category-politica-es","category-sudamerica","tag-argentina","tag-democracia-real","tag-reforma-justicia"],"yoast_head":"<!-- This site is optimized with the Yoast SEO plugin v27.1.1 - https:\/\/yoast.com\/product\/yoast-seo-wordpress\/ -->\n<title>Acerca de la Justicia: Un punto de vista humanista<\/title>\n<meta name=\"description\" content=\"Mucho se habla hoy en d\u00eda sobre la transformaci\u00f3n de la justicia, y desde el Partido Humanista le damos la bienvenida al debate, porque la instituci\u00f3n\" \/>\n<meta name=\"robots\" content=\"index, follow, max-snippet:-1, max-image-preview:large, max-video-preview:-1\" \/>\n<link rel=\"canonical\" href=\"https:\/\/www.pressenza.com\/es\/2013\/05\/acerca-de-la-justicia-un-punto-de-vista-humanista\/\" \/>\n<meta property=\"og:locale\" content=\"es_ES\" \/>\n<meta property=\"og:type\" content=\"article\" \/>\n<meta property=\"og:title\" content=\"Acerca de la Justicia: Un punto de vista humanista\" \/>\n<meta property=\"og:description\" content=\"Mucho se habla hoy en d\u00eda sobre la transformaci\u00f3n de la justicia, y desde el Partido Humanista le damos la bienvenida al debate, porque la instituci\u00f3n\" \/>\n<meta property=\"og:url\" content=\"https:\/\/www.pressenza.com\/es\/2013\/05\/acerca-de-la-justicia-un-punto-de-vista-humanista\/\" \/>\n<meta property=\"og:site_name\" content=\"Pressenza\" \/>\n<meta property=\"article:publisher\" content=\"https:\/\/www.facebook.com\/PressenzaItalia\" \/>\n<meta property=\"article:published_time\" content=\"2013-05-15T19:32:57+00:00\" \/>\n<meta property=\"article:modified_time\" content=\"2013-05-15T20:56:51+00:00\" \/>\n<meta property=\"og:image\" content=\"https:\/\/www.pressenza.com\/wp-content\/uploads\/2013\/05\/Justicia.jpg\" \/>\n\t<meta property=\"og:image:width\" content=\"180\" \/>\n\t<meta property=\"og:image:height\" content=\"329\" \/>\n\t<meta property=\"og:image:type\" content=\"image\/jpeg\" \/>\n<meta name=\"author\" content=\"Redacci\u00f3n Argentina\" \/>\n<meta name=\"twitter:card\" content=\"summary_large_image\" \/>\n<meta name=\"twitter:creator\" content=\"@pressenza\" \/>\n<meta name=\"twitter:site\" content=\"@PressenzaIPA\" \/>\n<meta name=\"twitter:label1\" content=\"Escrito por\" \/>\n\t<meta name=\"twitter:data1\" content=\"Redacci\u00f3n Argentina\" \/>\n\t<meta name=\"twitter:label2\" content=\"Tiempo de lectura\" \/>\n\t<meta name=\"twitter:data2\" content=\"5 minutos\" \/>\n<script type=\"application\/ld+json\" class=\"yoast-schema-graph\">{\"@context\":\"https:\/\/schema.org\",\"@graph\":[{\"@type\":\"Article\",\"@id\":\"https:\/\/www.pressenza.com\/es\/2013\/05\/acerca-de-la-justicia-un-punto-de-vista-humanista\/#article\",\"isPartOf\":{\"@id\":\"https:\/\/www.pressenza.com\/es\/2013\/05\/acerca-de-la-justicia-un-punto-de-vista-humanista\/\"},\"author\":{\"name\":\"Redacci\u00f3n Argentina\",\"@id\":\"https:\/\/www.pressenza.com\/es\/#\/schema\/person\/0dda7d1b68267ad95b1e1d83abc98c89\"},\"headline\":\"Acerca de la Justicia: Un punto de vista humanista\",\"datePublished\":\"2013-05-15T19:32:57+00:00\",\"dateModified\":\"2013-05-15T20:56:51+00:00\",\"mainEntityOfPage\":{\"@id\":\"https:\/\/www.pressenza.com\/es\/2013\/05\/acerca-de-la-justicia-un-punto-de-vista-humanista\/\"},\"wordCount\":1108,\"publisher\":{\"@id\":\"https:\/\/www.pressenza.com\/es\/#organization\"},\"image\":{\"@id\":\"https:\/\/www.pressenza.com\/es\/2013\/05\/acerca-de-la-justicia-un-punto-de-vista-humanista\/#primaryimage\"},\"thumbnailUrl\":\"https:\/\/www.pressenza.com\/wp-content\/uploads\/2013\/05\/Justicia.jpg\",\"keywords\":[\"Argentina\",\"Democracia Real\",\"Reforma Justicia\"],\"articleSection\":[\"Opiniones\",\"Pol\u00edtica\",\"Sudam\u00e9rica\"],\"inLanguage\":\"es\"},{\"@type\":\"WebPage\",\"@id\":\"https:\/\/www.pressenza.com\/es\/2013\/05\/acerca-de-la-justicia-un-punto-de-vista-humanista\/\",\"url\":\"https:\/\/www.pressenza.com\/es\/2013\/05\/acerca-de-la-justicia-un-punto-de-vista-humanista\/\",\"name\":\"Acerca de la Justicia: Un punto de vista humanista\",\"isPartOf\":{\"@id\":\"https:\/\/www.pressenza.com\/es\/#website\"},\"primaryImageOfPage\":{\"@id\":\"https:\/\/www.pressenza.com\/es\/2013\/05\/acerca-de-la-justicia-un-punto-de-vista-humanista\/#primaryimage\"},\"image\":{\"@id\":\"https:\/\/www.pressenza.com\/es\/2013\/05\/acerca-de-la-justicia-un-punto-de-vista-humanista\/#primaryimage\"},\"thumbnailUrl\":\"https:\/\/www.pressenza.com\/wp-content\/uploads\/2013\/05\/Justicia.jpg\",\"datePublished\":\"2013-05-15T19:32:57+00:00\",\"dateModified\":\"2013-05-15T20:56:51+00:00\",\"description\":\"Mucho se habla hoy en d\u00eda sobre la transformaci\u00f3n de la justicia, y desde el Partido Humanista le damos la bienvenida al debate, porque la instituci\u00f3n\",\"breadcrumb\":{\"@id\":\"https:\/\/www.pressenza.com\/es\/2013\/05\/acerca-de-la-justicia-un-punto-de-vista-humanista\/#breadcrumb\"},\"inLanguage\":\"es\",\"potentialAction\":[{\"@type\":\"ReadAction\",\"target\":[\"https:\/\/www.pressenza.com\/es\/2013\/05\/acerca-de-la-justicia-un-punto-de-vista-humanista\/\"]}]},{\"@type\":\"ImageObject\",\"inLanguage\":\"es\",\"@id\":\"https:\/\/www.pressenza.com\/es\/2013\/05\/acerca-de-la-justicia-un-punto-de-vista-humanista\/#primaryimage\",\"url\":\"https:\/\/www.pressenza.com\/wp-content\/uploads\/2013\/05\/Justicia.jpg\",\"contentUrl\":\"https:\/\/www.pressenza.com\/wp-content\/uploads\/2013\/05\/Justicia.jpg\",\"width\":180,\"height\":329},{\"@type\":\"BreadcrumbList\",\"@id\":\"https:\/\/www.pressenza.com\/es\/2013\/05\/acerca-de-la-justicia-un-punto-de-vista-humanista\/#breadcrumb\",\"itemListElement\":[{\"@type\":\"ListItem\",\"position\":1,\"name\":\"Accueil\",\"item\":\"https:\/\/www.pressenza.com\/es\/\"},{\"@type\":\"ListItem\",\"position\":2,\"name\":\"Acerca de la Justicia: Un punto de vista humanista\"}]},{\"@type\":\"WebSite\",\"@id\":\"https:\/\/www.pressenza.com\/es\/#website\",\"url\":\"https:\/\/www.pressenza.com\/es\/\",\"name\":\"Pressenza\",\"description\":\"International Press Agency\",\"publisher\":{\"@id\":\"https:\/\/www.pressenza.com\/es\/#organization\"},\"potentialAction\":[{\"@type\":\"SearchAction\",\"target\":{\"@type\":\"EntryPoint\",\"urlTemplate\":\"https:\/\/www.pressenza.com\/es\/?s={search_term_string}\"},\"query-input\":{\"@type\":\"PropertyValueSpecification\",\"valueRequired\":true,\"valueName\":\"search_term_string\"}}],\"inLanguage\":\"es\"},{\"@type\":\"Organization\",\"@id\":\"https:\/\/www.pressenza.com\/es\/#organization\",\"name\":\"Pressenza\",\"url\":\"https:\/\/www.pressenza.com\/es\/\",\"logo\":{\"@type\":\"ImageObject\",\"inLanguage\":\"es\",\"@id\":\"https:\/\/www.pressenza.com\/es\/#\/schema\/logo\/image\/\",\"url\":\"https:\/\/www.pressenza.com\/wp-content\/uploads\/2022\/10\/pressenza_logo_200x200.jpg\",\"contentUrl\":\"https:\/\/www.pressenza.com\/wp-content\/uploads\/2022\/10\/pressenza_logo_200x200.jpg\",\"width\":200,\"height\":200,\"caption\":\"Pressenza\"},\"image\":{\"@id\":\"https:\/\/www.pressenza.com\/es\/#\/schema\/logo\/image\/\"},\"sameAs\":[\"https:\/\/www.facebook.com\/PressenzaItalia\",\"https:\/\/x.com\/PressenzaIPA\"]},{\"@type\":\"Person\",\"@id\":\"https:\/\/www.pressenza.com\/es\/#\/schema\/person\/0dda7d1b68267ad95b1e1d83abc98c89\",\"name\":\"Redacci\u00f3n Argentina\",\"description\":\"News from the Pressenza Bureau in Argentina.\",\"sameAs\":[\"https:\/\/x.com\/pressenza\"],\"url\":\"https:\/\/www.pressenza.com\/es\/author\/redaccion-argentina\/\"}]}<\/script>\n<!-- \/ Yoast SEO plugin. -->","yoast_head_json":{"title":"Acerca de la Justicia: Un punto de vista humanista","description":"Mucho se habla hoy en d\u00eda sobre la transformaci\u00f3n de la justicia, y desde el Partido Humanista le damos la bienvenida al debate, porque la instituci\u00f3n","robots":{"index":"index","follow":"follow","max-snippet":"max-snippet:-1","max-image-preview":"max-image-preview:large","max-video-preview":"max-video-preview:-1"},"canonical":"https:\/\/www.pressenza.com\/es\/2013\/05\/acerca-de-la-justicia-un-punto-de-vista-humanista\/","og_locale":"es_ES","og_type":"article","og_title":"Acerca de la Justicia: Un punto de vista humanista","og_description":"Mucho se habla hoy en d\u00eda sobre la transformaci\u00f3n de la justicia, y desde el Partido Humanista le damos la bienvenida al debate, porque la instituci\u00f3n","og_url":"https:\/\/www.pressenza.com\/es\/2013\/05\/acerca-de-la-justicia-un-punto-de-vista-humanista\/","og_site_name":"Pressenza","article_publisher":"https:\/\/www.facebook.com\/PressenzaItalia","article_published_time":"2013-05-15T19:32:57+00:00","article_modified_time":"2013-05-15T20:56:51+00:00","og_image":[{"width":180,"height":329,"url":"https:\/\/www.pressenza.com\/wp-content\/uploads\/2013\/05\/Justicia.jpg","type":"image\/jpeg"}],"author":"Redacci\u00f3n Argentina","twitter_card":"summary_large_image","twitter_creator":"@pressenza","twitter_site":"@PressenzaIPA","twitter_misc":{"Escrito por":"Redacci\u00f3n Argentina","Tiempo de lectura":"5 minutos"},"schema":{"@context":"https:\/\/schema.org","@graph":[{"@type":"Article","@id":"https:\/\/www.pressenza.com\/es\/2013\/05\/acerca-de-la-justicia-un-punto-de-vista-humanista\/#article","isPartOf":{"@id":"https:\/\/www.pressenza.com\/es\/2013\/05\/acerca-de-la-justicia-un-punto-de-vista-humanista\/"},"author":{"name":"Redacci\u00f3n Argentina","@id":"https:\/\/www.pressenza.com\/es\/#\/schema\/person\/0dda7d1b68267ad95b1e1d83abc98c89"},"headline":"Acerca de la Justicia: Un punto de vista humanista","datePublished":"2013-05-15T19:32:57+00:00","dateModified":"2013-05-15T20:56:51+00:00","mainEntityOfPage":{"@id":"https:\/\/www.pressenza.com\/es\/2013\/05\/acerca-de-la-justicia-un-punto-de-vista-humanista\/"},"wordCount":1108,"publisher":{"@id":"https:\/\/www.pressenza.com\/es\/#organization"},"image":{"@id":"https:\/\/www.pressenza.com\/es\/2013\/05\/acerca-de-la-justicia-un-punto-de-vista-humanista\/#primaryimage"},"thumbnailUrl":"https:\/\/www.pressenza.com\/wp-content\/uploads\/2013\/05\/Justicia.jpg","keywords":["Argentina","Democracia Real","Reforma Justicia"],"articleSection":["Opiniones","Pol\u00edtica","Sudam\u00e9rica"],"inLanguage":"es"},{"@type":"WebPage","@id":"https:\/\/www.pressenza.com\/es\/2013\/05\/acerca-de-la-justicia-un-punto-de-vista-humanista\/","url":"https:\/\/www.pressenza.com\/es\/2013\/05\/acerca-de-la-justicia-un-punto-de-vista-humanista\/","name":"Acerca de la Justicia: Un punto de vista humanista","isPartOf":{"@id":"https:\/\/www.pressenza.com\/es\/#website"},"primaryImageOfPage":{"@id":"https:\/\/www.pressenza.com\/es\/2013\/05\/acerca-de-la-justicia-un-punto-de-vista-humanista\/#primaryimage"},"image":{"@id":"https:\/\/www.pressenza.com\/es\/2013\/05\/acerca-de-la-justicia-un-punto-de-vista-humanista\/#primaryimage"},"thumbnailUrl":"https:\/\/www.pressenza.com\/wp-content\/uploads\/2013\/05\/Justicia.jpg","datePublished":"2013-05-15T19:32:57+00:00","dateModified":"2013-05-15T20:56:51+00:00","description":"Mucho se habla hoy en d\u00eda sobre la transformaci\u00f3n de la justicia, y desde el Partido Humanista le damos la bienvenida al debate, porque la instituci\u00f3n","breadcrumb":{"@id":"https:\/\/www.pressenza.com\/es\/2013\/05\/acerca-de-la-justicia-un-punto-de-vista-humanista\/#breadcrumb"},"inLanguage":"es","potentialAction":[{"@type":"ReadAction","target":["https:\/\/www.pressenza.com\/es\/2013\/05\/acerca-de-la-justicia-un-punto-de-vista-humanista\/"]}]},{"@type":"ImageObject","inLanguage":"es","@id":"https:\/\/www.pressenza.com\/es\/2013\/05\/acerca-de-la-justicia-un-punto-de-vista-humanista\/#primaryimage","url":"https:\/\/www.pressenza.com\/wp-content\/uploads\/2013\/05\/Justicia.jpg","contentUrl":"https:\/\/www.pressenza.com\/wp-content\/uploads\/2013\/05\/Justicia.jpg","width":180,"height":329},{"@type":"BreadcrumbList","@id":"https:\/\/www.pressenza.com\/es\/2013\/05\/acerca-de-la-justicia-un-punto-de-vista-humanista\/#breadcrumb","itemListElement":[{"@type":"ListItem","position":1,"name":"Accueil","item":"https:\/\/www.pressenza.com\/es\/"},{"@type":"ListItem","position":2,"name":"Acerca de la Justicia: Un punto de vista humanista"}]},{"@type":"WebSite","@id":"https:\/\/www.pressenza.com\/es\/#website","url":"https:\/\/www.pressenza.com\/es\/","name":"Pressenza","description":"International Press Agency","publisher":{"@id":"https:\/\/www.pressenza.com\/es\/#organization"},"potentialAction":[{"@type":"SearchAction","target":{"@type":"EntryPoint","urlTemplate":"https:\/\/www.pressenza.com\/es\/?s={search_term_string}"},"query-input":{"@type":"PropertyValueSpecification","valueRequired":true,"valueName":"search_term_string"}}],"inLanguage":"es"},{"@type":"Organization","@id":"https:\/\/www.pressenza.com\/es\/#organization","name":"Pressenza","url":"https:\/\/www.pressenza.com\/es\/","logo":{"@type":"ImageObject","inLanguage":"es","@id":"https:\/\/www.pressenza.com\/es\/#\/schema\/logo\/image\/","url":"https:\/\/www.pressenza.com\/wp-content\/uploads\/2022\/10\/pressenza_logo_200x200.jpg","contentUrl":"https:\/\/www.pressenza.com\/wp-content\/uploads\/2022\/10\/pressenza_logo_200x200.jpg","width":200,"height":200,"caption":"Pressenza"},"image":{"@id":"https:\/\/www.pressenza.com\/es\/#\/schema\/logo\/image\/"},"sameAs":["https:\/\/www.facebook.com\/PressenzaItalia","https:\/\/x.com\/PressenzaIPA"]},{"@type":"Person","@id":"https:\/\/www.pressenza.com\/es\/#\/schema\/person\/0dda7d1b68267ad95b1e1d83abc98c89","name":"Redacci\u00f3n Argentina","description":"News from the Pressenza Bureau in Argentina.","sameAs":["https:\/\/x.com\/pressenza"],"url":"https:\/\/www.pressenza.com\/es\/author\/redaccion-argentina\/"}]}},"place":"","original_article_url":"","_links":{"self":[{"href":"https:\/\/www.pressenza.com\/es\/wp-json\/wp\/v2\/posts\/52219","targetHints":{"allow":["GET"]}}],"collection":[{"href":"https:\/\/www.pressenza.com\/es\/wp-json\/wp\/v2\/posts"}],"about":[{"href":"https:\/\/www.pressenza.com\/es\/wp-json\/wp\/v2\/types\/post"}],"author":[{"embeddable":true,"href":"https:\/\/www.pressenza.com\/es\/wp-json\/wp\/v2\/users\/87"}],"replies":[{"embeddable":true,"href":"https:\/\/www.pressenza.com\/es\/wp-json\/wp\/v2\/comments?post=52219"}],"version-history":[{"count":0,"href":"https:\/\/www.pressenza.com\/es\/wp-json\/wp\/v2\/posts\/52219\/revisions"}],"wp:featuredmedia":[{"embeddable":true,"href":"https:\/\/www.pressenza.com\/es\/wp-json\/wp\/v2\/media\/52224"}],"wp:attachment":[{"href":"https:\/\/www.pressenza.com\/es\/wp-json\/wp\/v2\/media?parent=52219"}],"wp:term":[{"taxonomy":"category","embeddable":true,"href":"https:\/\/www.pressenza.com\/es\/wp-json\/wp\/v2\/categories?post=52219"},{"taxonomy":"post_tag","embeddable":true,"href":"https:\/\/www.pressenza.com\/es\/wp-json\/wp\/v2\/tags?post=52219"}],"curies":[{"name":"wp","href":"https:\/\/api.w.org\/{rel}","templated":true}]}}