{"id":52197,"date":"2013-05-15T19:15:01","date_gmt":"2013-05-15T18:15:01","guid":{"rendered":"http:\/\/www.pressenza.com\/?p=52197"},"modified":"2013-05-15T19:15:01","modified_gmt":"2013-05-15T18:15:01","slug":"nicolas-maduro-los-movimientos-sociales-de-izquierda-son-el-motor-de-la-transformacion","status":"publish","type":"post","link":"https:\/\/www.pressenza.com\/es\/2013\/05\/nicolas-maduro-los-movimientos-sociales-de-izquierda-son-el-motor-de-la-transformacion\/","title":{"rendered":"Nicol\u00e1s Maduro: Los movimientos sociales de izquierda son el motor de la transformaci\u00f3n"},"content":{"rendered":"<p style=\"text-align: justify;\"><strong>El presidente de la Rep\u00fablica, Nicol\u00e1s Maduro, resalt\u00f3 el papel fundamental que juegan los movimientos sociales y de izquierda en Am\u00e9rica Latina, como garant\u00eda del rumbo progresista y de justicia que adelantan los procesos democr\u00e1ticos en la regi\u00f3n.<\/strong><\/p>\n<p style=\"text-align: justify;\">Maduro, quien sostuvo un conversatorio con movimientos sociales de Brasil en el Memorial Darcy Ribeiro, ubicado en el campus de la Universidad de Brasilia, se\u00f1al\u00f3 que reafirmar y consolidar estas organizaciones es honrar el legado del comandante y l\u00edder de la Revoluci\u00f3n Bolivariana, Hugo Ch\u00e1vez Fr\u00edas, quien \u201cfue un gran dem\u00f3crata, latinoamericanista bolivariano y unionista\u201d.<\/p>\n<p style=\"text-align: justify;\">\u201cRevestir de poder moral, pol\u00edtico, organizativo a los movimientos sociales es la mayor garant\u00eda de que los procesos democr\u00e1ticos de nuestro pa\u00edses seguir\u00e1n su senda progresista, igualitaria y de justicia\u201d, dijo.<\/p>\n<p style=\"text-align: justify;\">Se\u00f1al\u00f3 que con estas condiciones se har\u00e1 de los pa\u00edses latinoamericanos \u201cinderrotables\u201d ante los ataques de los imperios del mundo.<\/p>\n<p style=\"text-align: justify;\">Expres\u00f3 que en la bandera del socialismo del siglo XXI, el pueblo puede encontrar el futuro de las generaciones, pues es un socialismo \u201cdemocr\u00e1tico, indoamericano, cristiano, bolivariano, liberador e integrador\u201d.<\/p>\n<p style=\"text-align: justify;\">En esta lucha son importantes las ense\u00f1anzas de estudiosos como Darcy Ribeiro, quien es considerado como uno de los educadores y antrop\u00f3logos brasile\u00f1os de mayor renombre en el mundo por su contribuci\u00f3n a la defensa de la causa ind\u00edgena. \u201cHombres como Ribeiro son capaces de remover la cultura y la conciencia de su \u00e9poca y dejar una obra y un legado\u201d, expres\u00f3 Maduro.<\/p>\n<p>El presidente finaliz\u00f3 en \u00a0Brasil su gira por los pa\u00edses del Mercado Com\u00fan del Sur (Mercosur), que inici\u00f3 el pasado martes.<\/p>\n<p style=\"text-align: justify;\">Como parte de este encuentro, Brasilia y Caracas acordaron consolidar la revoluci\u00f3n agroalimentaria del pa\u00eds, as\u00ed como impulsar tambi\u00e9n proyectos dentro de la industria petrolera nacional.<\/p>\n<p><strong>La izquierda: Motor de transformaci\u00f3n<\/strong><\/p>\n<p style=\"text-align: justify;\">Los gobiernos de izquierda de Am\u00e9rica Latina han impulsado la transformaci\u00f3n econ\u00f3mica y social de la regi\u00f3n, manifest\u00f3 el jefe de Estado venezolano, quien a\u00f1adi\u00f3 que a lo largo de los a\u00f1os se han alcanzado grandes logros en cuanto a la econom\u00eda, en la superaci\u00f3n de la pobreza y la miseria y en la independencia de los pa\u00edses latinoamericanos.<\/p>\n<p style=\"text-align: justify;\">Agreg\u00f3 que la resistencia cultural y la lucha de ideas en la regi\u00f3n suramericana \u201cha valido la pena\u201d, pues \u201cen esa diversidad hacemos un arcoiris hermoso, de fuerza, que hoy marca el destino de esta Am\u00e9rica Latina\u201d.<\/p>\n<p style=\"text-align: justify;\">\u201cLa izquierda latinoamericana, el progresismo y los movimientos revolucionarios latinoamericanos tienen sus ra\u00edces profundas en los grandes pensadores, en los movimientos sociales que han resistido por a\u00f1os\u201d, expres\u00f3.<\/p>\n<p style=\"text-align: justify;\">En pro de mantener la unidad de la regi\u00f3n, Maduro llam\u00f3 a transformar al Mercado Com\u00fan del Sur (Mercosur), cuya presidencia asumir\u00e1 Venezuela el pr\u00f3ximo 28 de junio, \u201cen una identidad de pueblo, una oportunidad de desarrollo de nuestros pueblo, de integraci\u00f3n econ\u00f3mica, energ\u00e9tica, estructural de nuestros pa\u00edses\u201d.<\/p>\n<p style=\"text-align: justify;\">Indic\u00f3 que la participaci\u00f3n de Venezuela en el bloque regional busca fortalecerlo, ampliarlo y convertirlo en \u201cun gran motor e im\u00e1n de la uni\u00f3n econ\u00f3mica del nuevo desarrollo de Latinoam\u00e9rica, para que transcienda y se convierta en una gran zona econ\u00f3mica\u201d.<\/p>\n<p><strong>Profundizar la integraci\u00f3n<\/strong><\/p>\n<p style=\"text-align: justify;\">El presidente venezolano tambi\u00e9n ratific\u00f3 la disposici\u00f3n del Gobierno Nacional para afianzar los proyectos que leg\u00f3 Ch\u00e1vez, para la uni\u00f3n de los pueblos.<\/p>\n<p style=\"text-align: justify;\">Precis\u00f3 que desde el Mercosur ser\u00e1 discutida la consolidaci\u00f3n del Sistema \u00danico de Compensaci\u00f3n Regional (Sucre), como alternativa monetaria en la regi\u00f3n, cuya finalidad es la compra y venta de productos entre los pa\u00edses miembros de la Alianza Bolivariana para los Pueblos de Nuestra Am\u00e9rica (Alba).<\/p>\n<p style=\"text-align: justify;\">Asimismo, manifest\u00f3 que la organizaci\u00f3n institucional y financiera del Banco del Sur est\u00e1 en fase de culminaci\u00f3n y en los pr\u00f3ximos d\u00edas ser\u00e1 convocado un Consejo de Ministros para abordar la instalaci\u00f3n del organismo, cuya sede principal estar\u00e1 en Caracas.<\/p>\n<p style=\"text-align: justify;\">Inform\u00f3 adem\u00e1s que en Caracas se establecer\u00e1 la Escuela de Formaci\u00f3n de Dirigentes y Cuadros de los movimientos sociales del Alba, y se estudia la conformaci\u00f3n del equipo de direcci\u00f3n y los programas de estudio.<\/p>\n<p style=\"text-align: justify;\">De acuerdo a Maduro, esta Escuela \u201cdebe ser un centro de estudio, de investigaci\u00f3n del fen\u00f3meno, de creaci\u00f3n de proyectos, de unificaci\u00f3n de programas de estudio, porque la formaci\u00f3n ideol\u00f3gica, pol\u00edtica, program\u00e1tica, filos\u00f3fica de los dirigentes de los movimientos sociales es la que le garantiza la vida, la calidad del trabajo de las fuerzas pol\u00edticas\u201d.<\/p>\n<p style=\"text-align: justify;\">Asimismo, a\u00f1adi\u00f3 que llevar\u00e1 la propuesta de un Fondo Igualitario en la lucha contra la pobreza para ser discutida desde la Organizaci\u00f3n de Pa\u00edses Exportadores de Petr\u00f3leo (OPEP).<\/p>\n<p style=\"text-align: justify;\">\u201cNos comprometemos a hacer una propuesta seria y llevarla a la OPEP y que comience un proceso de evaluaci\u00f3n para buscarle la viabilidad\u201d, dijo.<\/p>\n<p style=\"text-align: justify;\">Tambi\u00e9n, el mandatario venezolano se comprometi\u00f3 defender el rumbo del Mercosur, el Alba, Petrocaribe y la Comunidad de Estados Latinoamericanos y Caribe\u00f1os (Celac).<\/p>\n<p><strong>Revoluci\u00f3n en el poder<\/strong><\/p>\n<p style=\"text-align: justify;\">Durante el conversatorio con movimientos sociales de Brasil, el presidente Nicol\u00e1s Maduro destac\u00f3 el car\u00e1cter popular de la revoluci\u00f3n bolivariana que se gesta en Venezuela.<\/p>\n<p style=\"text-align: justify;\">\u201cNo somos simplemente un gobierno, somos una revoluci\u00f3n popular en el poder que est\u00e1 transformando una sociedad. Somos un hurac\u00e1n andando, construyendo un mundo nuevo. Somos un pa\u00eds democr\u00e1tico, leg\u00edtimo y popular que ha hecho el milagro de crear una sociedad, un pa\u00eds independiente con el genio y el liderazgo de Hugo Ch\u00e1vez\u201d, enfatiz\u00f3 el mandatario.<\/p>\n<p style=\"text-align: justify;\">En ese sentido, refiri\u00f3 que Venezuela logr\u00f3 una victoria hist\u00f3rica el pasado 14 de abril, cuando se efectuaron los comicios presidenciales, la cual ha sido defendida en paz.<\/p>\n<p style=\"text-align: justify;\">\u201cNuestro pueblo se plant\u00f3 y se puso de frente a la amenaza, a las mentiras y a la guerra el\u00e9ctrica de la derecha venezolana. Nuestro pueblo tuvo una victoria heroica, que ha sabido defender en paz con ideas y constitucionalmente. Nosotros derrotamos los planes desestabilizadores de la derecha\u201d, expres\u00f3 el mandatario.<\/p>\n<p style=\"text-align: justify;\">El jefe de Estado se\u00f1al\u00f3 que el pueblo sigue \u201cel camino que traz\u00f3 Bol\u00edvar, el de la patria grande, el camino de la Am\u00e9rica del Sur unida y liberada, el camino del poder para el pueblo, con el debate de ideas, organizada, fuera de la dependencia, colonialismo y la pobreza\u201d.<\/p>\n<p style=\"text-align: justify;\">El presidente Maduro se encuentra en una gira por los pa\u00edses que integran el Mercosur, previo a que Venezuela asuma la presidencia pro t\u00e9mpore del bloque regional el pr\u00f3ximo 28 de junio.<\/p>\n<p><strong>\u00a0<\/strong><\/p>\n","protected":false},"excerpt":{"rendered":"<p>El presidente de la Rep\u00fablica, Nicol\u00e1s Maduro, resalt\u00f3 el papel fundamental que juegan los movimientos sociales y de izquierda en Am\u00e9rica Latina, como garant\u00eda del rumbo progresista y de justicia que adelantan los procesos democr\u00e1ticos en la regi\u00f3n. Maduro, quien&hellip;<\/p>\n","protected":false},"author":616,"featured_media":52201,"comment_status":"closed","ping_status":"open","sticky":false,"template":"","format":"standard","meta":{"footnotes":""},"categories":[74,67],"tags":[4310],"class_list":["post-52197","post","type-post","status-publish","format-standard","has-post-thumbnail","hentry","category-politica-es","category-sudamerica","tag-nicolas-maduro-es"],"yoast_head":"<!-- This site is optimized with the Yoast SEO plugin v27.1.1 - https:\/\/yoast.com\/product\/yoast-seo-wordpress\/ -->\n<title>Nicol\u00e1s Maduro: Los movimientos sociales de izquierda son el motor de la transformaci\u00f3n<\/title>\n<meta name=\"description\" content=\"El presidente de la Rep\u00fablica, Nicol\u00e1s Maduro, resalt\u00f3 el papel fundamental que juegan los movimientos sociales y de izquierda en Am\u00e9rica Latina, como\" \/>\n<meta name=\"robots\" content=\"index, follow, max-snippet:-1, max-image-preview:large, max-video-preview:-1\" \/>\n<link rel=\"canonical\" href=\"https:\/\/www.pressenza.com\/es\/2013\/05\/nicolas-maduro-los-movimientos-sociales-de-izquierda-son-el-motor-de-la-transformacion\/\" \/>\n<meta property=\"og:locale\" content=\"es_ES\" \/>\n<meta property=\"og:type\" content=\"article\" \/>\n<meta property=\"og:title\" content=\"Nicol\u00e1s Maduro: Los movimientos sociales de izquierda son el motor de la transformaci\u00f3n\" \/>\n<meta property=\"og:description\" content=\"El presidente de la Rep\u00fablica, Nicol\u00e1s Maduro, resalt\u00f3 el papel fundamental que juegan los movimientos sociales y de izquierda en Am\u00e9rica Latina, como\" \/>\n<meta property=\"og:url\" content=\"https:\/\/www.pressenza.com\/es\/2013\/05\/nicolas-maduro-los-movimientos-sociales-de-izquierda-son-el-motor-de-la-transformacion\/\" \/>\n<meta property=\"og:site_name\" content=\"Pressenza\" \/>\n<meta property=\"article:publisher\" content=\"https:\/\/www.facebook.com\/PressenzaItalia\" \/>\n<meta property=\"article:published_time\" content=\"2013-05-15T18:15:01+00:00\" \/>\n<meta property=\"og:image\" content=\"https:\/\/www.pressenza.com\/wp-content\/uploads\/2013\/05\/nicolas-maduro.jpg\" \/>\n\t<meta property=\"og:image:width\" content=\"600\" \/>\n\t<meta property=\"og:image:height\" content=\"450\" \/>\n\t<meta property=\"og:image:type\" content=\"image\/jpeg\" \/>\n<meta name=\"author\" content=\"El Ciudadano\" \/>\n<meta name=\"twitter:card\" content=\"summary_large_image\" \/>\n<meta name=\"twitter:creator\" content=\"@PressenzaIPA\" \/>\n<meta name=\"twitter:site\" content=\"@PressenzaIPA\" \/>\n<meta name=\"twitter:label1\" content=\"Escrito por\" \/>\n\t<meta name=\"twitter:data1\" content=\"El Ciudadano\" \/>\n\t<meta name=\"twitter:label2\" content=\"Tiempo de lectura\" \/>\n\t<meta name=\"twitter:data2\" content=\"6 minutos\" \/>\n<script type=\"application\/ld+json\" class=\"yoast-schema-graph\">{\"@context\":\"https:\/\/schema.org\",\"@graph\":[{\"@type\":\"Article\",\"@id\":\"https:\/\/www.pressenza.com\/es\/2013\/05\/nicolas-maduro-los-movimientos-sociales-de-izquierda-son-el-motor-de-la-transformacion\/#article\",\"isPartOf\":{\"@id\":\"https:\/\/www.pressenza.com\/es\/2013\/05\/nicolas-maduro-los-movimientos-sociales-de-izquierda-son-el-motor-de-la-transformacion\/\"},\"author\":{\"name\":\"El Ciudadano\",\"@id\":\"https:\/\/www.pressenza.com\/es\/#\/schema\/person\/6522eecb4cd68e074b27e251e4b04ef8\"},\"headline\":\"Nicol\u00e1s Maduro: Los movimientos sociales de izquierda son el motor de la transformaci\u00f3n\",\"datePublished\":\"2013-05-15T18:15:01+00:00\",\"mainEntityOfPage\":{\"@id\":\"https:\/\/www.pressenza.com\/es\/2013\/05\/nicolas-maduro-los-movimientos-sociales-de-izquierda-son-el-motor-de-la-transformacion\/\"},\"wordCount\":1149,\"publisher\":{\"@id\":\"https:\/\/www.pressenza.com\/es\/#organization\"},\"image\":{\"@id\":\"https:\/\/www.pressenza.com\/es\/2013\/05\/nicolas-maduro-los-movimientos-sociales-de-izquierda-son-el-motor-de-la-transformacion\/#primaryimage\"},\"thumbnailUrl\":\"https:\/\/www.pressenza.com\/wp-content\/uploads\/2013\/05\/nicolas-maduro.jpg\",\"keywords\":[\"Nicol\u00e1s Maduro\"],\"articleSection\":[\"Pol\u00edtica\",\"Sudam\u00e9rica\"],\"inLanguage\":\"es\"},{\"@type\":\"WebPage\",\"@id\":\"https:\/\/www.pressenza.com\/es\/2013\/05\/nicolas-maduro-los-movimientos-sociales-de-izquierda-son-el-motor-de-la-transformacion\/\",\"url\":\"https:\/\/www.pressenza.com\/es\/2013\/05\/nicolas-maduro-los-movimientos-sociales-de-izquierda-son-el-motor-de-la-transformacion\/\",\"name\":\"Nicol\u00e1s Maduro: Los movimientos sociales de izquierda son el motor de la transformaci\u00f3n\",\"isPartOf\":{\"@id\":\"https:\/\/www.pressenza.com\/es\/#website\"},\"primaryImageOfPage\":{\"@id\":\"https:\/\/www.pressenza.com\/es\/2013\/05\/nicolas-maduro-los-movimientos-sociales-de-izquierda-son-el-motor-de-la-transformacion\/#primaryimage\"},\"image\":{\"@id\":\"https:\/\/www.pressenza.com\/es\/2013\/05\/nicolas-maduro-los-movimientos-sociales-de-izquierda-son-el-motor-de-la-transformacion\/#primaryimage\"},\"thumbnailUrl\":\"https:\/\/www.pressenza.com\/wp-content\/uploads\/2013\/05\/nicolas-maduro.jpg\",\"datePublished\":\"2013-05-15T18:15:01+00:00\",\"description\":\"El presidente de la Rep\u00fablica, Nicol\u00e1s Maduro, resalt\u00f3 el papel fundamental que juegan los movimientos sociales y de izquierda en Am\u00e9rica Latina, como\",\"breadcrumb\":{\"@id\":\"https:\/\/www.pressenza.com\/es\/2013\/05\/nicolas-maduro-los-movimientos-sociales-de-izquierda-son-el-motor-de-la-transformacion\/#breadcrumb\"},\"inLanguage\":\"es\",\"potentialAction\":[{\"@type\":\"ReadAction\",\"target\":[\"https:\/\/www.pressenza.com\/es\/2013\/05\/nicolas-maduro-los-movimientos-sociales-de-izquierda-son-el-motor-de-la-transformacion\/\"]}]},{\"@type\":\"ImageObject\",\"inLanguage\":\"es\",\"@id\":\"https:\/\/www.pressenza.com\/es\/2013\/05\/nicolas-maduro-los-movimientos-sociales-de-izquierda-son-el-motor-de-la-transformacion\/#primaryimage\",\"url\":\"https:\/\/www.pressenza.com\/wp-content\/uploads\/2013\/05\/nicolas-maduro.jpg\",\"contentUrl\":\"https:\/\/www.pressenza.com\/wp-content\/uploads\/2013\/05\/nicolas-maduro.jpg\",\"width\":600,\"height\":450},{\"@type\":\"BreadcrumbList\",\"@id\":\"https:\/\/www.pressenza.com\/es\/2013\/05\/nicolas-maduro-los-movimientos-sociales-de-izquierda-son-el-motor-de-la-transformacion\/#breadcrumb\",\"itemListElement\":[{\"@type\":\"ListItem\",\"position\":1,\"name\":\"Accueil\",\"item\":\"https:\/\/www.pressenza.com\/es\/\"},{\"@type\":\"ListItem\",\"position\":2,\"name\":\"Nicol\u00e1s Maduro: Los movimientos sociales de izquierda son el motor de la transformaci\u00f3n\"}]},{\"@type\":\"WebSite\",\"@id\":\"https:\/\/www.pressenza.com\/es\/#website\",\"url\":\"https:\/\/www.pressenza.com\/es\/\",\"name\":\"Pressenza\",\"description\":\"International Press Agency\",\"publisher\":{\"@id\":\"https:\/\/www.pressenza.com\/es\/#organization\"},\"potentialAction\":[{\"@type\":\"SearchAction\",\"target\":{\"@type\":\"EntryPoint\",\"urlTemplate\":\"https:\/\/www.pressenza.com\/es\/?s={search_term_string}\"},\"query-input\":{\"@type\":\"PropertyValueSpecification\",\"valueRequired\":true,\"valueName\":\"search_term_string\"}}],\"inLanguage\":\"es\"},{\"@type\":\"Organization\",\"@id\":\"https:\/\/www.pressenza.com\/es\/#organization\",\"name\":\"Pressenza\",\"url\":\"https:\/\/www.pressenza.com\/es\/\",\"logo\":{\"@type\":\"ImageObject\",\"inLanguage\":\"es\",\"@id\":\"https:\/\/www.pressenza.com\/es\/#\/schema\/logo\/image\/\",\"url\":\"https:\/\/www.pressenza.com\/wp-content\/uploads\/2022\/10\/pressenza_logo_200x200.jpg\",\"contentUrl\":\"https:\/\/www.pressenza.com\/wp-content\/uploads\/2022\/10\/pressenza_logo_200x200.jpg\",\"width\":200,\"height\":200,\"caption\":\"Pressenza\"},\"image\":{\"@id\":\"https:\/\/www.pressenza.com\/es\/#\/schema\/logo\/image\/\"},\"sameAs\":[\"https:\/\/www.facebook.com\/PressenzaItalia\",\"https:\/\/x.com\/PressenzaIPA\"]},{\"@type\":\"Person\",\"@id\":\"https:\/\/www.pressenza.com\/es\/#\/schema\/person\/6522eecb4cd68e074b27e251e4b04ef8\",\"name\":\"El Ciudadano\",\"description\":\"El Ciudadano es un medio de comunicaci\u00f3n de circulaci\u00f3n mensual en papel y de funcionamiento diario en la web. Forma parte de la Red de Medios de los Pueblos por lo que se declara como un medio del Tercer Sector para romper el cerco informativo. El Ciudadano es una publicaci\u00f3n que busca elevar desde lo local a lo global las demandas de la organizaci\u00f3n social chilena como tambi\u00e9n promover la acci\u00f3n directa de la ciudadan\u00eda por su derecho a autodeterminaci\u00f3n. elciudadano.cl\",\"url\":\"https:\/\/www.pressenza.com\/es\/author\/el-ciudadano\/\"}]}<\/script>\n<!-- \/ Yoast SEO plugin. -->","yoast_head_json":{"title":"Nicol\u00e1s Maduro: Los movimientos sociales de izquierda son el motor de la transformaci\u00f3n","description":"El presidente de la Rep\u00fablica, Nicol\u00e1s Maduro, resalt\u00f3 el papel fundamental que juegan los movimientos sociales y de izquierda en Am\u00e9rica Latina, como","robots":{"index":"index","follow":"follow","max-snippet":"max-snippet:-1","max-image-preview":"max-image-preview:large","max-video-preview":"max-video-preview:-1"},"canonical":"https:\/\/www.pressenza.com\/es\/2013\/05\/nicolas-maduro-los-movimientos-sociales-de-izquierda-son-el-motor-de-la-transformacion\/","og_locale":"es_ES","og_type":"article","og_title":"Nicol\u00e1s Maduro: Los movimientos sociales de izquierda son el motor de la transformaci\u00f3n","og_description":"El presidente de la Rep\u00fablica, Nicol\u00e1s Maduro, resalt\u00f3 el papel fundamental que juegan los movimientos sociales y de izquierda en Am\u00e9rica Latina, como","og_url":"https:\/\/www.pressenza.com\/es\/2013\/05\/nicolas-maduro-los-movimientos-sociales-de-izquierda-son-el-motor-de-la-transformacion\/","og_site_name":"Pressenza","article_publisher":"https:\/\/www.facebook.com\/PressenzaItalia","article_published_time":"2013-05-15T18:15:01+00:00","og_image":[{"width":600,"height":450,"url":"https:\/\/www.pressenza.com\/wp-content\/uploads\/2013\/05\/nicolas-maduro.jpg","type":"image\/jpeg"}],"author":"El Ciudadano","twitter_card":"summary_large_image","twitter_creator":"@PressenzaIPA","twitter_site":"@PressenzaIPA","twitter_misc":{"Escrito por":"El Ciudadano","Tiempo de lectura":"6 minutos"},"schema":{"@context":"https:\/\/schema.org","@graph":[{"@type":"Article","@id":"https:\/\/www.pressenza.com\/es\/2013\/05\/nicolas-maduro-los-movimientos-sociales-de-izquierda-son-el-motor-de-la-transformacion\/#article","isPartOf":{"@id":"https:\/\/www.pressenza.com\/es\/2013\/05\/nicolas-maduro-los-movimientos-sociales-de-izquierda-son-el-motor-de-la-transformacion\/"},"author":{"name":"El Ciudadano","@id":"https:\/\/www.pressenza.com\/es\/#\/schema\/person\/6522eecb4cd68e074b27e251e4b04ef8"},"headline":"Nicol\u00e1s Maduro: Los movimientos sociales de izquierda son el motor de la transformaci\u00f3n","datePublished":"2013-05-15T18:15:01+00:00","mainEntityOfPage":{"@id":"https:\/\/www.pressenza.com\/es\/2013\/05\/nicolas-maduro-los-movimientos-sociales-de-izquierda-son-el-motor-de-la-transformacion\/"},"wordCount":1149,"publisher":{"@id":"https:\/\/www.pressenza.com\/es\/#organization"},"image":{"@id":"https:\/\/www.pressenza.com\/es\/2013\/05\/nicolas-maduro-los-movimientos-sociales-de-izquierda-son-el-motor-de-la-transformacion\/#primaryimage"},"thumbnailUrl":"https:\/\/www.pressenza.com\/wp-content\/uploads\/2013\/05\/nicolas-maduro.jpg","keywords":["Nicol\u00e1s Maduro"],"articleSection":["Pol\u00edtica","Sudam\u00e9rica"],"inLanguage":"es"},{"@type":"WebPage","@id":"https:\/\/www.pressenza.com\/es\/2013\/05\/nicolas-maduro-los-movimientos-sociales-de-izquierda-son-el-motor-de-la-transformacion\/","url":"https:\/\/www.pressenza.com\/es\/2013\/05\/nicolas-maduro-los-movimientos-sociales-de-izquierda-son-el-motor-de-la-transformacion\/","name":"Nicol\u00e1s Maduro: Los movimientos sociales de izquierda son el motor de la transformaci\u00f3n","isPartOf":{"@id":"https:\/\/www.pressenza.com\/es\/#website"},"primaryImageOfPage":{"@id":"https:\/\/www.pressenza.com\/es\/2013\/05\/nicolas-maduro-los-movimientos-sociales-de-izquierda-son-el-motor-de-la-transformacion\/#primaryimage"},"image":{"@id":"https:\/\/www.pressenza.com\/es\/2013\/05\/nicolas-maduro-los-movimientos-sociales-de-izquierda-son-el-motor-de-la-transformacion\/#primaryimage"},"thumbnailUrl":"https:\/\/www.pressenza.com\/wp-content\/uploads\/2013\/05\/nicolas-maduro.jpg","datePublished":"2013-05-15T18:15:01+00:00","description":"El presidente de la Rep\u00fablica, Nicol\u00e1s Maduro, resalt\u00f3 el papel fundamental que juegan los movimientos sociales y de izquierda en Am\u00e9rica Latina, como","breadcrumb":{"@id":"https:\/\/www.pressenza.com\/es\/2013\/05\/nicolas-maduro-los-movimientos-sociales-de-izquierda-son-el-motor-de-la-transformacion\/#breadcrumb"},"inLanguage":"es","potentialAction":[{"@type":"ReadAction","target":["https:\/\/www.pressenza.com\/es\/2013\/05\/nicolas-maduro-los-movimientos-sociales-de-izquierda-son-el-motor-de-la-transformacion\/"]}]},{"@type":"ImageObject","inLanguage":"es","@id":"https:\/\/www.pressenza.com\/es\/2013\/05\/nicolas-maduro-los-movimientos-sociales-de-izquierda-son-el-motor-de-la-transformacion\/#primaryimage","url":"https:\/\/www.pressenza.com\/wp-content\/uploads\/2013\/05\/nicolas-maduro.jpg","contentUrl":"https:\/\/www.pressenza.com\/wp-content\/uploads\/2013\/05\/nicolas-maduro.jpg","width":600,"height":450},{"@type":"BreadcrumbList","@id":"https:\/\/www.pressenza.com\/es\/2013\/05\/nicolas-maduro-los-movimientos-sociales-de-izquierda-son-el-motor-de-la-transformacion\/#breadcrumb","itemListElement":[{"@type":"ListItem","position":1,"name":"Accueil","item":"https:\/\/www.pressenza.com\/es\/"},{"@type":"ListItem","position":2,"name":"Nicol\u00e1s Maduro: Los movimientos sociales de izquierda son el motor de la transformaci\u00f3n"}]},{"@type":"WebSite","@id":"https:\/\/www.pressenza.com\/es\/#website","url":"https:\/\/www.pressenza.com\/es\/","name":"Pressenza","description":"International Press Agency","publisher":{"@id":"https:\/\/www.pressenza.com\/es\/#organization"},"potentialAction":[{"@type":"SearchAction","target":{"@type":"EntryPoint","urlTemplate":"https:\/\/www.pressenza.com\/es\/?s={search_term_string}"},"query-input":{"@type":"PropertyValueSpecification","valueRequired":true,"valueName":"search_term_string"}}],"inLanguage":"es"},{"@type":"Organization","@id":"https:\/\/www.pressenza.com\/es\/#organization","name":"Pressenza","url":"https:\/\/www.pressenza.com\/es\/","logo":{"@type":"ImageObject","inLanguage":"es","@id":"https:\/\/www.pressenza.com\/es\/#\/schema\/logo\/image\/","url":"https:\/\/www.pressenza.com\/wp-content\/uploads\/2022\/10\/pressenza_logo_200x200.jpg","contentUrl":"https:\/\/www.pressenza.com\/wp-content\/uploads\/2022\/10\/pressenza_logo_200x200.jpg","width":200,"height":200,"caption":"Pressenza"},"image":{"@id":"https:\/\/www.pressenza.com\/es\/#\/schema\/logo\/image\/"},"sameAs":["https:\/\/www.facebook.com\/PressenzaItalia","https:\/\/x.com\/PressenzaIPA"]},{"@type":"Person","@id":"https:\/\/www.pressenza.com\/es\/#\/schema\/person\/6522eecb4cd68e074b27e251e4b04ef8","name":"El Ciudadano","description":"El Ciudadano es un medio de comunicaci\u00f3n de circulaci\u00f3n mensual en papel y de funcionamiento diario en la web. Forma parte de la Red de Medios de los Pueblos por lo que se declara como un medio del Tercer Sector para romper el cerco informativo. El Ciudadano es una publicaci\u00f3n que busca elevar desde lo local a lo global las demandas de la organizaci\u00f3n social chilena como tambi\u00e9n promover la acci\u00f3n directa de la ciudadan\u00eda por su derecho a autodeterminaci\u00f3n. elciudadano.cl","url":"https:\/\/www.pressenza.com\/es\/author\/el-ciudadano\/"}]}},"place":"Caracas","original_article_url":"","_links":{"self":[{"href":"https:\/\/www.pressenza.com\/es\/wp-json\/wp\/v2\/posts\/52197","targetHints":{"allow":["GET"]}}],"collection":[{"href":"https:\/\/www.pressenza.com\/es\/wp-json\/wp\/v2\/posts"}],"about":[{"href":"https:\/\/www.pressenza.com\/es\/wp-json\/wp\/v2\/types\/post"}],"author":[{"embeddable":true,"href":"https:\/\/www.pressenza.com\/es\/wp-json\/wp\/v2\/users\/616"}],"replies":[{"embeddable":true,"href":"https:\/\/www.pressenza.com\/es\/wp-json\/wp\/v2\/comments?post=52197"}],"version-history":[{"count":0,"href":"https:\/\/www.pressenza.com\/es\/wp-json\/wp\/v2\/posts\/52197\/revisions"}],"wp:featuredmedia":[{"embeddable":true,"href":"https:\/\/www.pressenza.com\/es\/wp-json\/wp\/v2\/media\/52201"}],"wp:attachment":[{"href":"https:\/\/www.pressenza.com\/es\/wp-json\/wp\/v2\/media?parent=52197"}],"wp:term":[{"taxonomy":"category","embeddable":true,"href":"https:\/\/www.pressenza.com\/es\/wp-json\/wp\/v2\/categories?post=52197"},{"taxonomy":"post_tag","embeddable":true,"href":"https:\/\/www.pressenza.com\/es\/wp-json\/wp\/v2\/tags?post=52197"}],"curies":[{"name":"wp","href":"https:\/\/api.w.org\/{rel}","templated":true}]}}