{"id":52015,"date":"2013-05-14T17:58:07","date_gmt":"2013-05-14T16:58:07","guid":{"rendered":"http:\/\/www.pressenza.com\/?p=52015"},"modified":"2013-05-14T20:22:49","modified_gmt":"2013-05-14T19:22:49","slug":"el-caso-l-golborne-la-ocde-y-le-monde","status":"publish","type":"post","link":"https:\/\/www.pressenza.com\/es\/2013\/05\/el-caso-l-golborne-la-ocde-y-le-monde\/","title":{"rendered":"El caso L. Golborne, la OCDE y Le Monde"},"content":{"rendered":"<p><strong>Por Leopoldo Lav\u00edn<\/strong><\/p>\n<p style=\"text-align: justify;\"><a href=\"http:\/\/www.lemonde.fr\/economie\/article\/2013\/05\/11\/evasion-fiscale-etats-unis-royaume-uni-et-australie-donnent-les-fichiers_3175614_3234.html\">El vespertino parisino Le Monde publicaba este viernes un art\u00edculo<\/a> que titulaba <em>\u201cEvasi\u00f3n fiscal: Estados Unidos, Reino Unido y Australia podr\u00edan entregar los expedientes\u201d<\/em>. Se trata de la publicaci\u00f3n de \u201cvoluminosos documentos secretos\u201d o fichas con miles de nombres de individuos que registran sociedades <em>offshore<\/em> en esos para\u00edsos fiscales. Servir\u00e1 para crear un \u201cdispositivo anti-abuso\u201d y \u201ccontra la evasi\u00f3n y fraude fiscal internacional\u201d, escribe <em>Le Monde<\/em>. A continuaci\u00f3n se informa que \u201cla decisi\u00f3n de estos gobiernos de compartir o entregar a los Estados que pidan estos datos \u201c<em>offshore<\/em>\u201d, de una amplitud in\u00e9dita, corresponden a los nombres revelados por la investigaci\u00f3n de un \u2018<em>pool<\/em>\u2019 internacional de periodistas, <em>Offshoreleaks<\/em>, desde el 4 de abril. Este hecho marcar\u00eda un nuevo giro a la cooperaci\u00f3n de los estados contra este tipo de delito\u201d.<\/p>\n<p>\u00a0Una <a href=\"http:\/\/www.lemonde.fr\/idees\/article\/2013\/04\/04\/le-systeme-offshore-cet-ennemi-patente-de-la-democratie_3153426_3232.html\">editorial del 4 de abril<\/a> de <em>Le Monde<\/em> llevaba por t\u00edtulo, \u201c<em>El sistema offshore, enemigo declarado de la democracia<\/em>\u201d.<\/p>\n<p style=\"text-align: justify;\">En Chile, el gobierno de Pi\u00f1era y sus partidos no tienen remedio. Cada vez que pueden se meten el dedo en el ojo. Nada se ha sabido de la investigaci\u00f3n que el Servicio de Impuestos Internos (SII) debe realizar sobre las pr\u00e1cticas de abuso o evasi\u00f3n tributaria de Laurence Golborne luego que se conociera la existencia de sociedades suyas en el para\u00edso fiscal de Islas V\u00edrgenes y ya <a href=\"http:\/\/radio.uchile.cl\/noticias\/210136\/\">le est\u00e1n ofreciendo el puesto de representante de Chile en la OCDE<\/a> en Par\u00eds. Lo anterior despu\u00e9s de que el mismo ex gerente general de Cencosud se diera cuenta de que es impresentable como candidato a senador por Santiago Oriente.<\/p>\n<p style=\"text-align: justify;\">Algunos diarios europeos, norteamericanos y canadienses ya disponen de estos expedientes entregados por <em><a href=\"http:\/\/www.icij.org\/offshore\/secret-files-expose-offshores-global-impact\">Offshore Leaks<\/a><\/em>. Lo que explicar\u00eda que la informaci\u00f3n sobre las compa\u00f1\u00edas <em>offshore<\/em> del ex candidato UDI haya provenido de la cuenta Twitter del director adjunto de <em>El Mundo<\/em> de Madrid, el periodista chileno John M\u00fcller.<\/p>\n<p style=\"text-align: justify;\">Radio Bio Bio informaba en su momento que \u201chab\u00eda corroborado que hasta el 2011 el ex titular del MOP represent\u00f3 legalmente a <em>Sunford Managent Corp<\/em> con domicilio en las Islas V\u00edrgenes Brit\u00e1nicas, territorio enlistado por la OCDE como para\u00edso fiscal, <strong>desde donde se traspasaron dineros a una empresa en Chile de su propiedad\u201d<\/strong>. Cabe preguntarse, y por eso mismo una investigaci\u00f3n que lo aclare es imprescindible, si no se aplica tambi\u00e9n la figura de lavado de dinero, puesto que a eso se dedican estos para\u00edsos fiscales.<\/p>\n<p style=\"text-align: justify;\">Una lucha en\u00e9rgica \u2014por presi\u00f3n ciudadana\u2014 contra los para\u00edsos fiscales se ha impuesto en la agenda de algunos gobiernos del G20 y la OCDE, despu\u00e9s de esc\u00e1ndalos que han sacudido el ambiente pol\u00edtico en un contexto de crisis econ\u00f3mica y de d\u00e9ficit fiscal europeos. El m\u00e1s bullado es el llamado \u201caffaire Cahuzac\u201d, del apellido del ex Ministro del Presupuesto del Presidente socialista Fran\u00e7ois Hollande que luego de una revelaci\u00f3n period\u00edstica del medio digital <em>Mediapart<\/em>, debi\u00f3 reconocer (despu\u00e9s de negarlo ante las c\u00e1maras) que ten\u00eda cuentas secretas en Suiza y en para\u00edsos fiscales. Jer\u00f4me Cahuzac debi\u00f3 renunciar a su cargo en un ambiente de conmoci\u00f3n nacional. En Francia, su nombre es sin\u00f3nimo del pol\u00edtico que adem\u00e1s de predicar y no practicar, es corrupto.<\/p>\n<p style=\"text-align: justify;\">El fraude al fisco v\u00eda la evasi\u00f3n del pago de impuestos o lavado de dinero de origen dudoso no es s\u00f3lo una cuesti\u00f3n de \u00e9tica sino tambi\u00e9n econ\u00f3mica puesto que priva al Estado de los recursos necesarios para invertir en la satisfacci\u00f3n de las necesidades sociales o en bienes p\u00fablicos por los cuales los movimientos sociales chilenos est\u00e1n luchando. Adem\u00e1s es un s\u00edntoma de una injusticia tributaria y de corrupci\u00f3n pol\u00edtica.<\/p>\n<p style=\"text-align: justify;\">Cabe repetirlo. La \u00fanica raz\u00f3n de ser de los para\u00edsos fiscales son el fraude, la evasi\u00f3n fiscal y el lavado de dinero. No tienen ninguna otra funci\u00f3n econ\u00f3mica que encubrir delitos de los agentes financieros internacionales. Para que los s\u00faper ricos paguen menos tributos al Estado. Precisamente, por eso est\u00e1n en la mira de los Estados de la OCDE (Europa y Am\u00e9rica del Norte). Estos act\u00faan presionados por las opiniones p\u00fablicas ciudadanas que exigen transparencia fiscal.<\/p>\n<p style=\"text-align: justify;\">Si a alguien que debe ser investigado por este tipo de delito se le da como premio de consuelo el puesto de representante de Chile en la OCDE, que precisamente se ha dado por tarea combatir este tipo de pr\u00e1cticas, es un contrasentido que har\u00eda del Estado de Chile un payaso. Lo peor es que L. Golborne \u2014quien sigue consider\u00e1ndose un \u201cservidor p\u00fablico\u201d\u2014 ni siquiera se ha percatado que su actuar es condenado duramente. Es como si se le propusiera ser Director del Sernac Financiero, escribi\u00f3 alguien por ah\u00ed (lo felicitamos por su chispa ciudadana).<\/p>\n<p style=\"text-align: justify;\"><em>Le Monde<\/em>, informa que \u201cel anuncio por parte de los tres pa\u00edses ser\u00e1 hecho en el <em>Foro Mundial de Administraciones Fiscales<\/em> (de 40 pa\u00edses) que tendr\u00e1 lugar el jueves 16 y el viernes 17 de mayo en Mosc\u00fa\u201d. El diario de referencia mundial comenta que \u201ces un acontecimiento esperado debido a las \u00faltimas revelaciones e investigaciones sobre los intentos de banalizar la creaci\u00f3n de sociedades en los centros financieros <em>offshore<\/em>, espec\u00edficamente las Islas Caim\u00e1n y las Islas V\u00edrgenes brit\u00e1nicas\u201d (hay otros m\u00e1s).<\/p>\n<p style=\"text-align: justify;\">Es el momento en que los representantes del Estado chileno pidan la documentaci\u00f3n ofrecida para verificar si otros s\u00faper ricos chilenos practican la evasi\u00f3n tributaria por medio de cuentas y sociedades en estos lugares delictivos. Cabe con raz\u00f3n preguntarse si Laurence Golborne no es el \u00e1rbol que oculta el bosque.<\/p>\n<p>&nbsp;<\/p>\n","protected":false},"excerpt":{"rendered":"<p>Por Leopoldo Lav\u00edn El vespertino parisino Le Monde publicaba este viernes un art\u00edculo que titulaba \u201cEvasi\u00f3n fiscal: Estados Unidos, Reino Unido y Australia podr\u00edan entregar los expedientes\u201d. Se trata de la publicaci\u00f3n de \u201cvoluminosos documentos secretos\u201d o fichas con miles&hellip;<\/p>\n","protected":false},"author":616,"featured_media":52026,"comment_status":"closed","ping_status":"open","sticky":false,"template":"","format":"standard","meta":{"footnotes":""},"categories":[161,74,67],"tags":[],"class_list":["post-52015","post","type-post","status-publish","format-standard","has-post-thumbnail","hentry","category-opiniones","category-politica-es","category-sudamerica"],"yoast_head":"<!-- This site is optimized with the Yoast SEO plugin v27.1.1 - https:\/\/yoast.com\/product\/yoast-seo-wordpress\/ -->\n<title>El caso L. Golborne, la OCDE y Le Monde<\/title>\n<meta name=\"description\" content=\"Por Leopoldo Lav\u00edn El vespertino parisino Le Monde publicaba este viernes un art\u00edculo que titulaba \u201cEvasi\u00f3n fiscal: Estados Unidos, Reino Unido y\" \/>\n<meta name=\"robots\" content=\"index, follow, max-snippet:-1, max-image-preview:large, max-video-preview:-1\" \/>\n<link rel=\"canonical\" href=\"https:\/\/www.pressenza.com\/es\/2013\/05\/el-caso-l-golborne-la-ocde-y-le-monde\/\" \/>\n<meta property=\"og:locale\" content=\"es_ES\" \/>\n<meta property=\"og:type\" content=\"article\" \/>\n<meta property=\"og:title\" content=\"El caso L. Golborne, la OCDE y Le Monde\" \/>\n<meta property=\"og:description\" content=\"Por Leopoldo Lav\u00edn El vespertino parisino Le Monde publicaba este viernes un art\u00edculo que titulaba \u201cEvasi\u00f3n fiscal: Estados Unidos, Reino Unido y\" \/>\n<meta property=\"og:url\" content=\"https:\/\/www.pressenza.com\/es\/2013\/05\/el-caso-l-golborne-la-ocde-y-le-monde\/\" \/>\n<meta property=\"og:site_name\" content=\"Pressenza\" \/>\n<meta property=\"article:publisher\" content=\"https:\/\/www.facebook.com\/PressenzaItalia\" \/>\n<meta property=\"article:published_time\" content=\"2013-05-14T16:58:07+00:00\" \/>\n<meta property=\"article:modified_time\" content=\"2013-05-14T19:22:49+00:00\" \/>\n<meta property=\"og:image\" content=\"https:\/\/www.pressenza.com\/wp-content\/uploads\/2013\/05\/golborne1.jpg\" \/>\n\t<meta property=\"og:image:width\" content=\"262\" \/>\n\t<meta property=\"og:image:height\" content=\"210\" \/>\n\t<meta property=\"og:image:type\" content=\"image\/jpeg\" \/>\n<meta name=\"author\" content=\"El Ciudadano\" \/>\n<meta name=\"twitter:card\" content=\"summary_large_image\" \/>\n<meta name=\"twitter:creator\" content=\"@PressenzaIPA\" \/>\n<meta name=\"twitter:site\" content=\"@PressenzaIPA\" \/>\n<meta name=\"twitter:label1\" content=\"Escrito por\" \/>\n\t<meta name=\"twitter:data1\" content=\"El Ciudadano\" \/>\n\t<meta name=\"twitter:label2\" content=\"Tiempo de lectura\" \/>\n\t<meta name=\"twitter:data2\" content=\"5 minutos\" \/>\n<script type=\"application\/ld+json\" class=\"yoast-schema-graph\">{\"@context\":\"https:\/\/schema.org\",\"@graph\":[{\"@type\":\"Article\",\"@id\":\"https:\/\/www.pressenza.com\/es\/2013\/05\/el-caso-l-golborne-la-ocde-y-le-monde\/#article\",\"isPartOf\":{\"@id\":\"https:\/\/www.pressenza.com\/es\/2013\/05\/el-caso-l-golborne-la-ocde-y-le-monde\/\"},\"author\":{\"name\":\"El Ciudadano\",\"@id\":\"https:\/\/www.pressenza.com\/es\/#\/schema\/person\/6522eecb4cd68e074b27e251e4b04ef8\"},\"headline\":\"El caso L. Golborne, la OCDE y Le Monde\",\"datePublished\":\"2013-05-14T16:58:07+00:00\",\"dateModified\":\"2013-05-14T19:22:49+00:00\",\"mainEntityOfPage\":{\"@id\":\"https:\/\/www.pressenza.com\/es\/2013\/05\/el-caso-l-golborne-la-ocde-y-le-monde\/\"},\"wordCount\":988,\"publisher\":{\"@id\":\"https:\/\/www.pressenza.com\/es\/#organization\"},\"image\":{\"@id\":\"https:\/\/www.pressenza.com\/es\/2013\/05\/el-caso-l-golborne-la-ocde-y-le-monde\/#primaryimage\"},\"thumbnailUrl\":\"https:\/\/www.pressenza.com\/wp-content\/uploads\/2013\/05\/golborne1.jpg\",\"articleSection\":[\"Opiniones\",\"Pol\u00edtica\",\"Sudam\u00e9rica\"],\"inLanguage\":\"es\"},{\"@type\":\"WebPage\",\"@id\":\"https:\/\/www.pressenza.com\/es\/2013\/05\/el-caso-l-golborne-la-ocde-y-le-monde\/\",\"url\":\"https:\/\/www.pressenza.com\/es\/2013\/05\/el-caso-l-golborne-la-ocde-y-le-monde\/\",\"name\":\"El caso L. Golborne, la OCDE y Le Monde\",\"isPartOf\":{\"@id\":\"https:\/\/www.pressenza.com\/es\/#website\"},\"primaryImageOfPage\":{\"@id\":\"https:\/\/www.pressenza.com\/es\/2013\/05\/el-caso-l-golborne-la-ocde-y-le-monde\/#primaryimage\"},\"image\":{\"@id\":\"https:\/\/www.pressenza.com\/es\/2013\/05\/el-caso-l-golborne-la-ocde-y-le-monde\/#primaryimage\"},\"thumbnailUrl\":\"https:\/\/www.pressenza.com\/wp-content\/uploads\/2013\/05\/golborne1.jpg\",\"datePublished\":\"2013-05-14T16:58:07+00:00\",\"dateModified\":\"2013-05-14T19:22:49+00:00\",\"description\":\"Por Leopoldo Lav\u00edn El vespertino parisino Le Monde publicaba este viernes un art\u00edculo que titulaba \u201cEvasi\u00f3n fiscal: Estados Unidos, Reino Unido y\",\"breadcrumb\":{\"@id\":\"https:\/\/www.pressenza.com\/es\/2013\/05\/el-caso-l-golborne-la-ocde-y-le-monde\/#breadcrumb\"},\"inLanguage\":\"es\",\"potentialAction\":[{\"@type\":\"ReadAction\",\"target\":[\"https:\/\/www.pressenza.com\/es\/2013\/05\/el-caso-l-golborne-la-ocde-y-le-monde\/\"]}]},{\"@type\":\"ImageObject\",\"inLanguage\":\"es\",\"@id\":\"https:\/\/www.pressenza.com\/es\/2013\/05\/el-caso-l-golborne-la-ocde-y-le-monde\/#primaryimage\",\"url\":\"https:\/\/www.pressenza.com\/wp-content\/uploads\/2013\/05\/golborne1.jpg\",\"contentUrl\":\"https:\/\/www.pressenza.com\/wp-content\/uploads\/2013\/05\/golborne1.jpg\",\"width\":262,\"height\":210},{\"@type\":\"BreadcrumbList\",\"@id\":\"https:\/\/www.pressenza.com\/es\/2013\/05\/el-caso-l-golborne-la-ocde-y-le-monde\/#breadcrumb\",\"itemListElement\":[{\"@type\":\"ListItem\",\"position\":1,\"name\":\"Accueil\",\"item\":\"https:\/\/www.pressenza.com\/es\/\"},{\"@type\":\"ListItem\",\"position\":2,\"name\":\"El caso L. Golborne, la OCDE y Le Monde\"}]},{\"@type\":\"WebSite\",\"@id\":\"https:\/\/www.pressenza.com\/es\/#website\",\"url\":\"https:\/\/www.pressenza.com\/es\/\",\"name\":\"Pressenza\",\"description\":\"International Press Agency\",\"publisher\":{\"@id\":\"https:\/\/www.pressenza.com\/es\/#organization\"},\"potentialAction\":[{\"@type\":\"SearchAction\",\"target\":{\"@type\":\"EntryPoint\",\"urlTemplate\":\"https:\/\/www.pressenza.com\/es\/?s={search_term_string}\"},\"query-input\":{\"@type\":\"PropertyValueSpecification\",\"valueRequired\":true,\"valueName\":\"search_term_string\"}}],\"inLanguage\":\"es\"},{\"@type\":\"Organization\",\"@id\":\"https:\/\/www.pressenza.com\/es\/#organization\",\"name\":\"Pressenza\",\"url\":\"https:\/\/www.pressenza.com\/es\/\",\"logo\":{\"@type\":\"ImageObject\",\"inLanguage\":\"es\",\"@id\":\"https:\/\/www.pressenza.com\/es\/#\/schema\/logo\/image\/\",\"url\":\"https:\/\/www.pressenza.com\/wp-content\/uploads\/2022\/10\/pressenza_logo_200x200.jpg\",\"contentUrl\":\"https:\/\/www.pressenza.com\/wp-content\/uploads\/2022\/10\/pressenza_logo_200x200.jpg\",\"width\":200,\"height\":200,\"caption\":\"Pressenza\"},\"image\":{\"@id\":\"https:\/\/www.pressenza.com\/es\/#\/schema\/logo\/image\/\"},\"sameAs\":[\"https:\/\/www.facebook.com\/PressenzaItalia\",\"https:\/\/x.com\/PressenzaIPA\"]},{\"@type\":\"Person\",\"@id\":\"https:\/\/www.pressenza.com\/es\/#\/schema\/person\/6522eecb4cd68e074b27e251e4b04ef8\",\"name\":\"El Ciudadano\",\"description\":\"El Ciudadano es un medio de comunicaci\u00f3n de circulaci\u00f3n mensual en papel y de funcionamiento diario en la web. Forma parte de la Red de Medios de los Pueblos por lo que se declara como un medio del Tercer Sector para romper el cerco informativo. El Ciudadano es una publicaci\u00f3n que busca elevar desde lo local a lo global las demandas de la organizaci\u00f3n social chilena como tambi\u00e9n promover la acci\u00f3n directa de la ciudadan\u00eda por su derecho a autodeterminaci\u00f3n. elciudadano.cl\",\"url\":\"https:\/\/www.pressenza.com\/es\/author\/el-ciudadano\/\"}]}<\/script>\n<!-- \/ Yoast SEO plugin. -->","yoast_head_json":{"title":"El caso L. Golborne, la OCDE y Le Monde","description":"Por Leopoldo Lav\u00edn El vespertino parisino Le Monde publicaba este viernes un art\u00edculo que titulaba \u201cEvasi\u00f3n fiscal: Estados Unidos, Reino Unido y","robots":{"index":"index","follow":"follow","max-snippet":"max-snippet:-1","max-image-preview":"max-image-preview:large","max-video-preview":"max-video-preview:-1"},"canonical":"https:\/\/www.pressenza.com\/es\/2013\/05\/el-caso-l-golborne-la-ocde-y-le-monde\/","og_locale":"es_ES","og_type":"article","og_title":"El caso L. Golborne, la OCDE y Le Monde","og_description":"Por Leopoldo Lav\u00edn El vespertino parisino Le Monde publicaba este viernes un art\u00edculo que titulaba \u201cEvasi\u00f3n fiscal: Estados Unidos, Reino Unido y","og_url":"https:\/\/www.pressenza.com\/es\/2013\/05\/el-caso-l-golborne-la-ocde-y-le-monde\/","og_site_name":"Pressenza","article_publisher":"https:\/\/www.facebook.com\/PressenzaItalia","article_published_time":"2013-05-14T16:58:07+00:00","article_modified_time":"2013-05-14T19:22:49+00:00","og_image":[{"width":262,"height":210,"url":"https:\/\/www.pressenza.com\/wp-content\/uploads\/2013\/05\/golborne1.jpg","type":"image\/jpeg"}],"author":"El Ciudadano","twitter_card":"summary_large_image","twitter_creator":"@PressenzaIPA","twitter_site":"@PressenzaIPA","twitter_misc":{"Escrito por":"El Ciudadano","Tiempo de lectura":"5 minutos"},"schema":{"@context":"https:\/\/schema.org","@graph":[{"@type":"Article","@id":"https:\/\/www.pressenza.com\/es\/2013\/05\/el-caso-l-golborne-la-ocde-y-le-monde\/#article","isPartOf":{"@id":"https:\/\/www.pressenza.com\/es\/2013\/05\/el-caso-l-golborne-la-ocde-y-le-monde\/"},"author":{"name":"El Ciudadano","@id":"https:\/\/www.pressenza.com\/es\/#\/schema\/person\/6522eecb4cd68e074b27e251e4b04ef8"},"headline":"El caso L. Golborne, la OCDE y Le Monde","datePublished":"2013-05-14T16:58:07+00:00","dateModified":"2013-05-14T19:22:49+00:00","mainEntityOfPage":{"@id":"https:\/\/www.pressenza.com\/es\/2013\/05\/el-caso-l-golborne-la-ocde-y-le-monde\/"},"wordCount":988,"publisher":{"@id":"https:\/\/www.pressenza.com\/es\/#organization"},"image":{"@id":"https:\/\/www.pressenza.com\/es\/2013\/05\/el-caso-l-golborne-la-ocde-y-le-monde\/#primaryimage"},"thumbnailUrl":"https:\/\/www.pressenza.com\/wp-content\/uploads\/2013\/05\/golborne1.jpg","articleSection":["Opiniones","Pol\u00edtica","Sudam\u00e9rica"],"inLanguage":"es"},{"@type":"WebPage","@id":"https:\/\/www.pressenza.com\/es\/2013\/05\/el-caso-l-golborne-la-ocde-y-le-monde\/","url":"https:\/\/www.pressenza.com\/es\/2013\/05\/el-caso-l-golborne-la-ocde-y-le-monde\/","name":"El caso L. Golborne, la OCDE y Le Monde","isPartOf":{"@id":"https:\/\/www.pressenza.com\/es\/#website"},"primaryImageOfPage":{"@id":"https:\/\/www.pressenza.com\/es\/2013\/05\/el-caso-l-golborne-la-ocde-y-le-monde\/#primaryimage"},"image":{"@id":"https:\/\/www.pressenza.com\/es\/2013\/05\/el-caso-l-golborne-la-ocde-y-le-monde\/#primaryimage"},"thumbnailUrl":"https:\/\/www.pressenza.com\/wp-content\/uploads\/2013\/05\/golborne1.jpg","datePublished":"2013-05-14T16:58:07+00:00","dateModified":"2013-05-14T19:22:49+00:00","description":"Por Leopoldo Lav\u00edn El vespertino parisino Le Monde publicaba este viernes un art\u00edculo que titulaba \u201cEvasi\u00f3n fiscal: Estados Unidos, Reino Unido y","breadcrumb":{"@id":"https:\/\/www.pressenza.com\/es\/2013\/05\/el-caso-l-golborne-la-ocde-y-le-monde\/#breadcrumb"},"inLanguage":"es","potentialAction":[{"@type":"ReadAction","target":["https:\/\/www.pressenza.com\/es\/2013\/05\/el-caso-l-golborne-la-ocde-y-le-monde\/"]}]},{"@type":"ImageObject","inLanguage":"es","@id":"https:\/\/www.pressenza.com\/es\/2013\/05\/el-caso-l-golborne-la-ocde-y-le-monde\/#primaryimage","url":"https:\/\/www.pressenza.com\/wp-content\/uploads\/2013\/05\/golborne1.jpg","contentUrl":"https:\/\/www.pressenza.com\/wp-content\/uploads\/2013\/05\/golborne1.jpg","width":262,"height":210},{"@type":"BreadcrumbList","@id":"https:\/\/www.pressenza.com\/es\/2013\/05\/el-caso-l-golborne-la-ocde-y-le-monde\/#breadcrumb","itemListElement":[{"@type":"ListItem","position":1,"name":"Accueil","item":"https:\/\/www.pressenza.com\/es\/"},{"@type":"ListItem","position":2,"name":"El caso L. Golborne, la OCDE y Le Monde"}]},{"@type":"WebSite","@id":"https:\/\/www.pressenza.com\/es\/#website","url":"https:\/\/www.pressenza.com\/es\/","name":"Pressenza","description":"International Press Agency","publisher":{"@id":"https:\/\/www.pressenza.com\/es\/#organization"},"potentialAction":[{"@type":"SearchAction","target":{"@type":"EntryPoint","urlTemplate":"https:\/\/www.pressenza.com\/es\/?s={search_term_string}"},"query-input":{"@type":"PropertyValueSpecification","valueRequired":true,"valueName":"search_term_string"}}],"inLanguage":"es"},{"@type":"Organization","@id":"https:\/\/www.pressenza.com\/es\/#organization","name":"Pressenza","url":"https:\/\/www.pressenza.com\/es\/","logo":{"@type":"ImageObject","inLanguage":"es","@id":"https:\/\/www.pressenza.com\/es\/#\/schema\/logo\/image\/","url":"https:\/\/www.pressenza.com\/wp-content\/uploads\/2022\/10\/pressenza_logo_200x200.jpg","contentUrl":"https:\/\/www.pressenza.com\/wp-content\/uploads\/2022\/10\/pressenza_logo_200x200.jpg","width":200,"height":200,"caption":"Pressenza"},"image":{"@id":"https:\/\/www.pressenza.com\/es\/#\/schema\/logo\/image\/"},"sameAs":["https:\/\/www.facebook.com\/PressenzaItalia","https:\/\/x.com\/PressenzaIPA"]},{"@type":"Person","@id":"https:\/\/www.pressenza.com\/es\/#\/schema\/person\/6522eecb4cd68e074b27e251e4b04ef8","name":"El Ciudadano","description":"El Ciudadano es un medio de comunicaci\u00f3n de circulaci\u00f3n mensual en papel y de funcionamiento diario en la web. Forma parte de la Red de Medios de los Pueblos por lo que se declara como un medio del Tercer Sector para romper el cerco informativo. El Ciudadano es una publicaci\u00f3n que busca elevar desde lo local a lo global las demandas de la organizaci\u00f3n social chilena como tambi\u00e9n promover la acci\u00f3n directa de la ciudadan\u00eda por su derecho a autodeterminaci\u00f3n. elciudadano.cl","url":"https:\/\/www.pressenza.com\/es\/author\/el-ciudadano\/"}]}},"place":"Santiago de Chile","original_article_url":"","_links":{"self":[{"href":"https:\/\/www.pressenza.com\/es\/wp-json\/wp\/v2\/posts\/52015","targetHints":{"allow":["GET"]}}],"collection":[{"href":"https:\/\/www.pressenza.com\/es\/wp-json\/wp\/v2\/posts"}],"about":[{"href":"https:\/\/www.pressenza.com\/es\/wp-json\/wp\/v2\/types\/post"}],"author":[{"embeddable":true,"href":"https:\/\/www.pressenza.com\/es\/wp-json\/wp\/v2\/users\/616"}],"replies":[{"embeddable":true,"href":"https:\/\/www.pressenza.com\/es\/wp-json\/wp\/v2\/comments?post=52015"}],"version-history":[{"count":0,"href":"https:\/\/www.pressenza.com\/es\/wp-json\/wp\/v2\/posts\/52015\/revisions"}],"wp:featuredmedia":[{"embeddable":true,"href":"https:\/\/www.pressenza.com\/es\/wp-json\/wp\/v2\/media\/52026"}],"wp:attachment":[{"href":"https:\/\/www.pressenza.com\/es\/wp-json\/wp\/v2\/media?parent=52015"}],"wp:term":[{"taxonomy":"category","embeddable":true,"href":"https:\/\/www.pressenza.com\/es\/wp-json\/wp\/v2\/categories?post=52015"},{"taxonomy":"post_tag","embeddable":true,"href":"https:\/\/www.pressenza.com\/es\/wp-json\/wp\/v2\/tags?post=52015"}],"curies":[{"name":"wp","href":"https:\/\/api.w.org\/{rel}","templated":true}]}}