{"id":52009,"date":"2013-05-14T17:48:56","date_gmt":"2013-05-14T16:48:56","guid":{"rendered":"http:\/\/www.pressenza.com\/?p=52009"},"modified":"2013-05-14T17:48:56","modified_gmt":"2013-05-14T16:48:56","slug":"japon-ataca-con-todo-en-guerra-de-divisas","status":"publish","type":"post","link":"https:\/\/www.pressenza.com\/es\/2013\/05\/japon-ataca-con-todo-en-guerra-de-divisas\/","title":{"rendered":"Jap\u00f3n ataca con todo en guerra de divisas"},"content":{"rendered":"<p><strong>Por<\/strong> <strong>Hugo Fazio<\/strong><\/p>\n<p style=\"text-align: justify;\"><strong>El Gobierno nip\u00f3n, bajo la direcci\u00f3n de su nuevo primer ministro Sheizo Abe, lanz\u00f3 un ambicioso plan econ\u00f3mico buscando superar la deflaci\u00f3n, que acompa\u00f1a al pa\u00eds desde hace varios a\u00f1os, y el estancamiento econ\u00f3mico.\u00a0 Para ello el Banco de Jap\u00f3n puso en marcha un plan de relajamiento cuantitativo, en la l\u00ednea de la Reserva Federal norteamericana, extraordinariamente m\u00e1s agresivo en proporci\u00f3n al producto de cada pa\u00eds.\u00a0 Simult\u00e1neamente se propuso abiertamente la devaluaci\u00f3n del yen, en otro cap\u00edtulo de la \u201cguerra de divisas\u201d que se vive a nivel mundial.\u00a0 El tercer componente fundamental de la estrategia es materializar pol\u00edticas fiscales expansivas.\u00a0 Estas pol\u00edticas tienen efectos globales, desde ya en el plano cambiario.\u00a0 Las devaluaciones en pa\u00edses avanzados repercuten en la apreciaci\u00f3n de monedas como el peso chileno, frente a lo cual el Gobierno ha tomado medidas contradictorias y el Banco Central permanece a la expectativa, limit\u00e1ndose en su \u00faltima reuni\u00f3n de pol\u00edtica monetaria en constatar que estar\u00eda a\u00fan en el l\u00edmite inferior de sus niveles \u201cfundamentales\u201d, sin considerar que la apreciaci\u00f3n en un porcentaje importante es causada por factores externos muy poderosos, tanto es as\u00ed que sigui\u00f3 su curso incluso en un\u00a0 lapso descendente en la cotizaci\u00f3n del cobre.\u00a0 La demora en intervenir tiene un claro costo pa\u00eds.<\/strong><\/p>\n<p style=\"text-align: justify;\">Jap\u00f3n puso en marcha una agresiva pol\u00edtica monetaria, fiscal y cambiaria con el prop\u00f3sito de terminar con la deflaci\u00f3n y revertir el estancamiento econ\u00f3mico que sufre desde comienzos de la d\u00e9cada de los noventa.\u00a0 Se le conoce con el nombre de Abeconom\u00eda, al ser su impulsor el primer ministro nip\u00f3n, Sheizo Abe.\u00a0 Desde\u00a0 el \u00e1ngulo monetario hizo suyas las pol\u00edticas llevados adelante por la Reserva Federal norteamericana de relajamiento cuantitativo, o sea creaci\u00f3n de una gran cantidad de dinero mediante la adquisici\u00f3n de activos financieros, pero con una propuesta a\u00fan m\u00e1s agresiva.\u00a0 Desde el inicio de la crisis financiera global, en el a\u00f1o 2007, \u00a0a marzo de 2013, la Fed increment\u00f3 sus activos en un 233%.\u00a0 \u201cUna cifra muy parecida\u00a0 a la meta que ahora se ha fijado Jap\u00f3n \u2013coment\u00f3 Alicia Gonz\u00e1lez en El Pa\u00eds-, solo que Estados Unidos tiene una econom\u00eda tres veces mayor que la nipona y lo ha llevado a cabo en un plazo de cinco a\u00f1os frente a los dos que se ha marcado Tokio.\u00a0 Hablamos \u2013recalc\u00f3- de una avalancha de liquidez de proporciones hist\u00f3ricas\u201d (07\/04\/13).<\/p>\n<p style=\"text-align: justify;\">El FMI en el informe de su asamblea semestral sobre Perspectivas Econ\u00f3micas Mundiales, lo calific\u00f3 de una ola de liquidez sin parang\u00f3n \u00a0en la historia reciente, \u201cEsta pol\u00edtica \u2013se\u00f1al\u00f3- impulsar\u00eda el crecimiento a corto plazo y as\u00ed lo refleja nuestro pron\u00f3stico de crecimiento de 1,6% para 2013\u201d.\u00a0 La reuni\u00f3n del G-20, efectuada simult\u00e1neamente, puso como ejemplo de las medidas procrecimiento a adoptar las decisiones pol\u00edticas recientes de Jap\u00f3n que \u201ctienen la intenci\u00f3n de frenar la deflaci\u00f3n y respaldar la demanda interna\u201d, destacando al mismo tiempo la decisi\u00f3n de Corea del Sur de anunciar un paquete de pol\u00edtica econ\u00f3mica.\u00a0 Contradictoriamente se pronunci\u00f3, al mismo tiempo, contra cualquier \u201cdevaluaci\u00f3n competitiva\u201d (20\/04\/13).\u00a0 Inmediatamente los mercados cambiarios registraron nuevas ca\u00eddas del yen.<\/p>\n<p style=\"text-align: justify;\">Para implementarla \u00a0Abe previamente\u00a0 propici\u00f3 la nominaci\u00f3n de un nuevo presidente del Banco de Jap\u00f3n (BoJ), Haruhiro Kuroda, quien \u2013como record\u00f3 el premio Nobel Joseph Stiglitz-\u00a0 \u201cvio de primera mano el fracaso durante la crisis de Asia Oriental de finales de la d\u00e9cada de 1990, de las recetas tradicionales impulsadas por el Tesoro de EE.UU. y el Fondo Monetario Internacional.\u00a0 Ya que no est\u00e1 casado \u2013a\u00f1adi\u00f3- con las obsoletas doctrinas de los banqueros de los bancos centrales, Kuroda\u00a0 se ha comprometido a revertir la deflaci\u00f3n cr\u00f3nica (\u2026)\u201d (10\/04\/13).\u00a0 La propuesta aprobada el 4 de abril\u00a0 por el Boj es duplicar en dos a\u00f1os el balance del banco, mediante la adquisici\u00f3n de activos financieros, y lograr en un plazo no superior a dos a\u00f1os llevar la inflaci\u00f3n en doce meses a 2, duplicando el incremento de los t\u00edtulos en su poder.\u00a0 Ya el d\u00eda ocho de abril puso en ejecuci\u00f3n su primera compra de bonos.<\/p>\n<p style=\"text-align: justify;\">Su estrategia no es actuar gradualmente sino que adoptar, como recalc\u00f3 Kuroda, \u201ctodas las medidas necesarias de forma simult\u00e1nea\u201d (11\/04\/13).\u00a0 Entre ellas considera en un lugar destacado la depreciaci\u00f3n del yen, en un proceso de correcci\u00f3n continua para revertir su fortalecimiento excesivo.\u00a0 Ya al iniciarse la adquisici\u00f3n de activos financieros bordeaba los cien yenes por d\u00f3lar, nivel que no anotaba desde abril de 2009 en el per\u00edodo m\u00e1s agudo de la recesi\u00f3n norteamericana.\u00a0 Para conducirlo a este nivel lo determinante fue, hasta que se implement\u00f3 el relajamiento cuantitativo, actuar sobre las expectativas, convencer a la poblaci\u00f3n y a actores del mercado de divisas que el debilitamiento del yen se iba a producir y se saldr\u00eda de la deflaci\u00f3n, estimulando as\u00ed el gasto y deshacerse de la moneda nipona.<\/p>\n<p style=\"text-align: justify;\">El tercer componente b\u00e1sico del plan es aplicar pol\u00edticas de est\u00edmulo fiscal, orientaci\u00f3n absolutamente inversa a la impuesta por Alemania en la eurozona y que en EE.UU. no se aplica por su \u201cpar\u00e1lisis pol\u00edtica\u201d y la falta de convencimiento de la Casa Blanca para llevarla adelante<a title=\"\">[1]<\/a>.<\/p>\n<p style=\"text-align: justify;\">La devaluaci\u00f3n del yen responde a la pol\u00edtica de la Fed de debilitar el d\u00f3lar.\u00a0 \u201cEsto simplemente \u2013coment\u00f3 Joseph Stiglitz- refleja la realidad de la interdependencia de la pol\u00edtica monetaria.\u00a0 Si la pol\u00edtica de la Reserva Federal \u2013a\u00f1adi\u00f3- (\u2026) debilita el d\u00f3lar, otros tienen que responder para evitar la apreciaci\u00f3n excesiva de sus monedas.\u00a0 Alg\u00fan d\u00eda puede ser \u2013concluy\u00f3- que logremos una coordinaci\u00f3n m\u00e1s cercana de las pol\u00edticas monetarias a nivel mundial.\u00a0 \u00a0(\u2026)\u00a0 por el momento, para Jap\u00f3n lo razonable ha sido responder, aunque sea de forma tard\u00eda (\u2026)\u201d.\u00a0 Sin embargo, con total desparpajo el Departamento del Tesoro norteamericano, en un informe semestral, advirti\u00f3 que presionar\u00e1 a Jap\u00f3n para que sea el mercado quien determine las tasas cambiarias, cumpliendo sus compromisos como Estado miembro del G-7 y G-20, aunque la Reserva Federal empuja al d\u00f3lar a la p\u00e9rdida de valor.<\/p>\n<p style=\"text-align: justify;\">Desde luego, este proceso devaluatorio tiene repercusiones globales.\u00a0 De acuerdo a antecedentes de EPFR Global, en la semana despu\u00e9s del 4 de abril ingresaron a mercados emergentes US$438 millones, el m\u00e1ximo nivel en el a\u00f1o.\u00a0 Afectando en primer lugar a otras econom\u00edas asi\u00e1ticas, como China y Corea del Sur que compiten en los mercados internacionales con los productos nipones, que\u00a0 debido al curso cambiario de su divisa ganan competitividad.\u00a0 Los impactos no se producen \u00fanicamente en el plano comercial, lo cual ya constat\u00f3 el ministro de Hacienda de Corea del Sur al declarar que las decisiones japoneses afectaban a las exportaciones de su pa\u00eds. El economista chino Ligang, del banco ANZ, advirti\u00f3 que tambi\u00e9n pod\u00eda conducir a una \u201cnueva ola especulativa a los fr\u00e1giles mercados financieros chinos.\u00a0 Los inversores \u2013puntualiz\u00f3- se endeudan en yenes\u00a0 con un bajo tipo de inter\u00e9s e invierten en mercados con un alto tipo de inter\u00e9s\u201d (06\/04\/13).<\/p>\n<p style=\"text-align: justify;\">Al informarse por la Oficina Estad\u00edstica de Beijing que la econom\u00eda china creci\u00f3 en cifras interanuales durante el primer trimestre en un 7,7%, dos d\u00e9cimas porcentuales menos en comparaci\u00f3n con octubre-diciembre de 2012, su portavoz Sheng Laiyun lo explic\u00f3 por las en\u00e9rgicas pol\u00edticas de expansi\u00f3n monetaria de algunos pa\u00edses, lo que afecta las exportaciones de la segunda econom\u00eda mundial por la magnitud de su producto.<\/p>\n<p style=\"text-align: justify;\">Incluso, registr\u00f3 The Wall Street Journal, \u201clos inversionistas japoneses est\u00e1n inyectando dinero en el mercado de deuda soberana europea (\u2026) lo que hizo caer a m\u00ednimos hist\u00f3ricos los intereses de los bonos de algunos pa\u00edses.\u00a0 En las \u00faltimas dos jornadas\u00a0 -agreg\u00f3- los (\u2026) endeudamientos de Francia, Holanda, Austria y B\u00e9lgica, indicados por los intereses de los bonos a diez a\u00f1os, cayeron a nuevos m\u00ednimos.\u00a0 Incluso las econom\u00edas m\u00e1s atribuladas se han beneficiado (\u2026)\u201d (09\/04\/13).<\/p>\n<p style=\"text-align: justify;\">En Am\u00e9rica Latina, se reval\u00faa fuertemente el peso mexicano. \u00a0A la fecha, en el a\u00f1o \u00fanicamente es superado por las monedas de Mauritania y las islas Seychelles, alcanzando su mayor cotizaci\u00f3n en los \u00faltimos veinte a\u00f1os contra el d\u00f3lar, a pesar de los problemas de la econom\u00eda norteamericana.\u00a0 \u201cEl peso ha adquirido pr\u00e1cticamente estatus de culto entre los inversionistas y\u00a0 es probable que se siga apreciando debido a los capitales que llegan sin cesar tras las pol\u00edticas ultra expansiva de Jap\u00f3n\u201d, manifest\u00f3 Benito Berber del banco nip\u00f3n Nomura (15\/04\/13).\u00a0 Para revertir estos cursos revaluatorios, el gobierno colombiano anunci\u00f3 un plan de incrementar inversiones en el exterior, incluyendo\u00a0 los de fondos de pensiones, tratando as\u00ed de producir demanda por divisas.<\/p>\n<p style=\"text-align: justify;\">El conjunto de las pol\u00edticas de la Abeconom\u00eda deben implementarse al mismo tiempo. \u201cAbe \u2013detall\u00f3 Stiglitz- compara este enfoque a sostener tres flechas. Si se sostiene de forma separada se puede doblar cada una de ellas, si se las sostiene juntas no se puede doblegar ninguna.\u00a0 Jap\u00f3n \u2013concluye el premio Nobel-\u00a0 podr\u00eda constituirse en uno de los pocos rayos de luz en el que al contrario es un sombr\u00edo paisaje de pa\u00edses m\u00e1s avanzados\u201d.<\/p>\n<p style=\"text-align: justify;\">La materializaci\u00f3n de sus formulaciones condujo a Abe, en los hechos, a cuestionar la autonom\u00eda de los bancos centrales, uno de los ejes del pensamiento econ\u00f3mico dominante, y llev\u00e1ndolo a que se modificase radicalmente su tradicional conducci\u00f3n.\u00a0 Ello condujo a que se enfrentase abiertamente con el presidente del Bundesbank germano, Jens Weidmann.\u00a0 \u201cIntencionadamente o no \u2013se\u00f1al\u00f3 Weidmann-, con la interferencia del Gobierno en la pol\u00edtica del Banco Central, Jap\u00f3n puede desatar una guerra de divisas\u201d (11\/04\/13).\u00a0 En verdad, ella ya exist\u00eda antes de que se pusiese en pr\u00e1ctica la Abeconom\u00eda, lo cual conduce a suponer se vivir\u00e1n nuevos cap\u00edtulos aunque el G-20 negase en su ultima reuni\u00f3n su existencia<a title=\"\">[2]<\/a>.<\/p>\n<p style=\"text-align: justify;\">En Chile, mientras tanto, la reuni\u00f3n de abril de pol\u00edtica monetario del Banco Central se limitaba a constatar, como se expres\u00f3 en su comunicado, que \u201cel peso ha continuado apreci\u00e1ndose en t\u00e9rminos multilaterales\u201d, a pesar de constatar la ca\u00edda \u201cen las \u00faltimas semanas\u201d de la cotizaci\u00f3n del cobre, que se acentu\u00f3 transitoriamente al conocerse los datos del PIB chino en el primer trimestre.\u00a0 El informe de su Divisi\u00f3n de Estudios a la reuni\u00f3n, hab\u00eda se\u00f1alado que \u201cen general, las monedas de los pa\u00edses exportadores de materias primas se fortalecieron respecto al d\u00f3lar; (\u2026) trans\u00e1ndose el peso al cierre de esta minuta por debajo de $470 (\u2026)\u201d y el \u201ctipo de cambio real de marzo se ubic\u00f3 en 87,1 (en su medida 1986=100)\u201d.\u00a0 Este nivel se encuentra en su punto m\u00e1s bajo de la \u00faltima d\u00e9cada.\u00a0 El presidente de Asoex, Ronald Bown, y el presidente de Fedefruta, Cristi\u00e1n Allendes, le plantearon al presidente del Banco Central una \u201cintervenci\u00f3n cambiaria real\u201d, acompa\u00f1ada de medidas como el encaje a los flujos de capitales de corto plazo que aprovechan el diferencial de tasas de inter\u00e9s entre la de pol\u00edtica monetaria en Chile y en las econom\u00edas avanzadas.<\/p>\n<p style=\"text-align: justify;\">El Banco Central para no intervenir en el mercado de las divisas, como es una demanda generalizada, se aferra a que la paridad se encontrar\u00eda a\u00fan en el l\u00edmite inferior de determinados supuestos \u201cfundamentales\u201d basados exclusivamente en datos internos, sin tener en cuenta lo que acontece en el escenario externo.\u00a0 \u201cAl tipo de cambio no hay que \u2018leerlo\u2019 \u2013se\u00f1al\u00f3 con raz\u00f3n Jorge Quiroz-, desde los indicadores macronacionales, sino desde el concierto financiero global\u201d (14\/04\/13).\u00a0 Por tanto, se debe considerar las tasas de inter\u00e9s existentes en los pa\u00edses avanzados y, sobre todo, sus pol\u00edticas de crecimiento de las masas monetarias que debilitan sus monedas y crean tendencias muy poderosas a la revaluaci\u00f3n cambiaria en pa\u00edses como Chile.\u00a0 No tener presente esta realidad conlleva a no reaccionar frente a acontecimientos en curso.<\/p>\n<p style=\"text-align: justify;\">Por su parte La Moneda da pasos contradictorios.\u00a0 A mediados de abril activ\u00f3 el mecanismo que permite a inversionistas extranjeros adquirir bonos del Tesoro norteamericano por la v\u00eda de los Global Depositary Notes (GDN).\u00a0 Estos bonos son emitidos en EE.UU. en d\u00f3lares y para adquirirlos se requiere poseer bonos chilenos.\u00a0 Los primeros d\u00edas despu\u00e9s de iniciarse las operaciones se cifr\u00f3 la compra diaria en US$100 millones.\u00a0 As\u00ed se aumenta la oferta de divisas en la econom\u00eda nacional presionando a la revaluaci\u00f3n del peso.<\/p>\n<p style=\"text-align: justify;\">El informe de Estabilidad Financiera del FMI consign\u00f3 que a nivel corporativo Brasil y Chile son los dos pa\u00edses de la regi\u00f3n de mayor vulnerabilidad, debido a su alto nivel de apalancamiento.\u00a0 Sus relaciones deuda\/patrimonio alcanzan aproximadamente al 90%.\u00a0 En 2007, antes del inicio de la crisis financiera, la del pa\u00eds, seg\u00fan cifras del FMI, era de 70%. \u00a0La liquidez global, afirm\u00f3 el documento, \u201cest\u00e1 salpicando a los mercados emergentes\u201d, como consecuencia de un \u201caumento r\u00e9cord del endeudamiento en las plazas internacionales, exponiendo al riesgo cambiario y a un apalancamiento creciente.\u00a0 Esto hace \u2013recalc\u00f3- que los mercados emergentes sean m\u00e1s sensibles a la volatilidad de los flujos de capital\u201d.\u00a0 Es una realidad necesariamente a tener en cuenta y consecuencia de la inserci\u00f3n corporativa en los mercados financieros internacionales, estimulada por la pol\u00edtica econ\u00f3mica dominante.<\/p>\n<p>&nbsp;<\/p>\n<p>&nbsp;<\/p>\n","protected":false},"excerpt":{"rendered":"<p>Por Hugo Fazio El Gobierno nip\u00f3n, bajo la direcci\u00f3n de su nuevo primer ministro Sheizo Abe, lanz\u00f3 un ambicioso plan econ\u00f3mico buscando superar la deflaci\u00f3n, que acompa\u00f1a al pa\u00eds desde hace varios a\u00f1os, y el estancamiento econ\u00f3mico.\u00a0 Para ello el&hellip;<\/p>\n","protected":false},"author":616,"featured_media":52011,"comment_status":"closed","ping_status":"open","sticky":false,"template":"","format":"standard","meta":{"footnotes":""},"categories":[65,81],"tags":[],"class_list":["post-52009","post","type-post","status-publish","format-standard","has-post-thumbnail","hentry","category-asia-es","category-economia-es"],"yoast_head":"<!-- This site is optimized with the Yoast SEO plugin v27.1.1 - https:\/\/yoast.com\/product\/yoast-seo-wordpress\/ -->\n<title>Jap\u00f3n ataca con todo en guerra de divisas<\/title>\n<meta name=\"description\" content=\"Por Hugo Fazio El Gobierno nip\u00f3n, bajo la direcci\u00f3n de su nuevo primer ministro Sheizo Abe, lanz\u00f3 un ambicioso plan econ\u00f3mico buscando superar la\" \/>\n<meta name=\"robots\" content=\"index, follow, max-snippet:-1, max-image-preview:large, max-video-preview:-1\" \/>\n<link rel=\"canonical\" href=\"https:\/\/www.pressenza.com\/es\/2013\/05\/japon-ataca-con-todo-en-guerra-de-divisas\/\" \/>\n<meta property=\"og:locale\" content=\"es_ES\" \/>\n<meta property=\"og:type\" content=\"article\" \/>\n<meta property=\"og:title\" content=\"Jap\u00f3n ataca con todo en guerra de divisas\" \/>\n<meta property=\"og:description\" content=\"Por Hugo Fazio El Gobierno nip\u00f3n, bajo la direcci\u00f3n de su nuevo primer ministro Sheizo Abe, lanz\u00f3 un ambicioso plan econ\u00f3mico buscando superar la\" \/>\n<meta property=\"og:url\" content=\"https:\/\/www.pressenza.com\/es\/2013\/05\/japon-ataca-con-todo-en-guerra-de-divisas\/\" \/>\n<meta property=\"og:site_name\" content=\"Pressenza\" \/>\n<meta property=\"article:publisher\" content=\"https:\/\/www.facebook.com\/PressenzaItalia\" \/>\n<meta property=\"article:published_time\" content=\"2013-05-14T16:48:56+00:00\" \/>\n<meta property=\"og:image\" content=\"https:\/\/www.pressenza.com\/wp-content\/uploads\/2013\/05\/yen.jpg\" \/>\n\t<meta property=\"og:image:width\" content=\"480\" \/>\n\t<meta property=\"og:image:height\" content=\"320\" \/>\n\t<meta property=\"og:image:type\" content=\"image\/jpeg\" \/>\n<meta name=\"author\" content=\"El Ciudadano\" \/>\n<meta name=\"twitter:card\" content=\"summary_large_image\" \/>\n<meta name=\"twitter:creator\" content=\"@PressenzaIPA\" \/>\n<meta name=\"twitter:site\" content=\"@PressenzaIPA\" \/>\n<meta name=\"twitter:label1\" content=\"Escrito por\" \/>\n\t<meta name=\"twitter:data1\" content=\"El Ciudadano\" \/>\n\t<meta name=\"twitter:label2\" content=\"Tiempo de lectura\" \/>\n\t<meta name=\"twitter:data2\" content=\"12 minutos\" \/>\n<script type=\"application\/ld+json\" class=\"yoast-schema-graph\">{\"@context\":\"https:\/\/schema.org\",\"@graph\":[{\"@type\":\"Article\",\"@id\":\"https:\/\/www.pressenza.com\/es\/2013\/05\/japon-ataca-con-todo-en-guerra-de-divisas\/#article\",\"isPartOf\":{\"@id\":\"https:\/\/www.pressenza.com\/es\/2013\/05\/japon-ataca-con-todo-en-guerra-de-divisas\/\"},\"author\":{\"name\":\"El Ciudadano\",\"@id\":\"https:\/\/www.pressenza.com\/es\/#\/schema\/person\/6522eecb4cd68e074b27e251e4b04ef8\"},\"headline\":\"Jap\u00f3n ataca con todo en guerra de divisas\",\"datePublished\":\"2013-05-14T16:48:56+00:00\",\"mainEntityOfPage\":{\"@id\":\"https:\/\/www.pressenza.com\/es\/2013\/05\/japon-ataca-con-todo-en-guerra-de-divisas\/\"},\"wordCount\":2316,\"publisher\":{\"@id\":\"https:\/\/www.pressenza.com\/es\/#organization\"},\"image\":{\"@id\":\"https:\/\/www.pressenza.com\/es\/2013\/05\/japon-ataca-con-todo-en-guerra-de-divisas\/#primaryimage\"},\"thumbnailUrl\":\"https:\/\/www.pressenza.com\/wp-content\/uploads\/2013\/05\/yen.jpg\",\"articleSection\":[\"Asia\",\"Econom\u00eda\"],\"inLanguage\":\"es\"},{\"@type\":\"WebPage\",\"@id\":\"https:\/\/www.pressenza.com\/es\/2013\/05\/japon-ataca-con-todo-en-guerra-de-divisas\/\",\"url\":\"https:\/\/www.pressenza.com\/es\/2013\/05\/japon-ataca-con-todo-en-guerra-de-divisas\/\",\"name\":\"Jap\u00f3n ataca con todo en guerra de divisas\",\"isPartOf\":{\"@id\":\"https:\/\/www.pressenza.com\/es\/#website\"},\"primaryImageOfPage\":{\"@id\":\"https:\/\/www.pressenza.com\/es\/2013\/05\/japon-ataca-con-todo-en-guerra-de-divisas\/#primaryimage\"},\"image\":{\"@id\":\"https:\/\/www.pressenza.com\/es\/2013\/05\/japon-ataca-con-todo-en-guerra-de-divisas\/#primaryimage\"},\"thumbnailUrl\":\"https:\/\/www.pressenza.com\/wp-content\/uploads\/2013\/05\/yen.jpg\",\"datePublished\":\"2013-05-14T16:48:56+00:00\",\"description\":\"Por Hugo Fazio El Gobierno nip\u00f3n, bajo la direcci\u00f3n de su nuevo primer ministro Sheizo Abe, lanz\u00f3 un ambicioso plan econ\u00f3mico buscando superar la\",\"breadcrumb\":{\"@id\":\"https:\/\/www.pressenza.com\/es\/2013\/05\/japon-ataca-con-todo-en-guerra-de-divisas\/#breadcrumb\"},\"inLanguage\":\"es\",\"potentialAction\":[{\"@type\":\"ReadAction\",\"target\":[\"https:\/\/www.pressenza.com\/es\/2013\/05\/japon-ataca-con-todo-en-guerra-de-divisas\/\"]}]},{\"@type\":\"ImageObject\",\"inLanguage\":\"es\",\"@id\":\"https:\/\/www.pressenza.com\/es\/2013\/05\/japon-ataca-con-todo-en-guerra-de-divisas\/#primaryimage\",\"url\":\"https:\/\/www.pressenza.com\/wp-content\/uploads\/2013\/05\/yen.jpg\",\"contentUrl\":\"https:\/\/www.pressenza.com\/wp-content\/uploads\/2013\/05\/yen.jpg\",\"width\":480,\"height\":320},{\"@type\":\"BreadcrumbList\",\"@id\":\"https:\/\/www.pressenza.com\/es\/2013\/05\/japon-ataca-con-todo-en-guerra-de-divisas\/#breadcrumb\",\"itemListElement\":[{\"@type\":\"ListItem\",\"position\":1,\"name\":\"Accueil\",\"item\":\"https:\/\/www.pressenza.com\/es\/\"},{\"@type\":\"ListItem\",\"position\":2,\"name\":\"Jap\u00f3n ataca con todo en guerra de divisas\"}]},{\"@type\":\"WebSite\",\"@id\":\"https:\/\/www.pressenza.com\/es\/#website\",\"url\":\"https:\/\/www.pressenza.com\/es\/\",\"name\":\"Pressenza\",\"description\":\"International Press Agency\",\"publisher\":{\"@id\":\"https:\/\/www.pressenza.com\/es\/#organization\"},\"potentialAction\":[{\"@type\":\"SearchAction\",\"target\":{\"@type\":\"EntryPoint\",\"urlTemplate\":\"https:\/\/www.pressenza.com\/es\/?s={search_term_string}\"},\"query-input\":{\"@type\":\"PropertyValueSpecification\",\"valueRequired\":true,\"valueName\":\"search_term_string\"}}],\"inLanguage\":\"es\"},{\"@type\":\"Organization\",\"@id\":\"https:\/\/www.pressenza.com\/es\/#organization\",\"name\":\"Pressenza\",\"url\":\"https:\/\/www.pressenza.com\/es\/\",\"logo\":{\"@type\":\"ImageObject\",\"inLanguage\":\"es\",\"@id\":\"https:\/\/www.pressenza.com\/es\/#\/schema\/logo\/image\/\",\"url\":\"https:\/\/www.pressenza.com\/wp-content\/uploads\/2022\/10\/pressenza_logo_200x200.jpg\",\"contentUrl\":\"https:\/\/www.pressenza.com\/wp-content\/uploads\/2022\/10\/pressenza_logo_200x200.jpg\",\"width\":200,\"height\":200,\"caption\":\"Pressenza\"},\"image\":{\"@id\":\"https:\/\/www.pressenza.com\/es\/#\/schema\/logo\/image\/\"},\"sameAs\":[\"https:\/\/www.facebook.com\/PressenzaItalia\",\"https:\/\/x.com\/PressenzaIPA\"]},{\"@type\":\"Person\",\"@id\":\"https:\/\/www.pressenza.com\/es\/#\/schema\/person\/6522eecb4cd68e074b27e251e4b04ef8\",\"name\":\"El Ciudadano\",\"description\":\"El Ciudadano es un medio de comunicaci\u00f3n de circulaci\u00f3n mensual en papel y de funcionamiento diario en la web. Forma parte de la Red de Medios de los Pueblos por lo que se declara como un medio del Tercer Sector para romper el cerco informativo. El Ciudadano es una publicaci\u00f3n que busca elevar desde lo local a lo global las demandas de la organizaci\u00f3n social chilena como tambi\u00e9n promover la acci\u00f3n directa de la ciudadan\u00eda por su derecho a autodeterminaci\u00f3n. elciudadano.cl\",\"url\":\"https:\/\/www.pressenza.com\/es\/author\/el-ciudadano\/\"}]}<\/script>\n<!-- \/ Yoast SEO plugin. -->","yoast_head_json":{"title":"Jap\u00f3n ataca con todo en guerra de divisas","description":"Por Hugo Fazio El Gobierno nip\u00f3n, bajo la direcci\u00f3n de su nuevo primer ministro Sheizo Abe, lanz\u00f3 un ambicioso plan econ\u00f3mico buscando superar la","robots":{"index":"index","follow":"follow","max-snippet":"max-snippet:-1","max-image-preview":"max-image-preview:large","max-video-preview":"max-video-preview:-1"},"canonical":"https:\/\/www.pressenza.com\/es\/2013\/05\/japon-ataca-con-todo-en-guerra-de-divisas\/","og_locale":"es_ES","og_type":"article","og_title":"Jap\u00f3n ataca con todo en guerra de divisas","og_description":"Por Hugo Fazio El Gobierno nip\u00f3n, bajo la direcci\u00f3n de su nuevo primer ministro Sheizo Abe, lanz\u00f3 un ambicioso plan econ\u00f3mico buscando superar la","og_url":"https:\/\/www.pressenza.com\/es\/2013\/05\/japon-ataca-con-todo-en-guerra-de-divisas\/","og_site_name":"Pressenza","article_publisher":"https:\/\/www.facebook.com\/PressenzaItalia","article_published_time":"2013-05-14T16:48:56+00:00","og_image":[{"width":480,"height":320,"url":"https:\/\/www.pressenza.com\/wp-content\/uploads\/2013\/05\/yen.jpg","type":"image\/jpeg"}],"author":"El Ciudadano","twitter_card":"summary_large_image","twitter_creator":"@PressenzaIPA","twitter_site":"@PressenzaIPA","twitter_misc":{"Escrito por":"El Ciudadano","Tiempo de lectura":"12 minutos"},"schema":{"@context":"https:\/\/schema.org","@graph":[{"@type":"Article","@id":"https:\/\/www.pressenza.com\/es\/2013\/05\/japon-ataca-con-todo-en-guerra-de-divisas\/#article","isPartOf":{"@id":"https:\/\/www.pressenza.com\/es\/2013\/05\/japon-ataca-con-todo-en-guerra-de-divisas\/"},"author":{"name":"El Ciudadano","@id":"https:\/\/www.pressenza.com\/es\/#\/schema\/person\/6522eecb4cd68e074b27e251e4b04ef8"},"headline":"Jap\u00f3n ataca con todo en guerra de divisas","datePublished":"2013-05-14T16:48:56+00:00","mainEntityOfPage":{"@id":"https:\/\/www.pressenza.com\/es\/2013\/05\/japon-ataca-con-todo-en-guerra-de-divisas\/"},"wordCount":2316,"publisher":{"@id":"https:\/\/www.pressenza.com\/es\/#organization"},"image":{"@id":"https:\/\/www.pressenza.com\/es\/2013\/05\/japon-ataca-con-todo-en-guerra-de-divisas\/#primaryimage"},"thumbnailUrl":"https:\/\/www.pressenza.com\/wp-content\/uploads\/2013\/05\/yen.jpg","articleSection":["Asia","Econom\u00eda"],"inLanguage":"es"},{"@type":"WebPage","@id":"https:\/\/www.pressenza.com\/es\/2013\/05\/japon-ataca-con-todo-en-guerra-de-divisas\/","url":"https:\/\/www.pressenza.com\/es\/2013\/05\/japon-ataca-con-todo-en-guerra-de-divisas\/","name":"Jap\u00f3n ataca con todo en guerra de divisas","isPartOf":{"@id":"https:\/\/www.pressenza.com\/es\/#website"},"primaryImageOfPage":{"@id":"https:\/\/www.pressenza.com\/es\/2013\/05\/japon-ataca-con-todo-en-guerra-de-divisas\/#primaryimage"},"image":{"@id":"https:\/\/www.pressenza.com\/es\/2013\/05\/japon-ataca-con-todo-en-guerra-de-divisas\/#primaryimage"},"thumbnailUrl":"https:\/\/www.pressenza.com\/wp-content\/uploads\/2013\/05\/yen.jpg","datePublished":"2013-05-14T16:48:56+00:00","description":"Por Hugo Fazio El Gobierno nip\u00f3n, bajo la direcci\u00f3n de su nuevo primer ministro Sheizo Abe, lanz\u00f3 un ambicioso plan econ\u00f3mico buscando superar la","breadcrumb":{"@id":"https:\/\/www.pressenza.com\/es\/2013\/05\/japon-ataca-con-todo-en-guerra-de-divisas\/#breadcrumb"},"inLanguage":"es","potentialAction":[{"@type":"ReadAction","target":["https:\/\/www.pressenza.com\/es\/2013\/05\/japon-ataca-con-todo-en-guerra-de-divisas\/"]}]},{"@type":"ImageObject","inLanguage":"es","@id":"https:\/\/www.pressenza.com\/es\/2013\/05\/japon-ataca-con-todo-en-guerra-de-divisas\/#primaryimage","url":"https:\/\/www.pressenza.com\/wp-content\/uploads\/2013\/05\/yen.jpg","contentUrl":"https:\/\/www.pressenza.com\/wp-content\/uploads\/2013\/05\/yen.jpg","width":480,"height":320},{"@type":"BreadcrumbList","@id":"https:\/\/www.pressenza.com\/es\/2013\/05\/japon-ataca-con-todo-en-guerra-de-divisas\/#breadcrumb","itemListElement":[{"@type":"ListItem","position":1,"name":"Accueil","item":"https:\/\/www.pressenza.com\/es\/"},{"@type":"ListItem","position":2,"name":"Jap\u00f3n ataca con todo en guerra de divisas"}]},{"@type":"WebSite","@id":"https:\/\/www.pressenza.com\/es\/#website","url":"https:\/\/www.pressenza.com\/es\/","name":"Pressenza","description":"International Press Agency","publisher":{"@id":"https:\/\/www.pressenza.com\/es\/#organization"},"potentialAction":[{"@type":"SearchAction","target":{"@type":"EntryPoint","urlTemplate":"https:\/\/www.pressenza.com\/es\/?s={search_term_string}"},"query-input":{"@type":"PropertyValueSpecification","valueRequired":true,"valueName":"search_term_string"}}],"inLanguage":"es"},{"@type":"Organization","@id":"https:\/\/www.pressenza.com\/es\/#organization","name":"Pressenza","url":"https:\/\/www.pressenza.com\/es\/","logo":{"@type":"ImageObject","inLanguage":"es","@id":"https:\/\/www.pressenza.com\/es\/#\/schema\/logo\/image\/","url":"https:\/\/www.pressenza.com\/wp-content\/uploads\/2022\/10\/pressenza_logo_200x200.jpg","contentUrl":"https:\/\/www.pressenza.com\/wp-content\/uploads\/2022\/10\/pressenza_logo_200x200.jpg","width":200,"height":200,"caption":"Pressenza"},"image":{"@id":"https:\/\/www.pressenza.com\/es\/#\/schema\/logo\/image\/"},"sameAs":["https:\/\/www.facebook.com\/PressenzaItalia","https:\/\/x.com\/PressenzaIPA"]},{"@type":"Person","@id":"https:\/\/www.pressenza.com\/es\/#\/schema\/person\/6522eecb4cd68e074b27e251e4b04ef8","name":"El Ciudadano","description":"El Ciudadano es un medio de comunicaci\u00f3n de circulaci\u00f3n mensual en papel y de funcionamiento diario en la web. Forma parte de la Red de Medios de los Pueblos por lo que se declara como un medio del Tercer Sector para romper el cerco informativo. El Ciudadano es una publicaci\u00f3n que busca elevar desde lo local a lo global las demandas de la organizaci\u00f3n social chilena como tambi\u00e9n promover la acci\u00f3n directa de la ciudadan\u00eda por su derecho a autodeterminaci\u00f3n. elciudadano.cl","url":"https:\/\/www.pressenza.com\/es\/author\/el-ciudadano\/"}]}},"place":"Tokyo","original_article_url":"","_links":{"self":[{"href":"https:\/\/www.pressenza.com\/es\/wp-json\/wp\/v2\/posts\/52009","targetHints":{"allow":["GET"]}}],"collection":[{"href":"https:\/\/www.pressenza.com\/es\/wp-json\/wp\/v2\/posts"}],"about":[{"href":"https:\/\/www.pressenza.com\/es\/wp-json\/wp\/v2\/types\/post"}],"author":[{"embeddable":true,"href":"https:\/\/www.pressenza.com\/es\/wp-json\/wp\/v2\/users\/616"}],"replies":[{"embeddable":true,"href":"https:\/\/www.pressenza.com\/es\/wp-json\/wp\/v2\/comments?post=52009"}],"version-history":[{"count":0,"href":"https:\/\/www.pressenza.com\/es\/wp-json\/wp\/v2\/posts\/52009\/revisions"}],"wp:featuredmedia":[{"embeddable":true,"href":"https:\/\/www.pressenza.com\/es\/wp-json\/wp\/v2\/media\/52011"}],"wp:attachment":[{"href":"https:\/\/www.pressenza.com\/es\/wp-json\/wp\/v2\/media?parent=52009"}],"wp:term":[{"taxonomy":"category","embeddable":true,"href":"https:\/\/www.pressenza.com\/es\/wp-json\/wp\/v2\/categories?post=52009"},{"taxonomy":"post_tag","embeddable":true,"href":"https:\/\/www.pressenza.com\/es\/wp-json\/wp\/v2\/tags?post=52009"}],"curies":[{"name":"wp","href":"https:\/\/api.w.org\/{rel}","templated":true}]}}