{"id":52004,"date":"2013-05-14T17:40:35","date_gmt":"2013-05-14T16:40:35","guid":{"rendered":"http:\/\/www.pressenza.com\/?p=52004"},"modified":"2013-05-14T17:40:35","modified_gmt":"2013-05-14T16:40:35","slug":"4-mil-diaguitas-interpondran-recurso-por-tierras-ancestrales-donde-estan-pascua-lama-y-el-morro","status":"publish","type":"post","link":"https:\/\/www.pressenza.com\/es\/2013\/05\/4-mil-diaguitas-interpondran-recurso-por-tierras-ancestrales-donde-estan-pascua-lama-y-el-morro\/","title":{"rendered":"4 mil diaguitas interpondr\u00e1n recurso por tierras ancestrales donde est\u00e1n Pascua Lama y El Morro"},"content":{"rendered":"<p style=\"text-align: justify;\">En los pr\u00f3ximos d\u00edas. cuatro mil diaguitas interpondr\u00e1n un recurso judicial que busca la restituci\u00f3n de tierras en la cordillera de Vallenar y Huasco, Chile, lugares donde se encuentran las iniciativas mineras de Pascua Lama y El Morro.<\/p>\n<p style=\"text-align: justify;\">El abogado \u00c1lex Quevedo, inform\u00f3 a Radio B\u00edo b\u00edo que a las comunidades se les dieron en 1903 t\u00edtulos de dominio los que fueron actualizados en los a\u00f1os 90. Seg\u00fan el profesional que lidera el equipo de juristas que defiende a las comunidades, de esta forma los originarios tendr\u00edan m\u00e1s derechos de propiedad sobre esas tierras que quienes las inscribieron como comunidad agr\u00edcola.<br \/>\nSin embargo, esta reivindicaci\u00f3n de tierras implica una divisi\u00f3n entre los originarios. Esto, porque habr\u00e1 una disputa de terrenos -que abarcan 390 mil hect\u00e1reas- con la comunidad huacoaltina, quienes arriendan las tierras a las firmas mineras.<\/p>\n<p style=\"text-align: justify;\">Quevedo asever\u00f3 que estos predios pertenecen a sus clientes, porque de acuerdo a la Ley Ind\u00edgena, dichas tierras no pueden constituirse como comunidades agr\u00edcolas, por lo que su arriendo a Pascua Lama y El Morro tambi\u00e9n ser\u00eda inviable.<\/p>\n","protected":false},"excerpt":{"rendered":"<p>En los pr\u00f3ximos d\u00edas. cuatro mil diaguitas interpondr\u00e1n un recurso judicial que busca la restituci\u00f3n de tierras en la cordillera de Vallenar y Huasco, Chile, lugares donde se encuentran las iniciativas mineras de Pascua Lama y El Morro. El abogado&hellip;<\/p>\n","protected":false},"author":616,"featured_media":52006,"comment_status":"closed","ping_status":"open","sticky":false,"template":"","format":"standard","meta":{"footnotes":""},"categories":[80,67],"tags":[],"class_list":["post-52004","post","type-post","status-publish","format-standard","has-post-thumbnail","hentry","category-pueblos-originarios","category-sudamerica"],"yoast_head":"<!-- This site is optimized with the Yoast SEO plugin v27.1.1 - https:\/\/yoast.com\/product\/yoast-seo-wordpress\/ -->\n<title>4 mil diaguitas interpondr\u00e1n recurso por tierras ancestrales donde est\u00e1n Pascua Lama y El Morro<\/title>\n<meta name=\"description\" content=\"En los pr\u00f3ximos d\u00edas. cuatro mil diaguitas interpondr\u00e1n un recurso judicial que busca la restituci\u00f3n de tierras en la cordillera de Vallenar y Huasco,\" \/>\n<meta name=\"robots\" content=\"index, follow, max-snippet:-1, max-image-preview:large, max-video-preview:-1\" \/>\n<link rel=\"canonical\" href=\"https:\/\/www.pressenza.com\/es\/2013\/05\/4-mil-diaguitas-interpondran-recurso-por-tierras-ancestrales-donde-estan-pascua-lama-y-el-morro\/\" \/>\n<meta property=\"og:locale\" content=\"es_ES\" \/>\n<meta property=\"og:type\" content=\"article\" \/>\n<meta property=\"og:title\" content=\"4 mil diaguitas interpondr\u00e1n recurso por tierras ancestrales donde est\u00e1n Pascua Lama y El Morro\" \/>\n<meta property=\"og:description\" content=\"En los pr\u00f3ximos d\u00edas. cuatro mil diaguitas interpondr\u00e1n un recurso judicial que busca la restituci\u00f3n de tierras en la cordillera de Vallenar y Huasco,\" \/>\n<meta property=\"og:url\" content=\"https:\/\/www.pressenza.com\/es\/2013\/05\/4-mil-diaguitas-interpondran-recurso-por-tierras-ancestrales-donde-estan-pascua-lama-y-el-morro\/\" \/>\n<meta property=\"og:site_name\" content=\"Pressenza\" \/>\n<meta property=\"article:publisher\" content=\"https:\/\/www.facebook.com\/PressenzaItalia\" \/>\n<meta property=\"article:published_time\" content=\"2013-05-14T16:40:35+00:00\" \/>\n<meta property=\"og:image\" content=\"https:\/\/www.pressenza.com\/wp-content\/uploads\/2013\/05\/nopascualama.jpg\" \/>\n\t<meta property=\"og:image:width\" content=\"600\" \/>\n\t<meta property=\"og:image:height\" content=\"275\" \/>\n\t<meta property=\"og:image:type\" content=\"image\/jpeg\" \/>\n<meta name=\"author\" content=\"El Ciudadano\" \/>\n<meta name=\"twitter:card\" content=\"summary_large_image\" \/>\n<meta name=\"twitter:creator\" content=\"@PressenzaIPA\" \/>\n<meta name=\"twitter:site\" content=\"@PressenzaIPA\" \/>\n<meta name=\"twitter:label1\" content=\"Escrito por\" \/>\n\t<meta name=\"twitter:data1\" content=\"El Ciudadano\" \/>\n\t<meta name=\"twitter:label2\" content=\"Tiempo de lectura\" \/>\n\t<meta name=\"twitter:data2\" content=\"1 minuto\" \/>\n<script type=\"application\/ld+json\" class=\"yoast-schema-graph\">{\"@context\":\"https:\/\/schema.org\",\"@graph\":[{\"@type\":\"Article\",\"@id\":\"https:\/\/www.pressenza.com\/es\/2013\/05\/4-mil-diaguitas-interpondran-recurso-por-tierras-ancestrales-donde-estan-pascua-lama-y-el-morro\/#article\",\"isPartOf\":{\"@id\":\"https:\/\/www.pressenza.com\/es\/2013\/05\/4-mil-diaguitas-interpondran-recurso-por-tierras-ancestrales-donde-estan-pascua-lama-y-el-morro\/\"},\"author\":{\"name\":\"El Ciudadano\",\"@id\":\"https:\/\/www.pressenza.com\/es\/#\/schema\/person\/6522eecb4cd68e074b27e251e4b04ef8\"},\"headline\":\"4 mil diaguitas interpondr\u00e1n recurso por tierras ancestrales donde est\u00e1n Pascua Lama y El Morro\",\"datePublished\":\"2013-05-14T16:40:35+00:00\",\"mainEntityOfPage\":{\"@id\":\"https:\/\/www.pressenza.com\/es\/2013\/05\/4-mil-diaguitas-interpondran-recurso-por-tierras-ancestrales-donde-estan-pascua-lama-y-el-morro\/\"},\"wordCount\":207,\"publisher\":{\"@id\":\"https:\/\/www.pressenza.com\/es\/#organization\"},\"image\":{\"@id\":\"https:\/\/www.pressenza.com\/es\/2013\/05\/4-mil-diaguitas-interpondran-recurso-por-tierras-ancestrales-donde-estan-pascua-lama-y-el-morro\/#primaryimage\"},\"thumbnailUrl\":\"https:\/\/www.pressenza.com\/wp-content\/uploads\/2013\/05\/nopascualama.jpg\",\"articleSection\":[\"Pueblos Originarios\",\"Sudam\u00e9rica\"],\"inLanguage\":\"es\"},{\"@type\":\"WebPage\",\"@id\":\"https:\/\/www.pressenza.com\/es\/2013\/05\/4-mil-diaguitas-interpondran-recurso-por-tierras-ancestrales-donde-estan-pascua-lama-y-el-morro\/\",\"url\":\"https:\/\/www.pressenza.com\/es\/2013\/05\/4-mil-diaguitas-interpondran-recurso-por-tierras-ancestrales-donde-estan-pascua-lama-y-el-morro\/\",\"name\":\"4 mil diaguitas interpondr\u00e1n recurso por tierras ancestrales donde est\u00e1n Pascua Lama y El Morro\",\"isPartOf\":{\"@id\":\"https:\/\/www.pressenza.com\/es\/#website\"},\"primaryImageOfPage\":{\"@id\":\"https:\/\/www.pressenza.com\/es\/2013\/05\/4-mil-diaguitas-interpondran-recurso-por-tierras-ancestrales-donde-estan-pascua-lama-y-el-morro\/#primaryimage\"},\"image\":{\"@id\":\"https:\/\/www.pressenza.com\/es\/2013\/05\/4-mil-diaguitas-interpondran-recurso-por-tierras-ancestrales-donde-estan-pascua-lama-y-el-morro\/#primaryimage\"},\"thumbnailUrl\":\"https:\/\/www.pressenza.com\/wp-content\/uploads\/2013\/05\/nopascualama.jpg\",\"datePublished\":\"2013-05-14T16:40:35+00:00\",\"description\":\"En los pr\u00f3ximos d\u00edas. cuatro mil diaguitas interpondr\u00e1n un recurso judicial que busca la restituci\u00f3n de tierras en la cordillera de Vallenar y Huasco,\",\"breadcrumb\":{\"@id\":\"https:\/\/www.pressenza.com\/es\/2013\/05\/4-mil-diaguitas-interpondran-recurso-por-tierras-ancestrales-donde-estan-pascua-lama-y-el-morro\/#breadcrumb\"},\"inLanguage\":\"es\",\"potentialAction\":[{\"@type\":\"ReadAction\",\"target\":[\"https:\/\/www.pressenza.com\/es\/2013\/05\/4-mil-diaguitas-interpondran-recurso-por-tierras-ancestrales-donde-estan-pascua-lama-y-el-morro\/\"]}]},{\"@type\":\"ImageObject\",\"inLanguage\":\"es\",\"@id\":\"https:\/\/www.pressenza.com\/es\/2013\/05\/4-mil-diaguitas-interpondran-recurso-por-tierras-ancestrales-donde-estan-pascua-lama-y-el-morro\/#primaryimage\",\"url\":\"https:\/\/www.pressenza.com\/wp-content\/uploads\/2013\/05\/nopascualama.jpg\",\"contentUrl\":\"https:\/\/www.pressenza.com\/wp-content\/uploads\/2013\/05\/nopascualama.jpg\",\"width\":600,\"height\":275},{\"@type\":\"BreadcrumbList\",\"@id\":\"https:\/\/www.pressenza.com\/es\/2013\/05\/4-mil-diaguitas-interpondran-recurso-por-tierras-ancestrales-donde-estan-pascua-lama-y-el-morro\/#breadcrumb\",\"itemListElement\":[{\"@type\":\"ListItem\",\"position\":1,\"name\":\"Accueil\",\"item\":\"https:\/\/www.pressenza.com\/es\/\"},{\"@type\":\"ListItem\",\"position\":2,\"name\":\"4 mil diaguitas interpondr\u00e1n recurso por tierras ancestrales donde est\u00e1n Pascua Lama y El Morro\"}]},{\"@type\":\"WebSite\",\"@id\":\"https:\/\/www.pressenza.com\/es\/#website\",\"url\":\"https:\/\/www.pressenza.com\/es\/\",\"name\":\"Pressenza\",\"description\":\"International Press Agency\",\"publisher\":{\"@id\":\"https:\/\/www.pressenza.com\/es\/#organization\"},\"potentialAction\":[{\"@type\":\"SearchAction\",\"target\":{\"@type\":\"EntryPoint\",\"urlTemplate\":\"https:\/\/www.pressenza.com\/es\/?s={search_term_string}\"},\"query-input\":{\"@type\":\"PropertyValueSpecification\",\"valueRequired\":true,\"valueName\":\"search_term_string\"}}],\"inLanguage\":\"es\"},{\"@type\":\"Organization\",\"@id\":\"https:\/\/www.pressenza.com\/es\/#organization\",\"name\":\"Pressenza\",\"url\":\"https:\/\/www.pressenza.com\/es\/\",\"logo\":{\"@type\":\"ImageObject\",\"inLanguage\":\"es\",\"@id\":\"https:\/\/www.pressenza.com\/es\/#\/schema\/logo\/image\/\",\"url\":\"https:\/\/www.pressenza.com\/wp-content\/uploads\/2022\/10\/pressenza_logo_200x200.jpg\",\"contentUrl\":\"https:\/\/www.pressenza.com\/wp-content\/uploads\/2022\/10\/pressenza_logo_200x200.jpg\",\"width\":200,\"height\":200,\"caption\":\"Pressenza\"},\"image\":{\"@id\":\"https:\/\/www.pressenza.com\/es\/#\/schema\/logo\/image\/\"},\"sameAs\":[\"https:\/\/www.facebook.com\/PressenzaItalia\",\"https:\/\/x.com\/PressenzaIPA\"]},{\"@type\":\"Person\",\"@id\":\"https:\/\/www.pressenza.com\/es\/#\/schema\/person\/6522eecb4cd68e074b27e251e4b04ef8\",\"name\":\"El Ciudadano\",\"description\":\"El Ciudadano es un medio de comunicaci\u00f3n de circulaci\u00f3n mensual en papel y de funcionamiento diario en la web. Forma parte de la Red de Medios de los Pueblos por lo que se declara como un medio del Tercer Sector para romper el cerco informativo. El Ciudadano es una publicaci\u00f3n que busca elevar desde lo local a lo global las demandas de la organizaci\u00f3n social chilena como tambi\u00e9n promover la acci\u00f3n directa de la ciudadan\u00eda por su derecho a autodeterminaci\u00f3n. elciudadano.cl\",\"url\":\"https:\/\/www.pressenza.com\/es\/author\/el-ciudadano\/\"}]}<\/script>\n<!-- \/ Yoast SEO plugin. -->","yoast_head_json":{"title":"4 mil diaguitas interpondr\u00e1n recurso por tierras ancestrales donde est\u00e1n Pascua Lama y El Morro","description":"En los pr\u00f3ximos d\u00edas. cuatro mil diaguitas interpondr\u00e1n un recurso judicial que busca la restituci\u00f3n de tierras en la cordillera de Vallenar y Huasco,","robots":{"index":"index","follow":"follow","max-snippet":"max-snippet:-1","max-image-preview":"max-image-preview:large","max-video-preview":"max-video-preview:-1"},"canonical":"https:\/\/www.pressenza.com\/es\/2013\/05\/4-mil-diaguitas-interpondran-recurso-por-tierras-ancestrales-donde-estan-pascua-lama-y-el-morro\/","og_locale":"es_ES","og_type":"article","og_title":"4 mil diaguitas interpondr\u00e1n recurso por tierras ancestrales donde est\u00e1n Pascua Lama y El Morro","og_description":"En los pr\u00f3ximos d\u00edas. cuatro mil diaguitas interpondr\u00e1n un recurso judicial que busca la restituci\u00f3n de tierras en la cordillera de Vallenar y Huasco,","og_url":"https:\/\/www.pressenza.com\/es\/2013\/05\/4-mil-diaguitas-interpondran-recurso-por-tierras-ancestrales-donde-estan-pascua-lama-y-el-morro\/","og_site_name":"Pressenza","article_publisher":"https:\/\/www.facebook.com\/PressenzaItalia","article_published_time":"2013-05-14T16:40:35+00:00","og_image":[{"width":600,"height":275,"url":"https:\/\/www.pressenza.com\/wp-content\/uploads\/2013\/05\/nopascualama.jpg","type":"image\/jpeg"}],"author":"El Ciudadano","twitter_card":"summary_large_image","twitter_creator":"@PressenzaIPA","twitter_site":"@PressenzaIPA","twitter_misc":{"Escrito por":"El Ciudadano","Tiempo de lectura":"1 minuto"},"schema":{"@context":"https:\/\/schema.org","@graph":[{"@type":"Article","@id":"https:\/\/www.pressenza.com\/es\/2013\/05\/4-mil-diaguitas-interpondran-recurso-por-tierras-ancestrales-donde-estan-pascua-lama-y-el-morro\/#article","isPartOf":{"@id":"https:\/\/www.pressenza.com\/es\/2013\/05\/4-mil-diaguitas-interpondran-recurso-por-tierras-ancestrales-donde-estan-pascua-lama-y-el-morro\/"},"author":{"name":"El Ciudadano","@id":"https:\/\/www.pressenza.com\/es\/#\/schema\/person\/6522eecb4cd68e074b27e251e4b04ef8"},"headline":"4 mil diaguitas interpondr\u00e1n recurso por tierras ancestrales donde est\u00e1n Pascua Lama y El Morro","datePublished":"2013-05-14T16:40:35+00:00","mainEntityOfPage":{"@id":"https:\/\/www.pressenza.com\/es\/2013\/05\/4-mil-diaguitas-interpondran-recurso-por-tierras-ancestrales-donde-estan-pascua-lama-y-el-morro\/"},"wordCount":207,"publisher":{"@id":"https:\/\/www.pressenza.com\/es\/#organization"},"image":{"@id":"https:\/\/www.pressenza.com\/es\/2013\/05\/4-mil-diaguitas-interpondran-recurso-por-tierras-ancestrales-donde-estan-pascua-lama-y-el-morro\/#primaryimage"},"thumbnailUrl":"https:\/\/www.pressenza.com\/wp-content\/uploads\/2013\/05\/nopascualama.jpg","articleSection":["Pueblos Originarios","Sudam\u00e9rica"],"inLanguage":"es"},{"@type":"WebPage","@id":"https:\/\/www.pressenza.com\/es\/2013\/05\/4-mil-diaguitas-interpondran-recurso-por-tierras-ancestrales-donde-estan-pascua-lama-y-el-morro\/","url":"https:\/\/www.pressenza.com\/es\/2013\/05\/4-mil-diaguitas-interpondran-recurso-por-tierras-ancestrales-donde-estan-pascua-lama-y-el-morro\/","name":"4 mil diaguitas interpondr\u00e1n recurso por tierras ancestrales donde est\u00e1n Pascua Lama y El Morro","isPartOf":{"@id":"https:\/\/www.pressenza.com\/es\/#website"},"primaryImageOfPage":{"@id":"https:\/\/www.pressenza.com\/es\/2013\/05\/4-mil-diaguitas-interpondran-recurso-por-tierras-ancestrales-donde-estan-pascua-lama-y-el-morro\/#primaryimage"},"image":{"@id":"https:\/\/www.pressenza.com\/es\/2013\/05\/4-mil-diaguitas-interpondran-recurso-por-tierras-ancestrales-donde-estan-pascua-lama-y-el-morro\/#primaryimage"},"thumbnailUrl":"https:\/\/www.pressenza.com\/wp-content\/uploads\/2013\/05\/nopascualama.jpg","datePublished":"2013-05-14T16:40:35+00:00","description":"En los pr\u00f3ximos d\u00edas. cuatro mil diaguitas interpondr\u00e1n un recurso judicial que busca la restituci\u00f3n de tierras en la cordillera de Vallenar y Huasco,","breadcrumb":{"@id":"https:\/\/www.pressenza.com\/es\/2013\/05\/4-mil-diaguitas-interpondran-recurso-por-tierras-ancestrales-donde-estan-pascua-lama-y-el-morro\/#breadcrumb"},"inLanguage":"es","potentialAction":[{"@type":"ReadAction","target":["https:\/\/www.pressenza.com\/es\/2013\/05\/4-mil-diaguitas-interpondran-recurso-por-tierras-ancestrales-donde-estan-pascua-lama-y-el-morro\/"]}]},{"@type":"ImageObject","inLanguage":"es","@id":"https:\/\/www.pressenza.com\/es\/2013\/05\/4-mil-diaguitas-interpondran-recurso-por-tierras-ancestrales-donde-estan-pascua-lama-y-el-morro\/#primaryimage","url":"https:\/\/www.pressenza.com\/wp-content\/uploads\/2013\/05\/nopascualama.jpg","contentUrl":"https:\/\/www.pressenza.com\/wp-content\/uploads\/2013\/05\/nopascualama.jpg","width":600,"height":275},{"@type":"BreadcrumbList","@id":"https:\/\/www.pressenza.com\/es\/2013\/05\/4-mil-diaguitas-interpondran-recurso-por-tierras-ancestrales-donde-estan-pascua-lama-y-el-morro\/#breadcrumb","itemListElement":[{"@type":"ListItem","position":1,"name":"Accueil","item":"https:\/\/www.pressenza.com\/es\/"},{"@type":"ListItem","position":2,"name":"4 mil diaguitas interpondr\u00e1n recurso por tierras ancestrales donde est\u00e1n Pascua Lama y El Morro"}]},{"@type":"WebSite","@id":"https:\/\/www.pressenza.com\/es\/#website","url":"https:\/\/www.pressenza.com\/es\/","name":"Pressenza","description":"International Press Agency","publisher":{"@id":"https:\/\/www.pressenza.com\/es\/#organization"},"potentialAction":[{"@type":"SearchAction","target":{"@type":"EntryPoint","urlTemplate":"https:\/\/www.pressenza.com\/es\/?s={search_term_string}"},"query-input":{"@type":"PropertyValueSpecification","valueRequired":true,"valueName":"search_term_string"}}],"inLanguage":"es"},{"@type":"Organization","@id":"https:\/\/www.pressenza.com\/es\/#organization","name":"Pressenza","url":"https:\/\/www.pressenza.com\/es\/","logo":{"@type":"ImageObject","inLanguage":"es","@id":"https:\/\/www.pressenza.com\/es\/#\/schema\/logo\/image\/","url":"https:\/\/www.pressenza.com\/wp-content\/uploads\/2022\/10\/pressenza_logo_200x200.jpg","contentUrl":"https:\/\/www.pressenza.com\/wp-content\/uploads\/2022\/10\/pressenza_logo_200x200.jpg","width":200,"height":200,"caption":"Pressenza"},"image":{"@id":"https:\/\/www.pressenza.com\/es\/#\/schema\/logo\/image\/"},"sameAs":["https:\/\/www.facebook.com\/PressenzaItalia","https:\/\/x.com\/PressenzaIPA"]},{"@type":"Person","@id":"https:\/\/www.pressenza.com\/es\/#\/schema\/person\/6522eecb4cd68e074b27e251e4b04ef8","name":"El Ciudadano","description":"El Ciudadano es un medio de comunicaci\u00f3n de circulaci\u00f3n mensual en papel y de funcionamiento diario en la web. Forma parte de la Red de Medios de los Pueblos por lo que se declara como un medio del Tercer Sector para romper el cerco informativo. El Ciudadano es una publicaci\u00f3n que busca elevar desde lo local a lo global las demandas de la organizaci\u00f3n social chilena como tambi\u00e9n promover la acci\u00f3n directa de la ciudadan\u00eda por su derecho a autodeterminaci\u00f3n. elciudadano.cl","url":"https:\/\/www.pressenza.com\/es\/author\/el-ciudadano\/"}]}},"place":"Vallenar","original_article_url":"","_links":{"self":[{"href":"https:\/\/www.pressenza.com\/es\/wp-json\/wp\/v2\/posts\/52004","targetHints":{"allow":["GET"]}}],"collection":[{"href":"https:\/\/www.pressenza.com\/es\/wp-json\/wp\/v2\/posts"}],"about":[{"href":"https:\/\/www.pressenza.com\/es\/wp-json\/wp\/v2\/types\/post"}],"author":[{"embeddable":true,"href":"https:\/\/www.pressenza.com\/es\/wp-json\/wp\/v2\/users\/616"}],"replies":[{"embeddable":true,"href":"https:\/\/www.pressenza.com\/es\/wp-json\/wp\/v2\/comments?post=52004"}],"version-history":[{"count":0,"href":"https:\/\/www.pressenza.com\/es\/wp-json\/wp\/v2\/posts\/52004\/revisions"}],"wp:featuredmedia":[{"embeddable":true,"href":"https:\/\/www.pressenza.com\/es\/wp-json\/wp\/v2\/media\/52006"}],"wp:attachment":[{"href":"https:\/\/www.pressenza.com\/es\/wp-json\/wp\/v2\/media?parent=52004"}],"wp:term":[{"taxonomy":"category","embeddable":true,"href":"https:\/\/www.pressenza.com\/es\/wp-json\/wp\/v2\/categories?post=52004"},{"taxonomy":"post_tag","embeddable":true,"href":"https:\/\/www.pressenza.com\/es\/wp-json\/wp\/v2\/tags?post=52004"}],"curies":[{"name":"wp","href":"https:\/\/api.w.org\/{rel}","templated":true}]}}