{"id":519986,"date":"2017-09-18T04:29:40","date_gmt":"2017-09-18T03:29:40","guid":{"rendered":"https:\/\/www.pressenza.com\/?p=519986\/"},"modified":"2017-09-18T04:29:40","modified_gmt":"2017-09-18T03:29:40","slug":"ecuador-los-mecanismos-aseguren-mas-medios-comunitarios-deben-fortalecerse","status":"publish","type":"post","link":"https:\/\/www.pressenza.com\/es\/2017\/09\/ecuador-los-mecanismos-aseguren-mas-medios-comunitarios-deben-fortalecerse\/","title":{"rendered":"Ecuador: los mecanismos que aseguren m\u00e1s medios comunitarios, deben fortalecerse"},"content":{"rendered":"<p>Gissela D\u00e1vila, directora de CORAPE (Coordinadora de Medios Comunitarios Populares y Educativos del Ecuador), convers\u00f3 con nosotros sobre la importancia del desarrollo del Di\u00e1logo Nacional sobre la LOC (Ley Org\u00e1nica de Comunicaci\u00f3n), propuesto por la SECOM (Secretar\u00eda Nacional de Comunicaci\u00f3n), promoviendo un trabajo plural entre varios sectores de la comunicaci\u00f3n a trav\u00e9s de convocatorias abiertas, lo que representa un avance en comparaci\u00f3n a otros procesos antes realizados.<\/p>\n<p>Para ella, estos esfuerzos deben ser respaldados siempre que exista una sistematizaci\u00f3n adecuada de los temas tratados en dichas mesas, que han contado con la presencia de representantes de los medios privados y comunitarios, creando un equilibrio positivo donde se han recogido, desde los involucrados, lo que se desea de las reformas en la Ley de Comunicaci\u00f3n. <\/p>\n<p>Para CORAPE, los grandes ausentes fueron los usuarios de los productos de los medios: falta saber qu\u00e9 es lo que piensan los colectivos, organizaciones sociales y ciudadan\u00eda sobre su papel en el desarrollo de dichas reformas.<\/p>\n<p>El sector comunitario de la comunicaci\u00f3n, exige la protecci\u00f3n a la Ley de Comunicaci\u00f3n, que fue producto de un largo debate entre diversos sectores sociales y gubernamentales antes de su aprobaci\u00f3n. La LOC abre la opci\u00f3n a una pluralidad de voces a trav\u00e9s del reparto del espectro radioel\u00e9ctrico: 33% medios p\u00fablicos, 33% medios privados y 34% medios comunitarios.<\/p>\n<p>Sin embargo, desde este sector se proponen algunas modificaciones que mejoren la ley con la que contamos. Por ejemplo, para asegurar que la redistribuci\u00f3n del espectro se concrete, es necesario establecer procesos  diferenciados, que tomen  en cuenta la naturaleza de los medios comunitarios y su sostenibilidad, permitiendo el trabajo voluntario y la no obligatoriedad del t\u00edtulo profesional, ya que en las zonas rurales e incluso algunas urbanas, no existe gratuidad para acceder a la carrera de Comunicaci\u00f3n Social, pero sus habitantes son elegidos y capacitados para desarrollarse en las diferentes \u00e1reas de la comunicaci\u00f3n, seg\u00fan sus habilidades y motivaci\u00f3n.<\/p>\n<p>A pesar de que hay un incremento de casi el 2% en el registro de radios comunitarias, este se debe especialmente a que muchas de ellas, que exist\u00edan antes con licencias privadas, han gestionado su licencia como comunitarias, como corresponde. <\/p>\n<p>La asignaci\u00f3n de frecuencias comunitarias que se esperaba lograr con el concurso, al que ingresaron solicitudes de 300 organizaciones, sigue todav\u00eda pendiente. M\u00e1s de 130 organizaciones est\u00e1n a la espera de la resoluci\u00f3n de la CORDICOM. A pesar de esto, Gissela D\u00e1vila considera que, tanto a la ley como al concurso de frecuencias, se les debe dar la oportunidad de desarrollarse como una experiencia piloto en Ecuador, en la que se demuestre que es posible establecer un mecanismo que no responda a las conexiones y favores pol\u00edticos, que eran los mecanismos anteriores a la LOC. <\/p>\n<p>Por ahora a la CORDICOM le falta apresurar la publicaci\u00f3n de los resultados del concurso y revisar los planes de comunicaci\u00f3n propuestos por cada organizaci\u00f3n para que sea designado como medio comunitario; por otro lado, est\u00e1 pendiente la auditor\u00eda de concesi\u00f3n de frecuencias que ampliar\u00eda la disponibilidad del espectro reservado para medios comunitarios, d\u00e1ndoles la opci\u00f3n de visibilizarse; en cuanto a la ley, a pesar de que la mayor\u00eda de sectores reconoce que es necesaria su existencia, consideran que no debe ser sancionadora ya que su fin es garantizar los derechos y proteger a la ciudadan\u00eda.<\/p>\n<p>Desde su perspectiva, ha resultado positiva la generaci\u00f3n de di\u00e1logo y debate entre los medios comunitarios y los medios privados, reconociendo las debilidades y fortalezas de cada sector. Considera fundamental involucrar a la gente, \u201cque la comunidad sea parte del medio y el medio parte de la comunidad\u201d, creando una comunicaci\u00f3n participativa y alternativa desde la cual se defiendan y se vivan los derechos.<\/p>\n<p>En las mesas de di\u00e1logo se ha solicitado al Estado que apoye a los grupos organizados con la estructura m\u00ednima que necesitan para empezar, garantizando el derecho a la comunicaci\u00f3n y que, tanto los medios como el gobierno, respondan a la sociedad con responsabilidad; tambi\u00e9n se ha propuesto que el 10% del gasto estatal en publicidad, se destine al fortalecimiento de los medios comunitarios.<\/p>\n<p>Gissela D\u00e1vila afirma que la Ley Org\u00e1nica de Comunicaci\u00f3n es una buena ley, que requiere ciertas modificaciones, particularmente en los aspectos de garant\u00eda y fortalecimiento de los medios comunitarios y en el tema de sanciones, buscando mejor generar espacios aptos para el debate y audiencias p\u00fablicas en las que la ciudadan\u00eda pueda participar activamente.  <\/p>\n","protected":false},"excerpt":{"rendered":"<p>Gissela D\u00e1vila, directora de CORAPE (Coordinadora de Medios Comunitarios Populares y Educativos del Ecuador), convers\u00f3 con nosotros sobre la importancia del desarrollo del Di\u00e1logo Nacional sobre la LOC (Ley Org\u00e1nica de Comunicaci\u00f3n), propuesto por la SECOM (Secretar\u00eda Nacional de Comunicaci\u00f3n),&hellip;<\/p>\n","protected":false},"author":1319,"featured_media":520007,"comment_status":"closed","ping_status":"closed","sticky":false,"template":"","format":"standard","meta":{"footnotes":""},"categories":[11389,75,155,74,67],"tags":[40312,18168,39695,40311],"class_list":["post-519986","post","type-post","status-publish","format-standard","has-post-thumbnail","hentry","category-contenido-original","category-cultura-es","category-entrevistas","category-politica-es","category-sudamerica","tag-debate-derecho-a-la-comunicacion","tag-derecho-a-la-comunicacion","tag-dialogo-nacional","tag-ley-de-comunicacion-en-ecuador"],"yoast_head":"<!-- This site is optimized with the Yoast SEO plugin v27.1.1 - https:\/\/yoast.com\/product\/yoast-seo-wordpress\/ -->\n<title>Ecuador: los mecanismos que aseguren m\u00e1s medios comunitarios, deben fortalecerse<\/title>\n<meta name=\"description\" content=\"Gissela D\u00e1vila, directora de CORAPE (Coordinadora de Medios Comunitarios Populares y Educativos del Ecuador), convers\u00f3 con nosotros sobre la importancia\" \/>\n<meta name=\"robots\" content=\"index, follow, max-snippet:-1, max-image-preview:large, max-video-preview:-1\" \/>\n<link rel=\"canonical\" href=\"https:\/\/www.pressenza.com\/es\/2017\/09\/ecuador-los-mecanismos-aseguren-mas-medios-comunitarios-deben-fortalecerse\/\" \/>\n<meta property=\"og:locale\" content=\"es_ES\" \/>\n<meta property=\"og:type\" content=\"article\" \/>\n<meta property=\"og:title\" content=\"Ecuador: los mecanismos que aseguren m\u00e1s medios comunitarios, deben fortalecerse\" \/>\n<meta property=\"og:description\" content=\"Gissela D\u00e1vila, directora de CORAPE (Coordinadora de Medios Comunitarios Populares y Educativos del Ecuador), convers\u00f3 con nosotros sobre la importancia\" \/>\n<meta property=\"og:url\" content=\"https:\/\/www.pressenza.com\/es\/2017\/09\/ecuador-los-mecanismos-aseguren-mas-medios-comunitarios-deben-fortalecerse\/\" \/>\n<meta property=\"og:site_name\" content=\"Pressenza\" \/>\n<meta property=\"article:publisher\" content=\"https:\/\/www.facebook.com\/PressenzaItalia\" \/>\n<meta property=\"article:published_time\" content=\"2017-09-18T03:29:40+00:00\" \/>\n<meta property=\"og:image\" content=\"https:\/\/www.pressenza.com\/wp-content\/uploads\/2017\/09\/20992706_1919976298219988_2789009077135057614_n.jpg\" \/>\n\t<meta property=\"og:image:width\" content=\"526\" \/>\n\t<meta property=\"og:image:height\" content=\"526\" \/>\n\t<meta property=\"og:image:type\" content=\"image\/jpeg\" \/>\n<meta name=\"author\" content=\"Rossana A. Cede\u00f1o\" \/>\n<meta name=\"twitter:card\" content=\"summary_large_image\" \/>\n<meta name=\"twitter:creator\" content=\"@Rossan82\" \/>\n<meta name=\"twitter:site\" content=\"@PressenzaIPA\" \/>\n<meta name=\"twitter:label1\" content=\"Escrito por\" \/>\n\t<meta name=\"twitter:data1\" content=\"Rossana A. Cede\u00f1o\" \/>\n\t<meta name=\"twitter:label2\" content=\"Tiempo de lectura\" \/>\n\t<meta name=\"twitter:data2\" content=\"4 minutos\" \/>\n<script type=\"application\/ld+json\" class=\"yoast-schema-graph\">{\"@context\":\"https:\/\/schema.org\",\"@graph\":[{\"@type\":\"Article\",\"@id\":\"https:\/\/www.pressenza.com\/es\/2017\/09\/ecuador-los-mecanismos-aseguren-mas-medios-comunitarios-deben-fortalecerse\/#article\",\"isPartOf\":{\"@id\":\"https:\/\/www.pressenza.com\/es\/2017\/09\/ecuador-los-mecanismos-aseguren-mas-medios-comunitarios-deben-fortalecerse\/\"},\"author\":{\"name\":\"Rossana A. Cede\u00f1o\",\"@id\":\"https:\/\/www.pressenza.com\/es\/#\/schema\/person\/31cae0e550f3778fecef9502073e2e88\"},\"headline\":\"Ecuador: los mecanismos que aseguren m\u00e1s medios comunitarios, deben fortalecerse\",\"datePublished\":\"2017-09-18T03:29:40+00:00\",\"mainEntityOfPage\":{\"@id\":\"https:\/\/www.pressenza.com\/es\/2017\/09\/ecuador-los-mecanismos-aseguren-mas-medios-comunitarios-deben-fortalecerse\/\"},\"wordCount\":791,\"publisher\":{\"@id\":\"https:\/\/www.pressenza.com\/es\/#organization\"},\"image\":{\"@id\":\"https:\/\/www.pressenza.com\/es\/2017\/09\/ecuador-los-mecanismos-aseguren-mas-medios-comunitarios-deben-fortalecerse\/#primaryimage\"},\"thumbnailUrl\":\"https:\/\/www.pressenza.com\/wp-content\/uploads\/2017\/09\/20992706_1919976298219988_2789009077135057614_n.jpg\",\"keywords\":[\"Debate derecho a la comunicaci\u00f3n\",\"Derecho a la comunicaci\u00f3n\",\"Dialogo Nacional\",\"Ley de Comunicaci\u00f3n en Ecuador\"],\"articleSection\":[\"Contenido Original\",\"Cultura y Medios\",\"Entrevistas\",\"Pol\u00edtica\",\"Sudam\u00e9rica\"],\"inLanguage\":\"es\"},{\"@type\":\"WebPage\",\"@id\":\"https:\/\/www.pressenza.com\/es\/2017\/09\/ecuador-los-mecanismos-aseguren-mas-medios-comunitarios-deben-fortalecerse\/\",\"url\":\"https:\/\/www.pressenza.com\/es\/2017\/09\/ecuador-los-mecanismos-aseguren-mas-medios-comunitarios-deben-fortalecerse\/\",\"name\":\"Ecuador: los mecanismos que aseguren m\u00e1s medios comunitarios, deben fortalecerse\",\"isPartOf\":{\"@id\":\"https:\/\/www.pressenza.com\/es\/#website\"},\"primaryImageOfPage\":{\"@id\":\"https:\/\/www.pressenza.com\/es\/2017\/09\/ecuador-los-mecanismos-aseguren-mas-medios-comunitarios-deben-fortalecerse\/#primaryimage\"},\"image\":{\"@id\":\"https:\/\/www.pressenza.com\/es\/2017\/09\/ecuador-los-mecanismos-aseguren-mas-medios-comunitarios-deben-fortalecerse\/#primaryimage\"},\"thumbnailUrl\":\"https:\/\/www.pressenza.com\/wp-content\/uploads\/2017\/09\/20992706_1919976298219988_2789009077135057614_n.jpg\",\"datePublished\":\"2017-09-18T03:29:40+00:00\",\"description\":\"Gissela D\u00e1vila, directora de CORAPE (Coordinadora de Medios Comunitarios Populares y Educativos del Ecuador), convers\u00f3 con nosotros sobre la importancia\",\"breadcrumb\":{\"@id\":\"https:\/\/www.pressenza.com\/es\/2017\/09\/ecuador-los-mecanismos-aseguren-mas-medios-comunitarios-deben-fortalecerse\/#breadcrumb\"},\"inLanguage\":\"es\",\"potentialAction\":[{\"@type\":\"ReadAction\",\"target\":[\"https:\/\/www.pressenza.com\/es\/2017\/09\/ecuador-los-mecanismos-aseguren-mas-medios-comunitarios-deben-fortalecerse\/\"]}]},{\"@type\":\"ImageObject\",\"inLanguage\":\"es\",\"@id\":\"https:\/\/www.pressenza.com\/es\/2017\/09\/ecuador-los-mecanismos-aseguren-mas-medios-comunitarios-deben-fortalecerse\/#primaryimage\",\"url\":\"https:\/\/www.pressenza.com\/wp-content\/uploads\/2017\/09\/20992706_1919976298219988_2789009077135057614_n.jpg\",\"contentUrl\":\"https:\/\/www.pressenza.com\/wp-content\/uploads\/2017\/09\/20992706_1919976298219988_2789009077135057614_n.jpg\",\"width\":526,\"height\":526},{\"@type\":\"BreadcrumbList\",\"@id\":\"https:\/\/www.pressenza.com\/es\/2017\/09\/ecuador-los-mecanismos-aseguren-mas-medios-comunitarios-deben-fortalecerse\/#breadcrumb\",\"itemListElement\":[{\"@type\":\"ListItem\",\"position\":1,\"name\":\"Accueil\",\"item\":\"https:\/\/www.pressenza.com\/es\/\"},{\"@type\":\"ListItem\",\"position\":2,\"name\":\"Ecuador: los mecanismos que aseguren m\u00e1s medios comunitarios, deben fortalecerse\"}]},{\"@type\":\"WebSite\",\"@id\":\"https:\/\/www.pressenza.com\/es\/#website\",\"url\":\"https:\/\/www.pressenza.com\/es\/\",\"name\":\"Pressenza\",\"description\":\"International Press Agency\",\"publisher\":{\"@id\":\"https:\/\/www.pressenza.com\/es\/#organization\"},\"potentialAction\":[{\"@type\":\"SearchAction\",\"target\":{\"@type\":\"EntryPoint\",\"urlTemplate\":\"https:\/\/www.pressenza.com\/es\/?s={search_term_string}\"},\"query-input\":{\"@type\":\"PropertyValueSpecification\",\"valueRequired\":true,\"valueName\":\"search_term_string\"}}],\"inLanguage\":\"es\"},{\"@type\":\"Organization\",\"@id\":\"https:\/\/www.pressenza.com\/es\/#organization\",\"name\":\"Pressenza\",\"url\":\"https:\/\/www.pressenza.com\/es\/\",\"logo\":{\"@type\":\"ImageObject\",\"inLanguage\":\"es\",\"@id\":\"https:\/\/www.pressenza.com\/es\/#\/schema\/logo\/image\/\",\"url\":\"https:\/\/www.pressenza.com\/wp-content\/uploads\/2022\/10\/pressenza_logo_200x200.jpg\",\"contentUrl\":\"https:\/\/www.pressenza.com\/wp-content\/uploads\/2022\/10\/pressenza_logo_200x200.jpg\",\"width\":200,\"height\":200,\"caption\":\"Pressenza\"},\"image\":{\"@id\":\"https:\/\/www.pressenza.com\/es\/#\/schema\/logo\/image\/\"},\"sameAs\":[\"https:\/\/www.facebook.com\/PressenzaItalia\",\"https:\/\/x.com\/PressenzaIPA\"]},{\"@type\":\"Person\",\"@id\":\"https:\/\/www.pressenza.com\/es\/#\/schema\/person\/31cae0e550f3778fecef9502073e2e88\",\"name\":\"Rossana A. Cede\u00f1o\",\"description\":\"Ecuatoriana, estudiante de Comunicaci\u00f3n Social, locutora de Latitud Noviolenta, redactora, autodidacta, en el camino del humanismo y activista por la noviolencia.\",\"sameAs\":[\"https:\/\/x.com\/Rossan82\"],\"url\":\"https:\/\/www.pressenza.com\/es\/author\/rossana-ayabaca\/\"}]}<\/script>\n<!-- \/ Yoast SEO plugin. -->","yoast_head_json":{"title":"Ecuador: los mecanismos que aseguren m\u00e1s medios comunitarios, deben fortalecerse","description":"Gissela D\u00e1vila, directora de CORAPE (Coordinadora de Medios Comunitarios Populares y Educativos del Ecuador), convers\u00f3 con nosotros sobre la importancia","robots":{"index":"index","follow":"follow","max-snippet":"max-snippet:-1","max-image-preview":"max-image-preview:large","max-video-preview":"max-video-preview:-1"},"canonical":"https:\/\/www.pressenza.com\/es\/2017\/09\/ecuador-los-mecanismos-aseguren-mas-medios-comunitarios-deben-fortalecerse\/","og_locale":"es_ES","og_type":"article","og_title":"Ecuador: los mecanismos que aseguren m\u00e1s medios comunitarios, deben fortalecerse","og_description":"Gissela D\u00e1vila, directora de CORAPE (Coordinadora de Medios Comunitarios Populares y Educativos del Ecuador), convers\u00f3 con nosotros sobre la importancia","og_url":"https:\/\/www.pressenza.com\/es\/2017\/09\/ecuador-los-mecanismos-aseguren-mas-medios-comunitarios-deben-fortalecerse\/","og_site_name":"Pressenza","article_publisher":"https:\/\/www.facebook.com\/PressenzaItalia","article_published_time":"2017-09-18T03:29:40+00:00","og_image":[{"width":526,"height":526,"url":"https:\/\/www.pressenza.com\/wp-content\/uploads\/2017\/09\/20992706_1919976298219988_2789009077135057614_n.jpg","type":"image\/jpeg"}],"author":"Rossana A. Cede\u00f1o","twitter_card":"summary_large_image","twitter_creator":"@Rossan82","twitter_site":"@PressenzaIPA","twitter_misc":{"Escrito por":"Rossana A. Cede\u00f1o","Tiempo de lectura":"4 minutos"},"schema":{"@context":"https:\/\/schema.org","@graph":[{"@type":"Article","@id":"https:\/\/www.pressenza.com\/es\/2017\/09\/ecuador-los-mecanismos-aseguren-mas-medios-comunitarios-deben-fortalecerse\/#article","isPartOf":{"@id":"https:\/\/www.pressenza.com\/es\/2017\/09\/ecuador-los-mecanismos-aseguren-mas-medios-comunitarios-deben-fortalecerse\/"},"author":{"name":"Rossana A. Cede\u00f1o","@id":"https:\/\/www.pressenza.com\/es\/#\/schema\/person\/31cae0e550f3778fecef9502073e2e88"},"headline":"Ecuador: los mecanismos que aseguren m\u00e1s medios comunitarios, deben fortalecerse","datePublished":"2017-09-18T03:29:40+00:00","mainEntityOfPage":{"@id":"https:\/\/www.pressenza.com\/es\/2017\/09\/ecuador-los-mecanismos-aseguren-mas-medios-comunitarios-deben-fortalecerse\/"},"wordCount":791,"publisher":{"@id":"https:\/\/www.pressenza.com\/es\/#organization"},"image":{"@id":"https:\/\/www.pressenza.com\/es\/2017\/09\/ecuador-los-mecanismos-aseguren-mas-medios-comunitarios-deben-fortalecerse\/#primaryimage"},"thumbnailUrl":"https:\/\/www.pressenza.com\/wp-content\/uploads\/2017\/09\/20992706_1919976298219988_2789009077135057614_n.jpg","keywords":["Debate derecho a la comunicaci\u00f3n","Derecho a la comunicaci\u00f3n","Dialogo Nacional","Ley de Comunicaci\u00f3n en Ecuador"],"articleSection":["Contenido Original","Cultura y Medios","Entrevistas","Pol\u00edtica","Sudam\u00e9rica"],"inLanguage":"es"},{"@type":"WebPage","@id":"https:\/\/www.pressenza.com\/es\/2017\/09\/ecuador-los-mecanismos-aseguren-mas-medios-comunitarios-deben-fortalecerse\/","url":"https:\/\/www.pressenza.com\/es\/2017\/09\/ecuador-los-mecanismos-aseguren-mas-medios-comunitarios-deben-fortalecerse\/","name":"Ecuador: los mecanismos que aseguren m\u00e1s medios comunitarios, deben fortalecerse","isPartOf":{"@id":"https:\/\/www.pressenza.com\/es\/#website"},"primaryImageOfPage":{"@id":"https:\/\/www.pressenza.com\/es\/2017\/09\/ecuador-los-mecanismos-aseguren-mas-medios-comunitarios-deben-fortalecerse\/#primaryimage"},"image":{"@id":"https:\/\/www.pressenza.com\/es\/2017\/09\/ecuador-los-mecanismos-aseguren-mas-medios-comunitarios-deben-fortalecerse\/#primaryimage"},"thumbnailUrl":"https:\/\/www.pressenza.com\/wp-content\/uploads\/2017\/09\/20992706_1919976298219988_2789009077135057614_n.jpg","datePublished":"2017-09-18T03:29:40+00:00","description":"Gissela D\u00e1vila, directora de CORAPE (Coordinadora de Medios Comunitarios Populares y Educativos del Ecuador), convers\u00f3 con nosotros sobre la importancia","breadcrumb":{"@id":"https:\/\/www.pressenza.com\/es\/2017\/09\/ecuador-los-mecanismos-aseguren-mas-medios-comunitarios-deben-fortalecerse\/#breadcrumb"},"inLanguage":"es","potentialAction":[{"@type":"ReadAction","target":["https:\/\/www.pressenza.com\/es\/2017\/09\/ecuador-los-mecanismos-aseguren-mas-medios-comunitarios-deben-fortalecerse\/"]}]},{"@type":"ImageObject","inLanguage":"es","@id":"https:\/\/www.pressenza.com\/es\/2017\/09\/ecuador-los-mecanismos-aseguren-mas-medios-comunitarios-deben-fortalecerse\/#primaryimage","url":"https:\/\/www.pressenza.com\/wp-content\/uploads\/2017\/09\/20992706_1919976298219988_2789009077135057614_n.jpg","contentUrl":"https:\/\/www.pressenza.com\/wp-content\/uploads\/2017\/09\/20992706_1919976298219988_2789009077135057614_n.jpg","width":526,"height":526},{"@type":"BreadcrumbList","@id":"https:\/\/www.pressenza.com\/es\/2017\/09\/ecuador-los-mecanismos-aseguren-mas-medios-comunitarios-deben-fortalecerse\/#breadcrumb","itemListElement":[{"@type":"ListItem","position":1,"name":"Accueil","item":"https:\/\/www.pressenza.com\/es\/"},{"@type":"ListItem","position":2,"name":"Ecuador: los mecanismos que aseguren m\u00e1s medios comunitarios, deben fortalecerse"}]},{"@type":"WebSite","@id":"https:\/\/www.pressenza.com\/es\/#website","url":"https:\/\/www.pressenza.com\/es\/","name":"Pressenza","description":"International Press Agency","publisher":{"@id":"https:\/\/www.pressenza.com\/es\/#organization"},"potentialAction":[{"@type":"SearchAction","target":{"@type":"EntryPoint","urlTemplate":"https:\/\/www.pressenza.com\/es\/?s={search_term_string}"},"query-input":{"@type":"PropertyValueSpecification","valueRequired":true,"valueName":"search_term_string"}}],"inLanguage":"es"},{"@type":"Organization","@id":"https:\/\/www.pressenza.com\/es\/#organization","name":"Pressenza","url":"https:\/\/www.pressenza.com\/es\/","logo":{"@type":"ImageObject","inLanguage":"es","@id":"https:\/\/www.pressenza.com\/es\/#\/schema\/logo\/image\/","url":"https:\/\/www.pressenza.com\/wp-content\/uploads\/2022\/10\/pressenza_logo_200x200.jpg","contentUrl":"https:\/\/www.pressenza.com\/wp-content\/uploads\/2022\/10\/pressenza_logo_200x200.jpg","width":200,"height":200,"caption":"Pressenza"},"image":{"@id":"https:\/\/www.pressenza.com\/es\/#\/schema\/logo\/image\/"},"sameAs":["https:\/\/www.facebook.com\/PressenzaItalia","https:\/\/x.com\/PressenzaIPA"]},{"@type":"Person","@id":"https:\/\/www.pressenza.com\/es\/#\/schema\/person\/31cae0e550f3778fecef9502073e2e88","name":"Rossana A. Cede\u00f1o","description":"Ecuatoriana, estudiante de Comunicaci\u00f3n Social, locutora de Latitud Noviolenta, redactora, autodidacta, en el camino del humanismo y activista por la noviolencia.","sameAs":["https:\/\/x.com\/Rossan82"],"url":"https:\/\/www.pressenza.com\/es\/author\/rossana-ayabaca\/"}]}},"place":"Quito, Ecuador","original_article_url":"","_links":{"self":[{"href":"https:\/\/www.pressenza.com\/es\/wp-json\/wp\/v2\/posts\/519986","targetHints":{"allow":["GET"]}}],"collection":[{"href":"https:\/\/www.pressenza.com\/es\/wp-json\/wp\/v2\/posts"}],"about":[{"href":"https:\/\/www.pressenza.com\/es\/wp-json\/wp\/v2\/types\/post"}],"author":[{"embeddable":true,"href":"https:\/\/www.pressenza.com\/es\/wp-json\/wp\/v2\/users\/1319"}],"replies":[{"embeddable":true,"href":"https:\/\/www.pressenza.com\/es\/wp-json\/wp\/v2\/comments?post=519986"}],"version-history":[{"count":0,"href":"https:\/\/www.pressenza.com\/es\/wp-json\/wp\/v2\/posts\/519986\/revisions"}],"wp:featuredmedia":[{"embeddable":true,"href":"https:\/\/www.pressenza.com\/es\/wp-json\/wp\/v2\/media\/520007"}],"wp:attachment":[{"href":"https:\/\/www.pressenza.com\/es\/wp-json\/wp\/v2\/media?parent=519986"}],"wp:term":[{"taxonomy":"category","embeddable":true,"href":"https:\/\/www.pressenza.com\/es\/wp-json\/wp\/v2\/categories?post=519986"},{"taxonomy":"post_tag","embeddable":true,"href":"https:\/\/www.pressenza.com\/es\/wp-json\/wp\/v2\/tags?post=519986"}],"curies":[{"name":"wp","href":"https:\/\/api.w.org\/{rel}","templated":true}]}}