{"id":519955,"date":"2017-09-18T03:00:14","date_gmt":"2017-09-18T02:00:14","guid":{"rendered":"https:\/\/www.pressenza.com\/?p=519955\/"},"modified":"2017-09-18T03:07:29","modified_gmt":"2017-09-18T02:07:29","slug":"raul-florcita-alarcon-me-decidi-vivir-los-100-anos-esta-candidatura-forma-parte-mis-proyectos","status":"publish","type":"post","link":"https:\/\/www.pressenza.com\/es\/2017\/09\/raul-florcita-alarcon-me-decidi-vivir-los-100-anos-esta-candidatura-forma-parte-mis-proyectos\/","title":{"rendered":"Ra\u00fal Florcita Alarc\u00f3n: \u00abMe decid\u00ed a vivir hasta los 100 a\u00f1os y esta candidatura forma parte de mis proyectos\u00bb"},"content":{"rendered":"<div>Entrevistamos a Ra\u00fal Florcita Alarc\u00f3n, actual candidato humanista del Frente Amplio, que postula por Curic\u00f3 a un sill\u00f3n en el Parlamento. Con s\u00f3lo verlo, siempre tan energ\u00e9tico y sonriente, se me vienen a la memoria muchas situaciones caracterizadas por su coraje pol\u00edtico y su ingenio musical, desde que se presentara vestido con un smoking y banda presidencial en el Festival de Vi\u00f1a en tiempos de Pinochet, hasta las innumerables veces que durante la campa\u00f1a por el NO en el Plebiscito nos hiciera cantar y bailar su famoso \u00abVals del No\u00bb para superar el temor, pasando por la campa\u00f1a a diputado que hiciera en Villarrica y tantas otras odiseas en las que lo he visto participar con un fuerte compromiso pol\u00edtico e intuici\u00f3n asombrosa de lo que el momento requiere.<\/div>\n<div><\/div>\n<div><strong>Pressenza: \u00bfC\u00f3mo percibes el momento actual?<\/strong><\/div>\n<div>\n<p><strong><strong>Ra\u00fal Florcita Alarc\u00f3n: <\/strong><\/strong>Siento este momento caracterizado por una fuerte<em> transparencia, <\/em>a tal punto que hay personas que\u00a0 <em>ya no quieren saber m\u00e1s, <\/em>pues no saben como evitar la violencia que les produce toda esa informaci\u00f3n. Saber que es el dinero lo \u00fanico que gu\u00eda el planeta, es constatar que\u00a0<em>no est\u00e1 el ser humano a cargo de su futuro<\/em>. Lo \u00fanico que puede dar pautas interesantes es <em>aferrarse a una nueva m\u00edstica espiritual <\/em>en donde el \u00abconjunto cualifique al individuo\u00bb pero <em>no cualquier conjunto. <\/em>Es el conjunto que va silenciosamente creciendo como la respuesta a un \u00abpedido profundo\u00bb del ser humano sencillo, como una \u00abllamarada silenciosa\u00bb que est\u00e1 creciendo, \u00abno es lo politico\u00bb, es \u00ablo espiritual\u00bb desde donde nos da entusiasmo declarar para todos \u00abpaz fuerza y alegr\u00eda\u00bb.<\/p>\n<\/div>\n<div><strong>Pressenza: <span class=\"im\">\u00bfCrees que la indiferencia que ha mantenido al 64% de los chilenos ausentes de los \u00faltimos procesos de votaci\u00f3n ser\u00e1 remecida ahora de alg\u00fan modo y concurrir\u00e1 un n\u00famero mayor de personas a votar?<\/span><\/strong><\/div>\n<div><strong><span class=\"im\"><br \/>\n<\/span><\/strong><strong>Ra\u00fal Florcita:\u00a0<\/strong>Eso suceder\u00e1 en la medida en que a \u00ablo pol\u00edtico\u00bb se le presenten fuertes briznas de inspiraci\u00f3n y que los pol\u00edticos puedan creativamente proyectar un futuro amable y bondadoso. Si es as\u00ed, se entusiasmar\u00e1n corazones y de esa manera se pueden despertar \u00abvotantes adormecidos\u00bb y producir un real impacto. Depende de que tambi\u00e9n nuestro Frente Amplio tenga una relaci\u00f3n interna respetuosa de los conjuntos y tambi\u00e9n de los individuos que se expresen de una forma no habitual, consiguiendo tambi\u00e9n internamente esta misma din\u00e1mica.<\/div>\n<div><\/div>\n<div><strong>Pressenza: <span class=\"im\">\u00bfQu\u00e9 esperanzas ha despertado el Frente Amplio y qu\u00e9 posibilidades ves de que la candidata presidencial, Beatriz S\u00e1nchez, pase a la segunda vuelta?<\/span><\/strong><\/div>\n<div><\/div>\n<div><strong>Ra\u00fal Florcita:<\/strong> Una muy \u00a0buena posibilidad en la figura de una mujer desconocedora de la \u00abmala forma de hacer pol\u00edtica\u00bb y con un fuerte impulso de frescura y energ\u00eda, que propone un poderoso futuro, con grandes posibilidades de contagiar internamente inclusive a nuestros \u00abpol\u00edticos\u00bb y los convierta realmente en <em>nuevos pol\u00edticos<\/em> y a los chilenos desilusionados, los ponga frente a una <em>nueva oportunidad de apertura de futuros radiantes!<\/em><\/div>\n<div><\/div>\n<div><strong>Pressenza: <span class=\"im\">\u00bfDe qu\u00e9 manera est\u00e1s enfocando tu campa\u00f1a y despleg\u00e1ndote en tu territorio natal para llegar al Parlamento?<\/span><\/strong><\/div>\n<div><strong><span class=\"im\"><br \/>\n<\/span><\/strong><strong>Ra\u00fal Florcita:<\/strong> Se est\u00e1 iniciando el contacto por medio de redes de Internet para ir entibiando la campa\u00f1a y en un tiempito m\u00e1s <em>aparecer por esas tierras<\/em> con grupos importantes de comandos j\u00f3venes y entusiastas y, con esa jovialidad y energ\u00eda, llegar saludando <em>\u00a1Paz, Fuerza y Alegr\u00eda para todos!<\/em><\/div>\n<div>\n<p><strong>Pressenza: <span class=\"im\">\u00bfQu\u00e9 significado tiene para t\u00ed presentarte justamente por el lugar donde naciste y creciste?<\/span><\/strong><\/p>\n<div><strong>Ra\u00fal Florcita:<\/strong>Tiene una fuerte componente de re-encuentro con mi infancia y mi juventud de estudiante en la Escuela n\u00ba 1, despu\u00e9s en mi querida Escuela Normal de Curic\u00f3 de donde nos recibimos muchos j\u00f3venes profesores del Maule. Encontrar tambi\u00e9n mis inicios art\u00edsticos con mi madre como \u00abuna gu\u00eda poderosa\u00bb y recordando tambi\u00e9n mis primeros inicios a \u00ablo espiritual\u00bb en los grupos de j\u00f3venes que eramos entonces seguidores del catolicismo, aunque de ello conservo la m\u00edstica que agradezco de los curas Villal\u00f3n y Mansi, que yo admiraba aunque ya no participo de aquella iglesia. <em>En general una experiencia que, adem\u00e1s, yo necesito completar.<\/em><\/div>\n<\/div>\n<div><\/div>\n<div><strong>Pressenza: <\/strong><span class=\"im\"><strong>Si eres elegido Diputado, \u00bfcu\u00e1les son para t\u00ed los proyectos m\u00e1s importantes a impulsar?<\/strong><\/span><\/div>\n<div><span class=\"im\"><br \/>\n<\/span><\/p>\n<div><strong>Ra\u00fal Florcita:<\/strong> Est\u00e1 clar\u00edsimo, impulsar\u00e9 el conjunto de leyes que proponemos como Frente Amplio, es decir, <em>No+AFP, Asamblea Constituyente, Ley de aguas, recuperar el cobre<\/em>, etc&#8230; y adem\u00e1s me gustar\u00eda agregar otras leyes que propuso el pre-candidato Alberto Mayol que tambi\u00e9n me parecen muy interesantes como por ejemplo, la construcci\u00f3n de un Tren a trav\u00e9s de todo el pa\u00eds como una ley impulsada en la direcci\u00f3n \u00aben contra del centralismo\u00bb y tambi\u00e9n aquella que permita expropiar el 20% de empresas estrat\u00e9gicas, lo cual inhibir\u00e1 las probables \u00abcolusiones\u00bb y la \u00abevasi\u00f3n\u00bb de impuestos frente a un sistema de leyes intencionadamente ineficaces como controles.<\/div>\n<\/div>\n<div><\/div>\n<div><strong>Pressenza: <span class=\"im\">\u00bfQu\u00e9 te inspira en esta en\u00e9sima aventura, qu\u00e9 te da toda esa energ\u00eda que despliegas?<\/span><\/strong><\/div>\n<div><\/div>\n<div><strong>Ra\u00fal Florcita:\u00a0<\/strong>Estas \u00faltimas semanas hice una canci\u00f3n para el cumplea\u00f1os 103 del antipoeta chileno Nicanor Parra, llamada \u00ab<em>A Nicanor le gusta vivir, le gusta crear, le gusta escribir&#8230;poes\u00eda&#8230;A Nicanor 100 a\u00f1os viviendo, en la artesan\u00eda cu\u00e1ntica de la palabra<\/em>\u00ab. Te paso el link, as\u00ed lo publicas: <a href=\"https:\/\/soundcloud.com\/florcita-motuda\/nicanor-le-gusta-vivir-legusta-crear-le-gusta-escribir-poesia-final-final\" target=\"_blank\" rel=\"noopener noreferrer\" data-saferedirecturl=\"https:\/\/www.google.com\/url?hl=es&amp;q=https:\/\/soundcloud.com\/florcita-motuda\/nicanor-le-gusta-vivir-legusta-crear-le-gusta-escribir-poesia-final-final&amp;source=gmail&amp;ust=1505775450046000&amp;usg=AFQjCNEzvY7dHjL6fNOF3C8mTsnLkD6X0g\">https:\/\/soundcloud.com\/florcita-motuda\/nicanor-le-gusta-vivir-legusta-crear-le-gusta-escribir-poesia-final-final<\/a>\u00a0 Este reconocimiento a la vida del poeta me desaf\u00edo a seguir sus pasos, entonces, <em>me decid\u00ed<\/em> <em>tambi\u00e9n a vivir hasta los 100<\/em> <em>a\u00f1os,<\/em> y esta candidatura tambi\u00e9n forma parte de los proyectos a realizar en esa temporalidad. Por supuesto tambi\u00e9n seguir con nuevas canciones, que algunos amigos conocen como \u00ab<em>oraciones radiactivas cantadas para involucrar ateos en los pedidos espirituales<\/em>\u00bb\u00a0 a los cuales \u00a0 \u00abalgunos ateos\u00bb nos sentimos con derecho. Me declaro totalmente responsable de este nuevo desaf\u00edo, de <em>vivir hasta los 100 a\u00f1os<\/em>, con paz, fuerza y alegr\u00eda.<\/div>\n<div>\n<div><\/div>\n<div>\n<div class=\"yj6qo ajU\">\n<div id=\":m8\" class=\"ajR\" tabindex=\"0\" data-tooltip=\"Mostrar contenido reducido\"><img decoding=\"async\" class=\"ajT\" src=\"https:\/\/ssl.gstatic.com\/ui\/v1\/icons\/mail\/images\/cleardot.gif\" \/><\/div>\n<\/div>\n<\/div>\n<\/div>\n<div><\/div>\n<div><\/div>\n<div><\/div>\n<div><\/div>\n<div><\/div>\n<div><\/div>\n<p>&nbsp;<\/p>\n","protected":false},"excerpt":{"rendered":"<p>Entrevistamos a Ra\u00fal Florcita Alarc\u00f3n, actual candidato humanista del Frente Amplio, que postula por Curic\u00f3 a un sill\u00f3n en el Parlamento. Con s\u00f3lo verlo, siempre tan energ\u00e9tico y sonriente, se me vienen a la memoria muchas situaciones caracterizadas por su&hellip;<\/p>\n","protected":false},"author":22,"featured_media":519957,"comment_status":"closed","ping_status":"closed","sticky":false,"template":"","format":"standard","meta":{"footnotes":""},"categories":[11389,155,74,67],"tags":[35915,38213,40307,40306],"class_list":["post-519955","post","type-post","status-publish","format-standard","has-post-thumbnail","hentry","category-contenido-original","category-entrevistas","category-politica-es","category-sudamerica","tag-beatriz-sanchez","tag-frente-amplio","tag-nicanor-parra","tag-raul-florcita-alarcon"],"yoast_head":"<!-- This site is optimized with the Yoast SEO plugin v27.1.1 - https:\/\/yoast.com\/product\/yoast-seo-wordpress\/ -->\n<title>Ra\u00fal Florcita Alarc\u00f3n: &quot;Me decid\u00ed a vivir hasta los 100 a\u00f1os y esta candidatura forma parte de mis proyectos&quot;<\/title>\n<meta name=\"description\" content=\"Entrevistamos a Ra\u00fal Florcita Alarc\u00f3n, actual candidato humanista del Frente Amplio, que postula por Curic\u00f3 a un sill\u00f3n en el Parlamento. Con s\u00f3lo verlo,\" \/>\n<meta name=\"robots\" content=\"index, follow, max-snippet:-1, max-image-preview:large, max-video-preview:-1\" \/>\n<link rel=\"canonical\" href=\"https:\/\/www.pressenza.com\/es\/2017\/09\/raul-florcita-alarcon-me-decidi-vivir-los-100-anos-esta-candidatura-forma-parte-mis-proyectos\/\" \/>\n<meta property=\"og:locale\" content=\"es_ES\" \/>\n<meta property=\"og:type\" content=\"article\" \/>\n<meta property=\"og:title\" content=\"Ra\u00fal Florcita Alarc\u00f3n: &quot;Me decid\u00ed a vivir hasta los 100 a\u00f1os y esta candidatura forma parte de mis proyectos&quot;\" \/>\n<meta property=\"og:description\" content=\"Entrevistamos a Ra\u00fal Florcita Alarc\u00f3n, actual candidato humanista del Frente Amplio, que postula por Curic\u00f3 a un sill\u00f3n en el Parlamento. Con s\u00f3lo verlo,\" \/>\n<meta property=\"og:url\" content=\"https:\/\/www.pressenza.com\/es\/2017\/09\/raul-florcita-alarcon-me-decidi-vivir-los-100-anos-esta-candidatura-forma-parte-mis-proyectos\/\" \/>\n<meta property=\"og:site_name\" content=\"Pressenza\" \/>\n<meta property=\"article:publisher\" content=\"https:\/\/www.facebook.com\/PressenzaItalia\" \/>\n<meta property=\"article:author\" content=\"https:\/\/www.facebook.com\/pia.figueroa?ref=tn_tnmn\" \/>\n<meta property=\"article:published_time\" content=\"2017-09-18T02:00:14+00:00\" \/>\n<meta property=\"article:modified_time\" content=\"2017-09-18T02:07:29+00:00\" \/>\n<meta property=\"og:image\" content=\"https:\/\/www.pressenza.com\/wp-content\/uploads\/2017\/09\/ra--l-florcita.jpg\" \/>\n\t<meta property=\"og:image:width\" content=\"720\" \/>\n\t<meta property=\"og:image:height\" content=\"540\" \/>\n\t<meta property=\"og:image:type\" content=\"image\/jpeg\" \/>\n<meta name=\"author\" content=\"P\u00eda Figueroa\" \/>\n<meta name=\"twitter:card\" content=\"summary_large_image\" \/>\n<meta name=\"twitter:creator\" content=\"@piafigueroa\" \/>\n<meta name=\"twitter:site\" content=\"@PressenzaIPA\" \/>\n<meta name=\"twitter:label1\" content=\"Escrito por\" \/>\n\t<meta name=\"twitter:data1\" content=\"P\u00eda Figueroa\" \/>\n\t<meta name=\"twitter:label2\" content=\"Tiempo de lectura\" \/>\n\t<meta name=\"twitter:data2\" content=\"5 minutos\" \/>\n<script type=\"application\/ld+json\" class=\"yoast-schema-graph\">{\"@context\":\"https:\/\/schema.org\",\"@graph\":[{\"@type\":\"Article\",\"@id\":\"https:\/\/www.pressenza.com\/es\/2017\/09\/raul-florcita-alarcon-me-decidi-vivir-los-100-anos-esta-candidatura-forma-parte-mis-proyectos\/#article\",\"isPartOf\":{\"@id\":\"https:\/\/www.pressenza.com\/es\/2017\/09\/raul-florcita-alarcon-me-decidi-vivir-los-100-anos-esta-candidatura-forma-parte-mis-proyectos\/\"},\"author\":{\"name\":\"P\u00eda Figueroa\",\"@id\":\"https:\/\/www.pressenza.com\/es\/#\/schema\/person\/8bb53ec73ef39ceec36ca0128a0ccd41\"},\"headline\":\"Ra\u00fal Florcita Alarc\u00f3n: \u00abMe decid\u00ed a vivir hasta los 100 a\u00f1os y esta candidatura forma parte de mis proyectos\u00bb\",\"datePublished\":\"2017-09-18T02:00:14+00:00\",\"dateModified\":\"2017-09-18T02:07:29+00:00\",\"mainEntityOfPage\":{\"@id\":\"https:\/\/www.pressenza.com\/es\/2017\/09\/raul-florcita-alarcon-me-decidi-vivir-los-100-anos-esta-candidatura-forma-parte-mis-proyectos\/\"},\"wordCount\":1040,\"publisher\":{\"@id\":\"https:\/\/www.pressenza.com\/es\/#organization\"},\"image\":{\"@id\":\"https:\/\/www.pressenza.com\/es\/2017\/09\/raul-florcita-alarcon-me-decidi-vivir-los-100-anos-esta-candidatura-forma-parte-mis-proyectos\/#primaryimage\"},\"thumbnailUrl\":\"https:\/\/www.pressenza.com\/wp-content\/uploads\/2017\/09\/ra--l-florcita.jpg\",\"keywords\":[\"Beatriz S\u00e1nchez\",\"Frente Amplio\",\"Nicanor Parra\",\"Ra\u00fal Florcita Alarc\u00f3n\"],\"articleSection\":[\"Contenido Original\",\"Entrevistas\",\"Pol\u00edtica\",\"Sudam\u00e9rica\"],\"inLanguage\":\"es\"},{\"@type\":\"WebPage\",\"@id\":\"https:\/\/www.pressenza.com\/es\/2017\/09\/raul-florcita-alarcon-me-decidi-vivir-los-100-anos-esta-candidatura-forma-parte-mis-proyectos\/\",\"url\":\"https:\/\/www.pressenza.com\/es\/2017\/09\/raul-florcita-alarcon-me-decidi-vivir-los-100-anos-esta-candidatura-forma-parte-mis-proyectos\/\",\"name\":\"Ra\u00fal Florcita Alarc\u00f3n: \\\"Me decid\u00ed a vivir hasta los 100 a\u00f1os y esta candidatura forma parte de mis proyectos\\\"\",\"isPartOf\":{\"@id\":\"https:\/\/www.pressenza.com\/es\/#website\"},\"primaryImageOfPage\":{\"@id\":\"https:\/\/www.pressenza.com\/es\/2017\/09\/raul-florcita-alarcon-me-decidi-vivir-los-100-anos-esta-candidatura-forma-parte-mis-proyectos\/#primaryimage\"},\"image\":{\"@id\":\"https:\/\/www.pressenza.com\/es\/2017\/09\/raul-florcita-alarcon-me-decidi-vivir-los-100-anos-esta-candidatura-forma-parte-mis-proyectos\/#primaryimage\"},\"thumbnailUrl\":\"https:\/\/www.pressenza.com\/wp-content\/uploads\/2017\/09\/ra--l-florcita.jpg\",\"datePublished\":\"2017-09-18T02:00:14+00:00\",\"dateModified\":\"2017-09-18T02:07:29+00:00\",\"description\":\"Entrevistamos a Ra\u00fal Florcita Alarc\u00f3n, actual candidato humanista del Frente Amplio, que postula por Curic\u00f3 a un sill\u00f3n en el Parlamento. Con s\u00f3lo verlo,\",\"breadcrumb\":{\"@id\":\"https:\/\/www.pressenza.com\/es\/2017\/09\/raul-florcita-alarcon-me-decidi-vivir-los-100-anos-esta-candidatura-forma-parte-mis-proyectos\/#breadcrumb\"},\"inLanguage\":\"es\",\"potentialAction\":[{\"@type\":\"ReadAction\",\"target\":[\"https:\/\/www.pressenza.com\/es\/2017\/09\/raul-florcita-alarcon-me-decidi-vivir-los-100-anos-esta-candidatura-forma-parte-mis-proyectos\/\"]}]},{\"@type\":\"ImageObject\",\"inLanguage\":\"es\",\"@id\":\"https:\/\/www.pressenza.com\/es\/2017\/09\/raul-florcita-alarcon-me-decidi-vivir-los-100-anos-esta-candidatura-forma-parte-mis-proyectos\/#primaryimage\",\"url\":\"https:\/\/www.pressenza.com\/wp-content\/uploads\/2017\/09\/ra--l-florcita.jpg\",\"contentUrl\":\"https:\/\/www.pressenza.com\/wp-content\/uploads\/2017\/09\/ra--l-florcita.jpg\",\"width\":720,\"height\":540},{\"@type\":\"BreadcrumbList\",\"@id\":\"https:\/\/www.pressenza.com\/es\/2017\/09\/raul-florcita-alarcon-me-decidi-vivir-los-100-anos-esta-candidatura-forma-parte-mis-proyectos\/#breadcrumb\",\"itemListElement\":[{\"@type\":\"ListItem\",\"position\":1,\"name\":\"Accueil\",\"item\":\"https:\/\/www.pressenza.com\/es\/\"},{\"@type\":\"ListItem\",\"position\":2,\"name\":\"Ra\u00fal Florcita Alarc\u00f3n: \u00abMe decid\u00ed a vivir hasta los 100 a\u00f1os y esta candidatura forma parte de mis proyectos\u00bb\"}]},{\"@type\":\"WebSite\",\"@id\":\"https:\/\/www.pressenza.com\/es\/#website\",\"url\":\"https:\/\/www.pressenza.com\/es\/\",\"name\":\"Pressenza\",\"description\":\"International Press Agency\",\"publisher\":{\"@id\":\"https:\/\/www.pressenza.com\/es\/#organization\"},\"potentialAction\":[{\"@type\":\"SearchAction\",\"target\":{\"@type\":\"EntryPoint\",\"urlTemplate\":\"https:\/\/www.pressenza.com\/es\/?s={search_term_string}\"},\"query-input\":{\"@type\":\"PropertyValueSpecification\",\"valueRequired\":true,\"valueName\":\"search_term_string\"}}],\"inLanguage\":\"es\"},{\"@type\":\"Organization\",\"@id\":\"https:\/\/www.pressenza.com\/es\/#organization\",\"name\":\"Pressenza\",\"url\":\"https:\/\/www.pressenza.com\/es\/\",\"logo\":{\"@type\":\"ImageObject\",\"inLanguage\":\"es\",\"@id\":\"https:\/\/www.pressenza.com\/es\/#\/schema\/logo\/image\/\",\"url\":\"https:\/\/www.pressenza.com\/wp-content\/uploads\/2022\/10\/pressenza_logo_200x200.jpg\",\"contentUrl\":\"https:\/\/www.pressenza.com\/wp-content\/uploads\/2022\/10\/pressenza_logo_200x200.jpg\",\"width\":200,\"height\":200,\"caption\":\"Pressenza\"},\"image\":{\"@id\":\"https:\/\/www.pressenza.com\/es\/#\/schema\/logo\/image\/\"},\"sameAs\":[\"https:\/\/www.facebook.com\/PressenzaItalia\",\"https:\/\/x.com\/PressenzaIPA\"]},{\"@type\":\"Person\",\"@id\":\"https:\/\/www.pressenza.com\/es\/#\/schema\/person\/8bb53ec73ef39ceec36ca0128a0ccd41\",\"name\":\"P\u00eda Figueroa\",\"description\":\"Founder of Pressenza, life-long humanist, author of several monographs and books.\",\"sameAs\":[\"https:\/\/www.facebook.com\/pia.figueroa?ref=tn_tnmn\",\"https:\/\/x.com\/piafigueroa\"],\"url\":\"https:\/\/www.pressenza.com\/es\/author\/pia-figueroa\/\"}]}<\/script>\n<!-- \/ Yoast SEO plugin. -->","yoast_head_json":{"title":"Ra\u00fal Florcita Alarc\u00f3n: \"Me decid\u00ed a vivir hasta los 100 a\u00f1os y esta candidatura forma parte de mis proyectos\"","description":"Entrevistamos a Ra\u00fal Florcita Alarc\u00f3n, actual candidato humanista del Frente Amplio, que postula por Curic\u00f3 a un sill\u00f3n en el Parlamento. Con s\u00f3lo verlo,","robots":{"index":"index","follow":"follow","max-snippet":"max-snippet:-1","max-image-preview":"max-image-preview:large","max-video-preview":"max-video-preview:-1"},"canonical":"https:\/\/www.pressenza.com\/es\/2017\/09\/raul-florcita-alarcon-me-decidi-vivir-los-100-anos-esta-candidatura-forma-parte-mis-proyectos\/","og_locale":"es_ES","og_type":"article","og_title":"Ra\u00fal Florcita Alarc\u00f3n: \"Me decid\u00ed a vivir hasta los 100 a\u00f1os y esta candidatura forma parte de mis proyectos\"","og_description":"Entrevistamos a Ra\u00fal Florcita Alarc\u00f3n, actual candidato humanista del Frente Amplio, que postula por Curic\u00f3 a un sill\u00f3n en el Parlamento. Con s\u00f3lo verlo,","og_url":"https:\/\/www.pressenza.com\/es\/2017\/09\/raul-florcita-alarcon-me-decidi-vivir-los-100-anos-esta-candidatura-forma-parte-mis-proyectos\/","og_site_name":"Pressenza","article_publisher":"https:\/\/www.facebook.com\/PressenzaItalia","article_author":"https:\/\/www.facebook.com\/pia.figueroa?ref=tn_tnmn","article_published_time":"2017-09-18T02:00:14+00:00","article_modified_time":"2017-09-18T02:07:29+00:00","og_image":[{"width":720,"height":540,"url":"https:\/\/www.pressenza.com\/wp-content\/uploads\/2017\/09\/ra--l-florcita.jpg","type":"image\/jpeg"}],"author":"P\u00eda Figueroa","twitter_card":"summary_large_image","twitter_creator":"@piafigueroa","twitter_site":"@PressenzaIPA","twitter_misc":{"Escrito por":"P\u00eda Figueroa","Tiempo de lectura":"5 minutos"},"schema":{"@context":"https:\/\/schema.org","@graph":[{"@type":"Article","@id":"https:\/\/www.pressenza.com\/es\/2017\/09\/raul-florcita-alarcon-me-decidi-vivir-los-100-anos-esta-candidatura-forma-parte-mis-proyectos\/#article","isPartOf":{"@id":"https:\/\/www.pressenza.com\/es\/2017\/09\/raul-florcita-alarcon-me-decidi-vivir-los-100-anos-esta-candidatura-forma-parte-mis-proyectos\/"},"author":{"name":"P\u00eda Figueroa","@id":"https:\/\/www.pressenza.com\/es\/#\/schema\/person\/8bb53ec73ef39ceec36ca0128a0ccd41"},"headline":"Ra\u00fal Florcita Alarc\u00f3n: \u00abMe decid\u00ed a vivir hasta los 100 a\u00f1os y esta candidatura forma parte de mis proyectos\u00bb","datePublished":"2017-09-18T02:00:14+00:00","dateModified":"2017-09-18T02:07:29+00:00","mainEntityOfPage":{"@id":"https:\/\/www.pressenza.com\/es\/2017\/09\/raul-florcita-alarcon-me-decidi-vivir-los-100-anos-esta-candidatura-forma-parte-mis-proyectos\/"},"wordCount":1040,"publisher":{"@id":"https:\/\/www.pressenza.com\/es\/#organization"},"image":{"@id":"https:\/\/www.pressenza.com\/es\/2017\/09\/raul-florcita-alarcon-me-decidi-vivir-los-100-anos-esta-candidatura-forma-parte-mis-proyectos\/#primaryimage"},"thumbnailUrl":"https:\/\/www.pressenza.com\/wp-content\/uploads\/2017\/09\/ra--l-florcita.jpg","keywords":["Beatriz S\u00e1nchez","Frente Amplio","Nicanor Parra","Ra\u00fal Florcita Alarc\u00f3n"],"articleSection":["Contenido Original","Entrevistas","Pol\u00edtica","Sudam\u00e9rica"],"inLanguage":"es"},{"@type":"WebPage","@id":"https:\/\/www.pressenza.com\/es\/2017\/09\/raul-florcita-alarcon-me-decidi-vivir-los-100-anos-esta-candidatura-forma-parte-mis-proyectos\/","url":"https:\/\/www.pressenza.com\/es\/2017\/09\/raul-florcita-alarcon-me-decidi-vivir-los-100-anos-esta-candidatura-forma-parte-mis-proyectos\/","name":"Ra\u00fal Florcita Alarc\u00f3n: \"Me decid\u00ed a vivir hasta los 100 a\u00f1os y esta candidatura forma parte de mis proyectos\"","isPartOf":{"@id":"https:\/\/www.pressenza.com\/es\/#website"},"primaryImageOfPage":{"@id":"https:\/\/www.pressenza.com\/es\/2017\/09\/raul-florcita-alarcon-me-decidi-vivir-los-100-anos-esta-candidatura-forma-parte-mis-proyectos\/#primaryimage"},"image":{"@id":"https:\/\/www.pressenza.com\/es\/2017\/09\/raul-florcita-alarcon-me-decidi-vivir-los-100-anos-esta-candidatura-forma-parte-mis-proyectos\/#primaryimage"},"thumbnailUrl":"https:\/\/www.pressenza.com\/wp-content\/uploads\/2017\/09\/ra--l-florcita.jpg","datePublished":"2017-09-18T02:00:14+00:00","dateModified":"2017-09-18T02:07:29+00:00","description":"Entrevistamos a Ra\u00fal Florcita Alarc\u00f3n, actual candidato humanista del Frente Amplio, que postula por Curic\u00f3 a un sill\u00f3n en el Parlamento. Con s\u00f3lo verlo,","breadcrumb":{"@id":"https:\/\/www.pressenza.com\/es\/2017\/09\/raul-florcita-alarcon-me-decidi-vivir-los-100-anos-esta-candidatura-forma-parte-mis-proyectos\/#breadcrumb"},"inLanguage":"es","potentialAction":[{"@type":"ReadAction","target":["https:\/\/www.pressenza.com\/es\/2017\/09\/raul-florcita-alarcon-me-decidi-vivir-los-100-anos-esta-candidatura-forma-parte-mis-proyectos\/"]}]},{"@type":"ImageObject","inLanguage":"es","@id":"https:\/\/www.pressenza.com\/es\/2017\/09\/raul-florcita-alarcon-me-decidi-vivir-los-100-anos-esta-candidatura-forma-parte-mis-proyectos\/#primaryimage","url":"https:\/\/www.pressenza.com\/wp-content\/uploads\/2017\/09\/ra--l-florcita.jpg","contentUrl":"https:\/\/www.pressenza.com\/wp-content\/uploads\/2017\/09\/ra--l-florcita.jpg","width":720,"height":540},{"@type":"BreadcrumbList","@id":"https:\/\/www.pressenza.com\/es\/2017\/09\/raul-florcita-alarcon-me-decidi-vivir-los-100-anos-esta-candidatura-forma-parte-mis-proyectos\/#breadcrumb","itemListElement":[{"@type":"ListItem","position":1,"name":"Accueil","item":"https:\/\/www.pressenza.com\/es\/"},{"@type":"ListItem","position":2,"name":"Ra\u00fal Florcita Alarc\u00f3n: \u00abMe decid\u00ed a vivir hasta los 100 a\u00f1os y esta candidatura forma parte de mis proyectos\u00bb"}]},{"@type":"WebSite","@id":"https:\/\/www.pressenza.com\/es\/#website","url":"https:\/\/www.pressenza.com\/es\/","name":"Pressenza","description":"International Press Agency","publisher":{"@id":"https:\/\/www.pressenza.com\/es\/#organization"},"potentialAction":[{"@type":"SearchAction","target":{"@type":"EntryPoint","urlTemplate":"https:\/\/www.pressenza.com\/es\/?s={search_term_string}"},"query-input":{"@type":"PropertyValueSpecification","valueRequired":true,"valueName":"search_term_string"}}],"inLanguage":"es"},{"@type":"Organization","@id":"https:\/\/www.pressenza.com\/es\/#organization","name":"Pressenza","url":"https:\/\/www.pressenza.com\/es\/","logo":{"@type":"ImageObject","inLanguage":"es","@id":"https:\/\/www.pressenza.com\/es\/#\/schema\/logo\/image\/","url":"https:\/\/www.pressenza.com\/wp-content\/uploads\/2022\/10\/pressenza_logo_200x200.jpg","contentUrl":"https:\/\/www.pressenza.com\/wp-content\/uploads\/2022\/10\/pressenza_logo_200x200.jpg","width":200,"height":200,"caption":"Pressenza"},"image":{"@id":"https:\/\/www.pressenza.com\/es\/#\/schema\/logo\/image\/"},"sameAs":["https:\/\/www.facebook.com\/PressenzaItalia","https:\/\/x.com\/PressenzaIPA"]},{"@type":"Person","@id":"https:\/\/www.pressenza.com\/es\/#\/schema\/person\/8bb53ec73ef39ceec36ca0128a0ccd41","name":"P\u00eda Figueroa","description":"Founder of Pressenza, life-long humanist, author of several monographs and books.","sameAs":["https:\/\/www.facebook.com\/pia.figueroa?ref=tn_tnmn","https:\/\/x.com\/piafigueroa"],"url":"https:\/\/www.pressenza.com\/es\/author\/pia-figueroa\/"}]}},"place":"Santiago de Chile","original_article_url":"","_links":{"self":[{"href":"https:\/\/www.pressenza.com\/es\/wp-json\/wp\/v2\/posts\/519955","targetHints":{"allow":["GET"]}}],"collection":[{"href":"https:\/\/www.pressenza.com\/es\/wp-json\/wp\/v2\/posts"}],"about":[{"href":"https:\/\/www.pressenza.com\/es\/wp-json\/wp\/v2\/types\/post"}],"author":[{"embeddable":true,"href":"https:\/\/www.pressenza.com\/es\/wp-json\/wp\/v2\/users\/22"}],"replies":[{"embeddable":true,"href":"https:\/\/www.pressenza.com\/es\/wp-json\/wp\/v2\/comments?post=519955"}],"version-history":[{"count":0,"href":"https:\/\/www.pressenza.com\/es\/wp-json\/wp\/v2\/posts\/519955\/revisions"}],"wp:featuredmedia":[{"embeddable":true,"href":"https:\/\/www.pressenza.com\/es\/wp-json\/wp\/v2\/media\/519957"}],"wp:attachment":[{"href":"https:\/\/www.pressenza.com\/es\/wp-json\/wp\/v2\/media?parent=519955"}],"wp:term":[{"taxonomy":"category","embeddable":true,"href":"https:\/\/www.pressenza.com\/es\/wp-json\/wp\/v2\/categories?post=519955"},{"taxonomy":"post_tag","embeddable":true,"href":"https:\/\/www.pressenza.com\/es\/wp-json\/wp\/v2\/tags?post=519955"}],"curies":[{"name":"wp","href":"https:\/\/api.w.org\/{rel}","templated":true}]}}