{"id":519133,"date":"2017-09-15T00:45:07","date_gmt":"2017-09-14T23:45:07","guid":{"rendered":"https:\/\/www.pressenza.com\/?p=519133\/"},"modified":"2017-09-15T00:45:07","modified_gmt":"2017-09-14T23:45:07","slug":"dia-empezamos-vivir-dentro-la-fabrica","status":"publish","type":"post","link":"https:\/\/www.pressenza.com\/es\/2017\/09\/dia-empezamos-vivir-dentro-la-fabrica\/","title":{"rendered":"\u00abDe un d\u00eda para otro, empezamos a vivir dentro de la f\u00e1brica\u00bb"},"content":{"rendered":"<p><strong>Trabajadores despedidos de la maderera M.A.M.: entrevista a V\u00edctor P\u00e9rez.<\/strong><\/p>\n<p>Newenken, territorio mapuche.- V\u00edctor se cri\u00f3 sin mam\u00e1. Comenz\u00f3 a trabajar desde muy chico como vendedor ambulante. A los 9 ya recorr\u00eda las calles de Neuqu\u00e9n ofreciendo medias, relojes, ojotas y alfajores. Pas\u00f3 poco m\u00e1s de diez a\u00f1os haciendo lo mismo, rebusc\u00e1ndoselas como pod\u00eda, hasta que ingres\u00f3, a los 20 a\u00f1os, a Maderas al Mundo (M.A.M).<\/p>\n<p>El cambio fue esperado y notable. A los dos a\u00f1os, de ingresar en la maderera, V\u00edctor se compr\u00f3 un terreno, al quinto a\u00f1o ya hab\u00eda construido su casa y estaba viviendo en ella, junto a su compa\u00f1era y tres de sus cuatro hijos. \u00a1V\u00edctor tuvo que pasar 7 a\u00f1os sin tomarse vacaciones para lograr el sue\u00f1o de la casa y la familia! Pr\u00e1cticamente V\u00edctor construy\u00f3 su hogar s\u00f3lo con la ayuda de su padre. \u201cEn la parte donde viv\u00edamos no llegaba el gas. Ten\u00edamos una salamandra y yo llevaba la le\u00f1a de ac\u00e1\u201d. Pero el hijo mayor de V\u00edctor naci\u00f3 con problemas card\u00edacos, y ya no pudieron calefaccionarse con le\u00f1a.<\/p>\n<p>Hoy, con 45 a\u00f1os, V\u00edctor va a ser abuelo. Su hijo menor va a tener una nena, que se va a llamar Alumin\u00e9. Pero V\u00edctor no se encuentra en el mejor momento: \u201cvoy a ser abuelo y en este momento deber\u00eda estar dando una mano a mi hijo, y estoy ac\u00e1 en la f\u00e1brica\u201d. Con la f\u00e1brica detenida, V\u00edctor y sus compa\u00f1eros han resignificado el tiempo y el espacio de trabajo: \u00a0\u201cDe un d\u00eda para otro empezamos a vivir dentro de la f\u00e1brica; con mis compa\u00f1eros, que est\u00e1bamos ocho horas, ahora estamos casi 24 por d\u00eda\u201d. Antes los trabajadores intu\u00edan que M.A.M. era parte de su casa. Hoy V\u00edctor lo confirma y lo extiende hacia su espacio familiar: \u201cun d\u00eda los encontr\u00e9 a todos juntos y les dije que \u00e9sto no lo iba a entregar as\u00ed\u00a0de f\u00e1cil, que entendieran que yo no iba a estar en la casa por esta lucha\u201d. \u00a1V\u00edctor ha dejado la vida y un poco m\u00e1s dentro de la f\u00e1brica!<\/p>\n<p>Durante 23 a\u00f1os, entre la harina y la resina del sector de prensado, V\u00edctor mov\u00eda 300 kilos de peso por d\u00eda -m\u00e1s el peso de las maderas ya prensadas-. \u00a1V\u00edctor porta en su cuerpo, como un tatuaje, la huella que ha dejado el trabajo sobre su cuerpo! V\u00edctor tiene la columna desviada y le detectaron dos hernias de disco. Sin embargo, hoy se cumplen 60 d\u00edas desde que Gustavo Bergese -con apoyo del Estado provincial- dej\u00f3 sin trabajo a V\u00edctor, a su familia y a 93 familias m\u00e1s.<\/p>\n<p>Esta entrevista no es una entrevista que pretenda sensibilizar a los posibles empleadores \u2013 victimarios, sino m\u00e1s bien, resulta un documento necesario que debe ser le\u00eddo por todos los trabajadores y las trabajadoras que en este momento est\u00e9n atravesando -o cerca de estar en- situaciones similares a lo largo del pa\u00eds. La consciencia de clase se puede heredar, o puede ser el resultado del empoderamiento de los trabajadores durante la pr\u00e1ctica y la elaboraci\u00f3n de respuestas frente a las imposiciones acaparadoras e individualistas del patr\u00f3n. La lucha de V\u00edctor y la de sus compa\u00f1eros y compa\u00f1eras es un ejemplo de ello.<\/p>\n<p><a href=\"https:\/\/periferiasitio.wordpress.com\/2017\/09\/03\/de-un-dia-para-otro-empezamos-a-vivir-dentro-de-la-fabrica\/\" target=\"_blank\" rel=\"noopener noreferrer\">Seguir leyendo<\/a><\/p>\n","protected":false},"excerpt":{"rendered":"<p>Trabajadores despedidos de la maderera M.A.M.: entrevista a V\u00edctor P\u00e9rez. Newenken, territorio mapuche.- V\u00edctor se cri\u00f3 sin mam\u00e1. Comenz\u00f3 a trabajar desde muy chico como vendedor ambulante. A los 9 ya recorr\u00eda las calles de Neuqu\u00e9n ofreciendo medias, relojes, ojotas&hellip;<\/p>\n","protected":false},"author":1372,"featured_media":519134,"comment_status":"closed","ping_status":"closed","sticky":false,"template":"","format":"standard","meta":{"footnotes":""},"categories":[79,155,67],"tags":[26,3361,40263,40262,18997],"class_list":["post-519133","post","type-post","status-publish","format-standard","has-post-thumbnail","hentry","category-derechos-humanos","category-entrevistas","category-sudamerica","tag-argentina","tag-desempleo","tag-maderera","tag-mam","tag-neuquen"],"yoast_head":"<!-- This site is optimized with the Yoast SEO plugin v27.1.1 - https:\/\/yoast.com\/product\/yoast-seo-wordpress\/ -->\n<title>&quot;De un d\u00eda para otro, empezamos a vivir dentro de la f\u00e1brica&quot;<\/title>\n<meta name=\"description\" content=\"Trabajadores despedidos de la maderera M.A.M.: entrevista a V\u00edctor P\u00e9rez. Newenken, territorio mapuche.- V\u00edctor se cri\u00f3 sin mam\u00e1. Comenz\u00f3 a trabajar desde\" \/>\n<meta name=\"robots\" content=\"index, follow, max-snippet:-1, max-image-preview:large, max-video-preview:-1\" \/>\n<link rel=\"canonical\" href=\"https:\/\/www.pressenza.com\/es\/2017\/09\/dia-empezamos-vivir-dentro-la-fabrica\/\" \/>\n<meta property=\"og:locale\" content=\"es_ES\" \/>\n<meta property=\"og:type\" content=\"article\" \/>\n<meta property=\"og:title\" content=\"&quot;De un d\u00eda para otro, empezamos a vivir dentro de la f\u00e1brica&quot;\" \/>\n<meta property=\"og:description\" content=\"Trabajadores despedidos de la maderera M.A.M.: entrevista a V\u00edctor P\u00e9rez. Newenken, territorio mapuche.- V\u00edctor se cri\u00f3 sin mam\u00e1. Comenz\u00f3 a trabajar desde\" \/>\n<meta property=\"og:url\" content=\"https:\/\/www.pressenza.com\/es\/2017\/09\/dia-empezamos-vivir-dentro-la-fabrica\/\" \/>\n<meta property=\"og:site_name\" content=\"Pressenza\" \/>\n<meta property=\"article:publisher\" content=\"https:\/\/www.facebook.com\/PressenzaItalia\" \/>\n<meta property=\"article:published_time\" content=\"2017-09-14T23:45:07+00:00\" \/>\n<meta property=\"og:image\" content=\"https:\/\/www.pressenza.com\/wp-content\/uploads\/2017\/09\/Victor-GF.jpg\" \/>\n\t<meta property=\"og:image:width\" content=\"1024\" \/>\n\t<meta property=\"og:image:height\" content=\"680\" \/>\n\t<meta property=\"og:image:type\" content=\"image\/jpeg\" \/>\n<meta name=\"author\" content=\"Gustavo Figueroa\" \/>\n<meta name=\"twitter:card\" content=\"summary_large_image\" \/>\n<meta name=\"twitter:creator\" content=\"@PressenzaIPA\" \/>\n<meta name=\"twitter:site\" content=\"@PressenzaIPA\" \/>\n<meta name=\"twitter:label1\" content=\"Escrito por\" \/>\n\t<meta name=\"twitter:data1\" content=\"Gustavo Figueroa\" \/>\n\t<meta name=\"twitter:label2\" content=\"Tiempo de lectura\" \/>\n\t<meta name=\"twitter:data2\" content=\"3 minutos\" \/>\n<script type=\"application\/ld+json\" class=\"yoast-schema-graph\">{\"@context\":\"https:\/\/schema.org\",\"@graph\":[{\"@type\":\"Article\",\"@id\":\"https:\/\/www.pressenza.com\/es\/2017\/09\/dia-empezamos-vivir-dentro-la-fabrica\/#article\",\"isPartOf\":{\"@id\":\"https:\/\/www.pressenza.com\/es\/2017\/09\/dia-empezamos-vivir-dentro-la-fabrica\/\"},\"author\":{\"name\":\"Gustavo Figueroa\",\"@id\":\"https:\/\/www.pressenza.com\/es\/#\/schema\/person\/dacb21ffbce19b7d40c5abc14b6efc88\"},\"headline\":\"\u00abDe un d\u00eda para otro, empezamos a vivir dentro de la f\u00e1brica\u00bb\",\"datePublished\":\"2017-09-14T23:45:07+00:00\",\"mainEntityOfPage\":{\"@id\":\"https:\/\/www.pressenza.com\/es\/2017\/09\/dia-empezamos-vivir-dentro-la-fabrica\/\"},\"wordCount\":610,\"publisher\":{\"@id\":\"https:\/\/www.pressenza.com\/es\/#organization\"},\"image\":{\"@id\":\"https:\/\/www.pressenza.com\/es\/2017\/09\/dia-empezamos-vivir-dentro-la-fabrica\/#primaryimage\"},\"thumbnailUrl\":\"https:\/\/www.pressenza.com\/wp-content\/uploads\/2017\/09\/Victor-GF.jpg\",\"keywords\":[\"Argentina\",\"desempleo\",\"maderera\",\"MAM\",\"Neuqu\u00e9n\"],\"articleSection\":[\"Derechos Humanos\",\"Entrevistas\",\"Sudam\u00e9rica\"],\"inLanguage\":\"es\"},{\"@type\":\"WebPage\",\"@id\":\"https:\/\/www.pressenza.com\/es\/2017\/09\/dia-empezamos-vivir-dentro-la-fabrica\/\",\"url\":\"https:\/\/www.pressenza.com\/es\/2017\/09\/dia-empezamos-vivir-dentro-la-fabrica\/\",\"name\":\"\\\"De un d\u00eda para otro, empezamos a vivir dentro de la f\u00e1brica\\\"\",\"isPartOf\":{\"@id\":\"https:\/\/www.pressenza.com\/es\/#website\"},\"primaryImageOfPage\":{\"@id\":\"https:\/\/www.pressenza.com\/es\/2017\/09\/dia-empezamos-vivir-dentro-la-fabrica\/#primaryimage\"},\"image\":{\"@id\":\"https:\/\/www.pressenza.com\/es\/2017\/09\/dia-empezamos-vivir-dentro-la-fabrica\/#primaryimage\"},\"thumbnailUrl\":\"https:\/\/www.pressenza.com\/wp-content\/uploads\/2017\/09\/Victor-GF.jpg\",\"datePublished\":\"2017-09-14T23:45:07+00:00\",\"description\":\"Trabajadores despedidos de la maderera M.A.M.: entrevista a V\u00edctor P\u00e9rez. Newenken, territorio mapuche.- V\u00edctor se cri\u00f3 sin mam\u00e1. Comenz\u00f3 a trabajar desde\",\"breadcrumb\":{\"@id\":\"https:\/\/www.pressenza.com\/es\/2017\/09\/dia-empezamos-vivir-dentro-la-fabrica\/#breadcrumb\"},\"inLanguage\":\"es\",\"potentialAction\":[{\"@type\":\"ReadAction\",\"target\":[\"https:\/\/www.pressenza.com\/es\/2017\/09\/dia-empezamos-vivir-dentro-la-fabrica\/\"]}]},{\"@type\":\"ImageObject\",\"inLanguage\":\"es\",\"@id\":\"https:\/\/www.pressenza.com\/es\/2017\/09\/dia-empezamos-vivir-dentro-la-fabrica\/#primaryimage\",\"url\":\"https:\/\/www.pressenza.com\/wp-content\/uploads\/2017\/09\/Victor-GF.jpg\",\"contentUrl\":\"https:\/\/www.pressenza.com\/wp-content\/uploads\/2017\/09\/Victor-GF.jpg\",\"width\":1024,\"height\":680},{\"@type\":\"BreadcrumbList\",\"@id\":\"https:\/\/www.pressenza.com\/es\/2017\/09\/dia-empezamos-vivir-dentro-la-fabrica\/#breadcrumb\",\"itemListElement\":[{\"@type\":\"ListItem\",\"position\":1,\"name\":\"Accueil\",\"item\":\"https:\/\/www.pressenza.com\/es\/\"},{\"@type\":\"ListItem\",\"position\":2,\"name\":\"\u00abDe un d\u00eda para otro, empezamos a vivir dentro de la f\u00e1brica\u00bb\"}]},{\"@type\":\"WebSite\",\"@id\":\"https:\/\/www.pressenza.com\/es\/#website\",\"url\":\"https:\/\/www.pressenza.com\/es\/\",\"name\":\"Pressenza\",\"description\":\"International Press Agency\",\"publisher\":{\"@id\":\"https:\/\/www.pressenza.com\/es\/#organization\"},\"potentialAction\":[{\"@type\":\"SearchAction\",\"target\":{\"@type\":\"EntryPoint\",\"urlTemplate\":\"https:\/\/www.pressenza.com\/es\/?s={search_term_string}\"},\"query-input\":{\"@type\":\"PropertyValueSpecification\",\"valueRequired\":true,\"valueName\":\"search_term_string\"}}],\"inLanguage\":\"es\"},{\"@type\":\"Organization\",\"@id\":\"https:\/\/www.pressenza.com\/es\/#organization\",\"name\":\"Pressenza\",\"url\":\"https:\/\/www.pressenza.com\/es\/\",\"logo\":{\"@type\":\"ImageObject\",\"inLanguage\":\"es\",\"@id\":\"https:\/\/www.pressenza.com\/es\/#\/schema\/logo\/image\/\",\"url\":\"https:\/\/www.pressenza.com\/wp-content\/uploads\/2022\/10\/pressenza_logo_200x200.jpg\",\"contentUrl\":\"https:\/\/www.pressenza.com\/wp-content\/uploads\/2022\/10\/pressenza_logo_200x200.jpg\",\"width\":200,\"height\":200,\"caption\":\"Pressenza\"},\"image\":{\"@id\":\"https:\/\/www.pressenza.com\/es\/#\/schema\/logo\/image\/\"},\"sameAs\":[\"https:\/\/www.facebook.com\/PressenzaItalia\",\"https:\/\/x.com\/PressenzaIPA\"]},{\"@type\":\"Person\",\"@id\":\"https:\/\/www.pressenza.com\/es\/#\/schema\/person\/dacb21ffbce19b7d40c5abc14b6efc88\",\"name\":\"Gustavo Figueroa\",\"description\":\"Gustavo Figueroa (1985). Periodista, documentalista, fot\u00f3grafo. Vive en Neuqu\u00e9n. Se interesa especialmente por temas relativos a pueblos originarios y derechos humanos. Es miembro del Equipo de Educadores Interculturales del Puel Mapu.\",\"sameAs\":[\"https:\/\/periferiasitio.wordpress.com\/\"],\"url\":\"https:\/\/www.pressenza.com\/es\/author\/gustavo-figueroa\/\"}]}<\/script>\n<!-- \/ Yoast SEO plugin. -->","yoast_head_json":{"title":"\"De un d\u00eda para otro, empezamos a vivir dentro de la f\u00e1brica\"","description":"Trabajadores despedidos de la maderera M.A.M.: entrevista a V\u00edctor P\u00e9rez. Newenken, territorio mapuche.- V\u00edctor se cri\u00f3 sin mam\u00e1. Comenz\u00f3 a trabajar desde","robots":{"index":"index","follow":"follow","max-snippet":"max-snippet:-1","max-image-preview":"max-image-preview:large","max-video-preview":"max-video-preview:-1"},"canonical":"https:\/\/www.pressenza.com\/es\/2017\/09\/dia-empezamos-vivir-dentro-la-fabrica\/","og_locale":"es_ES","og_type":"article","og_title":"\"De un d\u00eda para otro, empezamos a vivir dentro de la f\u00e1brica\"","og_description":"Trabajadores despedidos de la maderera M.A.M.: entrevista a V\u00edctor P\u00e9rez. Newenken, territorio mapuche.- V\u00edctor se cri\u00f3 sin mam\u00e1. Comenz\u00f3 a trabajar desde","og_url":"https:\/\/www.pressenza.com\/es\/2017\/09\/dia-empezamos-vivir-dentro-la-fabrica\/","og_site_name":"Pressenza","article_publisher":"https:\/\/www.facebook.com\/PressenzaItalia","article_published_time":"2017-09-14T23:45:07+00:00","og_image":[{"width":1024,"height":680,"url":"https:\/\/www.pressenza.com\/wp-content\/uploads\/2017\/09\/Victor-GF.jpg","type":"image\/jpeg"}],"author":"Gustavo Figueroa","twitter_card":"summary_large_image","twitter_creator":"@PressenzaIPA","twitter_site":"@PressenzaIPA","twitter_misc":{"Escrito por":"Gustavo Figueroa","Tiempo de lectura":"3 minutos"},"schema":{"@context":"https:\/\/schema.org","@graph":[{"@type":"Article","@id":"https:\/\/www.pressenza.com\/es\/2017\/09\/dia-empezamos-vivir-dentro-la-fabrica\/#article","isPartOf":{"@id":"https:\/\/www.pressenza.com\/es\/2017\/09\/dia-empezamos-vivir-dentro-la-fabrica\/"},"author":{"name":"Gustavo Figueroa","@id":"https:\/\/www.pressenza.com\/es\/#\/schema\/person\/dacb21ffbce19b7d40c5abc14b6efc88"},"headline":"\u00abDe un d\u00eda para otro, empezamos a vivir dentro de la f\u00e1brica\u00bb","datePublished":"2017-09-14T23:45:07+00:00","mainEntityOfPage":{"@id":"https:\/\/www.pressenza.com\/es\/2017\/09\/dia-empezamos-vivir-dentro-la-fabrica\/"},"wordCount":610,"publisher":{"@id":"https:\/\/www.pressenza.com\/es\/#organization"},"image":{"@id":"https:\/\/www.pressenza.com\/es\/2017\/09\/dia-empezamos-vivir-dentro-la-fabrica\/#primaryimage"},"thumbnailUrl":"https:\/\/www.pressenza.com\/wp-content\/uploads\/2017\/09\/Victor-GF.jpg","keywords":["Argentina","desempleo","maderera","MAM","Neuqu\u00e9n"],"articleSection":["Derechos Humanos","Entrevistas","Sudam\u00e9rica"],"inLanguage":"es"},{"@type":"WebPage","@id":"https:\/\/www.pressenza.com\/es\/2017\/09\/dia-empezamos-vivir-dentro-la-fabrica\/","url":"https:\/\/www.pressenza.com\/es\/2017\/09\/dia-empezamos-vivir-dentro-la-fabrica\/","name":"\"De un d\u00eda para otro, empezamos a vivir dentro de la f\u00e1brica\"","isPartOf":{"@id":"https:\/\/www.pressenza.com\/es\/#website"},"primaryImageOfPage":{"@id":"https:\/\/www.pressenza.com\/es\/2017\/09\/dia-empezamos-vivir-dentro-la-fabrica\/#primaryimage"},"image":{"@id":"https:\/\/www.pressenza.com\/es\/2017\/09\/dia-empezamos-vivir-dentro-la-fabrica\/#primaryimage"},"thumbnailUrl":"https:\/\/www.pressenza.com\/wp-content\/uploads\/2017\/09\/Victor-GF.jpg","datePublished":"2017-09-14T23:45:07+00:00","description":"Trabajadores despedidos de la maderera M.A.M.: entrevista a V\u00edctor P\u00e9rez. Newenken, territorio mapuche.- V\u00edctor se cri\u00f3 sin mam\u00e1. Comenz\u00f3 a trabajar desde","breadcrumb":{"@id":"https:\/\/www.pressenza.com\/es\/2017\/09\/dia-empezamos-vivir-dentro-la-fabrica\/#breadcrumb"},"inLanguage":"es","potentialAction":[{"@type":"ReadAction","target":["https:\/\/www.pressenza.com\/es\/2017\/09\/dia-empezamos-vivir-dentro-la-fabrica\/"]}]},{"@type":"ImageObject","inLanguage":"es","@id":"https:\/\/www.pressenza.com\/es\/2017\/09\/dia-empezamos-vivir-dentro-la-fabrica\/#primaryimage","url":"https:\/\/www.pressenza.com\/wp-content\/uploads\/2017\/09\/Victor-GF.jpg","contentUrl":"https:\/\/www.pressenza.com\/wp-content\/uploads\/2017\/09\/Victor-GF.jpg","width":1024,"height":680},{"@type":"BreadcrumbList","@id":"https:\/\/www.pressenza.com\/es\/2017\/09\/dia-empezamos-vivir-dentro-la-fabrica\/#breadcrumb","itemListElement":[{"@type":"ListItem","position":1,"name":"Accueil","item":"https:\/\/www.pressenza.com\/es\/"},{"@type":"ListItem","position":2,"name":"\u00abDe un d\u00eda para otro, empezamos a vivir dentro de la f\u00e1brica\u00bb"}]},{"@type":"WebSite","@id":"https:\/\/www.pressenza.com\/es\/#website","url":"https:\/\/www.pressenza.com\/es\/","name":"Pressenza","description":"International Press Agency","publisher":{"@id":"https:\/\/www.pressenza.com\/es\/#organization"},"potentialAction":[{"@type":"SearchAction","target":{"@type":"EntryPoint","urlTemplate":"https:\/\/www.pressenza.com\/es\/?s={search_term_string}"},"query-input":{"@type":"PropertyValueSpecification","valueRequired":true,"valueName":"search_term_string"}}],"inLanguage":"es"},{"@type":"Organization","@id":"https:\/\/www.pressenza.com\/es\/#organization","name":"Pressenza","url":"https:\/\/www.pressenza.com\/es\/","logo":{"@type":"ImageObject","inLanguage":"es","@id":"https:\/\/www.pressenza.com\/es\/#\/schema\/logo\/image\/","url":"https:\/\/www.pressenza.com\/wp-content\/uploads\/2022\/10\/pressenza_logo_200x200.jpg","contentUrl":"https:\/\/www.pressenza.com\/wp-content\/uploads\/2022\/10\/pressenza_logo_200x200.jpg","width":200,"height":200,"caption":"Pressenza"},"image":{"@id":"https:\/\/www.pressenza.com\/es\/#\/schema\/logo\/image\/"},"sameAs":["https:\/\/www.facebook.com\/PressenzaItalia","https:\/\/x.com\/PressenzaIPA"]},{"@type":"Person","@id":"https:\/\/www.pressenza.com\/es\/#\/schema\/person\/dacb21ffbce19b7d40c5abc14b6efc88","name":"Gustavo Figueroa","description":"Gustavo Figueroa (1985). Periodista, documentalista, fot\u00f3grafo. Vive en Neuqu\u00e9n. Se interesa especialmente por temas relativos a pueblos originarios y derechos humanos. Es miembro del Equipo de Educadores Interculturales del Puel Mapu.","sameAs":["https:\/\/periferiasitio.wordpress.com\/"],"url":"https:\/\/www.pressenza.com\/es\/author\/gustavo-figueroa\/"}]}},"place":"Neuqu\u00e9n, Argentina","original_article_url":"https:\/\/periferiasitio.wordpress.com\/2017\/09\/03\/de-un-dia-para-otro-empezamos-a-vivir-dentro-de-la-fabrica\/?#","_links":{"self":[{"href":"https:\/\/www.pressenza.com\/es\/wp-json\/wp\/v2\/posts\/519133","targetHints":{"allow":["GET"]}}],"collection":[{"href":"https:\/\/www.pressenza.com\/es\/wp-json\/wp\/v2\/posts"}],"about":[{"href":"https:\/\/www.pressenza.com\/es\/wp-json\/wp\/v2\/types\/post"}],"author":[{"embeddable":true,"href":"https:\/\/www.pressenza.com\/es\/wp-json\/wp\/v2\/users\/1372"}],"replies":[{"embeddable":true,"href":"https:\/\/www.pressenza.com\/es\/wp-json\/wp\/v2\/comments?post=519133"}],"version-history":[{"count":0,"href":"https:\/\/www.pressenza.com\/es\/wp-json\/wp\/v2\/posts\/519133\/revisions"}],"wp:featuredmedia":[{"embeddable":true,"href":"https:\/\/www.pressenza.com\/es\/wp-json\/wp\/v2\/media\/519134"}],"wp:attachment":[{"href":"https:\/\/www.pressenza.com\/es\/wp-json\/wp\/v2\/media?parent=519133"}],"wp:term":[{"taxonomy":"category","embeddable":true,"href":"https:\/\/www.pressenza.com\/es\/wp-json\/wp\/v2\/categories?post=519133"},{"taxonomy":"post_tag","embeddable":true,"href":"https:\/\/www.pressenza.com\/es\/wp-json\/wp\/v2\/tags?post=519133"}],"curies":[{"name":"wp","href":"https:\/\/api.w.org\/{rel}","templated":true}]}}