{"id":519113,"date":"2017-09-14T23:39:09","date_gmt":"2017-09-14T22:39:09","guid":{"rendered":"https:\/\/www.pressenza.com\/?p=519113\/"},"modified":"2017-09-14T23:39:09","modified_gmt":"2017-09-14T22:39:09","slug":"iniciaron-conversaciones-entre-gobierno-y-oposicion-venezolana-en-republica-dominicana","status":"publish","type":"post","link":"https:\/\/www.pressenza.com\/es\/2017\/09\/iniciaron-conversaciones-entre-gobierno-y-oposicion-venezolana-en-republica-dominicana\/","title":{"rendered":"Iniciaron conversaciones entre gobierno y oposici\u00f3n venezolana en Rep\u00fablica Dominicana"},"content":{"rendered":"<p>Este mi\u00e9rcoles, luego de gestiones realizadas por el gobierno de Rep\u00fablica Dominicana y el exhorto al di\u00e1logo del Secretario General de Naciones Unidas, Antonio Guterres, se realiz\u00f3 la primer reuni\u00f3n entre representantes del gobierno venezolano y la oposici\u00f3n con miras a llegar a acuerdos de convivencia pol\u00edtica en la naci\u00f3n caribe\u00f1a.<\/p>\n<p>El presidente Maduro salud\u00f3 la iniciativa comentando que su gobierno quiere consolidar la paz a trav\u00e9s del di\u00e1logo, tal como lo ha expresado en repetidas oportunidades.<\/p>\n<p>Por su parte, la oposici\u00f3n nucleada en la MUD, emiti\u00f3 una declaraci\u00f3n de prensa en la cual, pese a mostrarse renuente a retomar el di\u00e1logo sin que se cumplan sus exigencias, indic\u00f3 que enviar\u00eda una delegaci\u00f3n a Rep\u00fablica Dominicana.<\/p>\n<p>El columnista de Pressenza Javier Tolcachier analiz\u00f3 en su columna #DespensaRegional por Radio La Ranchada la importante oportunidad que se abre para la consolidaci\u00f3n de la paz en Venezuela y en la regi\u00f3n toda.<br \/>\n<iframe loading=\"lazy\" style=\"border: none; overflow: hidden;\" src=\"https:\/\/web.facebook.com\/plugins\/video.php?href=https%3A%2F%2Fweb.facebook.com%2Fradiolaranchada%2Fvideos%2F1402975783084517%2F&amp;show_text=0&amp;width=288\" width=\"288\" height=\"476\" frameborder=\"0\" scrolling=\"no\" allowfullscreen=\"allowfullscreen\"><\/iframe><\/p>\n","protected":false},"excerpt":{"rendered":"<p>Este mi\u00e9rcoles, luego de gestiones realizadas por el gobierno de Rep\u00fablica Dominicana y el exhorto al di\u00e1logo del Secretario General de Naciones Unidas, Antonio Guterres, se realiz\u00f3 la primer reuni\u00f3n entre representantes del gobierno venezolano y la oposici\u00f3n con miras&hellip;<\/p>\n","protected":false},"author":970,"featured_media":519123,"comment_status":"closed","ping_status":"closed","sticky":false,"template":"","format":"standard","meta":{"footnotes":""},"categories":[11389,1243,74,22754,67],"tags":[3665,3974,20092,419,3883],"class_list":["post-519113","post","type-post","status-publish","format-standard","has-post-thumbnail","hentry","category-contenido-original","category-paz-desarme","category-politica-es","category-radio-es","category-sudamerica","tag-dialogo","tag-maduro","tag-oposicion","tag-paz","tag-venezuela-es"],"yoast_head":"<!-- This site is optimized with the Yoast SEO plugin v27.1.1 - https:\/\/yoast.com\/product\/yoast-seo-wordpress\/ -->\n<title>Iniciaron conversaciones entre gobierno y oposici\u00f3n venezolana en Rep\u00fablica Dominicana<\/title>\n<meta name=\"description\" content=\"Este mi\u00e9rcoles, luego de gestiones realizadas por el gobierno de Rep\u00fablica Dominicana y el exhorto al di\u00e1logo del Secretario General de Naciones Unidas,\" \/>\n<meta name=\"robots\" content=\"index, follow, max-snippet:-1, max-image-preview:large, max-video-preview:-1\" \/>\n<link rel=\"canonical\" href=\"https:\/\/www.pressenza.com\/es\/2017\/09\/iniciaron-conversaciones-entre-gobierno-y-oposicion-venezolana-en-republica-dominicana\/\" \/>\n<meta property=\"og:locale\" content=\"es_ES\" \/>\n<meta property=\"og:type\" content=\"article\" \/>\n<meta property=\"og:title\" content=\"Iniciaron conversaciones entre gobierno y oposici\u00f3n venezolana en Rep\u00fablica Dominicana\" \/>\n<meta property=\"og:description\" content=\"Este mi\u00e9rcoles, luego de gestiones realizadas por el gobierno de Rep\u00fablica Dominicana y el exhorto al di\u00e1logo del Secretario General de Naciones Unidas,\" \/>\n<meta property=\"og:url\" content=\"https:\/\/www.pressenza.com\/es\/2017\/09\/iniciaron-conversaciones-entre-gobierno-y-oposicion-venezolana-en-republica-dominicana\/\" \/>\n<meta property=\"og:site_name\" content=\"Pressenza\" \/>\n<meta property=\"article:publisher\" content=\"https:\/\/www.facebook.com\/PressenzaItalia\" \/>\n<meta property=\"article:author\" content=\"https:\/\/www.facebook.com\/javier.tolcachier?fref=ts\" \/>\n<meta property=\"article:published_time\" content=\"2017-09-14T22:39:09+00:00\" \/>\n<meta property=\"og:image\" content=\"https:\/\/www.pressenza.com\/wp-content\/uploads\/2017\/09\/dixlogo_venezuela_madeleingarcxa_telesur.jpg\" \/>\n\t<meta property=\"og:image:width\" content=\"700\" \/>\n\t<meta property=\"og:image:height\" content=\"395\" \/>\n\t<meta property=\"og:image:type\" content=\"image\/jpeg\" \/>\n<meta name=\"author\" content=\"Javier Tolcachier\" \/>\n<meta name=\"twitter:card\" content=\"summary_large_image\" \/>\n<meta name=\"twitter:creator\" content=\"@jtolcachier\" \/>\n<meta name=\"twitter:site\" content=\"@PressenzaIPA\" \/>\n<meta name=\"twitter:label1\" content=\"Escrito por\" \/>\n\t<meta name=\"twitter:data1\" content=\"Javier Tolcachier\" \/>\n\t<meta name=\"twitter:label2\" content=\"Tiempo de lectura\" \/>\n\t<meta name=\"twitter:data2\" content=\"1 minuto\" \/>\n<script type=\"application\/ld+json\" class=\"yoast-schema-graph\">{\"@context\":\"https:\/\/schema.org\",\"@graph\":[{\"@type\":\"Article\",\"@id\":\"https:\/\/www.pressenza.com\/es\/2017\/09\/iniciaron-conversaciones-entre-gobierno-y-oposicion-venezolana-en-republica-dominicana\/#article\",\"isPartOf\":{\"@id\":\"https:\/\/www.pressenza.com\/es\/2017\/09\/iniciaron-conversaciones-entre-gobierno-y-oposicion-venezolana-en-republica-dominicana\/\"},\"author\":{\"name\":\"Javier Tolcachier\",\"@id\":\"https:\/\/www.pressenza.com\/es\/#\/schema\/person\/f353f6d4eed144101dedba60e6227564\"},\"headline\":\"Iniciaron conversaciones entre gobierno y oposici\u00f3n venezolana en Rep\u00fablica Dominicana\",\"datePublished\":\"2017-09-14T22:39:09+00:00\",\"mainEntityOfPage\":{\"@id\":\"https:\/\/www.pressenza.com\/es\/2017\/09\/iniciaron-conversaciones-entre-gobierno-y-oposicion-venezolana-en-republica-dominicana\/\"},\"wordCount\":180,\"publisher\":{\"@id\":\"https:\/\/www.pressenza.com\/es\/#organization\"},\"image\":{\"@id\":\"https:\/\/www.pressenza.com\/es\/2017\/09\/iniciaron-conversaciones-entre-gobierno-y-oposicion-venezolana-en-republica-dominicana\/#primaryimage\"},\"thumbnailUrl\":\"https:\/\/www.pressenza.com\/wp-content\/uploads\/2017\/09\/dixlogo_venezuela_madeleingarcxa_telesur.jpg\",\"keywords\":[\"di\u00e1logo\",\"Maduro\",\"oposici\u00f3n\",\"Paz\",\"Venezuela\"],\"articleSection\":[\"Contenido Original\",\"Paz y Desarme\",\"Pol\u00edtica\",\"Radio\",\"Sudam\u00e9rica\"],\"inLanguage\":\"es\"},{\"@type\":\"WebPage\",\"@id\":\"https:\/\/www.pressenza.com\/es\/2017\/09\/iniciaron-conversaciones-entre-gobierno-y-oposicion-venezolana-en-republica-dominicana\/\",\"url\":\"https:\/\/www.pressenza.com\/es\/2017\/09\/iniciaron-conversaciones-entre-gobierno-y-oposicion-venezolana-en-republica-dominicana\/\",\"name\":\"Iniciaron conversaciones entre gobierno y oposici\u00f3n venezolana en Rep\u00fablica Dominicana\",\"isPartOf\":{\"@id\":\"https:\/\/www.pressenza.com\/es\/#website\"},\"primaryImageOfPage\":{\"@id\":\"https:\/\/www.pressenza.com\/es\/2017\/09\/iniciaron-conversaciones-entre-gobierno-y-oposicion-venezolana-en-republica-dominicana\/#primaryimage\"},\"image\":{\"@id\":\"https:\/\/www.pressenza.com\/es\/2017\/09\/iniciaron-conversaciones-entre-gobierno-y-oposicion-venezolana-en-republica-dominicana\/#primaryimage\"},\"thumbnailUrl\":\"https:\/\/www.pressenza.com\/wp-content\/uploads\/2017\/09\/dixlogo_venezuela_madeleingarcxa_telesur.jpg\",\"datePublished\":\"2017-09-14T22:39:09+00:00\",\"description\":\"Este mi\u00e9rcoles, luego de gestiones realizadas por el gobierno de Rep\u00fablica Dominicana y el exhorto al di\u00e1logo del Secretario General de Naciones Unidas,\",\"breadcrumb\":{\"@id\":\"https:\/\/www.pressenza.com\/es\/2017\/09\/iniciaron-conversaciones-entre-gobierno-y-oposicion-venezolana-en-republica-dominicana\/#breadcrumb\"},\"inLanguage\":\"es\",\"potentialAction\":[{\"@type\":\"ReadAction\",\"target\":[\"https:\/\/www.pressenza.com\/es\/2017\/09\/iniciaron-conversaciones-entre-gobierno-y-oposicion-venezolana-en-republica-dominicana\/\"]}]},{\"@type\":\"ImageObject\",\"inLanguage\":\"es\",\"@id\":\"https:\/\/www.pressenza.com\/es\/2017\/09\/iniciaron-conversaciones-entre-gobierno-y-oposicion-venezolana-en-republica-dominicana\/#primaryimage\",\"url\":\"https:\/\/www.pressenza.com\/wp-content\/uploads\/2017\/09\/dixlogo_venezuela_madeleingarcxa_telesur.jpg\",\"contentUrl\":\"https:\/\/www.pressenza.com\/wp-content\/uploads\/2017\/09\/dixlogo_venezuela_madeleingarcxa_telesur.jpg\",\"width\":700,\"height\":395},{\"@type\":\"BreadcrumbList\",\"@id\":\"https:\/\/www.pressenza.com\/es\/2017\/09\/iniciaron-conversaciones-entre-gobierno-y-oposicion-venezolana-en-republica-dominicana\/#breadcrumb\",\"itemListElement\":[{\"@type\":\"ListItem\",\"position\":1,\"name\":\"Accueil\",\"item\":\"https:\/\/www.pressenza.com\/es\/\"},{\"@type\":\"ListItem\",\"position\":2,\"name\":\"Iniciaron conversaciones entre gobierno y oposici\u00f3n venezolana en Rep\u00fablica Dominicana\"}]},{\"@type\":\"WebSite\",\"@id\":\"https:\/\/www.pressenza.com\/es\/#website\",\"url\":\"https:\/\/www.pressenza.com\/es\/\",\"name\":\"Pressenza\",\"description\":\"International Press Agency\",\"publisher\":{\"@id\":\"https:\/\/www.pressenza.com\/es\/#organization\"},\"potentialAction\":[{\"@type\":\"SearchAction\",\"target\":{\"@type\":\"EntryPoint\",\"urlTemplate\":\"https:\/\/www.pressenza.com\/es\/?s={search_term_string}\"},\"query-input\":{\"@type\":\"PropertyValueSpecification\",\"valueRequired\":true,\"valueName\":\"search_term_string\"}}],\"inLanguage\":\"es\"},{\"@type\":\"Organization\",\"@id\":\"https:\/\/www.pressenza.com\/es\/#organization\",\"name\":\"Pressenza\",\"url\":\"https:\/\/www.pressenza.com\/es\/\",\"logo\":{\"@type\":\"ImageObject\",\"inLanguage\":\"es\",\"@id\":\"https:\/\/www.pressenza.com\/es\/#\/schema\/logo\/image\/\",\"url\":\"https:\/\/www.pressenza.com\/wp-content\/uploads\/2022\/10\/pressenza_logo_200x200.jpg\",\"contentUrl\":\"https:\/\/www.pressenza.com\/wp-content\/uploads\/2022\/10\/pressenza_logo_200x200.jpg\",\"width\":200,\"height\":200,\"caption\":\"Pressenza\"},\"image\":{\"@id\":\"https:\/\/www.pressenza.com\/es\/#\/schema\/logo\/image\/\"},\"sameAs\":[\"https:\/\/www.facebook.com\/PressenzaItalia\",\"https:\/\/x.com\/PressenzaIPA\"]},{\"@type\":\"Person\",\"@id\":\"https:\/\/www.pressenza.com\/es\/#\/schema\/person\/f353f6d4eed144101dedba60e6227564\",\"name\":\"Javier Tolcachier\",\"description\":\"Javier Tolcachier is a researcher from the World Centre of Humanist Studies, an organism of the Humanist Movement. Mail: javiertolcachier@disroot.org Twitter: @jtolcachier\",\"sameAs\":[\"https:\/\/www.facebook.com\/javier.tolcachier?fref=ts\",\"https:\/\/x.com\/jtolcachier\"],\"url\":\"https:\/\/www.pressenza.com\/es\/author\/javier-tolcachier\/\"}]}<\/script>\n<!-- \/ Yoast SEO plugin. -->","yoast_head_json":{"title":"Iniciaron conversaciones entre gobierno y oposici\u00f3n venezolana en Rep\u00fablica Dominicana","description":"Este mi\u00e9rcoles, luego de gestiones realizadas por el gobierno de Rep\u00fablica Dominicana y el exhorto al di\u00e1logo del Secretario General de Naciones Unidas,","robots":{"index":"index","follow":"follow","max-snippet":"max-snippet:-1","max-image-preview":"max-image-preview:large","max-video-preview":"max-video-preview:-1"},"canonical":"https:\/\/www.pressenza.com\/es\/2017\/09\/iniciaron-conversaciones-entre-gobierno-y-oposicion-venezolana-en-republica-dominicana\/","og_locale":"es_ES","og_type":"article","og_title":"Iniciaron conversaciones entre gobierno y oposici\u00f3n venezolana en Rep\u00fablica Dominicana","og_description":"Este mi\u00e9rcoles, luego de gestiones realizadas por el gobierno de Rep\u00fablica Dominicana y el exhorto al di\u00e1logo del Secretario General de Naciones Unidas,","og_url":"https:\/\/www.pressenza.com\/es\/2017\/09\/iniciaron-conversaciones-entre-gobierno-y-oposicion-venezolana-en-republica-dominicana\/","og_site_name":"Pressenza","article_publisher":"https:\/\/www.facebook.com\/PressenzaItalia","article_author":"https:\/\/www.facebook.com\/javier.tolcachier?fref=ts","article_published_time":"2017-09-14T22:39:09+00:00","og_image":[{"width":700,"height":395,"url":"https:\/\/www.pressenza.com\/wp-content\/uploads\/2017\/09\/dixlogo_venezuela_madeleingarcxa_telesur.jpg","type":"image\/jpeg"}],"author":"Javier Tolcachier","twitter_card":"summary_large_image","twitter_creator":"@jtolcachier","twitter_site":"@PressenzaIPA","twitter_misc":{"Escrito por":"Javier Tolcachier","Tiempo de lectura":"1 minuto"},"schema":{"@context":"https:\/\/schema.org","@graph":[{"@type":"Article","@id":"https:\/\/www.pressenza.com\/es\/2017\/09\/iniciaron-conversaciones-entre-gobierno-y-oposicion-venezolana-en-republica-dominicana\/#article","isPartOf":{"@id":"https:\/\/www.pressenza.com\/es\/2017\/09\/iniciaron-conversaciones-entre-gobierno-y-oposicion-venezolana-en-republica-dominicana\/"},"author":{"name":"Javier Tolcachier","@id":"https:\/\/www.pressenza.com\/es\/#\/schema\/person\/f353f6d4eed144101dedba60e6227564"},"headline":"Iniciaron conversaciones entre gobierno y oposici\u00f3n venezolana en Rep\u00fablica Dominicana","datePublished":"2017-09-14T22:39:09+00:00","mainEntityOfPage":{"@id":"https:\/\/www.pressenza.com\/es\/2017\/09\/iniciaron-conversaciones-entre-gobierno-y-oposicion-venezolana-en-republica-dominicana\/"},"wordCount":180,"publisher":{"@id":"https:\/\/www.pressenza.com\/es\/#organization"},"image":{"@id":"https:\/\/www.pressenza.com\/es\/2017\/09\/iniciaron-conversaciones-entre-gobierno-y-oposicion-venezolana-en-republica-dominicana\/#primaryimage"},"thumbnailUrl":"https:\/\/www.pressenza.com\/wp-content\/uploads\/2017\/09\/dixlogo_venezuela_madeleingarcxa_telesur.jpg","keywords":["di\u00e1logo","Maduro","oposici\u00f3n","Paz","Venezuela"],"articleSection":["Contenido Original","Paz y Desarme","Pol\u00edtica","Radio","Sudam\u00e9rica"],"inLanguage":"es"},{"@type":"WebPage","@id":"https:\/\/www.pressenza.com\/es\/2017\/09\/iniciaron-conversaciones-entre-gobierno-y-oposicion-venezolana-en-republica-dominicana\/","url":"https:\/\/www.pressenza.com\/es\/2017\/09\/iniciaron-conversaciones-entre-gobierno-y-oposicion-venezolana-en-republica-dominicana\/","name":"Iniciaron conversaciones entre gobierno y oposici\u00f3n venezolana en Rep\u00fablica Dominicana","isPartOf":{"@id":"https:\/\/www.pressenza.com\/es\/#website"},"primaryImageOfPage":{"@id":"https:\/\/www.pressenza.com\/es\/2017\/09\/iniciaron-conversaciones-entre-gobierno-y-oposicion-venezolana-en-republica-dominicana\/#primaryimage"},"image":{"@id":"https:\/\/www.pressenza.com\/es\/2017\/09\/iniciaron-conversaciones-entre-gobierno-y-oposicion-venezolana-en-republica-dominicana\/#primaryimage"},"thumbnailUrl":"https:\/\/www.pressenza.com\/wp-content\/uploads\/2017\/09\/dixlogo_venezuela_madeleingarcxa_telesur.jpg","datePublished":"2017-09-14T22:39:09+00:00","description":"Este mi\u00e9rcoles, luego de gestiones realizadas por el gobierno de Rep\u00fablica Dominicana y el exhorto al di\u00e1logo del Secretario General de Naciones Unidas,","breadcrumb":{"@id":"https:\/\/www.pressenza.com\/es\/2017\/09\/iniciaron-conversaciones-entre-gobierno-y-oposicion-venezolana-en-republica-dominicana\/#breadcrumb"},"inLanguage":"es","potentialAction":[{"@type":"ReadAction","target":["https:\/\/www.pressenza.com\/es\/2017\/09\/iniciaron-conversaciones-entre-gobierno-y-oposicion-venezolana-en-republica-dominicana\/"]}]},{"@type":"ImageObject","inLanguage":"es","@id":"https:\/\/www.pressenza.com\/es\/2017\/09\/iniciaron-conversaciones-entre-gobierno-y-oposicion-venezolana-en-republica-dominicana\/#primaryimage","url":"https:\/\/www.pressenza.com\/wp-content\/uploads\/2017\/09\/dixlogo_venezuela_madeleingarcxa_telesur.jpg","contentUrl":"https:\/\/www.pressenza.com\/wp-content\/uploads\/2017\/09\/dixlogo_venezuela_madeleingarcxa_telesur.jpg","width":700,"height":395},{"@type":"BreadcrumbList","@id":"https:\/\/www.pressenza.com\/es\/2017\/09\/iniciaron-conversaciones-entre-gobierno-y-oposicion-venezolana-en-republica-dominicana\/#breadcrumb","itemListElement":[{"@type":"ListItem","position":1,"name":"Accueil","item":"https:\/\/www.pressenza.com\/es\/"},{"@type":"ListItem","position":2,"name":"Iniciaron conversaciones entre gobierno y oposici\u00f3n venezolana en Rep\u00fablica Dominicana"}]},{"@type":"WebSite","@id":"https:\/\/www.pressenza.com\/es\/#website","url":"https:\/\/www.pressenza.com\/es\/","name":"Pressenza","description":"International Press Agency","publisher":{"@id":"https:\/\/www.pressenza.com\/es\/#organization"},"potentialAction":[{"@type":"SearchAction","target":{"@type":"EntryPoint","urlTemplate":"https:\/\/www.pressenza.com\/es\/?s={search_term_string}"},"query-input":{"@type":"PropertyValueSpecification","valueRequired":true,"valueName":"search_term_string"}}],"inLanguage":"es"},{"@type":"Organization","@id":"https:\/\/www.pressenza.com\/es\/#organization","name":"Pressenza","url":"https:\/\/www.pressenza.com\/es\/","logo":{"@type":"ImageObject","inLanguage":"es","@id":"https:\/\/www.pressenza.com\/es\/#\/schema\/logo\/image\/","url":"https:\/\/www.pressenza.com\/wp-content\/uploads\/2022\/10\/pressenza_logo_200x200.jpg","contentUrl":"https:\/\/www.pressenza.com\/wp-content\/uploads\/2022\/10\/pressenza_logo_200x200.jpg","width":200,"height":200,"caption":"Pressenza"},"image":{"@id":"https:\/\/www.pressenza.com\/es\/#\/schema\/logo\/image\/"},"sameAs":["https:\/\/www.facebook.com\/PressenzaItalia","https:\/\/x.com\/PressenzaIPA"]},{"@type":"Person","@id":"https:\/\/www.pressenza.com\/es\/#\/schema\/person\/f353f6d4eed144101dedba60e6227564","name":"Javier Tolcachier","description":"Javier Tolcachier is a researcher from the World Centre of Humanist Studies, an organism of the Humanist Movement. Mail: javiertolcachier@disroot.org Twitter: @jtolcachier","sameAs":["https:\/\/www.facebook.com\/javier.tolcachier?fref=ts","https:\/\/x.com\/jtolcachier"],"url":"https:\/\/www.pressenza.com\/es\/author\/javier-tolcachier\/"}]}},"place":"C\u00f3rdoba-Santo Domingo","original_article_url":"","_links":{"self":[{"href":"https:\/\/www.pressenza.com\/es\/wp-json\/wp\/v2\/posts\/519113","targetHints":{"allow":["GET"]}}],"collection":[{"href":"https:\/\/www.pressenza.com\/es\/wp-json\/wp\/v2\/posts"}],"about":[{"href":"https:\/\/www.pressenza.com\/es\/wp-json\/wp\/v2\/types\/post"}],"author":[{"embeddable":true,"href":"https:\/\/www.pressenza.com\/es\/wp-json\/wp\/v2\/users\/970"}],"replies":[{"embeddable":true,"href":"https:\/\/www.pressenza.com\/es\/wp-json\/wp\/v2\/comments?post=519113"}],"version-history":[{"count":0,"href":"https:\/\/www.pressenza.com\/es\/wp-json\/wp\/v2\/posts\/519113\/revisions"}],"wp:featuredmedia":[{"embeddable":true,"href":"https:\/\/www.pressenza.com\/es\/wp-json\/wp\/v2\/media\/519123"}],"wp:attachment":[{"href":"https:\/\/www.pressenza.com\/es\/wp-json\/wp\/v2\/media?parent=519113"}],"wp:term":[{"taxonomy":"category","embeddable":true,"href":"https:\/\/www.pressenza.com\/es\/wp-json\/wp\/v2\/categories?post=519113"},{"taxonomy":"post_tag","embeddable":true,"href":"https:\/\/www.pressenza.com\/es\/wp-json\/wp\/v2\/tags?post=519113"}],"curies":[{"name":"wp","href":"https:\/\/api.w.org\/{rel}","templated":true}]}}