{"id":51831,"date":"2013-05-13T23:48:05","date_gmt":"2013-05-13T22:48:05","guid":{"rendered":"http:\/\/www.pressenza.com\/?p=51831"},"modified":"2013-05-13T23:48:05","modified_gmt":"2013-05-13T22:48:05","slug":"la-gran-desilusion-de-los-que-creyeron-en-hollande","status":"publish","type":"post","link":"https:\/\/www.pressenza.com\/es\/2013\/05\/la-gran-desilusion-de-los-que-creyeron-en-hollande\/","title":{"rendered":"La gran desilusi\u00f3n de los que creyeron en Hollande"},"content":{"rendered":"<p style=\"text-align: justify;\">La desaprobaci\u00f3n al primer a\u00f1o de gobierno de Fran\u00e7ois Hollande no para de crecer en Francia, especialmente dentro del electorado de izquierda, que en su mayor\u00eda se declara decepcionado con el primero de los cinco a\u00f1os de mandato del socialista.<\/p>\n<p style=\"text-align: justify;\">\u00abHizo much\u00edsimas promesas y nada de eso fue respetado. Lo \u00fanico que respet\u00f3 fue hacer ley el matrimonio igualitario, que est\u00e1 muy bien, pero hay un mont\u00f3n de otras cosas quiz\u00e1s m\u00e1s necesarias frente a esta crisis econ\u00f3mica. Por eso me siento traicionado\u00bb, dijo a T\u00e9lam Emre Ogur, un trabajador de 28 a\u00f1os.<\/p>\n<p>\u00abVot\u00e9 por Hollande porque esperaba equidad en este pa\u00eds. Pero aumenta los impuestos a los ricos, y los ricos que forman parte de su gobierno evaden con cuentas millonarias en el extranjero. Es desilusionante comprobar que los pol\u00edticos carecen de credibilidad y rozan la hipocres\u00eda\u00bb, a\u00f1adi\u00f3 Ogur, de origen turco y empleado en un negocio de comidas r\u00e1pidas en el barrio de Belleville.<\/p>\n<p>Una encuesta publicada la semana pasada por el canal privado de noticia iT\u00e9l\u00e9 (realizada por TNS Sofres) mostr\u00f3 que el 76% de los electores socialistas en la elecci\u00f3n presidencial se declaran desilusionados por Hollande. Solo 15% aprueba el primero de sus cinco a\u00f1os de gesti\u00f3n.<\/p>\n<p>Sin embargo, la profesora de secundaria C\u00e9line Roth, de 36 a\u00f1os, afirma no sorprenderse del inicio de gesti\u00f3n del Partido Socialista (PS), que volvi\u00f3 al poder luego de la Presidencia del conservador Nicolas Sarkozy.<\/p>\n<p style=\"text-align: justify;\">\u00abNo esperaba nada, tem\u00eda que iba a ser as\u00ed pero creo me qued\u00e9 corta. Lo vot\u00e9 en las dos vueltas, pero fue un voto contra Sarkozy, no a favor suyo. Quer\u00eda que se termine ese modelo ultraconservador y nacionalista, por eso lo volver\u00eda a votar igual\u00bb, le dijo a T\u00e9lam Roth, quien lament\u00f3 que Hollande no haya respetado su promesa de darle prioridad a la educaci\u00f3n.<\/p>\n<p>\u00abSu reforma educativa es como parches colocados en una rueda de bicicleta gastada. Se necesitan reformas valientes y novedosas sin recortar constantemente los presupuestos, pero Hollande ya dilapid\u00f3 su caudal de confianza\u00bb, remarc\u00f3 la profesora de historia en un secundario de los suburbios de Par\u00eds.<\/p>\n<p>A dos d\u00edas de cumplir un a\u00f1o en el poder, la figura de Hollande es reprobada por el 76% de los franceses, quienes en una reciente encuesta publicada por el diario Le Parisien califican como \u00abnegativo\u00bb el balance de su gobierno, que finalizar\u00e1 en 2017.<\/p>\n<p>\u00abEn 2007 vot\u00e9 a Sarkozy y en 2012 a Hollande, y siento que, pese a que las formas son menos prepotentes, las pol\u00edticas que se aplican son las mismas\u00bb, le dijo a T\u00e9lam en el capitalino barrio de R\u00e9publique, el kiosquero Didier Dupont, de 51 a\u00f1os.<\/p>\n<p>Y precis\u00f3: \u00abEs lamentable admitir esto, pero hoy por hoy empiezo a identificarme con las propuestas de la extrema derecha, pese a no compartir su pensamiento sobre inmigraci\u00f3n y su antieurope\u00edsmo, Eso es preocupante, pues nunca los votar\u00eda, pero hay mucha gente que empieza a alejarse de los partidos tradicionales y coquetea con las propuestas de los partidos m\u00e1s extremistas\u00bb.<\/p>\n<p>Por su parte, el estudiante Christophe Le Cossec, nieto de resistentes comunistas a la ocupaci\u00f3n nazi durante la Segunda Guerra Mundial e hijo de un alcalde comunista en una ciudad de los suburbios parisinos, se \u00abindigna\u00bb ante lo que considera \u00abun tratamiento medi\u00e1tico injusto\u00bb y \u00absobredimensionado\u00bb frente a la gesti\u00f3n del presidente Hollande.<\/p>\n<p>\u00abEs verdad que Hollande y el PS ayudan a que le peguen de todos los sectores, pero recibe un tratamiento medi\u00e1tico injusto y sobredimensionado. Cuando Sarkozy o Jacques Chirac estaban en el poder los medios fueron por dem\u00e1s condescendientes\u00bb, expres\u00f3 Le Cossec, de 24 a\u00f1os y estudiante de sociolog\u00eda, que quiere \u00abmilitar por primera vez para frenar el ascenso de la ultraderecha\u00bb.<\/p>\n<p>De su lado, S\u00e9bastien Fronzac, un inform\u00e1tico de 34 a\u00f1os que vot\u00f3 por Hollande, defendi\u00f3 al mandatario por \u00abhaber asumido un pa\u00eds con una herencia desastrosa de 17 a\u00f1os de gobiernos conservadores\u00bb, y valora \u00abel coraje de asumir con realismo la necesidad de desendeudar a Francia\u00bb.<\/p>\n<p>Asimismo, la marfile\u00f1a Salamata, de 59 a\u00f1os, que reside en Francia desde hace 22 a\u00f1os, no oculta su desaprobaci\u00f3n tras los primeros 12 meses de Hollande en el poder.<\/p>\n<p>\u00abNo se puede creer en los pol\u00edticos. Hab\u00eda prometido regularizar a los `sans papiers` (indocumentados) y otorgar el derecho a voto a los extranjeros, pero ya dijo que no lo har\u00e1. Adem\u00e1s, puso un ministro del interior (Manuel Valls) que es un mal imitador de Sarkozy\u00bb, grafic\u00f3 la inmigrante, que trabaja en un negocio de vinilos en el barrio de La Bastilla.<\/p>\n<p>Mientras tanto, para Edouard Coadou, panadero de 43 a\u00f1os, \u00abla falta de preparaci\u00f3n de Hollande hace todav\u00eda m\u00e1s grande lo realizado por Sarkozy\u00bb, motivo por el que lament\u00f3 haber votado por el socialista.<\/p>\n<p>\u00abMe considero de centro, por eso vot\u00e9 por los que consider\u00e9 las mejores opciones: en 2007 por Sarkozy y en 2012 por Hollande. Pero el horrible gobierno socialista va a allanar el camino a Sarkozy para volver en 2017 porque nadie quiere en Francia un gobierno de ultraderecha ni ultraizquierda\u00bb, subray\u00f3.<\/p>\n","protected":false},"excerpt":{"rendered":"<p>La desaprobaci\u00f3n al primer a\u00f1o de gobierno de Fran\u00e7ois Hollande no para de crecer en Francia, especialmente dentro del electorado de izquierda, que en su mayor\u00eda se declara decepcionado con el primero de los cinco a\u00f1os de mandato del socialista.&hellip;<\/p>\n","protected":false},"author":494,"featured_media":51833,"comment_status":"closed","ping_status":"open","sticky":false,"template":"","format":"standard","meta":{"footnotes":""},"categories":[66,74],"tags":[353],"class_list":["post-51831","post","type-post","status-publish","format-standard","has-post-thumbnail","hentry","category-europa-es","category-politica-es","tag-francois-hollande-es"],"yoast_head":"<!-- This site is optimized with the Yoast SEO plugin v27.1.1 - https:\/\/yoast.com\/product\/yoast-seo-wordpress\/ -->\n<title>La gran desilusi\u00f3n de los que creyeron en Hollande<\/title>\n<meta name=\"description\" content=\"La desaprobaci\u00f3n al primer a\u00f1o de gobierno de Fran\u00e7ois Hollande no para de crecer en Francia, especialmente dentro del electorado de izquierda, que en su\" \/>\n<meta name=\"robots\" content=\"index, follow, max-snippet:-1, max-image-preview:large, max-video-preview:-1\" \/>\n<link rel=\"canonical\" href=\"https:\/\/www.pressenza.com\/es\/2013\/05\/la-gran-desilusion-de-los-que-creyeron-en-hollande\/\" \/>\n<meta property=\"og:locale\" content=\"es_ES\" \/>\n<meta property=\"og:type\" content=\"article\" \/>\n<meta property=\"og:title\" content=\"La gran desilusi\u00f3n de los que creyeron en Hollande\" \/>\n<meta property=\"og:description\" content=\"La desaprobaci\u00f3n al primer a\u00f1o de gobierno de Fran\u00e7ois Hollande no para de crecer en Francia, especialmente dentro del electorado de izquierda, que en su\" \/>\n<meta property=\"og:url\" content=\"https:\/\/www.pressenza.com\/es\/2013\/05\/la-gran-desilusion-de-los-que-creyeron-en-hollande\/\" \/>\n<meta property=\"og:site_name\" content=\"Pressenza\" \/>\n<meta property=\"article:publisher\" content=\"https:\/\/www.facebook.com\/PressenzaItalia\" \/>\n<meta property=\"article:author\" content=\"https:\/\/www.facebook.com\/AgenciaTELAM\" \/>\n<meta property=\"article:published_time\" content=\"2013-05-13T22:48:05+00:00\" \/>\n<meta property=\"og:image\" content=\"https:\/\/www.pressenza.com\/wp-content\/uploads\/2013\/05\/Hollande.jpg\" \/>\n\t<meta property=\"og:image:width\" content=\"260\" \/>\n\t<meta property=\"og:image:height\" content=\"221\" \/>\n\t<meta property=\"og:image:type\" content=\"image\/jpeg\" \/>\n<meta name=\"author\" content=\"T\u00e9lam - Agencia Nacional de Noticias de la Rep\u00fablica Argentina\" \/>\n<meta name=\"twitter:card\" content=\"summary_large_image\" \/>\n<meta name=\"twitter:creator\" content=\"@AgenciaTelam\" \/>\n<meta name=\"twitter:site\" content=\"@PressenzaIPA\" \/>\n<meta name=\"twitter:label1\" content=\"Escrito por\" \/>\n\t<meta name=\"twitter:data1\" content=\"T\u00e9lam - Agencia Nacional de Noticias de la Rep\u00fablica Argentina\" \/>\n\t<meta name=\"twitter:label2\" content=\"Tiempo de lectura\" \/>\n\t<meta name=\"twitter:data2\" content=\"4 minutos\" \/>\n<script type=\"application\/ld+json\" class=\"yoast-schema-graph\">{\"@context\":\"https:\/\/schema.org\",\"@graph\":[{\"@type\":\"Article\",\"@id\":\"https:\/\/www.pressenza.com\/es\/2013\/05\/la-gran-desilusion-de-los-que-creyeron-en-hollande\/#article\",\"isPartOf\":{\"@id\":\"https:\/\/www.pressenza.com\/es\/2013\/05\/la-gran-desilusion-de-los-que-creyeron-en-hollande\/\"},\"author\":{\"name\":\"T\u00e9lam - Agencia Nacional de Noticias de la Rep\u00fablica Argentina\",\"@id\":\"https:\/\/www.pressenza.com\/es\/#\/schema\/person\/f1a879435e38cd8f69eac14ebf21489e\"},\"headline\":\"La gran desilusi\u00f3n de los que creyeron en Hollande\",\"datePublished\":\"2013-05-13T22:48:05+00:00\",\"mainEntityOfPage\":{\"@id\":\"https:\/\/www.pressenza.com\/es\/2013\/05\/la-gran-desilusion-de-los-que-creyeron-en-hollande\/\"},\"wordCount\":887,\"publisher\":{\"@id\":\"https:\/\/www.pressenza.com\/es\/#organization\"},\"image\":{\"@id\":\"https:\/\/www.pressenza.com\/es\/2013\/05\/la-gran-desilusion-de-los-que-creyeron-en-hollande\/#primaryimage\"},\"thumbnailUrl\":\"https:\/\/www.pressenza.com\/wp-content\/uploads\/2013\/05\/Hollande.jpg\",\"keywords\":[\"Fran\u00e7ois Hollande\"],\"articleSection\":[\"Europa\",\"Pol\u00edtica\"],\"inLanguage\":\"es\"},{\"@type\":\"WebPage\",\"@id\":\"https:\/\/www.pressenza.com\/es\/2013\/05\/la-gran-desilusion-de-los-que-creyeron-en-hollande\/\",\"url\":\"https:\/\/www.pressenza.com\/es\/2013\/05\/la-gran-desilusion-de-los-que-creyeron-en-hollande\/\",\"name\":\"La gran desilusi\u00f3n de los que creyeron en Hollande\",\"isPartOf\":{\"@id\":\"https:\/\/www.pressenza.com\/es\/#website\"},\"primaryImageOfPage\":{\"@id\":\"https:\/\/www.pressenza.com\/es\/2013\/05\/la-gran-desilusion-de-los-que-creyeron-en-hollande\/#primaryimage\"},\"image\":{\"@id\":\"https:\/\/www.pressenza.com\/es\/2013\/05\/la-gran-desilusion-de-los-que-creyeron-en-hollande\/#primaryimage\"},\"thumbnailUrl\":\"https:\/\/www.pressenza.com\/wp-content\/uploads\/2013\/05\/Hollande.jpg\",\"datePublished\":\"2013-05-13T22:48:05+00:00\",\"description\":\"La desaprobaci\u00f3n al primer a\u00f1o de gobierno de Fran\u00e7ois Hollande no para de crecer en Francia, especialmente dentro del electorado de izquierda, que en su\",\"breadcrumb\":{\"@id\":\"https:\/\/www.pressenza.com\/es\/2013\/05\/la-gran-desilusion-de-los-que-creyeron-en-hollande\/#breadcrumb\"},\"inLanguage\":\"es\",\"potentialAction\":[{\"@type\":\"ReadAction\",\"target\":[\"https:\/\/www.pressenza.com\/es\/2013\/05\/la-gran-desilusion-de-los-que-creyeron-en-hollande\/\"]}]},{\"@type\":\"ImageObject\",\"inLanguage\":\"es\",\"@id\":\"https:\/\/www.pressenza.com\/es\/2013\/05\/la-gran-desilusion-de-los-que-creyeron-en-hollande\/#primaryimage\",\"url\":\"https:\/\/www.pressenza.com\/wp-content\/uploads\/2013\/05\/Hollande.jpg\",\"contentUrl\":\"https:\/\/www.pressenza.com\/wp-content\/uploads\/2013\/05\/Hollande.jpg\",\"width\":260,\"height\":221},{\"@type\":\"BreadcrumbList\",\"@id\":\"https:\/\/www.pressenza.com\/es\/2013\/05\/la-gran-desilusion-de-los-que-creyeron-en-hollande\/#breadcrumb\",\"itemListElement\":[{\"@type\":\"ListItem\",\"position\":1,\"name\":\"Accueil\",\"item\":\"https:\/\/www.pressenza.com\/es\/\"},{\"@type\":\"ListItem\",\"position\":2,\"name\":\"La gran desilusi\u00f3n de los que creyeron en Hollande\"}]},{\"@type\":\"WebSite\",\"@id\":\"https:\/\/www.pressenza.com\/es\/#website\",\"url\":\"https:\/\/www.pressenza.com\/es\/\",\"name\":\"Pressenza\",\"description\":\"International Press Agency\",\"publisher\":{\"@id\":\"https:\/\/www.pressenza.com\/es\/#organization\"},\"potentialAction\":[{\"@type\":\"SearchAction\",\"target\":{\"@type\":\"EntryPoint\",\"urlTemplate\":\"https:\/\/www.pressenza.com\/es\/?s={search_term_string}\"},\"query-input\":{\"@type\":\"PropertyValueSpecification\",\"valueRequired\":true,\"valueName\":\"search_term_string\"}}],\"inLanguage\":\"es\"},{\"@type\":\"Organization\",\"@id\":\"https:\/\/www.pressenza.com\/es\/#organization\",\"name\":\"Pressenza\",\"url\":\"https:\/\/www.pressenza.com\/es\/\",\"logo\":{\"@type\":\"ImageObject\",\"inLanguage\":\"es\",\"@id\":\"https:\/\/www.pressenza.com\/es\/#\/schema\/logo\/image\/\",\"url\":\"https:\/\/www.pressenza.com\/wp-content\/uploads\/2022\/10\/pressenza_logo_200x200.jpg\",\"contentUrl\":\"https:\/\/www.pressenza.com\/wp-content\/uploads\/2022\/10\/pressenza_logo_200x200.jpg\",\"width\":200,\"height\":200,\"caption\":\"Pressenza\"},\"image\":{\"@id\":\"https:\/\/www.pressenza.com\/es\/#\/schema\/logo\/image\/\"},\"sameAs\":[\"https:\/\/www.facebook.com\/PressenzaItalia\",\"https:\/\/x.com\/PressenzaIPA\"]},{\"@type\":\"Person\",\"@id\":\"https:\/\/www.pressenza.com\/es\/#\/schema\/person\/f1a879435e38cd8f69eac14ebf21489e\",\"name\":\"T\u00e9lam - Agencia Nacional de Noticias de la Rep\u00fablica Argentina\",\"description\":\"T\u00e9lam es una de las grandes agencias de noticias a nivel regional. El prestigio, acceso a fuentes oficiales, la cobertura en todo el territorio nacional y corresponsal\u00edas en el exterior; y la responsabilidad en el tratamiento informativo son caracter\u00edsticas que colocan a T\u00e9lam en referente period\u00edstico confiable y cre\u00edble en el pa\u00eds y en el mundo. Sostiene un servicio actualizado, detallado y original en diversos formatos, las 24 horas del d\u00eda, todos los d\u00edas del a\u00f1o. Es l\u00edder en el mercado nacional y sostiene alianzas a nivel regional y mundial que le permiten expandir los servicios period\u00edsticos. Suministra sus productos v\u00eda on line, tanto a nivel local como internacional. En la actualidad, la Agencia suma a sus servicios tradicionales, nuevos desaf\u00edos a partir de la realizaci\u00f3n de producciones multimedia para diversas plataformas. www.telam.com.ar\",\"sameAs\":[\"https:\/\/www.facebook.com\/AgenciaTELAM\",\"https:\/\/x.com\/AgenciaTelam\"],\"url\":\"https:\/\/www.pressenza.com\/es\/author\/telam\/\"}]}<\/script>\n<!-- \/ Yoast SEO plugin. -->","yoast_head_json":{"title":"La gran desilusi\u00f3n de los que creyeron en Hollande","description":"La desaprobaci\u00f3n al primer a\u00f1o de gobierno de Fran\u00e7ois Hollande no para de crecer en Francia, especialmente dentro del electorado de izquierda, que en su","robots":{"index":"index","follow":"follow","max-snippet":"max-snippet:-1","max-image-preview":"max-image-preview:large","max-video-preview":"max-video-preview:-1"},"canonical":"https:\/\/www.pressenza.com\/es\/2013\/05\/la-gran-desilusion-de-los-que-creyeron-en-hollande\/","og_locale":"es_ES","og_type":"article","og_title":"La gran desilusi\u00f3n de los que creyeron en Hollande","og_description":"La desaprobaci\u00f3n al primer a\u00f1o de gobierno de Fran\u00e7ois Hollande no para de crecer en Francia, especialmente dentro del electorado de izquierda, que en su","og_url":"https:\/\/www.pressenza.com\/es\/2013\/05\/la-gran-desilusion-de-los-que-creyeron-en-hollande\/","og_site_name":"Pressenza","article_publisher":"https:\/\/www.facebook.com\/PressenzaItalia","article_author":"https:\/\/www.facebook.com\/AgenciaTELAM","article_published_time":"2013-05-13T22:48:05+00:00","og_image":[{"width":260,"height":221,"url":"https:\/\/www.pressenza.com\/wp-content\/uploads\/2013\/05\/Hollande.jpg","type":"image\/jpeg"}],"author":"T\u00e9lam - Agencia Nacional de Noticias de la Rep\u00fablica Argentina","twitter_card":"summary_large_image","twitter_creator":"@AgenciaTelam","twitter_site":"@PressenzaIPA","twitter_misc":{"Escrito por":"T\u00e9lam - Agencia Nacional de Noticias de la Rep\u00fablica Argentina","Tiempo de lectura":"4 minutos"},"schema":{"@context":"https:\/\/schema.org","@graph":[{"@type":"Article","@id":"https:\/\/www.pressenza.com\/es\/2013\/05\/la-gran-desilusion-de-los-que-creyeron-en-hollande\/#article","isPartOf":{"@id":"https:\/\/www.pressenza.com\/es\/2013\/05\/la-gran-desilusion-de-los-que-creyeron-en-hollande\/"},"author":{"name":"T\u00e9lam - Agencia Nacional de Noticias de la Rep\u00fablica Argentina","@id":"https:\/\/www.pressenza.com\/es\/#\/schema\/person\/f1a879435e38cd8f69eac14ebf21489e"},"headline":"La gran desilusi\u00f3n de los que creyeron en Hollande","datePublished":"2013-05-13T22:48:05+00:00","mainEntityOfPage":{"@id":"https:\/\/www.pressenza.com\/es\/2013\/05\/la-gran-desilusion-de-los-que-creyeron-en-hollande\/"},"wordCount":887,"publisher":{"@id":"https:\/\/www.pressenza.com\/es\/#organization"},"image":{"@id":"https:\/\/www.pressenza.com\/es\/2013\/05\/la-gran-desilusion-de-los-que-creyeron-en-hollande\/#primaryimage"},"thumbnailUrl":"https:\/\/www.pressenza.com\/wp-content\/uploads\/2013\/05\/Hollande.jpg","keywords":["Fran\u00e7ois Hollande"],"articleSection":["Europa","Pol\u00edtica"],"inLanguage":"es"},{"@type":"WebPage","@id":"https:\/\/www.pressenza.com\/es\/2013\/05\/la-gran-desilusion-de-los-que-creyeron-en-hollande\/","url":"https:\/\/www.pressenza.com\/es\/2013\/05\/la-gran-desilusion-de-los-que-creyeron-en-hollande\/","name":"La gran desilusi\u00f3n de los que creyeron en Hollande","isPartOf":{"@id":"https:\/\/www.pressenza.com\/es\/#website"},"primaryImageOfPage":{"@id":"https:\/\/www.pressenza.com\/es\/2013\/05\/la-gran-desilusion-de-los-que-creyeron-en-hollande\/#primaryimage"},"image":{"@id":"https:\/\/www.pressenza.com\/es\/2013\/05\/la-gran-desilusion-de-los-que-creyeron-en-hollande\/#primaryimage"},"thumbnailUrl":"https:\/\/www.pressenza.com\/wp-content\/uploads\/2013\/05\/Hollande.jpg","datePublished":"2013-05-13T22:48:05+00:00","description":"La desaprobaci\u00f3n al primer a\u00f1o de gobierno de Fran\u00e7ois Hollande no para de crecer en Francia, especialmente dentro del electorado de izquierda, que en su","breadcrumb":{"@id":"https:\/\/www.pressenza.com\/es\/2013\/05\/la-gran-desilusion-de-los-que-creyeron-en-hollande\/#breadcrumb"},"inLanguage":"es","potentialAction":[{"@type":"ReadAction","target":["https:\/\/www.pressenza.com\/es\/2013\/05\/la-gran-desilusion-de-los-que-creyeron-en-hollande\/"]}]},{"@type":"ImageObject","inLanguage":"es","@id":"https:\/\/www.pressenza.com\/es\/2013\/05\/la-gran-desilusion-de-los-que-creyeron-en-hollande\/#primaryimage","url":"https:\/\/www.pressenza.com\/wp-content\/uploads\/2013\/05\/Hollande.jpg","contentUrl":"https:\/\/www.pressenza.com\/wp-content\/uploads\/2013\/05\/Hollande.jpg","width":260,"height":221},{"@type":"BreadcrumbList","@id":"https:\/\/www.pressenza.com\/es\/2013\/05\/la-gran-desilusion-de-los-que-creyeron-en-hollande\/#breadcrumb","itemListElement":[{"@type":"ListItem","position":1,"name":"Accueil","item":"https:\/\/www.pressenza.com\/es\/"},{"@type":"ListItem","position":2,"name":"La gran desilusi\u00f3n de los que creyeron en Hollande"}]},{"@type":"WebSite","@id":"https:\/\/www.pressenza.com\/es\/#website","url":"https:\/\/www.pressenza.com\/es\/","name":"Pressenza","description":"International Press Agency","publisher":{"@id":"https:\/\/www.pressenza.com\/es\/#organization"},"potentialAction":[{"@type":"SearchAction","target":{"@type":"EntryPoint","urlTemplate":"https:\/\/www.pressenza.com\/es\/?s={search_term_string}"},"query-input":{"@type":"PropertyValueSpecification","valueRequired":true,"valueName":"search_term_string"}}],"inLanguage":"es"},{"@type":"Organization","@id":"https:\/\/www.pressenza.com\/es\/#organization","name":"Pressenza","url":"https:\/\/www.pressenza.com\/es\/","logo":{"@type":"ImageObject","inLanguage":"es","@id":"https:\/\/www.pressenza.com\/es\/#\/schema\/logo\/image\/","url":"https:\/\/www.pressenza.com\/wp-content\/uploads\/2022\/10\/pressenza_logo_200x200.jpg","contentUrl":"https:\/\/www.pressenza.com\/wp-content\/uploads\/2022\/10\/pressenza_logo_200x200.jpg","width":200,"height":200,"caption":"Pressenza"},"image":{"@id":"https:\/\/www.pressenza.com\/es\/#\/schema\/logo\/image\/"},"sameAs":["https:\/\/www.facebook.com\/PressenzaItalia","https:\/\/x.com\/PressenzaIPA"]},{"@type":"Person","@id":"https:\/\/www.pressenza.com\/es\/#\/schema\/person\/f1a879435e38cd8f69eac14ebf21489e","name":"T\u00e9lam - Agencia Nacional de Noticias de la Rep\u00fablica Argentina","description":"T\u00e9lam es una de las grandes agencias de noticias a nivel regional. El prestigio, acceso a fuentes oficiales, la cobertura en todo el territorio nacional y corresponsal\u00edas en el exterior; y la responsabilidad en el tratamiento informativo son caracter\u00edsticas que colocan a T\u00e9lam en referente period\u00edstico confiable y cre\u00edble en el pa\u00eds y en el mundo. Sostiene un servicio actualizado, detallado y original en diversos formatos, las 24 horas del d\u00eda, todos los d\u00edas del a\u00f1o. Es l\u00edder en el mercado nacional y sostiene alianzas a nivel regional y mundial que le permiten expandir los servicios period\u00edsticos. Suministra sus productos v\u00eda on line, tanto a nivel local como internacional. En la actualidad, la Agencia suma a sus servicios tradicionales, nuevos desaf\u00edos a partir de la realizaci\u00f3n de producciones multimedia para diversas plataformas. www.telam.com.ar","sameAs":["https:\/\/www.facebook.com\/AgenciaTELAM","https:\/\/x.com\/AgenciaTelam"],"url":"https:\/\/www.pressenza.com\/es\/author\/telam\/"}]}},"place":"Par\u00eds","original_article_url":"","_links":{"self":[{"href":"https:\/\/www.pressenza.com\/es\/wp-json\/wp\/v2\/posts\/51831","targetHints":{"allow":["GET"]}}],"collection":[{"href":"https:\/\/www.pressenza.com\/es\/wp-json\/wp\/v2\/posts"}],"about":[{"href":"https:\/\/www.pressenza.com\/es\/wp-json\/wp\/v2\/types\/post"}],"author":[{"embeddable":true,"href":"https:\/\/www.pressenza.com\/es\/wp-json\/wp\/v2\/users\/494"}],"replies":[{"embeddable":true,"href":"https:\/\/www.pressenza.com\/es\/wp-json\/wp\/v2\/comments?post=51831"}],"version-history":[{"count":0,"href":"https:\/\/www.pressenza.com\/es\/wp-json\/wp\/v2\/posts\/51831\/revisions"}],"wp:featuredmedia":[{"embeddable":true,"href":"https:\/\/www.pressenza.com\/es\/wp-json\/wp\/v2\/media\/51833"}],"wp:attachment":[{"href":"https:\/\/www.pressenza.com\/es\/wp-json\/wp\/v2\/media?parent=51831"}],"wp:term":[{"taxonomy":"category","embeddable":true,"href":"https:\/\/www.pressenza.com\/es\/wp-json\/wp\/v2\/categories?post=51831"},{"taxonomy":"post_tag","embeddable":true,"href":"https:\/\/www.pressenza.com\/es\/wp-json\/wp\/v2\/tags?post=51831"}],"curies":[{"name":"wp","href":"https:\/\/api.w.org\/{rel}","templated":true}]}}