{"id":51825,"date":"2013-05-13T23:43:53","date_gmt":"2013-05-13T22:43:53","guid":{"rendered":"http:\/\/www.pressenza.com\/?p=51825"},"modified":"2013-05-13T23:43:53","modified_gmt":"2013-05-13T22:43:53","slug":"el-fiscal-pidio-seis-anos-de-carcel-para-berlusconi-por-el-caso-ruby","status":"publish","type":"post","link":"https:\/\/www.pressenza.com\/es\/2013\/05\/el-fiscal-pidio-seis-anos-de-carcel-para-berlusconi-por-el-caso-ruby\/","title":{"rendered":"El fiscal pidi\u00f3 seis a\u00f1os de c\u00e1rcel para Berlusconi por el caso Ruby"},"content":{"rendered":"<p style=\"text-align: justify;\">Fiscales de Mil\u00e1n pidieron hoy seis a\u00f1os de c\u00e1rcel para el ex primer ministro Silivio Berlusconi por el caso en el que <strong>est\u00e1 acusado de haber tenido relaciones sexuales pagas con una menor <\/strong>apodada \u00abRuby\u00bb.<\/p>\n<p style=\"text-align: justify;\">La decisi\u00f3n profundiza los problemas legales de Berlusconi, de 76 a\u00f1os, d\u00edas despu\u00e9s de que una corte de apelaciones ratificara una condena a cuatro a\u00f1os de c\u00e1rcel por fraude fiscal y de que fiscales lo acusaran de haber sobornado a un senador en 2008.<\/p>\n<p>En su alegato en la Fiscal\u00eda de Mil\u00e1n, la fiscal Ilda Boccassini exigi\u00f3 adem\u00e1s inhabilitar al actual senador de centroderecha para ocupar cargos p\u00fablicos, inform\u00f3 la agencia de noticias DPA.<\/p>\n<p>El caso \u00abRuby\u00bb se centra en la marroqu\u00ed Karima El Marhoug, con quien, seg\u00fan los fiscales, Berlusconi mantuvo relaciones sexuales a cambio de dinero en 2010 cuando s\u00f3lo ten\u00eda 17 a\u00f1os, algo que ambos niegan.<\/p>\n<p>Escuchas telef\u00f3nicas y otras pruebas sugirieron que Berlusconi pag\u00f3 a \u00abRuby\u00bb m\u00e1s de 4,5 millones de euros por sus servicios, y los fiscales dicen que los hechos ocurrieron en ya famosas fiestas que el premier organizaba en su residencia de la norte\u00f1a Arcore.<\/p>\n<p>\u00abEn Arcore hab\u00eda un sistema de prostituci\u00f3n organizada destinado a la satisfacci\u00f3n del placer sexual de Silvio Berlusconi\u00bb, dijo la fiscal Boccassini en su alegato final.<\/p>\n<p>La fiscal\u00eda acusa al dirigente de incitaci\u00f3n a la prostituci\u00f3n y de abuso de poder porque en 2010 hizo una llamada en Mil\u00e1n para evitar que tuviera problemas con la Justicia cuando fue detenida.<\/p>\n<p>Berlusconi alega que pensaba que era una pariente del entonces presidente egipcio Hosni Mubarak y que con su intervenci\u00f3n quiso evitar un conflicto diplom\u00e1tico.<\/p>\n<p>Los fiscales consideraron cargo m\u00e1s serio el de abuso de poder, y pidieron cuatro a\u00f1os por \u00e9l y uno por el hecho de haber pagado a una menor por sexo.<\/p>\n<p>El abogado defensor de Berlusconi, Nicolo Ghedini, dijo que la petici\u00f3n de la fiscal era \u00abmuy alta\u00bb dadas las acusaciones y se espera que la defensa pida su absoluci\u00f3n.<\/p>\n<p>La Defensa tendr\u00e1 la palabra el 3 de junio y la sentencia podr\u00eda darse a conocer el 24 de junio.<\/p>\n<p>Tambi\u00e9n el fallo en primera instancia sobre las supuestas fiestas sexuales en la residencia de Berlusconi podr\u00eda conocerse este mismo mes.<\/p>\n<p>Due\u00f1o de un imperio de medios y uno de los hombres m\u00e1s ricos de Europa, el exc\u00e9ntrico Berlusconi arrastra un largo historial de problemas legales relacionados a sus negocios, su trayectoria pol\u00edtica o su vida personal.<\/p>\n<p>La semana pasada, la Fiscal\u00eda de N\u00e1poles lo acus\u00f3 por la presunta \u00abcompra\u00bb del voto de un senador en la votaci\u00f3n que marc\u00f3 el fin del gobierno del centroizquierdista Romano Prodi, en 2008.<\/p>\n<p>Un d\u00eda antes, el Tribunal de Apelaciones de Mil\u00e1n le confirm\u00f3 una condena de primera instancia a cuatro a\u00f1os de c\u00e1rcel por fraude fiscal relativa a la compraventa irregular de derechos de pel\u00edculas por parte de su grupo audiovisual.<\/p>\n<p>El ex premier, que tiene una larga pelea con la magistratura, dijo luego de esas decisiones que hay jueces y fiscales que los quieren dejar \u00abpol\u00edticamente muerto\u00bb.<\/p>\n","protected":false},"excerpt":{"rendered":"<p>Fiscales de Mil\u00e1n pidieron hoy seis a\u00f1os de c\u00e1rcel para el ex primer ministro Silivio Berlusconi por el caso en el que est\u00e1 acusado de haber tenido relaciones sexuales pagas con una menor apodada \u00abRuby\u00bb. La decisi\u00f3n profundiza los problemas&hellip;<\/p>\n","protected":false},"author":494,"featured_media":51828,"comment_status":"closed","ping_status":"open","sticky":false,"template":"","format":"standard","meta":{"footnotes":""},"categories":[66,74],"tags":[4939],"class_list":["post-51825","post","type-post","status-publish","format-standard","has-post-thumbnail","hentry","category-europa-es","category-politica-es","tag-berlusconi-es"],"yoast_head":"<!-- This site is optimized with the Yoast SEO plugin v27.1.1 - https:\/\/yoast.com\/product\/yoast-seo-wordpress\/ -->\n<title>El fiscal pidi\u00f3 seis a\u00f1os de c\u00e1rcel para Berlusconi por el caso Ruby<\/title>\n<meta name=\"description\" content=\"Fiscales de Mil\u00e1n pidieron hoy seis a\u00f1os de c\u00e1rcel para el ex primer ministro Silivio Berlusconi por el caso en el que est\u00e1 acusado de haber tenido\" \/>\n<meta name=\"robots\" content=\"index, follow, max-snippet:-1, max-image-preview:large, max-video-preview:-1\" \/>\n<link rel=\"canonical\" href=\"https:\/\/www.pressenza.com\/es\/2013\/05\/el-fiscal-pidio-seis-anos-de-carcel-para-berlusconi-por-el-caso-ruby\/\" \/>\n<meta property=\"og:locale\" content=\"es_ES\" \/>\n<meta property=\"og:type\" content=\"article\" \/>\n<meta property=\"og:title\" content=\"El fiscal pidi\u00f3 seis a\u00f1os de c\u00e1rcel para Berlusconi por el caso Ruby\" \/>\n<meta property=\"og:description\" content=\"Fiscales de Mil\u00e1n pidieron hoy seis a\u00f1os de c\u00e1rcel para el ex primer ministro Silivio Berlusconi por el caso en el que est\u00e1 acusado de haber tenido\" \/>\n<meta property=\"og:url\" content=\"https:\/\/www.pressenza.com\/es\/2013\/05\/el-fiscal-pidio-seis-anos-de-carcel-para-berlusconi-por-el-caso-ruby\/\" \/>\n<meta property=\"og:site_name\" content=\"Pressenza\" \/>\n<meta property=\"article:publisher\" content=\"https:\/\/www.facebook.com\/PressenzaItalia\" \/>\n<meta property=\"article:author\" content=\"https:\/\/www.facebook.com\/AgenciaTELAM\" \/>\n<meta property=\"article:published_time\" content=\"2013-05-13T22:43:53+00:00\" \/>\n<meta property=\"og:image\" content=\"https:\/\/www.pressenza.com\/wp-content\/uploads\/2013\/05\/Berlusconi.jpg\" \/>\n\t<meta property=\"og:image:width\" content=\"510\" \/>\n\t<meta property=\"og:image:height\" content=\"340\" \/>\n\t<meta property=\"og:image:type\" content=\"image\/jpeg\" \/>\n<meta name=\"author\" content=\"T\u00e9lam - Agencia Nacional de Noticias de la Rep\u00fablica Argentina\" \/>\n<meta name=\"twitter:card\" content=\"summary_large_image\" \/>\n<meta name=\"twitter:creator\" content=\"@AgenciaTelam\" \/>\n<meta name=\"twitter:site\" content=\"@PressenzaIPA\" \/>\n<meta name=\"twitter:label1\" content=\"Escrito por\" \/>\n\t<meta name=\"twitter:data1\" content=\"T\u00e9lam - Agencia Nacional de Noticias de la Rep\u00fablica Argentina\" \/>\n\t<meta name=\"twitter:label2\" content=\"Tiempo de lectura\" \/>\n\t<meta name=\"twitter:data2\" content=\"3 minutos\" \/>\n<script type=\"application\/ld+json\" class=\"yoast-schema-graph\">{\"@context\":\"https:\/\/schema.org\",\"@graph\":[{\"@type\":\"Article\",\"@id\":\"https:\/\/www.pressenza.com\/es\/2013\/05\/el-fiscal-pidio-seis-anos-de-carcel-para-berlusconi-por-el-caso-ruby\/#article\",\"isPartOf\":{\"@id\":\"https:\/\/www.pressenza.com\/es\/2013\/05\/el-fiscal-pidio-seis-anos-de-carcel-para-berlusconi-por-el-caso-ruby\/\"},\"author\":{\"name\":\"T\u00e9lam - Agencia Nacional de Noticias de la Rep\u00fablica Argentina\",\"@id\":\"https:\/\/www.pressenza.com\/es\/#\/schema\/person\/f1a879435e38cd8f69eac14ebf21489e\"},\"headline\":\"El fiscal pidi\u00f3 seis a\u00f1os de c\u00e1rcel para Berlusconi por el caso Ruby\",\"datePublished\":\"2013-05-13T22:43:53+00:00\",\"mainEntityOfPage\":{\"@id\":\"https:\/\/www.pressenza.com\/es\/2013\/05\/el-fiscal-pidio-seis-anos-de-carcel-para-berlusconi-por-el-caso-ruby\/\"},\"wordCount\":561,\"publisher\":{\"@id\":\"https:\/\/www.pressenza.com\/es\/#organization\"},\"image\":{\"@id\":\"https:\/\/www.pressenza.com\/es\/2013\/05\/el-fiscal-pidio-seis-anos-de-carcel-para-berlusconi-por-el-caso-ruby\/#primaryimage\"},\"thumbnailUrl\":\"https:\/\/www.pressenza.com\/wp-content\/uploads\/2013\/05\/Berlusconi.jpg\",\"keywords\":[\"Berlusconi\"],\"articleSection\":[\"Europa\",\"Pol\u00edtica\"],\"inLanguage\":\"es\"},{\"@type\":\"WebPage\",\"@id\":\"https:\/\/www.pressenza.com\/es\/2013\/05\/el-fiscal-pidio-seis-anos-de-carcel-para-berlusconi-por-el-caso-ruby\/\",\"url\":\"https:\/\/www.pressenza.com\/es\/2013\/05\/el-fiscal-pidio-seis-anos-de-carcel-para-berlusconi-por-el-caso-ruby\/\",\"name\":\"El fiscal pidi\u00f3 seis a\u00f1os de c\u00e1rcel para Berlusconi por el caso Ruby\",\"isPartOf\":{\"@id\":\"https:\/\/www.pressenza.com\/es\/#website\"},\"primaryImageOfPage\":{\"@id\":\"https:\/\/www.pressenza.com\/es\/2013\/05\/el-fiscal-pidio-seis-anos-de-carcel-para-berlusconi-por-el-caso-ruby\/#primaryimage\"},\"image\":{\"@id\":\"https:\/\/www.pressenza.com\/es\/2013\/05\/el-fiscal-pidio-seis-anos-de-carcel-para-berlusconi-por-el-caso-ruby\/#primaryimage\"},\"thumbnailUrl\":\"https:\/\/www.pressenza.com\/wp-content\/uploads\/2013\/05\/Berlusconi.jpg\",\"datePublished\":\"2013-05-13T22:43:53+00:00\",\"description\":\"Fiscales de Mil\u00e1n pidieron hoy seis a\u00f1os de c\u00e1rcel para el ex primer ministro Silivio Berlusconi por el caso en el que est\u00e1 acusado de haber tenido\",\"breadcrumb\":{\"@id\":\"https:\/\/www.pressenza.com\/es\/2013\/05\/el-fiscal-pidio-seis-anos-de-carcel-para-berlusconi-por-el-caso-ruby\/#breadcrumb\"},\"inLanguage\":\"es\",\"potentialAction\":[{\"@type\":\"ReadAction\",\"target\":[\"https:\/\/www.pressenza.com\/es\/2013\/05\/el-fiscal-pidio-seis-anos-de-carcel-para-berlusconi-por-el-caso-ruby\/\"]}]},{\"@type\":\"ImageObject\",\"inLanguage\":\"es\",\"@id\":\"https:\/\/www.pressenza.com\/es\/2013\/05\/el-fiscal-pidio-seis-anos-de-carcel-para-berlusconi-por-el-caso-ruby\/#primaryimage\",\"url\":\"https:\/\/www.pressenza.com\/wp-content\/uploads\/2013\/05\/Berlusconi.jpg\",\"contentUrl\":\"https:\/\/www.pressenza.com\/wp-content\/uploads\/2013\/05\/Berlusconi.jpg\",\"width\":510,\"height\":340},{\"@type\":\"BreadcrumbList\",\"@id\":\"https:\/\/www.pressenza.com\/es\/2013\/05\/el-fiscal-pidio-seis-anos-de-carcel-para-berlusconi-por-el-caso-ruby\/#breadcrumb\",\"itemListElement\":[{\"@type\":\"ListItem\",\"position\":1,\"name\":\"Accueil\",\"item\":\"https:\/\/www.pressenza.com\/es\/\"},{\"@type\":\"ListItem\",\"position\":2,\"name\":\"El fiscal pidi\u00f3 seis a\u00f1os de c\u00e1rcel para Berlusconi por el caso Ruby\"}]},{\"@type\":\"WebSite\",\"@id\":\"https:\/\/www.pressenza.com\/es\/#website\",\"url\":\"https:\/\/www.pressenza.com\/es\/\",\"name\":\"Pressenza\",\"description\":\"International Press Agency\",\"publisher\":{\"@id\":\"https:\/\/www.pressenza.com\/es\/#organization\"},\"potentialAction\":[{\"@type\":\"SearchAction\",\"target\":{\"@type\":\"EntryPoint\",\"urlTemplate\":\"https:\/\/www.pressenza.com\/es\/?s={search_term_string}\"},\"query-input\":{\"@type\":\"PropertyValueSpecification\",\"valueRequired\":true,\"valueName\":\"search_term_string\"}}],\"inLanguage\":\"es\"},{\"@type\":\"Organization\",\"@id\":\"https:\/\/www.pressenza.com\/es\/#organization\",\"name\":\"Pressenza\",\"url\":\"https:\/\/www.pressenza.com\/es\/\",\"logo\":{\"@type\":\"ImageObject\",\"inLanguage\":\"es\",\"@id\":\"https:\/\/www.pressenza.com\/es\/#\/schema\/logo\/image\/\",\"url\":\"https:\/\/www.pressenza.com\/wp-content\/uploads\/2022\/10\/pressenza_logo_200x200.jpg\",\"contentUrl\":\"https:\/\/www.pressenza.com\/wp-content\/uploads\/2022\/10\/pressenza_logo_200x200.jpg\",\"width\":200,\"height\":200,\"caption\":\"Pressenza\"},\"image\":{\"@id\":\"https:\/\/www.pressenza.com\/es\/#\/schema\/logo\/image\/\"},\"sameAs\":[\"https:\/\/www.facebook.com\/PressenzaItalia\",\"https:\/\/x.com\/PressenzaIPA\"]},{\"@type\":\"Person\",\"@id\":\"https:\/\/www.pressenza.com\/es\/#\/schema\/person\/f1a879435e38cd8f69eac14ebf21489e\",\"name\":\"T\u00e9lam - Agencia Nacional de Noticias de la Rep\u00fablica Argentina\",\"description\":\"T\u00e9lam es una de las grandes agencias de noticias a nivel regional. El prestigio, acceso a fuentes oficiales, la cobertura en todo el territorio nacional y corresponsal\u00edas en el exterior; y la responsabilidad en el tratamiento informativo son caracter\u00edsticas que colocan a T\u00e9lam en referente period\u00edstico confiable y cre\u00edble en el pa\u00eds y en el mundo. Sostiene un servicio actualizado, detallado y original en diversos formatos, las 24 horas del d\u00eda, todos los d\u00edas del a\u00f1o. Es l\u00edder en el mercado nacional y sostiene alianzas a nivel regional y mundial que le permiten expandir los servicios period\u00edsticos. Suministra sus productos v\u00eda on line, tanto a nivel local como internacional. En la actualidad, la Agencia suma a sus servicios tradicionales, nuevos desaf\u00edos a partir de la realizaci\u00f3n de producciones multimedia para diversas plataformas. www.telam.com.ar\",\"sameAs\":[\"https:\/\/www.facebook.com\/AgenciaTELAM\",\"https:\/\/x.com\/AgenciaTelam\"],\"url\":\"https:\/\/www.pressenza.com\/es\/author\/telam\/\"}]}<\/script>\n<!-- \/ Yoast SEO plugin. -->","yoast_head_json":{"title":"El fiscal pidi\u00f3 seis a\u00f1os de c\u00e1rcel para Berlusconi por el caso Ruby","description":"Fiscales de Mil\u00e1n pidieron hoy seis a\u00f1os de c\u00e1rcel para el ex primer ministro Silivio Berlusconi por el caso en el que est\u00e1 acusado de haber tenido","robots":{"index":"index","follow":"follow","max-snippet":"max-snippet:-1","max-image-preview":"max-image-preview:large","max-video-preview":"max-video-preview:-1"},"canonical":"https:\/\/www.pressenza.com\/es\/2013\/05\/el-fiscal-pidio-seis-anos-de-carcel-para-berlusconi-por-el-caso-ruby\/","og_locale":"es_ES","og_type":"article","og_title":"El fiscal pidi\u00f3 seis a\u00f1os de c\u00e1rcel para Berlusconi por el caso Ruby","og_description":"Fiscales de Mil\u00e1n pidieron hoy seis a\u00f1os de c\u00e1rcel para el ex primer ministro Silivio Berlusconi por el caso en el que est\u00e1 acusado de haber tenido","og_url":"https:\/\/www.pressenza.com\/es\/2013\/05\/el-fiscal-pidio-seis-anos-de-carcel-para-berlusconi-por-el-caso-ruby\/","og_site_name":"Pressenza","article_publisher":"https:\/\/www.facebook.com\/PressenzaItalia","article_author":"https:\/\/www.facebook.com\/AgenciaTELAM","article_published_time":"2013-05-13T22:43:53+00:00","og_image":[{"width":510,"height":340,"url":"https:\/\/www.pressenza.com\/wp-content\/uploads\/2013\/05\/Berlusconi.jpg","type":"image\/jpeg"}],"author":"T\u00e9lam - Agencia Nacional de Noticias de la Rep\u00fablica Argentina","twitter_card":"summary_large_image","twitter_creator":"@AgenciaTelam","twitter_site":"@PressenzaIPA","twitter_misc":{"Escrito por":"T\u00e9lam - Agencia Nacional de Noticias de la Rep\u00fablica Argentina","Tiempo de lectura":"3 minutos"},"schema":{"@context":"https:\/\/schema.org","@graph":[{"@type":"Article","@id":"https:\/\/www.pressenza.com\/es\/2013\/05\/el-fiscal-pidio-seis-anos-de-carcel-para-berlusconi-por-el-caso-ruby\/#article","isPartOf":{"@id":"https:\/\/www.pressenza.com\/es\/2013\/05\/el-fiscal-pidio-seis-anos-de-carcel-para-berlusconi-por-el-caso-ruby\/"},"author":{"name":"T\u00e9lam - Agencia Nacional de Noticias de la Rep\u00fablica Argentina","@id":"https:\/\/www.pressenza.com\/es\/#\/schema\/person\/f1a879435e38cd8f69eac14ebf21489e"},"headline":"El fiscal pidi\u00f3 seis a\u00f1os de c\u00e1rcel para Berlusconi por el caso Ruby","datePublished":"2013-05-13T22:43:53+00:00","mainEntityOfPage":{"@id":"https:\/\/www.pressenza.com\/es\/2013\/05\/el-fiscal-pidio-seis-anos-de-carcel-para-berlusconi-por-el-caso-ruby\/"},"wordCount":561,"publisher":{"@id":"https:\/\/www.pressenza.com\/es\/#organization"},"image":{"@id":"https:\/\/www.pressenza.com\/es\/2013\/05\/el-fiscal-pidio-seis-anos-de-carcel-para-berlusconi-por-el-caso-ruby\/#primaryimage"},"thumbnailUrl":"https:\/\/www.pressenza.com\/wp-content\/uploads\/2013\/05\/Berlusconi.jpg","keywords":["Berlusconi"],"articleSection":["Europa","Pol\u00edtica"],"inLanguage":"es"},{"@type":"WebPage","@id":"https:\/\/www.pressenza.com\/es\/2013\/05\/el-fiscal-pidio-seis-anos-de-carcel-para-berlusconi-por-el-caso-ruby\/","url":"https:\/\/www.pressenza.com\/es\/2013\/05\/el-fiscal-pidio-seis-anos-de-carcel-para-berlusconi-por-el-caso-ruby\/","name":"El fiscal pidi\u00f3 seis a\u00f1os de c\u00e1rcel para Berlusconi por el caso Ruby","isPartOf":{"@id":"https:\/\/www.pressenza.com\/es\/#website"},"primaryImageOfPage":{"@id":"https:\/\/www.pressenza.com\/es\/2013\/05\/el-fiscal-pidio-seis-anos-de-carcel-para-berlusconi-por-el-caso-ruby\/#primaryimage"},"image":{"@id":"https:\/\/www.pressenza.com\/es\/2013\/05\/el-fiscal-pidio-seis-anos-de-carcel-para-berlusconi-por-el-caso-ruby\/#primaryimage"},"thumbnailUrl":"https:\/\/www.pressenza.com\/wp-content\/uploads\/2013\/05\/Berlusconi.jpg","datePublished":"2013-05-13T22:43:53+00:00","description":"Fiscales de Mil\u00e1n pidieron hoy seis a\u00f1os de c\u00e1rcel para el ex primer ministro Silivio Berlusconi por el caso en el que est\u00e1 acusado de haber tenido","breadcrumb":{"@id":"https:\/\/www.pressenza.com\/es\/2013\/05\/el-fiscal-pidio-seis-anos-de-carcel-para-berlusconi-por-el-caso-ruby\/#breadcrumb"},"inLanguage":"es","potentialAction":[{"@type":"ReadAction","target":["https:\/\/www.pressenza.com\/es\/2013\/05\/el-fiscal-pidio-seis-anos-de-carcel-para-berlusconi-por-el-caso-ruby\/"]}]},{"@type":"ImageObject","inLanguage":"es","@id":"https:\/\/www.pressenza.com\/es\/2013\/05\/el-fiscal-pidio-seis-anos-de-carcel-para-berlusconi-por-el-caso-ruby\/#primaryimage","url":"https:\/\/www.pressenza.com\/wp-content\/uploads\/2013\/05\/Berlusconi.jpg","contentUrl":"https:\/\/www.pressenza.com\/wp-content\/uploads\/2013\/05\/Berlusconi.jpg","width":510,"height":340},{"@type":"BreadcrumbList","@id":"https:\/\/www.pressenza.com\/es\/2013\/05\/el-fiscal-pidio-seis-anos-de-carcel-para-berlusconi-por-el-caso-ruby\/#breadcrumb","itemListElement":[{"@type":"ListItem","position":1,"name":"Accueil","item":"https:\/\/www.pressenza.com\/es\/"},{"@type":"ListItem","position":2,"name":"El fiscal pidi\u00f3 seis a\u00f1os de c\u00e1rcel para Berlusconi por el caso Ruby"}]},{"@type":"WebSite","@id":"https:\/\/www.pressenza.com\/es\/#website","url":"https:\/\/www.pressenza.com\/es\/","name":"Pressenza","description":"International Press Agency","publisher":{"@id":"https:\/\/www.pressenza.com\/es\/#organization"},"potentialAction":[{"@type":"SearchAction","target":{"@type":"EntryPoint","urlTemplate":"https:\/\/www.pressenza.com\/es\/?s={search_term_string}"},"query-input":{"@type":"PropertyValueSpecification","valueRequired":true,"valueName":"search_term_string"}}],"inLanguage":"es"},{"@type":"Organization","@id":"https:\/\/www.pressenza.com\/es\/#organization","name":"Pressenza","url":"https:\/\/www.pressenza.com\/es\/","logo":{"@type":"ImageObject","inLanguage":"es","@id":"https:\/\/www.pressenza.com\/es\/#\/schema\/logo\/image\/","url":"https:\/\/www.pressenza.com\/wp-content\/uploads\/2022\/10\/pressenza_logo_200x200.jpg","contentUrl":"https:\/\/www.pressenza.com\/wp-content\/uploads\/2022\/10\/pressenza_logo_200x200.jpg","width":200,"height":200,"caption":"Pressenza"},"image":{"@id":"https:\/\/www.pressenza.com\/es\/#\/schema\/logo\/image\/"},"sameAs":["https:\/\/www.facebook.com\/PressenzaItalia","https:\/\/x.com\/PressenzaIPA"]},{"@type":"Person","@id":"https:\/\/www.pressenza.com\/es\/#\/schema\/person\/f1a879435e38cd8f69eac14ebf21489e","name":"T\u00e9lam - Agencia Nacional de Noticias de la Rep\u00fablica Argentina","description":"T\u00e9lam es una de las grandes agencias de noticias a nivel regional. El prestigio, acceso a fuentes oficiales, la cobertura en todo el territorio nacional y corresponsal\u00edas en el exterior; y la responsabilidad en el tratamiento informativo son caracter\u00edsticas que colocan a T\u00e9lam en referente period\u00edstico confiable y cre\u00edble en el pa\u00eds y en el mundo. Sostiene un servicio actualizado, detallado y original en diversos formatos, las 24 horas del d\u00eda, todos los d\u00edas del a\u00f1o. Es l\u00edder en el mercado nacional y sostiene alianzas a nivel regional y mundial que le permiten expandir los servicios period\u00edsticos. Suministra sus productos v\u00eda on line, tanto a nivel local como internacional. En la actualidad, la Agencia suma a sus servicios tradicionales, nuevos desaf\u00edos a partir de la realizaci\u00f3n de producciones multimedia para diversas plataformas. www.telam.com.ar","sameAs":["https:\/\/www.facebook.com\/AgenciaTELAM","https:\/\/x.com\/AgenciaTelam"],"url":"https:\/\/www.pressenza.com\/es\/author\/telam\/"}]}},"place":"Roma","original_article_url":"","_links":{"self":[{"href":"https:\/\/www.pressenza.com\/es\/wp-json\/wp\/v2\/posts\/51825","targetHints":{"allow":["GET"]}}],"collection":[{"href":"https:\/\/www.pressenza.com\/es\/wp-json\/wp\/v2\/posts"}],"about":[{"href":"https:\/\/www.pressenza.com\/es\/wp-json\/wp\/v2\/types\/post"}],"author":[{"embeddable":true,"href":"https:\/\/www.pressenza.com\/es\/wp-json\/wp\/v2\/users\/494"}],"replies":[{"embeddable":true,"href":"https:\/\/www.pressenza.com\/es\/wp-json\/wp\/v2\/comments?post=51825"}],"version-history":[{"count":0,"href":"https:\/\/www.pressenza.com\/es\/wp-json\/wp\/v2\/posts\/51825\/revisions"}],"wp:featuredmedia":[{"embeddable":true,"href":"https:\/\/www.pressenza.com\/es\/wp-json\/wp\/v2\/media\/51828"}],"wp:attachment":[{"href":"https:\/\/www.pressenza.com\/es\/wp-json\/wp\/v2\/media?parent=51825"}],"wp:term":[{"taxonomy":"category","embeddable":true,"href":"https:\/\/www.pressenza.com\/es\/wp-json\/wp\/v2\/categories?post=51825"},{"taxonomy":"post_tag","embeddable":true,"href":"https:\/\/www.pressenza.com\/es\/wp-json\/wp\/v2\/tags?post=51825"}],"curies":[{"name":"wp","href":"https:\/\/api.w.org\/{rel}","templated":true}]}}