{"id":51820,"date":"2013-05-13T23:41:06","date_gmt":"2013-05-13T22:41:06","guid":{"rendered":"http:\/\/www.pressenza.com\/?p=51820"},"modified":"2013-05-13T23:41:06","modified_gmt":"2013-05-13T22:41:06","slug":"corea-del-norte-reemplazo-a-su-ministro-de-defensa","status":"publish","type":"post","link":"https:\/\/www.pressenza.com\/es\/2013\/05\/corea-del-norte-reemplazo-a-su-ministro-de-defensa\/","title":{"rendered":"Corea del Norte reemplaz\u00f3 a su ministro de Defensa"},"content":{"rendered":"<p style=\"text-align: justify;\">El flamante titular de la cartera es Jang Jong-nam, m\u00e1s joven y desconocido que el anterior, considerado de la l\u00ednea dura del gobierno. El cambio podr\u00eda suavizar las pol\u00edticas de defensa del pa\u00eds.<\/p>\n<p style=\"text-align: justify;\">El flamante ministro Jang Jong-nam, un general de tres estrellas que fue ascendido a teniente general en noviembre de 2011, tiene 50 a\u00f1os y hoy se dio a conocer por primera vez su participaci\u00f3n en un acto oficial.<\/p>\n<p>La agencia oficial de noticias KCNA dio cuenta de su asistencia a un evento musical del ej\u00e9rcito en el que tambi\u00e9n particip\u00f3 el l\u00edder del pa\u00eds, Kim Jong-un, y su esposa, Ri Sol-ju.<\/p>\n<p>El retirado Kim Kyok-sik estuvo apenas ocho meses al frente del Ej\u00e9rcito y es considerado del ala m\u00e1s dura. Se\u00fal lo acusa de ser el responsable de los ataques al buque Cheonan y a la isla de Yeonpyong en 2010 en el que 50 personas murieron, cuando se desempe\u00f1aba como comandante del Cuarto Cuerpo del Ej\u00e9rcito.<\/p>\n<p>El cargo asignado a Jang es el equivalente al ministro de Defensa y ser\u00e1 supervisado por la comisi\u00f3n nacional de Defensa, el m\u00e1s alto \u00f3rgano militar de Corea del Norte, presidido por Kim Jong-un.<\/p>\n<p>Analistas surcoreanos ven este cambio como un intento por suavizar la pol\u00edtica de defensa, tras varios meses de tensi\u00f3n entre ambas Coreas.<\/p>\n<p>\u00abJang es considerado un miembro de las nuevas generaciones dentro del Ej\u00e9rcito y su repentina aparici\u00f3n puede ser una se\u00f1al de que los dirigentes de Corea del Norte buscan un cambio hacia oficiales m\u00e1s j\u00f3venes,\u00bb observ\u00f3 un analista, citado por la agencia de noticias Efe.<\/p>\n<p>En tanto, los ej\u00e9rcitos de Estados Unidos y Corea del Sur realizar\u00e1n a partir de hoy dos d\u00edas de ejercicios navales con un portaaviones a propulsi\u00f3n nuclear, en lo que Pyongyang consider\u00f3 \u00abuna amenaza abierta y un chantaje\u00bb contra su pa\u00eds en un momento en que la situaci\u00f3n est\u00e1 en calma tras dos meses de tensi\u00f3n.<\/p>\n<p>En los \u00faltimos meses Corea del Norte lanz\u00f3 amenazas b\u00e9licas contra Se\u00fal y Washington, a los que acus\u00f3 de estar preparando una invasi\u00f3n a su pa\u00eds con los ensayos militares conjuntos de Foal Eagle.<\/p>\n<p>Sin embargo, la tensi\u00f3n fue bajando cuando, seg\u00fan fuentes de inteligencia estadounidenses, Corea del Norte repleg\u00f3 los misiles que hab\u00eda tendido en su costa oriental.<\/p>\n","protected":false},"excerpt":{"rendered":"<p>El flamante titular de la cartera es Jang Jong-nam, m\u00e1s joven y desconocido que el anterior, considerado de la l\u00ednea dura del gobierno. El cambio podr\u00eda suavizar las pol\u00edticas de defensa del pa\u00eds. El flamante ministro Jang Jong-nam, un general&hellip;<\/p>\n","protected":false},"author":494,"featured_media":51822,"comment_status":"closed","ping_status":"open","sticky":false,"template":"","format":"standard","meta":{"footnotes":""},"categories":[65,1243],"tags":[],"class_list":["post-51820","post","type-post","status-publish","format-standard","has-post-thumbnail","hentry","category-asia-es","category-paz-desarme"],"yoast_head":"<!-- This site is optimized with the Yoast SEO plugin v27.1.1 - https:\/\/yoast.com\/product\/yoast-seo-wordpress\/ -->\n<title>Corea del Norte reemplaz\u00f3 a su ministro de Defensa<\/title>\n<meta name=\"description\" content=\"El flamante titular de la cartera es Jang Jong-nam, m\u00e1s joven y desconocido que el anterior, considerado de la l\u00ednea dura del gobierno. El cambio podr\u00eda\" \/>\n<meta name=\"robots\" content=\"index, follow, max-snippet:-1, max-image-preview:large, max-video-preview:-1\" \/>\n<link rel=\"canonical\" href=\"https:\/\/www.pressenza.com\/es\/2013\/05\/corea-del-norte-reemplazo-a-su-ministro-de-defensa\/\" \/>\n<meta property=\"og:locale\" content=\"es_ES\" \/>\n<meta property=\"og:type\" content=\"article\" \/>\n<meta property=\"og:title\" content=\"Corea del Norte reemplaz\u00f3 a su ministro de Defensa\" \/>\n<meta property=\"og:description\" content=\"El flamante titular de la cartera es Jang Jong-nam, m\u00e1s joven y desconocido que el anterior, considerado de la l\u00ednea dura del gobierno. El cambio podr\u00eda\" \/>\n<meta property=\"og:url\" content=\"https:\/\/www.pressenza.com\/es\/2013\/05\/corea-del-norte-reemplazo-a-su-ministro-de-defensa\/\" \/>\n<meta property=\"og:site_name\" content=\"Pressenza\" \/>\n<meta property=\"article:publisher\" content=\"https:\/\/www.facebook.com\/PressenzaItalia\" \/>\n<meta property=\"article:author\" content=\"https:\/\/www.facebook.com\/AgenciaTELAM\" \/>\n<meta property=\"article:published_time\" content=\"2013-05-13T22:41:06+00:00\" \/>\n<meta property=\"og:image\" content=\"https:\/\/www.pressenza.com\/wp-content\/uploads\/2013\/05\/corea.jpg\" \/>\n\t<meta property=\"og:image:width\" content=\"320\" \/>\n\t<meta property=\"og:image:height\" content=\"213\" \/>\n\t<meta property=\"og:image:type\" content=\"image\/jpeg\" \/>\n<meta name=\"author\" content=\"T\u00e9lam - Agencia Nacional de Noticias de la Rep\u00fablica Argentina\" \/>\n<meta name=\"twitter:card\" content=\"summary_large_image\" \/>\n<meta name=\"twitter:creator\" content=\"@AgenciaTelam\" \/>\n<meta name=\"twitter:site\" content=\"@PressenzaIPA\" \/>\n<meta name=\"twitter:label1\" content=\"Escrito por\" \/>\n\t<meta name=\"twitter:data1\" content=\"T\u00e9lam - Agencia Nacional de Noticias de la Rep\u00fablica Argentina\" \/>\n\t<meta name=\"twitter:label2\" content=\"Tiempo de lectura\" \/>\n\t<meta name=\"twitter:data2\" content=\"2 minutos\" \/>\n<script type=\"application\/ld+json\" class=\"yoast-schema-graph\">{\"@context\":\"https:\/\/schema.org\",\"@graph\":[{\"@type\":\"Article\",\"@id\":\"https:\/\/www.pressenza.com\/es\/2013\/05\/corea-del-norte-reemplazo-a-su-ministro-de-defensa\/#article\",\"isPartOf\":{\"@id\":\"https:\/\/www.pressenza.com\/es\/2013\/05\/corea-del-norte-reemplazo-a-su-ministro-de-defensa\/\"},\"author\":{\"name\":\"T\u00e9lam - Agencia Nacional de Noticias de la Rep\u00fablica Argentina\",\"@id\":\"https:\/\/www.pressenza.com\/es\/#\/schema\/person\/f1a879435e38cd8f69eac14ebf21489e\"},\"headline\":\"Corea del Norte reemplaz\u00f3 a su ministro de Defensa\",\"datePublished\":\"2013-05-13T22:41:06+00:00\",\"mainEntityOfPage\":{\"@id\":\"https:\/\/www.pressenza.com\/es\/2013\/05\/corea-del-norte-reemplazo-a-su-ministro-de-defensa\/\"},\"wordCount\":420,\"publisher\":{\"@id\":\"https:\/\/www.pressenza.com\/es\/#organization\"},\"image\":{\"@id\":\"https:\/\/www.pressenza.com\/es\/2013\/05\/corea-del-norte-reemplazo-a-su-ministro-de-defensa\/#primaryimage\"},\"thumbnailUrl\":\"https:\/\/www.pressenza.com\/wp-content\/uploads\/2013\/05\/corea.jpg\",\"articleSection\":[\"Asia\",\"Paz y Desarme\"],\"inLanguage\":\"es\"},{\"@type\":\"WebPage\",\"@id\":\"https:\/\/www.pressenza.com\/es\/2013\/05\/corea-del-norte-reemplazo-a-su-ministro-de-defensa\/\",\"url\":\"https:\/\/www.pressenza.com\/es\/2013\/05\/corea-del-norte-reemplazo-a-su-ministro-de-defensa\/\",\"name\":\"Corea del Norte reemplaz\u00f3 a su ministro de Defensa\",\"isPartOf\":{\"@id\":\"https:\/\/www.pressenza.com\/es\/#website\"},\"primaryImageOfPage\":{\"@id\":\"https:\/\/www.pressenza.com\/es\/2013\/05\/corea-del-norte-reemplazo-a-su-ministro-de-defensa\/#primaryimage\"},\"image\":{\"@id\":\"https:\/\/www.pressenza.com\/es\/2013\/05\/corea-del-norte-reemplazo-a-su-ministro-de-defensa\/#primaryimage\"},\"thumbnailUrl\":\"https:\/\/www.pressenza.com\/wp-content\/uploads\/2013\/05\/corea.jpg\",\"datePublished\":\"2013-05-13T22:41:06+00:00\",\"description\":\"El flamante titular de la cartera es Jang Jong-nam, m\u00e1s joven y desconocido que el anterior, considerado de la l\u00ednea dura del gobierno. El cambio podr\u00eda\",\"breadcrumb\":{\"@id\":\"https:\/\/www.pressenza.com\/es\/2013\/05\/corea-del-norte-reemplazo-a-su-ministro-de-defensa\/#breadcrumb\"},\"inLanguage\":\"es\",\"potentialAction\":[{\"@type\":\"ReadAction\",\"target\":[\"https:\/\/www.pressenza.com\/es\/2013\/05\/corea-del-norte-reemplazo-a-su-ministro-de-defensa\/\"]}]},{\"@type\":\"ImageObject\",\"inLanguage\":\"es\",\"@id\":\"https:\/\/www.pressenza.com\/es\/2013\/05\/corea-del-norte-reemplazo-a-su-ministro-de-defensa\/#primaryimage\",\"url\":\"https:\/\/www.pressenza.com\/wp-content\/uploads\/2013\/05\/corea.jpg\",\"contentUrl\":\"https:\/\/www.pressenza.com\/wp-content\/uploads\/2013\/05\/corea.jpg\",\"width\":320,\"height\":213},{\"@type\":\"BreadcrumbList\",\"@id\":\"https:\/\/www.pressenza.com\/es\/2013\/05\/corea-del-norte-reemplazo-a-su-ministro-de-defensa\/#breadcrumb\",\"itemListElement\":[{\"@type\":\"ListItem\",\"position\":1,\"name\":\"Accueil\",\"item\":\"https:\/\/www.pressenza.com\/es\/\"},{\"@type\":\"ListItem\",\"position\":2,\"name\":\"Corea del Norte reemplaz\u00f3 a su ministro de Defensa\"}]},{\"@type\":\"WebSite\",\"@id\":\"https:\/\/www.pressenza.com\/es\/#website\",\"url\":\"https:\/\/www.pressenza.com\/es\/\",\"name\":\"Pressenza\",\"description\":\"International Press Agency\",\"publisher\":{\"@id\":\"https:\/\/www.pressenza.com\/es\/#organization\"},\"potentialAction\":[{\"@type\":\"SearchAction\",\"target\":{\"@type\":\"EntryPoint\",\"urlTemplate\":\"https:\/\/www.pressenza.com\/es\/?s={search_term_string}\"},\"query-input\":{\"@type\":\"PropertyValueSpecification\",\"valueRequired\":true,\"valueName\":\"search_term_string\"}}],\"inLanguage\":\"es\"},{\"@type\":\"Organization\",\"@id\":\"https:\/\/www.pressenza.com\/es\/#organization\",\"name\":\"Pressenza\",\"url\":\"https:\/\/www.pressenza.com\/es\/\",\"logo\":{\"@type\":\"ImageObject\",\"inLanguage\":\"es\",\"@id\":\"https:\/\/www.pressenza.com\/es\/#\/schema\/logo\/image\/\",\"url\":\"https:\/\/www.pressenza.com\/wp-content\/uploads\/2022\/10\/pressenza_logo_200x200.jpg\",\"contentUrl\":\"https:\/\/www.pressenza.com\/wp-content\/uploads\/2022\/10\/pressenza_logo_200x200.jpg\",\"width\":200,\"height\":200,\"caption\":\"Pressenza\"},\"image\":{\"@id\":\"https:\/\/www.pressenza.com\/es\/#\/schema\/logo\/image\/\"},\"sameAs\":[\"https:\/\/www.facebook.com\/PressenzaItalia\",\"https:\/\/x.com\/PressenzaIPA\"]},{\"@type\":\"Person\",\"@id\":\"https:\/\/www.pressenza.com\/es\/#\/schema\/person\/f1a879435e38cd8f69eac14ebf21489e\",\"name\":\"T\u00e9lam - Agencia Nacional de Noticias de la Rep\u00fablica Argentina\",\"description\":\"T\u00e9lam es una de las grandes agencias de noticias a nivel regional. El prestigio, acceso a fuentes oficiales, la cobertura en todo el territorio nacional y corresponsal\u00edas en el exterior; y la responsabilidad en el tratamiento informativo son caracter\u00edsticas que colocan a T\u00e9lam en referente period\u00edstico confiable y cre\u00edble en el pa\u00eds y en el mundo. Sostiene un servicio actualizado, detallado y original en diversos formatos, las 24 horas del d\u00eda, todos los d\u00edas del a\u00f1o. Es l\u00edder en el mercado nacional y sostiene alianzas a nivel regional y mundial que le permiten expandir los servicios period\u00edsticos. Suministra sus productos v\u00eda on line, tanto a nivel local como internacional. En la actualidad, la Agencia suma a sus servicios tradicionales, nuevos desaf\u00edos a partir de la realizaci\u00f3n de producciones multimedia para diversas plataformas. www.telam.com.ar\",\"sameAs\":[\"https:\/\/www.facebook.com\/AgenciaTELAM\",\"https:\/\/x.com\/AgenciaTelam\"],\"url\":\"https:\/\/www.pressenza.com\/es\/author\/telam\/\"}]}<\/script>\n<!-- \/ Yoast SEO plugin. -->","yoast_head_json":{"title":"Corea del Norte reemplaz\u00f3 a su ministro de Defensa","description":"El flamante titular de la cartera es Jang Jong-nam, m\u00e1s joven y desconocido que el anterior, considerado de la l\u00ednea dura del gobierno. El cambio podr\u00eda","robots":{"index":"index","follow":"follow","max-snippet":"max-snippet:-1","max-image-preview":"max-image-preview:large","max-video-preview":"max-video-preview:-1"},"canonical":"https:\/\/www.pressenza.com\/es\/2013\/05\/corea-del-norte-reemplazo-a-su-ministro-de-defensa\/","og_locale":"es_ES","og_type":"article","og_title":"Corea del Norte reemplaz\u00f3 a su ministro de Defensa","og_description":"El flamante titular de la cartera es Jang Jong-nam, m\u00e1s joven y desconocido que el anterior, considerado de la l\u00ednea dura del gobierno. El cambio podr\u00eda","og_url":"https:\/\/www.pressenza.com\/es\/2013\/05\/corea-del-norte-reemplazo-a-su-ministro-de-defensa\/","og_site_name":"Pressenza","article_publisher":"https:\/\/www.facebook.com\/PressenzaItalia","article_author":"https:\/\/www.facebook.com\/AgenciaTELAM","article_published_time":"2013-05-13T22:41:06+00:00","og_image":[{"width":320,"height":213,"url":"https:\/\/www.pressenza.com\/wp-content\/uploads\/2013\/05\/corea.jpg","type":"image\/jpeg"}],"author":"T\u00e9lam - Agencia Nacional de Noticias de la Rep\u00fablica Argentina","twitter_card":"summary_large_image","twitter_creator":"@AgenciaTelam","twitter_site":"@PressenzaIPA","twitter_misc":{"Escrito por":"T\u00e9lam - Agencia Nacional de Noticias de la Rep\u00fablica Argentina","Tiempo de lectura":"2 minutos"},"schema":{"@context":"https:\/\/schema.org","@graph":[{"@type":"Article","@id":"https:\/\/www.pressenza.com\/es\/2013\/05\/corea-del-norte-reemplazo-a-su-ministro-de-defensa\/#article","isPartOf":{"@id":"https:\/\/www.pressenza.com\/es\/2013\/05\/corea-del-norte-reemplazo-a-su-ministro-de-defensa\/"},"author":{"name":"T\u00e9lam - Agencia Nacional de Noticias de la Rep\u00fablica Argentina","@id":"https:\/\/www.pressenza.com\/es\/#\/schema\/person\/f1a879435e38cd8f69eac14ebf21489e"},"headline":"Corea del Norte reemplaz\u00f3 a su ministro de Defensa","datePublished":"2013-05-13T22:41:06+00:00","mainEntityOfPage":{"@id":"https:\/\/www.pressenza.com\/es\/2013\/05\/corea-del-norte-reemplazo-a-su-ministro-de-defensa\/"},"wordCount":420,"publisher":{"@id":"https:\/\/www.pressenza.com\/es\/#organization"},"image":{"@id":"https:\/\/www.pressenza.com\/es\/2013\/05\/corea-del-norte-reemplazo-a-su-ministro-de-defensa\/#primaryimage"},"thumbnailUrl":"https:\/\/www.pressenza.com\/wp-content\/uploads\/2013\/05\/corea.jpg","articleSection":["Asia","Paz y Desarme"],"inLanguage":"es"},{"@type":"WebPage","@id":"https:\/\/www.pressenza.com\/es\/2013\/05\/corea-del-norte-reemplazo-a-su-ministro-de-defensa\/","url":"https:\/\/www.pressenza.com\/es\/2013\/05\/corea-del-norte-reemplazo-a-su-ministro-de-defensa\/","name":"Corea del Norte reemplaz\u00f3 a su ministro de Defensa","isPartOf":{"@id":"https:\/\/www.pressenza.com\/es\/#website"},"primaryImageOfPage":{"@id":"https:\/\/www.pressenza.com\/es\/2013\/05\/corea-del-norte-reemplazo-a-su-ministro-de-defensa\/#primaryimage"},"image":{"@id":"https:\/\/www.pressenza.com\/es\/2013\/05\/corea-del-norte-reemplazo-a-su-ministro-de-defensa\/#primaryimage"},"thumbnailUrl":"https:\/\/www.pressenza.com\/wp-content\/uploads\/2013\/05\/corea.jpg","datePublished":"2013-05-13T22:41:06+00:00","description":"El flamante titular de la cartera es Jang Jong-nam, m\u00e1s joven y desconocido que el anterior, considerado de la l\u00ednea dura del gobierno. El cambio podr\u00eda","breadcrumb":{"@id":"https:\/\/www.pressenza.com\/es\/2013\/05\/corea-del-norte-reemplazo-a-su-ministro-de-defensa\/#breadcrumb"},"inLanguage":"es","potentialAction":[{"@type":"ReadAction","target":["https:\/\/www.pressenza.com\/es\/2013\/05\/corea-del-norte-reemplazo-a-su-ministro-de-defensa\/"]}]},{"@type":"ImageObject","inLanguage":"es","@id":"https:\/\/www.pressenza.com\/es\/2013\/05\/corea-del-norte-reemplazo-a-su-ministro-de-defensa\/#primaryimage","url":"https:\/\/www.pressenza.com\/wp-content\/uploads\/2013\/05\/corea.jpg","contentUrl":"https:\/\/www.pressenza.com\/wp-content\/uploads\/2013\/05\/corea.jpg","width":320,"height":213},{"@type":"BreadcrumbList","@id":"https:\/\/www.pressenza.com\/es\/2013\/05\/corea-del-norte-reemplazo-a-su-ministro-de-defensa\/#breadcrumb","itemListElement":[{"@type":"ListItem","position":1,"name":"Accueil","item":"https:\/\/www.pressenza.com\/es\/"},{"@type":"ListItem","position":2,"name":"Corea del Norte reemplaz\u00f3 a su ministro de Defensa"}]},{"@type":"WebSite","@id":"https:\/\/www.pressenza.com\/es\/#website","url":"https:\/\/www.pressenza.com\/es\/","name":"Pressenza","description":"International Press Agency","publisher":{"@id":"https:\/\/www.pressenza.com\/es\/#organization"},"potentialAction":[{"@type":"SearchAction","target":{"@type":"EntryPoint","urlTemplate":"https:\/\/www.pressenza.com\/es\/?s={search_term_string}"},"query-input":{"@type":"PropertyValueSpecification","valueRequired":true,"valueName":"search_term_string"}}],"inLanguage":"es"},{"@type":"Organization","@id":"https:\/\/www.pressenza.com\/es\/#organization","name":"Pressenza","url":"https:\/\/www.pressenza.com\/es\/","logo":{"@type":"ImageObject","inLanguage":"es","@id":"https:\/\/www.pressenza.com\/es\/#\/schema\/logo\/image\/","url":"https:\/\/www.pressenza.com\/wp-content\/uploads\/2022\/10\/pressenza_logo_200x200.jpg","contentUrl":"https:\/\/www.pressenza.com\/wp-content\/uploads\/2022\/10\/pressenza_logo_200x200.jpg","width":200,"height":200,"caption":"Pressenza"},"image":{"@id":"https:\/\/www.pressenza.com\/es\/#\/schema\/logo\/image\/"},"sameAs":["https:\/\/www.facebook.com\/PressenzaItalia","https:\/\/x.com\/PressenzaIPA"]},{"@type":"Person","@id":"https:\/\/www.pressenza.com\/es\/#\/schema\/person\/f1a879435e38cd8f69eac14ebf21489e","name":"T\u00e9lam - Agencia Nacional de Noticias de la Rep\u00fablica Argentina","description":"T\u00e9lam es una de las grandes agencias de noticias a nivel regional. El prestigio, acceso a fuentes oficiales, la cobertura en todo el territorio nacional y corresponsal\u00edas en el exterior; y la responsabilidad en el tratamiento informativo son caracter\u00edsticas que colocan a T\u00e9lam en referente period\u00edstico confiable y cre\u00edble en el pa\u00eds y en el mundo. Sostiene un servicio actualizado, detallado y original en diversos formatos, las 24 horas del d\u00eda, todos los d\u00edas del a\u00f1o. Es l\u00edder en el mercado nacional y sostiene alianzas a nivel regional y mundial que le permiten expandir los servicios period\u00edsticos. Suministra sus productos v\u00eda on line, tanto a nivel local como internacional. En la actualidad, la Agencia suma a sus servicios tradicionales, nuevos desaf\u00edos a partir de la realizaci\u00f3n de producciones multimedia para diversas plataformas. www.telam.com.ar","sameAs":["https:\/\/www.facebook.com\/AgenciaTELAM","https:\/\/x.com\/AgenciaTelam"],"url":"https:\/\/www.pressenza.com\/es\/author\/telam\/"}]}},"place":"Corea del Norte","original_article_url":"","_links":{"self":[{"href":"https:\/\/www.pressenza.com\/es\/wp-json\/wp\/v2\/posts\/51820","targetHints":{"allow":["GET"]}}],"collection":[{"href":"https:\/\/www.pressenza.com\/es\/wp-json\/wp\/v2\/posts"}],"about":[{"href":"https:\/\/www.pressenza.com\/es\/wp-json\/wp\/v2\/types\/post"}],"author":[{"embeddable":true,"href":"https:\/\/www.pressenza.com\/es\/wp-json\/wp\/v2\/users\/494"}],"replies":[{"embeddable":true,"href":"https:\/\/www.pressenza.com\/es\/wp-json\/wp\/v2\/comments?post=51820"}],"version-history":[{"count":0,"href":"https:\/\/www.pressenza.com\/es\/wp-json\/wp\/v2\/posts\/51820\/revisions"}],"wp:featuredmedia":[{"embeddable":true,"href":"https:\/\/www.pressenza.com\/es\/wp-json\/wp\/v2\/media\/51822"}],"wp:attachment":[{"href":"https:\/\/www.pressenza.com\/es\/wp-json\/wp\/v2\/media?parent=51820"}],"wp:term":[{"taxonomy":"category","embeddable":true,"href":"https:\/\/www.pressenza.com\/es\/wp-json\/wp\/v2\/categories?post=51820"},{"taxonomy":"post_tag","embeddable":true,"href":"https:\/\/www.pressenza.com\/es\/wp-json\/wp\/v2\/tags?post=51820"}],"curies":[{"name":"wp","href":"https:\/\/api.w.org\/{rel}","templated":true}]}}