{"id":51559,"date":"2013-05-12T03:20:22","date_gmt":"2013-05-12T02:20:22","guid":{"rendered":"http:\/\/www.pressenza.com\/?p=51559"},"modified":"2013-05-12T03:20:22","modified_gmt":"2013-05-12T02:20:22","slug":"los-estudiantes-chilenos-volveran-a-marchar-el-martes-cuando-pinera-hable-ante-el-congreso","status":"publish","type":"post","link":"https:\/\/www.pressenza.com\/es\/2013\/05\/los-estudiantes-chilenos-volveran-a-marchar-el-martes-cuando-pinera-hable-ante-el-congreso\/","title":{"rendered":"Los estudiantes chilenos volver\u00e1n a marchar el martes cuando Pi\u00f1era hable ante el Congreso"},"content":{"rendered":"<p style=\"text-align: justify;\">La Confederaci\u00f3n de Estudiantes de Chile se movilizar\u00e1 hasta el Parlamento <strong>el mismo d\u00eda en que el Presidente brinde la \u00faltima rendici\u00f3n de cuentas de su gesti\u00f3n<\/strong>.<\/p>\n<p style=\"text-align: justify;\">Los estudiantes universitarios enrolados en la Confederaci\u00f3n de Estudiantes de Chile (Confech) volver\u00e1n a movilizarse en la ciudad de Valpara\u00edso, donde est\u00e1 el Congreso Nacional, el martes 21, cuando el presidente Sebasti\u00e1n Pi\u00f1era haga la que ser\u00e1 su \u00faltima rendici\u00f3n de cuentas.<\/p>\n<p style=\"text-align: justify;\">El anuncio de los universitarios fue anoche, despu\u00e9s de una reuni\u00f3n con autoridades del Ministerio de Educaci\u00f3n y por el rechazo que gener\u00f3 entre los alumnos la p\u00e9rdida de beneficios, becas y cr\u00e9ditos que sufrir\u00edan alrededor de 3.000 estudiantes en todo Chile.<\/p>\n<p>El presidente de la Federaci\u00f3n de Estudiantes de la Universidad Cat\u00f3lica (FECH), Diego Vela, explic\u00f3 a la prensa que en el encuentro se les confirm\u00f3 \u00abla informaci\u00f3n que ya hab\u00eda, es decir, de la posibilidad de que muchos compa\u00f1eros puedan perder los beneficios y no puedan a acceder a la educaci\u00f3n superior\u00bb.<\/p>\n<p>Vela se\u00f1al\u00f3 que en estos momentos los m\u00e1s perjudicados son los estudiantes de universidades regionales, y que ya est\u00e1n en situaci\u00f3n de ocupaci\u00f3n las casas de estudios superiores de Magallanes, La Serena y Tarapac\u00e1, report\u00f3 la agencia EFE.<\/p>\n<p>El pasado mi\u00e9rcoles, unos 80.000 estudiantes chilenos salieron a las calles en la segunda gran convocatoria del a\u00f1o para continuar con su lucha por una educaci\u00f3n p\u00fablica, gratuita y de calidad, en la que no se lograron avances importates.<\/p>\n<p>Adem\u00e1s de la exigencia de fondo, los j\u00f3venes protestaron precisamente por un cambio en los criterios para asignar becas y cr\u00e9ditos a bajo inter\u00e9s, fundamentales para que muchos estudiantes puedan costear sus estudios.<\/p>\n<p>Las protestas comenzaron en 2011, cuando los alumnos empezaron a pedir cambios al sistema impuesto en 1981, durante la dictadura de Augusto Pinochet, que redujo los aportes del Estado y abri\u00f3 la educaci\u00f3n al mercado, lo que encareci\u00f3 el costo de los estudios.<\/p>\n<p>Para la marcha del 21 no fueron todav\u00eda convocados los estudiantes secundarios ni el Colegio de Profesores, pero se deescuenta que los dos sectores se sumar\u00e1n a la manifestaci\u00f3n, como lo hicieron en otras ocasiones, y tambi\u00e9n algunas organizaciones sociales.<\/p>\n<p>Ese d\u00eda, el presidente Pi\u00f1era tendr\u00e1 su \u00faltima cuenta p\u00fablica en el Congreso. Los estudiantes le dieron una suerte de \u00abultim\u00e1tum\u00bb al mandatario, al advertir que si no hay un cambio estructural profundo en la educaci\u00f3n, llamar\u00e1n a movilizaciones mucho m\u00e1s grandes permanentemente.<\/p>\n","protected":false},"excerpt":{"rendered":"<p>La Confederaci\u00f3n de Estudiantes de Chile se movilizar\u00e1 hasta el Parlamento el mismo d\u00eda en que el Presidente brinde la \u00faltima rendici\u00f3n de cuentas de su gesti\u00f3n. Los estudiantes universitarios enrolados en la Confederaci\u00f3n de Estudiantes de Chile (Confech) volver\u00e1n&hellip;<\/p>\n","protected":false},"author":494,"featured_media":51562,"comment_status":"closed","ping_status":"open","sticky":false,"template":"","format":"standard","meta":{"footnotes":""},"categories":[1230,67],"tags":[393,394],"class_list":["post-51559","post","type-post","status-publish","format-standard","has-post-thumbnail","hentry","category-educacion-tema","category-sudamerica","tag-educacion","tag-protestas-sociales"],"yoast_head":"<!-- This site is optimized with the Yoast SEO plugin v27.1.1 - https:\/\/yoast.com\/product\/yoast-seo-wordpress\/ -->\n<title>Los estudiantes chilenos volver\u00e1n a marchar el martes cuando Pi\u00f1era hable ante el Congreso<\/title>\n<meta name=\"description\" content=\"La Confederaci\u00f3n de Estudiantes de Chile se movilizar\u00e1 hasta el Parlamento el mismo d\u00eda en que el Presidente brinde la \u00faltima rendici\u00f3n de cuentas de su\" \/>\n<meta name=\"robots\" content=\"index, follow, max-snippet:-1, max-image-preview:large, max-video-preview:-1\" \/>\n<link rel=\"canonical\" href=\"https:\/\/www.pressenza.com\/es\/2013\/05\/los-estudiantes-chilenos-volveran-a-marchar-el-martes-cuando-pinera-hable-ante-el-congreso\/\" \/>\n<meta property=\"og:locale\" content=\"es_ES\" \/>\n<meta property=\"og:type\" content=\"article\" \/>\n<meta property=\"og:title\" content=\"Los estudiantes chilenos volver\u00e1n a marchar el martes cuando Pi\u00f1era hable ante el Congreso\" \/>\n<meta property=\"og:description\" content=\"La Confederaci\u00f3n de Estudiantes de Chile se movilizar\u00e1 hasta el Parlamento el mismo d\u00eda en que el Presidente brinde la \u00faltima rendici\u00f3n de cuentas de su\" \/>\n<meta property=\"og:url\" content=\"https:\/\/www.pressenza.com\/es\/2013\/05\/los-estudiantes-chilenos-volveran-a-marchar-el-martes-cuando-pinera-hable-ante-el-congreso\/\" \/>\n<meta property=\"og:site_name\" content=\"Pressenza\" \/>\n<meta property=\"article:publisher\" content=\"https:\/\/www.facebook.com\/PressenzaItalia\" \/>\n<meta property=\"article:author\" content=\"https:\/\/www.facebook.com\/AgenciaTELAM\" \/>\n<meta property=\"article:published_time\" content=\"2013-05-12T02:20:22+00:00\" \/>\n<meta property=\"og:image\" content=\"https:\/\/www.pressenza.com\/wp-content\/uploads\/2013\/05\/chile1.jpg\" \/>\n\t<meta property=\"og:image:width\" content=\"510\" \/>\n\t<meta property=\"og:image:height\" content=\"339\" \/>\n\t<meta property=\"og:image:type\" content=\"image\/jpeg\" \/>\n<meta name=\"author\" content=\"T\u00e9lam - Agencia Nacional de Noticias de la Rep\u00fablica Argentina\" \/>\n<meta name=\"twitter:card\" content=\"summary_large_image\" \/>\n<meta name=\"twitter:creator\" content=\"@AgenciaTelam\" \/>\n<meta name=\"twitter:site\" content=\"@PressenzaIPA\" \/>\n<meta name=\"twitter:label1\" content=\"Escrito por\" \/>\n\t<meta name=\"twitter:data1\" content=\"T\u00e9lam - Agencia Nacional de Noticias de la Rep\u00fablica Argentina\" \/>\n\t<meta name=\"twitter:label2\" content=\"Tiempo de lectura\" \/>\n\t<meta name=\"twitter:data2\" content=\"2 minutos\" \/>\n<script type=\"application\/ld+json\" class=\"yoast-schema-graph\">{\"@context\":\"https:\/\/schema.org\",\"@graph\":[{\"@type\":\"Article\",\"@id\":\"https:\/\/www.pressenza.com\/es\/2013\/05\/los-estudiantes-chilenos-volveran-a-marchar-el-martes-cuando-pinera-hable-ante-el-congreso\/#article\",\"isPartOf\":{\"@id\":\"https:\/\/www.pressenza.com\/es\/2013\/05\/los-estudiantes-chilenos-volveran-a-marchar-el-martes-cuando-pinera-hable-ante-el-congreso\/\"},\"author\":{\"name\":\"T\u00e9lam - Agencia Nacional de Noticias de la Rep\u00fablica Argentina\",\"@id\":\"https:\/\/www.pressenza.com\/es\/#\/schema\/person\/f1a879435e38cd8f69eac14ebf21489e\"},\"headline\":\"Los estudiantes chilenos volver\u00e1n a marchar el martes cuando Pi\u00f1era hable ante el Congreso\",\"datePublished\":\"2013-05-12T02:20:22+00:00\",\"mainEntityOfPage\":{\"@id\":\"https:\/\/www.pressenza.com\/es\/2013\/05\/los-estudiantes-chilenos-volveran-a-marchar-el-martes-cuando-pinera-hable-ante-el-congreso\/\"},\"wordCount\":456,\"publisher\":{\"@id\":\"https:\/\/www.pressenza.com\/es\/#organization\"},\"image\":{\"@id\":\"https:\/\/www.pressenza.com\/es\/2013\/05\/los-estudiantes-chilenos-volveran-a-marchar-el-martes-cuando-pinera-hable-ante-el-congreso\/#primaryimage\"},\"thumbnailUrl\":\"https:\/\/www.pressenza.com\/wp-content\/uploads\/2013\/05\/chile1.jpg\",\"keywords\":[\"Educaci\u00f3n\",\"protestas sociales\"],\"articleSection\":[\"Educaci\u00f3n\",\"Sudam\u00e9rica\"],\"inLanguage\":\"es\"},{\"@type\":\"WebPage\",\"@id\":\"https:\/\/www.pressenza.com\/es\/2013\/05\/los-estudiantes-chilenos-volveran-a-marchar-el-martes-cuando-pinera-hable-ante-el-congreso\/\",\"url\":\"https:\/\/www.pressenza.com\/es\/2013\/05\/los-estudiantes-chilenos-volveran-a-marchar-el-martes-cuando-pinera-hable-ante-el-congreso\/\",\"name\":\"Los estudiantes chilenos volver\u00e1n a marchar el martes cuando Pi\u00f1era hable ante el Congreso\",\"isPartOf\":{\"@id\":\"https:\/\/www.pressenza.com\/es\/#website\"},\"primaryImageOfPage\":{\"@id\":\"https:\/\/www.pressenza.com\/es\/2013\/05\/los-estudiantes-chilenos-volveran-a-marchar-el-martes-cuando-pinera-hable-ante-el-congreso\/#primaryimage\"},\"image\":{\"@id\":\"https:\/\/www.pressenza.com\/es\/2013\/05\/los-estudiantes-chilenos-volveran-a-marchar-el-martes-cuando-pinera-hable-ante-el-congreso\/#primaryimage\"},\"thumbnailUrl\":\"https:\/\/www.pressenza.com\/wp-content\/uploads\/2013\/05\/chile1.jpg\",\"datePublished\":\"2013-05-12T02:20:22+00:00\",\"description\":\"La Confederaci\u00f3n de Estudiantes de Chile se movilizar\u00e1 hasta el Parlamento el mismo d\u00eda en que el Presidente brinde la \u00faltima rendici\u00f3n de cuentas de su\",\"breadcrumb\":{\"@id\":\"https:\/\/www.pressenza.com\/es\/2013\/05\/los-estudiantes-chilenos-volveran-a-marchar-el-martes-cuando-pinera-hable-ante-el-congreso\/#breadcrumb\"},\"inLanguage\":\"es\",\"potentialAction\":[{\"@type\":\"ReadAction\",\"target\":[\"https:\/\/www.pressenza.com\/es\/2013\/05\/los-estudiantes-chilenos-volveran-a-marchar-el-martes-cuando-pinera-hable-ante-el-congreso\/\"]}]},{\"@type\":\"ImageObject\",\"inLanguage\":\"es\",\"@id\":\"https:\/\/www.pressenza.com\/es\/2013\/05\/los-estudiantes-chilenos-volveran-a-marchar-el-martes-cuando-pinera-hable-ante-el-congreso\/#primaryimage\",\"url\":\"https:\/\/www.pressenza.com\/wp-content\/uploads\/2013\/05\/chile1.jpg\",\"contentUrl\":\"https:\/\/www.pressenza.com\/wp-content\/uploads\/2013\/05\/chile1.jpg\",\"width\":510,\"height\":339},{\"@type\":\"BreadcrumbList\",\"@id\":\"https:\/\/www.pressenza.com\/es\/2013\/05\/los-estudiantes-chilenos-volveran-a-marchar-el-martes-cuando-pinera-hable-ante-el-congreso\/#breadcrumb\",\"itemListElement\":[{\"@type\":\"ListItem\",\"position\":1,\"name\":\"Accueil\",\"item\":\"https:\/\/www.pressenza.com\/es\/\"},{\"@type\":\"ListItem\",\"position\":2,\"name\":\"Los estudiantes chilenos volver\u00e1n a marchar el martes cuando Pi\u00f1era hable ante el Congreso\"}]},{\"@type\":\"WebSite\",\"@id\":\"https:\/\/www.pressenza.com\/es\/#website\",\"url\":\"https:\/\/www.pressenza.com\/es\/\",\"name\":\"Pressenza\",\"description\":\"International Press Agency\",\"publisher\":{\"@id\":\"https:\/\/www.pressenza.com\/es\/#organization\"},\"potentialAction\":[{\"@type\":\"SearchAction\",\"target\":{\"@type\":\"EntryPoint\",\"urlTemplate\":\"https:\/\/www.pressenza.com\/es\/?s={search_term_string}\"},\"query-input\":{\"@type\":\"PropertyValueSpecification\",\"valueRequired\":true,\"valueName\":\"search_term_string\"}}],\"inLanguage\":\"es\"},{\"@type\":\"Organization\",\"@id\":\"https:\/\/www.pressenza.com\/es\/#organization\",\"name\":\"Pressenza\",\"url\":\"https:\/\/www.pressenza.com\/es\/\",\"logo\":{\"@type\":\"ImageObject\",\"inLanguage\":\"es\",\"@id\":\"https:\/\/www.pressenza.com\/es\/#\/schema\/logo\/image\/\",\"url\":\"https:\/\/www.pressenza.com\/wp-content\/uploads\/2022\/10\/pressenza_logo_200x200.jpg\",\"contentUrl\":\"https:\/\/www.pressenza.com\/wp-content\/uploads\/2022\/10\/pressenza_logo_200x200.jpg\",\"width\":200,\"height\":200,\"caption\":\"Pressenza\"},\"image\":{\"@id\":\"https:\/\/www.pressenza.com\/es\/#\/schema\/logo\/image\/\"},\"sameAs\":[\"https:\/\/www.facebook.com\/PressenzaItalia\",\"https:\/\/x.com\/PressenzaIPA\"]},{\"@type\":\"Person\",\"@id\":\"https:\/\/www.pressenza.com\/es\/#\/schema\/person\/f1a879435e38cd8f69eac14ebf21489e\",\"name\":\"T\u00e9lam - Agencia Nacional de Noticias de la Rep\u00fablica Argentina\",\"description\":\"T\u00e9lam es una de las grandes agencias de noticias a nivel regional. El prestigio, acceso a fuentes oficiales, la cobertura en todo el territorio nacional y corresponsal\u00edas en el exterior; y la responsabilidad en el tratamiento informativo son caracter\u00edsticas que colocan a T\u00e9lam en referente period\u00edstico confiable y cre\u00edble en el pa\u00eds y en el mundo. Sostiene un servicio actualizado, detallado y original en diversos formatos, las 24 horas del d\u00eda, todos los d\u00edas del a\u00f1o. Es l\u00edder en el mercado nacional y sostiene alianzas a nivel regional y mundial que le permiten expandir los servicios period\u00edsticos. Suministra sus productos v\u00eda on line, tanto a nivel local como internacional. En la actualidad, la Agencia suma a sus servicios tradicionales, nuevos desaf\u00edos a partir de la realizaci\u00f3n de producciones multimedia para diversas plataformas. www.telam.com.ar\",\"sameAs\":[\"https:\/\/www.facebook.com\/AgenciaTELAM\",\"https:\/\/x.com\/AgenciaTelam\"],\"url\":\"https:\/\/www.pressenza.com\/es\/author\/telam\/\"}]}<\/script>\n<!-- \/ Yoast SEO plugin. -->","yoast_head_json":{"title":"Los estudiantes chilenos volver\u00e1n a marchar el martes cuando Pi\u00f1era hable ante el Congreso","description":"La Confederaci\u00f3n de Estudiantes de Chile se movilizar\u00e1 hasta el Parlamento el mismo d\u00eda en que el Presidente brinde la \u00faltima rendici\u00f3n de cuentas de su","robots":{"index":"index","follow":"follow","max-snippet":"max-snippet:-1","max-image-preview":"max-image-preview:large","max-video-preview":"max-video-preview:-1"},"canonical":"https:\/\/www.pressenza.com\/es\/2013\/05\/los-estudiantes-chilenos-volveran-a-marchar-el-martes-cuando-pinera-hable-ante-el-congreso\/","og_locale":"es_ES","og_type":"article","og_title":"Los estudiantes chilenos volver\u00e1n a marchar el martes cuando Pi\u00f1era hable ante el Congreso","og_description":"La Confederaci\u00f3n de Estudiantes de Chile se movilizar\u00e1 hasta el Parlamento el mismo d\u00eda en que el Presidente brinde la \u00faltima rendici\u00f3n de cuentas de su","og_url":"https:\/\/www.pressenza.com\/es\/2013\/05\/los-estudiantes-chilenos-volveran-a-marchar-el-martes-cuando-pinera-hable-ante-el-congreso\/","og_site_name":"Pressenza","article_publisher":"https:\/\/www.facebook.com\/PressenzaItalia","article_author":"https:\/\/www.facebook.com\/AgenciaTELAM","article_published_time":"2013-05-12T02:20:22+00:00","og_image":[{"width":510,"height":339,"url":"https:\/\/www.pressenza.com\/wp-content\/uploads\/2013\/05\/chile1.jpg","type":"image\/jpeg"}],"author":"T\u00e9lam - Agencia Nacional de Noticias de la Rep\u00fablica Argentina","twitter_card":"summary_large_image","twitter_creator":"@AgenciaTelam","twitter_site":"@PressenzaIPA","twitter_misc":{"Escrito por":"T\u00e9lam - Agencia Nacional de Noticias de la Rep\u00fablica Argentina","Tiempo de lectura":"2 minutos"},"schema":{"@context":"https:\/\/schema.org","@graph":[{"@type":"Article","@id":"https:\/\/www.pressenza.com\/es\/2013\/05\/los-estudiantes-chilenos-volveran-a-marchar-el-martes-cuando-pinera-hable-ante-el-congreso\/#article","isPartOf":{"@id":"https:\/\/www.pressenza.com\/es\/2013\/05\/los-estudiantes-chilenos-volveran-a-marchar-el-martes-cuando-pinera-hable-ante-el-congreso\/"},"author":{"name":"T\u00e9lam - Agencia Nacional de Noticias de la Rep\u00fablica Argentina","@id":"https:\/\/www.pressenza.com\/es\/#\/schema\/person\/f1a879435e38cd8f69eac14ebf21489e"},"headline":"Los estudiantes chilenos volver\u00e1n a marchar el martes cuando Pi\u00f1era hable ante el Congreso","datePublished":"2013-05-12T02:20:22+00:00","mainEntityOfPage":{"@id":"https:\/\/www.pressenza.com\/es\/2013\/05\/los-estudiantes-chilenos-volveran-a-marchar-el-martes-cuando-pinera-hable-ante-el-congreso\/"},"wordCount":456,"publisher":{"@id":"https:\/\/www.pressenza.com\/es\/#organization"},"image":{"@id":"https:\/\/www.pressenza.com\/es\/2013\/05\/los-estudiantes-chilenos-volveran-a-marchar-el-martes-cuando-pinera-hable-ante-el-congreso\/#primaryimage"},"thumbnailUrl":"https:\/\/www.pressenza.com\/wp-content\/uploads\/2013\/05\/chile1.jpg","keywords":["Educaci\u00f3n","protestas sociales"],"articleSection":["Educaci\u00f3n","Sudam\u00e9rica"],"inLanguage":"es"},{"@type":"WebPage","@id":"https:\/\/www.pressenza.com\/es\/2013\/05\/los-estudiantes-chilenos-volveran-a-marchar-el-martes-cuando-pinera-hable-ante-el-congreso\/","url":"https:\/\/www.pressenza.com\/es\/2013\/05\/los-estudiantes-chilenos-volveran-a-marchar-el-martes-cuando-pinera-hable-ante-el-congreso\/","name":"Los estudiantes chilenos volver\u00e1n a marchar el martes cuando Pi\u00f1era hable ante el Congreso","isPartOf":{"@id":"https:\/\/www.pressenza.com\/es\/#website"},"primaryImageOfPage":{"@id":"https:\/\/www.pressenza.com\/es\/2013\/05\/los-estudiantes-chilenos-volveran-a-marchar-el-martes-cuando-pinera-hable-ante-el-congreso\/#primaryimage"},"image":{"@id":"https:\/\/www.pressenza.com\/es\/2013\/05\/los-estudiantes-chilenos-volveran-a-marchar-el-martes-cuando-pinera-hable-ante-el-congreso\/#primaryimage"},"thumbnailUrl":"https:\/\/www.pressenza.com\/wp-content\/uploads\/2013\/05\/chile1.jpg","datePublished":"2013-05-12T02:20:22+00:00","description":"La Confederaci\u00f3n de Estudiantes de Chile se movilizar\u00e1 hasta el Parlamento el mismo d\u00eda en que el Presidente brinde la \u00faltima rendici\u00f3n de cuentas de su","breadcrumb":{"@id":"https:\/\/www.pressenza.com\/es\/2013\/05\/los-estudiantes-chilenos-volveran-a-marchar-el-martes-cuando-pinera-hable-ante-el-congreso\/#breadcrumb"},"inLanguage":"es","potentialAction":[{"@type":"ReadAction","target":["https:\/\/www.pressenza.com\/es\/2013\/05\/los-estudiantes-chilenos-volveran-a-marchar-el-martes-cuando-pinera-hable-ante-el-congreso\/"]}]},{"@type":"ImageObject","inLanguage":"es","@id":"https:\/\/www.pressenza.com\/es\/2013\/05\/los-estudiantes-chilenos-volveran-a-marchar-el-martes-cuando-pinera-hable-ante-el-congreso\/#primaryimage","url":"https:\/\/www.pressenza.com\/wp-content\/uploads\/2013\/05\/chile1.jpg","contentUrl":"https:\/\/www.pressenza.com\/wp-content\/uploads\/2013\/05\/chile1.jpg","width":510,"height":339},{"@type":"BreadcrumbList","@id":"https:\/\/www.pressenza.com\/es\/2013\/05\/los-estudiantes-chilenos-volveran-a-marchar-el-martes-cuando-pinera-hable-ante-el-congreso\/#breadcrumb","itemListElement":[{"@type":"ListItem","position":1,"name":"Accueil","item":"https:\/\/www.pressenza.com\/es\/"},{"@type":"ListItem","position":2,"name":"Los estudiantes chilenos volver\u00e1n a marchar el martes cuando Pi\u00f1era hable ante el Congreso"}]},{"@type":"WebSite","@id":"https:\/\/www.pressenza.com\/es\/#website","url":"https:\/\/www.pressenza.com\/es\/","name":"Pressenza","description":"International Press Agency","publisher":{"@id":"https:\/\/www.pressenza.com\/es\/#organization"},"potentialAction":[{"@type":"SearchAction","target":{"@type":"EntryPoint","urlTemplate":"https:\/\/www.pressenza.com\/es\/?s={search_term_string}"},"query-input":{"@type":"PropertyValueSpecification","valueRequired":true,"valueName":"search_term_string"}}],"inLanguage":"es"},{"@type":"Organization","@id":"https:\/\/www.pressenza.com\/es\/#organization","name":"Pressenza","url":"https:\/\/www.pressenza.com\/es\/","logo":{"@type":"ImageObject","inLanguage":"es","@id":"https:\/\/www.pressenza.com\/es\/#\/schema\/logo\/image\/","url":"https:\/\/www.pressenza.com\/wp-content\/uploads\/2022\/10\/pressenza_logo_200x200.jpg","contentUrl":"https:\/\/www.pressenza.com\/wp-content\/uploads\/2022\/10\/pressenza_logo_200x200.jpg","width":200,"height":200,"caption":"Pressenza"},"image":{"@id":"https:\/\/www.pressenza.com\/es\/#\/schema\/logo\/image\/"},"sameAs":["https:\/\/www.facebook.com\/PressenzaItalia","https:\/\/x.com\/PressenzaIPA"]},{"@type":"Person","@id":"https:\/\/www.pressenza.com\/es\/#\/schema\/person\/f1a879435e38cd8f69eac14ebf21489e","name":"T\u00e9lam - Agencia Nacional de Noticias de la Rep\u00fablica Argentina","description":"T\u00e9lam es una de las grandes agencias de noticias a nivel regional. El prestigio, acceso a fuentes oficiales, la cobertura en todo el territorio nacional y corresponsal\u00edas en el exterior; y la responsabilidad en el tratamiento informativo son caracter\u00edsticas que colocan a T\u00e9lam en referente period\u00edstico confiable y cre\u00edble en el pa\u00eds y en el mundo. Sostiene un servicio actualizado, detallado y original en diversos formatos, las 24 horas del d\u00eda, todos los d\u00edas del a\u00f1o. Es l\u00edder en el mercado nacional y sostiene alianzas a nivel regional y mundial que le permiten expandir los servicios period\u00edsticos. Suministra sus productos v\u00eda on line, tanto a nivel local como internacional. En la actualidad, la Agencia suma a sus servicios tradicionales, nuevos desaf\u00edos a partir de la realizaci\u00f3n de producciones multimedia para diversas plataformas. www.telam.com.ar","sameAs":["https:\/\/www.facebook.com\/AgenciaTELAM","https:\/\/x.com\/AgenciaTelam"],"url":"https:\/\/www.pressenza.com\/es\/author\/telam\/"}]}},"place":"Santiago de Chile","original_article_url":"","_links":{"self":[{"href":"https:\/\/www.pressenza.com\/es\/wp-json\/wp\/v2\/posts\/51559","targetHints":{"allow":["GET"]}}],"collection":[{"href":"https:\/\/www.pressenza.com\/es\/wp-json\/wp\/v2\/posts"}],"about":[{"href":"https:\/\/www.pressenza.com\/es\/wp-json\/wp\/v2\/types\/post"}],"author":[{"embeddable":true,"href":"https:\/\/www.pressenza.com\/es\/wp-json\/wp\/v2\/users\/494"}],"replies":[{"embeddable":true,"href":"https:\/\/www.pressenza.com\/es\/wp-json\/wp\/v2\/comments?post=51559"}],"version-history":[{"count":0,"href":"https:\/\/www.pressenza.com\/es\/wp-json\/wp\/v2\/posts\/51559\/revisions"}],"wp:featuredmedia":[{"embeddable":true,"href":"https:\/\/www.pressenza.com\/es\/wp-json\/wp\/v2\/media\/51562"}],"wp:attachment":[{"href":"https:\/\/www.pressenza.com\/es\/wp-json\/wp\/v2\/media?parent=51559"}],"wp:term":[{"taxonomy":"category","embeddable":true,"href":"https:\/\/www.pressenza.com\/es\/wp-json\/wp\/v2\/categories?post=51559"},{"taxonomy":"post_tag","embeddable":true,"href":"https:\/\/www.pressenza.com\/es\/wp-json\/wp\/v2\/tags?post=51559"}],"curies":[{"name":"wp","href":"https:\/\/api.w.org\/{rel}","templated":true}]}}