{"id":515246,"date":"2017-09-08T14:55:55","date_gmt":"2017-09-08T13:55:55","guid":{"rendered":"https:\/\/www.pressenza.com\/?p=515246\/"},"modified":"2017-09-08T14:55:55","modified_gmt":"2017-09-08T13:55:55","slug":"prohiban-la-marcha-de-forza-nuova-sobre-roma","status":"publish","type":"post","link":"https:\/\/www.pressenza.com\/es\/2017\/09\/prohiban-la-marcha-de-forza-nuova-sobre-roma\/","title":{"rendered":"Proh\u00edban la marcha de Forza Nuova sobre Roma"},"content":{"rendered":"<p>Al Ministro del Interior Marco Minniti<\/p>\n<p>Al Cuestor de Roma Guido Marino<\/p>\n<p>Al Prefecto de Roma Paola Basilone<\/p>\n<p>Para el 28 de octubre (fecha no casual) Forza Nuova organiza en Roma una \u00abMarcha de los patriotas\u00bb, destinada a difundir y propagar ideas racistas y fascistas contra los migrantes y contra el Ius Soli [<em>derecho del suelo<\/em>]; \u00a1nuestra Constituci\u00f3n proh\u00edbe la apolog\u00eda del fascismo, Roma es anti-fascista y anti-racista! Ministro del Interior, Prefecto y Cuestor de Roma, eviten este absurdo, anticonstitucional, b\u00e1rbaro y nost\u00e1lgico acontecimiento.<\/p>\n<p>Enlace para firmar la <a href=\"https:\/\/www.change.org\/p\/ministro-dell-interno-marco-minniti-vietare-la-marcia-su-roma-di-forza-nuova?utm_medium=email&amp;utm_source=petition_signer_receipt&amp;utm_campaign=triggered&amp;j=133566&amp;sfmc_sub=147534589&amp;l=32_HTML&amp;u=25671492&amp;mid=7233052&amp;jb=7865\">petici\u00f3n<\/a><\/p>\n","protected":false},"excerpt":{"rendered":"<p>Al Ministro del Interior Marco Minniti Al Cuestor de Roma Guido Marino Al Prefecto de Roma Paola Basilone Para el 28 de octubre (fecha no casual) Forza Nuova organiza en Roma una \u00abMarcha de los patriotas\u00bb, destinada a difundir y&hellip;<\/p>\n","protected":false},"author":594,"featured_media":515103,"comment_status":"closed","ping_status":"closed","sticky":false,"template":"","format":"standard","meta":{"footnotes":""},"categories":[66,74],"tags":[14974,40116],"class_list":["post-515246","post","type-post","status-publish","format-standard","has-post-thumbnail","hentry","category-europa-es","category-politica-es","tag-forza-nuova","tag-marcha-sobre-roma"],"yoast_head":"<!-- This site is optimized with the Yoast SEO plugin v27.1.1 - https:\/\/yoast.com\/product\/yoast-seo-wordpress\/ -->\n<title>Proh\u00edban la marcha de Forza Nuova sobre Roma<\/title>\n<meta name=\"description\" content=\"Al Ministro del Interior Marco Minniti Al Cuestor de Roma Guido Marino Al Prefecto de Roma Paola Basilone Para el 28 de octubre (fecha no casual) Forza\" \/>\n<meta name=\"robots\" content=\"index, follow, max-snippet:-1, max-image-preview:large, max-video-preview:-1\" \/>\n<link rel=\"canonical\" href=\"https:\/\/www.pressenza.com\/es\/2017\/09\/prohiban-la-marcha-de-forza-nuova-sobre-roma\/\" \/>\n<meta property=\"og:locale\" content=\"es_ES\" \/>\n<meta property=\"og:type\" content=\"article\" \/>\n<meta property=\"og:title\" content=\"Proh\u00edban la marcha de Forza Nuova sobre Roma\" \/>\n<meta property=\"og:description\" content=\"Al Ministro del Interior Marco Minniti Al Cuestor de Roma Guido Marino Al Prefecto de Roma Paola Basilone Para el 28 de octubre (fecha no casual) Forza\" \/>\n<meta property=\"og:url\" content=\"https:\/\/www.pressenza.com\/es\/2017\/09\/prohiban-la-marcha-de-forza-nuova-sobre-roma\/\" \/>\n<meta property=\"og:site_name\" content=\"Pressenza\" \/>\n<meta property=\"article:publisher\" content=\"https:\/\/www.facebook.com\/PressenzaItalia\" \/>\n<meta property=\"article:author\" content=\"https:\/\/www.facebook.com\/PressenzaItalia\" \/>\n<meta property=\"article:published_time\" content=\"2017-09-08T13:55:55+00:00\" \/>\n<meta property=\"og:image\" content=\"https:\/\/www.pressenza.com\/wp-content\/uploads\/2017\/09\/March_on_rome_1.png\" \/>\n\t<meta property=\"og:image:width\" content=\"672\" \/>\n\t<meta property=\"og:image:height\" content=\"460\" \/>\n\t<meta property=\"og:image:type\" content=\"image\/png\" \/>\n<meta name=\"author\" content=\"Redazione Italia\" \/>\n<meta name=\"twitter:card\" content=\"summary_large_image\" \/>\n<meta name=\"twitter:creator\" content=\"@pressenza_it\" \/>\n<meta name=\"twitter:site\" content=\"@PressenzaIPA\" \/>\n<meta name=\"twitter:label1\" content=\"Escrito por\" \/>\n\t<meta name=\"twitter:data1\" content=\"Redazione Italia\" \/>\n<script type=\"application\/ld+json\" class=\"yoast-schema-graph\">{\"@context\":\"https:\/\/schema.org\",\"@graph\":[{\"@type\":\"Article\",\"@id\":\"https:\/\/www.pressenza.com\/es\/2017\/09\/prohiban-la-marcha-de-forza-nuova-sobre-roma\/#article\",\"isPartOf\":{\"@id\":\"https:\/\/www.pressenza.com\/es\/2017\/09\/prohiban-la-marcha-de-forza-nuova-sobre-roma\/\"},\"author\":{\"name\":\"Redazione Italia\",\"@id\":\"https:\/\/www.pressenza.com\/es\/#\/schema\/person\/d983e81827ae24f2c7b1a2123d197f8d\"},\"headline\":\"Proh\u00edban la marcha de Forza Nuova sobre Roma\",\"datePublished\":\"2017-09-08T13:55:55+00:00\",\"mainEntityOfPage\":{\"@id\":\"https:\/\/www.pressenza.com\/es\/2017\/09\/prohiban-la-marcha-de-forza-nuova-sobre-roma\/\"},\"wordCount\":103,\"publisher\":{\"@id\":\"https:\/\/www.pressenza.com\/es\/#organization\"},\"image\":{\"@id\":\"https:\/\/www.pressenza.com\/es\/2017\/09\/prohiban-la-marcha-de-forza-nuova-sobre-roma\/#primaryimage\"},\"thumbnailUrl\":\"https:\/\/www.pressenza.com\/wp-content\/uploads\/2017\/09\/March_on_rome_1.png\",\"keywords\":[\"Forza Nuova\",\"marcha sobre Roma\"],\"articleSection\":[\"Europa\",\"Pol\u00edtica\"],\"inLanguage\":\"es\"},{\"@type\":\"WebPage\",\"@id\":\"https:\/\/www.pressenza.com\/es\/2017\/09\/prohiban-la-marcha-de-forza-nuova-sobre-roma\/\",\"url\":\"https:\/\/www.pressenza.com\/es\/2017\/09\/prohiban-la-marcha-de-forza-nuova-sobre-roma\/\",\"name\":\"Proh\u00edban la marcha de Forza Nuova sobre Roma\",\"isPartOf\":{\"@id\":\"https:\/\/www.pressenza.com\/es\/#website\"},\"primaryImageOfPage\":{\"@id\":\"https:\/\/www.pressenza.com\/es\/2017\/09\/prohiban-la-marcha-de-forza-nuova-sobre-roma\/#primaryimage\"},\"image\":{\"@id\":\"https:\/\/www.pressenza.com\/es\/2017\/09\/prohiban-la-marcha-de-forza-nuova-sobre-roma\/#primaryimage\"},\"thumbnailUrl\":\"https:\/\/www.pressenza.com\/wp-content\/uploads\/2017\/09\/March_on_rome_1.png\",\"datePublished\":\"2017-09-08T13:55:55+00:00\",\"description\":\"Al Ministro del Interior Marco Minniti Al Cuestor de Roma Guido Marino Al Prefecto de Roma Paola Basilone Para el 28 de octubre (fecha no casual) Forza\",\"breadcrumb\":{\"@id\":\"https:\/\/www.pressenza.com\/es\/2017\/09\/prohiban-la-marcha-de-forza-nuova-sobre-roma\/#breadcrumb\"},\"inLanguage\":\"es\",\"potentialAction\":[{\"@type\":\"ReadAction\",\"target\":[\"https:\/\/www.pressenza.com\/es\/2017\/09\/prohiban-la-marcha-de-forza-nuova-sobre-roma\/\"]}]},{\"@type\":\"ImageObject\",\"inLanguage\":\"es\",\"@id\":\"https:\/\/www.pressenza.com\/es\/2017\/09\/prohiban-la-marcha-de-forza-nuova-sobre-roma\/#primaryimage\",\"url\":\"https:\/\/www.pressenza.com\/wp-content\/uploads\/2017\/09\/March_on_rome_1.png\",\"contentUrl\":\"https:\/\/www.pressenza.com\/wp-content\/uploads\/2017\/09\/March_on_rome_1.png\",\"width\":672,\"height\":460},{\"@type\":\"BreadcrumbList\",\"@id\":\"https:\/\/www.pressenza.com\/es\/2017\/09\/prohiban-la-marcha-de-forza-nuova-sobre-roma\/#breadcrumb\",\"itemListElement\":[{\"@type\":\"ListItem\",\"position\":1,\"name\":\"Accueil\",\"item\":\"https:\/\/www.pressenza.com\/es\/\"},{\"@type\":\"ListItem\",\"position\":2,\"name\":\"Proh\u00edban la marcha de Forza Nuova sobre Roma\"}]},{\"@type\":\"WebSite\",\"@id\":\"https:\/\/www.pressenza.com\/es\/#website\",\"url\":\"https:\/\/www.pressenza.com\/es\/\",\"name\":\"Pressenza\",\"description\":\"International Press Agency\",\"publisher\":{\"@id\":\"https:\/\/www.pressenza.com\/es\/#organization\"},\"potentialAction\":[{\"@type\":\"SearchAction\",\"target\":{\"@type\":\"EntryPoint\",\"urlTemplate\":\"https:\/\/www.pressenza.com\/es\/?s={search_term_string}\"},\"query-input\":{\"@type\":\"PropertyValueSpecification\",\"valueRequired\":true,\"valueName\":\"search_term_string\"}}],\"inLanguage\":\"es\"},{\"@type\":\"Organization\",\"@id\":\"https:\/\/www.pressenza.com\/es\/#organization\",\"name\":\"Pressenza\",\"url\":\"https:\/\/www.pressenza.com\/es\/\",\"logo\":{\"@type\":\"ImageObject\",\"inLanguage\":\"es\",\"@id\":\"https:\/\/www.pressenza.com\/es\/#\/schema\/logo\/image\/\",\"url\":\"https:\/\/www.pressenza.com\/wp-content\/uploads\/2022\/10\/pressenza_logo_200x200.jpg\",\"contentUrl\":\"https:\/\/www.pressenza.com\/wp-content\/uploads\/2022\/10\/pressenza_logo_200x200.jpg\",\"width\":200,\"height\":200,\"caption\":\"Pressenza\"},\"image\":{\"@id\":\"https:\/\/www.pressenza.com\/es\/#\/schema\/logo\/image\/\"},\"sameAs\":[\"https:\/\/www.facebook.com\/PressenzaItalia\",\"https:\/\/x.com\/PressenzaIPA\"]},{\"@type\":\"Person\",\"@id\":\"https:\/\/www.pressenza.com\/es\/#\/schema\/person\/d983e81827ae24f2c7b1a2123d197f8d\",\"name\":\"Redazione Italia\",\"description\":\"News from the Pressenza Bureau in Italy\",\"sameAs\":[\"https:\/\/www.pressenza.com\/it\/author\/redazione-italia\/\",\"https:\/\/www.facebook.com\/PressenzaItalia\",\"https:\/\/www.instagram.com\/pressenza_italia\/\",\"https:\/\/x.com\/pressenza_it\",\"https:\/\/www.youtube.com\/channel\/UCSalEIWjE1RSxkwjfftFuqg\"],\"url\":\"https:\/\/www.pressenza.com\/es\/author\/redazione-italia\/\"}]}<\/script>\n<!-- \/ Yoast SEO plugin. -->","yoast_head_json":{"title":"Proh\u00edban la marcha de Forza Nuova sobre Roma","description":"Al Ministro del Interior Marco Minniti Al Cuestor de Roma Guido Marino Al Prefecto de Roma Paola Basilone Para el 28 de octubre (fecha no casual) Forza","robots":{"index":"index","follow":"follow","max-snippet":"max-snippet:-1","max-image-preview":"max-image-preview:large","max-video-preview":"max-video-preview:-1"},"canonical":"https:\/\/www.pressenza.com\/es\/2017\/09\/prohiban-la-marcha-de-forza-nuova-sobre-roma\/","og_locale":"es_ES","og_type":"article","og_title":"Proh\u00edban la marcha de Forza Nuova sobre Roma","og_description":"Al Ministro del Interior Marco Minniti Al Cuestor de Roma Guido Marino Al Prefecto de Roma Paola Basilone Para el 28 de octubre (fecha no casual) Forza","og_url":"https:\/\/www.pressenza.com\/es\/2017\/09\/prohiban-la-marcha-de-forza-nuova-sobre-roma\/","og_site_name":"Pressenza","article_publisher":"https:\/\/www.facebook.com\/PressenzaItalia","article_author":"https:\/\/www.facebook.com\/PressenzaItalia","article_published_time":"2017-09-08T13:55:55+00:00","og_image":[{"width":672,"height":460,"url":"https:\/\/www.pressenza.com\/wp-content\/uploads\/2017\/09\/March_on_rome_1.png","type":"image\/png"}],"author":"Redazione Italia","twitter_card":"summary_large_image","twitter_creator":"@pressenza_it","twitter_site":"@PressenzaIPA","twitter_misc":{"Escrito por":"Redazione Italia"},"schema":{"@context":"https:\/\/schema.org","@graph":[{"@type":"Article","@id":"https:\/\/www.pressenza.com\/es\/2017\/09\/prohiban-la-marcha-de-forza-nuova-sobre-roma\/#article","isPartOf":{"@id":"https:\/\/www.pressenza.com\/es\/2017\/09\/prohiban-la-marcha-de-forza-nuova-sobre-roma\/"},"author":{"name":"Redazione Italia","@id":"https:\/\/www.pressenza.com\/es\/#\/schema\/person\/d983e81827ae24f2c7b1a2123d197f8d"},"headline":"Proh\u00edban la marcha de Forza Nuova sobre Roma","datePublished":"2017-09-08T13:55:55+00:00","mainEntityOfPage":{"@id":"https:\/\/www.pressenza.com\/es\/2017\/09\/prohiban-la-marcha-de-forza-nuova-sobre-roma\/"},"wordCount":103,"publisher":{"@id":"https:\/\/www.pressenza.com\/es\/#organization"},"image":{"@id":"https:\/\/www.pressenza.com\/es\/2017\/09\/prohiban-la-marcha-de-forza-nuova-sobre-roma\/#primaryimage"},"thumbnailUrl":"https:\/\/www.pressenza.com\/wp-content\/uploads\/2017\/09\/March_on_rome_1.png","keywords":["Forza Nuova","marcha sobre Roma"],"articleSection":["Europa","Pol\u00edtica"],"inLanguage":"es"},{"@type":"WebPage","@id":"https:\/\/www.pressenza.com\/es\/2017\/09\/prohiban-la-marcha-de-forza-nuova-sobre-roma\/","url":"https:\/\/www.pressenza.com\/es\/2017\/09\/prohiban-la-marcha-de-forza-nuova-sobre-roma\/","name":"Proh\u00edban la marcha de Forza Nuova sobre Roma","isPartOf":{"@id":"https:\/\/www.pressenza.com\/es\/#website"},"primaryImageOfPage":{"@id":"https:\/\/www.pressenza.com\/es\/2017\/09\/prohiban-la-marcha-de-forza-nuova-sobre-roma\/#primaryimage"},"image":{"@id":"https:\/\/www.pressenza.com\/es\/2017\/09\/prohiban-la-marcha-de-forza-nuova-sobre-roma\/#primaryimage"},"thumbnailUrl":"https:\/\/www.pressenza.com\/wp-content\/uploads\/2017\/09\/March_on_rome_1.png","datePublished":"2017-09-08T13:55:55+00:00","description":"Al Ministro del Interior Marco Minniti Al Cuestor de Roma Guido Marino Al Prefecto de Roma Paola Basilone Para el 28 de octubre (fecha no casual) Forza","breadcrumb":{"@id":"https:\/\/www.pressenza.com\/es\/2017\/09\/prohiban-la-marcha-de-forza-nuova-sobre-roma\/#breadcrumb"},"inLanguage":"es","potentialAction":[{"@type":"ReadAction","target":["https:\/\/www.pressenza.com\/es\/2017\/09\/prohiban-la-marcha-de-forza-nuova-sobre-roma\/"]}]},{"@type":"ImageObject","inLanguage":"es","@id":"https:\/\/www.pressenza.com\/es\/2017\/09\/prohiban-la-marcha-de-forza-nuova-sobre-roma\/#primaryimage","url":"https:\/\/www.pressenza.com\/wp-content\/uploads\/2017\/09\/March_on_rome_1.png","contentUrl":"https:\/\/www.pressenza.com\/wp-content\/uploads\/2017\/09\/March_on_rome_1.png","width":672,"height":460},{"@type":"BreadcrumbList","@id":"https:\/\/www.pressenza.com\/es\/2017\/09\/prohiban-la-marcha-de-forza-nuova-sobre-roma\/#breadcrumb","itemListElement":[{"@type":"ListItem","position":1,"name":"Accueil","item":"https:\/\/www.pressenza.com\/es\/"},{"@type":"ListItem","position":2,"name":"Proh\u00edban la marcha de Forza Nuova sobre Roma"}]},{"@type":"WebSite","@id":"https:\/\/www.pressenza.com\/es\/#website","url":"https:\/\/www.pressenza.com\/es\/","name":"Pressenza","description":"International Press Agency","publisher":{"@id":"https:\/\/www.pressenza.com\/es\/#organization"},"potentialAction":[{"@type":"SearchAction","target":{"@type":"EntryPoint","urlTemplate":"https:\/\/www.pressenza.com\/es\/?s={search_term_string}"},"query-input":{"@type":"PropertyValueSpecification","valueRequired":true,"valueName":"search_term_string"}}],"inLanguage":"es"},{"@type":"Organization","@id":"https:\/\/www.pressenza.com\/es\/#organization","name":"Pressenza","url":"https:\/\/www.pressenza.com\/es\/","logo":{"@type":"ImageObject","inLanguage":"es","@id":"https:\/\/www.pressenza.com\/es\/#\/schema\/logo\/image\/","url":"https:\/\/www.pressenza.com\/wp-content\/uploads\/2022\/10\/pressenza_logo_200x200.jpg","contentUrl":"https:\/\/www.pressenza.com\/wp-content\/uploads\/2022\/10\/pressenza_logo_200x200.jpg","width":200,"height":200,"caption":"Pressenza"},"image":{"@id":"https:\/\/www.pressenza.com\/es\/#\/schema\/logo\/image\/"},"sameAs":["https:\/\/www.facebook.com\/PressenzaItalia","https:\/\/x.com\/PressenzaIPA"]},{"@type":"Person","@id":"https:\/\/www.pressenza.com\/es\/#\/schema\/person\/d983e81827ae24f2c7b1a2123d197f8d","name":"Redazione Italia","description":"News from the Pressenza Bureau in Italy","sameAs":["https:\/\/www.pressenza.com\/it\/author\/redazione-italia\/","https:\/\/www.facebook.com\/PressenzaItalia","https:\/\/www.instagram.com\/pressenza_italia\/","https:\/\/x.com\/pressenza_it","https:\/\/www.youtube.com\/channel\/UCSalEIWjE1RSxkwjfftFuqg"],"url":"https:\/\/www.pressenza.com\/es\/author\/redazione-italia\/"}]}},"place":"","original_article_url":"","_links":{"self":[{"href":"https:\/\/www.pressenza.com\/es\/wp-json\/wp\/v2\/posts\/515246","targetHints":{"allow":["GET"]}}],"collection":[{"href":"https:\/\/www.pressenza.com\/es\/wp-json\/wp\/v2\/posts"}],"about":[{"href":"https:\/\/www.pressenza.com\/es\/wp-json\/wp\/v2\/types\/post"}],"author":[{"embeddable":true,"href":"https:\/\/www.pressenza.com\/es\/wp-json\/wp\/v2\/users\/594"}],"replies":[{"embeddable":true,"href":"https:\/\/www.pressenza.com\/es\/wp-json\/wp\/v2\/comments?post=515246"}],"version-history":[{"count":0,"href":"https:\/\/www.pressenza.com\/es\/wp-json\/wp\/v2\/posts\/515246\/revisions"}],"wp:featuredmedia":[{"embeddable":true,"href":"https:\/\/www.pressenza.com\/es\/wp-json\/wp\/v2\/media\/515103"}],"wp:attachment":[{"href":"https:\/\/www.pressenza.com\/es\/wp-json\/wp\/v2\/media?parent=515246"}],"wp:term":[{"taxonomy":"category","embeddable":true,"href":"https:\/\/www.pressenza.com\/es\/wp-json\/wp\/v2\/categories?post=515246"},{"taxonomy":"post_tag","embeddable":true,"href":"https:\/\/www.pressenza.com\/es\/wp-json\/wp\/v2\/tags?post=515246"}],"curies":[{"name":"wp","href":"https:\/\/api.w.org\/{rel}","templated":true}]}}