{"id":514395,"date":"2017-09-06T14:54:05","date_gmt":"2017-09-06T13:54:05","guid":{"rendered":"https:\/\/www.pressenza.com\/?p=514395\/"},"modified":"2017-09-06T14:54:05","modified_gmt":"2017-09-06T13:54:05","slug":"lecciones-la-crisis-corea-del-norte-armas-nucleares-causan-guerras-incluso-cuando-no-se-utilizan","status":"publish","type":"post","link":"https:\/\/www.pressenza.com\/es\/2017\/09\/lecciones-la-crisis-corea-del-norte-armas-nucleares-causan-guerras-incluso-cuando-no-se-utilizan\/","title":{"rendered":"Lecciones de la crisis de Corea del Norte &#8211; Armas Nucleares causan guerras incluso cuando no se utilizan"},"content":{"rendered":"<p>El pasado domingo, 3 de septiembre de 2017, un nuevo ensayo nuclear fue realizado por Corea del Norte. La agencia de noticias estatal norcoreana afirm\u00f3 que el r\u00e9gimen hab\u00eda realizado con \u00e9xito el test de una bomba H. Una evoluci\u00f3n de los armamentos nucleares con dos fases de explosi\u00f3n, y que tiene un mayor poder de destrucci\u00f3n. Posteriormente se difundieron im\u00e1genes de Kim Jong Un visitando un centro de armas nucleares y viendo un dispositivo de dos etapas, lo que suger\u00eda ser alg\u00fan prototipo de una bomba termonuclear o de hidr\u00f3geno.<\/p>\n<p>Por otro lado, EEUU envi\u00f3 destructores y coloc\u00f3 escudos anti misiles en la regi\u00f3n. Sus tropas en la regi\u00f3n suman casi 100 mil hombres, altamente armados. El discurso belicoso de Trump engendra escenarios como ese. Una carrera armamentista en una regi\u00f3n que ya es altamente militarizada.<\/p>\n<p>Jap\u00f3n, \u00fanico pa\u00eds que ha sido objetivo de un arma nuclear, hoy discute sobre si las fabricar\u00e1, bajo la alegaci\u00f3n de protegerse.<\/p>\n<p>La \u00faltima prueba nuclear desarrollada por el r\u00e9gimen norcoreano aument\u00f3 a\u00fan la tensi\u00f3n en la regi\u00f3n que es altamente militarizada, la frontera entre las dos Coreas es la zona m\u00e1s militarizada del mundo. Cientos de millones de soldados armados est\u00e1n preparados y armados para cualquier eventualidad que pueda ocurrir en la frontera.<\/p>\n<p>Las armas nucleares causan guerras incluso cuando no se utilizan. La crisis pol\u00edtico-diplom\u00e1tica que se estableci\u00f3 en el este asi\u00e1tico, involucrando a varios pa\u00edses -como Corea del Sur y del Norte, Jap\u00f3n y China -, demuestra que incluso sin el uso efectivo de la guerra, este tipo de armamento puede causar guerra, y tambi\u00e9n que no hay \u00abmanos seguras\u00bb donde las mismas pueden ser almacenadas y guardadas. Siempre representan un riesgo de conflicto, incluso cuando se construyen bajo el pretexto de defensa.<\/p>\n<p>Un acuerdo aprobado por delegaciones de diversos pa\u00edses deja en claro que la humanidad en su totalidad rechaza el uso de las armas nucleares. El arsenal nuclear actual -de todos los pa\u00edses- tiene potencial para destruir el planeta entero. Debemos posicionarnos contra este tipo de armamento y contra todas las armas, hacia un futuro en que las mismas sean s\u00f3lo vistas en p\u00e1ginas de libros de historia o recicladas en estatuas.<\/p>\n","protected":false},"excerpt":{"rendered":"<p>El pasado domingo, 3 de septiembre de 2017, un nuevo ensayo nuclear fue realizado por Corea del Norte. La agencia de noticias estatal norcoreana afirm\u00f3 que el r\u00e9gimen hab\u00eda realizado con \u00e9xito el test de una bomba H. Una evoluci\u00f3n&hellip;<\/p>\n","protected":false},"author":44,"featured_media":513507,"comment_status":"closed","ping_status":"closed","sticky":false,"template":"","format":"standard","meta":{"footnotes":""},"categories":[11389,1242,1243,74],"tags":[650,383],"class_list":["post-514395","post","type-post","status-publish","format-standard","has-post-thumbnail","hentry","category-contenido-original","category-noviolencia-tema","category-paz-desarme","category-politica-es","tag-desarme-nuclear","tag-noviolencia"],"yoast_head":"<!-- This site is optimized with the Yoast SEO plugin v27.1.1 - https:\/\/yoast.com\/product\/yoast-seo-wordpress\/ -->\n<title>Lecciones de la crisis de Corea del Norte - Armas Nucleares causan guerras incluso cuando no se utilizan<\/title>\n<meta name=\"description\" content=\"El pasado domingo, 3 de septiembre de 2017, un nuevo ensayo nuclear fue realizado por Corea del Norte. La agencia de noticias estatal norcoreana afirm\u00f3\" \/>\n<meta name=\"robots\" content=\"index, follow, max-snippet:-1, max-image-preview:large, max-video-preview:-1\" \/>\n<link rel=\"canonical\" href=\"https:\/\/www.pressenza.com\/es\/2017\/09\/lecciones-la-crisis-corea-del-norte-armas-nucleares-causan-guerras-incluso-cuando-no-se-utilizan\/\" \/>\n<meta property=\"og:locale\" content=\"es_ES\" \/>\n<meta property=\"og:type\" content=\"article\" \/>\n<meta property=\"og:title\" content=\"Lecciones de la crisis de Corea del Norte - Armas Nucleares causan guerras incluso cuando no se utilizan\" \/>\n<meta property=\"og:description\" content=\"El pasado domingo, 3 de septiembre de 2017, un nuevo ensayo nuclear fue realizado por Corea del Norte. La agencia de noticias estatal norcoreana afirm\u00f3\" \/>\n<meta property=\"og:url\" content=\"https:\/\/www.pressenza.com\/es\/2017\/09\/lecciones-la-crisis-corea-del-norte-armas-nucleares-causan-guerras-incluso-cuando-no-se-utilizan\/\" \/>\n<meta property=\"og:site_name\" content=\"Pressenza\" \/>\n<meta property=\"article:publisher\" content=\"https:\/\/www.facebook.com\/PressenzaItalia\" \/>\n<meta property=\"article:author\" content=\"https:\/\/www.facebook.com\/PressenzaPortugues\" \/>\n<meta property=\"article:published_time\" content=\"2017-09-06T13:54:05+00:00\" \/>\n<meta property=\"og:image\" content=\"https:\/\/www.pressenza.com\/wp-content\/uploads\/2017\/09\/landscape-1488227655-gettyimages-529717252.jpg\" \/>\n\t<meta property=\"og:image:width\" content=\"980\" \/>\n\t<meta property=\"og:image:height\" content=\"490\" \/>\n\t<meta property=\"og:image:type\" content=\"image\/jpeg\" \/>\n<meta name=\"author\" content=\"Reda\u00e7\u00e3o S\u00e3o Paulo\" \/>\n<meta name=\"twitter:card\" content=\"summary_large_image\" \/>\n<meta name=\"twitter:creator\" content=\"@pressenza_pt\" \/>\n<meta name=\"twitter:site\" content=\"@PressenzaIPA\" \/>\n<meta name=\"twitter:label1\" content=\"Escrito por\" \/>\n\t<meta name=\"twitter:data1\" content=\"Reda\u00e7\u00e3o S\u00e3o Paulo\" \/>\n\t<meta name=\"twitter:label2\" content=\"Tiempo de lectura\" \/>\n\t<meta name=\"twitter:data2\" content=\"2 minutos\" \/>\n<script type=\"application\/ld+json\" class=\"yoast-schema-graph\">{\"@context\":\"https:\/\/schema.org\",\"@graph\":[{\"@type\":\"Article\",\"@id\":\"https:\/\/www.pressenza.com\/es\/2017\/09\/lecciones-la-crisis-corea-del-norte-armas-nucleares-causan-guerras-incluso-cuando-no-se-utilizan\/#article\",\"isPartOf\":{\"@id\":\"https:\/\/www.pressenza.com\/es\/2017\/09\/lecciones-la-crisis-corea-del-norte-armas-nucleares-causan-guerras-incluso-cuando-no-se-utilizan\/\"},\"author\":{\"name\":\"Reda\u00e7\u00e3o S\u00e3o Paulo\",\"@id\":\"https:\/\/www.pressenza.com\/es\/#\/schema\/person\/d171826afb7693cfc394da95892bfd93\"},\"headline\":\"Lecciones de la crisis de Corea del Norte &#8211; Armas Nucleares causan guerras incluso cuando no se utilizan\",\"datePublished\":\"2017-09-06T13:54:05+00:00\",\"mainEntityOfPage\":{\"@id\":\"https:\/\/www.pressenza.com\/es\/2017\/09\/lecciones-la-crisis-corea-del-norte-armas-nucleares-causan-guerras-incluso-cuando-no-se-utilizan\/\"},\"wordCount\":410,\"publisher\":{\"@id\":\"https:\/\/www.pressenza.com\/es\/#organization\"},\"image\":{\"@id\":\"https:\/\/www.pressenza.com\/es\/2017\/09\/lecciones-la-crisis-corea-del-norte-armas-nucleares-causan-guerras-incluso-cuando-no-se-utilizan\/#primaryimage\"},\"thumbnailUrl\":\"https:\/\/www.pressenza.com\/wp-content\/uploads\/2017\/09\/landscape-1488227655-gettyimages-529717252.jpg\",\"keywords\":[\"Desarme nuclear\",\"Noviolencia\"],\"articleSection\":[\"Contenido Original\",\"Noviolencia\",\"Paz y Desarme\",\"Pol\u00edtica\"],\"inLanguage\":\"es\"},{\"@type\":\"WebPage\",\"@id\":\"https:\/\/www.pressenza.com\/es\/2017\/09\/lecciones-la-crisis-corea-del-norte-armas-nucleares-causan-guerras-incluso-cuando-no-se-utilizan\/\",\"url\":\"https:\/\/www.pressenza.com\/es\/2017\/09\/lecciones-la-crisis-corea-del-norte-armas-nucleares-causan-guerras-incluso-cuando-no-se-utilizan\/\",\"name\":\"Lecciones de la crisis de Corea del Norte - Armas Nucleares causan guerras incluso cuando no se utilizan\",\"isPartOf\":{\"@id\":\"https:\/\/www.pressenza.com\/es\/#website\"},\"primaryImageOfPage\":{\"@id\":\"https:\/\/www.pressenza.com\/es\/2017\/09\/lecciones-la-crisis-corea-del-norte-armas-nucleares-causan-guerras-incluso-cuando-no-se-utilizan\/#primaryimage\"},\"image\":{\"@id\":\"https:\/\/www.pressenza.com\/es\/2017\/09\/lecciones-la-crisis-corea-del-norte-armas-nucleares-causan-guerras-incluso-cuando-no-se-utilizan\/#primaryimage\"},\"thumbnailUrl\":\"https:\/\/www.pressenza.com\/wp-content\/uploads\/2017\/09\/landscape-1488227655-gettyimages-529717252.jpg\",\"datePublished\":\"2017-09-06T13:54:05+00:00\",\"description\":\"El pasado domingo, 3 de septiembre de 2017, un nuevo ensayo nuclear fue realizado por Corea del Norte. La agencia de noticias estatal norcoreana afirm\u00f3\",\"breadcrumb\":{\"@id\":\"https:\/\/www.pressenza.com\/es\/2017\/09\/lecciones-la-crisis-corea-del-norte-armas-nucleares-causan-guerras-incluso-cuando-no-se-utilizan\/#breadcrumb\"},\"inLanguage\":\"es\",\"potentialAction\":[{\"@type\":\"ReadAction\",\"target\":[\"https:\/\/www.pressenza.com\/es\/2017\/09\/lecciones-la-crisis-corea-del-norte-armas-nucleares-causan-guerras-incluso-cuando-no-se-utilizan\/\"]}]},{\"@type\":\"ImageObject\",\"inLanguage\":\"es\",\"@id\":\"https:\/\/www.pressenza.com\/es\/2017\/09\/lecciones-la-crisis-corea-del-norte-armas-nucleares-causan-guerras-incluso-cuando-no-se-utilizan\/#primaryimage\",\"url\":\"https:\/\/www.pressenza.com\/wp-content\/uploads\/2017\/09\/landscape-1488227655-gettyimages-529717252.jpg\",\"contentUrl\":\"https:\/\/www.pressenza.com\/wp-content\/uploads\/2017\/09\/landscape-1488227655-gettyimages-529717252.jpg\",\"width\":980,\"height\":490},{\"@type\":\"BreadcrumbList\",\"@id\":\"https:\/\/www.pressenza.com\/es\/2017\/09\/lecciones-la-crisis-corea-del-norte-armas-nucleares-causan-guerras-incluso-cuando-no-se-utilizan\/#breadcrumb\",\"itemListElement\":[{\"@type\":\"ListItem\",\"position\":1,\"name\":\"Accueil\",\"item\":\"https:\/\/www.pressenza.com\/es\/\"},{\"@type\":\"ListItem\",\"position\":2,\"name\":\"Lecciones de la crisis de Corea del Norte &#8211; Armas Nucleares causan guerras incluso cuando no se utilizan\"}]},{\"@type\":\"WebSite\",\"@id\":\"https:\/\/www.pressenza.com\/es\/#website\",\"url\":\"https:\/\/www.pressenza.com\/es\/\",\"name\":\"Pressenza\",\"description\":\"International Press Agency\",\"publisher\":{\"@id\":\"https:\/\/www.pressenza.com\/es\/#organization\"},\"potentialAction\":[{\"@type\":\"SearchAction\",\"target\":{\"@type\":\"EntryPoint\",\"urlTemplate\":\"https:\/\/www.pressenza.com\/es\/?s={search_term_string}\"},\"query-input\":{\"@type\":\"PropertyValueSpecification\",\"valueRequired\":true,\"valueName\":\"search_term_string\"}}],\"inLanguage\":\"es\"},{\"@type\":\"Organization\",\"@id\":\"https:\/\/www.pressenza.com\/es\/#organization\",\"name\":\"Pressenza\",\"url\":\"https:\/\/www.pressenza.com\/es\/\",\"logo\":{\"@type\":\"ImageObject\",\"inLanguage\":\"es\",\"@id\":\"https:\/\/www.pressenza.com\/es\/#\/schema\/logo\/image\/\",\"url\":\"https:\/\/www.pressenza.com\/wp-content\/uploads\/2022\/10\/pressenza_logo_200x200.jpg\",\"contentUrl\":\"https:\/\/www.pressenza.com\/wp-content\/uploads\/2022\/10\/pressenza_logo_200x200.jpg\",\"width\":200,\"height\":200,\"caption\":\"Pressenza\"},\"image\":{\"@id\":\"https:\/\/www.pressenza.com\/es\/#\/schema\/logo\/image\/\"},\"sameAs\":[\"https:\/\/www.facebook.com\/PressenzaItalia\",\"https:\/\/x.com\/PressenzaIPA\"]},{\"@type\":\"Person\",\"@id\":\"https:\/\/www.pressenza.com\/es\/#\/schema\/person\/d171826afb7693cfc394da95892bfd93\",\"name\":\"Reda\u00e7\u00e3o S\u00e3o Paulo\",\"description\":\"News from the Pressenza bureau in Sao Paulo, Brazil\",\"sameAs\":[\"https:\/\/www.facebook.com\/PressenzaPortugues\",\"https:\/\/x.com\/pressenza_pt\"],\"url\":\"https:\/\/www.pressenza.com\/es\/author\/redaccao-sao-paulo\/\"}]}<\/script>\n<!-- \/ Yoast SEO plugin. -->","yoast_head_json":{"title":"Lecciones de la crisis de Corea del Norte - Armas Nucleares causan guerras incluso cuando no se utilizan","description":"El pasado domingo, 3 de septiembre de 2017, un nuevo ensayo nuclear fue realizado por Corea del Norte. La agencia de noticias estatal norcoreana afirm\u00f3","robots":{"index":"index","follow":"follow","max-snippet":"max-snippet:-1","max-image-preview":"max-image-preview:large","max-video-preview":"max-video-preview:-1"},"canonical":"https:\/\/www.pressenza.com\/es\/2017\/09\/lecciones-la-crisis-corea-del-norte-armas-nucleares-causan-guerras-incluso-cuando-no-se-utilizan\/","og_locale":"es_ES","og_type":"article","og_title":"Lecciones de la crisis de Corea del Norte - Armas Nucleares causan guerras incluso cuando no se utilizan","og_description":"El pasado domingo, 3 de septiembre de 2017, un nuevo ensayo nuclear fue realizado por Corea del Norte. La agencia de noticias estatal norcoreana afirm\u00f3","og_url":"https:\/\/www.pressenza.com\/es\/2017\/09\/lecciones-la-crisis-corea-del-norte-armas-nucleares-causan-guerras-incluso-cuando-no-se-utilizan\/","og_site_name":"Pressenza","article_publisher":"https:\/\/www.facebook.com\/PressenzaItalia","article_author":"https:\/\/www.facebook.com\/PressenzaPortugues","article_published_time":"2017-09-06T13:54:05+00:00","og_image":[{"width":980,"height":490,"url":"https:\/\/www.pressenza.com\/wp-content\/uploads\/2017\/09\/landscape-1488227655-gettyimages-529717252.jpg","type":"image\/jpeg"}],"author":"Reda\u00e7\u00e3o S\u00e3o Paulo","twitter_card":"summary_large_image","twitter_creator":"@pressenza_pt","twitter_site":"@PressenzaIPA","twitter_misc":{"Escrito por":"Reda\u00e7\u00e3o S\u00e3o Paulo","Tiempo de lectura":"2 minutos"},"schema":{"@context":"https:\/\/schema.org","@graph":[{"@type":"Article","@id":"https:\/\/www.pressenza.com\/es\/2017\/09\/lecciones-la-crisis-corea-del-norte-armas-nucleares-causan-guerras-incluso-cuando-no-se-utilizan\/#article","isPartOf":{"@id":"https:\/\/www.pressenza.com\/es\/2017\/09\/lecciones-la-crisis-corea-del-norte-armas-nucleares-causan-guerras-incluso-cuando-no-se-utilizan\/"},"author":{"name":"Reda\u00e7\u00e3o S\u00e3o Paulo","@id":"https:\/\/www.pressenza.com\/es\/#\/schema\/person\/d171826afb7693cfc394da95892bfd93"},"headline":"Lecciones de la crisis de Corea del Norte &#8211; Armas Nucleares causan guerras incluso cuando no se utilizan","datePublished":"2017-09-06T13:54:05+00:00","mainEntityOfPage":{"@id":"https:\/\/www.pressenza.com\/es\/2017\/09\/lecciones-la-crisis-corea-del-norte-armas-nucleares-causan-guerras-incluso-cuando-no-se-utilizan\/"},"wordCount":410,"publisher":{"@id":"https:\/\/www.pressenza.com\/es\/#organization"},"image":{"@id":"https:\/\/www.pressenza.com\/es\/2017\/09\/lecciones-la-crisis-corea-del-norte-armas-nucleares-causan-guerras-incluso-cuando-no-se-utilizan\/#primaryimage"},"thumbnailUrl":"https:\/\/www.pressenza.com\/wp-content\/uploads\/2017\/09\/landscape-1488227655-gettyimages-529717252.jpg","keywords":["Desarme nuclear","Noviolencia"],"articleSection":["Contenido Original","Noviolencia","Paz y Desarme","Pol\u00edtica"],"inLanguage":"es"},{"@type":"WebPage","@id":"https:\/\/www.pressenza.com\/es\/2017\/09\/lecciones-la-crisis-corea-del-norte-armas-nucleares-causan-guerras-incluso-cuando-no-se-utilizan\/","url":"https:\/\/www.pressenza.com\/es\/2017\/09\/lecciones-la-crisis-corea-del-norte-armas-nucleares-causan-guerras-incluso-cuando-no-se-utilizan\/","name":"Lecciones de la crisis de Corea del Norte - Armas Nucleares causan guerras incluso cuando no se utilizan","isPartOf":{"@id":"https:\/\/www.pressenza.com\/es\/#website"},"primaryImageOfPage":{"@id":"https:\/\/www.pressenza.com\/es\/2017\/09\/lecciones-la-crisis-corea-del-norte-armas-nucleares-causan-guerras-incluso-cuando-no-se-utilizan\/#primaryimage"},"image":{"@id":"https:\/\/www.pressenza.com\/es\/2017\/09\/lecciones-la-crisis-corea-del-norte-armas-nucleares-causan-guerras-incluso-cuando-no-se-utilizan\/#primaryimage"},"thumbnailUrl":"https:\/\/www.pressenza.com\/wp-content\/uploads\/2017\/09\/landscape-1488227655-gettyimages-529717252.jpg","datePublished":"2017-09-06T13:54:05+00:00","description":"El pasado domingo, 3 de septiembre de 2017, un nuevo ensayo nuclear fue realizado por Corea del Norte. La agencia de noticias estatal norcoreana afirm\u00f3","breadcrumb":{"@id":"https:\/\/www.pressenza.com\/es\/2017\/09\/lecciones-la-crisis-corea-del-norte-armas-nucleares-causan-guerras-incluso-cuando-no-se-utilizan\/#breadcrumb"},"inLanguage":"es","potentialAction":[{"@type":"ReadAction","target":["https:\/\/www.pressenza.com\/es\/2017\/09\/lecciones-la-crisis-corea-del-norte-armas-nucleares-causan-guerras-incluso-cuando-no-se-utilizan\/"]}]},{"@type":"ImageObject","inLanguage":"es","@id":"https:\/\/www.pressenza.com\/es\/2017\/09\/lecciones-la-crisis-corea-del-norte-armas-nucleares-causan-guerras-incluso-cuando-no-se-utilizan\/#primaryimage","url":"https:\/\/www.pressenza.com\/wp-content\/uploads\/2017\/09\/landscape-1488227655-gettyimages-529717252.jpg","contentUrl":"https:\/\/www.pressenza.com\/wp-content\/uploads\/2017\/09\/landscape-1488227655-gettyimages-529717252.jpg","width":980,"height":490},{"@type":"BreadcrumbList","@id":"https:\/\/www.pressenza.com\/es\/2017\/09\/lecciones-la-crisis-corea-del-norte-armas-nucleares-causan-guerras-incluso-cuando-no-se-utilizan\/#breadcrumb","itemListElement":[{"@type":"ListItem","position":1,"name":"Accueil","item":"https:\/\/www.pressenza.com\/es\/"},{"@type":"ListItem","position":2,"name":"Lecciones de la crisis de Corea del Norte &#8211; Armas Nucleares causan guerras incluso cuando no se utilizan"}]},{"@type":"WebSite","@id":"https:\/\/www.pressenza.com\/es\/#website","url":"https:\/\/www.pressenza.com\/es\/","name":"Pressenza","description":"International Press Agency","publisher":{"@id":"https:\/\/www.pressenza.com\/es\/#organization"},"potentialAction":[{"@type":"SearchAction","target":{"@type":"EntryPoint","urlTemplate":"https:\/\/www.pressenza.com\/es\/?s={search_term_string}"},"query-input":{"@type":"PropertyValueSpecification","valueRequired":true,"valueName":"search_term_string"}}],"inLanguage":"es"},{"@type":"Organization","@id":"https:\/\/www.pressenza.com\/es\/#organization","name":"Pressenza","url":"https:\/\/www.pressenza.com\/es\/","logo":{"@type":"ImageObject","inLanguage":"es","@id":"https:\/\/www.pressenza.com\/es\/#\/schema\/logo\/image\/","url":"https:\/\/www.pressenza.com\/wp-content\/uploads\/2022\/10\/pressenza_logo_200x200.jpg","contentUrl":"https:\/\/www.pressenza.com\/wp-content\/uploads\/2022\/10\/pressenza_logo_200x200.jpg","width":200,"height":200,"caption":"Pressenza"},"image":{"@id":"https:\/\/www.pressenza.com\/es\/#\/schema\/logo\/image\/"},"sameAs":["https:\/\/www.facebook.com\/PressenzaItalia","https:\/\/x.com\/PressenzaIPA"]},{"@type":"Person","@id":"https:\/\/www.pressenza.com\/es\/#\/schema\/person\/d171826afb7693cfc394da95892bfd93","name":"Reda\u00e7\u00e3o S\u00e3o Paulo","description":"News from the Pressenza bureau in Sao Paulo, Brazil","sameAs":["https:\/\/www.facebook.com\/PressenzaPortugues","https:\/\/x.com\/pressenza_pt"],"url":"https:\/\/www.pressenza.com\/es\/author\/redaccao-sao-paulo\/"}]}},"place":"","original_article_url":"","_links":{"self":[{"href":"https:\/\/www.pressenza.com\/es\/wp-json\/wp\/v2\/posts\/514395","targetHints":{"allow":["GET"]}}],"collection":[{"href":"https:\/\/www.pressenza.com\/es\/wp-json\/wp\/v2\/posts"}],"about":[{"href":"https:\/\/www.pressenza.com\/es\/wp-json\/wp\/v2\/types\/post"}],"author":[{"embeddable":true,"href":"https:\/\/www.pressenza.com\/es\/wp-json\/wp\/v2\/users\/44"}],"replies":[{"embeddable":true,"href":"https:\/\/www.pressenza.com\/es\/wp-json\/wp\/v2\/comments?post=514395"}],"version-history":[{"count":0,"href":"https:\/\/www.pressenza.com\/es\/wp-json\/wp\/v2\/posts\/514395\/revisions"}],"wp:featuredmedia":[{"embeddable":true,"href":"https:\/\/www.pressenza.com\/es\/wp-json\/wp\/v2\/media\/513507"}],"wp:attachment":[{"href":"https:\/\/www.pressenza.com\/es\/wp-json\/wp\/v2\/media?parent=514395"}],"wp:term":[{"taxonomy":"category","embeddable":true,"href":"https:\/\/www.pressenza.com\/es\/wp-json\/wp\/v2\/categories?post=514395"},{"taxonomy":"post_tag","embeddable":true,"href":"https:\/\/www.pressenza.com\/es\/wp-json\/wp\/v2\/tags?post=514395"}],"curies":[{"name":"wp","href":"https:\/\/api.w.org\/{rel}","templated":true}]}}