{"id":512730,"date":"2017-09-03T07:32:30","date_gmt":"2017-09-03T06:32:30","guid":{"rendered":"https:\/\/www.pressenza.com\/?p=512730\/"},"modified":"2017-09-03T07:32:30","modified_gmt":"2017-09-03T06:32:30","slug":"convocatoria-la-xv-edicion-del-premio-pensar-contracorriente-la-vi-del-premio-especial-una-especie-peligro","status":"publish","type":"post","link":"https:\/\/www.pressenza.com\/es\/2017\/09\/convocatoria-la-xv-edicion-del-premio-pensar-contracorriente-la-vi-del-premio-especial-una-especie-peligro\/","title":{"rendered":"Convocatoria a la XV edici\u00f3n del Premio Pensar a Contracorriente y a la VI del Premio Especial Una Especie en Peligro"},"content":{"rendered":"<p>Con el prop\u00f3sito de reconocer y difundir el pensamiento cr\u00edtico sobre los problemas y desaf\u00edos m\u00e1s acuciantes del mundo contempor\u00e1neo, desde perspectivas de amplio sentido anticolonial y antiimperialista que contribuya a articular una teor\u00eda pol\u00edtica, econ\u00f3mica y jur\u00eddica emancipadora, comprometido con los asuntos cruciales del medioambiente y contra los efectos devastadores del modelo capitalista hegem\u00f3nico, en el orden material y espiritual; el Ministerio de Cultura de Cuba, el Instituto Cubano del Libro, la Red en Defensa de la Humanidad y la Editorial Nuevo Milenio, <strong>convocan <\/strong>a la XV edici\u00f3n del<strong> Premio <em>Pensar a Contracorriente<\/em> <\/strong>y a la VI del<strong> Premio Especial <em>Una especie en peligro<\/em>.<\/strong><\/p>\n<p>Como alternativa al silenciamiento y la marginaci\u00f3n que sufre el pensamiento emancipador en los grandes circuitos de reproducci\u00f3n hegem\u00f3nica y dominaci\u00f3n social e intelectual, y ante los inmensos desaf\u00edos que la humanidad debe enfrentar por la erosi\u00f3n despiadada de su entorno, el Premio<em> Pensar a Contracorriente<\/em> y el Premio Especial <em>Una especie en Peligro<\/em> aspiran a contribuir al desarrollo de ideas, an\u00e1lisis y propuestas activas dentro del campo de las Ciencias Sociales, la Cultura y el\u00a0 universo cient\u00edfico-t\u00e9cnico. En ese contexto, convoca a la diversidad de enfoques y puntos de vista, as\u00ed como a la confrontaci\u00f3n con las bases de los sistemas hegem\u00f3nicos de pensamiento dentro de la nueva geopol\u00edtica internacional.<\/p>\n<p>En esta ocasi\u00f3n, conmemoramos el 90\u00ba aniversario del natalicio de Ernesto Che Guevara, s\u00edmbolo universal de lucha contra la dominaci\u00f3n imperial.<\/p>\n<ol>\n<li>Podr\u00e1n participar autores de cualquier pa\u00eds con un ensayo in\u00e9dito, en espa\u00f1ol, portugu\u00e9s, ingl\u00e9s, franc\u00e9s (o traducido a alguna de estas lenguas)\u00a0 que no debe estar comprometido para su publicaci\u00f3n ni haber obtenido premios en otros concursos.<\/li>\n<li>El ensayo no debe poseer menos de 20 cuartillas ni exceder las 40. Una cuartilla\u00a0 pautada est\u00e1 compuesta por 1 800 caracteres (30 l\u00edneas de 60 caracteres cada una) para un total admisible de 36 000 a 72 000 caracteres.<\/li>\n<li>La bibliograf\u00eda y las notas deben aparecer con todos sus elementos rigurosamente ordenados.<\/li>\n<li>No se aceptar\u00e1 m\u00e1s de un trabajo por autor.<\/li>\n<li>El ensayo deber\u00e1 enviarse antes del 30 de diciembre de 2017 en archivo adjunto (preferentemente .rtf, aunque tambi\u00e9n .doc., o en ficheros de formatos abiertos, como odt) en una sola copia y un solo mensaje, debidamente identificado con el nombre completo del autor, edad, carnet de identidad o c\u00e9dula y direcci\u00f3n actual, pa\u00eds, as\u00ed como una s\u00edntesis de su <em>curr\u00edculum vitae<\/em>, a la direcci\u00f3n electr\u00f3nica: <a href=\"mailto:contracorriente@cubarte.cult.cu\">contracorriente@cubarte.cult.cu<\/a>. El autor\u00a0debe recibir confirmaci\u00f3n de la recepci\u00f3n de su trabajo por parte del coordinador del concurso, para dar como notificada la participaci\u00f3n de su texto en el certamen.<\/li>\n<li>Un prestigioso jurado internacional realizar\u00e1 la evaluaci\u00f3n y premiaci\u00f3n de los trabajos desconociendo nombres y nacionalidad de los concursantes.<\/li>\n<li>El premio consistir\u00e1 en un diploma acreditativo y 1 000.00 euros para el primer lugar (de ser el premiado de nacionalidad cubana se har\u00e1 la conversi\u00f3n en CUC).<\/li>\n<li>Con similar reconocimiento y est\u00edmulo material, el Jurado otorgar\u00e1, adem\u00e1s, el Premio Especial <em>Una especie en peligro<\/em>, que arriba a su sexta edici\u00f3n, al ensayo que mejor aborde los peligros y consecuencias de la crisis ecol\u00f3gica generada por el modo capitalista de producci\u00f3n y al texto que mejor aporte y analice propuestas concretas de alternativas anticapitalistas de desarrollo en armon\u00eda con la naturaleza.<\/li>\n<li>El jurado podr\u00e1 conceder hasta diez menciones entre ambos premios, sin que ello implique retribuci\u00f3n monetaria.<\/li>\n<li>La Editorial Nuevo Milenio, bajo su sello de Ciencias Sociales, publicar\u00e1 los trabajos premiados y las menciones en formato digital (ebook). El\u00a0Instituto Cubano del Libro se reserva los derechos de la primera edici\u00f3n de los textos participantes, reserva v\u00e1lida durante un a\u00f1o contado a partir del cierre de la convocatoria, sin que ello represente retribuci\u00f3n alguna por concepto de pago de Derecho de Autor.<\/li>\n<li>El fallo del jurado ser\u00e1 inapelable y se dar\u00e1 a conocer en La Habana durante el mes de febrero de 2018, en una ceremonia especial que se organizar\u00e1 en el contexto de la 27\u00aa Feria Internacional del Libro de La Habana, Cuba, a celebrarse entre los d\u00edas 1 y 10 de febrero de 2018.<\/li>\n<li>La participaci\u00f3n en el Concurso implica la aceptaci\u00f3n de estas bases.<\/li>\n<\/ol>\n<p>Oficina del Premio <em>Pensar a Contracorriente<\/em><\/p>\n<p>Editorial Nuevo Milenio, La Habana, Cuba<\/p>\n","protected":false},"excerpt":{"rendered":"<p>Con el prop\u00f3sito de reconocer y difundir el pensamiento cr\u00edtico sobre los problemas y desaf\u00edos m\u00e1s acuciantes del mundo contempor\u00e1neo, desde perspectivas de amplio sentido anticolonial y antiimperialista que contribuya a articular una teor\u00eda pol\u00edtica, econ\u00f3mica y jur\u00eddica emancipadora, comprometido&hellip;<\/p>\n","protected":false},"author":1333,"featured_media":512731,"comment_status":"closed","ping_status":"closed","sticky":false,"template":"","format":"standard","meta":{"footnotes":""},"categories":[497,149,75,78,74],"tags":[30094,379,8799,39963,39964],"class_list":["post-512730","post","type-post","status-publish","format-standard","has-post-thumbnail","hentry","category-ciencia-tecnologia","category-comunicados-de-prensa","category-cultura-es","category-medio-ambiente-ecologia","category-politica-es","tag-che-guevara","tag-cuba-es","tag-la-habana","tag-pensar-a-contracorriente","tag-red-en-defensa-de-la-humanidad"],"yoast_head":"<!-- This site is optimized with the Yoast SEO plugin v27.1.1 - https:\/\/yoast.com\/product\/yoast-seo-wordpress\/ -->\n<title>Convocatoria a la XV edici\u00f3n del Premio Pensar a Contracorriente y a la VI del Premio Especial Una Especie en Peligro<\/title>\n<meta name=\"description\" content=\"Con el prop\u00f3sito de reconocer y difundir el pensamiento cr\u00edtico sobre los problemas y desaf\u00edos m\u00e1s acuciantes del mundo contempor\u00e1neo, desde perspectivas\" \/>\n<meta name=\"robots\" content=\"index, follow, max-snippet:-1, max-image-preview:large, max-video-preview:-1\" \/>\n<link rel=\"canonical\" href=\"https:\/\/www.pressenza.com\/es\/2017\/09\/convocatoria-la-xv-edicion-del-premio-pensar-contracorriente-la-vi-del-premio-especial-una-especie-peligro\/\" \/>\n<meta property=\"og:locale\" content=\"es_ES\" \/>\n<meta property=\"og:type\" content=\"article\" \/>\n<meta property=\"og:title\" content=\"Convocatoria a la XV edici\u00f3n del Premio Pensar a Contracorriente y a la VI del Premio Especial Una Especie en Peligro\" \/>\n<meta property=\"og:description\" content=\"Con el prop\u00f3sito de reconocer y difundir el pensamiento cr\u00edtico sobre los problemas y desaf\u00edos m\u00e1s acuciantes del mundo contempor\u00e1neo, desde perspectivas\" \/>\n<meta property=\"og:url\" content=\"https:\/\/www.pressenza.com\/es\/2017\/09\/convocatoria-la-xv-edicion-del-premio-pensar-contracorriente-la-vi-del-premio-especial-una-especie-peligro\/\" \/>\n<meta property=\"og:site_name\" content=\"Pressenza\" \/>\n<meta property=\"article:publisher\" content=\"https:\/\/www.facebook.com\/PressenzaItalia\" \/>\n<meta property=\"article:published_time\" content=\"2017-09-03T06:32:30+00:00\" \/>\n<meta property=\"og:image\" content=\"https:\/\/www.pressenza.com\/wp-content\/uploads\/2017\/09\/symbol-1215080_1920.jpg\" \/>\n\t<meta property=\"og:image:width\" content=\"1920\" \/>\n\t<meta property=\"og:image:height\" content=\"1280\" \/>\n\t<meta property=\"og:image:type\" content=\"image\/jpeg\" \/>\n<meta name=\"author\" content=\"Redacci\u00f3n Cuba\" \/>\n<meta name=\"twitter:card\" content=\"summary_large_image\" \/>\n<meta name=\"twitter:creator\" content=\"@PressenzaIPA\" \/>\n<meta name=\"twitter:site\" content=\"@PressenzaIPA\" \/>\n<meta name=\"twitter:label1\" content=\"Escrito por\" \/>\n\t<meta name=\"twitter:data1\" content=\"Redacci\u00f3n Cuba\" \/>\n\t<meta name=\"twitter:label2\" content=\"Tiempo de lectura\" \/>\n\t<meta name=\"twitter:data2\" content=\"4 minutos\" \/>\n<script type=\"application\/ld+json\" class=\"yoast-schema-graph\">{\"@context\":\"https:\/\/schema.org\",\"@graph\":[{\"@type\":\"Article\",\"@id\":\"https:\/\/www.pressenza.com\/es\/2017\/09\/convocatoria-la-xv-edicion-del-premio-pensar-contracorriente-la-vi-del-premio-especial-una-especie-peligro\/#article\",\"isPartOf\":{\"@id\":\"https:\/\/www.pressenza.com\/es\/2017\/09\/convocatoria-la-xv-edicion-del-premio-pensar-contracorriente-la-vi-del-premio-especial-una-especie-peligro\/\"},\"author\":{\"name\":\"Redacci\u00f3n Cuba\",\"@id\":\"https:\/\/www.pressenza.com\/es\/#\/schema\/person\/8ae9fb86616bf7972df5aa651a73f542\"},\"headline\":\"Convocatoria a la XV edici\u00f3n del Premio Pensar a Contracorriente y a la VI del Premio Especial Una Especie en Peligro\",\"datePublished\":\"2017-09-03T06:32:30+00:00\",\"mainEntityOfPage\":{\"@id\":\"https:\/\/www.pressenza.com\/es\/2017\/09\/convocatoria-la-xv-edicion-del-premio-pensar-contracorriente-la-vi-del-premio-especial-una-especie-peligro\/\"},\"wordCount\":769,\"publisher\":{\"@id\":\"https:\/\/www.pressenza.com\/es\/#organization\"},\"image\":{\"@id\":\"https:\/\/www.pressenza.com\/es\/2017\/09\/convocatoria-la-xv-edicion-del-premio-pensar-contracorriente-la-vi-del-premio-especial-una-especie-peligro\/#primaryimage\"},\"thumbnailUrl\":\"https:\/\/www.pressenza.com\/wp-content\/uploads\/2017\/09\/symbol-1215080_1920.jpg\",\"keywords\":[\"Che Guevara\",\"Cuba\",\"La Habana\",\"Pensar a Contracorriente\",\"Red en Defensa de la Humanidad\"],\"articleSection\":[\"Ciencia y Tecnolog\u00eda\",\"Comunicados de Prensa\",\"Cultura y Medios\",\"Ecolog\u00eda y Medio Ambiente\",\"Pol\u00edtica\"],\"inLanguage\":\"es\"},{\"@type\":\"WebPage\",\"@id\":\"https:\/\/www.pressenza.com\/es\/2017\/09\/convocatoria-la-xv-edicion-del-premio-pensar-contracorriente-la-vi-del-premio-especial-una-especie-peligro\/\",\"url\":\"https:\/\/www.pressenza.com\/es\/2017\/09\/convocatoria-la-xv-edicion-del-premio-pensar-contracorriente-la-vi-del-premio-especial-una-especie-peligro\/\",\"name\":\"Convocatoria a la XV edici\u00f3n del Premio Pensar a Contracorriente y a la VI del Premio Especial Una Especie en Peligro\",\"isPartOf\":{\"@id\":\"https:\/\/www.pressenza.com\/es\/#website\"},\"primaryImageOfPage\":{\"@id\":\"https:\/\/www.pressenza.com\/es\/2017\/09\/convocatoria-la-xv-edicion-del-premio-pensar-contracorriente-la-vi-del-premio-especial-una-especie-peligro\/#primaryimage\"},\"image\":{\"@id\":\"https:\/\/www.pressenza.com\/es\/2017\/09\/convocatoria-la-xv-edicion-del-premio-pensar-contracorriente-la-vi-del-premio-especial-una-especie-peligro\/#primaryimage\"},\"thumbnailUrl\":\"https:\/\/www.pressenza.com\/wp-content\/uploads\/2017\/09\/symbol-1215080_1920.jpg\",\"datePublished\":\"2017-09-03T06:32:30+00:00\",\"description\":\"Con el prop\u00f3sito de reconocer y difundir el pensamiento cr\u00edtico sobre los problemas y desaf\u00edos m\u00e1s acuciantes del mundo contempor\u00e1neo, desde perspectivas\",\"breadcrumb\":{\"@id\":\"https:\/\/www.pressenza.com\/es\/2017\/09\/convocatoria-la-xv-edicion-del-premio-pensar-contracorriente-la-vi-del-premio-especial-una-especie-peligro\/#breadcrumb\"},\"inLanguage\":\"es\",\"potentialAction\":[{\"@type\":\"ReadAction\",\"target\":[\"https:\/\/www.pressenza.com\/es\/2017\/09\/convocatoria-la-xv-edicion-del-premio-pensar-contracorriente-la-vi-del-premio-especial-una-especie-peligro\/\"]}]},{\"@type\":\"ImageObject\",\"inLanguage\":\"es\",\"@id\":\"https:\/\/www.pressenza.com\/es\/2017\/09\/convocatoria-la-xv-edicion-del-premio-pensar-contracorriente-la-vi-del-premio-especial-una-especie-peligro\/#primaryimage\",\"url\":\"https:\/\/www.pressenza.com\/wp-content\/uploads\/2017\/09\/symbol-1215080_1920.jpg\",\"contentUrl\":\"https:\/\/www.pressenza.com\/wp-content\/uploads\/2017\/09\/symbol-1215080_1920.jpg\",\"width\":1920,\"height\":1280},{\"@type\":\"BreadcrumbList\",\"@id\":\"https:\/\/www.pressenza.com\/es\/2017\/09\/convocatoria-la-xv-edicion-del-premio-pensar-contracorriente-la-vi-del-premio-especial-una-especie-peligro\/#breadcrumb\",\"itemListElement\":[{\"@type\":\"ListItem\",\"position\":1,\"name\":\"Accueil\",\"item\":\"https:\/\/www.pressenza.com\/es\/\"},{\"@type\":\"ListItem\",\"position\":2,\"name\":\"Convocatoria a la XV edici\u00f3n del Premio Pensar a Contracorriente y a la VI del Premio Especial Una Especie en Peligro\"}]},{\"@type\":\"WebSite\",\"@id\":\"https:\/\/www.pressenza.com\/es\/#website\",\"url\":\"https:\/\/www.pressenza.com\/es\/\",\"name\":\"Pressenza\",\"description\":\"International Press Agency\",\"publisher\":{\"@id\":\"https:\/\/www.pressenza.com\/es\/#organization\"},\"potentialAction\":[{\"@type\":\"SearchAction\",\"target\":{\"@type\":\"EntryPoint\",\"urlTemplate\":\"https:\/\/www.pressenza.com\/es\/?s={search_term_string}\"},\"query-input\":{\"@type\":\"PropertyValueSpecification\",\"valueRequired\":true,\"valueName\":\"search_term_string\"}}],\"inLanguage\":\"es\"},{\"@type\":\"Organization\",\"@id\":\"https:\/\/www.pressenza.com\/es\/#organization\",\"name\":\"Pressenza\",\"url\":\"https:\/\/www.pressenza.com\/es\/\",\"logo\":{\"@type\":\"ImageObject\",\"inLanguage\":\"es\",\"@id\":\"https:\/\/www.pressenza.com\/es\/#\/schema\/logo\/image\/\",\"url\":\"https:\/\/www.pressenza.com\/wp-content\/uploads\/2022\/10\/pressenza_logo_200x200.jpg\",\"contentUrl\":\"https:\/\/www.pressenza.com\/wp-content\/uploads\/2022\/10\/pressenza_logo_200x200.jpg\",\"width\":200,\"height\":200,\"caption\":\"Pressenza\"},\"image\":{\"@id\":\"https:\/\/www.pressenza.com\/es\/#\/schema\/logo\/image\/\"},\"sameAs\":[\"https:\/\/www.facebook.com\/PressenzaItalia\",\"https:\/\/x.com\/PressenzaIPA\"]},{\"@type\":\"Person\",\"@id\":\"https:\/\/www.pressenza.com\/es\/#\/schema\/person\/8ae9fb86616bf7972df5aa651a73f542\",\"name\":\"Redacci\u00f3n Cuba\",\"description\":\"News published by the Pressenza bureau in Cuba\",\"url\":\"https:\/\/www.pressenza.com\/es\/author\/redaccion-cuba\/\"}]}<\/script>\n<!-- \/ Yoast SEO plugin. -->","yoast_head_json":{"title":"Convocatoria a la XV edici\u00f3n del Premio Pensar a Contracorriente y a la VI del Premio Especial Una Especie en Peligro","description":"Con el prop\u00f3sito de reconocer y difundir el pensamiento cr\u00edtico sobre los problemas y desaf\u00edos m\u00e1s acuciantes del mundo contempor\u00e1neo, desde perspectivas","robots":{"index":"index","follow":"follow","max-snippet":"max-snippet:-1","max-image-preview":"max-image-preview:large","max-video-preview":"max-video-preview:-1"},"canonical":"https:\/\/www.pressenza.com\/es\/2017\/09\/convocatoria-la-xv-edicion-del-premio-pensar-contracorriente-la-vi-del-premio-especial-una-especie-peligro\/","og_locale":"es_ES","og_type":"article","og_title":"Convocatoria a la XV edici\u00f3n del Premio Pensar a Contracorriente y a la VI del Premio Especial Una Especie en Peligro","og_description":"Con el prop\u00f3sito de reconocer y difundir el pensamiento cr\u00edtico sobre los problemas y desaf\u00edos m\u00e1s acuciantes del mundo contempor\u00e1neo, desde perspectivas","og_url":"https:\/\/www.pressenza.com\/es\/2017\/09\/convocatoria-la-xv-edicion-del-premio-pensar-contracorriente-la-vi-del-premio-especial-una-especie-peligro\/","og_site_name":"Pressenza","article_publisher":"https:\/\/www.facebook.com\/PressenzaItalia","article_published_time":"2017-09-03T06:32:30+00:00","og_image":[{"width":1920,"height":1280,"url":"https:\/\/www.pressenza.com\/wp-content\/uploads\/2017\/09\/symbol-1215080_1920.jpg","type":"image\/jpeg"}],"author":"Redacci\u00f3n Cuba","twitter_card":"summary_large_image","twitter_creator":"@PressenzaIPA","twitter_site":"@PressenzaIPA","twitter_misc":{"Escrito por":"Redacci\u00f3n Cuba","Tiempo de lectura":"4 minutos"},"schema":{"@context":"https:\/\/schema.org","@graph":[{"@type":"Article","@id":"https:\/\/www.pressenza.com\/es\/2017\/09\/convocatoria-la-xv-edicion-del-premio-pensar-contracorriente-la-vi-del-premio-especial-una-especie-peligro\/#article","isPartOf":{"@id":"https:\/\/www.pressenza.com\/es\/2017\/09\/convocatoria-la-xv-edicion-del-premio-pensar-contracorriente-la-vi-del-premio-especial-una-especie-peligro\/"},"author":{"name":"Redacci\u00f3n Cuba","@id":"https:\/\/www.pressenza.com\/es\/#\/schema\/person\/8ae9fb86616bf7972df5aa651a73f542"},"headline":"Convocatoria a la XV edici\u00f3n del Premio Pensar a Contracorriente y a la VI del Premio Especial Una Especie en Peligro","datePublished":"2017-09-03T06:32:30+00:00","mainEntityOfPage":{"@id":"https:\/\/www.pressenza.com\/es\/2017\/09\/convocatoria-la-xv-edicion-del-premio-pensar-contracorriente-la-vi-del-premio-especial-una-especie-peligro\/"},"wordCount":769,"publisher":{"@id":"https:\/\/www.pressenza.com\/es\/#organization"},"image":{"@id":"https:\/\/www.pressenza.com\/es\/2017\/09\/convocatoria-la-xv-edicion-del-premio-pensar-contracorriente-la-vi-del-premio-especial-una-especie-peligro\/#primaryimage"},"thumbnailUrl":"https:\/\/www.pressenza.com\/wp-content\/uploads\/2017\/09\/symbol-1215080_1920.jpg","keywords":["Che Guevara","Cuba","La Habana","Pensar a Contracorriente","Red en Defensa de la Humanidad"],"articleSection":["Ciencia y Tecnolog\u00eda","Comunicados de Prensa","Cultura y Medios","Ecolog\u00eda y Medio Ambiente","Pol\u00edtica"],"inLanguage":"es"},{"@type":"WebPage","@id":"https:\/\/www.pressenza.com\/es\/2017\/09\/convocatoria-la-xv-edicion-del-premio-pensar-contracorriente-la-vi-del-premio-especial-una-especie-peligro\/","url":"https:\/\/www.pressenza.com\/es\/2017\/09\/convocatoria-la-xv-edicion-del-premio-pensar-contracorriente-la-vi-del-premio-especial-una-especie-peligro\/","name":"Convocatoria a la XV edici\u00f3n del Premio Pensar a Contracorriente y a la VI del Premio Especial Una Especie en Peligro","isPartOf":{"@id":"https:\/\/www.pressenza.com\/es\/#website"},"primaryImageOfPage":{"@id":"https:\/\/www.pressenza.com\/es\/2017\/09\/convocatoria-la-xv-edicion-del-premio-pensar-contracorriente-la-vi-del-premio-especial-una-especie-peligro\/#primaryimage"},"image":{"@id":"https:\/\/www.pressenza.com\/es\/2017\/09\/convocatoria-la-xv-edicion-del-premio-pensar-contracorriente-la-vi-del-premio-especial-una-especie-peligro\/#primaryimage"},"thumbnailUrl":"https:\/\/www.pressenza.com\/wp-content\/uploads\/2017\/09\/symbol-1215080_1920.jpg","datePublished":"2017-09-03T06:32:30+00:00","description":"Con el prop\u00f3sito de reconocer y difundir el pensamiento cr\u00edtico sobre los problemas y desaf\u00edos m\u00e1s acuciantes del mundo contempor\u00e1neo, desde perspectivas","breadcrumb":{"@id":"https:\/\/www.pressenza.com\/es\/2017\/09\/convocatoria-la-xv-edicion-del-premio-pensar-contracorriente-la-vi-del-premio-especial-una-especie-peligro\/#breadcrumb"},"inLanguage":"es","potentialAction":[{"@type":"ReadAction","target":["https:\/\/www.pressenza.com\/es\/2017\/09\/convocatoria-la-xv-edicion-del-premio-pensar-contracorriente-la-vi-del-premio-especial-una-especie-peligro\/"]}]},{"@type":"ImageObject","inLanguage":"es","@id":"https:\/\/www.pressenza.com\/es\/2017\/09\/convocatoria-la-xv-edicion-del-premio-pensar-contracorriente-la-vi-del-premio-especial-una-especie-peligro\/#primaryimage","url":"https:\/\/www.pressenza.com\/wp-content\/uploads\/2017\/09\/symbol-1215080_1920.jpg","contentUrl":"https:\/\/www.pressenza.com\/wp-content\/uploads\/2017\/09\/symbol-1215080_1920.jpg","width":1920,"height":1280},{"@type":"BreadcrumbList","@id":"https:\/\/www.pressenza.com\/es\/2017\/09\/convocatoria-la-xv-edicion-del-premio-pensar-contracorriente-la-vi-del-premio-especial-una-especie-peligro\/#breadcrumb","itemListElement":[{"@type":"ListItem","position":1,"name":"Accueil","item":"https:\/\/www.pressenza.com\/es\/"},{"@type":"ListItem","position":2,"name":"Convocatoria a la XV edici\u00f3n del Premio Pensar a Contracorriente y a la VI del Premio Especial Una Especie en Peligro"}]},{"@type":"WebSite","@id":"https:\/\/www.pressenza.com\/es\/#website","url":"https:\/\/www.pressenza.com\/es\/","name":"Pressenza","description":"International Press Agency","publisher":{"@id":"https:\/\/www.pressenza.com\/es\/#organization"},"potentialAction":[{"@type":"SearchAction","target":{"@type":"EntryPoint","urlTemplate":"https:\/\/www.pressenza.com\/es\/?s={search_term_string}"},"query-input":{"@type":"PropertyValueSpecification","valueRequired":true,"valueName":"search_term_string"}}],"inLanguage":"es"},{"@type":"Organization","@id":"https:\/\/www.pressenza.com\/es\/#organization","name":"Pressenza","url":"https:\/\/www.pressenza.com\/es\/","logo":{"@type":"ImageObject","inLanguage":"es","@id":"https:\/\/www.pressenza.com\/es\/#\/schema\/logo\/image\/","url":"https:\/\/www.pressenza.com\/wp-content\/uploads\/2022\/10\/pressenza_logo_200x200.jpg","contentUrl":"https:\/\/www.pressenza.com\/wp-content\/uploads\/2022\/10\/pressenza_logo_200x200.jpg","width":200,"height":200,"caption":"Pressenza"},"image":{"@id":"https:\/\/www.pressenza.com\/es\/#\/schema\/logo\/image\/"},"sameAs":["https:\/\/www.facebook.com\/PressenzaItalia","https:\/\/x.com\/PressenzaIPA"]},{"@type":"Person","@id":"https:\/\/www.pressenza.com\/es\/#\/schema\/person\/8ae9fb86616bf7972df5aa651a73f542","name":"Redacci\u00f3n Cuba","description":"News published by the Pressenza bureau in Cuba","url":"https:\/\/www.pressenza.com\/es\/author\/redaccion-cuba\/"}]}},"place":"La Habana","original_article_url":"","_links":{"self":[{"href":"https:\/\/www.pressenza.com\/es\/wp-json\/wp\/v2\/posts\/512730","targetHints":{"allow":["GET"]}}],"collection":[{"href":"https:\/\/www.pressenza.com\/es\/wp-json\/wp\/v2\/posts"}],"about":[{"href":"https:\/\/www.pressenza.com\/es\/wp-json\/wp\/v2\/types\/post"}],"author":[{"embeddable":true,"href":"https:\/\/www.pressenza.com\/es\/wp-json\/wp\/v2\/users\/1333"}],"replies":[{"embeddable":true,"href":"https:\/\/www.pressenza.com\/es\/wp-json\/wp\/v2\/comments?post=512730"}],"version-history":[{"count":0,"href":"https:\/\/www.pressenza.com\/es\/wp-json\/wp\/v2\/posts\/512730\/revisions"}],"wp:featuredmedia":[{"embeddable":true,"href":"https:\/\/www.pressenza.com\/es\/wp-json\/wp\/v2\/media\/512731"}],"wp:attachment":[{"href":"https:\/\/www.pressenza.com\/es\/wp-json\/wp\/v2\/media?parent=512730"}],"wp:term":[{"taxonomy":"category","embeddable":true,"href":"https:\/\/www.pressenza.com\/es\/wp-json\/wp\/v2\/categories?post=512730"},{"taxonomy":"post_tag","embeddable":true,"href":"https:\/\/www.pressenza.com\/es\/wp-json\/wp\/v2\/tags?post=512730"}],"curies":[{"name":"wp","href":"https:\/\/api.w.org\/{rel}","templated":true}]}}