{"id":511838,"date":"2017-09-01T02:28:57","date_gmt":"2017-09-01T01:28:57","guid":{"rendered":"https:\/\/www.pressenza.com\/?p=511838\/"},"modified":"2017-09-01T02:28:57","modified_gmt":"2017-09-01T01:28:57","slug":"modelo-desarrollo-esta-finalmente-cuestion","status":"publish","type":"post","link":"https:\/\/www.pressenza.com\/es\/2017\/09\/modelo-desarrollo-esta-finalmente-cuestion\/","title":{"rendered":"\u00bfEl modelo de desarrollo est\u00e1 finalmente en cuesti\u00f3n?"},"content":{"rendered":"<p align=\"justify\">El rechazo del proyecto minero Dominga por parte del Consejo de Ministros gatill\u00f3 la renuncia de dos ministros, el de Econom\u00eda y Hacienda, junto al secretario de esta \u00faltima cartera. El impacto est\u00e1 dado esencialmente por la ca\u00edda del ministro de Hacienda, Rodrigo Vald\u00e9s, el verdadero poder fact\u00f3tum de todos los gobiernos de la transici\u00f3n de acuerdo a los cerrojos heredados de la dictadura. Como \u00e9l mismo lo se\u00f1ala, habr\u00eda perdido el gallito sostenido entre dos fuerzas, la de quienes privilegian el crecimiento a toda costa y la de quienes postulan un crecimiento sustentable.<\/p>\n<p align=\"justify\">Como era de suponer, el mundo empresarial, las \u00e9lites, los expertos, los economistas ortodoxos, el \u201cmercado\u201d, lamentan la ca\u00edda de Vald\u00e9s, C\u00e9spedes y Micco. Lo ocurrido debe constituir un hito, un punto de inflexi\u00f3n respecto del modo de desarrollo que hemos tenido a la fecha. Por ello lo visualizo como una oportunidad para pasar, como pa\u00eds, de la adolescencia a la adultez. Una oportunidad para cambiar nuestra matriz productiva, para visualizar el desarrollo como un proceso que no se reduce al mero crecimiento, para abandonar un modelo extractivista, basado en exportaciones de recursos naturales sin mayor valor agregado.<\/p>\n<p align=\"justify\">A pesar de que despu\u00e9s de medio siglo nuestra cobertura de educaci\u00f3n superior se ha m\u00e1s que duplicado, nuestra canasta exportadora conserva una estructura que no ha variado mayormente. Casi medio siglo en que nuestras empresas han hecho lo que han querido con trabajadores sin capacidad de negociaci\u00f3n, con la pol\u00edtica subordinada a la econom\u00eda. Resultado: seguimos comulgando con ruedas de carreta.<\/p>\n<p align=\"justify\">Por ello, estimo que Michelle Bachelet, la Presidenta, al respaldar lo obrado por el Comit\u00e9 de Ministros, ha dado un paso muy significativo dif\u00edcil de aquilatar. Nos dice que lleg\u00f3 la hora de levantar la mirada pensando no solo en las actuales, sino que tambi\u00e9n en las futuras generaciones. Est\u00e1 invit\u00e1ndonos a respetar nuestro medio ambiente y a nuestros trabajadores con empleos que no los enfermen ni condenen a una vejez prematura.<\/p>\n<p align=\"justify\">El gran debate para las pr\u00f3ximas elecciones tiene que ver justamente con esto: consolidar un modelo que no da para m\u00e1s, o pasar a otro modelo de desarrollo que nos respete a todos.<\/p>\n","protected":false},"excerpt":{"rendered":"<p>El rechazo del proyecto minero Dominga por parte del Consejo de Ministros gatill\u00f3 la renuncia de dos ministros, el de Econom\u00eda y Hacienda, junto al secretario de esta \u00faltima cartera. El impacto est\u00e1 dado esencialmente por la ca\u00edda del ministro&hellip;<\/p>\n","protected":false},"author":1346,"featured_media":511839,"comment_status":"closed","ping_status":"closed","sticky":false,"template":"","format":"standard","meta":{"footnotes":""},"categories":[11389,81,161,74,67],"tags":[39919,8242,39921,39922],"class_list":["post-511838","post","type-post","status-publish","format-standard","has-post-thumbnail","hentry","category-contenido-original","category-economia-es","category-opiniones","category-politica-es","category-sudamerica","tag-cambio-de-gabinete","tag-michelle-bachelet-es","tag-modelo-productivo","tag-modelo-sustentable"],"yoast_head":"<!-- This site is optimized with the Yoast SEO plugin v27.1.1 - https:\/\/yoast.com\/product\/yoast-seo-wordpress\/ -->\n<title>\u00bfEl modelo de desarrollo est\u00e1 finalmente en cuesti\u00f3n?<\/title>\n<meta name=\"description\" content=\"El rechazo del proyecto minero Dominga por parte del Consejo de Ministros gatill\u00f3 la renuncia de dos ministros, el de Econom\u00eda y Hacienda, junto al\" \/>\n<meta name=\"robots\" content=\"index, follow, max-snippet:-1, max-image-preview:large, max-video-preview:-1\" \/>\n<link rel=\"canonical\" href=\"https:\/\/www.pressenza.com\/es\/2017\/09\/modelo-desarrollo-esta-finalmente-cuestion\/\" \/>\n<meta property=\"og:locale\" content=\"es_ES\" \/>\n<meta property=\"og:type\" content=\"article\" \/>\n<meta property=\"og:title\" content=\"\u00bfEl modelo de desarrollo est\u00e1 finalmente en cuesti\u00f3n?\" \/>\n<meta property=\"og:description\" content=\"El rechazo del proyecto minero Dominga por parte del Consejo de Ministros gatill\u00f3 la renuncia de dos ministros, el de Econom\u00eda y Hacienda, junto al\" \/>\n<meta property=\"og:url\" content=\"https:\/\/www.pressenza.com\/es\/2017\/09\/modelo-desarrollo-esta-finalmente-cuestion\/\" \/>\n<meta property=\"og:site_name\" content=\"Pressenza\" \/>\n<meta property=\"article:publisher\" content=\"https:\/\/www.facebook.com\/PressenzaItalia\" \/>\n<meta property=\"article:published_time\" content=\"2017-09-01T01:28:57+00:00\" \/>\n<meta property=\"og:image\" content=\"https:\/\/www.pressenza.com\/wp-content\/uploads\/2017\/09\/se-abren-dos-caminos.jpg\" \/>\n\t<meta property=\"og:image:width\" content=\"960\" \/>\n\t<meta property=\"og:image:height\" content=\"639\" \/>\n\t<meta property=\"og:image:type\" content=\"image\/jpeg\" \/>\n<meta name=\"author\" content=\"Rodolfo Schmal\" \/>\n<meta name=\"twitter:card\" content=\"summary_large_image\" \/>\n<meta name=\"twitter:creator\" content=\"@PressenzaIPA\" \/>\n<meta name=\"twitter:site\" content=\"@PressenzaIPA\" \/>\n<meta name=\"twitter:label1\" content=\"Escrito por\" \/>\n\t<meta name=\"twitter:data1\" content=\"Rodolfo Schmal\" \/>\n\t<meta name=\"twitter:label2\" content=\"Tiempo de lectura\" \/>\n\t<meta name=\"twitter:data2\" content=\"2 minutos\" \/>\n<script type=\"application\/ld+json\" class=\"yoast-schema-graph\">{\"@context\":\"https:\/\/schema.org\",\"@graph\":[{\"@type\":\"Article\",\"@id\":\"https:\/\/www.pressenza.com\/es\/2017\/09\/modelo-desarrollo-esta-finalmente-cuestion\/#article\",\"isPartOf\":{\"@id\":\"https:\/\/www.pressenza.com\/es\/2017\/09\/modelo-desarrollo-esta-finalmente-cuestion\/\"},\"author\":{\"name\":\"Rodolfo Schmal\",\"@id\":\"https:\/\/www.pressenza.com\/es\/#\/schema\/person\/f997ea76500c802de8beb920d3db5a96\"},\"headline\":\"\u00bfEl modelo de desarrollo est\u00e1 finalmente en cuesti\u00f3n?\",\"datePublished\":\"2017-09-01T01:28:57+00:00\",\"mainEntityOfPage\":{\"@id\":\"https:\/\/www.pressenza.com\/es\/2017\/09\/modelo-desarrollo-esta-finalmente-cuestion\/\"},\"wordCount\":391,\"publisher\":{\"@id\":\"https:\/\/www.pressenza.com\/es\/#organization\"},\"image\":{\"@id\":\"https:\/\/www.pressenza.com\/es\/2017\/09\/modelo-desarrollo-esta-finalmente-cuestion\/#primaryimage\"},\"thumbnailUrl\":\"https:\/\/www.pressenza.com\/wp-content\/uploads\/2017\/09\/se-abren-dos-caminos.jpg\",\"keywords\":[\"cambio de gabinete\",\"Michelle Bachelet\",\"modelo productivo\",\"modelo sustentable\"],\"articleSection\":[\"Contenido Original\",\"Econom\u00eda\",\"Opiniones\",\"Pol\u00edtica\",\"Sudam\u00e9rica\"],\"inLanguage\":\"es\"},{\"@type\":\"WebPage\",\"@id\":\"https:\/\/www.pressenza.com\/es\/2017\/09\/modelo-desarrollo-esta-finalmente-cuestion\/\",\"url\":\"https:\/\/www.pressenza.com\/es\/2017\/09\/modelo-desarrollo-esta-finalmente-cuestion\/\",\"name\":\"\u00bfEl modelo de desarrollo est\u00e1 finalmente en cuesti\u00f3n?\",\"isPartOf\":{\"@id\":\"https:\/\/www.pressenza.com\/es\/#website\"},\"primaryImageOfPage\":{\"@id\":\"https:\/\/www.pressenza.com\/es\/2017\/09\/modelo-desarrollo-esta-finalmente-cuestion\/#primaryimage\"},\"image\":{\"@id\":\"https:\/\/www.pressenza.com\/es\/2017\/09\/modelo-desarrollo-esta-finalmente-cuestion\/#primaryimage\"},\"thumbnailUrl\":\"https:\/\/www.pressenza.com\/wp-content\/uploads\/2017\/09\/se-abren-dos-caminos.jpg\",\"datePublished\":\"2017-09-01T01:28:57+00:00\",\"description\":\"El rechazo del proyecto minero Dominga por parte del Consejo de Ministros gatill\u00f3 la renuncia de dos ministros, el de Econom\u00eda y Hacienda, junto al\",\"breadcrumb\":{\"@id\":\"https:\/\/www.pressenza.com\/es\/2017\/09\/modelo-desarrollo-esta-finalmente-cuestion\/#breadcrumb\"},\"inLanguage\":\"es\",\"potentialAction\":[{\"@type\":\"ReadAction\",\"target\":[\"https:\/\/www.pressenza.com\/es\/2017\/09\/modelo-desarrollo-esta-finalmente-cuestion\/\"]}]},{\"@type\":\"ImageObject\",\"inLanguage\":\"es\",\"@id\":\"https:\/\/www.pressenza.com\/es\/2017\/09\/modelo-desarrollo-esta-finalmente-cuestion\/#primaryimage\",\"url\":\"https:\/\/www.pressenza.com\/wp-content\/uploads\/2017\/09\/se-abren-dos-caminos.jpg\",\"contentUrl\":\"https:\/\/www.pressenza.com\/wp-content\/uploads\/2017\/09\/se-abren-dos-caminos.jpg\",\"width\":960,\"height\":639},{\"@type\":\"BreadcrumbList\",\"@id\":\"https:\/\/www.pressenza.com\/es\/2017\/09\/modelo-desarrollo-esta-finalmente-cuestion\/#breadcrumb\",\"itemListElement\":[{\"@type\":\"ListItem\",\"position\":1,\"name\":\"Accueil\",\"item\":\"https:\/\/www.pressenza.com\/es\/\"},{\"@type\":\"ListItem\",\"position\":2,\"name\":\"\u00bfEl modelo de desarrollo est\u00e1 finalmente en cuesti\u00f3n?\"}]},{\"@type\":\"WebSite\",\"@id\":\"https:\/\/www.pressenza.com\/es\/#website\",\"url\":\"https:\/\/www.pressenza.com\/es\/\",\"name\":\"Pressenza\",\"description\":\"International Press Agency\",\"publisher\":{\"@id\":\"https:\/\/www.pressenza.com\/es\/#organization\"},\"potentialAction\":[{\"@type\":\"SearchAction\",\"target\":{\"@type\":\"EntryPoint\",\"urlTemplate\":\"https:\/\/www.pressenza.com\/es\/?s={search_term_string}\"},\"query-input\":{\"@type\":\"PropertyValueSpecification\",\"valueRequired\":true,\"valueName\":\"search_term_string\"}}],\"inLanguage\":\"es\"},{\"@type\":\"Organization\",\"@id\":\"https:\/\/www.pressenza.com\/es\/#organization\",\"name\":\"Pressenza\",\"url\":\"https:\/\/www.pressenza.com\/es\/\",\"logo\":{\"@type\":\"ImageObject\",\"inLanguage\":\"es\",\"@id\":\"https:\/\/www.pressenza.com\/es\/#\/schema\/logo\/image\/\",\"url\":\"https:\/\/www.pressenza.com\/wp-content\/uploads\/2022\/10\/pressenza_logo_200x200.jpg\",\"contentUrl\":\"https:\/\/www.pressenza.com\/wp-content\/uploads\/2022\/10\/pressenza_logo_200x200.jpg\",\"width\":200,\"height\":200,\"caption\":\"Pressenza\"},\"image\":{\"@id\":\"https:\/\/www.pressenza.com\/es\/#\/schema\/logo\/image\/\"},\"sameAs\":[\"https:\/\/www.facebook.com\/PressenzaItalia\",\"https:\/\/x.com\/PressenzaIPA\"]},{\"@type\":\"Person\",\"@id\":\"https:\/\/www.pressenza.com\/es\/#\/schema\/person\/f997ea76500c802de8beb920d3db5a96\",\"name\":\"Rodolfo Schmal\",\"description\":\"Rodolfo Schmal Simon es Ingeniero Civil Industrial de la Universidad de Chile y Magister en Inform\u00e1tica de la Universidad Polit\u00e9cnica de Madrid-Espa\u00f1a. Ha sido profesor de las Universidades de Chile, del Norte, de Tarapac\u00e1 y de Talca; socio de las empresas inform\u00e1ticas PRODAT y ALEPH; Director de ZOFRI S.A.; Secretario y Tesorero de la Asociaci\u00f3n de Acad\u00e9micos de la Universidad de Talca. Es autor de textos docentes y art\u00edculos en revistas acad\u00e9micas nacionales e internacionales indexadas. Reside en Talca, Chile.\",\"url\":\"https:\/\/www.pressenza.com\/es\/author\/rodolfo-schmal\/\"}]}<\/script>\n<!-- \/ Yoast SEO plugin. -->","yoast_head_json":{"title":"\u00bfEl modelo de desarrollo est\u00e1 finalmente en cuesti\u00f3n?","description":"El rechazo del proyecto minero Dominga por parte del Consejo de Ministros gatill\u00f3 la renuncia de dos ministros, el de Econom\u00eda y Hacienda, junto al","robots":{"index":"index","follow":"follow","max-snippet":"max-snippet:-1","max-image-preview":"max-image-preview:large","max-video-preview":"max-video-preview:-1"},"canonical":"https:\/\/www.pressenza.com\/es\/2017\/09\/modelo-desarrollo-esta-finalmente-cuestion\/","og_locale":"es_ES","og_type":"article","og_title":"\u00bfEl modelo de desarrollo est\u00e1 finalmente en cuesti\u00f3n?","og_description":"El rechazo del proyecto minero Dominga por parte del Consejo de Ministros gatill\u00f3 la renuncia de dos ministros, el de Econom\u00eda y Hacienda, junto al","og_url":"https:\/\/www.pressenza.com\/es\/2017\/09\/modelo-desarrollo-esta-finalmente-cuestion\/","og_site_name":"Pressenza","article_publisher":"https:\/\/www.facebook.com\/PressenzaItalia","article_published_time":"2017-09-01T01:28:57+00:00","og_image":[{"width":960,"height":639,"url":"https:\/\/www.pressenza.com\/wp-content\/uploads\/2017\/09\/se-abren-dos-caminos.jpg","type":"image\/jpeg"}],"author":"Rodolfo Schmal","twitter_card":"summary_large_image","twitter_creator":"@PressenzaIPA","twitter_site":"@PressenzaIPA","twitter_misc":{"Escrito por":"Rodolfo Schmal","Tiempo de lectura":"2 minutos"},"schema":{"@context":"https:\/\/schema.org","@graph":[{"@type":"Article","@id":"https:\/\/www.pressenza.com\/es\/2017\/09\/modelo-desarrollo-esta-finalmente-cuestion\/#article","isPartOf":{"@id":"https:\/\/www.pressenza.com\/es\/2017\/09\/modelo-desarrollo-esta-finalmente-cuestion\/"},"author":{"name":"Rodolfo Schmal","@id":"https:\/\/www.pressenza.com\/es\/#\/schema\/person\/f997ea76500c802de8beb920d3db5a96"},"headline":"\u00bfEl modelo de desarrollo est\u00e1 finalmente en cuesti\u00f3n?","datePublished":"2017-09-01T01:28:57+00:00","mainEntityOfPage":{"@id":"https:\/\/www.pressenza.com\/es\/2017\/09\/modelo-desarrollo-esta-finalmente-cuestion\/"},"wordCount":391,"publisher":{"@id":"https:\/\/www.pressenza.com\/es\/#organization"},"image":{"@id":"https:\/\/www.pressenza.com\/es\/2017\/09\/modelo-desarrollo-esta-finalmente-cuestion\/#primaryimage"},"thumbnailUrl":"https:\/\/www.pressenza.com\/wp-content\/uploads\/2017\/09\/se-abren-dos-caminos.jpg","keywords":["cambio de gabinete","Michelle Bachelet","modelo productivo","modelo sustentable"],"articleSection":["Contenido Original","Econom\u00eda","Opiniones","Pol\u00edtica","Sudam\u00e9rica"],"inLanguage":"es"},{"@type":"WebPage","@id":"https:\/\/www.pressenza.com\/es\/2017\/09\/modelo-desarrollo-esta-finalmente-cuestion\/","url":"https:\/\/www.pressenza.com\/es\/2017\/09\/modelo-desarrollo-esta-finalmente-cuestion\/","name":"\u00bfEl modelo de desarrollo est\u00e1 finalmente en cuesti\u00f3n?","isPartOf":{"@id":"https:\/\/www.pressenza.com\/es\/#website"},"primaryImageOfPage":{"@id":"https:\/\/www.pressenza.com\/es\/2017\/09\/modelo-desarrollo-esta-finalmente-cuestion\/#primaryimage"},"image":{"@id":"https:\/\/www.pressenza.com\/es\/2017\/09\/modelo-desarrollo-esta-finalmente-cuestion\/#primaryimage"},"thumbnailUrl":"https:\/\/www.pressenza.com\/wp-content\/uploads\/2017\/09\/se-abren-dos-caminos.jpg","datePublished":"2017-09-01T01:28:57+00:00","description":"El rechazo del proyecto minero Dominga por parte del Consejo de Ministros gatill\u00f3 la renuncia de dos ministros, el de Econom\u00eda y Hacienda, junto al","breadcrumb":{"@id":"https:\/\/www.pressenza.com\/es\/2017\/09\/modelo-desarrollo-esta-finalmente-cuestion\/#breadcrumb"},"inLanguage":"es","potentialAction":[{"@type":"ReadAction","target":["https:\/\/www.pressenza.com\/es\/2017\/09\/modelo-desarrollo-esta-finalmente-cuestion\/"]}]},{"@type":"ImageObject","inLanguage":"es","@id":"https:\/\/www.pressenza.com\/es\/2017\/09\/modelo-desarrollo-esta-finalmente-cuestion\/#primaryimage","url":"https:\/\/www.pressenza.com\/wp-content\/uploads\/2017\/09\/se-abren-dos-caminos.jpg","contentUrl":"https:\/\/www.pressenza.com\/wp-content\/uploads\/2017\/09\/se-abren-dos-caminos.jpg","width":960,"height":639},{"@type":"BreadcrumbList","@id":"https:\/\/www.pressenza.com\/es\/2017\/09\/modelo-desarrollo-esta-finalmente-cuestion\/#breadcrumb","itemListElement":[{"@type":"ListItem","position":1,"name":"Accueil","item":"https:\/\/www.pressenza.com\/es\/"},{"@type":"ListItem","position":2,"name":"\u00bfEl modelo de desarrollo est\u00e1 finalmente en cuesti\u00f3n?"}]},{"@type":"WebSite","@id":"https:\/\/www.pressenza.com\/es\/#website","url":"https:\/\/www.pressenza.com\/es\/","name":"Pressenza","description":"International Press Agency","publisher":{"@id":"https:\/\/www.pressenza.com\/es\/#organization"},"potentialAction":[{"@type":"SearchAction","target":{"@type":"EntryPoint","urlTemplate":"https:\/\/www.pressenza.com\/es\/?s={search_term_string}"},"query-input":{"@type":"PropertyValueSpecification","valueRequired":true,"valueName":"search_term_string"}}],"inLanguage":"es"},{"@type":"Organization","@id":"https:\/\/www.pressenza.com\/es\/#organization","name":"Pressenza","url":"https:\/\/www.pressenza.com\/es\/","logo":{"@type":"ImageObject","inLanguage":"es","@id":"https:\/\/www.pressenza.com\/es\/#\/schema\/logo\/image\/","url":"https:\/\/www.pressenza.com\/wp-content\/uploads\/2022\/10\/pressenza_logo_200x200.jpg","contentUrl":"https:\/\/www.pressenza.com\/wp-content\/uploads\/2022\/10\/pressenza_logo_200x200.jpg","width":200,"height":200,"caption":"Pressenza"},"image":{"@id":"https:\/\/www.pressenza.com\/es\/#\/schema\/logo\/image\/"},"sameAs":["https:\/\/www.facebook.com\/PressenzaItalia","https:\/\/x.com\/PressenzaIPA"]},{"@type":"Person","@id":"https:\/\/www.pressenza.com\/es\/#\/schema\/person\/f997ea76500c802de8beb920d3db5a96","name":"Rodolfo Schmal","description":"Rodolfo Schmal Simon es Ingeniero Civil Industrial de la Universidad de Chile y Magister en Inform\u00e1tica de la Universidad Polit\u00e9cnica de Madrid-Espa\u00f1a. Ha sido profesor de las Universidades de Chile, del Norte, de Tarapac\u00e1 y de Talca; socio de las empresas inform\u00e1ticas PRODAT y ALEPH; Director de ZOFRI S.A.; Secretario y Tesorero de la Asociaci\u00f3n de Acad\u00e9micos de la Universidad de Talca. Es autor de textos docentes y art\u00edculos en revistas acad\u00e9micas nacionales e internacionales indexadas. Reside en Talca, Chile.","url":"https:\/\/www.pressenza.com\/es\/author\/rodolfo-schmal\/"}]}},"place":"Talca, Chile","original_article_url":"","_links":{"self":[{"href":"https:\/\/www.pressenza.com\/es\/wp-json\/wp\/v2\/posts\/511838","targetHints":{"allow":["GET"]}}],"collection":[{"href":"https:\/\/www.pressenza.com\/es\/wp-json\/wp\/v2\/posts"}],"about":[{"href":"https:\/\/www.pressenza.com\/es\/wp-json\/wp\/v2\/types\/post"}],"author":[{"embeddable":true,"href":"https:\/\/www.pressenza.com\/es\/wp-json\/wp\/v2\/users\/1346"}],"replies":[{"embeddable":true,"href":"https:\/\/www.pressenza.com\/es\/wp-json\/wp\/v2\/comments?post=511838"}],"version-history":[{"count":0,"href":"https:\/\/www.pressenza.com\/es\/wp-json\/wp\/v2\/posts\/511838\/revisions"}],"wp:featuredmedia":[{"embeddable":true,"href":"https:\/\/www.pressenza.com\/es\/wp-json\/wp\/v2\/media\/511839"}],"wp:attachment":[{"href":"https:\/\/www.pressenza.com\/es\/wp-json\/wp\/v2\/media?parent=511838"}],"wp:term":[{"taxonomy":"category","embeddable":true,"href":"https:\/\/www.pressenza.com\/es\/wp-json\/wp\/v2\/categories?post=511838"},{"taxonomy":"post_tag","embeddable":true,"href":"https:\/\/www.pressenza.com\/es\/wp-json\/wp\/v2\/tags?post=511838"}],"curies":[{"name":"wp","href":"https:\/\/api.w.org\/{rel}","templated":true}]}}