{"id":51125,"date":"2013-05-10T00:18:31","date_gmt":"2013-05-09T23:18:31","guid":{"rendered":"http:\/\/www.pressenza.com\/?p=51125"},"modified":"2013-05-10T14:57:30","modified_gmt":"2013-05-10T13:57:30","slug":"presentacion-del-libro-sentido-de-las-acciones-pedagogicas-en-el-nuevo-contexto-educativo","status":"publish","type":"post","link":"https:\/\/www.pressenza.com\/es\/2013\/05\/presentacion-del-libro-sentido-de-las-acciones-pedagogicas-en-el-nuevo-contexto-educativo\/","title":{"rendered":"Presentaci\u00f3n del libro \u201cSentido de las acciones pedag\u00f3gicas en el nuevo contexto educativo\u00bb"},"content":{"rendered":"<p><strong>Por Mar\u00eda\u00a0 Isabel Calderon Quispe<\/strong><\/p>\n<p style=\"text-align: justify;\">El Observatorio Plurinacional de la Calidad Educativa -OPCE, realiz\u00f3 la presentaci\u00f3n del documento-libro titulado \u201cSentido de las acciones pedag\u00f3gicas en el nuevo contexto educativo. Experiencias de los Pueblos Ind\u00edgenas, Aynara, Quechua, Guarayo, Guaran\u00ed, Chiquitano y Moje\u00f1o\u201d.<\/p>\n<p>El evento fue realizado en el Sal\u00f3n Codena del Ministerio de Educaci\u00f3n y cont\u00f3 con la participaci\u00f3n de los actores y protagonistas del libro, tambi\u00e9n con la presencia de personeros y representantes del Ministerio de Educaci\u00f3n, Viceministerio de Igualdad de Oportunidades, Entidades Financieras de Cooperaci\u00f3n Internacional, Pueblos Ind\u00edgenas Originarios, Escuelas Superiores de Formaci\u00f3n de Maestros, Directores Departamentales y Distritales de Educaci\u00f3n, maestras y maestros de unidades educativas, Junta Nacional de Padres de Familia, Organizaciones sociales y t\u00e9cnicos del OPCE.<\/p>\n<p>La presentaci\u00f3n del libro estuvo a cargo de T\u00e9cnicos del OPCE y se tuvo el testimonio de dos profesores que participaron en el estudio: la Profesora Basilia Ramos de la UE Lupacapamaya, perteneciente a la naci\u00f3n aymara y el profesor Jon\u00e1s Canaza que visit\u00f3 desde el departamento del Beni de la UE Jos\u00e9 Santos Noco, del pueblo moje\u00f1o.<\/p>\n<p><strong>Comentarios de Boris Chiri<\/strong><br \/>\nSon ya cuatro a\u00f1os de vigencia de la Constituci\u00f3n Pol\u00edtica de nuestro Estado Plurinacional, una constituci\u00f3n hist\u00f3rica que fue configurada, pensada y estructurada desde el pueblo como un poder constituyente, leg\u00edtimo, democr\u00e1tico y originario. Nuestra constituci\u00f3n fue y es \u2013por su car\u00e1cter y contenido revolucionario- un ejemplo y motivo de estudio por parte pa\u00edses hermanos y por otros estados especialmente europeos. Uno de los elementos que lo enmarca dentro del neo constitucionalismo, entendida \u00e9sta como el reconocimiento de un Estado Social de Derecho, es aquel referido a la participaci\u00f3n leg\u00edtima de nuestros pueblos ind\u00edgena originarios campesinos e interculturales.<\/p>\n<p>La educaci\u00f3n, comprendida como una pol\u00edtica p\u00fablica de trascendental importancia para nuestro proceso de cambio se ha ido constituyendo con profundas transformaciones reflejadas esencialmente en la Ley No. 070 denominada Ley Avelino Si\u00f1ani \u2013Lizardo Perez, la cual la identifica \u2013entre otros- como intracultural, intercultural y pluriling\u00fce, potenciando los saberes, conocimientos e idiomas de las naciones y pueblos ind\u00edgena originario campesinos; as\u00ed como, desarrolladora de estos conocimientos y saberes desde su propia cosmovisi\u00f3n.<\/p>\n<p>Es en esta esfera y de la mano de los curr\u00edculos regionalizados que el equipo t\u00e9cnico del OPCE se puso a la tarea de identificar acciones pedag\u00f3gicas concretas en diferentes regiones de nuestro pa\u00eds, las cuales nos describen experiencias y capacidades creadoras de nuestras maestras y maestros, demostr\u00e1ndonos que es absolutamente posible llevar adelante una educaci\u00f3n que desarrolla elementos culturales y comunitarios.<\/p>\n<p>La forma c\u00f3mo nos introducen a cada pr\u00e1ctica descrita en el presente trabajo, -no lo s\u00e9 si intencionalmente- se constituye en una aproximaci\u00f3n a la utilizaci\u00f3n de un g\u00e9nero de redacci\u00f3n period\u00edstica en uno de sus formatos denominado reportaje, que une la informaci\u00f3n, la descripci\u00f3n y la narraci\u00f3n; lo cual le da un valor agregado al esfuerzo cient\u00edfico realizado por el equipo t\u00e9cnico.<\/p>\n<p>La descripci\u00f3n de cada una de las experiencias educativas como acciones pedag\u00f3gicas en el nuevo contexto educativo es acompa\u00f1ar e ir de la mano de la Ley 070, de nuestra Constituci\u00f3n Pol\u00edtica del Estado y del propio proceso de cambio.<\/p>\n<p>Con lo anterior subrayamos el inter\u00e9s de un libro \u2013documento- provocador, nunca indiferente, que no es seguramente definitivo sino que abre muchas rutas para el alumno y docente lector curioso investigador.<\/p>\n<p>Queda mucho por hacer y documentar para entender este momento hist\u00f3rico de reorganizaci\u00f3n y fundamentaci\u00f3n leg\u00edtima de la revoluci\u00f3n educativa y seguramente las publicaciones que el Observatorio Plurinacional de la Calidad Educativa nos va a traer a la mesa nos dar\u00e1 materia para la discusi\u00f3n y el enriquecimiento de una mejor comprensi\u00f3n de nuestro Estado Plurinacional y todas sus diversidades desde la esfera educacional.<\/p>\n<p>Conocerse e identificarse es prepararse para asumir nuevas tareas inaplazables en nuestro proceso revolucionario de cambio, enmarcada en una construcci\u00f3n praxiol\u00f3gica colectiva donde podamos responder a las preguntas: D\u00f3nde estamos?, quienes somos?, qu\u00e9 queremos?, qu\u00e9 haremos? y c\u00f3mo lo haremos?.<\/p>\n<p>Desde Warisata, los fundadores de la educaci\u00f3n ind\u00edgena, seguramente nos est\u00e1n observando.<\/p>\n<p>Gracias.<\/p>\n","protected":false},"excerpt":{"rendered":"<p>Por Mar\u00eda\u00a0 Isabel Calderon Quispe El Observatorio Plurinacional de la Calidad Educativa -OPCE, realiz\u00f3 la presentaci\u00f3n del documento-libro titulado \u201cSentido de las acciones pedag\u00f3gicas en el nuevo contexto educativo. Experiencias de los Pueblos Ind\u00edgenas, Aynara, Quechua, Guarayo, Guaran\u00ed, Chiquitano y&hellip;<\/p>\n","protected":false},"author":19,"featured_media":51236,"comment_status":"closed","ping_status":"open","sticky":false,"template":"","format":"standard","meta":{"footnotes":""},"categories":[1230,67],"tags":[393,22210],"class_list":["post-51125","post","type-post","status-publish","format-standard","has-post-thumbnail","hentry","category-educacion-tema","category-sudamerica","tag-educacion","tag-pueblos-originarios"],"yoast_head":"<!-- This site is optimized with the Yoast SEO plugin v27.1.1 - https:\/\/yoast.com\/product\/yoast-seo-wordpress\/ -->\n<title>Presentaci\u00f3n del libro \u201cSentido de las acciones pedag\u00f3gicas en el nuevo contexto educativo&quot;<\/title>\n<meta name=\"description\" content=\"Por Mar\u00eda\u00a0 Isabel Calderon Quispe El Observatorio Plurinacional de la Calidad Educativa -OPCE, realiz\u00f3 la presentaci\u00f3n del documento-libro titulado\" \/>\n<meta name=\"robots\" content=\"index, follow, max-snippet:-1, max-image-preview:large, max-video-preview:-1\" \/>\n<link rel=\"canonical\" href=\"https:\/\/www.pressenza.com\/es\/2013\/05\/presentacion-del-libro-sentido-de-las-acciones-pedagogicas-en-el-nuevo-contexto-educativo\/\" \/>\n<meta property=\"og:locale\" content=\"es_ES\" \/>\n<meta property=\"og:type\" content=\"article\" \/>\n<meta property=\"og:title\" content=\"Presentaci\u00f3n del libro \u201cSentido de las acciones pedag\u00f3gicas en el nuevo contexto educativo&quot;\" \/>\n<meta property=\"og:description\" content=\"Por Mar\u00eda\u00a0 Isabel Calderon Quispe El Observatorio Plurinacional de la Calidad Educativa -OPCE, realiz\u00f3 la presentaci\u00f3n del documento-libro titulado\" \/>\n<meta property=\"og:url\" content=\"https:\/\/www.pressenza.com\/es\/2013\/05\/presentacion-del-libro-sentido-de-las-acciones-pedagogicas-en-el-nuevo-contexto-educativo\/\" \/>\n<meta property=\"og:site_name\" content=\"Pressenza\" \/>\n<meta property=\"article:publisher\" content=\"https:\/\/www.facebook.com\/PressenzaItalia\" \/>\n<meta property=\"article:author\" content=\"https:\/\/www.facebook.com\/pressenza\" \/>\n<meta property=\"article:published_time\" content=\"2013-05-09T23:18:31+00:00\" \/>\n<meta property=\"article:modified_time\" content=\"2013-05-10T13:57:30+00:00\" \/>\n<meta property=\"og:image\" content=\"https:\/\/www.pressenza.com\/wp-content\/uploads\/2013\/05\/presentacion_libro.jpg\" \/>\n\t<meta property=\"og:image:width\" content=\"290\" \/>\n\t<meta property=\"og:image:height\" content=\"218\" \/>\n\t<meta property=\"og:image:type\" content=\"image\/jpeg\" \/>\n<meta name=\"author\" content=\"Pressenza IPA\" \/>\n<meta name=\"twitter:card\" content=\"summary_large_image\" \/>\n<meta name=\"twitter:creator\" content=\"@PressenzaIPA\" \/>\n<meta name=\"twitter:site\" content=\"@PressenzaIPA\" \/>\n<meta name=\"twitter:label1\" content=\"Escrito por\" \/>\n\t<meta name=\"twitter:data1\" content=\"Pressenza IPA\" \/>\n\t<meta name=\"twitter:label2\" content=\"Tiempo de lectura\" \/>\n\t<meta name=\"twitter:data2\" content=\"4 minutos\" \/>\n<script type=\"application\/ld+json\" class=\"yoast-schema-graph\">{\"@context\":\"https:\/\/schema.org\",\"@graph\":[{\"@type\":\"Article\",\"@id\":\"https:\/\/www.pressenza.com\/es\/2013\/05\/presentacion-del-libro-sentido-de-las-acciones-pedagogicas-en-el-nuevo-contexto-educativo\/#article\",\"isPartOf\":{\"@id\":\"https:\/\/www.pressenza.com\/es\/2013\/05\/presentacion-del-libro-sentido-de-las-acciones-pedagogicas-en-el-nuevo-contexto-educativo\/\"},\"author\":{\"name\":\"Pressenza IPA\",\"@id\":\"https:\/\/www.pressenza.com\/es\/#\/schema\/person\/010e5d02bcf40965427a1289a4cc8d75\"},\"headline\":\"Presentaci\u00f3n del libro \u201cSentido de las acciones pedag\u00f3gicas en el nuevo contexto educativo\u00bb\",\"datePublished\":\"2013-05-09T23:18:31+00:00\",\"dateModified\":\"2013-05-10T13:57:30+00:00\",\"mainEntityOfPage\":{\"@id\":\"https:\/\/www.pressenza.com\/es\/2013\/05\/presentacion-del-libro-sentido-de-las-acciones-pedagogicas-en-el-nuevo-contexto-educativo\/\"},\"wordCount\":756,\"publisher\":{\"@id\":\"https:\/\/www.pressenza.com\/es\/#organization\"},\"image\":{\"@id\":\"https:\/\/www.pressenza.com\/es\/2013\/05\/presentacion-del-libro-sentido-de-las-acciones-pedagogicas-en-el-nuevo-contexto-educativo\/#primaryimage\"},\"thumbnailUrl\":\"https:\/\/www.pressenza.com\/wp-content\/uploads\/2013\/05\/presentacion_libro.jpg\",\"keywords\":[\"Educaci\u00f3n\",\"Pueblos Originarios\"],\"articleSection\":[\"Educaci\u00f3n\",\"Sudam\u00e9rica\"],\"inLanguage\":\"es\"},{\"@type\":\"WebPage\",\"@id\":\"https:\/\/www.pressenza.com\/es\/2013\/05\/presentacion-del-libro-sentido-de-las-acciones-pedagogicas-en-el-nuevo-contexto-educativo\/\",\"url\":\"https:\/\/www.pressenza.com\/es\/2013\/05\/presentacion-del-libro-sentido-de-las-acciones-pedagogicas-en-el-nuevo-contexto-educativo\/\",\"name\":\"Presentaci\u00f3n del libro \u201cSentido de las acciones pedag\u00f3gicas en el nuevo contexto educativo\\\"\",\"isPartOf\":{\"@id\":\"https:\/\/www.pressenza.com\/es\/#website\"},\"primaryImageOfPage\":{\"@id\":\"https:\/\/www.pressenza.com\/es\/2013\/05\/presentacion-del-libro-sentido-de-las-acciones-pedagogicas-en-el-nuevo-contexto-educativo\/#primaryimage\"},\"image\":{\"@id\":\"https:\/\/www.pressenza.com\/es\/2013\/05\/presentacion-del-libro-sentido-de-las-acciones-pedagogicas-en-el-nuevo-contexto-educativo\/#primaryimage\"},\"thumbnailUrl\":\"https:\/\/www.pressenza.com\/wp-content\/uploads\/2013\/05\/presentacion_libro.jpg\",\"datePublished\":\"2013-05-09T23:18:31+00:00\",\"dateModified\":\"2013-05-10T13:57:30+00:00\",\"description\":\"Por Mar\u00eda\u00a0 Isabel Calderon Quispe El Observatorio Plurinacional de la Calidad Educativa -OPCE, realiz\u00f3 la presentaci\u00f3n del documento-libro titulado\",\"breadcrumb\":{\"@id\":\"https:\/\/www.pressenza.com\/es\/2013\/05\/presentacion-del-libro-sentido-de-las-acciones-pedagogicas-en-el-nuevo-contexto-educativo\/#breadcrumb\"},\"inLanguage\":\"es\",\"potentialAction\":[{\"@type\":\"ReadAction\",\"target\":[\"https:\/\/www.pressenza.com\/es\/2013\/05\/presentacion-del-libro-sentido-de-las-acciones-pedagogicas-en-el-nuevo-contexto-educativo\/\"]}]},{\"@type\":\"ImageObject\",\"inLanguage\":\"es\",\"@id\":\"https:\/\/www.pressenza.com\/es\/2013\/05\/presentacion-del-libro-sentido-de-las-acciones-pedagogicas-en-el-nuevo-contexto-educativo\/#primaryimage\",\"url\":\"https:\/\/www.pressenza.com\/wp-content\/uploads\/2013\/05\/presentacion_libro.jpg\",\"contentUrl\":\"https:\/\/www.pressenza.com\/wp-content\/uploads\/2013\/05\/presentacion_libro.jpg\",\"width\":290,\"height\":218},{\"@type\":\"BreadcrumbList\",\"@id\":\"https:\/\/www.pressenza.com\/es\/2013\/05\/presentacion-del-libro-sentido-de-las-acciones-pedagogicas-en-el-nuevo-contexto-educativo\/#breadcrumb\",\"itemListElement\":[{\"@type\":\"ListItem\",\"position\":1,\"name\":\"Accueil\",\"item\":\"https:\/\/www.pressenza.com\/es\/\"},{\"@type\":\"ListItem\",\"position\":2,\"name\":\"Presentaci\u00f3n del libro \u201cSentido de las acciones pedag\u00f3gicas en el nuevo contexto educativo\u00bb\"}]},{\"@type\":\"WebSite\",\"@id\":\"https:\/\/www.pressenza.com\/es\/#website\",\"url\":\"https:\/\/www.pressenza.com\/es\/\",\"name\":\"Pressenza\",\"description\":\"International Press Agency\",\"publisher\":{\"@id\":\"https:\/\/www.pressenza.com\/es\/#organization\"},\"potentialAction\":[{\"@type\":\"SearchAction\",\"target\":{\"@type\":\"EntryPoint\",\"urlTemplate\":\"https:\/\/www.pressenza.com\/es\/?s={search_term_string}\"},\"query-input\":{\"@type\":\"PropertyValueSpecification\",\"valueRequired\":true,\"valueName\":\"search_term_string\"}}],\"inLanguage\":\"es\"},{\"@type\":\"Organization\",\"@id\":\"https:\/\/www.pressenza.com\/es\/#organization\",\"name\":\"Pressenza\",\"url\":\"https:\/\/www.pressenza.com\/es\/\",\"logo\":{\"@type\":\"ImageObject\",\"inLanguage\":\"es\",\"@id\":\"https:\/\/www.pressenza.com\/es\/#\/schema\/logo\/image\/\",\"url\":\"https:\/\/www.pressenza.com\/wp-content\/uploads\/2022\/10\/pressenza_logo_200x200.jpg\",\"contentUrl\":\"https:\/\/www.pressenza.com\/wp-content\/uploads\/2022\/10\/pressenza_logo_200x200.jpg\",\"width\":200,\"height\":200,\"caption\":\"Pressenza\"},\"image\":{\"@id\":\"https:\/\/www.pressenza.com\/es\/#\/schema\/logo\/image\/\"},\"sameAs\":[\"https:\/\/www.facebook.com\/PressenzaItalia\",\"https:\/\/x.com\/PressenzaIPA\"]},{\"@type\":\"Person\",\"@id\":\"https:\/\/www.pressenza.com\/es\/#\/schema\/person\/010e5d02bcf40965427a1289a4cc8d75\",\"name\":\"Pressenza IPA\",\"description\":\"News from Pressenza IPA correspondents\",\"sameAs\":[\"https:\/\/www.facebook.com\/pressenza\",\"https:\/\/x.com\/PressenzaIPA\"],\"url\":\"https:\/\/www.pressenza.com\/es\/author\/pressenza-ipa\/\"}]}<\/script>\n<!-- \/ Yoast SEO plugin. -->","yoast_head_json":{"title":"Presentaci\u00f3n del libro \u201cSentido de las acciones pedag\u00f3gicas en el nuevo contexto educativo\"","description":"Por Mar\u00eda\u00a0 Isabel Calderon Quispe El Observatorio Plurinacional de la Calidad Educativa -OPCE, realiz\u00f3 la presentaci\u00f3n del documento-libro titulado","robots":{"index":"index","follow":"follow","max-snippet":"max-snippet:-1","max-image-preview":"max-image-preview:large","max-video-preview":"max-video-preview:-1"},"canonical":"https:\/\/www.pressenza.com\/es\/2013\/05\/presentacion-del-libro-sentido-de-las-acciones-pedagogicas-en-el-nuevo-contexto-educativo\/","og_locale":"es_ES","og_type":"article","og_title":"Presentaci\u00f3n del libro \u201cSentido de las acciones pedag\u00f3gicas en el nuevo contexto educativo\"","og_description":"Por Mar\u00eda\u00a0 Isabel Calderon Quispe El Observatorio Plurinacional de la Calidad Educativa -OPCE, realiz\u00f3 la presentaci\u00f3n del documento-libro titulado","og_url":"https:\/\/www.pressenza.com\/es\/2013\/05\/presentacion-del-libro-sentido-de-las-acciones-pedagogicas-en-el-nuevo-contexto-educativo\/","og_site_name":"Pressenza","article_publisher":"https:\/\/www.facebook.com\/PressenzaItalia","article_author":"https:\/\/www.facebook.com\/pressenza","article_published_time":"2013-05-09T23:18:31+00:00","article_modified_time":"2013-05-10T13:57:30+00:00","og_image":[{"width":290,"height":218,"url":"https:\/\/www.pressenza.com\/wp-content\/uploads\/2013\/05\/presentacion_libro.jpg","type":"image\/jpeg"}],"author":"Pressenza IPA","twitter_card":"summary_large_image","twitter_creator":"@PressenzaIPA","twitter_site":"@PressenzaIPA","twitter_misc":{"Escrito por":"Pressenza IPA","Tiempo de lectura":"4 minutos"},"schema":{"@context":"https:\/\/schema.org","@graph":[{"@type":"Article","@id":"https:\/\/www.pressenza.com\/es\/2013\/05\/presentacion-del-libro-sentido-de-las-acciones-pedagogicas-en-el-nuevo-contexto-educativo\/#article","isPartOf":{"@id":"https:\/\/www.pressenza.com\/es\/2013\/05\/presentacion-del-libro-sentido-de-las-acciones-pedagogicas-en-el-nuevo-contexto-educativo\/"},"author":{"name":"Pressenza IPA","@id":"https:\/\/www.pressenza.com\/es\/#\/schema\/person\/010e5d02bcf40965427a1289a4cc8d75"},"headline":"Presentaci\u00f3n del libro \u201cSentido de las acciones pedag\u00f3gicas en el nuevo contexto educativo\u00bb","datePublished":"2013-05-09T23:18:31+00:00","dateModified":"2013-05-10T13:57:30+00:00","mainEntityOfPage":{"@id":"https:\/\/www.pressenza.com\/es\/2013\/05\/presentacion-del-libro-sentido-de-las-acciones-pedagogicas-en-el-nuevo-contexto-educativo\/"},"wordCount":756,"publisher":{"@id":"https:\/\/www.pressenza.com\/es\/#organization"},"image":{"@id":"https:\/\/www.pressenza.com\/es\/2013\/05\/presentacion-del-libro-sentido-de-las-acciones-pedagogicas-en-el-nuevo-contexto-educativo\/#primaryimage"},"thumbnailUrl":"https:\/\/www.pressenza.com\/wp-content\/uploads\/2013\/05\/presentacion_libro.jpg","keywords":["Educaci\u00f3n","Pueblos Originarios"],"articleSection":["Educaci\u00f3n","Sudam\u00e9rica"],"inLanguage":"es"},{"@type":"WebPage","@id":"https:\/\/www.pressenza.com\/es\/2013\/05\/presentacion-del-libro-sentido-de-las-acciones-pedagogicas-en-el-nuevo-contexto-educativo\/","url":"https:\/\/www.pressenza.com\/es\/2013\/05\/presentacion-del-libro-sentido-de-las-acciones-pedagogicas-en-el-nuevo-contexto-educativo\/","name":"Presentaci\u00f3n del libro \u201cSentido de las acciones pedag\u00f3gicas en el nuevo contexto educativo\"","isPartOf":{"@id":"https:\/\/www.pressenza.com\/es\/#website"},"primaryImageOfPage":{"@id":"https:\/\/www.pressenza.com\/es\/2013\/05\/presentacion-del-libro-sentido-de-las-acciones-pedagogicas-en-el-nuevo-contexto-educativo\/#primaryimage"},"image":{"@id":"https:\/\/www.pressenza.com\/es\/2013\/05\/presentacion-del-libro-sentido-de-las-acciones-pedagogicas-en-el-nuevo-contexto-educativo\/#primaryimage"},"thumbnailUrl":"https:\/\/www.pressenza.com\/wp-content\/uploads\/2013\/05\/presentacion_libro.jpg","datePublished":"2013-05-09T23:18:31+00:00","dateModified":"2013-05-10T13:57:30+00:00","description":"Por Mar\u00eda\u00a0 Isabel Calderon Quispe El Observatorio Plurinacional de la Calidad Educativa -OPCE, realiz\u00f3 la presentaci\u00f3n del documento-libro titulado","breadcrumb":{"@id":"https:\/\/www.pressenza.com\/es\/2013\/05\/presentacion-del-libro-sentido-de-las-acciones-pedagogicas-en-el-nuevo-contexto-educativo\/#breadcrumb"},"inLanguage":"es","potentialAction":[{"@type":"ReadAction","target":["https:\/\/www.pressenza.com\/es\/2013\/05\/presentacion-del-libro-sentido-de-las-acciones-pedagogicas-en-el-nuevo-contexto-educativo\/"]}]},{"@type":"ImageObject","inLanguage":"es","@id":"https:\/\/www.pressenza.com\/es\/2013\/05\/presentacion-del-libro-sentido-de-las-acciones-pedagogicas-en-el-nuevo-contexto-educativo\/#primaryimage","url":"https:\/\/www.pressenza.com\/wp-content\/uploads\/2013\/05\/presentacion_libro.jpg","contentUrl":"https:\/\/www.pressenza.com\/wp-content\/uploads\/2013\/05\/presentacion_libro.jpg","width":290,"height":218},{"@type":"BreadcrumbList","@id":"https:\/\/www.pressenza.com\/es\/2013\/05\/presentacion-del-libro-sentido-de-las-acciones-pedagogicas-en-el-nuevo-contexto-educativo\/#breadcrumb","itemListElement":[{"@type":"ListItem","position":1,"name":"Accueil","item":"https:\/\/www.pressenza.com\/es\/"},{"@type":"ListItem","position":2,"name":"Presentaci\u00f3n del libro \u201cSentido de las acciones pedag\u00f3gicas en el nuevo contexto educativo\u00bb"}]},{"@type":"WebSite","@id":"https:\/\/www.pressenza.com\/es\/#website","url":"https:\/\/www.pressenza.com\/es\/","name":"Pressenza","description":"International Press Agency","publisher":{"@id":"https:\/\/www.pressenza.com\/es\/#organization"},"potentialAction":[{"@type":"SearchAction","target":{"@type":"EntryPoint","urlTemplate":"https:\/\/www.pressenza.com\/es\/?s={search_term_string}"},"query-input":{"@type":"PropertyValueSpecification","valueRequired":true,"valueName":"search_term_string"}}],"inLanguage":"es"},{"@type":"Organization","@id":"https:\/\/www.pressenza.com\/es\/#organization","name":"Pressenza","url":"https:\/\/www.pressenza.com\/es\/","logo":{"@type":"ImageObject","inLanguage":"es","@id":"https:\/\/www.pressenza.com\/es\/#\/schema\/logo\/image\/","url":"https:\/\/www.pressenza.com\/wp-content\/uploads\/2022\/10\/pressenza_logo_200x200.jpg","contentUrl":"https:\/\/www.pressenza.com\/wp-content\/uploads\/2022\/10\/pressenza_logo_200x200.jpg","width":200,"height":200,"caption":"Pressenza"},"image":{"@id":"https:\/\/www.pressenza.com\/es\/#\/schema\/logo\/image\/"},"sameAs":["https:\/\/www.facebook.com\/PressenzaItalia","https:\/\/x.com\/PressenzaIPA"]},{"@type":"Person","@id":"https:\/\/www.pressenza.com\/es\/#\/schema\/person\/010e5d02bcf40965427a1289a4cc8d75","name":"Pressenza IPA","description":"News from Pressenza IPA correspondents","sameAs":["https:\/\/www.facebook.com\/pressenza","https:\/\/x.com\/PressenzaIPA"],"url":"https:\/\/www.pressenza.com\/es\/author\/pressenza-ipa\/"}]}},"place":"La Paz","original_article_url":"","_links":{"self":[{"href":"https:\/\/www.pressenza.com\/es\/wp-json\/wp\/v2\/posts\/51125","targetHints":{"allow":["GET"]}}],"collection":[{"href":"https:\/\/www.pressenza.com\/es\/wp-json\/wp\/v2\/posts"}],"about":[{"href":"https:\/\/www.pressenza.com\/es\/wp-json\/wp\/v2\/types\/post"}],"author":[{"embeddable":true,"href":"https:\/\/www.pressenza.com\/es\/wp-json\/wp\/v2\/users\/19"}],"replies":[{"embeddable":true,"href":"https:\/\/www.pressenza.com\/es\/wp-json\/wp\/v2\/comments?post=51125"}],"version-history":[{"count":0,"href":"https:\/\/www.pressenza.com\/es\/wp-json\/wp\/v2\/posts\/51125\/revisions"}],"wp:featuredmedia":[{"embeddable":true,"href":"https:\/\/www.pressenza.com\/es\/wp-json\/wp\/v2\/media\/51236"}],"wp:attachment":[{"href":"https:\/\/www.pressenza.com\/es\/wp-json\/wp\/v2\/media?parent=51125"}],"wp:term":[{"taxonomy":"category","embeddable":true,"href":"https:\/\/www.pressenza.com\/es\/wp-json\/wp\/v2\/categories?post=51125"},{"taxonomy":"post_tag","embeddable":true,"href":"https:\/\/www.pressenza.com\/es\/wp-json\/wp\/v2\/tags?post=51125"}],"curies":[{"name":"wp","href":"https:\/\/api.w.org\/{rel}","templated":true}]}}