{"id":510581,"date":"2017-08-30T02:13:21","date_gmt":"2017-08-30T01:13:21","guid":{"rendered":"https:\/\/www.pressenza.com\/?p=510581\/"},"modified":"2017-08-30T02:13:21","modified_gmt":"2017-08-30T01:13:21","slug":"la-vanguardia-la-post-imperialista-contratiempo-epocal","status":"publish","type":"post","link":"https:\/\/www.pressenza.com\/es\/2017\/08\/la-vanguardia-la-post-imperialista-contratiempo-epocal\/","title":{"rendered":"La vanguardia de la era post-imperialista: \u00bfContratiempo epocal?"},"content":{"rendered":"<p style=\"text-align: left;\" align=\"right\"><em>\u201cEl viejo mundo se muere. El nuevo tarda en aparecer.<\/em><\/p>\n<p style=\"text-align: left;\" align=\"right\"><em>Y en ese claroscuro surgen los monstruos\u201d<\/em><\/p>\n<p style=\"text-align: left;\" align=\"right\"><em>(A. Gramsci)<\/em><\/p>\n<p style=\"text-align: left;\" align=\"right\"><strong>Por Alejandro Ochoa<\/strong><\/p>\n<p align=\"justify\">Acaso porque siempre pensamos en los m\u00e1rgenes como las pruebas de insuficiencia y precariedad de los conceptos y sus referencias emp\u00edricas, es que se nos hizo f\u00e1cil aceptar que el primer imperio realmente global supondr\u00eda el fin de la historia. Siempre informados por quienes deciden en el centro, pensamos que no habr\u00eda m\u00e1rgenes para que surgieran las grietas de un poder que se hac\u00eda presencia global, o al menos as\u00ed lo parec\u00eda. Estuvimos mal informados y ahora, cuando finalmente el muro de contenci\u00f3n que sostiene un orden mundial est\u00e1 por resquebrajarse, su ca\u00edda significar\u00e1 un cambio radical de la geoeconom\u00eda mundial y, sin duda, de los roles que distintos actores tienen en el desconcierto del poder mundial que tiene muchas cartas, pocos jugadores y, probablemente, no se est\u00e1 jugando un s\u00f3lo juego. Venezuela es, en estos momentos, la carta que decreta triunfos, reveses y cambios de suerte en muchos juegos. Somos los venezolanos en su totalidad, jugadores, jugadas y cartas al mismo tiempo. En un pa\u00eds de lot\u00f3fagos al decir de Miliani, eso ser\u00eda casi un estado deseable, salvo que en esta oportunidad, pueden estarse jugando la vida de miles de venezolanos cuya \u00fanica acci\u00f3n es la de existir y probar su existencia como actores pol\u00edticos en rebeli\u00f3n contra un orden injusto.<\/p>\n<p align=\"justify\">Seguramente no podamos abordar en estas l\u00edneas la multiplicidad de aristas que configuran la inquieta paz venezolana que se asoma en varias latitudes al mismo tiempo. Son los tiempos de guerra que ya no s\u00f3lo abaten la verdad sino hasta el mismo tiempo, para negar la existencia de las v\u00edctimas y hasta de la propia guerra que cuenta muertos a escondidas con la pretensi\u00f3n de hacer como si resucitaran. Veamos entonces.<\/p>\n<p align=\"justify\">Convocada una Asamblea Nacional Constituyente (ANC) como mecanismo extremo para resolver una crisis social representada por el secuestro de espacios de tr\u00e1nsito y trabajo en algunas zonas de Venezuela, el ejercicio de la violencia ileg\u00edtima por parte de delincuentes azuzados por supuestas razones pol\u00edticas; una crisis econ\u00f3mica apuntalada por el efecto multiplicador de decisiones tard\u00edas del gobierno y la adopci\u00f3n de una agresi\u00f3n basada en la especulaci\u00f3n y la escasez de mercanc\u00eda incluyendo el papel moneda; han contribuido a que los venezolanos entendieran que la soluci\u00f3n de las diferencias demanda re-constituir lo que nos hace venezolanos. El planteamiento sorprendi\u00f3 a todos y ofreci\u00f3 la posibilidad de encontrar v\u00edas pol\u00edticas a una diferencia que podr\u00eda derivar en un conflicto desmesurado por sus consecuencias imprevisibles.<\/p>\n<p align=\"justify\">La oportunidad pol\u00edtica perdida por la oposici\u00f3n nos revela que no le interesa el control pol\u00edtico por la v\u00eda electoral. Pero, \u00bfQu\u00e9 jugador pol\u00edtico en su sensato juicio pensar\u00eda rechazar lo pol\u00edtico como espacio de competencia? El juego real est\u00e1 en otro plano. Siendo as\u00ed, \u00bfCu\u00e1l es ese plano? Una circunstancia adicional es que se ha desplegado desde la elecci\u00f3n de la ANC, una agresi\u00f3n brutal contra todos quienes en Venezuela viven de un salario, independientemente de su posici\u00f3n pol\u00edtica, lo que hace suponer que no es s\u00f3lo un castigo a quienes votaron sino a todos en general. \u00bfCu\u00e1l es el prop\u00f3sito? \u00bfInhabilitar por la v\u00eda de los hechos, lo alcanzado simb\u00f3licamente por la ANC, y que se vive ahora en Venezuela como un periodo de paz? La estrategia de mostrar la inviabilidad de la soluci\u00f3n pol\u00edtica ha sido potenciada por m\u00faltiples actores, casi todos fuera del pa\u00eds hasta el infortunado y lamentable comunicado de reciente publicaci\u00f3n de la MUD. Definitivamente, la MUD dej\u00f3 entonces de ser un jugador pol\u00edtico para convertirse en un ariete para quebrar de forma violenta a la sociedad venezolana. La transformaci\u00f3n no es poca y las implicaciones para el futuro inmediato en Venezuela, son incalculables.<\/p>\n<p align=\"justify\">En todo caso, es evidente que estamos en presencia de la desnudez imperial ante el fracaso estrepitoso de quien fungiendo una conducta democr\u00e1tica ha estado azuzando la salida violenta: \u00bfPrecariedad de los actores locales? O, acaso se trata de algo m\u00e1s inquietante: \u00bfla agon\u00eda de una vocaci\u00f3n imperial en decadencia? Sin lugar a dudas, ha sido la precariedad de los actores locales lo que hemos visto de forma continua desde hace m\u00e1s de una d\u00e9cada en la cual se ha intentado domesticar a las fuerzas del gobierno inspirado en la constituci\u00f3n de 1999. Porque si algo es cierto, es que m\u00e1s que las personalidades de Ch\u00e1vez y Maduro, el ataque se revela contra el modelo de sociedad por el cual se opt\u00f3 de forma soberana en 1999. El paso dado por la \u201cliberaci\u00f3n de Venezuela\u201d buscando ahogar su econom\u00eda es desde cualquier \u00f3ptica, un acto desesperado. \u00bfA qu\u00e9 le temen? \u00bfPor qu\u00e9 ese esfuerzo en agredir a una naci\u00f3n que es la garant\u00eda m\u00e1s importante de suministro petrolero al pa\u00eds con mayor presencia militar en todo el mundo?<\/p>\n<p align=\"justify\">Probablemente la clave hay que buscarla en la irrupci\u00f3n que hizo Rusia y China en el escenario latinoamericano como agentes econ\u00f3micos y paulatinamente como agentes pol\u00edticos. Lo econ\u00f3mico no amerita mayor demostraci\u00f3n porque es notoria la presencia de China en casi todos los pa\u00edses latinoamericanos con inversiones mil millonarias. Pero la incidencia pol\u00edtica ha estado quiz\u00e1s centrada en el papel que han jugado esas naciones en el actual desencuentro de las naciones gobernadas por la derecha o, en todo caso, alineadas con el poder ejercido desde Washington, y la situaci\u00f3n pol\u00edtica venezolana. En este escenario, a Venezuela le ha correspondido jugar el papel de terreno donde se confronta y dirimen los poderes mundiales. Es verdad que las condiciones de hacer de Venezuela una potencia energ\u00e9tica y minera constituyen razones de peso para ese rol, pero tampoco es menos cierto que Venezuela constituye no s\u00f3lo un \u201cmal ejemplo\u201d por su peculiar modo de confrontar a las \u00faltimas administraciones norteamericanas, sino adem\u00e1s porque es aliado de quienes confrontan al poder hegem\u00f3nico mundial. No es s\u00f3lo que hace negocios con esos estados y naciones, sino adem\u00e1s, lo hace desde una posici\u00f3n de soberan\u00eda y autodeterminaci\u00f3n de los pueblos desde un espacio geoecon\u00f3mico que siempre se supuso ser\u00eda coto exclusivo de Washington. \u00bfC\u00f3mo olvidar el per\u00edodo especial que signific\u00f3 para Cuba el \u201cabandono\u201d de la Uni\u00f3n Sovi\u00e9tica y luego de Rusia? Las circunstancias han cambiado y el espacio de confrontaci\u00f3n que otrora fuera Vietnam y Afganistan se ha mudado a Siria, Libia, Irak, Ucrania y ahora se intenta hacer lo mismo con Venezuela.<\/p>\n<p align=\"justify\">Las circunstancias geopol\u00edticas de Venezuela hacen m\u00e1s compleja a\u00fan la posibilidad de estimar un comportamiento similar al Medio Oriente. En realidad, se tratar\u00eda de comenzar una guerra casi intestina en el patio trasero de una potencia que comienza a mostrarnos signos inequ\u00edvocos de dificultades para contener la intolerancia racial, el gobierno de unos pocos y el sacrificio de muchos que est\u00e1n cada vez m\u00e1s lejos de estar viviendo el \u201csue\u00f1o americano\u201d. La opci\u00f3n militar en Venezuela m\u00e1s que un ejercicio de poder es una inequ\u00edvoca muestra de debilidad. Pero all\u00ed, justamente en esa debilidad, es cuando la reacci\u00f3n gobierna y la sensatez se extrav\u00eda para producir monstruosidades. Probablemente seamos testigos en Venezuela del comienzo del fin de la primera potencia realmente global, pero nada nos asegura que podamos ser testigos de una paz para los venezolanos. El juego en el cual se juega la paz de Venezuela no es uno, no se juega en Venezuela y es probable, que Venezuela ni siquiera tenga fichas en algunos de los juegos en los cuales pende el destino de todos los venezolanos y acaso tambi\u00e9n de los pueblos de Am\u00e9rica Latina.<\/p>\n<p align=\"justify\">La pluralidad de juegos es importante reconocerla y empe\u00f1arse en saber que no todos los movimientos ser\u00e1n considerados apropiados si mantenemos la atenci\u00f3n solamente en uno de los juegos. All\u00ed, toda mirada ser\u00e1 parcial y acaso los juicios ser\u00e1n siempre imprecisos. Pero esto no deber\u00e1 en ning\u00fan caso, dejar de lado la coherencia en las acciones, las ideas y el modo como se asume la tarea de experimentar esta extra\u00f1a condici\u00f3n de ser el territorio donde se juega la hegemon\u00eda en el mundo. No necesariamente es motivo de orgullo, sino de cautela y del mayor ejercicio de amor que se pueda hacer a todos quienes han hecho y hacen de Venezuela, su tierra de vida, trabajo y alegr\u00edas. No es f\u00e1cil ser el blanco perfecto con la ayuda de quienes no han sabido ser pol\u00edticos honestos.<\/p>\n<p align=\"justify\"><b>A Tiempo: <\/b>La expectativa de soluciones econ\u00f3micas por parte de la ANC deben ser resueltas por la explicaci\u00f3n de la ANC de lo que se puede esperar o no. Nada como un desenga\u00f1o para perder todo el cr\u00e9dito pol\u00edtico.<\/p>\n<p align=\"justify\"><b>Emergencias: <\/b>La creciente impaciencia de todos contra todos, puede entregar en bandeja de plata a los golpistas, lo que los escuderos y guarimberos no pudieron.<\/p>\n<p align=\"justify\"><b>Allende: <\/b>Venezuela a la distancia luce sometida a un atroz ataque que no ha conseguido la esperada solidaridad de algunos pueblos. Se aprende, sin duda.<\/p>\n","protected":false},"excerpt":{"rendered":"<p>\u201cEl viejo mundo se muere. El nuevo tarda en aparecer. Y en ese claroscuro surgen los monstruos\u201d (A. Gramsci) Por Alejandro Ochoa Acaso porque siempre pensamos en los m\u00e1rgenes como las pruebas de insuficiencia y precariedad de los conceptos y&hellip;<\/p>\n","protected":false},"author":43,"featured_media":510582,"comment_status":"closed","ping_status":"closed","sticky":false,"template":"","format":"standard","meta":{"footnotes":""},"categories":[11389,161,74,67],"tags":[37068,1421,3884,4310,715,3883],"class_list":["post-510581","post","type-post","status-publish","format-standard","has-post-thumbnail","hentry","category-contenido-original","category-opiniones","category-politica-es","category-sudamerica","tag-asamblea-nacional-constituyente","tag-china-es","tag-hugo-chavez-es","tag-nicolas-maduro-es","tag-rusia","tag-venezuela-es"],"yoast_head":"<!-- This site is optimized with the Yoast SEO plugin v27.1.1 - https:\/\/yoast.com\/product\/yoast-seo-wordpress\/ -->\n<title>La vanguardia de la era post-imperialista: \u00bfContratiempo epocal?<\/title>\n<meta name=\"description\" content=\"\u201cEl viejo mundo se muere. El nuevo tarda en aparecer. Y en ese claroscuro surgen los monstruos\u201d (A. Gramsci) Por Alejandro Ochoa Acaso porque siempre\" \/>\n<meta name=\"robots\" content=\"index, follow, max-snippet:-1, max-image-preview:large, max-video-preview:-1\" \/>\n<link rel=\"canonical\" href=\"https:\/\/www.pressenza.com\/es\/2017\/08\/la-vanguardia-la-post-imperialista-contratiempo-epocal\/\" \/>\n<meta property=\"og:locale\" content=\"es_ES\" \/>\n<meta property=\"og:type\" content=\"article\" \/>\n<meta property=\"og:title\" content=\"La vanguardia de la era post-imperialista: \u00bfContratiempo epocal?\" \/>\n<meta property=\"og:description\" content=\"\u201cEl viejo mundo se muere. El nuevo tarda en aparecer. Y en ese claroscuro surgen los monstruos\u201d (A. Gramsci) Por Alejandro Ochoa Acaso porque siempre\" \/>\n<meta property=\"og:url\" content=\"https:\/\/www.pressenza.com\/es\/2017\/08\/la-vanguardia-la-post-imperialista-contratiempo-epocal\/\" \/>\n<meta property=\"og:site_name\" content=\"Pressenza\" \/>\n<meta property=\"article:publisher\" content=\"https:\/\/www.facebook.com\/PressenzaItalia\" \/>\n<meta property=\"article:author\" content=\"https:\/\/www.facebook.com\/pressenza\" \/>\n<meta property=\"article:published_time\" content=\"2017-08-30T01:13:21+00:00\" \/>\n<meta property=\"og:image\" content=\"https:\/\/www.pressenza.com\/wp-content\/uploads\/2017\/08\/23493072_xl.jpg\" \/>\n\t<meta property=\"og:image:width\" content=\"880\" \/>\n\t<meta property=\"og:image:height\" content=\"495\" \/>\n\t<meta property=\"og:image:type\" content=\"image\/jpeg\" \/>\n<meta name=\"author\" content=\"Redacci\u00f3n Chile\" \/>\n<meta name=\"twitter:card\" content=\"summary_large_image\" \/>\n<meta name=\"twitter:creator\" content=\"@pressenza\" \/>\n<meta name=\"twitter:site\" content=\"@PressenzaIPA\" \/>\n<meta name=\"twitter:label1\" content=\"Escrito por\" \/>\n\t<meta name=\"twitter:data1\" content=\"Redacci\u00f3n Chile\" \/>\n\t<meta name=\"twitter:label2\" content=\"Tiempo de lectura\" \/>\n\t<meta name=\"twitter:data2\" content=\"8 minutos\" \/>\n<script type=\"application\/ld+json\" class=\"yoast-schema-graph\">{\"@context\":\"https:\/\/schema.org\",\"@graph\":[{\"@type\":\"Article\",\"@id\":\"https:\/\/www.pressenza.com\/es\/2017\/08\/la-vanguardia-la-post-imperialista-contratiempo-epocal\/#article\",\"isPartOf\":{\"@id\":\"https:\/\/www.pressenza.com\/es\/2017\/08\/la-vanguardia-la-post-imperialista-contratiempo-epocal\/\"},\"author\":{\"name\":\"Redacci\u00f3n Chile\",\"@id\":\"https:\/\/www.pressenza.com\/es\/#\/schema\/person\/d7db40df35d6698ba69ba9ee260944ed\"},\"headline\":\"La vanguardia de la era post-imperialista: \u00bfContratiempo epocal?\",\"datePublished\":\"2017-08-30T01:13:21+00:00\",\"mainEntityOfPage\":{\"@id\":\"https:\/\/www.pressenza.com\/es\/2017\/08\/la-vanguardia-la-post-imperialista-contratiempo-epocal\/\"},\"wordCount\":1615,\"publisher\":{\"@id\":\"https:\/\/www.pressenza.com\/es\/#organization\"},\"image\":{\"@id\":\"https:\/\/www.pressenza.com\/es\/2017\/08\/la-vanguardia-la-post-imperialista-contratiempo-epocal\/#primaryimage\"},\"thumbnailUrl\":\"https:\/\/www.pressenza.com\/wp-content\/uploads\/2017\/08\/23493072_xl.jpg\",\"keywords\":[\"Asamblea Nacional Constituyente\",\"China\",\"Hugo Ch\u00e1vez\",\"Nicol\u00e1s Maduro\",\"Rusia\",\"Venezuela\"],\"articleSection\":[\"Contenido Original\",\"Opiniones\",\"Pol\u00edtica\",\"Sudam\u00e9rica\"],\"inLanguage\":\"es\"},{\"@type\":\"WebPage\",\"@id\":\"https:\/\/www.pressenza.com\/es\/2017\/08\/la-vanguardia-la-post-imperialista-contratiempo-epocal\/\",\"url\":\"https:\/\/www.pressenza.com\/es\/2017\/08\/la-vanguardia-la-post-imperialista-contratiempo-epocal\/\",\"name\":\"La vanguardia de la era post-imperialista: \u00bfContratiempo epocal?\",\"isPartOf\":{\"@id\":\"https:\/\/www.pressenza.com\/es\/#website\"},\"primaryImageOfPage\":{\"@id\":\"https:\/\/www.pressenza.com\/es\/2017\/08\/la-vanguardia-la-post-imperialista-contratiempo-epocal\/#primaryimage\"},\"image\":{\"@id\":\"https:\/\/www.pressenza.com\/es\/2017\/08\/la-vanguardia-la-post-imperialista-contratiempo-epocal\/#primaryimage\"},\"thumbnailUrl\":\"https:\/\/www.pressenza.com\/wp-content\/uploads\/2017\/08\/23493072_xl.jpg\",\"datePublished\":\"2017-08-30T01:13:21+00:00\",\"description\":\"\u201cEl viejo mundo se muere. El nuevo tarda en aparecer. Y en ese claroscuro surgen los monstruos\u201d (A. Gramsci) Por Alejandro Ochoa Acaso porque siempre\",\"breadcrumb\":{\"@id\":\"https:\/\/www.pressenza.com\/es\/2017\/08\/la-vanguardia-la-post-imperialista-contratiempo-epocal\/#breadcrumb\"},\"inLanguage\":\"es\",\"potentialAction\":[{\"@type\":\"ReadAction\",\"target\":[\"https:\/\/www.pressenza.com\/es\/2017\/08\/la-vanguardia-la-post-imperialista-contratiempo-epocal\/\"]}]},{\"@type\":\"ImageObject\",\"inLanguage\":\"es\",\"@id\":\"https:\/\/www.pressenza.com\/es\/2017\/08\/la-vanguardia-la-post-imperialista-contratiempo-epocal\/#primaryimage\",\"url\":\"https:\/\/www.pressenza.com\/wp-content\/uploads\/2017\/08\/23493072_xl.jpg\",\"contentUrl\":\"https:\/\/www.pressenza.com\/wp-content\/uploads\/2017\/08\/23493072_xl.jpg\",\"width\":880,\"height\":495},{\"@type\":\"BreadcrumbList\",\"@id\":\"https:\/\/www.pressenza.com\/es\/2017\/08\/la-vanguardia-la-post-imperialista-contratiempo-epocal\/#breadcrumb\",\"itemListElement\":[{\"@type\":\"ListItem\",\"position\":1,\"name\":\"Accueil\",\"item\":\"https:\/\/www.pressenza.com\/es\/\"},{\"@type\":\"ListItem\",\"position\":2,\"name\":\"La vanguardia de la era post-imperialista: \u00bfContratiempo epocal?\"}]},{\"@type\":\"WebSite\",\"@id\":\"https:\/\/www.pressenza.com\/es\/#website\",\"url\":\"https:\/\/www.pressenza.com\/es\/\",\"name\":\"Pressenza\",\"description\":\"International Press Agency\",\"publisher\":{\"@id\":\"https:\/\/www.pressenza.com\/es\/#organization\"},\"potentialAction\":[{\"@type\":\"SearchAction\",\"target\":{\"@type\":\"EntryPoint\",\"urlTemplate\":\"https:\/\/www.pressenza.com\/es\/?s={search_term_string}\"},\"query-input\":{\"@type\":\"PropertyValueSpecification\",\"valueRequired\":true,\"valueName\":\"search_term_string\"}}],\"inLanguage\":\"es\"},{\"@type\":\"Organization\",\"@id\":\"https:\/\/www.pressenza.com\/es\/#organization\",\"name\":\"Pressenza\",\"url\":\"https:\/\/www.pressenza.com\/es\/\",\"logo\":{\"@type\":\"ImageObject\",\"inLanguage\":\"es\",\"@id\":\"https:\/\/www.pressenza.com\/es\/#\/schema\/logo\/image\/\",\"url\":\"https:\/\/www.pressenza.com\/wp-content\/uploads\/2022\/10\/pressenza_logo_200x200.jpg\",\"contentUrl\":\"https:\/\/www.pressenza.com\/wp-content\/uploads\/2022\/10\/pressenza_logo_200x200.jpg\",\"width\":200,\"height\":200,\"caption\":\"Pressenza\"},\"image\":{\"@id\":\"https:\/\/www.pressenza.com\/es\/#\/schema\/logo\/image\/\"},\"sameAs\":[\"https:\/\/www.facebook.com\/PressenzaItalia\",\"https:\/\/x.com\/PressenzaIPA\"]},{\"@type\":\"Person\",\"@id\":\"https:\/\/www.pressenza.com\/es\/#\/schema\/person\/d7db40df35d6698ba69ba9ee260944ed\",\"name\":\"Redacci\u00f3n Chile\",\"description\":\"News from the Pressenza Bureau in Chile\",\"sameAs\":[\"https:\/\/www.facebook.com\/pressenza\",\"https:\/\/x.com\/pressenza\"],\"url\":\"https:\/\/www.pressenza.com\/es\/author\/redaccion-chile\/\"}]}<\/script>\n<!-- \/ Yoast SEO plugin. -->","yoast_head_json":{"title":"La vanguardia de la era post-imperialista: \u00bfContratiempo epocal?","description":"\u201cEl viejo mundo se muere. El nuevo tarda en aparecer. Y en ese claroscuro surgen los monstruos\u201d (A. Gramsci) Por Alejandro Ochoa Acaso porque siempre","robots":{"index":"index","follow":"follow","max-snippet":"max-snippet:-1","max-image-preview":"max-image-preview:large","max-video-preview":"max-video-preview:-1"},"canonical":"https:\/\/www.pressenza.com\/es\/2017\/08\/la-vanguardia-la-post-imperialista-contratiempo-epocal\/","og_locale":"es_ES","og_type":"article","og_title":"La vanguardia de la era post-imperialista: \u00bfContratiempo epocal?","og_description":"\u201cEl viejo mundo se muere. El nuevo tarda en aparecer. Y en ese claroscuro surgen los monstruos\u201d (A. Gramsci) Por Alejandro Ochoa Acaso porque siempre","og_url":"https:\/\/www.pressenza.com\/es\/2017\/08\/la-vanguardia-la-post-imperialista-contratiempo-epocal\/","og_site_name":"Pressenza","article_publisher":"https:\/\/www.facebook.com\/PressenzaItalia","article_author":"https:\/\/www.facebook.com\/pressenza","article_published_time":"2017-08-30T01:13:21+00:00","og_image":[{"width":880,"height":495,"url":"https:\/\/www.pressenza.com\/wp-content\/uploads\/2017\/08\/23493072_xl.jpg","type":"image\/jpeg"}],"author":"Redacci\u00f3n Chile","twitter_card":"summary_large_image","twitter_creator":"@pressenza","twitter_site":"@PressenzaIPA","twitter_misc":{"Escrito por":"Redacci\u00f3n Chile","Tiempo de lectura":"8 minutos"},"schema":{"@context":"https:\/\/schema.org","@graph":[{"@type":"Article","@id":"https:\/\/www.pressenza.com\/es\/2017\/08\/la-vanguardia-la-post-imperialista-contratiempo-epocal\/#article","isPartOf":{"@id":"https:\/\/www.pressenza.com\/es\/2017\/08\/la-vanguardia-la-post-imperialista-contratiempo-epocal\/"},"author":{"name":"Redacci\u00f3n Chile","@id":"https:\/\/www.pressenza.com\/es\/#\/schema\/person\/d7db40df35d6698ba69ba9ee260944ed"},"headline":"La vanguardia de la era post-imperialista: \u00bfContratiempo epocal?","datePublished":"2017-08-30T01:13:21+00:00","mainEntityOfPage":{"@id":"https:\/\/www.pressenza.com\/es\/2017\/08\/la-vanguardia-la-post-imperialista-contratiempo-epocal\/"},"wordCount":1615,"publisher":{"@id":"https:\/\/www.pressenza.com\/es\/#organization"},"image":{"@id":"https:\/\/www.pressenza.com\/es\/2017\/08\/la-vanguardia-la-post-imperialista-contratiempo-epocal\/#primaryimage"},"thumbnailUrl":"https:\/\/www.pressenza.com\/wp-content\/uploads\/2017\/08\/23493072_xl.jpg","keywords":["Asamblea Nacional Constituyente","China","Hugo Ch\u00e1vez","Nicol\u00e1s Maduro","Rusia","Venezuela"],"articleSection":["Contenido Original","Opiniones","Pol\u00edtica","Sudam\u00e9rica"],"inLanguage":"es"},{"@type":"WebPage","@id":"https:\/\/www.pressenza.com\/es\/2017\/08\/la-vanguardia-la-post-imperialista-contratiempo-epocal\/","url":"https:\/\/www.pressenza.com\/es\/2017\/08\/la-vanguardia-la-post-imperialista-contratiempo-epocal\/","name":"La vanguardia de la era post-imperialista: \u00bfContratiempo epocal?","isPartOf":{"@id":"https:\/\/www.pressenza.com\/es\/#website"},"primaryImageOfPage":{"@id":"https:\/\/www.pressenza.com\/es\/2017\/08\/la-vanguardia-la-post-imperialista-contratiempo-epocal\/#primaryimage"},"image":{"@id":"https:\/\/www.pressenza.com\/es\/2017\/08\/la-vanguardia-la-post-imperialista-contratiempo-epocal\/#primaryimage"},"thumbnailUrl":"https:\/\/www.pressenza.com\/wp-content\/uploads\/2017\/08\/23493072_xl.jpg","datePublished":"2017-08-30T01:13:21+00:00","description":"\u201cEl viejo mundo se muere. El nuevo tarda en aparecer. Y en ese claroscuro surgen los monstruos\u201d (A. Gramsci) Por Alejandro Ochoa Acaso porque siempre","breadcrumb":{"@id":"https:\/\/www.pressenza.com\/es\/2017\/08\/la-vanguardia-la-post-imperialista-contratiempo-epocal\/#breadcrumb"},"inLanguage":"es","potentialAction":[{"@type":"ReadAction","target":["https:\/\/www.pressenza.com\/es\/2017\/08\/la-vanguardia-la-post-imperialista-contratiempo-epocal\/"]}]},{"@type":"ImageObject","inLanguage":"es","@id":"https:\/\/www.pressenza.com\/es\/2017\/08\/la-vanguardia-la-post-imperialista-contratiempo-epocal\/#primaryimage","url":"https:\/\/www.pressenza.com\/wp-content\/uploads\/2017\/08\/23493072_xl.jpg","contentUrl":"https:\/\/www.pressenza.com\/wp-content\/uploads\/2017\/08\/23493072_xl.jpg","width":880,"height":495},{"@type":"BreadcrumbList","@id":"https:\/\/www.pressenza.com\/es\/2017\/08\/la-vanguardia-la-post-imperialista-contratiempo-epocal\/#breadcrumb","itemListElement":[{"@type":"ListItem","position":1,"name":"Accueil","item":"https:\/\/www.pressenza.com\/es\/"},{"@type":"ListItem","position":2,"name":"La vanguardia de la era post-imperialista: \u00bfContratiempo epocal?"}]},{"@type":"WebSite","@id":"https:\/\/www.pressenza.com\/es\/#website","url":"https:\/\/www.pressenza.com\/es\/","name":"Pressenza","description":"International Press Agency","publisher":{"@id":"https:\/\/www.pressenza.com\/es\/#organization"},"potentialAction":[{"@type":"SearchAction","target":{"@type":"EntryPoint","urlTemplate":"https:\/\/www.pressenza.com\/es\/?s={search_term_string}"},"query-input":{"@type":"PropertyValueSpecification","valueRequired":true,"valueName":"search_term_string"}}],"inLanguage":"es"},{"@type":"Organization","@id":"https:\/\/www.pressenza.com\/es\/#organization","name":"Pressenza","url":"https:\/\/www.pressenza.com\/es\/","logo":{"@type":"ImageObject","inLanguage":"es","@id":"https:\/\/www.pressenza.com\/es\/#\/schema\/logo\/image\/","url":"https:\/\/www.pressenza.com\/wp-content\/uploads\/2022\/10\/pressenza_logo_200x200.jpg","contentUrl":"https:\/\/www.pressenza.com\/wp-content\/uploads\/2022\/10\/pressenza_logo_200x200.jpg","width":200,"height":200,"caption":"Pressenza"},"image":{"@id":"https:\/\/www.pressenza.com\/es\/#\/schema\/logo\/image\/"},"sameAs":["https:\/\/www.facebook.com\/PressenzaItalia","https:\/\/x.com\/PressenzaIPA"]},{"@type":"Person","@id":"https:\/\/www.pressenza.com\/es\/#\/schema\/person\/d7db40df35d6698ba69ba9ee260944ed","name":"Redacci\u00f3n Chile","description":"News from the Pressenza Bureau in Chile","sameAs":["https:\/\/www.facebook.com\/pressenza","https:\/\/x.com\/pressenza"],"url":"https:\/\/www.pressenza.com\/es\/author\/redaccion-chile\/"}]}},"place":"Puerto Montt, Chile","original_article_url":"","_links":{"self":[{"href":"https:\/\/www.pressenza.com\/es\/wp-json\/wp\/v2\/posts\/510581","targetHints":{"allow":["GET"]}}],"collection":[{"href":"https:\/\/www.pressenza.com\/es\/wp-json\/wp\/v2\/posts"}],"about":[{"href":"https:\/\/www.pressenza.com\/es\/wp-json\/wp\/v2\/types\/post"}],"author":[{"embeddable":true,"href":"https:\/\/www.pressenza.com\/es\/wp-json\/wp\/v2\/users\/43"}],"replies":[{"embeddable":true,"href":"https:\/\/www.pressenza.com\/es\/wp-json\/wp\/v2\/comments?post=510581"}],"version-history":[{"count":0,"href":"https:\/\/www.pressenza.com\/es\/wp-json\/wp\/v2\/posts\/510581\/revisions"}],"wp:featuredmedia":[{"embeddable":true,"href":"https:\/\/www.pressenza.com\/es\/wp-json\/wp\/v2\/media\/510582"}],"wp:attachment":[{"href":"https:\/\/www.pressenza.com\/es\/wp-json\/wp\/v2\/media?parent=510581"}],"wp:term":[{"taxonomy":"category","embeddable":true,"href":"https:\/\/www.pressenza.com\/es\/wp-json\/wp\/v2\/categories?post=510581"},{"taxonomy":"post_tag","embeddable":true,"href":"https:\/\/www.pressenza.com\/es\/wp-json\/wp\/v2\/tags?post=510581"}],"curies":[{"name":"wp","href":"https:\/\/api.w.org\/{rel}","templated":true}]}}