{"id":51030,"date":"2013-05-09T20:17:11","date_gmt":"2013-05-09T19:17:11","guid":{"rendered":"http:\/\/www.pressenza.com\/?p=51030"},"modified":"2013-05-09T20:17:11","modified_gmt":"2013-05-09T19:17:11","slug":"la-instalacion-de-pascua-lama-sera-investigada-por-la-camara-de-diputados","status":"publish","type":"post","link":"https:\/\/www.pressenza.com\/es\/2013\/05\/la-instalacion-de-pascua-lama-sera-investigada-por-la-camara-de-diputados\/","title":{"rendered":"La instalaci\u00f3n de Pascua Lama ser\u00e1 investigada por la C\u00e1mara de Diputados"},"content":{"rendered":"<h3>La <strong>C\u00e1mara de Diputados<\/strong> aprob\u00f3 la petici\u00f3n para crear una <strong>Comisi\u00f3n Investigadora<\/strong> sobre la instalaci\u00f3n del proyecto <strong>Pascua Lama<\/strong> y sus <strong>efectos en el medioambiente del Valle del Huasco<\/strong>, en la Regi\u00f3n de Atacama.<\/h3>\n<p>55 diputados votaron a favor, 1 en contra y 1 abstenci\u00f3n fue el resultado para la solicitud formulada por 56 parlamentarios, cuya instancia deber\u00e1 rendir su informe <strong>en un plazo no superior a 90 d\u00edas.<\/strong><\/p>\n<p style=\"text-align: justify;\">Seg\u00fan el sitio oficial del organismo \u201cla nueva instancia se encargar\u00e1 adem\u00e1s de verificar el cumplimiento de la normativa ambiental vigente, el cumplimiento de los compromisos contra\u00eddos con el sistema de impacto ambiental, verificar los eventuales da\u00f1os que se est\u00e1n produciendo en el Valle de Huasco y determinar las responsabilidades de los organismos fiscalizadores y proponer medidas para corregir dichas irregularidades\u201d.<\/p>\n<p style=\"text-align: justify;\">Recordemos que todo esto ocurre en los <strong>momentos complejos que vive Barrick<\/strong>:<strong> tuvo que paralizar sus faenas hace un mes<\/strong>, luego de que el tribunal de Copiap\u00f3 acogiera un recurso judicial de las <strong>comunidades diaguitas<\/strong> que reclamaba la<strong> destrucci\u00f3n de glaciares<\/strong> y <strong>la contaminaci\u00f3n de los cursos de agua<\/strong>; la semana pasada <strong>la firma minera hizo una reestructuraci\u00f3n en su plana mayor<\/strong> de Latinoam\u00e9rica. Lo anterior gatill\u00f3 que tres ejecutivos presentaran su renuncia, partiendo por el presidente continental, <strong>Guillermo Cal\u00f3; Robert Mayne Nicholls,<\/strong> director general de operaciones para Sudam\u00e9rica, y <strong>Rodrigo Jim\u00e9nez<\/strong>, vicepresidente de asuntos corporativos de la regi\u00f3n; y, entre otras causas, ayer la <strong>Comunidad Ind\u00edgena Diaguita Los Tambos<\/strong> interpuso un recurso de protecci\u00f3n contra la minera \u201c<strong>por haber infringido de manera ilegal y arbitraria la garant\u00eda constitucional que se refiere al derecho a la vida e integridad f\u00edsica y ps\u00edquica de las personas<\/strong>, y el derecho a vivir en un medio ambiente libre de contaminaci\u00f3n en el proceso de construcci\u00f3n del proyecto Pascua Lama\u201d. La acci\u00f3n judicial, interpuesta en la Corte de Apelaciones de Copiap\u00f3, tambi\u00e9n busca aclarar la responsabilidad de la Comisi\u00f3n de Evaluaci\u00f3n de la Regi\u00f3n de Atacama, respecto de la <strong>d\u00e9bil fiscalizaci\u00f3n del proyecto.<\/strong><\/p>\n<p>&nbsp;<\/p>\n","protected":false},"excerpt":{"rendered":"<p>La C\u00e1mara de Diputados aprob\u00f3 la petici\u00f3n para crear una Comisi\u00f3n Investigadora sobre la instalaci\u00f3n del proyecto Pascua Lama y sus efectos en el medioambiente del Valle del Huasco, en la Regi\u00f3n de Atacama. 55 diputados votaron a favor, 1&hellip;<\/p>\n","protected":false},"author":616,"featured_media":51032,"comment_status":"closed","ping_status":"open","sticky":false,"template":"","format":"standard","meta":{"footnotes":""},"categories":[78,67],"tags":[381],"class_list":["post-51030","post","type-post","status-publish","format-standard","has-post-thumbnail","hentry","category-medio-ambiente-ecologia","category-sudamerica","tag-recursos-naturales"],"yoast_head":"<!-- This site is optimized with the Yoast SEO plugin v27.1.1 - https:\/\/yoast.com\/product\/yoast-seo-wordpress\/ -->\n<title>La instalaci\u00f3n de Pascua Lama ser\u00e1 investigada por la C\u00e1mara de Diputados<\/title>\n<meta name=\"description\" content=\"La C\u00e1mara de Diputados aprob\u00f3 la petici\u00f3n para crear una Comisi\u00f3n Investigadora sobre la instalaci\u00f3n del proyecto Pascua Lama y sus efectos en el\" \/>\n<meta name=\"robots\" content=\"index, follow, max-snippet:-1, max-image-preview:large, max-video-preview:-1\" \/>\n<link rel=\"canonical\" href=\"https:\/\/www.pressenza.com\/es\/2013\/05\/la-instalacion-de-pascua-lama-sera-investigada-por-la-camara-de-diputados\/\" \/>\n<meta property=\"og:locale\" content=\"es_ES\" \/>\n<meta property=\"og:type\" content=\"article\" \/>\n<meta property=\"og:title\" content=\"La instalaci\u00f3n de Pascua Lama ser\u00e1 investigada por la C\u00e1mara de Diputados\" \/>\n<meta property=\"og:description\" content=\"La C\u00e1mara de Diputados aprob\u00f3 la petici\u00f3n para crear una Comisi\u00f3n Investigadora sobre la instalaci\u00f3n del proyecto Pascua Lama y sus efectos en el\" \/>\n<meta property=\"og:url\" content=\"https:\/\/www.pressenza.com\/es\/2013\/05\/la-instalacion-de-pascua-lama-sera-investigada-por-la-camara-de-diputados\/\" \/>\n<meta property=\"og:site_name\" content=\"Pressenza\" \/>\n<meta property=\"article:publisher\" content=\"https:\/\/www.facebook.com\/PressenzaItalia\" \/>\n<meta property=\"article:published_time\" content=\"2013-05-09T19:17:11+00:00\" \/>\n<meta property=\"og:image\" content=\"https:\/\/www.pressenza.com\/wp-content\/uploads\/2013\/05\/pascua_lama330644.jpg\" \/>\n\t<meta property=\"og:image:width\" content=\"550\" \/>\n\t<meta property=\"og:image:height\" content=\"424\" \/>\n\t<meta property=\"og:image:type\" content=\"image\/jpeg\" \/>\n<meta name=\"author\" content=\"El Ciudadano\" \/>\n<meta name=\"twitter:card\" content=\"summary_large_image\" \/>\n<meta name=\"twitter:creator\" content=\"@PressenzaIPA\" \/>\n<meta name=\"twitter:site\" content=\"@PressenzaIPA\" \/>\n<meta name=\"twitter:label1\" content=\"Escrito por\" \/>\n\t<meta name=\"twitter:data1\" content=\"El Ciudadano\" \/>\n\t<meta name=\"twitter:label2\" content=\"Tiempo de lectura\" \/>\n\t<meta name=\"twitter:data2\" content=\"2 minutos\" \/>\n<script type=\"application\/ld+json\" class=\"yoast-schema-graph\">{\"@context\":\"https:\/\/schema.org\",\"@graph\":[{\"@type\":\"Article\",\"@id\":\"https:\/\/www.pressenza.com\/es\/2013\/05\/la-instalacion-de-pascua-lama-sera-investigada-por-la-camara-de-diputados\/#article\",\"isPartOf\":{\"@id\":\"https:\/\/www.pressenza.com\/es\/2013\/05\/la-instalacion-de-pascua-lama-sera-investigada-por-la-camara-de-diputados\/\"},\"author\":{\"name\":\"El Ciudadano\",\"@id\":\"https:\/\/www.pressenza.com\/es\/#\/schema\/person\/6522eecb4cd68e074b27e251e4b04ef8\"},\"headline\":\"La instalaci\u00f3n de Pascua Lama ser\u00e1 investigada por la C\u00e1mara de Diputados\",\"datePublished\":\"2013-05-09T19:17:11+00:00\",\"mainEntityOfPage\":{\"@id\":\"https:\/\/www.pressenza.com\/es\/2013\/05\/la-instalacion-de-pascua-lama-sera-investigada-por-la-camara-de-diputados\/\"},\"wordCount\":372,\"publisher\":{\"@id\":\"https:\/\/www.pressenza.com\/es\/#organization\"},\"image\":{\"@id\":\"https:\/\/www.pressenza.com\/es\/2013\/05\/la-instalacion-de-pascua-lama-sera-investigada-por-la-camara-de-diputados\/#primaryimage\"},\"thumbnailUrl\":\"https:\/\/www.pressenza.com\/wp-content\/uploads\/2013\/05\/pascua_lama330644.jpg\",\"keywords\":[\"Recursos naturales\"],\"articleSection\":[\"Ecolog\u00eda y Medio Ambiente\",\"Sudam\u00e9rica\"],\"inLanguage\":\"es\"},{\"@type\":\"WebPage\",\"@id\":\"https:\/\/www.pressenza.com\/es\/2013\/05\/la-instalacion-de-pascua-lama-sera-investigada-por-la-camara-de-diputados\/\",\"url\":\"https:\/\/www.pressenza.com\/es\/2013\/05\/la-instalacion-de-pascua-lama-sera-investigada-por-la-camara-de-diputados\/\",\"name\":\"La instalaci\u00f3n de Pascua Lama ser\u00e1 investigada por la C\u00e1mara de Diputados\",\"isPartOf\":{\"@id\":\"https:\/\/www.pressenza.com\/es\/#website\"},\"primaryImageOfPage\":{\"@id\":\"https:\/\/www.pressenza.com\/es\/2013\/05\/la-instalacion-de-pascua-lama-sera-investigada-por-la-camara-de-diputados\/#primaryimage\"},\"image\":{\"@id\":\"https:\/\/www.pressenza.com\/es\/2013\/05\/la-instalacion-de-pascua-lama-sera-investigada-por-la-camara-de-diputados\/#primaryimage\"},\"thumbnailUrl\":\"https:\/\/www.pressenza.com\/wp-content\/uploads\/2013\/05\/pascua_lama330644.jpg\",\"datePublished\":\"2013-05-09T19:17:11+00:00\",\"description\":\"La C\u00e1mara de Diputados aprob\u00f3 la petici\u00f3n para crear una Comisi\u00f3n Investigadora sobre la instalaci\u00f3n del proyecto Pascua Lama y sus efectos en el\",\"breadcrumb\":{\"@id\":\"https:\/\/www.pressenza.com\/es\/2013\/05\/la-instalacion-de-pascua-lama-sera-investigada-por-la-camara-de-diputados\/#breadcrumb\"},\"inLanguage\":\"es\",\"potentialAction\":[{\"@type\":\"ReadAction\",\"target\":[\"https:\/\/www.pressenza.com\/es\/2013\/05\/la-instalacion-de-pascua-lama-sera-investigada-por-la-camara-de-diputados\/\"]}]},{\"@type\":\"ImageObject\",\"inLanguage\":\"es\",\"@id\":\"https:\/\/www.pressenza.com\/es\/2013\/05\/la-instalacion-de-pascua-lama-sera-investigada-por-la-camara-de-diputados\/#primaryimage\",\"url\":\"https:\/\/www.pressenza.com\/wp-content\/uploads\/2013\/05\/pascua_lama330644.jpg\",\"contentUrl\":\"https:\/\/www.pressenza.com\/wp-content\/uploads\/2013\/05\/pascua_lama330644.jpg\",\"width\":550,\"height\":424},{\"@type\":\"BreadcrumbList\",\"@id\":\"https:\/\/www.pressenza.com\/es\/2013\/05\/la-instalacion-de-pascua-lama-sera-investigada-por-la-camara-de-diputados\/#breadcrumb\",\"itemListElement\":[{\"@type\":\"ListItem\",\"position\":1,\"name\":\"Accueil\",\"item\":\"https:\/\/www.pressenza.com\/es\/\"},{\"@type\":\"ListItem\",\"position\":2,\"name\":\"La instalaci\u00f3n de Pascua Lama ser\u00e1 investigada por la C\u00e1mara de Diputados\"}]},{\"@type\":\"WebSite\",\"@id\":\"https:\/\/www.pressenza.com\/es\/#website\",\"url\":\"https:\/\/www.pressenza.com\/es\/\",\"name\":\"Pressenza\",\"description\":\"International Press Agency\",\"publisher\":{\"@id\":\"https:\/\/www.pressenza.com\/es\/#organization\"},\"potentialAction\":[{\"@type\":\"SearchAction\",\"target\":{\"@type\":\"EntryPoint\",\"urlTemplate\":\"https:\/\/www.pressenza.com\/es\/?s={search_term_string}\"},\"query-input\":{\"@type\":\"PropertyValueSpecification\",\"valueRequired\":true,\"valueName\":\"search_term_string\"}}],\"inLanguage\":\"es\"},{\"@type\":\"Organization\",\"@id\":\"https:\/\/www.pressenza.com\/es\/#organization\",\"name\":\"Pressenza\",\"url\":\"https:\/\/www.pressenza.com\/es\/\",\"logo\":{\"@type\":\"ImageObject\",\"inLanguage\":\"es\",\"@id\":\"https:\/\/www.pressenza.com\/es\/#\/schema\/logo\/image\/\",\"url\":\"https:\/\/www.pressenza.com\/wp-content\/uploads\/2022\/10\/pressenza_logo_200x200.jpg\",\"contentUrl\":\"https:\/\/www.pressenza.com\/wp-content\/uploads\/2022\/10\/pressenza_logo_200x200.jpg\",\"width\":200,\"height\":200,\"caption\":\"Pressenza\"},\"image\":{\"@id\":\"https:\/\/www.pressenza.com\/es\/#\/schema\/logo\/image\/\"},\"sameAs\":[\"https:\/\/www.facebook.com\/PressenzaItalia\",\"https:\/\/x.com\/PressenzaIPA\"]},{\"@type\":\"Person\",\"@id\":\"https:\/\/www.pressenza.com\/es\/#\/schema\/person\/6522eecb4cd68e074b27e251e4b04ef8\",\"name\":\"El Ciudadano\",\"description\":\"El Ciudadano es un medio de comunicaci\u00f3n de circulaci\u00f3n mensual en papel y de funcionamiento diario en la web. Forma parte de la Red de Medios de los Pueblos por lo que se declara como un medio del Tercer Sector para romper el cerco informativo. El Ciudadano es una publicaci\u00f3n que busca elevar desde lo local a lo global las demandas de la organizaci\u00f3n social chilena como tambi\u00e9n promover la acci\u00f3n directa de la ciudadan\u00eda por su derecho a autodeterminaci\u00f3n. elciudadano.cl\",\"url\":\"https:\/\/www.pressenza.com\/es\/author\/el-ciudadano\/\"}]}<\/script>\n<!-- \/ Yoast SEO plugin. -->","yoast_head_json":{"title":"La instalaci\u00f3n de Pascua Lama ser\u00e1 investigada por la C\u00e1mara de Diputados","description":"La C\u00e1mara de Diputados aprob\u00f3 la petici\u00f3n para crear una Comisi\u00f3n Investigadora sobre la instalaci\u00f3n del proyecto Pascua Lama y sus efectos en el","robots":{"index":"index","follow":"follow","max-snippet":"max-snippet:-1","max-image-preview":"max-image-preview:large","max-video-preview":"max-video-preview:-1"},"canonical":"https:\/\/www.pressenza.com\/es\/2013\/05\/la-instalacion-de-pascua-lama-sera-investigada-por-la-camara-de-diputados\/","og_locale":"es_ES","og_type":"article","og_title":"La instalaci\u00f3n de Pascua Lama ser\u00e1 investigada por la C\u00e1mara de Diputados","og_description":"La C\u00e1mara de Diputados aprob\u00f3 la petici\u00f3n para crear una Comisi\u00f3n Investigadora sobre la instalaci\u00f3n del proyecto Pascua Lama y sus efectos en el","og_url":"https:\/\/www.pressenza.com\/es\/2013\/05\/la-instalacion-de-pascua-lama-sera-investigada-por-la-camara-de-diputados\/","og_site_name":"Pressenza","article_publisher":"https:\/\/www.facebook.com\/PressenzaItalia","article_published_time":"2013-05-09T19:17:11+00:00","og_image":[{"width":550,"height":424,"url":"https:\/\/www.pressenza.com\/wp-content\/uploads\/2013\/05\/pascua_lama330644.jpg","type":"image\/jpeg"}],"author":"El Ciudadano","twitter_card":"summary_large_image","twitter_creator":"@PressenzaIPA","twitter_site":"@PressenzaIPA","twitter_misc":{"Escrito por":"El Ciudadano","Tiempo de lectura":"2 minutos"},"schema":{"@context":"https:\/\/schema.org","@graph":[{"@type":"Article","@id":"https:\/\/www.pressenza.com\/es\/2013\/05\/la-instalacion-de-pascua-lama-sera-investigada-por-la-camara-de-diputados\/#article","isPartOf":{"@id":"https:\/\/www.pressenza.com\/es\/2013\/05\/la-instalacion-de-pascua-lama-sera-investigada-por-la-camara-de-diputados\/"},"author":{"name":"El Ciudadano","@id":"https:\/\/www.pressenza.com\/es\/#\/schema\/person\/6522eecb4cd68e074b27e251e4b04ef8"},"headline":"La instalaci\u00f3n de Pascua Lama ser\u00e1 investigada por la C\u00e1mara de Diputados","datePublished":"2013-05-09T19:17:11+00:00","mainEntityOfPage":{"@id":"https:\/\/www.pressenza.com\/es\/2013\/05\/la-instalacion-de-pascua-lama-sera-investigada-por-la-camara-de-diputados\/"},"wordCount":372,"publisher":{"@id":"https:\/\/www.pressenza.com\/es\/#organization"},"image":{"@id":"https:\/\/www.pressenza.com\/es\/2013\/05\/la-instalacion-de-pascua-lama-sera-investigada-por-la-camara-de-diputados\/#primaryimage"},"thumbnailUrl":"https:\/\/www.pressenza.com\/wp-content\/uploads\/2013\/05\/pascua_lama330644.jpg","keywords":["Recursos naturales"],"articleSection":["Ecolog\u00eda y Medio Ambiente","Sudam\u00e9rica"],"inLanguage":"es"},{"@type":"WebPage","@id":"https:\/\/www.pressenza.com\/es\/2013\/05\/la-instalacion-de-pascua-lama-sera-investigada-por-la-camara-de-diputados\/","url":"https:\/\/www.pressenza.com\/es\/2013\/05\/la-instalacion-de-pascua-lama-sera-investigada-por-la-camara-de-diputados\/","name":"La instalaci\u00f3n de Pascua Lama ser\u00e1 investigada por la C\u00e1mara de Diputados","isPartOf":{"@id":"https:\/\/www.pressenza.com\/es\/#website"},"primaryImageOfPage":{"@id":"https:\/\/www.pressenza.com\/es\/2013\/05\/la-instalacion-de-pascua-lama-sera-investigada-por-la-camara-de-diputados\/#primaryimage"},"image":{"@id":"https:\/\/www.pressenza.com\/es\/2013\/05\/la-instalacion-de-pascua-lama-sera-investigada-por-la-camara-de-diputados\/#primaryimage"},"thumbnailUrl":"https:\/\/www.pressenza.com\/wp-content\/uploads\/2013\/05\/pascua_lama330644.jpg","datePublished":"2013-05-09T19:17:11+00:00","description":"La C\u00e1mara de Diputados aprob\u00f3 la petici\u00f3n para crear una Comisi\u00f3n Investigadora sobre la instalaci\u00f3n del proyecto Pascua Lama y sus efectos en el","breadcrumb":{"@id":"https:\/\/www.pressenza.com\/es\/2013\/05\/la-instalacion-de-pascua-lama-sera-investigada-por-la-camara-de-diputados\/#breadcrumb"},"inLanguage":"es","potentialAction":[{"@type":"ReadAction","target":["https:\/\/www.pressenza.com\/es\/2013\/05\/la-instalacion-de-pascua-lama-sera-investigada-por-la-camara-de-diputados\/"]}]},{"@type":"ImageObject","inLanguage":"es","@id":"https:\/\/www.pressenza.com\/es\/2013\/05\/la-instalacion-de-pascua-lama-sera-investigada-por-la-camara-de-diputados\/#primaryimage","url":"https:\/\/www.pressenza.com\/wp-content\/uploads\/2013\/05\/pascua_lama330644.jpg","contentUrl":"https:\/\/www.pressenza.com\/wp-content\/uploads\/2013\/05\/pascua_lama330644.jpg","width":550,"height":424},{"@type":"BreadcrumbList","@id":"https:\/\/www.pressenza.com\/es\/2013\/05\/la-instalacion-de-pascua-lama-sera-investigada-por-la-camara-de-diputados\/#breadcrumb","itemListElement":[{"@type":"ListItem","position":1,"name":"Accueil","item":"https:\/\/www.pressenza.com\/es\/"},{"@type":"ListItem","position":2,"name":"La instalaci\u00f3n de Pascua Lama ser\u00e1 investigada por la C\u00e1mara de Diputados"}]},{"@type":"WebSite","@id":"https:\/\/www.pressenza.com\/es\/#website","url":"https:\/\/www.pressenza.com\/es\/","name":"Pressenza","description":"International Press Agency","publisher":{"@id":"https:\/\/www.pressenza.com\/es\/#organization"},"potentialAction":[{"@type":"SearchAction","target":{"@type":"EntryPoint","urlTemplate":"https:\/\/www.pressenza.com\/es\/?s={search_term_string}"},"query-input":{"@type":"PropertyValueSpecification","valueRequired":true,"valueName":"search_term_string"}}],"inLanguage":"es"},{"@type":"Organization","@id":"https:\/\/www.pressenza.com\/es\/#organization","name":"Pressenza","url":"https:\/\/www.pressenza.com\/es\/","logo":{"@type":"ImageObject","inLanguage":"es","@id":"https:\/\/www.pressenza.com\/es\/#\/schema\/logo\/image\/","url":"https:\/\/www.pressenza.com\/wp-content\/uploads\/2022\/10\/pressenza_logo_200x200.jpg","contentUrl":"https:\/\/www.pressenza.com\/wp-content\/uploads\/2022\/10\/pressenza_logo_200x200.jpg","width":200,"height":200,"caption":"Pressenza"},"image":{"@id":"https:\/\/www.pressenza.com\/es\/#\/schema\/logo\/image\/"},"sameAs":["https:\/\/www.facebook.com\/PressenzaItalia","https:\/\/x.com\/PressenzaIPA"]},{"@type":"Person","@id":"https:\/\/www.pressenza.com\/es\/#\/schema\/person\/6522eecb4cd68e074b27e251e4b04ef8","name":"El Ciudadano","description":"El Ciudadano es un medio de comunicaci\u00f3n de circulaci\u00f3n mensual en papel y de funcionamiento diario en la web. Forma parte de la Red de Medios de los Pueblos por lo que se declara como un medio del Tercer Sector para romper el cerco informativo. El Ciudadano es una publicaci\u00f3n que busca elevar desde lo local a lo global las demandas de la organizaci\u00f3n social chilena como tambi\u00e9n promover la acci\u00f3n directa de la ciudadan\u00eda por su derecho a autodeterminaci\u00f3n. elciudadano.cl","url":"https:\/\/www.pressenza.com\/es\/author\/el-ciudadano\/"}]}},"place":"Valle del Huasco","original_article_url":"","_links":{"self":[{"href":"https:\/\/www.pressenza.com\/es\/wp-json\/wp\/v2\/posts\/51030","targetHints":{"allow":["GET"]}}],"collection":[{"href":"https:\/\/www.pressenza.com\/es\/wp-json\/wp\/v2\/posts"}],"about":[{"href":"https:\/\/www.pressenza.com\/es\/wp-json\/wp\/v2\/types\/post"}],"author":[{"embeddable":true,"href":"https:\/\/www.pressenza.com\/es\/wp-json\/wp\/v2\/users\/616"}],"replies":[{"embeddable":true,"href":"https:\/\/www.pressenza.com\/es\/wp-json\/wp\/v2\/comments?post=51030"}],"version-history":[{"count":0,"href":"https:\/\/www.pressenza.com\/es\/wp-json\/wp\/v2\/posts\/51030\/revisions"}],"wp:featuredmedia":[{"embeddable":true,"href":"https:\/\/www.pressenza.com\/es\/wp-json\/wp\/v2\/media\/51032"}],"wp:attachment":[{"href":"https:\/\/www.pressenza.com\/es\/wp-json\/wp\/v2\/media?parent=51030"}],"wp:term":[{"taxonomy":"category","embeddable":true,"href":"https:\/\/www.pressenza.com\/es\/wp-json\/wp\/v2\/categories?post=51030"},{"taxonomy":"post_tag","embeddable":true,"href":"https:\/\/www.pressenza.com\/es\/wp-json\/wp\/v2\/tags?post=51030"}],"curies":[{"name":"wp","href":"https:\/\/api.w.org\/{rel}","templated":true}]}}