{"id":50999,"date":"2013-05-09T17:46:03","date_gmt":"2013-05-09T16:46:03","guid":{"rendered":"http:\/\/www.pressenza.com\/?p=50999"},"modified":"2013-05-09T17:46:03","modified_gmt":"2013-05-09T16:46:03","slug":"gladys-gutierrez-nueva-presidenta-del-poder-judicial-de-venezuela","status":"publish","type":"post","link":"https:\/\/www.pressenza.com\/es\/2013\/05\/gladys-gutierrez-nueva-presidenta-del-poder-judicial-de-venezuela\/","title":{"rendered":"Gladys Guti\u00e9rrez, nueva presidenta del Poder Judicial de Venezuela"},"content":{"rendered":"<p><strong>Por Luc\u00eda Berbeo<\/strong><\/p>\n<p style=\"text-align: justify;\">Este mi\u00e9rcoles se instal\u00f3 la Sala Plena para elegir a la nueva directiva del Tribunal Supremo de Justicia (TSJ), donde result\u00f3 electa la doctora Gladys Mar\u00eda Guti\u00e9rrez Alvarado, como nueva presidenta del m\u00e1ximo ente judicial en Venezuela.<\/p>\n<p>Tras su designaci\u00f3n, la nueva presidenta ofreci\u00f3 declaraciones a los medios de comunicaci\u00f3n, en las que resalt\u00f3 que \u201cseguiremos tratando de que el juez, como funcionario p\u00fablico, adem\u00e1s de su desempe\u00f1o profesional, sea un ejemplo moral (\u2026) las personas que han estado desempe\u00f1ando los cargos en estas instancias han desarrollado una gran labor\u201d.<\/p>\n<p>Durante la rueda de prensa, expres\u00f3 que en la b\u00fasqueda del perfeccionamiento del sistema judicial el objetivo sigue siendo la construcci\u00f3n de un campo jur\u00eddico verdaderamente popular. \u201cVamos a seguir tomando en cuenta la discusi\u00f3n y las propuestas de las comunidades organizadas, tal como ha venido adelantando el TSJ hasta ahora, en una labor bien reconocida\u201d, resalt\u00f3 Guti\u00e9rrez Alvarado.<\/p>\n<p>Al ser consultada sobre el recurso introducido por la derecha para imputar las elecciones del pasado 14 de abril, indic\u00f3 la magistrada que \u201clos jueces hablan por sus decisiones. En los pr\u00f3ximos d\u00edas estar\u00e1n teniendo conocimiento de las diferentes solicitudes que los actores de la sociedad venezolana han hecho y har\u00e1n ante el TSJ y se les dar\u00e1 adecuadas respuestas, escrupulosamente apegadas a la Constituci\u00f3n y las leyes de la Rep\u00fablica, como siempre ha sido\u201d.<\/p>\n<p>En cuanto a la designaci\u00f3n de las nuevas autoridades de los organismos auxiliares del TSJ, Guti\u00e9rrez Alvarado inform\u00f3 que la directiva se reunir\u00e1 la pr\u00f3xima semana para definir la necesidad o no de reestructurar a las directivas actuales en la Direcci\u00f3n Ejecutiva de la Magistratura, la Escuela del TSJ y la Inspector\u00eda.<\/p>\n<p>Tambi\u00e9n anunci\u00f3 que, de acuerdo a lo establecido en la Ley Org\u00e1nica del Tribunal Supremo de Justicia y su Reglamento, fueron elegidos el magistrado Fernando Vegas Torrealba como primer vicepresidente del Alto Tribunal y presidente de la Sala Electoral; mientras que la magistrada Deyanira Nieves Bastidas, como la segunda vicepresidenta de la m\u00e1xima instancia judicial del pa\u00eds y presidenta de la Sala de Casaci\u00f3n Penal.<\/p>\n<p>La ex diplom\u00e1tica Gladys Mar\u00eda Guti\u00e9rrez Alvarado, tambi\u00e9n reconoci\u00f3 el trabajo que hab\u00eda venido realizando la magistrada Luisa Estella Morales Lamu\u00f1o como m\u00e1xima\u00a0 representante del Poder Judicial, a la vez que manifest\u00f3 que continuar\u00e1 como integrante de la Sala Constitucional.<\/p>\n<p>Por otra parte, se refiri\u00f3 a las relaciones con los medios de comunicaci\u00f3n y acot\u00f3 que \u201chay disposici\u00f3n de establecer buenas relaciones con la prensa, siempre he visto un buen n\u00famero de representantes de ustedes ac\u00e1, pero si hay alguna situaci\u00f3n que corregir as\u00ed ser\u00e1\u201d.<\/p>\n<p>Con relaci\u00f3n a la convenci\u00f3n colectiva de los trabajadores del ente, la presidenta destac\u00f3 que \u201cser\u00e1 parte de los temas que estaremos revisando en estos d\u00edas para darle pronta soluci\u00f3n\u201d.<\/p>\n<p>Para tal elecci\u00f3n la ley estipula que se debe contar con el voto de la mayor\u00eda de los magistrados, es decir, 17 de los 32 que la conforman. Asimismo, est\u00e1 establecido que ning\u00fan integrante de la junta directiva podr\u00e1 pertenecer a una misma sala y adem\u00e1s<br \/>\nasumir\u00e1n la presidencia de aquella a la que corresponda.<\/p>\n<p>Cabe destacar, que Guti\u00e9rrez Alvarado comenz\u00f3 como secretaria en los tribunales civiles de Nueva Esparta, fue juez y se incorpor\u00f3 al MVR 200. Asimismo fue jefe de la oficina de Secretar\u00eda del Consejo de Ministros, embajadora en Espa\u00f1a y luego Procuradora General de la Rep\u00fablica, durante cinco a\u00f1os, realizando una loable gesti\u00f3n que la consolid\u00f3 en la Administraci\u00f3n P\u00fablica. De all\u00ed pas\u00f3 al TSJ, como miembro de la Sala Constitucional, tras su designaci\u00f3n por la Asamblea Nacional en 2010.<\/p>\n<p>\u2022 <em>La autora es periodista, analista pol\u00edtico y colaboradora para este medio de comunicaci\u00f3n.-<\/em><\/p>\n","protected":false},"excerpt":{"rendered":"<p>Por Luc\u00eda Berbeo Este mi\u00e9rcoles se instal\u00f3 la Sala Plena para elegir a la nueva directiva del Tribunal Supremo de Justicia (TSJ), donde result\u00f3 electa la doctora Gladys Mar\u00eda Guti\u00e9rrez Alvarado, como nueva presidenta del m\u00e1ximo ente judicial en Venezuela.&hellip;<\/p>\n","protected":false},"author":19,"featured_media":51004,"comment_status":"closed","ping_status":"open","sticky":false,"template":"","format":"standard","meta":{"footnotes":""},"categories":[74,67],"tags":[2511],"class_list":["post-50999","post","type-post","status-publish","format-standard","has-post-thumbnail","hentry","category-politica-es","category-sudamerica","tag-poder-judicial"],"yoast_head":"<!-- This site is optimized with the Yoast SEO plugin v27.1.1 - https:\/\/yoast.com\/product\/yoast-seo-wordpress\/ -->\n<title>Gladys Guti\u00e9rrez, nueva presidenta del Poder Judicial de Venezuela<\/title>\n<meta name=\"description\" content=\"Por Luc\u00eda Berbeo Este mi\u00e9rcoles se instal\u00f3 la Sala Plena para elegir a la nueva directiva del Tribunal Supremo de Justicia (TSJ), donde result\u00f3 electa la\" \/>\n<meta name=\"robots\" content=\"index, follow, max-snippet:-1, max-image-preview:large, max-video-preview:-1\" \/>\n<link rel=\"canonical\" href=\"https:\/\/www.pressenza.com\/es\/2013\/05\/gladys-gutierrez-nueva-presidenta-del-poder-judicial-de-venezuela\/\" \/>\n<meta property=\"og:locale\" content=\"es_ES\" \/>\n<meta property=\"og:type\" content=\"article\" \/>\n<meta property=\"og:title\" content=\"Gladys Guti\u00e9rrez, nueva presidenta del Poder Judicial de Venezuela\" \/>\n<meta property=\"og:description\" content=\"Por Luc\u00eda Berbeo Este mi\u00e9rcoles se instal\u00f3 la Sala Plena para elegir a la nueva directiva del Tribunal Supremo de Justicia (TSJ), donde result\u00f3 electa la\" \/>\n<meta property=\"og:url\" content=\"https:\/\/www.pressenza.com\/es\/2013\/05\/gladys-gutierrez-nueva-presidenta-del-poder-judicial-de-venezuela\/\" \/>\n<meta property=\"og:site_name\" content=\"Pressenza\" \/>\n<meta property=\"article:publisher\" content=\"https:\/\/www.facebook.com\/PressenzaItalia\" \/>\n<meta property=\"article:author\" content=\"https:\/\/www.facebook.com\/pressenza\" \/>\n<meta property=\"article:published_time\" content=\"2013-05-09T16:46:03+00:00\" \/>\n<meta property=\"og:image\" content=\"https:\/\/www.pressenza.com\/wp-content\/uploads\/2013\/05\/magistrada.jpeg\" \/>\n\t<meta property=\"og:image:width\" content=\"226\" \/>\n\t<meta property=\"og:image:height\" content=\"151\" \/>\n\t<meta property=\"og:image:type\" content=\"image\/jpeg\" \/>\n<meta name=\"author\" content=\"Pressenza IPA\" \/>\n<meta name=\"twitter:card\" content=\"summary_large_image\" \/>\n<meta name=\"twitter:creator\" content=\"@PressenzaIPA\" \/>\n<meta name=\"twitter:site\" content=\"@PressenzaIPA\" \/>\n<meta name=\"twitter:label1\" content=\"Escrito por\" \/>\n\t<meta name=\"twitter:data1\" content=\"Pressenza IPA\" \/>\n\t<meta name=\"twitter:label2\" content=\"Tiempo de lectura\" \/>\n\t<meta name=\"twitter:data2\" content=\"3 minutos\" \/>\n<script type=\"application\/ld+json\" class=\"yoast-schema-graph\">{\"@context\":\"https:\/\/schema.org\",\"@graph\":[{\"@type\":\"Article\",\"@id\":\"https:\/\/www.pressenza.com\/es\/2013\/05\/gladys-gutierrez-nueva-presidenta-del-poder-judicial-de-venezuela\/#article\",\"isPartOf\":{\"@id\":\"https:\/\/www.pressenza.com\/es\/2013\/05\/gladys-gutierrez-nueva-presidenta-del-poder-judicial-de-venezuela\/\"},\"author\":{\"name\":\"Pressenza IPA\",\"@id\":\"https:\/\/www.pressenza.com\/es\/#\/schema\/person\/010e5d02bcf40965427a1289a4cc8d75\"},\"headline\":\"Gladys Guti\u00e9rrez, nueva presidenta del Poder Judicial de Venezuela\",\"datePublished\":\"2013-05-09T16:46:03+00:00\",\"mainEntityOfPage\":{\"@id\":\"https:\/\/www.pressenza.com\/es\/2013\/05\/gladys-gutierrez-nueva-presidenta-del-poder-judicial-de-venezuela\/\"},\"wordCount\":673,\"publisher\":{\"@id\":\"https:\/\/www.pressenza.com\/es\/#organization\"},\"image\":{\"@id\":\"https:\/\/www.pressenza.com\/es\/2013\/05\/gladys-gutierrez-nueva-presidenta-del-poder-judicial-de-venezuela\/#primaryimage\"},\"thumbnailUrl\":\"https:\/\/www.pressenza.com\/wp-content\/uploads\/2013\/05\/magistrada.jpeg\",\"keywords\":[\"Poder judicial\"],\"articleSection\":[\"Pol\u00edtica\",\"Sudam\u00e9rica\"],\"inLanguage\":\"es\"},{\"@type\":\"WebPage\",\"@id\":\"https:\/\/www.pressenza.com\/es\/2013\/05\/gladys-gutierrez-nueva-presidenta-del-poder-judicial-de-venezuela\/\",\"url\":\"https:\/\/www.pressenza.com\/es\/2013\/05\/gladys-gutierrez-nueva-presidenta-del-poder-judicial-de-venezuela\/\",\"name\":\"Gladys Guti\u00e9rrez, nueva presidenta del Poder Judicial de Venezuela\",\"isPartOf\":{\"@id\":\"https:\/\/www.pressenza.com\/es\/#website\"},\"primaryImageOfPage\":{\"@id\":\"https:\/\/www.pressenza.com\/es\/2013\/05\/gladys-gutierrez-nueva-presidenta-del-poder-judicial-de-venezuela\/#primaryimage\"},\"image\":{\"@id\":\"https:\/\/www.pressenza.com\/es\/2013\/05\/gladys-gutierrez-nueva-presidenta-del-poder-judicial-de-venezuela\/#primaryimage\"},\"thumbnailUrl\":\"https:\/\/www.pressenza.com\/wp-content\/uploads\/2013\/05\/magistrada.jpeg\",\"datePublished\":\"2013-05-09T16:46:03+00:00\",\"description\":\"Por Luc\u00eda Berbeo Este mi\u00e9rcoles se instal\u00f3 la Sala Plena para elegir a la nueva directiva del Tribunal Supremo de Justicia (TSJ), donde result\u00f3 electa la\",\"breadcrumb\":{\"@id\":\"https:\/\/www.pressenza.com\/es\/2013\/05\/gladys-gutierrez-nueva-presidenta-del-poder-judicial-de-venezuela\/#breadcrumb\"},\"inLanguage\":\"es\",\"potentialAction\":[{\"@type\":\"ReadAction\",\"target\":[\"https:\/\/www.pressenza.com\/es\/2013\/05\/gladys-gutierrez-nueva-presidenta-del-poder-judicial-de-venezuela\/\"]}]},{\"@type\":\"ImageObject\",\"inLanguage\":\"es\",\"@id\":\"https:\/\/www.pressenza.com\/es\/2013\/05\/gladys-gutierrez-nueva-presidenta-del-poder-judicial-de-venezuela\/#primaryimage\",\"url\":\"https:\/\/www.pressenza.com\/wp-content\/uploads\/2013\/05\/magistrada.jpeg\",\"contentUrl\":\"https:\/\/www.pressenza.com\/wp-content\/uploads\/2013\/05\/magistrada.jpeg\",\"width\":226,\"height\":151},{\"@type\":\"BreadcrumbList\",\"@id\":\"https:\/\/www.pressenza.com\/es\/2013\/05\/gladys-gutierrez-nueva-presidenta-del-poder-judicial-de-venezuela\/#breadcrumb\",\"itemListElement\":[{\"@type\":\"ListItem\",\"position\":1,\"name\":\"Accueil\",\"item\":\"https:\/\/www.pressenza.com\/es\/\"},{\"@type\":\"ListItem\",\"position\":2,\"name\":\"Gladys Guti\u00e9rrez, nueva presidenta del Poder Judicial de Venezuela\"}]},{\"@type\":\"WebSite\",\"@id\":\"https:\/\/www.pressenza.com\/es\/#website\",\"url\":\"https:\/\/www.pressenza.com\/es\/\",\"name\":\"Pressenza\",\"description\":\"International Press Agency\",\"publisher\":{\"@id\":\"https:\/\/www.pressenza.com\/es\/#organization\"},\"potentialAction\":[{\"@type\":\"SearchAction\",\"target\":{\"@type\":\"EntryPoint\",\"urlTemplate\":\"https:\/\/www.pressenza.com\/es\/?s={search_term_string}\"},\"query-input\":{\"@type\":\"PropertyValueSpecification\",\"valueRequired\":true,\"valueName\":\"search_term_string\"}}],\"inLanguage\":\"es\"},{\"@type\":\"Organization\",\"@id\":\"https:\/\/www.pressenza.com\/es\/#organization\",\"name\":\"Pressenza\",\"url\":\"https:\/\/www.pressenza.com\/es\/\",\"logo\":{\"@type\":\"ImageObject\",\"inLanguage\":\"es\",\"@id\":\"https:\/\/www.pressenza.com\/es\/#\/schema\/logo\/image\/\",\"url\":\"https:\/\/www.pressenza.com\/wp-content\/uploads\/2022\/10\/pressenza_logo_200x200.jpg\",\"contentUrl\":\"https:\/\/www.pressenza.com\/wp-content\/uploads\/2022\/10\/pressenza_logo_200x200.jpg\",\"width\":200,\"height\":200,\"caption\":\"Pressenza\"},\"image\":{\"@id\":\"https:\/\/www.pressenza.com\/es\/#\/schema\/logo\/image\/\"},\"sameAs\":[\"https:\/\/www.facebook.com\/PressenzaItalia\",\"https:\/\/x.com\/PressenzaIPA\"]},{\"@type\":\"Person\",\"@id\":\"https:\/\/www.pressenza.com\/es\/#\/schema\/person\/010e5d02bcf40965427a1289a4cc8d75\",\"name\":\"Pressenza IPA\",\"description\":\"News from Pressenza IPA correspondents\",\"sameAs\":[\"https:\/\/www.facebook.com\/pressenza\",\"https:\/\/x.com\/PressenzaIPA\"],\"url\":\"https:\/\/www.pressenza.com\/es\/author\/pressenza-ipa\/\"}]}<\/script>\n<!-- \/ Yoast SEO plugin. -->","yoast_head_json":{"title":"Gladys Guti\u00e9rrez, nueva presidenta del Poder Judicial de Venezuela","description":"Por Luc\u00eda Berbeo Este mi\u00e9rcoles se instal\u00f3 la Sala Plena para elegir a la nueva directiva del Tribunal Supremo de Justicia (TSJ), donde result\u00f3 electa la","robots":{"index":"index","follow":"follow","max-snippet":"max-snippet:-1","max-image-preview":"max-image-preview:large","max-video-preview":"max-video-preview:-1"},"canonical":"https:\/\/www.pressenza.com\/es\/2013\/05\/gladys-gutierrez-nueva-presidenta-del-poder-judicial-de-venezuela\/","og_locale":"es_ES","og_type":"article","og_title":"Gladys Guti\u00e9rrez, nueva presidenta del Poder Judicial de Venezuela","og_description":"Por Luc\u00eda Berbeo Este mi\u00e9rcoles se instal\u00f3 la Sala Plena para elegir a la nueva directiva del Tribunal Supremo de Justicia (TSJ), donde result\u00f3 electa la","og_url":"https:\/\/www.pressenza.com\/es\/2013\/05\/gladys-gutierrez-nueva-presidenta-del-poder-judicial-de-venezuela\/","og_site_name":"Pressenza","article_publisher":"https:\/\/www.facebook.com\/PressenzaItalia","article_author":"https:\/\/www.facebook.com\/pressenza","article_published_time":"2013-05-09T16:46:03+00:00","og_image":[{"width":226,"height":151,"url":"https:\/\/www.pressenza.com\/wp-content\/uploads\/2013\/05\/magistrada.jpeg","type":"image\/jpeg"}],"author":"Pressenza IPA","twitter_card":"summary_large_image","twitter_creator":"@PressenzaIPA","twitter_site":"@PressenzaIPA","twitter_misc":{"Escrito por":"Pressenza IPA","Tiempo de lectura":"3 minutos"},"schema":{"@context":"https:\/\/schema.org","@graph":[{"@type":"Article","@id":"https:\/\/www.pressenza.com\/es\/2013\/05\/gladys-gutierrez-nueva-presidenta-del-poder-judicial-de-venezuela\/#article","isPartOf":{"@id":"https:\/\/www.pressenza.com\/es\/2013\/05\/gladys-gutierrez-nueva-presidenta-del-poder-judicial-de-venezuela\/"},"author":{"name":"Pressenza IPA","@id":"https:\/\/www.pressenza.com\/es\/#\/schema\/person\/010e5d02bcf40965427a1289a4cc8d75"},"headline":"Gladys Guti\u00e9rrez, nueva presidenta del Poder Judicial de Venezuela","datePublished":"2013-05-09T16:46:03+00:00","mainEntityOfPage":{"@id":"https:\/\/www.pressenza.com\/es\/2013\/05\/gladys-gutierrez-nueva-presidenta-del-poder-judicial-de-venezuela\/"},"wordCount":673,"publisher":{"@id":"https:\/\/www.pressenza.com\/es\/#organization"},"image":{"@id":"https:\/\/www.pressenza.com\/es\/2013\/05\/gladys-gutierrez-nueva-presidenta-del-poder-judicial-de-venezuela\/#primaryimage"},"thumbnailUrl":"https:\/\/www.pressenza.com\/wp-content\/uploads\/2013\/05\/magistrada.jpeg","keywords":["Poder judicial"],"articleSection":["Pol\u00edtica","Sudam\u00e9rica"],"inLanguage":"es"},{"@type":"WebPage","@id":"https:\/\/www.pressenza.com\/es\/2013\/05\/gladys-gutierrez-nueva-presidenta-del-poder-judicial-de-venezuela\/","url":"https:\/\/www.pressenza.com\/es\/2013\/05\/gladys-gutierrez-nueva-presidenta-del-poder-judicial-de-venezuela\/","name":"Gladys Guti\u00e9rrez, nueva presidenta del Poder Judicial de Venezuela","isPartOf":{"@id":"https:\/\/www.pressenza.com\/es\/#website"},"primaryImageOfPage":{"@id":"https:\/\/www.pressenza.com\/es\/2013\/05\/gladys-gutierrez-nueva-presidenta-del-poder-judicial-de-venezuela\/#primaryimage"},"image":{"@id":"https:\/\/www.pressenza.com\/es\/2013\/05\/gladys-gutierrez-nueva-presidenta-del-poder-judicial-de-venezuela\/#primaryimage"},"thumbnailUrl":"https:\/\/www.pressenza.com\/wp-content\/uploads\/2013\/05\/magistrada.jpeg","datePublished":"2013-05-09T16:46:03+00:00","description":"Por Luc\u00eda Berbeo Este mi\u00e9rcoles se instal\u00f3 la Sala Plena para elegir a la nueva directiva del Tribunal Supremo de Justicia (TSJ), donde result\u00f3 electa la","breadcrumb":{"@id":"https:\/\/www.pressenza.com\/es\/2013\/05\/gladys-gutierrez-nueva-presidenta-del-poder-judicial-de-venezuela\/#breadcrumb"},"inLanguage":"es","potentialAction":[{"@type":"ReadAction","target":["https:\/\/www.pressenza.com\/es\/2013\/05\/gladys-gutierrez-nueva-presidenta-del-poder-judicial-de-venezuela\/"]}]},{"@type":"ImageObject","inLanguage":"es","@id":"https:\/\/www.pressenza.com\/es\/2013\/05\/gladys-gutierrez-nueva-presidenta-del-poder-judicial-de-venezuela\/#primaryimage","url":"https:\/\/www.pressenza.com\/wp-content\/uploads\/2013\/05\/magistrada.jpeg","contentUrl":"https:\/\/www.pressenza.com\/wp-content\/uploads\/2013\/05\/magistrada.jpeg","width":226,"height":151},{"@type":"BreadcrumbList","@id":"https:\/\/www.pressenza.com\/es\/2013\/05\/gladys-gutierrez-nueva-presidenta-del-poder-judicial-de-venezuela\/#breadcrumb","itemListElement":[{"@type":"ListItem","position":1,"name":"Accueil","item":"https:\/\/www.pressenza.com\/es\/"},{"@type":"ListItem","position":2,"name":"Gladys Guti\u00e9rrez, nueva presidenta del Poder Judicial de Venezuela"}]},{"@type":"WebSite","@id":"https:\/\/www.pressenza.com\/es\/#website","url":"https:\/\/www.pressenza.com\/es\/","name":"Pressenza","description":"International Press Agency","publisher":{"@id":"https:\/\/www.pressenza.com\/es\/#organization"},"potentialAction":[{"@type":"SearchAction","target":{"@type":"EntryPoint","urlTemplate":"https:\/\/www.pressenza.com\/es\/?s={search_term_string}"},"query-input":{"@type":"PropertyValueSpecification","valueRequired":true,"valueName":"search_term_string"}}],"inLanguage":"es"},{"@type":"Organization","@id":"https:\/\/www.pressenza.com\/es\/#organization","name":"Pressenza","url":"https:\/\/www.pressenza.com\/es\/","logo":{"@type":"ImageObject","inLanguage":"es","@id":"https:\/\/www.pressenza.com\/es\/#\/schema\/logo\/image\/","url":"https:\/\/www.pressenza.com\/wp-content\/uploads\/2022\/10\/pressenza_logo_200x200.jpg","contentUrl":"https:\/\/www.pressenza.com\/wp-content\/uploads\/2022\/10\/pressenza_logo_200x200.jpg","width":200,"height":200,"caption":"Pressenza"},"image":{"@id":"https:\/\/www.pressenza.com\/es\/#\/schema\/logo\/image\/"},"sameAs":["https:\/\/www.facebook.com\/PressenzaItalia","https:\/\/x.com\/PressenzaIPA"]},{"@type":"Person","@id":"https:\/\/www.pressenza.com\/es\/#\/schema\/person\/010e5d02bcf40965427a1289a4cc8d75","name":"Pressenza IPA","description":"News from Pressenza IPA correspondents","sameAs":["https:\/\/www.facebook.com\/pressenza","https:\/\/x.com\/PressenzaIPA"],"url":"https:\/\/www.pressenza.com\/es\/author\/pressenza-ipa\/"}]}},"place":"Caracas","original_article_url":"","_links":{"self":[{"href":"https:\/\/www.pressenza.com\/es\/wp-json\/wp\/v2\/posts\/50999","targetHints":{"allow":["GET"]}}],"collection":[{"href":"https:\/\/www.pressenza.com\/es\/wp-json\/wp\/v2\/posts"}],"about":[{"href":"https:\/\/www.pressenza.com\/es\/wp-json\/wp\/v2\/types\/post"}],"author":[{"embeddable":true,"href":"https:\/\/www.pressenza.com\/es\/wp-json\/wp\/v2\/users\/19"}],"replies":[{"embeddable":true,"href":"https:\/\/www.pressenza.com\/es\/wp-json\/wp\/v2\/comments?post=50999"}],"version-history":[{"count":0,"href":"https:\/\/www.pressenza.com\/es\/wp-json\/wp\/v2\/posts\/50999\/revisions"}],"wp:featuredmedia":[{"embeddable":true,"href":"https:\/\/www.pressenza.com\/es\/wp-json\/wp\/v2\/media\/51004"}],"wp:attachment":[{"href":"https:\/\/www.pressenza.com\/es\/wp-json\/wp\/v2\/media?parent=50999"}],"wp:term":[{"taxonomy":"category","embeddable":true,"href":"https:\/\/www.pressenza.com\/es\/wp-json\/wp\/v2\/categories?post=50999"},{"taxonomy":"post_tag","embeddable":true,"href":"https:\/\/www.pressenza.com\/es\/wp-json\/wp\/v2\/tags?post=50999"}],"curies":[{"name":"wp","href":"https:\/\/api.w.org\/{rel}","templated":true}]}}