{"id":508909,"date":"2017-08-26T22:49:03","date_gmt":"2017-08-26T21:49:03","guid":{"rendered":"https:\/\/www.pressenza.com\/?p=508909\/"},"modified":"2017-08-26T22:49:03","modified_gmt":"2017-08-26T21:49:03","slug":"marichi-weu-pueblo-mapuche-pie-frente-al-gobierno","status":"publish","type":"post","link":"https:\/\/www.pressenza.com\/es\/2017\/08\/marichi-weu-pueblo-mapuche-pie-frente-al-gobierno\/","title":{"rendered":"\u00a1Marichi weu! El Pueblo Mapuche de pie frente al Gobierno"},"content":{"rendered":"<p><em>Por<strong> Dar\u00edo Aranda<\/strong><\/em><\/p>\n<p><strong>Cientos de comunidades mapuches de tres provincias repudiaron el accionar represivo del Gobierno y exigieron la aparici\u00f3n con vida de Santiago Maldonado. El genocidio de los pueblos ind\u00edgenas y la disputa actual por los territorios.<\/strong><\/p>\n<p>\u201cPuelmapu\u201d es el nombre que el Pueblo Mapuche le da a su territorio al este de la Cordillera de los Andes, desde antes de la conformaci\u00f3n de los Estados de Argentina y Chile. En tan amplio espacio no existe una sola organizaci\u00f3n que re\u00fana a las cientos de comunidades mapuches, que tienen las m\u00e1s diversas posturas pol\u00edticas, ideol\u00f3gicas y formas de construcci\u00f3n organizativa.<\/p>\n<p>Ante tanta diversidad, s\u00f3lo el macrismo pudo unir a todas las comunidades en el un\u00e1nime rechazo a la pol\u00edtica represiva y \u201cracista\u201d del Gobierno nacional, personificado en la ministra Patricia Bullrich. Organizaciones de Chubut, R\u00edo Negro y Neuqu\u00e9n repudiaron la violencia contra las comunidades, pidieron la renuncia de Bullrich y exigieron la aparici\u00f3n con vida de Santiago Maldonado.<\/p>\n<h4>Antecedentes<\/h4>\n<p>Agosto de 2016. Un informe interno del Ministerio de Seguridad acusa a los pueblos originarios de la Patagonia de delitos federales y los responsabiliza de hechos delictivos (sin aportar pruebas). \u201cRevalorizaci\u00f3n de la ley. Problem\u00e1tica en territorio mapuche\u201d, es el nombre del documento oficial, publicado por Horacio Verbitsky P\u00e1gina\/12. Reconoce que la Polic\u00eda de Seguridad Aeroportuaria (PSA) realiza \u201ctareas de investigaci\u00f3n\u201d ilegales y replica el discurso de las empresas petroleras al definir como \u201cusurpaci\u00f3n\u201d a las acciones de resistencia de las comunidades de Neuqu\u00e9n en zona de Vaca Muerta.<\/p>\n<p>En noviembre pasado, un centenar de organizaciones de pueblos originarios, Amnist\u00eda Internacional, el Servicio de Paz y Justicia (Serpaj) y la Asamblea Permanente de Derechos Humanos (APDH) \u2013entre otras entidades\u2013 emitieron un comunicado para alertar sobre la \u201cestigmatizaci\u00f3n y persecuci\u00f3n al Pueblo Mapuche\u201d. El texto, titulado \u201cLa lucha ind\u00edgena no es delito\u201d, apunt\u00f3 al Gobierno nacional: \u201cEl Ministerio de Seguridad coloca a las reivindicaciones territoriales mapuches como amenazas para la seguridad social (\u2026) El Estado privilegia los intereses de las petroleras y criminaliza al pueblo mapuche\u201d.<\/p>\n<p>En enero se sucedieron tres represiones en dos d\u00edas sobre el Lof en Resistencia del departamento de Cushamen, con una ferocidad que no se ve\u00eda hac\u00eda tiempo, por parte de Polic\u00eda provincial y Gendarmer\u00eda nacional. Decenas de detenidos y heridos de bala llegaron a la prensa nacional. Fue una cacer\u00eda de mapuches.<\/p>\n<p>El 21 de junio, un centenar de efectivos de Gendarmer\u00eda nacional lleg\u00f3 hasta la comunidad mapuche Campo Maripe (en Vaca Muerta-Neuqu\u00e9n), cerr\u00f3 los caminos internos y escolt\u00f3 a cuadrillas de YPF para realizar una nueva perforaci\u00f3n petrolera, resistida por los mapuches.<\/p>\n<p>Los integrantes de la comunidad pidieron explicaciones, solicitaron que exhiban la orden judicial (nunca se las mostraron) y exigieron que se retiren del territorio ind\u00edgena. La Gendarmer\u00eda incluso impidi\u00f3 que la comunidad abandonara su propia tierra. \u201cYPF usa la Gendarmer\u00eda para entrar ilegalmente a territorio mapuche. Ingresaron sin consulta, ni autorizaci\u00f3n, con un procedimiento totalmente desmedido, sin mediar palabra, ni exhibir orden judicial. Los miembros del lof (comunidad) fueron amenazados y fueron rehenes en su propio territorio\u201d, denunci\u00f3 el Consejo Zonal Xawvn Ko de la Confederaci\u00f3n Mapuche de Neuqu\u00e9n, que cuestion\u00f3 la \u201cmilitarizaci\u00f3n\u201d del lugar y acus\u00f3 a la ministra de Seguridad, Patricia Bullrich, de una \u201cescalada de represi\u00f3n\u201d.<\/p>\n<p>El 22 de julio, una semana antes de la desaparici\u00f3n de Santiago Maldonado, once comunidades mapuches se reunieron en la localidad rionegrina de Aguada Cecilio. Declararon el estado de alerta y movilizaci\u00f3n por la emergencia territorial, denunciaron un proyecto de nuevo c\u00f3digos de tierras (impulsado por el gobernador Alberto Weretilneck) que \u201cabre las puertas a las empresas extractivistas\u201d y repudiaron la \u201cestigmatizaci\u00f3n de violento que recae sobre Facundo Jones Huala y su comunidad, expresada por el gobernador de R\u00edo Negro en los medios p\u00fablicos, que conlleva a la criminalizaci\u00f3n de la lucha de los l\u00edderes mapuches y referentes sociales\u201d. Llamaron a organizarse para una gran marcha mapuche, con el lema \u201cpetu monguelei\u00f1\u201d (Estamos vivos).<\/p>\n<div id=\"attachment_508946\" class=\"wp-caption alignnone\"><img loading=\"lazy\" decoding=\"async\" aria-describedby=\"caption-attachment-508946\" class=\"size-large wp-image-508946\" src=\"https:\/\/www.pressenza.com\/wp-content\/uploads\/2017\/08\/mapuches-Negro-Rami--rez-720x478.jpg\" alt=\"\" width=\"720\" height=\"478\" srcset=\"https:\/\/www.pressenza.com\/wp-content\/uploads\/2017\/08\/mapuches-Negro-Rami--rez-720x478.jpg 720w, https:\/\/www.pressenza.com\/wp-content\/uploads\/2017\/08\/mapuches-Negro-Rami--rez-300x199.jpg 300w, https:\/\/www.pressenza.com\/wp-content\/uploads\/2017\/08\/mapuches-Negro-Rami--rez-768x510.jpg 768w, https:\/\/www.pressenza.com\/wp-content\/uploads\/2017\/08\/mapuches-Negro-Rami--rez.jpg 1024w\" sizes=\"auto, (max-width: 720px) 100vw, 720px\" \/><p id=\"caption-attachment-508946\" class=\"wp-caption-text\">Foto Negro Ram\u00edrez<\/p><\/div>\n<h4>Oficial<\/h4>\n<p>El 1\u00b0 de agosto la Gendarmer\u00eda nacional reprimi\u00f3 un corte parcial en la ruta 40, realizado por la comunidad Lof en Resistencia de Cushamen. Los efectivos ingresaron sin orden judicial a la comunidad, amenazaron a mujeres y ni\u00f1os, incendiaron pertenencias y las humildes viviendas y persiguieron a los hombres hasta el riacho que cruza el campo. Fue la \u00faltima vez que vieron a Santiago Maldonado.<\/p>\n<p>El 11 de agosto, diez d\u00edas despu\u00e9s de la desaparici\u00f3n de Santiago Maldonado, el presidente Mauricio Macri se refiri\u00f3 a la desaparici\u00f3n: \u201cEstamos trabajando a destajo para trata de ver qu\u00e9 es lo que pas\u00f3\u201d. Y apunt\u00f3 a los mapuches: \u201cSe declara con lineamientos bastante poco democr\u00e1ticos y bastante violentos\u201d.<\/p>\n<p>La ministra de Seguridad, Patricia Bullrich, fue m\u00e1s all\u00e1: \u201cNuestra decisi\u00f3n es total y absoluta de no permitir que en la Argentina se asiente un grupo que utilice la violencia como forma de acci\u00f3n y quiera imponer una rep\u00fablica aut\u00f3noma y mapuche en el medio de la Argentina\u201d.<\/p>\n<h4>\u201cDesprecio racial e ignorancia\u201d<\/h4>\n<p>La Confederaci\u00f3n Mapuche de Neuqu\u00e9n se organiza en seis regiones (llamada \u201czonales\u201d), con m\u00e1s de sesenta comunidades. La Zonal Xawvn Ko (encuentro de aguas) fue de las primeras en responder: \u201cPatricia Bullrich, en sus declaraciones cargadas de desprecio racial e ignorancia, construye una verdadera ensalada de conceptos errados. Desconoce conceptos b\u00e1sicos de estados modernos y evolucionados que se asumen como estados plurinacionales. Nuestra condici\u00f3n de Naci\u00f3n Mapuche est\u00e1 basada en la preexistencia milenaria que reconoce la propia Constituci\u00f3n Argentina\u201d.<\/p>\n<p>\u201cNegar esta realidad es propia de los Estados autoritarios y colonialistas que desconocen la diversidad\u201d, se\u00f1al\u00f3 la organizaci\u00f3n mapuche. Ejemplificaron con Canad\u00e1 y Bolivia, ambos Estados plurinacionales. \u201cNo depende del permiso de una funcionaria. Est\u00e1 relacionado a una existencia de miles de a\u00f1os, ante un estado moderno de solo dos siglos de existencia\u201d, afirm\u00f3. Y explic\u00f3 que la plurinacionalidad no es una propuesta separatista ni excluyente sino, por el contrario, una herramienta para la unidad en la diversidad.<\/p>\n<p>\u201cSi los mapuche no asumi\u00e9ramos nuestra nacionalidad, ser\u00edamos un pueblo sin historia y peor a\u00fan, ser\u00edamos un pueblo sin futuro\u201d, afirm\u00f3 la zonal mapuche de Neuqu\u00e9n.<\/p>\n<p>Patricia Bullrich tampoco tuvo presente la vigencia el derecho a la autodeterminaci\u00f3n ind\u00edgena, consagrado en la Declaraci\u00f3n de la Naciones Unidas sobre los Derechos de los Pueblos Ind\u00edgenas, el Convenio 169 de la OIT y fallos de la Corte Interamericana de Derechos Humanos.<\/p>\n<div id=\"attachment_508928\" class=\"wp-caption alignnone\"><img loading=\"lazy\" decoding=\"async\" aria-describedby=\"caption-attachment-508928\" class=\"size-large wp-image-508928\" src=\"https:\/\/www.pressenza.com\/wp-content\/uploads\/2017\/08\/mapuches-Negro-Rami--rez3-720x478.jpg\" alt=\"\" width=\"720\" height=\"478\" srcset=\"https:\/\/www.pressenza.com\/wp-content\/uploads\/2017\/08\/mapuches-Negro-Rami--rez3-720x478.jpg 720w, https:\/\/www.pressenza.com\/wp-content\/uploads\/2017\/08\/mapuches-Negro-Rami--rez3-300x199.jpg 300w, https:\/\/www.pressenza.com\/wp-content\/uploads\/2017\/08\/mapuches-Negro-Rami--rez3-768x510.jpg 768w, https:\/\/www.pressenza.com\/wp-content\/uploads\/2017\/08\/mapuches-Negro-Rami--rez3.jpg 1024w\" sizes=\"auto, (max-width: 720px) 100vw, 720px\" \/><p id=\"caption-attachment-508928\" class=\"wp-caption-text\">Foto Negro Ram\u00edrez<\/p><\/div>\n<h4>Renuncia<\/h4>\n<p>Comunidades mapuches de Neuqu\u00e9n y de R\u00edo Negro se autoconvocaron en Jun\u00edn de los Andes el 10 de agosto. Emitieron un largo documento, con cinco puntos principales:<\/p>\n<ul>\n<li>Exigir la aparici\u00f3n con vida de Santiago Maldonado.<\/li>\n<li>Repudiar el accionar de Gendarmer\u00eda nacional \u201cutilizada como fuerza de represi\u00f3n contra el pueblo\u201d.<\/li>\n<li>Condenar \u201cla manera artera como el poder medi\u00e1tico empresarial crea estigma, r\u00f3tulos, prejuicios y promueve el odio racial contra el pueblo naci\u00f3n mapuche\u201d.<\/li>\n<li>Exigir la renuncia de la ministra Bullrich porque \u201cdesde que asumi\u00f3 ha promovido la violencia como m\u00e9todo para resolver la demanda social y el ejercicio de derecho\u201d.<\/li>\n<li>Denunciar y responsabilizar al presidente Macri sobre las \u201cconsecuencias graves que generar\u00e1 esta persecuci\u00f3n al Pueblo Mapuche sin medir que estamos ante posibles actos irreparables de p\u00e9rdida de vidas humanas\u201d.<\/li>\n<\/ul>\n<p>Firmaron el documento las autoridades de las zonales Xawvnko, Wijice, Pewence y Lafkence de la Confederaci\u00f3n Mapuche de Neuqu\u00e9n y las autoridades de la Coordinadora del Parlamento Mapuche Chewelche en R\u00edo Negro y el Consejo de Desarrollo de Comunidades Ind\u00edgenas (Codeci).<\/p>\n<p>Anunciaron que en breve se expedir\u00e1n de forma cr\u00edtica sobre el accionar del grupo \u201cResistencia Ancestral Mapuche (RAM)\u201d, en particular sobre \u201clas metodolog\u00edas y objetivos del RAM, que no compartimos como organizaciones mapuche de la regi\u00f3n\u201d. Sin embargo, aclararon que lo prioritario es volcar todas las energ\u00edas y atenci\u00f3n a la desaparici\u00f3n de Santiago Maldonado y denunciar la \u201cviolencia racial desatada por el Estado\u201d.<\/p>\n<p>\u201cUn desaparecido por la fuerza p\u00fablica es de una gravedad inusitada y algo que cre\u00edamos que nunca m\u00e1s iba a ocurrir en el pa\u00eds. Solo el odio racial desatado contra los mapuche ha hecho posible semejante aberraci\u00f3n contra la condici\u00f3n humana\u201d, finaliz\u00f3 el posicionamiento.<\/p>\n<h4>Chubut<\/h4>\n<p>\u201cSomos lo que el genocidio del Estado dej\u00f3. Nuestras memorias nos cuentan c\u00f3mo sobrevivimos y por qu\u00e9 a\u00fan estamos vivos. Entonces, porque esto ya nos pas\u00f3, hoy estamos con la familia de Santiago, los acompa\u00f1amos y nos solidarizamos con ellos\u201d, afirmaron ocho comunidades mapuche-tehuelche de Chubut que se congregaron el 11 de agosto para analizar y expedirse sobre la situaci\u00f3n local.<\/p>\n<p>Los dos primeros puntos de su posicionamiento p\u00fablico fueron en l\u00ednea con las comunidades de Neuqu\u00e9n y R\u00edo Negro: \u201cNos solidarizamos con los familiares de Santiago Maldonado, desaparecido en un contexto de represi\u00f3n a una comunidad mapuche, y exigimos su aparici\u00f3n con vida (&#8230;) Repudiamos en\u00e9rgicamente el accionar represivo del Estado en sus distintas instancias, una vez m\u00e1s, en contra del Pueblo Mapuche, la criminalizaci\u00f3n de la protesta social y el nulo valor que la vida tiene para el Gobierno\u201d.<\/p>\n<p>Firmado por las comunidades Vuelta del R\u00edo (Cushamen), Santa Rosa Leleke (Cushamen), Lof Cayun (Lago Puelo), Lof Ca\u00f1io (Buenos Aires Chico), Lof \u00d1iripil (Buenos Aires Chico), \u00d1amkulawen Lof (Comodoro Rivadavia), Newen Mulfu\u00f1 (Pico Truncado), Calfu Nao (Trelew), recordaron que el Pueblo Mapuche-Tehuelche sufre desde hace generaciones \u201cenga\u00f1os, manipulaci\u00f3n, hostigamientos por parte del estado -y sectores privados- y las persecuciones, que forman parte de la historia de vida (ind\u00edgena)\u201d.<\/p>\n<div id=\"attachment_508937\" class=\"wp-caption alignnone\"><img loading=\"lazy\" decoding=\"async\" aria-describedby=\"caption-attachment-508937\" class=\"size-large wp-image-508937\" src=\"https:\/\/www.pressenza.com\/wp-content\/uploads\/2017\/08\/mapuches-Negro-Rami--rez2-720x478.jpg\" alt=\"\" width=\"720\" height=\"478\" srcset=\"https:\/\/www.pressenza.com\/wp-content\/uploads\/2017\/08\/mapuches-Negro-Rami--rez2-720x478.jpg 720w, https:\/\/www.pressenza.com\/wp-content\/uploads\/2017\/08\/mapuches-Negro-Rami--rez2-300x199.jpg 300w, https:\/\/www.pressenza.com\/wp-content\/uploads\/2017\/08\/mapuches-Negro-Rami--rez2-768x510.jpg 768w, https:\/\/www.pressenza.com\/wp-content\/uploads\/2017\/08\/mapuches-Negro-Rami--rez2.jpg 1024w\" sizes=\"auto, (max-width: 720px) 100vw, 720px\" \/><p id=\"caption-attachment-508937\" class=\"wp-caption-text\">Foto Negro Ram\u00edrez<\/p><\/div>\n<p>Y enmarcaron la desaparici\u00f3n de Santiago Maldonado y la represi\u00f3n actual en un contexto hist\u00f3rico: \u201cLa falta de comprensi\u00f3n de que existe una deuda hist\u00f3rica del Estado con los Pueblos Originarios que se debe reparar con di\u00e1logo, igualdad, respeto y autocr\u00edtica por parte del Estado, y no con violencia, represi\u00f3n, provocaciones y discriminaci\u00f3n (&#8230;) Tambi\u00e9n est\u00e1 presente la incapacidad y falta de voluntad que han demostrado amplios sectores de la sociedad para revisar nuestra propia historia colectiva y prefieren, en cambio, quedarse en el agravio y la descalificaci\u00f3n\u201d.<\/p>\n<p>Las ocho comunidades mapuche-tehuleche explicaron que la actual conflictividad \u201ces una prueba m\u00e1s del fracaso con el modo en que las autoridades vienen abordando la realidad que plantean las comunidades ind\u00edgenas, tambi\u00e9n es el resultado de la falta hist\u00f3rica de pol\u00edticas de acceso a la tierra y al territorio, la falta de di\u00e1logo por parte de las autoridades municipales, provinciales y nacionales\u201d.<\/p>\n<p>Tambi\u00e9n cuestionaron duramente al accionar del Instituto Nacional de Asuntos Ind\u00edgenas (INAI), el Instituto Aut\u00e1rquico de Colonizaci\u00f3n y Fomento Rural (IAC) y de la Direcci\u00f3n de Asuntos Ind\u00edgenas de la provincia de Chubut que no respetan los derechos vigentes en la Constituci\u00f3n Nacional y en los tratados internacionales de derechos humanos. \u201cSiempre estuvimos, estamos y estaremos en nuestro territorio y defenderemos una vida digna en ellos\u201d, finalizaron las comunidades mapuche-tehuelche.<\/p>\n<h4>Recuperaciones y futuro<\/h4>\n<p>El Consejo Asesor Ind\u00edgena (CAI) es una organizaci\u00f3n hist\u00f3rica del Pueblo Mapuche de R\u00edo Negro, con m\u00e1s de treinta a\u00f1os de existencia. Uno de sus ejes centrales la recuperaci\u00f3n de los territorios usurpados a las comunidades, y que hoy est\u00e1n en manos de grandes empresas o el Estado.<\/p>\n<p>\u201cLlevamos recuperadas y consolidadas m\u00e1s de 200.000 hect\u00e1reas en lo que hoy es la provincia de R\u00edo Negro. Hemos sufrido incendios, persecuciones judiciales y policiales, amenazas de muerte, acosos, allanamientos e intentos de desalojo. Pero siempre hemos mantenido los reclamos y la firmeza en nuestra lucha\u201d, resumieron.<\/p>\n<p>El CAI explic\u00f3 que siempre buscaron di\u00e1logo con el conjunto de la sociedad, con el objetivo de avanzar hacia \u201cel espacio negado que tenemos como pueblo\u201d. Pero advirti\u00f3 que \u201cse hace evidente que la pol\u00edtica represiva del Estado se intensifica y se intensificar\u00e1 en los tiempos que siguen. No queremos que la actitud del Estado y la sociedad frente a nosotros sea de represi\u00f3n, discriminaci\u00f3n y racismo\u201d.<\/p>\n<p>El CAI, al igual que todos los posicionamientos ind\u00edgenas se expidieron el \u00faltimo mes, cuestion\u00f3 al gobierno de Mauricio Macri, exigi\u00f3 que se cumplan sus derechos y reclam\u00f3 la aparici\u00f3n con vida de Santiago Maldonado.<\/p>\n<p>Todos los comunidades del Pueblo Mapuche finalizan de la misma manera, y quiz\u00e1 explica por qu\u00e9 alteran tanto al poder de turno: \u00a1Marichi weu! \u00a1Marichi weu! \u00a1Marichi weu! (grito de lucha y esperanza que significa \u201cdiez veces venceremos\u201d).<\/p>\n<div id=\"attachment_508919\" class=\"wp-caption alignnone\"><img loading=\"lazy\" decoding=\"async\" aria-describedby=\"caption-attachment-508919\" class=\"size-large wp-image-508919\" src=\"https:\/\/www.pressenza.com\/wp-content\/uploads\/2017\/08\/mapuches-Negro-Rami--rez4-720x480.jpg\" alt=\"\" width=\"720\" height=\"480\" srcset=\"https:\/\/www.pressenza.com\/wp-content\/uploads\/2017\/08\/mapuches-Negro-Rami--rez4-720x480.jpg 720w, https:\/\/www.pressenza.com\/wp-content\/uploads\/2017\/08\/mapuches-Negro-Rami--rez4-300x200.jpg 300w, https:\/\/www.pressenza.com\/wp-content\/uploads\/2017\/08\/mapuches-Negro-Rami--rez4-768x512.jpg 768w, https:\/\/www.pressenza.com\/wp-content\/uploads\/2017\/08\/mapuches-Negro-Rami--rez4.jpg 1024w\" sizes=\"auto, (max-width: 720px) 100vw, 720px\" \/><p id=\"caption-attachment-508919\" class=\"wp-caption-text\">Foto Negro Ram\u00edrez<\/p><\/div>\n","protected":false},"excerpt":{"rendered":"<p>Por Dar\u00edo Aranda Cientos de comunidades mapuches de tres provincias repudiaron el accionar represivo del Gobierno y exigieron la aparici\u00f3n con vida de Santiago Maldonado. El genocidio de los pueblos ind\u00edgenas y la disputa actual por los territorios. \u201cPuelmapu\u201d es&hellip;<\/p>\n","protected":false},"author":1210,"featured_media":508910,"comment_status":"closed","ping_status":"closed","sticky":false,"template":"","format":"standard","meta":{"footnotes":""},"categories":[161,80,67],"tags":[26,30730,13589,22317,5323,26584,936,18997,22210,30128,18507],"class_list":["post-508909","post","type-post","status-publish","format-standard","has-post-thumbnail","hentry","category-opiniones","category-pueblos-originarios","category-sudamerica","tag-argentina","tag-bullrich","tag-chubut","tag-inai","tag-indigenas","tag-mapuce","tag-mapuche-es","tag-neuquen","tag-pueblos-originarios","tag-rio-negro","tag-territorios"],"yoast_head":"<!-- This site is optimized with the Yoast SEO plugin v27.1.1 - https:\/\/yoast.com\/product\/yoast-seo-wordpress\/ -->\n<title>\u00a1Marichi weu! El Pueblo Mapuche de pie frente al Gobierno<\/title>\n<meta name=\"description\" content=\"Por Dar\u00edo Aranda Cientos de comunidades mapuches de tres provincias repudiaron el accionar represivo del Gobierno y exigieron la aparici\u00f3n con vida de\" \/>\n<meta name=\"robots\" content=\"index, follow, max-snippet:-1, max-image-preview:large, max-video-preview:-1\" \/>\n<link rel=\"canonical\" href=\"https:\/\/www.pressenza.com\/es\/2017\/08\/marichi-weu-pueblo-mapuche-pie-frente-al-gobierno\/\" \/>\n<meta property=\"og:locale\" content=\"es_ES\" \/>\n<meta property=\"og:type\" content=\"article\" \/>\n<meta property=\"og:title\" content=\"\u00a1Marichi weu! El Pueblo Mapuche de pie frente al Gobierno\" \/>\n<meta property=\"og:description\" content=\"Por Dar\u00edo Aranda Cientos de comunidades mapuches de tres provincias repudiaron el accionar represivo del Gobierno y exigieron la aparici\u00f3n con vida de\" \/>\n<meta property=\"og:url\" content=\"https:\/\/www.pressenza.com\/es\/2017\/08\/marichi-weu-pueblo-mapuche-pie-frente-al-gobierno\/\" \/>\n<meta property=\"og:site_name\" content=\"Pressenza\" \/>\n<meta property=\"article:publisher\" content=\"https:\/\/www.facebook.com\/PressenzaItalia\" \/>\n<meta property=\"article:published_time\" content=\"2017-08-26T21:49:03+00:00\" \/>\n<meta property=\"og:image\" content=\"https:\/\/www.pressenza.com\/wp-content\/uploads\/2017\/08\/mapuches-Negro-Rami--rez5.jpg\" \/>\n\t<meta property=\"og:image:width\" content=\"1024\" \/>\n\t<meta property=\"og:image:height\" content=\"680\" \/>\n\t<meta property=\"og:image:type\" content=\"image\/jpeg\" \/>\n<meta name=\"author\" content=\"Dar\u00edo Aranda\" \/>\n<meta name=\"twitter:card\" content=\"summary_large_image\" \/>\n<meta name=\"twitter:creator\" content=\"@PressenzaIPA\" \/>\n<meta name=\"twitter:site\" content=\"@PressenzaIPA\" \/>\n<meta name=\"twitter:label1\" content=\"Escrito por\" \/>\n\t<meta name=\"twitter:data1\" content=\"Dar\u00edo Aranda\" \/>\n\t<meta name=\"twitter:label2\" content=\"Tiempo de lectura\" \/>\n\t<meta name=\"twitter:data2\" content=\"11 minutos\" \/>\n<script type=\"application\/ld+json\" class=\"yoast-schema-graph\">{\"@context\":\"https:\/\/schema.org\",\"@graph\":[{\"@type\":\"Article\",\"@id\":\"https:\/\/www.pressenza.com\/es\/2017\/08\/marichi-weu-pueblo-mapuche-pie-frente-al-gobierno\/#article\",\"isPartOf\":{\"@id\":\"https:\/\/www.pressenza.com\/es\/2017\/08\/marichi-weu-pueblo-mapuche-pie-frente-al-gobierno\/\"},\"author\":{\"name\":\"Dar\u00edo Aranda\",\"@id\":\"https:\/\/www.pressenza.com\/es\/#\/schema\/person\/0e60cd529ef3ecd836a42735fa83478b\"},\"headline\":\"\u00a1Marichi weu! El Pueblo Mapuche de pie frente al Gobierno\",\"datePublished\":\"2017-08-26T21:49:03+00:00\",\"mainEntityOfPage\":{\"@id\":\"https:\/\/www.pressenza.com\/es\/2017\/08\/marichi-weu-pueblo-mapuche-pie-frente-al-gobierno\/\"},\"wordCount\":2204,\"publisher\":{\"@id\":\"https:\/\/www.pressenza.com\/es\/#organization\"},\"image\":{\"@id\":\"https:\/\/www.pressenza.com\/es\/2017\/08\/marichi-weu-pueblo-mapuche-pie-frente-al-gobierno\/#primaryimage\"},\"thumbnailUrl\":\"https:\/\/www.pressenza.com\/wp-content\/uploads\/2017\/08\/mapuches-Negro-Rami--rez5.jpg\",\"keywords\":[\"Argentina\",\"Bullrich\",\"Chubut\",\"INAI\",\"indigenas\",\"mapuce\",\"mapuche\",\"Neuqu\u00e9n\",\"Pueblos Originarios\",\"R\u00edo Negro\",\"territorios\"],\"articleSection\":[\"Opiniones\",\"Pueblos Originarios\",\"Sudam\u00e9rica\"],\"inLanguage\":\"es\"},{\"@type\":\"WebPage\",\"@id\":\"https:\/\/www.pressenza.com\/es\/2017\/08\/marichi-weu-pueblo-mapuche-pie-frente-al-gobierno\/\",\"url\":\"https:\/\/www.pressenza.com\/es\/2017\/08\/marichi-weu-pueblo-mapuche-pie-frente-al-gobierno\/\",\"name\":\"\u00a1Marichi weu! El Pueblo Mapuche de pie frente al Gobierno\",\"isPartOf\":{\"@id\":\"https:\/\/www.pressenza.com\/es\/#website\"},\"primaryImageOfPage\":{\"@id\":\"https:\/\/www.pressenza.com\/es\/2017\/08\/marichi-weu-pueblo-mapuche-pie-frente-al-gobierno\/#primaryimage\"},\"image\":{\"@id\":\"https:\/\/www.pressenza.com\/es\/2017\/08\/marichi-weu-pueblo-mapuche-pie-frente-al-gobierno\/#primaryimage\"},\"thumbnailUrl\":\"https:\/\/www.pressenza.com\/wp-content\/uploads\/2017\/08\/mapuches-Negro-Rami--rez5.jpg\",\"datePublished\":\"2017-08-26T21:49:03+00:00\",\"description\":\"Por Dar\u00edo Aranda Cientos de comunidades mapuches de tres provincias repudiaron el accionar represivo del Gobierno y exigieron la aparici\u00f3n con vida de\",\"breadcrumb\":{\"@id\":\"https:\/\/www.pressenza.com\/es\/2017\/08\/marichi-weu-pueblo-mapuche-pie-frente-al-gobierno\/#breadcrumb\"},\"inLanguage\":\"es\",\"potentialAction\":[{\"@type\":\"ReadAction\",\"target\":[\"https:\/\/www.pressenza.com\/es\/2017\/08\/marichi-weu-pueblo-mapuche-pie-frente-al-gobierno\/\"]}]},{\"@type\":\"ImageObject\",\"inLanguage\":\"es\",\"@id\":\"https:\/\/www.pressenza.com\/es\/2017\/08\/marichi-weu-pueblo-mapuche-pie-frente-al-gobierno\/#primaryimage\",\"url\":\"https:\/\/www.pressenza.com\/wp-content\/uploads\/2017\/08\/mapuches-Negro-Rami--rez5.jpg\",\"contentUrl\":\"https:\/\/www.pressenza.com\/wp-content\/uploads\/2017\/08\/mapuches-Negro-Rami--rez5.jpg\",\"width\":1024,\"height\":680},{\"@type\":\"BreadcrumbList\",\"@id\":\"https:\/\/www.pressenza.com\/es\/2017\/08\/marichi-weu-pueblo-mapuche-pie-frente-al-gobierno\/#breadcrumb\",\"itemListElement\":[{\"@type\":\"ListItem\",\"position\":1,\"name\":\"Accueil\",\"item\":\"https:\/\/www.pressenza.com\/es\/\"},{\"@type\":\"ListItem\",\"position\":2,\"name\":\"\u00a1Marichi weu! El Pueblo Mapuche de pie frente al Gobierno\"}]},{\"@type\":\"WebSite\",\"@id\":\"https:\/\/www.pressenza.com\/es\/#website\",\"url\":\"https:\/\/www.pressenza.com\/es\/\",\"name\":\"Pressenza\",\"description\":\"International Press Agency\",\"publisher\":{\"@id\":\"https:\/\/www.pressenza.com\/es\/#organization\"},\"potentialAction\":[{\"@type\":\"SearchAction\",\"target\":{\"@type\":\"EntryPoint\",\"urlTemplate\":\"https:\/\/www.pressenza.com\/es\/?s={search_term_string}\"},\"query-input\":{\"@type\":\"PropertyValueSpecification\",\"valueRequired\":true,\"valueName\":\"search_term_string\"}}],\"inLanguage\":\"es\"},{\"@type\":\"Organization\",\"@id\":\"https:\/\/www.pressenza.com\/es\/#organization\",\"name\":\"Pressenza\",\"url\":\"https:\/\/www.pressenza.com\/es\/\",\"logo\":{\"@type\":\"ImageObject\",\"inLanguage\":\"es\",\"@id\":\"https:\/\/www.pressenza.com\/es\/#\/schema\/logo\/image\/\",\"url\":\"https:\/\/www.pressenza.com\/wp-content\/uploads\/2022\/10\/pressenza_logo_200x200.jpg\",\"contentUrl\":\"https:\/\/www.pressenza.com\/wp-content\/uploads\/2022\/10\/pressenza_logo_200x200.jpg\",\"width\":200,\"height\":200,\"caption\":\"Pressenza\"},\"image\":{\"@id\":\"https:\/\/www.pressenza.com\/es\/#\/schema\/logo\/image\/\"},\"sameAs\":[\"https:\/\/www.facebook.com\/PressenzaItalia\",\"https:\/\/x.com\/PressenzaIPA\"]},{\"@type\":\"Person\",\"@id\":\"https:\/\/www.pressenza.com\/es\/#\/schema\/person\/0e60cd529ef3ecd836a42735fa83478b\",\"name\":\"Dar\u00edo Aranda\",\"description\":\"Dar\u00edo Aranda (argentino, 1977) es periodista. Especializado en extractivismo (petr\u00f3leo, miner\u00eda, agronegocios y forestales), escribe sobre el acontecer de los pueblos ind\u00edgenas, organizaciones campesinas y asambleas socioambientales. www.darioaranda.com.ar\",\"url\":\"https:\/\/www.pressenza.com\/es\/author\/dario-aranda\/\"}]}<\/script>\n<!-- \/ Yoast SEO plugin. -->","yoast_head_json":{"title":"\u00a1Marichi weu! El Pueblo Mapuche de pie frente al Gobierno","description":"Por Dar\u00edo Aranda Cientos de comunidades mapuches de tres provincias repudiaron el accionar represivo del Gobierno y exigieron la aparici\u00f3n con vida de","robots":{"index":"index","follow":"follow","max-snippet":"max-snippet:-1","max-image-preview":"max-image-preview:large","max-video-preview":"max-video-preview:-1"},"canonical":"https:\/\/www.pressenza.com\/es\/2017\/08\/marichi-weu-pueblo-mapuche-pie-frente-al-gobierno\/","og_locale":"es_ES","og_type":"article","og_title":"\u00a1Marichi weu! El Pueblo Mapuche de pie frente al Gobierno","og_description":"Por Dar\u00edo Aranda Cientos de comunidades mapuches de tres provincias repudiaron el accionar represivo del Gobierno y exigieron la aparici\u00f3n con vida de","og_url":"https:\/\/www.pressenza.com\/es\/2017\/08\/marichi-weu-pueblo-mapuche-pie-frente-al-gobierno\/","og_site_name":"Pressenza","article_publisher":"https:\/\/www.facebook.com\/PressenzaItalia","article_published_time":"2017-08-26T21:49:03+00:00","og_image":[{"width":1024,"height":680,"url":"https:\/\/www.pressenza.com\/wp-content\/uploads\/2017\/08\/mapuches-Negro-Rami--rez5.jpg","type":"image\/jpeg"}],"author":"Dar\u00edo Aranda","twitter_card":"summary_large_image","twitter_creator":"@PressenzaIPA","twitter_site":"@PressenzaIPA","twitter_misc":{"Escrito por":"Dar\u00edo Aranda","Tiempo de lectura":"11 minutos"},"schema":{"@context":"https:\/\/schema.org","@graph":[{"@type":"Article","@id":"https:\/\/www.pressenza.com\/es\/2017\/08\/marichi-weu-pueblo-mapuche-pie-frente-al-gobierno\/#article","isPartOf":{"@id":"https:\/\/www.pressenza.com\/es\/2017\/08\/marichi-weu-pueblo-mapuche-pie-frente-al-gobierno\/"},"author":{"name":"Dar\u00edo Aranda","@id":"https:\/\/www.pressenza.com\/es\/#\/schema\/person\/0e60cd529ef3ecd836a42735fa83478b"},"headline":"\u00a1Marichi weu! El Pueblo Mapuche de pie frente al Gobierno","datePublished":"2017-08-26T21:49:03+00:00","mainEntityOfPage":{"@id":"https:\/\/www.pressenza.com\/es\/2017\/08\/marichi-weu-pueblo-mapuche-pie-frente-al-gobierno\/"},"wordCount":2204,"publisher":{"@id":"https:\/\/www.pressenza.com\/es\/#organization"},"image":{"@id":"https:\/\/www.pressenza.com\/es\/2017\/08\/marichi-weu-pueblo-mapuche-pie-frente-al-gobierno\/#primaryimage"},"thumbnailUrl":"https:\/\/www.pressenza.com\/wp-content\/uploads\/2017\/08\/mapuches-Negro-Rami--rez5.jpg","keywords":["Argentina","Bullrich","Chubut","INAI","indigenas","mapuce","mapuche","Neuqu\u00e9n","Pueblos Originarios","R\u00edo Negro","territorios"],"articleSection":["Opiniones","Pueblos Originarios","Sudam\u00e9rica"],"inLanguage":"es"},{"@type":"WebPage","@id":"https:\/\/www.pressenza.com\/es\/2017\/08\/marichi-weu-pueblo-mapuche-pie-frente-al-gobierno\/","url":"https:\/\/www.pressenza.com\/es\/2017\/08\/marichi-weu-pueblo-mapuche-pie-frente-al-gobierno\/","name":"\u00a1Marichi weu! El Pueblo Mapuche de pie frente al Gobierno","isPartOf":{"@id":"https:\/\/www.pressenza.com\/es\/#website"},"primaryImageOfPage":{"@id":"https:\/\/www.pressenza.com\/es\/2017\/08\/marichi-weu-pueblo-mapuche-pie-frente-al-gobierno\/#primaryimage"},"image":{"@id":"https:\/\/www.pressenza.com\/es\/2017\/08\/marichi-weu-pueblo-mapuche-pie-frente-al-gobierno\/#primaryimage"},"thumbnailUrl":"https:\/\/www.pressenza.com\/wp-content\/uploads\/2017\/08\/mapuches-Negro-Rami--rez5.jpg","datePublished":"2017-08-26T21:49:03+00:00","description":"Por Dar\u00edo Aranda Cientos de comunidades mapuches de tres provincias repudiaron el accionar represivo del Gobierno y exigieron la aparici\u00f3n con vida de","breadcrumb":{"@id":"https:\/\/www.pressenza.com\/es\/2017\/08\/marichi-weu-pueblo-mapuche-pie-frente-al-gobierno\/#breadcrumb"},"inLanguage":"es","potentialAction":[{"@type":"ReadAction","target":["https:\/\/www.pressenza.com\/es\/2017\/08\/marichi-weu-pueblo-mapuche-pie-frente-al-gobierno\/"]}]},{"@type":"ImageObject","inLanguage":"es","@id":"https:\/\/www.pressenza.com\/es\/2017\/08\/marichi-weu-pueblo-mapuche-pie-frente-al-gobierno\/#primaryimage","url":"https:\/\/www.pressenza.com\/wp-content\/uploads\/2017\/08\/mapuches-Negro-Rami--rez5.jpg","contentUrl":"https:\/\/www.pressenza.com\/wp-content\/uploads\/2017\/08\/mapuches-Negro-Rami--rez5.jpg","width":1024,"height":680},{"@type":"BreadcrumbList","@id":"https:\/\/www.pressenza.com\/es\/2017\/08\/marichi-weu-pueblo-mapuche-pie-frente-al-gobierno\/#breadcrumb","itemListElement":[{"@type":"ListItem","position":1,"name":"Accueil","item":"https:\/\/www.pressenza.com\/es\/"},{"@type":"ListItem","position":2,"name":"\u00a1Marichi weu! El Pueblo Mapuche de pie frente al Gobierno"}]},{"@type":"WebSite","@id":"https:\/\/www.pressenza.com\/es\/#website","url":"https:\/\/www.pressenza.com\/es\/","name":"Pressenza","description":"International Press Agency","publisher":{"@id":"https:\/\/www.pressenza.com\/es\/#organization"},"potentialAction":[{"@type":"SearchAction","target":{"@type":"EntryPoint","urlTemplate":"https:\/\/www.pressenza.com\/es\/?s={search_term_string}"},"query-input":{"@type":"PropertyValueSpecification","valueRequired":true,"valueName":"search_term_string"}}],"inLanguage":"es"},{"@type":"Organization","@id":"https:\/\/www.pressenza.com\/es\/#organization","name":"Pressenza","url":"https:\/\/www.pressenza.com\/es\/","logo":{"@type":"ImageObject","inLanguage":"es","@id":"https:\/\/www.pressenza.com\/es\/#\/schema\/logo\/image\/","url":"https:\/\/www.pressenza.com\/wp-content\/uploads\/2022\/10\/pressenza_logo_200x200.jpg","contentUrl":"https:\/\/www.pressenza.com\/wp-content\/uploads\/2022\/10\/pressenza_logo_200x200.jpg","width":200,"height":200,"caption":"Pressenza"},"image":{"@id":"https:\/\/www.pressenza.com\/es\/#\/schema\/logo\/image\/"},"sameAs":["https:\/\/www.facebook.com\/PressenzaItalia","https:\/\/x.com\/PressenzaIPA"]},{"@type":"Person","@id":"https:\/\/www.pressenza.com\/es\/#\/schema\/person\/0e60cd529ef3ecd836a42735fa83478b","name":"Dar\u00edo Aranda","description":"Dar\u00edo Aranda (argentino, 1977) es periodista. Especializado en extractivismo (petr\u00f3leo, miner\u00eda, agronegocios y forestales), escribe sobre el acontecer de los pueblos ind\u00edgenas, organizaciones campesinas y asambleas socioambientales. www.darioaranda.com.ar","url":"https:\/\/www.pressenza.com\/es\/author\/dario-aranda\/"}]}},"place":"Argentina","original_article_url":"http:\/\/www.laizquierdadiario.com\/Marichi-weu-El-Pueblo-Mapuche-de-pie-frente-al-Gobierno?#","_links":{"self":[{"href":"https:\/\/www.pressenza.com\/es\/wp-json\/wp\/v2\/posts\/508909","targetHints":{"allow":["GET"]}}],"collection":[{"href":"https:\/\/www.pressenza.com\/es\/wp-json\/wp\/v2\/posts"}],"about":[{"href":"https:\/\/www.pressenza.com\/es\/wp-json\/wp\/v2\/types\/post"}],"author":[{"embeddable":true,"href":"https:\/\/www.pressenza.com\/es\/wp-json\/wp\/v2\/users\/1210"}],"replies":[{"embeddable":true,"href":"https:\/\/www.pressenza.com\/es\/wp-json\/wp\/v2\/comments?post=508909"}],"version-history":[{"count":0,"href":"https:\/\/www.pressenza.com\/es\/wp-json\/wp\/v2\/posts\/508909\/revisions"}],"wp:featuredmedia":[{"embeddable":true,"href":"https:\/\/www.pressenza.com\/es\/wp-json\/wp\/v2\/media\/508910"}],"wp:attachment":[{"href":"https:\/\/www.pressenza.com\/es\/wp-json\/wp\/v2\/media?parent=508909"}],"wp:term":[{"taxonomy":"category","embeddable":true,"href":"https:\/\/www.pressenza.com\/es\/wp-json\/wp\/v2\/categories?post=508909"},{"taxonomy":"post_tag","embeddable":true,"href":"https:\/\/www.pressenza.com\/es\/wp-json\/wp\/v2\/tags?post=508909"}],"curies":[{"name":"wp","href":"https:\/\/api.w.org\/{rel}","templated":true}]}}