{"id":508187,"date":"2017-08-24T22:27:43","date_gmt":"2017-08-24T21:27:43","guid":{"rendered":"https:\/\/www.pressenza.com\/?p=508187\/"},"modified":"2017-08-24T22:47:01","modified_gmt":"2017-08-24T21:47:01","slug":"arizona-charlottesville-la-pesadilla-trumpista-del-odio-racial","status":"publish","type":"post","link":"https:\/\/www.pressenza.com\/es\/2017\/08\/arizona-charlottesville-la-pesadilla-trumpista-del-odio-racial\/","title":{"rendered":"Arizona y Charlottesville, o la pesadilla \u201ctrumpista\u201d del odio racial"},"content":{"rendered":"<p><span lang=\"es-419\">Por Patricio Zamorano<\/span><\/p>\n<p><span lang=\"es-419\">El asesinato en frente de las c\u00e1maras de Heather Heyer fue triple. Primero, un supremacista blanco cuya foto de prisionero pareci\u00f3 diluirse en dos ojos taciturnos y tristes, la arroll\u00f3 junto a 19 almas en la callecita Cuarta de un pueblito simple pero intelectual de Virginia, Charlottesville. La callecita es empinada, y amplific\u00f3 la fuerza del monstruo James Fields, cuando embisti\u00f3 a un grupo de manifestantes pac\u00edficos con su Dodge musculoso. El silencio era eterno cuando camin\u00e9 lentamente junto a decenas de personas que se quedaban como en transe doloroso ante la enorme cantidad de flores y mensajes de cari\u00f1o en honor al alma de Heather, 32 a\u00f1os, t\u00e9cnica en abogac\u00eda, activa en el tema de los derechos civiles.<\/span><\/p>\n<p>El segundo asesinato lleg\u00f3 el mismo s\u00e1bado 12 de agosto, cuando el presidente Donald Trump intent\u00f3 un mensaje anodino, ambiguo, a medias justificando la violencia racial que trajeron cientos de supremacistas blancos a este pueblito universitario, la \u00fanica mancha progresista en el ex estado esclavista de Virginia, que decidi\u00f3 encender los demonios de los afiebrados nazis de la zona y pretender eliminar la escultura en honor al derrotado general Lee, cuyo fracaso militar liber\u00f3 a millones de negros que se pudr\u00edan en esclavitud.<\/p>\n<p>El tercer asesinato lleg\u00f3 el martes 15 de agosto. Repudiando sus propias palabras de benevolencia forzada hechas el lunes 14, donde condenaba al Klu Klux Klan, a los supremacistas blancos y nazistas, pas\u00f3 Donald Trump a expresar sus verdaderos sentimientos: defendi\u00f3 a la extrema derecha, la famosa \u201calt-right\u201d, criminaliz\u00f3 a las 20 v\u00edctimas de la violencia racial pr\u00e1cticamente acus\u00e1ndolos de provocar sus propias heridas, y defendi\u00f3 la figura de bronce del viejo Lee, invitando indirectamente a derribar las esculturas a George Washington (\u00bfcomo ser\u00eda la escena de miles de picotas echando abajo el obelisco gigante en honor al padre de este pa\u00eds, ah\u00ed en el coraz\u00f3n de la capital de EEUU?) y las im\u00e1genes de Jefferson pues \u201cellos tambi\u00e9n eran esclavistas\u201d. Lo que es cierto, pero bajo el absurdo \u201ctrumpiano\u201d, el mandatario-empresario conect\u00f3 a dos \u00e9pocas disimiles en una cachetada ignorante de la historia, como es su costumbre. No le bast\u00f3, en ese sentido, a Trump con validar la esclavitud y validar la violencia racial de la supremac\u00eda blanca. En su alocuci\u00f3n rabiosa de ese martes 15, donde ofendi\u00f3 a los periodistas y mostr\u00f3 su ira contra los estudiantes atacados en las calles de Charlottesville, no dijo ni una palabra de condena contra los gritos antisemitas de quienes blandieron antorchas en la Universidad de Virginia. Esas antorchas son el s\u00edmbolo horrible de los a\u00f1os 50 cuando en la c\u00faspide del movimiento de apoyo a los derechos civiles, hordas de blancos fan\u00e1ticos corr\u00edan por las calles del sur estadounidense quemando casas e iglesias, con sus feligreses adentro, de la\u00a0comunidad afroestadounidense.<\/p>\n<p><span lang=\"es-419\">Todos los sectores, incluido su propio Partido Republicano y los empresarios de las mega-compa\u00f1\u00edas m\u00e1s importantes de EEUU, expresaron su impacto por las palabras de un hombre de negocios que, con esta aventura en la pol\u00edtica y a una velocidad febril de esc\u00e1ndalo tras esc\u00e1ndalo, est\u00e1 creando su propia sepultura simb\u00f3lica en la historia de este pa\u00eds. Ning\u00fan presidente en su sano juicio llenar\u00eda de odio declaraciones que se refirieran a la muerte de una mujer inocente ante un desalmado que cobardemente arroj\u00f3 el metal de su auto contra una muchedumbre an\u00f3nima. Hay acuerdo mayoritario en EEUU en cuanto a que Trump ha provocado un quiebre moral profundo en su presidencia, y a nivel personal, que nunca ser\u00e1 olvidado.<\/span><\/p>\n<p>Trump ha continuado golpeando dur\u00edsimo el recuerdo de Heather Heyer. Con su discurso afiebrado de esta semana en Arizona, nuevamente rode\u00f3 su asesinato con decenas de minutos irascibles contra la prensa, en mensajes populistas dirigidos exclusivamente a sus apoyadores, en largas diatribas intentando explicar ca\u00f3ticamente y con altaner\u00eda qu\u00e9 dijo, c\u00f3mo lo dijo, qu\u00e9 quiso realmente decir. Pero apenas nombr\u00f3 a Heather Heyer una vez en Arizona, y no para homenajearla directamente, sino que para atacar a los cr\u00edticos que han se\u00f1alado justamente su falta de deferencia hacia su figura en la mayor\u00eda de sus declaraciones de prensa y de Twitter. No la arrull\u00f3 bajo el manto presidencial, como incluso el m\u00e1s conservador de la historia de los presidentes de Estados Unidos hubiera hecho. La madre de Heather ha respondido con altura moral, dolida por la forma en que se ha comportado Trump, y aclar\u00f3 que no responder\u00e1 las llamadas del mandatario.<\/p>\n<p><span lang=\"es-419\">Porque Trump no vino al funeral (despu\u00e9s de todo lo protagonizado por su labia, la verdad ya se hizo imposible su presencia), no quiso ver cara a cara los ojos dulces de Heather que miran alegres en este momento frente a m\u00ed en la calle 4 del pueblito de Charlottesville, con una frescura amable que invita a decirle \u00bfc\u00f3mo est\u00e1s Heather? \u00bfC\u00f3mo te sientes? Sus fotos a plena sonrisa, que se reparten en el suelo, rodeadas de flores, sobre el mismo pavimento que vio el horror hace solo unos d\u00edas, cuando el demonio blanco que obnubil\u00f3 la mente de Jason Fields decidi\u00f3 en un espasmo de locura y de odio racial magullar a su auto musculoso, su s\u00edmbolo de macho de gran caballada de fuerza, y lanzarlo en picada criminal contra quienes consideraba sus enemigos sin alma, sin cuerpo, sin historia, sin sangre ni coraz\u00f3n latiendo. Que crujan los cuerpos, los brazos y piernas, de negros, blancos, mujeres y hombres, da lo mismo. <\/span><\/p>\n<p><span lang=\"es-419\">Con la forma deleznable e inmoral con que se ha comportado Donald Trump en estos d\u00edas febriles, el presidente de Estados Unidos, el comandante en jefe del ej\u00e9rcito m\u00e1s poderoso del mundo, parece empeque\u00f1ecido, sentado en el asiento del pasajero del joven Jason, aprob\u00e1ndolo con su silencio y una media sonrisa, mientras el neo-nazi, hu\u00e9rfano de Hitler y sus ideas fratricidas, aprieta los dientes y presiona a fondo el acelerador de la muerte\u2026<br \/>\n<\/span><\/p>\n","protected":false},"excerpt":{"rendered":"<p>Por Patricio Zamorano El asesinato en frente de las c\u00e1maras de Heather Heyer fue triple. Primero, un supremacista blanco cuya foto de prisionero pareci\u00f3 diluirse en dos ojos taciturnos y tristes, la arroll\u00f3 junto a 19 almas en la callecita&hellip;<\/p>\n","protected":false},"author":1332,"featured_media":508188,"comment_status":"closed","ping_status":"closed","sticky":false,"template":"","format":"standard","meta":{"footnotes":""},"categories":[11389,1241,68,161],"tags":[6269,39497,39718,39719,4107],"class_list":["post-508187","post","type-post","status-publish","format-standard","has-post-thumbnail","hentry","category-contenido-original","category-diversidad","category-norteamerica","category-opiniones","tag-arizona","tag-charlottesville","tag-klu-klux-klan","tag-supremacistas-blancos","tag-violencia-racial"],"yoast_head":"<!-- This site is optimized with the Yoast SEO plugin v27.1.1 - https:\/\/yoast.com\/product\/yoast-seo-wordpress\/ -->\n<title>Arizona y Charlottesville, o la pesadilla \u201ctrumpista\u201d del odio racial<\/title>\n<meta name=\"description\" content=\"Por Patricio Zamorano El asesinato en frente de las c\u00e1maras de Heather Heyer fue triple. Primero, un supremacista blanco cuya foto de prisionero pareci\u00f3\" \/>\n<meta name=\"robots\" content=\"index, follow, max-snippet:-1, max-image-preview:large, max-video-preview:-1\" \/>\n<link rel=\"canonical\" href=\"https:\/\/www.pressenza.com\/es\/2017\/08\/arizona-charlottesville-la-pesadilla-trumpista-del-odio-racial\/\" \/>\n<meta property=\"og:locale\" content=\"es_ES\" \/>\n<meta property=\"og:type\" content=\"article\" \/>\n<meta property=\"og:title\" content=\"Arizona y Charlottesville, o la pesadilla \u201ctrumpista\u201d del odio racial\" \/>\n<meta property=\"og:description\" content=\"Por Patricio Zamorano El asesinato en frente de las c\u00e1maras de Heather Heyer fue triple. Primero, un supremacista blanco cuya foto de prisionero pareci\u00f3\" \/>\n<meta property=\"og:url\" content=\"https:\/\/www.pressenza.com\/es\/2017\/08\/arizona-charlottesville-la-pesadilla-trumpista-del-odio-racial\/\" \/>\n<meta property=\"og:site_name\" content=\"Pressenza\" \/>\n<meta property=\"article:publisher\" content=\"https:\/\/www.facebook.com\/PressenzaItalia\" \/>\n<meta property=\"article:published_time\" content=\"2017-08-24T21:27:43+00:00\" \/>\n<meta property=\"article:modified_time\" content=\"2017-08-24T21:47:01+00:00\" \/>\n<meta property=\"og:image\" content=\"https:\/\/www.pressenza.com\/wp-content\/uploads\/2017\/08\/Char.jpg\" \/>\n\t<meta property=\"og:image:width\" content=\"1280\" \/>\n\t<meta property=\"og:image:height\" content=\"720\" \/>\n\t<meta property=\"og:image:type\" content=\"image\/jpeg\" \/>\n<meta name=\"author\" content=\"InfoAm\u00e9ricas\" \/>\n<meta name=\"twitter:card\" content=\"summary_large_image\" \/>\n<meta name=\"twitter:creator\" content=\"@PressenzaIPA\" \/>\n<meta name=\"twitter:site\" content=\"@PressenzaIPA\" \/>\n<meta name=\"twitter:label1\" content=\"Escrito por\" \/>\n\t<meta name=\"twitter:data1\" content=\"InfoAm\u00e9ricas\" \/>\n\t<meta name=\"twitter:label2\" content=\"Tiempo de lectura\" \/>\n\t<meta name=\"twitter:data2\" content=\"5 minutos\" \/>\n<script type=\"application\/ld+json\" class=\"yoast-schema-graph\">{\"@context\":\"https:\/\/schema.org\",\"@graph\":[{\"@type\":\"Article\",\"@id\":\"https:\/\/www.pressenza.com\/es\/2017\/08\/arizona-charlottesville-la-pesadilla-trumpista-del-odio-racial\/#article\",\"isPartOf\":{\"@id\":\"https:\/\/www.pressenza.com\/es\/2017\/08\/arizona-charlottesville-la-pesadilla-trumpista-del-odio-racial\/\"},\"author\":{\"name\":\"InfoAm\u00e9ricas\",\"@id\":\"https:\/\/www.pressenza.com\/es\/#\/schema\/person\/a4bfc7351a7c839b272f81a4373d3b89\"},\"headline\":\"Arizona y Charlottesville, o la pesadilla \u201ctrumpista\u201d del odio racial\",\"datePublished\":\"2017-08-24T21:27:43+00:00\",\"dateModified\":\"2017-08-24T21:47:01+00:00\",\"mainEntityOfPage\":{\"@id\":\"https:\/\/www.pressenza.com\/es\/2017\/08\/arizona-charlottesville-la-pesadilla-trumpista-del-odio-racial\/\"},\"wordCount\":1027,\"publisher\":{\"@id\":\"https:\/\/www.pressenza.com\/es\/#organization\"},\"image\":{\"@id\":\"https:\/\/www.pressenza.com\/es\/2017\/08\/arizona-charlottesville-la-pesadilla-trumpista-del-odio-racial\/#primaryimage\"},\"thumbnailUrl\":\"https:\/\/www.pressenza.com\/wp-content\/uploads\/2017\/08\/Char.jpg\",\"keywords\":[\"Arizona\",\"Charlottesville\",\"Klu Klux Klan\",\"supremacistas blancos\",\"Violencia racial\"],\"articleSection\":[\"Contenido Original\",\"Diversidad\",\"Norteam\u00e9rica\",\"Opiniones\"],\"inLanguage\":\"es\"},{\"@type\":\"WebPage\",\"@id\":\"https:\/\/www.pressenza.com\/es\/2017\/08\/arizona-charlottesville-la-pesadilla-trumpista-del-odio-racial\/\",\"url\":\"https:\/\/www.pressenza.com\/es\/2017\/08\/arizona-charlottesville-la-pesadilla-trumpista-del-odio-racial\/\",\"name\":\"Arizona y Charlottesville, o la pesadilla \u201ctrumpista\u201d del odio racial\",\"isPartOf\":{\"@id\":\"https:\/\/www.pressenza.com\/es\/#website\"},\"primaryImageOfPage\":{\"@id\":\"https:\/\/www.pressenza.com\/es\/2017\/08\/arizona-charlottesville-la-pesadilla-trumpista-del-odio-racial\/#primaryimage\"},\"image\":{\"@id\":\"https:\/\/www.pressenza.com\/es\/2017\/08\/arizona-charlottesville-la-pesadilla-trumpista-del-odio-racial\/#primaryimage\"},\"thumbnailUrl\":\"https:\/\/www.pressenza.com\/wp-content\/uploads\/2017\/08\/Char.jpg\",\"datePublished\":\"2017-08-24T21:27:43+00:00\",\"dateModified\":\"2017-08-24T21:47:01+00:00\",\"description\":\"Por Patricio Zamorano El asesinato en frente de las c\u00e1maras de Heather Heyer fue triple. Primero, un supremacista blanco cuya foto de prisionero pareci\u00f3\",\"breadcrumb\":{\"@id\":\"https:\/\/www.pressenza.com\/es\/2017\/08\/arizona-charlottesville-la-pesadilla-trumpista-del-odio-racial\/#breadcrumb\"},\"inLanguage\":\"es\",\"potentialAction\":[{\"@type\":\"ReadAction\",\"target\":[\"https:\/\/www.pressenza.com\/es\/2017\/08\/arizona-charlottesville-la-pesadilla-trumpista-del-odio-racial\/\"]}]},{\"@type\":\"ImageObject\",\"inLanguage\":\"es\",\"@id\":\"https:\/\/www.pressenza.com\/es\/2017\/08\/arizona-charlottesville-la-pesadilla-trumpista-del-odio-racial\/#primaryimage\",\"url\":\"https:\/\/www.pressenza.com\/wp-content\/uploads\/2017\/08\/Char.jpg\",\"contentUrl\":\"https:\/\/www.pressenza.com\/wp-content\/uploads\/2017\/08\/Char.jpg\",\"width\":1280,\"height\":720},{\"@type\":\"BreadcrumbList\",\"@id\":\"https:\/\/www.pressenza.com\/es\/2017\/08\/arizona-charlottesville-la-pesadilla-trumpista-del-odio-racial\/#breadcrumb\",\"itemListElement\":[{\"@type\":\"ListItem\",\"position\":1,\"name\":\"Accueil\",\"item\":\"https:\/\/www.pressenza.com\/es\/\"},{\"@type\":\"ListItem\",\"position\":2,\"name\":\"Arizona y Charlottesville, o la pesadilla \u201ctrumpista\u201d del odio racial\"}]},{\"@type\":\"WebSite\",\"@id\":\"https:\/\/www.pressenza.com\/es\/#website\",\"url\":\"https:\/\/www.pressenza.com\/es\/\",\"name\":\"Pressenza\",\"description\":\"International Press Agency\",\"publisher\":{\"@id\":\"https:\/\/www.pressenza.com\/es\/#organization\"},\"potentialAction\":[{\"@type\":\"SearchAction\",\"target\":{\"@type\":\"EntryPoint\",\"urlTemplate\":\"https:\/\/www.pressenza.com\/es\/?s={search_term_string}\"},\"query-input\":{\"@type\":\"PropertyValueSpecification\",\"valueRequired\":true,\"valueName\":\"search_term_string\"}}],\"inLanguage\":\"es\"},{\"@type\":\"Organization\",\"@id\":\"https:\/\/www.pressenza.com\/es\/#organization\",\"name\":\"Pressenza\",\"url\":\"https:\/\/www.pressenza.com\/es\/\",\"logo\":{\"@type\":\"ImageObject\",\"inLanguage\":\"es\",\"@id\":\"https:\/\/www.pressenza.com\/es\/#\/schema\/logo\/image\/\",\"url\":\"https:\/\/www.pressenza.com\/wp-content\/uploads\/2022\/10\/pressenza_logo_200x200.jpg\",\"contentUrl\":\"https:\/\/www.pressenza.com\/wp-content\/uploads\/2022\/10\/pressenza_logo_200x200.jpg\",\"width\":200,\"height\":200,\"caption\":\"Pressenza\"},\"image\":{\"@id\":\"https:\/\/www.pressenza.com\/es\/#\/schema\/logo\/image\/\"},\"sameAs\":[\"https:\/\/www.facebook.com\/PressenzaItalia\",\"https:\/\/x.com\/PressenzaIPA\"]},{\"@type\":\"Person\",\"@id\":\"https:\/\/www.pressenza.com\/es\/#\/schema\/person\/a4bfc7351a7c839b272f81a4373d3b89\",\"name\":\"InfoAm\u00e9ricas\",\"sameAs\":[\"http:\/\/www.infoamericas.info\/\"],\"url\":\"https:\/\/www.pressenza.com\/es\/author\/infoamericas\/\"}]}<\/script>\n<!-- \/ Yoast SEO plugin. -->","yoast_head_json":{"title":"Arizona y Charlottesville, o la pesadilla \u201ctrumpista\u201d del odio racial","description":"Por Patricio Zamorano El asesinato en frente de las c\u00e1maras de Heather Heyer fue triple. Primero, un supremacista blanco cuya foto de prisionero pareci\u00f3","robots":{"index":"index","follow":"follow","max-snippet":"max-snippet:-1","max-image-preview":"max-image-preview:large","max-video-preview":"max-video-preview:-1"},"canonical":"https:\/\/www.pressenza.com\/es\/2017\/08\/arizona-charlottesville-la-pesadilla-trumpista-del-odio-racial\/","og_locale":"es_ES","og_type":"article","og_title":"Arizona y Charlottesville, o la pesadilla \u201ctrumpista\u201d del odio racial","og_description":"Por Patricio Zamorano El asesinato en frente de las c\u00e1maras de Heather Heyer fue triple. Primero, un supremacista blanco cuya foto de prisionero pareci\u00f3","og_url":"https:\/\/www.pressenza.com\/es\/2017\/08\/arizona-charlottesville-la-pesadilla-trumpista-del-odio-racial\/","og_site_name":"Pressenza","article_publisher":"https:\/\/www.facebook.com\/PressenzaItalia","article_published_time":"2017-08-24T21:27:43+00:00","article_modified_time":"2017-08-24T21:47:01+00:00","og_image":[{"width":1280,"height":720,"url":"https:\/\/www.pressenza.com\/wp-content\/uploads\/2017\/08\/Char.jpg","type":"image\/jpeg"}],"author":"InfoAm\u00e9ricas","twitter_card":"summary_large_image","twitter_creator":"@PressenzaIPA","twitter_site":"@PressenzaIPA","twitter_misc":{"Escrito por":"InfoAm\u00e9ricas","Tiempo de lectura":"5 minutos"},"schema":{"@context":"https:\/\/schema.org","@graph":[{"@type":"Article","@id":"https:\/\/www.pressenza.com\/es\/2017\/08\/arizona-charlottesville-la-pesadilla-trumpista-del-odio-racial\/#article","isPartOf":{"@id":"https:\/\/www.pressenza.com\/es\/2017\/08\/arizona-charlottesville-la-pesadilla-trumpista-del-odio-racial\/"},"author":{"name":"InfoAm\u00e9ricas","@id":"https:\/\/www.pressenza.com\/es\/#\/schema\/person\/a4bfc7351a7c839b272f81a4373d3b89"},"headline":"Arizona y Charlottesville, o la pesadilla \u201ctrumpista\u201d del odio racial","datePublished":"2017-08-24T21:27:43+00:00","dateModified":"2017-08-24T21:47:01+00:00","mainEntityOfPage":{"@id":"https:\/\/www.pressenza.com\/es\/2017\/08\/arizona-charlottesville-la-pesadilla-trumpista-del-odio-racial\/"},"wordCount":1027,"publisher":{"@id":"https:\/\/www.pressenza.com\/es\/#organization"},"image":{"@id":"https:\/\/www.pressenza.com\/es\/2017\/08\/arizona-charlottesville-la-pesadilla-trumpista-del-odio-racial\/#primaryimage"},"thumbnailUrl":"https:\/\/www.pressenza.com\/wp-content\/uploads\/2017\/08\/Char.jpg","keywords":["Arizona","Charlottesville","Klu Klux Klan","supremacistas blancos","Violencia racial"],"articleSection":["Contenido Original","Diversidad","Norteam\u00e9rica","Opiniones"],"inLanguage":"es"},{"@type":"WebPage","@id":"https:\/\/www.pressenza.com\/es\/2017\/08\/arizona-charlottesville-la-pesadilla-trumpista-del-odio-racial\/","url":"https:\/\/www.pressenza.com\/es\/2017\/08\/arizona-charlottesville-la-pesadilla-trumpista-del-odio-racial\/","name":"Arizona y Charlottesville, o la pesadilla \u201ctrumpista\u201d del odio racial","isPartOf":{"@id":"https:\/\/www.pressenza.com\/es\/#website"},"primaryImageOfPage":{"@id":"https:\/\/www.pressenza.com\/es\/2017\/08\/arizona-charlottesville-la-pesadilla-trumpista-del-odio-racial\/#primaryimage"},"image":{"@id":"https:\/\/www.pressenza.com\/es\/2017\/08\/arizona-charlottesville-la-pesadilla-trumpista-del-odio-racial\/#primaryimage"},"thumbnailUrl":"https:\/\/www.pressenza.com\/wp-content\/uploads\/2017\/08\/Char.jpg","datePublished":"2017-08-24T21:27:43+00:00","dateModified":"2017-08-24T21:47:01+00:00","description":"Por Patricio Zamorano El asesinato en frente de las c\u00e1maras de Heather Heyer fue triple. Primero, un supremacista blanco cuya foto de prisionero pareci\u00f3","breadcrumb":{"@id":"https:\/\/www.pressenza.com\/es\/2017\/08\/arizona-charlottesville-la-pesadilla-trumpista-del-odio-racial\/#breadcrumb"},"inLanguage":"es","potentialAction":[{"@type":"ReadAction","target":["https:\/\/www.pressenza.com\/es\/2017\/08\/arizona-charlottesville-la-pesadilla-trumpista-del-odio-racial\/"]}]},{"@type":"ImageObject","inLanguage":"es","@id":"https:\/\/www.pressenza.com\/es\/2017\/08\/arizona-charlottesville-la-pesadilla-trumpista-del-odio-racial\/#primaryimage","url":"https:\/\/www.pressenza.com\/wp-content\/uploads\/2017\/08\/Char.jpg","contentUrl":"https:\/\/www.pressenza.com\/wp-content\/uploads\/2017\/08\/Char.jpg","width":1280,"height":720},{"@type":"BreadcrumbList","@id":"https:\/\/www.pressenza.com\/es\/2017\/08\/arizona-charlottesville-la-pesadilla-trumpista-del-odio-racial\/#breadcrumb","itemListElement":[{"@type":"ListItem","position":1,"name":"Accueil","item":"https:\/\/www.pressenza.com\/es\/"},{"@type":"ListItem","position":2,"name":"Arizona y Charlottesville, o la pesadilla \u201ctrumpista\u201d del odio racial"}]},{"@type":"WebSite","@id":"https:\/\/www.pressenza.com\/es\/#website","url":"https:\/\/www.pressenza.com\/es\/","name":"Pressenza","description":"International Press Agency","publisher":{"@id":"https:\/\/www.pressenza.com\/es\/#organization"},"potentialAction":[{"@type":"SearchAction","target":{"@type":"EntryPoint","urlTemplate":"https:\/\/www.pressenza.com\/es\/?s={search_term_string}"},"query-input":{"@type":"PropertyValueSpecification","valueRequired":true,"valueName":"search_term_string"}}],"inLanguage":"es"},{"@type":"Organization","@id":"https:\/\/www.pressenza.com\/es\/#organization","name":"Pressenza","url":"https:\/\/www.pressenza.com\/es\/","logo":{"@type":"ImageObject","inLanguage":"es","@id":"https:\/\/www.pressenza.com\/es\/#\/schema\/logo\/image\/","url":"https:\/\/www.pressenza.com\/wp-content\/uploads\/2022\/10\/pressenza_logo_200x200.jpg","contentUrl":"https:\/\/www.pressenza.com\/wp-content\/uploads\/2022\/10\/pressenza_logo_200x200.jpg","width":200,"height":200,"caption":"Pressenza"},"image":{"@id":"https:\/\/www.pressenza.com\/es\/#\/schema\/logo\/image\/"},"sameAs":["https:\/\/www.facebook.com\/PressenzaItalia","https:\/\/x.com\/PressenzaIPA"]},{"@type":"Person","@id":"https:\/\/www.pressenza.com\/es\/#\/schema\/person\/a4bfc7351a7c839b272f81a4373d3b89","name":"InfoAm\u00e9ricas","sameAs":["http:\/\/www.infoamericas.info\/"],"url":"https:\/\/www.pressenza.com\/es\/author\/infoamericas\/"}]}},"place":"Charlottesville, Virginia, Estados Unidos","original_article_url":"","_links":{"self":[{"href":"https:\/\/www.pressenza.com\/es\/wp-json\/wp\/v2\/posts\/508187","targetHints":{"allow":["GET"]}}],"collection":[{"href":"https:\/\/www.pressenza.com\/es\/wp-json\/wp\/v2\/posts"}],"about":[{"href":"https:\/\/www.pressenza.com\/es\/wp-json\/wp\/v2\/types\/post"}],"author":[{"embeddable":true,"href":"https:\/\/www.pressenza.com\/es\/wp-json\/wp\/v2\/users\/1332"}],"replies":[{"embeddable":true,"href":"https:\/\/www.pressenza.com\/es\/wp-json\/wp\/v2\/comments?post=508187"}],"version-history":[{"count":0,"href":"https:\/\/www.pressenza.com\/es\/wp-json\/wp\/v2\/posts\/508187\/revisions"}],"wp:featuredmedia":[{"embeddable":true,"href":"https:\/\/www.pressenza.com\/es\/wp-json\/wp\/v2\/media\/508188"}],"wp:attachment":[{"href":"https:\/\/www.pressenza.com\/es\/wp-json\/wp\/v2\/media?parent=508187"}],"wp:term":[{"taxonomy":"category","embeddable":true,"href":"https:\/\/www.pressenza.com\/es\/wp-json\/wp\/v2\/categories?post=508187"},{"taxonomy":"post_tag","embeddable":true,"href":"https:\/\/www.pressenza.com\/es\/wp-json\/wp\/v2\/tags?post=508187"}],"curies":[{"name":"wp","href":"https:\/\/api.w.org\/{rel}","templated":true}]}}