{"id":50791,"date":"2013-05-08T00:21:30","date_gmt":"2013-05-07T23:21:30","guid":{"rendered":"http:\/\/www.pressenza.com\/?p=50791"},"modified":"2013-05-08T00:21:30","modified_gmt":"2013-05-07T23:21:30","slug":"pascua-lama-diaguitas-interponen-recurso-de-proteccion-contra-barrick","status":"publish","type":"post","link":"https:\/\/www.pressenza.com\/es\/2013\/05\/pascua-lama-diaguitas-interponen-recurso-de-proteccion-contra-barrick\/","title":{"rendered":"Pascua Lama: Diaguitas interponen recurso de protecci\u00f3n contra Barrick"},"content":{"rendered":"<p style=\"text-align: justify;\">Barrick vive momentos complejos, porque otra arista judicial se suma al proyecto minero Pascua Lama. Esta vez la<strong> Comunidad Ind\u00edgena Diaguita Los Tambos<\/strong> interpuso un recurso de protecci\u00f3n contra la minera<strong> \u201cpor haber infringido de manera ilegal y arbitraria la garant\u00eda constitucional que se refiere al derecho a la vida e integridad f\u00edsica y ps\u00edquica de las personas, y el derecho a vivir en un medio ambiente libre de contaminaci\u00f3n en el proceso de construcci\u00f3n del proyecto Pascua Lama\u201d.<\/strong><\/p>\n<p style=\"text-align: justify;\">La acci\u00f3n judicial, interpuesta en la <strong>Corte de Apelaciones de Copiap\u00f3<\/strong>, tambi\u00e9n busca aclarar la responsabilidad de la Comisi\u00f3n de Evaluaci\u00f3n de la Regi\u00f3n de Atacama, respecto de la d\u00e9bil fiscalizaci\u00f3n del proyecto.<\/p>\n<p style=\"text-align: justify;\">Pascua Lama <strong>tuvo que paralizar sus faenas hace un mes<\/strong>, luego de que el tribunal acogiera un recurso judicial de las comunidades diaguitas que reclamaba la destrucci\u00f3n de glaciares y la contaminaci\u00f3n de los cursos de agua.<\/p>\n<p style=\"text-align: justify;\">Cabe recordar que la semana pasada la firma minera hizo una reestructuraci\u00f3n en su plana mayor de Latinoam\u00e9rica. Lo anterior gatill\u00f3 que tres ejecutivos presentaran su renuncia, partiendo por el presidente continental, Guillermo Cal\u00f3; Robert Mayne Nicholls, director general de operaciones para Sudam\u00e9rica, y Rodrigo Jim\u00e9nez, vicepresidente de asuntos corporativos de la regi\u00f3n.<\/p>\n","protected":false},"excerpt":{"rendered":"<p>Barrick vive momentos complejos, porque otra arista judicial se suma al proyecto minero Pascua Lama. Esta vez la Comunidad Ind\u00edgena Diaguita Los Tambos interpuso un recurso de protecci\u00f3n contra la minera \u201cpor haber infringido de manera ilegal y arbitraria la&hellip;<\/p>\n","protected":false},"author":43,"featured_media":50793,"comment_status":"closed","ping_status":"open","sticky":false,"template":"","format":"standard","meta":{"footnotes":""},"categories":[78,80,67],"tags":[381],"class_list":["post-50791","post","type-post","status-publish","format-standard","has-post-thumbnail","hentry","category-medio-ambiente-ecologia","category-pueblos-originarios","category-sudamerica","tag-recursos-naturales"],"yoast_head":"<!-- This site is optimized with the Yoast SEO plugin v27.1.1 - https:\/\/yoast.com\/product\/yoast-seo-wordpress\/ -->\n<title>Pascua Lama: Diaguitas interponen recurso de protecci\u00f3n contra Barrick<\/title>\n<meta name=\"description\" content=\"Barrick vive momentos complejos, porque otra arista judicial se suma al proyecto minero Pascua Lama. Esta vez la Comunidad Ind\u00edgena Diaguita Los Tambos\" \/>\n<meta name=\"robots\" content=\"index, follow, max-snippet:-1, max-image-preview:large, max-video-preview:-1\" \/>\n<link rel=\"canonical\" href=\"https:\/\/www.pressenza.com\/es\/2013\/05\/pascua-lama-diaguitas-interponen-recurso-de-proteccion-contra-barrick\/\" \/>\n<meta property=\"og:locale\" content=\"es_ES\" \/>\n<meta property=\"og:type\" content=\"article\" \/>\n<meta property=\"og:title\" content=\"Pascua Lama: Diaguitas interponen recurso de protecci\u00f3n contra Barrick\" \/>\n<meta property=\"og:description\" content=\"Barrick vive momentos complejos, porque otra arista judicial se suma al proyecto minero Pascua Lama. Esta vez la Comunidad Ind\u00edgena Diaguita Los Tambos\" \/>\n<meta property=\"og:url\" content=\"https:\/\/www.pressenza.com\/es\/2013\/05\/pascua-lama-diaguitas-interponen-recurso-de-proteccion-contra-barrick\/\" \/>\n<meta property=\"og:site_name\" content=\"Pressenza\" \/>\n<meta property=\"article:publisher\" content=\"https:\/\/www.facebook.com\/PressenzaItalia\" \/>\n<meta property=\"article:author\" content=\"https:\/\/www.facebook.com\/pressenza\" \/>\n<meta property=\"article:published_time\" content=\"2013-05-07T23:21:30+00:00\" \/>\n<meta property=\"og:image\" content=\"https:\/\/www.pressenza.com\/wp-content\/uploads\/2013\/05\/barrick.jpg\" \/>\n\t<meta property=\"og:image:width\" content=\"600\" \/>\n\t<meta property=\"og:image:height\" content=\"260\" \/>\n\t<meta property=\"og:image:type\" content=\"image\/jpeg\" \/>\n<meta name=\"author\" content=\"Redacci\u00f3n Chile\" \/>\n<meta name=\"twitter:card\" content=\"summary_large_image\" \/>\n<meta name=\"twitter:creator\" content=\"@pressenza\" \/>\n<meta name=\"twitter:site\" content=\"@PressenzaIPA\" \/>\n<meta name=\"twitter:label1\" content=\"Escrito por\" \/>\n\t<meta name=\"twitter:data1\" content=\"Redacci\u00f3n Chile\" \/>\n\t<meta name=\"twitter:label2\" content=\"Tiempo de lectura\" \/>\n\t<meta name=\"twitter:data2\" content=\"1 minuto\" \/>\n<script type=\"application\/ld+json\" class=\"yoast-schema-graph\">{\"@context\":\"https:\/\/schema.org\",\"@graph\":[{\"@type\":\"Article\",\"@id\":\"https:\/\/www.pressenza.com\/es\/2013\/05\/pascua-lama-diaguitas-interponen-recurso-de-proteccion-contra-barrick\/#article\",\"isPartOf\":{\"@id\":\"https:\/\/www.pressenza.com\/es\/2013\/05\/pascua-lama-diaguitas-interponen-recurso-de-proteccion-contra-barrick\/\"},\"author\":{\"name\":\"Redacci\u00f3n Chile\",\"@id\":\"https:\/\/www.pressenza.com\/es\/#\/schema\/person\/d7db40df35d6698ba69ba9ee260944ed\"},\"headline\":\"Pascua Lama: Diaguitas interponen recurso de protecci\u00f3n contra Barrick\",\"datePublished\":\"2013-05-07T23:21:30+00:00\",\"mainEntityOfPage\":{\"@id\":\"https:\/\/www.pressenza.com\/es\/2013\/05\/pascua-lama-diaguitas-interponen-recurso-de-proteccion-contra-barrick\/\"},\"wordCount\":233,\"publisher\":{\"@id\":\"https:\/\/www.pressenza.com\/es\/#organization\"},\"image\":{\"@id\":\"https:\/\/www.pressenza.com\/es\/2013\/05\/pascua-lama-diaguitas-interponen-recurso-de-proteccion-contra-barrick\/#primaryimage\"},\"thumbnailUrl\":\"https:\/\/www.pressenza.com\/wp-content\/uploads\/2013\/05\/barrick.jpg\",\"keywords\":[\"Recursos naturales\"],\"articleSection\":[\"Ecolog\u00eda y Medio Ambiente\",\"Pueblos Originarios\",\"Sudam\u00e9rica\"],\"inLanguage\":\"es\"},{\"@type\":\"WebPage\",\"@id\":\"https:\/\/www.pressenza.com\/es\/2013\/05\/pascua-lama-diaguitas-interponen-recurso-de-proteccion-contra-barrick\/\",\"url\":\"https:\/\/www.pressenza.com\/es\/2013\/05\/pascua-lama-diaguitas-interponen-recurso-de-proteccion-contra-barrick\/\",\"name\":\"Pascua Lama: Diaguitas interponen recurso de protecci\u00f3n contra Barrick\",\"isPartOf\":{\"@id\":\"https:\/\/www.pressenza.com\/es\/#website\"},\"primaryImageOfPage\":{\"@id\":\"https:\/\/www.pressenza.com\/es\/2013\/05\/pascua-lama-diaguitas-interponen-recurso-de-proteccion-contra-barrick\/#primaryimage\"},\"image\":{\"@id\":\"https:\/\/www.pressenza.com\/es\/2013\/05\/pascua-lama-diaguitas-interponen-recurso-de-proteccion-contra-barrick\/#primaryimage\"},\"thumbnailUrl\":\"https:\/\/www.pressenza.com\/wp-content\/uploads\/2013\/05\/barrick.jpg\",\"datePublished\":\"2013-05-07T23:21:30+00:00\",\"description\":\"Barrick vive momentos complejos, porque otra arista judicial se suma al proyecto minero Pascua Lama. Esta vez la Comunidad Ind\u00edgena Diaguita Los Tambos\",\"breadcrumb\":{\"@id\":\"https:\/\/www.pressenza.com\/es\/2013\/05\/pascua-lama-diaguitas-interponen-recurso-de-proteccion-contra-barrick\/#breadcrumb\"},\"inLanguage\":\"es\",\"potentialAction\":[{\"@type\":\"ReadAction\",\"target\":[\"https:\/\/www.pressenza.com\/es\/2013\/05\/pascua-lama-diaguitas-interponen-recurso-de-proteccion-contra-barrick\/\"]}]},{\"@type\":\"ImageObject\",\"inLanguage\":\"es\",\"@id\":\"https:\/\/www.pressenza.com\/es\/2013\/05\/pascua-lama-diaguitas-interponen-recurso-de-proteccion-contra-barrick\/#primaryimage\",\"url\":\"https:\/\/www.pressenza.com\/wp-content\/uploads\/2013\/05\/barrick.jpg\",\"contentUrl\":\"https:\/\/www.pressenza.com\/wp-content\/uploads\/2013\/05\/barrick.jpg\",\"width\":600,\"height\":260},{\"@type\":\"BreadcrumbList\",\"@id\":\"https:\/\/www.pressenza.com\/es\/2013\/05\/pascua-lama-diaguitas-interponen-recurso-de-proteccion-contra-barrick\/#breadcrumb\",\"itemListElement\":[{\"@type\":\"ListItem\",\"position\":1,\"name\":\"Accueil\",\"item\":\"https:\/\/www.pressenza.com\/es\/\"},{\"@type\":\"ListItem\",\"position\":2,\"name\":\"Pascua Lama: Diaguitas interponen recurso de protecci\u00f3n contra Barrick\"}]},{\"@type\":\"WebSite\",\"@id\":\"https:\/\/www.pressenza.com\/es\/#website\",\"url\":\"https:\/\/www.pressenza.com\/es\/\",\"name\":\"Pressenza\",\"description\":\"International Press Agency\",\"publisher\":{\"@id\":\"https:\/\/www.pressenza.com\/es\/#organization\"},\"potentialAction\":[{\"@type\":\"SearchAction\",\"target\":{\"@type\":\"EntryPoint\",\"urlTemplate\":\"https:\/\/www.pressenza.com\/es\/?s={search_term_string}\"},\"query-input\":{\"@type\":\"PropertyValueSpecification\",\"valueRequired\":true,\"valueName\":\"search_term_string\"}}],\"inLanguage\":\"es\"},{\"@type\":\"Organization\",\"@id\":\"https:\/\/www.pressenza.com\/es\/#organization\",\"name\":\"Pressenza\",\"url\":\"https:\/\/www.pressenza.com\/es\/\",\"logo\":{\"@type\":\"ImageObject\",\"inLanguage\":\"es\",\"@id\":\"https:\/\/www.pressenza.com\/es\/#\/schema\/logo\/image\/\",\"url\":\"https:\/\/www.pressenza.com\/wp-content\/uploads\/2022\/10\/pressenza_logo_200x200.jpg\",\"contentUrl\":\"https:\/\/www.pressenza.com\/wp-content\/uploads\/2022\/10\/pressenza_logo_200x200.jpg\",\"width\":200,\"height\":200,\"caption\":\"Pressenza\"},\"image\":{\"@id\":\"https:\/\/www.pressenza.com\/es\/#\/schema\/logo\/image\/\"},\"sameAs\":[\"https:\/\/www.facebook.com\/PressenzaItalia\",\"https:\/\/x.com\/PressenzaIPA\"]},{\"@type\":\"Person\",\"@id\":\"https:\/\/www.pressenza.com\/es\/#\/schema\/person\/d7db40df35d6698ba69ba9ee260944ed\",\"name\":\"Redacci\u00f3n Chile\",\"description\":\"News from the Pressenza Bureau in Chile\",\"sameAs\":[\"https:\/\/www.facebook.com\/pressenza\",\"https:\/\/x.com\/pressenza\"],\"url\":\"https:\/\/www.pressenza.com\/es\/author\/redaccion-chile\/\"}]}<\/script>\n<!-- \/ Yoast SEO plugin. -->","yoast_head_json":{"title":"Pascua Lama: Diaguitas interponen recurso de protecci\u00f3n contra Barrick","description":"Barrick vive momentos complejos, porque otra arista judicial se suma al proyecto minero Pascua Lama. Esta vez la Comunidad Ind\u00edgena Diaguita Los Tambos","robots":{"index":"index","follow":"follow","max-snippet":"max-snippet:-1","max-image-preview":"max-image-preview:large","max-video-preview":"max-video-preview:-1"},"canonical":"https:\/\/www.pressenza.com\/es\/2013\/05\/pascua-lama-diaguitas-interponen-recurso-de-proteccion-contra-barrick\/","og_locale":"es_ES","og_type":"article","og_title":"Pascua Lama: Diaguitas interponen recurso de protecci\u00f3n contra Barrick","og_description":"Barrick vive momentos complejos, porque otra arista judicial se suma al proyecto minero Pascua Lama. Esta vez la Comunidad Ind\u00edgena Diaguita Los Tambos","og_url":"https:\/\/www.pressenza.com\/es\/2013\/05\/pascua-lama-diaguitas-interponen-recurso-de-proteccion-contra-barrick\/","og_site_name":"Pressenza","article_publisher":"https:\/\/www.facebook.com\/PressenzaItalia","article_author":"https:\/\/www.facebook.com\/pressenza","article_published_time":"2013-05-07T23:21:30+00:00","og_image":[{"width":600,"height":260,"url":"https:\/\/www.pressenza.com\/wp-content\/uploads\/2013\/05\/barrick.jpg","type":"image\/jpeg"}],"author":"Redacci\u00f3n Chile","twitter_card":"summary_large_image","twitter_creator":"@pressenza","twitter_site":"@PressenzaIPA","twitter_misc":{"Escrito por":"Redacci\u00f3n Chile","Tiempo de lectura":"1 minuto"},"schema":{"@context":"https:\/\/schema.org","@graph":[{"@type":"Article","@id":"https:\/\/www.pressenza.com\/es\/2013\/05\/pascua-lama-diaguitas-interponen-recurso-de-proteccion-contra-barrick\/#article","isPartOf":{"@id":"https:\/\/www.pressenza.com\/es\/2013\/05\/pascua-lama-diaguitas-interponen-recurso-de-proteccion-contra-barrick\/"},"author":{"name":"Redacci\u00f3n Chile","@id":"https:\/\/www.pressenza.com\/es\/#\/schema\/person\/d7db40df35d6698ba69ba9ee260944ed"},"headline":"Pascua Lama: Diaguitas interponen recurso de protecci\u00f3n contra Barrick","datePublished":"2013-05-07T23:21:30+00:00","mainEntityOfPage":{"@id":"https:\/\/www.pressenza.com\/es\/2013\/05\/pascua-lama-diaguitas-interponen-recurso-de-proteccion-contra-barrick\/"},"wordCount":233,"publisher":{"@id":"https:\/\/www.pressenza.com\/es\/#organization"},"image":{"@id":"https:\/\/www.pressenza.com\/es\/2013\/05\/pascua-lama-diaguitas-interponen-recurso-de-proteccion-contra-barrick\/#primaryimage"},"thumbnailUrl":"https:\/\/www.pressenza.com\/wp-content\/uploads\/2013\/05\/barrick.jpg","keywords":["Recursos naturales"],"articleSection":["Ecolog\u00eda y Medio Ambiente","Pueblos Originarios","Sudam\u00e9rica"],"inLanguage":"es"},{"@type":"WebPage","@id":"https:\/\/www.pressenza.com\/es\/2013\/05\/pascua-lama-diaguitas-interponen-recurso-de-proteccion-contra-barrick\/","url":"https:\/\/www.pressenza.com\/es\/2013\/05\/pascua-lama-diaguitas-interponen-recurso-de-proteccion-contra-barrick\/","name":"Pascua Lama: Diaguitas interponen recurso de protecci\u00f3n contra Barrick","isPartOf":{"@id":"https:\/\/www.pressenza.com\/es\/#website"},"primaryImageOfPage":{"@id":"https:\/\/www.pressenza.com\/es\/2013\/05\/pascua-lama-diaguitas-interponen-recurso-de-proteccion-contra-barrick\/#primaryimage"},"image":{"@id":"https:\/\/www.pressenza.com\/es\/2013\/05\/pascua-lama-diaguitas-interponen-recurso-de-proteccion-contra-barrick\/#primaryimage"},"thumbnailUrl":"https:\/\/www.pressenza.com\/wp-content\/uploads\/2013\/05\/barrick.jpg","datePublished":"2013-05-07T23:21:30+00:00","description":"Barrick vive momentos complejos, porque otra arista judicial se suma al proyecto minero Pascua Lama. Esta vez la Comunidad Ind\u00edgena Diaguita Los Tambos","breadcrumb":{"@id":"https:\/\/www.pressenza.com\/es\/2013\/05\/pascua-lama-diaguitas-interponen-recurso-de-proteccion-contra-barrick\/#breadcrumb"},"inLanguage":"es","potentialAction":[{"@type":"ReadAction","target":["https:\/\/www.pressenza.com\/es\/2013\/05\/pascua-lama-diaguitas-interponen-recurso-de-proteccion-contra-barrick\/"]}]},{"@type":"ImageObject","inLanguage":"es","@id":"https:\/\/www.pressenza.com\/es\/2013\/05\/pascua-lama-diaguitas-interponen-recurso-de-proteccion-contra-barrick\/#primaryimage","url":"https:\/\/www.pressenza.com\/wp-content\/uploads\/2013\/05\/barrick.jpg","contentUrl":"https:\/\/www.pressenza.com\/wp-content\/uploads\/2013\/05\/barrick.jpg","width":600,"height":260},{"@type":"BreadcrumbList","@id":"https:\/\/www.pressenza.com\/es\/2013\/05\/pascua-lama-diaguitas-interponen-recurso-de-proteccion-contra-barrick\/#breadcrumb","itemListElement":[{"@type":"ListItem","position":1,"name":"Accueil","item":"https:\/\/www.pressenza.com\/es\/"},{"@type":"ListItem","position":2,"name":"Pascua Lama: Diaguitas interponen recurso de protecci\u00f3n contra Barrick"}]},{"@type":"WebSite","@id":"https:\/\/www.pressenza.com\/es\/#website","url":"https:\/\/www.pressenza.com\/es\/","name":"Pressenza","description":"International Press Agency","publisher":{"@id":"https:\/\/www.pressenza.com\/es\/#organization"},"potentialAction":[{"@type":"SearchAction","target":{"@type":"EntryPoint","urlTemplate":"https:\/\/www.pressenza.com\/es\/?s={search_term_string}"},"query-input":{"@type":"PropertyValueSpecification","valueRequired":true,"valueName":"search_term_string"}}],"inLanguage":"es"},{"@type":"Organization","@id":"https:\/\/www.pressenza.com\/es\/#organization","name":"Pressenza","url":"https:\/\/www.pressenza.com\/es\/","logo":{"@type":"ImageObject","inLanguage":"es","@id":"https:\/\/www.pressenza.com\/es\/#\/schema\/logo\/image\/","url":"https:\/\/www.pressenza.com\/wp-content\/uploads\/2022\/10\/pressenza_logo_200x200.jpg","contentUrl":"https:\/\/www.pressenza.com\/wp-content\/uploads\/2022\/10\/pressenza_logo_200x200.jpg","width":200,"height":200,"caption":"Pressenza"},"image":{"@id":"https:\/\/www.pressenza.com\/es\/#\/schema\/logo\/image\/"},"sameAs":["https:\/\/www.facebook.com\/PressenzaItalia","https:\/\/x.com\/PressenzaIPA"]},{"@type":"Person","@id":"https:\/\/www.pressenza.com\/es\/#\/schema\/person\/d7db40df35d6698ba69ba9ee260944ed","name":"Redacci\u00f3n Chile","description":"News from the Pressenza Bureau in Chile","sameAs":["https:\/\/www.facebook.com\/pressenza","https:\/\/x.com\/pressenza"],"url":"https:\/\/www.pressenza.com\/es\/author\/redaccion-chile\/"}]}},"place":"Santiago de Chile","original_article_url":"","_links":{"self":[{"href":"https:\/\/www.pressenza.com\/es\/wp-json\/wp\/v2\/posts\/50791","targetHints":{"allow":["GET"]}}],"collection":[{"href":"https:\/\/www.pressenza.com\/es\/wp-json\/wp\/v2\/posts"}],"about":[{"href":"https:\/\/www.pressenza.com\/es\/wp-json\/wp\/v2\/types\/post"}],"author":[{"embeddable":true,"href":"https:\/\/www.pressenza.com\/es\/wp-json\/wp\/v2\/users\/43"}],"replies":[{"embeddable":true,"href":"https:\/\/www.pressenza.com\/es\/wp-json\/wp\/v2\/comments?post=50791"}],"version-history":[{"count":0,"href":"https:\/\/www.pressenza.com\/es\/wp-json\/wp\/v2\/posts\/50791\/revisions"}],"wp:featuredmedia":[{"embeddable":true,"href":"https:\/\/www.pressenza.com\/es\/wp-json\/wp\/v2\/media\/50793"}],"wp:attachment":[{"href":"https:\/\/www.pressenza.com\/es\/wp-json\/wp\/v2\/media?parent=50791"}],"wp:term":[{"taxonomy":"category","embeddable":true,"href":"https:\/\/www.pressenza.com\/es\/wp-json\/wp\/v2\/categories?post=50791"},{"taxonomy":"post_tag","embeddable":true,"href":"https:\/\/www.pressenza.com\/es\/wp-json\/wp\/v2\/tags?post=50791"}],"curies":[{"name":"wp","href":"https:\/\/api.w.org\/{rel}","templated":true}]}}