{"id":507863,"date":"2017-08-24T14:57:36","date_gmt":"2017-08-24T13:57:36","guid":{"rendered":"https:\/\/www.pressenza.com\/?p=507863\/"},"modified":"2017-08-24T14:57:36","modified_gmt":"2017-08-24T13:57:36","slug":"dialogo-nacional-acuerdo-la-comunicacion","status":"publish","type":"post","link":"https:\/\/www.pressenza.com\/es\/2017\/08\/dialogo-nacional-acuerdo-la-comunicacion\/","title":{"rendered":"Di\u00e1logo nacional: acuerdo por la comunicaci\u00f3n"},"content":{"rendered":"<p>Ayer, mi\u00e9rcoles 23 de agosto, en Quito, se llev\u00f3 acabo la apertura de las mesas de di\u00e1logo sobre la ley de comunicaci\u00f3n, en el sal\u00f3n Espejo de la Universidad Andina Sim\u00f3n Bol\u00edvar, coordinadas por la SECOM (Secretar\u00eda Nacional de Comunicaci\u00f3n).<\/p>\n<p>Las mesas de di\u00e1logo buscan crear espacios de debate, donde las mayores inquietudes de la LOC (Ley Org\u00e1nica de Comunicaci\u00f3n) por parte de distintos medios escritos, radiof\u00f3nicos, televisivos y comunitarios sean aclaradas. Al mismo tiempo, se busca con las distintas mesas llegar a consensos que ser\u00e1n recogidos por la SECOM, para que sean tomados en cuenta en futuras enmiendas a la ley. Pressenza estuvo presente en el di\u00e1logo y particip\u00f3 activamente.<\/p>\n<p>Alex Mora, Secretario Nacional de Comunicaci\u00f3n, dio la bienvenida e inaugur\u00f3 el dialogo que se realizar\u00eda a lo largo de la tarde. El secretario explic\u00f3 el contexto en el que se desenvolv\u00eda el di\u00e1logo, donde se destaca el decreto n\u00famero 49 del presidente de la Rep\u00fablica del Ecuador, Len\u00edn Moreno Garc\u00e9s, donde institucionaliza el proceso de Di\u00e1logo Social Nacional y donde se destacan dos art\u00edculos que hablan sobre la prioridad del gobierno central por fortalecer espacios de participaci\u00f3n ciudadana, di\u00e1logo amplio y permanente; tambi\u00e9n se habla, en el art\u00edculo 2, sobre el DSN (Di\u00e1logo Social Nacional) como un mecanismo para la generaci\u00f3n de acuerdos en la construcci\u00f3n de pol\u00edticas, programas, proyectos y otros instrumentos que mejoren la gobernanza.<\/p>\n<p>En base al decreto mencionado, todas las instituciones gubernamentales que rodean la comunicaci\u00f3n se han puesto a la tarea de hacer \u201cMesas de Trabajo\u201d que sustenten el DSN y ayuden a repotenciar a la LOC, a partir de la participaci\u00f3n de aquellas personas que quieran sumar acotaciones u observaciones importantes a la ley. El DSN ha planificado todo un recorrido a nivel nacional, donde se comprenden ciudades Ibarra, Tena, Ambato, Cuenca, Loja, Portoviejo, Salinas y en esta ocasi\u00f3n, Quito.<\/p>\n<div id=\"attachment_507875\" class=\"wp-caption aligncenter\"><img loading=\"lazy\" decoding=\"async\" aria-describedby=\"caption-attachment-507875\" class=\"size-large wp-image-507875\" src=\"https:\/\/www.pressenza.com\/wp-content\/uploads\/2017\/08\/IMG_9777-720x540.jpg\" alt=\"Durante el di\u00e1logo.\" width=\"720\" height=\"540\" srcset=\"https:\/\/www.pressenza.com\/wp-content\/uploads\/2017\/08\/IMG_9777-720x540.jpg 720w, https:\/\/www.pressenza.com\/wp-content\/uploads\/2017\/08\/IMG_9777-300x225.jpg 300w, https:\/\/www.pressenza.com\/wp-content\/uploads\/2017\/08\/IMG_9777-768x576.jpg 768w, https:\/\/www.pressenza.com\/wp-content\/uploads\/2017\/08\/IMG_9777.jpg 2048w\" sizes=\"auto, (max-width: 720px) 100vw, 720px\" \/><p id=\"caption-attachment-507875\" class=\"wp-caption-text\">Durante el di\u00e1logo.<\/p><\/div>\n<p>Las mesas de trabajo fueron 3:<\/p>\n<p>Mesa 1: GARANT\u00cdAS Y DERECHOS DE LA COMUNICACI\u00d3N<\/p>\n<p>En la mesa se destacaron temas como la democratizaci\u00f3n de la comunicaci\u00f3n e informaci\u00f3n, contemplando medios privados y p\u00fablicos. Otro tema vital fue la protecci\u00f3n de los derechos, es decir, clasificaci\u00f3n de audiencias, contenido y franjas horarias.<br \/>\nLa mesa cont\u00f3 con la participaci\u00f3n de colectivos, representantes estudiantiles, docentes universitarios y profesionales de la comunicaci\u00f3n.<\/p>\n<p>Mesa2: REGULACI\u00d3N Y CONTROL (R\u00c9GIMEN SANCIONATORIO)<\/p>\n<p>La mesa desarroll\u00f3 temas como el r\u00e9gimen regulatorio, control y sanci\u00f3n que rodea a la Ley Org\u00e1nica de Comunicaci\u00f3n (LOC) y la Ley Org\u00e1nica de Telecomunicaciones (LOT), y busc\u00f3 tratar el tema de la libertad de expresi\u00f3n y redes sociales, un tema que se hizo presente a lo largo de toda la campa\u00f1a electoral. La mesa de trabajo cont\u00f3 con la participaci\u00f3n de acad\u00e9micos, estudiantes, colectivos y de medios nacionales y locales.<\/p>\n<p>Mesa 3: PUBLICIDAD Y PRODUCCI\u00d3N NACIONAL<\/p>\n<p>La mesa desarroll\u00f3 temas que engloban la publicidad desde los ejes de la inversi\u00f3n del sector privado y la producci\u00f3n nacional. Cont\u00f3 con una amplia participaci\u00f3n de varios sectores que aportaron con sus dudas y observaciones a la LOC en el aspecto de la publicidad, donde se destac\u00f3 la producci\u00f3n nacional y dar prioridad a lo ecuatoriano.<\/p>\n<p>Las mesas se desarrollaron durante la tarde, abarrotadas de periodistas, medios, colectivos, acad\u00e9micos y dem\u00e1s. En cuesti\u00f3n de minutos, todas las mesas de trabajo estaban pr\u00e1cticamente copadas. Todo el evento estuvo coordinado por SECOM.<\/p>\n<p>En palabras de Alex Mora: \u201c(\u2026) sin una comunicaci\u00f3n honesta, clara y eficaz, se corre el riesgo de reemplazar el cumplimiento de nuestro objetivo com\u00fan: el bienestar de las ecuatorianas y los ecuatorianos, y a quienes habitan este pa\u00eds intercultural y plurinacional\u2026\u201d<\/p>\n<p>Esta es la esencia de las mesas de trabajo desplegadas por el DSN, construir un debate en conjunto con todos y todas para poder solventar y proyectar una comunicaci\u00f3n que sea \u00f3ptima, para cada sector de la sociedad y que disminuya radicalmente la proliferaci\u00f3n de la violencia por todo tipo de medio, y que solo produce m\u00e1s violencia.<\/p>\n<p>Al mismo tiempo, a lo largo del d\u00eda de ayer, la <a href=\"http:\/\/www.corape.org.ec\/\">CORAPE<\/a>, coordinadora nacional de medios comunitarios, instituci\u00f3n que lidera la iniciativa de propuestas a la LOC desde el sector comunitario, activ\u00f3 una campa\u00f1a por redes, con el hashtag <a href=\"https:\/\/twitter.com\/hashtag\/masmedioscomunitarios\">M\u00c1S MEDIOS COMUNITARIOS<\/a>. La campa\u00f1a se convirti\u00f3 en tendencia.<\/p>\n","protected":false},"excerpt":{"rendered":"<p>Ayer, mi\u00e9rcoles 23 de agosto, en Quito, se llev\u00f3 acabo la apertura de las mesas de di\u00e1logo sobre la ley de comunicaci\u00f3n, en el sal\u00f3n Espejo de la Universidad Andina Sim\u00f3n Bol\u00edvar, coordinadas por la SECOM (Secretar\u00eda Nacional de Comunicaci\u00f3n).&hellip;<\/p>\n","protected":false},"author":1396,"featured_media":507866,"comment_status":"closed","ping_status":"closed","sticky":false,"template":"","format":"standard","meta":{"footnotes":""},"categories":[11389,75,79,74,67],"tags":[18168,39695,39694],"class_list":["post-507863","post","type-post","status-publish","format-standard","has-post-thumbnail","hentry","category-contenido-original","category-cultura-es","category-derechos-humanos","category-politica-es","category-sudamerica","tag-derecho-a-la-comunicacion","tag-dialogo-nacional","tag-ley-organica-de-comunicacion"],"yoast_head":"<!-- This site is optimized with the Yoast SEO plugin v27.1.1 - https:\/\/yoast.com\/product\/yoast-seo-wordpress\/ -->\n<title>Di\u00e1logo nacional: acuerdo por la comunicaci\u00f3n<\/title>\n<meta name=\"description\" content=\"Ayer, mi\u00e9rcoles 23 de agosto, en Quito, se llev\u00f3 acabo la apertura de las mesas de di\u00e1logo sobre la ley de comunicaci\u00f3n, en el sal\u00f3n Espejo de la\" \/>\n<meta name=\"robots\" content=\"index, follow, max-snippet:-1, max-image-preview:large, max-video-preview:-1\" \/>\n<link rel=\"canonical\" href=\"https:\/\/www.pressenza.com\/es\/2017\/08\/dialogo-nacional-acuerdo-la-comunicacion\/\" \/>\n<meta property=\"og:locale\" content=\"es_ES\" \/>\n<meta property=\"og:type\" content=\"article\" \/>\n<meta property=\"og:title\" content=\"Di\u00e1logo nacional: acuerdo por la comunicaci\u00f3n\" \/>\n<meta property=\"og:description\" content=\"Ayer, mi\u00e9rcoles 23 de agosto, en Quito, se llev\u00f3 acabo la apertura de las mesas de di\u00e1logo sobre la ley de comunicaci\u00f3n, en el sal\u00f3n Espejo de la\" \/>\n<meta property=\"og:url\" content=\"https:\/\/www.pressenza.com\/es\/2017\/08\/dialogo-nacional-acuerdo-la-comunicacion\/\" \/>\n<meta property=\"og:site_name\" content=\"Pressenza\" \/>\n<meta property=\"article:publisher\" content=\"https:\/\/www.facebook.com\/PressenzaItalia\" \/>\n<meta property=\"article:published_time\" content=\"2017-08-24T13:57:36+00:00\" \/>\n<meta property=\"og:image\" content=\"https:\/\/www.pressenza.com\/wp-content\/uploads\/2017\/08\/IMG_9736.jpg\" \/>\n\t<meta property=\"og:image:width\" content=\"2048\" \/>\n\t<meta property=\"og:image:height\" content=\"1536\" \/>\n\t<meta property=\"og:image:type\" content=\"image\/jpeg\" \/>\n<meta name=\"author\" content=\"Patricio Guevara\" \/>\n<meta name=\"twitter:card\" content=\"summary_large_image\" \/>\n<meta name=\"twitter:creator\" content=\"@PressenzaIPA\" \/>\n<meta name=\"twitter:site\" content=\"@PressenzaIPA\" \/>\n<meta name=\"twitter:label1\" content=\"Escrito por\" \/>\n\t<meta name=\"twitter:data1\" content=\"Patricio Guevara\" \/>\n\t<meta name=\"twitter:label2\" content=\"Tiempo de lectura\" \/>\n\t<meta name=\"twitter:data2\" content=\"4 minutos\" \/>\n<script type=\"application\/ld+json\" class=\"yoast-schema-graph\">{\"@context\":\"https:\/\/schema.org\",\"@graph\":[{\"@type\":\"Article\",\"@id\":\"https:\/\/www.pressenza.com\/es\/2017\/08\/dialogo-nacional-acuerdo-la-comunicacion\/#article\",\"isPartOf\":{\"@id\":\"https:\/\/www.pressenza.com\/es\/2017\/08\/dialogo-nacional-acuerdo-la-comunicacion\/\"},\"author\":{\"name\":\"Patricio Guevara\",\"@id\":\"https:\/\/www.pressenza.com\/es\/#\/schema\/person\/10a3e7a4815c5f59d85d62e1604559f5\"},\"headline\":\"Di\u00e1logo nacional: acuerdo por la comunicaci\u00f3n\",\"datePublished\":\"2017-08-24T13:57:36+00:00\",\"mainEntityOfPage\":{\"@id\":\"https:\/\/www.pressenza.com\/es\/2017\/08\/dialogo-nacional-acuerdo-la-comunicacion\/\"},\"wordCount\":787,\"publisher\":{\"@id\":\"https:\/\/www.pressenza.com\/es\/#organization\"},\"image\":{\"@id\":\"https:\/\/www.pressenza.com\/es\/2017\/08\/dialogo-nacional-acuerdo-la-comunicacion\/#primaryimage\"},\"thumbnailUrl\":\"https:\/\/www.pressenza.com\/wp-content\/uploads\/2017\/08\/IMG_9736.jpg\",\"keywords\":[\"Derecho a la comunicaci\u00f3n\",\"Dialogo Nacional\",\"Ley Org\u00e1nica de Comunicaci\u00f3n\"],\"articleSection\":[\"Contenido Original\",\"Cultura y Medios\",\"Derechos Humanos\",\"Pol\u00edtica\",\"Sudam\u00e9rica\"],\"inLanguage\":\"es\"},{\"@type\":\"WebPage\",\"@id\":\"https:\/\/www.pressenza.com\/es\/2017\/08\/dialogo-nacional-acuerdo-la-comunicacion\/\",\"url\":\"https:\/\/www.pressenza.com\/es\/2017\/08\/dialogo-nacional-acuerdo-la-comunicacion\/\",\"name\":\"Di\u00e1logo nacional: acuerdo por la comunicaci\u00f3n\",\"isPartOf\":{\"@id\":\"https:\/\/www.pressenza.com\/es\/#website\"},\"primaryImageOfPage\":{\"@id\":\"https:\/\/www.pressenza.com\/es\/2017\/08\/dialogo-nacional-acuerdo-la-comunicacion\/#primaryimage\"},\"image\":{\"@id\":\"https:\/\/www.pressenza.com\/es\/2017\/08\/dialogo-nacional-acuerdo-la-comunicacion\/#primaryimage\"},\"thumbnailUrl\":\"https:\/\/www.pressenza.com\/wp-content\/uploads\/2017\/08\/IMG_9736.jpg\",\"datePublished\":\"2017-08-24T13:57:36+00:00\",\"description\":\"Ayer, mi\u00e9rcoles 23 de agosto, en Quito, se llev\u00f3 acabo la apertura de las mesas de di\u00e1logo sobre la ley de comunicaci\u00f3n, en el sal\u00f3n Espejo de la\",\"breadcrumb\":{\"@id\":\"https:\/\/www.pressenza.com\/es\/2017\/08\/dialogo-nacional-acuerdo-la-comunicacion\/#breadcrumb\"},\"inLanguage\":\"es\",\"potentialAction\":[{\"@type\":\"ReadAction\",\"target\":[\"https:\/\/www.pressenza.com\/es\/2017\/08\/dialogo-nacional-acuerdo-la-comunicacion\/\"]}]},{\"@type\":\"ImageObject\",\"inLanguage\":\"es\",\"@id\":\"https:\/\/www.pressenza.com\/es\/2017\/08\/dialogo-nacional-acuerdo-la-comunicacion\/#primaryimage\",\"url\":\"https:\/\/www.pressenza.com\/wp-content\/uploads\/2017\/08\/IMG_9736.jpg\",\"contentUrl\":\"https:\/\/www.pressenza.com\/wp-content\/uploads\/2017\/08\/IMG_9736.jpg\",\"width\":2048,\"height\":1536,\"caption\":\"Alex Mora, Secretario Nacional de Comunicaci\u00f3n\"},{\"@type\":\"BreadcrumbList\",\"@id\":\"https:\/\/www.pressenza.com\/es\/2017\/08\/dialogo-nacional-acuerdo-la-comunicacion\/#breadcrumb\",\"itemListElement\":[{\"@type\":\"ListItem\",\"position\":1,\"name\":\"Accueil\",\"item\":\"https:\/\/www.pressenza.com\/es\/\"},{\"@type\":\"ListItem\",\"position\":2,\"name\":\"Di\u00e1logo nacional: acuerdo por la comunicaci\u00f3n\"}]},{\"@type\":\"WebSite\",\"@id\":\"https:\/\/www.pressenza.com\/es\/#website\",\"url\":\"https:\/\/www.pressenza.com\/es\/\",\"name\":\"Pressenza\",\"description\":\"International Press Agency\",\"publisher\":{\"@id\":\"https:\/\/www.pressenza.com\/es\/#organization\"},\"potentialAction\":[{\"@type\":\"SearchAction\",\"target\":{\"@type\":\"EntryPoint\",\"urlTemplate\":\"https:\/\/www.pressenza.com\/es\/?s={search_term_string}\"},\"query-input\":{\"@type\":\"PropertyValueSpecification\",\"valueRequired\":true,\"valueName\":\"search_term_string\"}}],\"inLanguage\":\"es\"},{\"@type\":\"Organization\",\"@id\":\"https:\/\/www.pressenza.com\/es\/#organization\",\"name\":\"Pressenza\",\"url\":\"https:\/\/www.pressenza.com\/es\/\",\"logo\":{\"@type\":\"ImageObject\",\"inLanguage\":\"es\",\"@id\":\"https:\/\/www.pressenza.com\/es\/#\/schema\/logo\/image\/\",\"url\":\"https:\/\/www.pressenza.com\/wp-content\/uploads\/2022\/10\/pressenza_logo_200x200.jpg\",\"contentUrl\":\"https:\/\/www.pressenza.com\/wp-content\/uploads\/2022\/10\/pressenza_logo_200x200.jpg\",\"width\":200,\"height\":200,\"caption\":\"Pressenza\"},\"image\":{\"@id\":\"https:\/\/www.pressenza.com\/es\/#\/schema\/logo\/image\/\"},\"sameAs\":[\"https:\/\/www.facebook.com\/PressenzaItalia\",\"https:\/\/x.com\/PressenzaIPA\"]},{\"@type\":\"Person\",\"@id\":\"https:\/\/www.pressenza.com\/es\/#\/schema\/person\/10a3e7a4815c5f59d85d62e1604559f5\",\"name\":\"Patricio Guevara\",\"url\":\"https:\/\/www.pressenza.com\/es\/author\/patricio-guevara\/\"}]}<\/script>\n<!-- \/ Yoast SEO plugin. -->","yoast_head_json":{"title":"Di\u00e1logo nacional: acuerdo por la comunicaci\u00f3n","description":"Ayer, mi\u00e9rcoles 23 de agosto, en Quito, se llev\u00f3 acabo la apertura de las mesas de di\u00e1logo sobre la ley de comunicaci\u00f3n, en el sal\u00f3n Espejo de la","robots":{"index":"index","follow":"follow","max-snippet":"max-snippet:-1","max-image-preview":"max-image-preview:large","max-video-preview":"max-video-preview:-1"},"canonical":"https:\/\/www.pressenza.com\/es\/2017\/08\/dialogo-nacional-acuerdo-la-comunicacion\/","og_locale":"es_ES","og_type":"article","og_title":"Di\u00e1logo nacional: acuerdo por la comunicaci\u00f3n","og_description":"Ayer, mi\u00e9rcoles 23 de agosto, en Quito, se llev\u00f3 acabo la apertura de las mesas de di\u00e1logo sobre la ley de comunicaci\u00f3n, en el sal\u00f3n Espejo de la","og_url":"https:\/\/www.pressenza.com\/es\/2017\/08\/dialogo-nacional-acuerdo-la-comunicacion\/","og_site_name":"Pressenza","article_publisher":"https:\/\/www.facebook.com\/PressenzaItalia","article_published_time":"2017-08-24T13:57:36+00:00","og_image":[{"width":2048,"height":1536,"url":"https:\/\/www.pressenza.com\/wp-content\/uploads\/2017\/08\/IMG_9736.jpg","type":"image\/jpeg"}],"author":"Patricio Guevara","twitter_card":"summary_large_image","twitter_creator":"@PressenzaIPA","twitter_site":"@PressenzaIPA","twitter_misc":{"Escrito por":"Patricio Guevara","Tiempo de lectura":"4 minutos"},"schema":{"@context":"https:\/\/schema.org","@graph":[{"@type":"Article","@id":"https:\/\/www.pressenza.com\/es\/2017\/08\/dialogo-nacional-acuerdo-la-comunicacion\/#article","isPartOf":{"@id":"https:\/\/www.pressenza.com\/es\/2017\/08\/dialogo-nacional-acuerdo-la-comunicacion\/"},"author":{"name":"Patricio Guevara","@id":"https:\/\/www.pressenza.com\/es\/#\/schema\/person\/10a3e7a4815c5f59d85d62e1604559f5"},"headline":"Di\u00e1logo nacional: acuerdo por la comunicaci\u00f3n","datePublished":"2017-08-24T13:57:36+00:00","mainEntityOfPage":{"@id":"https:\/\/www.pressenza.com\/es\/2017\/08\/dialogo-nacional-acuerdo-la-comunicacion\/"},"wordCount":787,"publisher":{"@id":"https:\/\/www.pressenza.com\/es\/#organization"},"image":{"@id":"https:\/\/www.pressenza.com\/es\/2017\/08\/dialogo-nacional-acuerdo-la-comunicacion\/#primaryimage"},"thumbnailUrl":"https:\/\/www.pressenza.com\/wp-content\/uploads\/2017\/08\/IMG_9736.jpg","keywords":["Derecho a la comunicaci\u00f3n","Dialogo Nacional","Ley Org\u00e1nica de Comunicaci\u00f3n"],"articleSection":["Contenido Original","Cultura y Medios","Derechos Humanos","Pol\u00edtica","Sudam\u00e9rica"],"inLanguage":"es"},{"@type":"WebPage","@id":"https:\/\/www.pressenza.com\/es\/2017\/08\/dialogo-nacional-acuerdo-la-comunicacion\/","url":"https:\/\/www.pressenza.com\/es\/2017\/08\/dialogo-nacional-acuerdo-la-comunicacion\/","name":"Di\u00e1logo nacional: acuerdo por la comunicaci\u00f3n","isPartOf":{"@id":"https:\/\/www.pressenza.com\/es\/#website"},"primaryImageOfPage":{"@id":"https:\/\/www.pressenza.com\/es\/2017\/08\/dialogo-nacional-acuerdo-la-comunicacion\/#primaryimage"},"image":{"@id":"https:\/\/www.pressenza.com\/es\/2017\/08\/dialogo-nacional-acuerdo-la-comunicacion\/#primaryimage"},"thumbnailUrl":"https:\/\/www.pressenza.com\/wp-content\/uploads\/2017\/08\/IMG_9736.jpg","datePublished":"2017-08-24T13:57:36+00:00","description":"Ayer, mi\u00e9rcoles 23 de agosto, en Quito, se llev\u00f3 acabo la apertura de las mesas de di\u00e1logo sobre la ley de comunicaci\u00f3n, en el sal\u00f3n Espejo de la","breadcrumb":{"@id":"https:\/\/www.pressenza.com\/es\/2017\/08\/dialogo-nacional-acuerdo-la-comunicacion\/#breadcrumb"},"inLanguage":"es","potentialAction":[{"@type":"ReadAction","target":["https:\/\/www.pressenza.com\/es\/2017\/08\/dialogo-nacional-acuerdo-la-comunicacion\/"]}]},{"@type":"ImageObject","inLanguage":"es","@id":"https:\/\/www.pressenza.com\/es\/2017\/08\/dialogo-nacional-acuerdo-la-comunicacion\/#primaryimage","url":"https:\/\/www.pressenza.com\/wp-content\/uploads\/2017\/08\/IMG_9736.jpg","contentUrl":"https:\/\/www.pressenza.com\/wp-content\/uploads\/2017\/08\/IMG_9736.jpg","width":2048,"height":1536,"caption":"Alex Mora, Secretario Nacional de Comunicaci\u00f3n"},{"@type":"BreadcrumbList","@id":"https:\/\/www.pressenza.com\/es\/2017\/08\/dialogo-nacional-acuerdo-la-comunicacion\/#breadcrumb","itemListElement":[{"@type":"ListItem","position":1,"name":"Accueil","item":"https:\/\/www.pressenza.com\/es\/"},{"@type":"ListItem","position":2,"name":"Di\u00e1logo nacional: acuerdo por la comunicaci\u00f3n"}]},{"@type":"WebSite","@id":"https:\/\/www.pressenza.com\/es\/#website","url":"https:\/\/www.pressenza.com\/es\/","name":"Pressenza","description":"International Press Agency","publisher":{"@id":"https:\/\/www.pressenza.com\/es\/#organization"},"potentialAction":[{"@type":"SearchAction","target":{"@type":"EntryPoint","urlTemplate":"https:\/\/www.pressenza.com\/es\/?s={search_term_string}"},"query-input":{"@type":"PropertyValueSpecification","valueRequired":true,"valueName":"search_term_string"}}],"inLanguage":"es"},{"@type":"Organization","@id":"https:\/\/www.pressenza.com\/es\/#organization","name":"Pressenza","url":"https:\/\/www.pressenza.com\/es\/","logo":{"@type":"ImageObject","inLanguage":"es","@id":"https:\/\/www.pressenza.com\/es\/#\/schema\/logo\/image\/","url":"https:\/\/www.pressenza.com\/wp-content\/uploads\/2022\/10\/pressenza_logo_200x200.jpg","contentUrl":"https:\/\/www.pressenza.com\/wp-content\/uploads\/2022\/10\/pressenza_logo_200x200.jpg","width":200,"height":200,"caption":"Pressenza"},"image":{"@id":"https:\/\/www.pressenza.com\/es\/#\/schema\/logo\/image\/"},"sameAs":["https:\/\/www.facebook.com\/PressenzaItalia","https:\/\/x.com\/PressenzaIPA"]},{"@type":"Person","@id":"https:\/\/www.pressenza.com\/es\/#\/schema\/person\/10a3e7a4815c5f59d85d62e1604559f5","name":"Patricio Guevara","url":"https:\/\/www.pressenza.com\/es\/author\/patricio-guevara\/"}]}},"place":"Quito, Ecuador","original_article_url":"","_links":{"self":[{"href":"https:\/\/www.pressenza.com\/es\/wp-json\/wp\/v2\/posts\/507863","targetHints":{"allow":["GET"]}}],"collection":[{"href":"https:\/\/www.pressenza.com\/es\/wp-json\/wp\/v2\/posts"}],"about":[{"href":"https:\/\/www.pressenza.com\/es\/wp-json\/wp\/v2\/types\/post"}],"author":[{"embeddable":true,"href":"https:\/\/www.pressenza.com\/es\/wp-json\/wp\/v2\/users\/1396"}],"replies":[{"embeddable":true,"href":"https:\/\/www.pressenza.com\/es\/wp-json\/wp\/v2\/comments?post=507863"}],"version-history":[{"count":0,"href":"https:\/\/www.pressenza.com\/es\/wp-json\/wp\/v2\/posts\/507863\/revisions"}],"wp:featuredmedia":[{"embeddable":true,"href":"https:\/\/www.pressenza.com\/es\/wp-json\/wp\/v2\/media\/507866"}],"wp:attachment":[{"href":"https:\/\/www.pressenza.com\/es\/wp-json\/wp\/v2\/media?parent=507863"}],"wp:term":[{"taxonomy":"category","embeddable":true,"href":"https:\/\/www.pressenza.com\/es\/wp-json\/wp\/v2\/categories?post=507863"},{"taxonomy":"post_tag","embeddable":true,"href":"https:\/\/www.pressenza.com\/es\/wp-json\/wp\/v2\/tags?post=507863"}],"curies":[{"name":"wp","href":"https:\/\/api.w.org\/{rel}","templated":true}]}}