{"id":50772,"date":"2013-05-07T21:23:08","date_gmt":"2013-05-07T20:23:08","guid":{"rendered":"http:\/\/www.pressenza.com\/?p=50772"},"modified":"2013-05-07T21:26:50","modified_gmt":"2013-05-07T20:26:50","slug":"la-violencia-del-sistema-contra-la-comunidad-qom","status":"publish","type":"post","link":"https:\/\/www.pressenza.com\/es\/2013\/05\/la-violencia-del-sistema-contra-la-comunidad-qom\/","title":{"rendered":"La violencia del sistema contra la Comunidad Qom"},"content":{"rendered":"<p style=\"text-align: justify;\">Nuevamente, como viene ocurriendo sistem\u00e1ticamente durante los \u00faltimos a\u00f1os, la violencia m\u00e1s brutal del sistema golpea el \u201crostro\u201d de la Comunidad Qom. Unos d\u00edas atr\u00e1s, un grupo de choque organizado atac\u00f3 brutalmente a varios miembros de su comunidad y tuvieron que ser hospitalizados de urgencia en el Hospital de la ciudad de Formosa.<\/p>\n<p>Las agencias de noticias, periodistas y medios de comunicaci\u00f3n tratan o no tratan el tema de acuerdo al color pol\u00edtico que los alimenta, como si se tratara de un \u201cbot\u00edn de guerra\u201d que hay que mostrar u ocultar dependiendo de la vereda en que est\u00e1n situados.<\/p>\n<p>No es objetivo de la nota hacer una cr\u00f3nica detallada del hecho, ni tampoco una rese\u00f1a hist\u00f3rica de las injusticias y la violencia que ha venido sufriendo este pueblo originario ubicado en las provincias de Chaco y Formosa de la Rep\u00fablica Argentina. Todos estos detalles se pueden encontrar sin mucho esfuerzo en las rese\u00f1as period\u00edsticas de los \u00faltimos a\u00f1os. El objetivo es simplemente levantar nuestra voz de denuncia frente a la violencia que ejerce el poder frente a los m\u00e1s despose\u00eddos.<\/p>\n<p>Todos aquellos que nos sentimos humanistas creemos firmemente que tenemos el compromiso moral de denunciar los hechos violentos que se ejercen sobre aquellos que no tienen voz o que su d\u00e9bil voz no es escuchada. \u00bfDe que sirve una democracia que no escucha a las minor\u00edas discriminadas o lo que es peor, hace silencio o es c\u00f3mplice frente a la violencia f\u00edsica a las que se los somete?<\/p>\n<p style=\"text-align: justify;\">No se trata de una situaci\u00f3n aberrante donde pueda ubicarse a los responsables solamente del lado del oficialismo, de la oposici\u00f3n, o del lado de los empresarios inescrupulosos cobijados por el poder de turno, o de cualquier otro sector involucrado. Muchos son los responsables directos y muchos otros acompa\u00f1an c\u00f3mplices con su silencio. Se trata claramente de la expresi\u00f3n m\u00e1s brutal de un sistema violento y prehist\u00f3rico que indigna a la condici\u00f3n humana. Expresi\u00f3n que se repite en la situaci\u00f3n que viven otros pueblos originarios en diferentes regiones del continente.<\/p>\n<p>Por supuesto que habr\u00e1 decenas de argumentaciones de tipo pol\u00edticas, econ\u00f3micas o jur\u00eddicas que expliquen la situaci\u00f3n e intenten justificar el conflicto. Pero, no se trata de argumentaciones o justificaciones de uno u otro bando, sino de la no-tolerancia y el repudio total como respuesta de toda una sociedad frente a la violencia sistematizada y naturalizada que ejerce un sistema pol\u00edtico y econ\u00f3mico contra los sectores m\u00e1s desprotegidos.<\/p>\n<p>Si estos hechos de violencia f\u00edsica y econ\u00f3mica ocurrieran en alguna de las grandes ciudades, seguramente muchos periodistas y medios de difusi\u00f3n ocupar\u00edan grandes titulares para cubrir la noticia y especular con el \u201cr\u00e9dito pol\u00edtico\u201d que les dejar\u00eda. Pero, estos hechos ocurren en zonas alejadas del poder central y sometidas todav\u00eda a un tipo de poder que nos hace recordar al<br \/>\nimperio de las monarqu\u00edas feudales.<\/p>\n<p>Como se lee en el blog de la Comunidad Qom, que reproduce una de las tantas notas solidarias que le han llegado:<\/p>\n<p>\u201c\u2026 necesitamos una reacci\u00f3n, ni K, ni anti K: una reacci\u00f3n ya, un volantazo hist\u00f3rico en la conducci\u00f3n, del oficialismo y la oposici\u00f3n de estos pagos, que nos permita reconciliarnos con nuestros antepasados. \u00bfSe imagina si esas fotos de los tobas desfigurados fueran de muchachos apaleados ayer, en alg\u00fan colegio privado o alg\u00fan boliche de \u201cgente bien\u201d? \u00bfQuedar\u00eda afuera de la vor\u00e1gine noticiosa o los medios no hablar\u00edan de otra cosa? http:\/\/comunidadlaprimavera.blogspot.com.ar<\/p>\n<p>Se deber\u00eda sentir una profunda indignaci\u00f3n cuando se asiste a estos hechos sistem\u00e1ticos de violencia contra los pueblos originarios en \u00e9pocas de gobiernos democr\u00e1ticos en toda la regi\u00f3n.<\/p>\n<p>Desde una mirada humanista no puede existir justificaci\u00f3n moral para sostener o validar este silencio amparados en una conveniencia electoral coyuntural.<\/p>\n<p>Desde una mirada humanista y no-violenta se hace imperioso levantar nuestra voz y multiplicar la denuncia aunque se sepa claramente que estas voces denunciantes puedan parecer d\u00e9biles o no ser\u00e1n escuchadas por los poderosos de turno.<\/p>\n<p>Tal vez, en alg\u00fan momento, estas voces se multipliquen y hagan eco en millones de otras voces que hagan salir del anonimato a estas injusticias y entonces si, la presi\u00f3n sobre los que deciden sea tal, que los obligue a dejar de lado su silencio y act\u00faen para detener la violencia que se ejerce desde el poder contra muchos pueblos originarios del continente.<\/p>\n<p>Y si alguna duda nos invadiera sobre cu\u00e1l ser\u00eda la acci\u00f3n v\u00e1lida que corresponde impulsar en estos casos, podemos recordar las palabras de aquellos gu\u00edas de la no-violencia que nos han precedido:<\/p>\n<p>..\u201dEntre tanto, los que no somos escuchados trabajaremos a partir de hoy en todas partes del mundo para presionar a los que deciden, para difundir los ideales de paz en base a la metodolog\u00eda de la no-violencia, para preparar el camino de los nuevos tiempos.\u201d (Silo, acto p\u00fablico a\u00f1o 2004)<\/p>\n<p>Levantemos la voz solidaria del Humanismo y de la no-violencia activa para denunciar la violencia del sistema contra la Comunidad Qom.<\/p>\n<p><strong>Victor Piccininni<\/strong><br \/>\n<em>Miembro de La Comunidad, para el desarrollo humano (Organismo del Movimiento Humanista),<\/em> www.lacomunidadmundial.org<\/p>\n","protected":false},"excerpt":{"rendered":"<p>Nuevamente, como viene ocurriendo sistem\u00e1ticamente durante los \u00faltimos a\u00f1os, la violencia m\u00e1s brutal del sistema golpea el \u201crostro\u201d de la Comunidad Qom. Unos d\u00edas atr\u00e1s, un grupo de choque organizado atac\u00f3 brutalmente a varios miembros de su comunidad y tuvieron&hellip;<\/p>\n","protected":false},"author":19,"featured_media":50774,"comment_status":"closed","ping_status":"open","sticky":false,"template":"","format":"standard","meta":{"footnotes":""},"categories":[161,80,67],"tags":[1529,22210,623],"class_list":["post-50772","post","type-post","status-publish","format-standard","has-post-thumbnail","hentry","category-opiniones","category-pueblos-originarios","category-sudamerica","tag-la-comunidad-para-el-desarrollo-humano-2","tag-pueblos-originarios","tag-violencia"],"yoast_head":"<!-- This site is optimized with the Yoast SEO plugin v27.1.1 - https:\/\/yoast.com\/product\/yoast-seo-wordpress\/ -->\n<title>La violencia del sistema contra la Comunidad Qom<\/title>\n<meta name=\"description\" content=\"Nuevamente, como viene ocurriendo sistem\u00e1ticamente durante los \u00faltimos a\u00f1os, la violencia m\u00e1s brutal del sistema golpea el \u201crostro\u201d de la Comunidad Qom.\" \/>\n<meta name=\"robots\" content=\"index, follow, max-snippet:-1, max-image-preview:large, max-video-preview:-1\" \/>\n<link rel=\"canonical\" href=\"https:\/\/www.pressenza.com\/es\/2013\/05\/la-violencia-del-sistema-contra-la-comunidad-qom\/\" \/>\n<meta property=\"og:locale\" content=\"es_ES\" \/>\n<meta property=\"og:type\" content=\"article\" \/>\n<meta property=\"og:title\" content=\"La violencia del sistema contra la Comunidad Qom\" \/>\n<meta property=\"og:description\" content=\"Nuevamente, como viene ocurriendo sistem\u00e1ticamente durante los \u00faltimos a\u00f1os, la violencia m\u00e1s brutal del sistema golpea el \u201crostro\u201d de la Comunidad Qom.\" \/>\n<meta property=\"og:url\" content=\"https:\/\/www.pressenza.com\/es\/2013\/05\/la-violencia-del-sistema-contra-la-comunidad-qom\/\" \/>\n<meta property=\"og:site_name\" content=\"Pressenza\" \/>\n<meta property=\"article:publisher\" content=\"https:\/\/www.facebook.com\/PressenzaItalia\" \/>\n<meta property=\"article:author\" content=\"https:\/\/www.facebook.com\/pressenza\" \/>\n<meta property=\"article:published_time\" content=\"2013-05-07T20:23:08+00:00\" \/>\n<meta property=\"article:modified_time\" content=\"2013-05-07T20:26:50+00:00\" \/>\n<meta property=\"og:image\" content=\"https:\/\/www.pressenza.com\/wp-content\/uploads\/2013\/05\/images.jpeg\" \/>\n\t<meta property=\"og:image:width\" content=\"259\" \/>\n\t<meta property=\"og:image:height\" content=\"194\" \/>\n\t<meta property=\"og:image:type\" content=\"image\/jpeg\" \/>\n<meta name=\"author\" content=\"Pressenza IPA\" \/>\n<meta name=\"twitter:card\" content=\"summary_large_image\" \/>\n<meta name=\"twitter:creator\" content=\"@PressenzaIPA\" \/>\n<meta name=\"twitter:site\" content=\"@PressenzaIPA\" \/>\n<meta name=\"twitter:label1\" content=\"Escrito por\" \/>\n\t<meta name=\"twitter:data1\" content=\"Pressenza IPA\" \/>\n\t<meta name=\"twitter:label2\" content=\"Tiempo de lectura\" \/>\n\t<meta name=\"twitter:data2\" content=\"5 minutos\" \/>\n<script type=\"application\/ld+json\" class=\"yoast-schema-graph\">{\"@context\":\"https:\/\/schema.org\",\"@graph\":[{\"@type\":\"Article\",\"@id\":\"https:\/\/www.pressenza.com\/es\/2013\/05\/la-violencia-del-sistema-contra-la-comunidad-qom\/#article\",\"isPartOf\":{\"@id\":\"https:\/\/www.pressenza.com\/es\/2013\/05\/la-violencia-del-sistema-contra-la-comunidad-qom\/\"},\"author\":{\"name\":\"Pressenza IPA\",\"@id\":\"https:\/\/www.pressenza.com\/es\/#\/schema\/person\/010e5d02bcf40965427a1289a4cc8d75\"},\"headline\":\"La violencia del sistema contra la Comunidad Qom\",\"datePublished\":\"2013-05-07T20:23:08+00:00\",\"dateModified\":\"2013-05-07T20:26:50+00:00\",\"mainEntityOfPage\":{\"@id\":\"https:\/\/www.pressenza.com\/es\/2013\/05\/la-violencia-del-sistema-contra-la-comunidad-qom\/\"},\"wordCount\":921,\"publisher\":{\"@id\":\"https:\/\/www.pressenza.com\/es\/#organization\"},\"image\":{\"@id\":\"https:\/\/www.pressenza.com\/es\/2013\/05\/la-violencia-del-sistema-contra-la-comunidad-qom\/#primaryimage\"},\"thumbnailUrl\":\"https:\/\/www.pressenza.com\/wp-content\/uploads\/2013\/05\/images.jpeg\",\"keywords\":[\"La Comunidad para el Desarrollo Humano\",\"Pueblos Originarios\",\"Violencia\"],\"articleSection\":[\"Opiniones\",\"Pueblos Originarios\",\"Sudam\u00e9rica\"],\"inLanguage\":\"es\"},{\"@type\":\"WebPage\",\"@id\":\"https:\/\/www.pressenza.com\/es\/2013\/05\/la-violencia-del-sistema-contra-la-comunidad-qom\/\",\"url\":\"https:\/\/www.pressenza.com\/es\/2013\/05\/la-violencia-del-sistema-contra-la-comunidad-qom\/\",\"name\":\"La violencia del sistema contra la Comunidad Qom\",\"isPartOf\":{\"@id\":\"https:\/\/www.pressenza.com\/es\/#website\"},\"primaryImageOfPage\":{\"@id\":\"https:\/\/www.pressenza.com\/es\/2013\/05\/la-violencia-del-sistema-contra-la-comunidad-qom\/#primaryimage\"},\"image\":{\"@id\":\"https:\/\/www.pressenza.com\/es\/2013\/05\/la-violencia-del-sistema-contra-la-comunidad-qom\/#primaryimage\"},\"thumbnailUrl\":\"https:\/\/www.pressenza.com\/wp-content\/uploads\/2013\/05\/images.jpeg\",\"datePublished\":\"2013-05-07T20:23:08+00:00\",\"dateModified\":\"2013-05-07T20:26:50+00:00\",\"description\":\"Nuevamente, como viene ocurriendo sistem\u00e1ticamente durante los \u00faltimos a\u00f1os, la violencia m\u00e1s brutal del sistema golpea el \u201crostro\u201d de la Comunidad Qom.\",\"breadcrumb\":{\"@id\":\"https:\/\/www.pressenza.com\/es\/2013\/05\/la-violencia-del-sistema-contra-la-comunidad-qom\/#breadcrumb\"},\"inLanguage\":\"es\",\"potentialAction\":[{\"@type\":\"ReadAction\",\"target\":[\"https:\/\/www.pressenza.com\/es\/2013\/05\/la-violencia-del-sistema-contra-la-comunidad-qom\/\"]}]},{\"@type\":\"ImageObject\",\"inLanguage\":\"es\",\"@id\":\"https:\/\/www.pressenza.com\/es\/2013\/05\/la-violencia-del-sistema-contra-la-comunidad-qom\/#primaryimage\",\"url\":\"https:\/\/www.pressenza.com\/wp-content\/uploads\/2013\/05\/images.jpeg\",\"contentUrl\":\"https:\/\/www.pressenza.com\/wp-content\/uploads\/2013\/05\/images.jpeg\",\"width\":259,\"height\":194},{\"@type\":\"BreadcrumbList\",\"@id\":\"https:\/\/www.pressenza.com\/es\/2013\/05\/la-violencia-del-sistema-contra-la-comunidad-qom\/#breadcrumb\",\"itemListElement\":[{\"@type\":\"ListItem\",\"position\":1,\"name\":\"Accueil\",\"item\":\"https:\/\/www.pressenza.com\/es\/\"},{\"@type\":\"ListItem\",\"position\":2,\"name\":\"La violencia del sistema contra la Comunidad Qom\"}]},{\"@type\":\"WebSite\",\"@id\":\"https:\/\/www.pressenza.com\/es\/#website\",\"url\":\"https:\/\/www.pressenza.com\/es\/\",\"name\":\"Pressenza\",\"description\":\"International Press Agency\",\"publisher\":{\"@id\":\"https:\/\/www.pressenza.com\/es\/#organization\"},\"potentialAction\":[{\"@type\":\"SearchAction\",\"target\":{\"@type\":\"EntryPoint\",\"urlTemplate\":\"https:\/\/www.pressenza.com\/es\/?s={search_term_string}\"},\"query-input\":{\"@type\":\"PropertyValueSpecification\",\"valueRequired\":true,\"valueName\":\"search_term_string\"}}],\"inLanguage\":\"es\"},{\"@type\":\"Organization\",\"@id\":\"https:\/\/www.pressenza.com\/es\/#organization\",\"name\":\"Pressenza\",\"url\":\"https:\/\/www.pressenza.com\/es\/\",\"logo\":{\"@type\":\"ImageObject\",\"inLanguage\":\"es\",\"@id\":\"https:\/\/www.pressenza.com\/es\/#\/schema\/logo\/image\/\",\"url\":\"https:\/\/www.pressenza.com\/wp-content\/uploads\/2022\/10\/pressenza_logo_200x200.jpg\",\"contentUrl\":\"https:\/\/www.pressenza.com\/wp-content\/uploads\/2022\/10\/pressenza_logo_200x200.jpg\",\"width\":200,\"height\":200,\"caption\":\"Pressenza\"},\"image\":{\"@id\":\"https:\/\/www.pressenza.com\/es\/#\/schema\/logo\/image\/\"},\"sameAs\":[\"https:\/\/www.facebook.com\/PressenzaItalia\",\"https:\/\/x.com\/PressenzaIPA\"]},{\"@type\":\"Person\",\"@id\":\"https:\/\/www.pressenza.com\/es\/#\/schema\/person\/010e5d02bcf40965427a1289a4cc8d75\",\"name\":\"Pressenza IPA\",\"description\":\"News from Pressenza IPA correspondents\",\"sameAs\":[\"https:\/\/www.facebook.com\/pressenza\",\"https:\/\/x.com\/PressenzaIPA\"],\"url\":\"https:\/\/www.pressenza.com\/es\/author\/pressenza-ipa\/\"}]}<\/script>\n<!-- \/ Yoast SEO plugin. -->","yoast_head_json":{"title":"La violencia del sistema contra la Comunidad Qom","description":"Nuevamente, como viene ocurriendo sistem\u00e1ticamente durante los \u00faltimos a\u00f1os, la violencia m\u00e1s brutal del sistema golpea el \u201crostro\u201d de la Comunidad Qom.","robots":{"index":"index","follow":"follow","max-snippet":"max-snippet:-1","max-image-preview":"max-image-preview:large","max-video-preview":"max-video-preview:-1"},"canonical":"https:\/\/www.pressenza.com\/es\/2013\/05\/la-violencia-del-sistema-contra-la-comunidad-qom\/","og_locale":"es_ES","og_type":"article","og_title":"La violencia del sistema contra la Comunidad Qom","og_description":"Nuevamente, como viene ocurriendo sistem\u00e1ticamente durante los \u00faltimos a\u00f1os, la violencia m\u00e1s brutal del sistema golpea el \u201crostro\u201d de la Comunidad Qom.","og_url":"https:\/\/www.pressenza.com\/es\/2013\/05\/la-violencia-del-sistema-contra-la-comunidad-qom\/","og_site_name":"Pressenza","article_publisher":"https:\/\/www.facebook.com\/PressenzaItalia","article_author":"https:\/\/www.facebook.com\/pressenza","article_published_time":"2013-05-07T20:23:08+00:00","article_modified_time":"2013-05-07T20:26:50+00:00","og_image":[{"width":259,"height":194,"url":"https:\/\/www.pressenza.com\/wp-content\/uploads\/2013\/05\/images.jpeg","type":"image\/jpeg"}],"author":"Pressenza IPA","twitter_card":"summary_large_image","twitter_creator":"@PressenzaIPA","twitter_site":"@PressenzaIPA","twitter_misc":{"Escrito por":"Pressenza IPA","Tiempo de lectura":"5 minutos"},"schema":{"@context":"https:\/\/schema.org","@graph":[{"@type":"Article","@id":"https:\/\/www.pressenza.com\/es\/2013\/05\/la-violencia-del-sistema-contra-la-comunidad-qom\/#article","isPartOf":{"@id":"https:\/\/www.pressenza.com\/es\/2013\/05\/la-violencia-del-sistema-contra-la-comunidad-qom\/"},"author":{"name":"Pressenza IPA","@id":"https:\/\/www.pressenza.com\/es\/#\/schema\/person\/010e5d02bcf40965427a1289a4cc8d75"},"headline":"La violencia del sistema contra la Comunidad Qom","datePublished":"2013-05-07T20:23:08+00:00","dateModified":"2013-05-07T20:26:50+00:00","mainEntityOfPage":{"@id":"https:\/\/www.pressenza.com\/es\/2013\/05\/la-violencia-del-sistema-contra-la-comunidad-qom\/"},"wordCount":921,"publisher":{"@id":"https:\/\/www.pressenza.com\/es\/#organization"},"image":{"@id":"https:\/\/www.pressenza.com\/es\/2013\/05\/la-violencia-del-sistema-contra-la-comunidad-qom\/#primaryimage"},"thumbnailUrl":"https:\/\/www.pressenza.com\/wp-content\/uploads\/2013\/05\/images.jpeg","keywords":["La Comunidad para el Desarrollo Humano","Pueblos Originarios","Violencia"],"articleSection":["Opiniones","Pueblos Originarios","Sudam\u00e9rica"],"inLanguage":"es"},{"@type":"WebPage","@id":"https:\/\/www.pressenza.com\/es\/2013\/05\/la-violencia-del-sistema-contra-la-comunidad-qom\/","url":"https:\/\/www.pressenza.com\/es\/2013\/05\/la-violencia-del-sistema-contra-la-comunidad-qom\/","name":"La violencia del sistema contra la Comunidad Qom","isPartOf":{"@id":"https:\/\/www.pressenza.com\/es\/#website"},"primaryImageOfPage":{"@id":"https:\/\/www.pressenza.com\/es\/2013\/05\/la-violencia-del-sistema-contra-la-comunidad-qom\/#primaryimage"},"image":{"@id":"https:\/\/www.pressenza.com\/es\/2013\/05\/la-violencia-del-sistema-contra-la-comunidad-qom\/#primaryimage"},"thumbnailUrl":"https:\/\/www.pressenza.com\/wp-content\/uploads\/2013\/05\/images.jpeg","datePublished":"2013-05-07T20:23:08+00:00","dateModified":"2013-05-07T20:26:50+00:00","description":"Nuevamente, como viene ocurriendo sistem\u00e1ticamente durante los \u00faltimos a\u00f1os, la violencia m\u00e1s brutal del sistema golpea el \u201crostro\u201d de la Comunidad Qom.","breadcrumb":{"@id":"https:\/\/www.pressenza.com\/es\/2013\/05\/la-violencia-del-sistema-contra-la-comunidad-qom\/#breadcrumb"},"inLanguage":"es","potentialAction":[{"@type":"ReadAction","target":["https:\/\/www.pressenza.com\/es\/2013\/05\/la-violencia-del-sistema-contra-la-comunidad-qom\/"]}]},{"@type":"ImageObject","inLanguage":"es","@id":"https:\/\/www.pressenza.com\/es\/2013\/05\/la-violencia-del-sistema-contra-la-comunidad-qom\/#primaryimage","url":"https:\/\/www.pressenza.com\/wp-content\/uploads\/2013\/05\/images.jpeg","contentUrl":"https:\/\/www.pressenza.com\/wp-content\/uploads\/2013\/05\/images.jpeg","width":259,"height":194},{"@type":"BreadcrumbList","@id":"https:\/\/www.pressenza.com\/es\/2013\/05\/la-violencia-del-sistema-contra-la-comunidad-qom\/#breadcrumb","itemListElement":[{"@type":"ListItem","position":1,"name":"Accueil","item":"https:\/\/www.pressenza.com\/es\/"},{"@type":"ListItem","position":2,"name":"La violencia del sistema contra la Comunidad Qom"}]},{"@type":"WebSite","@id":"https:\/\/www.pressenza.com\/es\/#website","url":"https:\/\/www.pressenza.com\/es\/","name":"Pressenza","description":"International Press Agency","publisher":{"@id":"https:\/\/www.pressenza.com\/es\/#organization"},"potentialAction":[{"@type":"SearchAction","target":{"@type":"EntryPoint","urlTemplate":"https:\/\/www.pressenza.com\/es\/?s={search_term_string}"},"query-input":{"@type":"PropertyValueSpecification","valueRequired":true,"valueName":"search_term_string"}}],"inLanguage":"es"},{"@type":"Organization","@id":"https:\/\/www.pressenza.com\/es\/#organization","name":"Pressenza","url":"https:\/\/www.pressenza.com\/es\/","logo":{"@type":"ImageObject","inLanguage":"es","@id":"https:\/\/www.pressenza.com\/es\/#\/schema\/logo\/image\/","url":"https:\/\/www.pressenza.com\/wp-content\/uploads\/2022\/10\/pressenza_logo_200x200.jpg","contentUrl":"https:\/\/www.pressenza.com\/wp-content\/uploads\/2022\/10\/pressenza_logo_200x200.jpg","width":200,"height":200,"caption":"Pressenza"},"image":{"@id":"https:\/\/www.pressenza.com\/es\/#\/schema\/logo\/image\/"},"sameAs":["https:\/\/www.facebook.com\/PressenzaItalia","https:\/\/x.com\/PressenzaIPA"]},{"@type":"Person","@id":"https:\/\/www.pressenza.com\/es\/#\/schema\/person\/010e5d02bcf40965427a1289a4cc8d75","name":"Pressenza IPA","description":"News from Pressenza IPA correspondents","sameAs":["https:\/\/www.facebook.com\/pressenza","https:\/\/x.com\/PressenzaIPA"],"url":"https:\/\/www.pressenza.com\/es\/author\/pressenza-ipa\/"}]}},"place":"Buenos Aires","original_article_url":"","_links":{"self":[{"href":"https:\/\/www.pressenza.com\/es\/wp-json\/wp\/v2\/posts\/50772","targetHints":{"allow":["GET"]}}],"collection":[{"href":"https:\/\/www.pressenza.com\/es\/wp-json\/wp\/v2\/posts"}],"about":[{"href":"https:\/\/www.pressenza.com\/es\/wp-json\/wp\/v2\/types\/post"}],"author":[{"embeddable":true,"href":"https:\/\/www.pressenza.com\/es\/wp-json\/wp\/v2\/users\/19"}],"replies":[{"embeddable":true,"href":"https:\/\/www.pressenza.com\/es\/wp-json\/wp\/v2\/comments?post=50772"}],"version-history":[{"count":0,"href":"https:\/\/www.pressenza.com\/es\/wp-json\/wp\/v2\/posts\/50772\/revisions"}],"wp:featuredmedia":[{"embeddable":true,"href":"https:\/\/www.pressenza.com\/es\/wp-json\/wp\/v2\/media\/50774"}],"wp:attachment":[{"href":"https:\/\/www.pressenza.com\/es\/wp-json\/wp\/v2\/media?parent=50772"}],"wp:term":[{"taxonomy":"category","embeddable":true,"href":"https:\/\/www.pressenza.com\/es\/wp-json\/wp\/v2\/categories?post=50772"},{"taxonomy":"post_tag","embeddable":true,"href":"https:\/\/www.pressenza.com\/es\/wp-json\/wp\/v2\/tags?post=50772"}],"curies":[{"name":"wp","href":"https:\/\/api.w.org\/{rel}","templated":true}]}}