{"id":50631,"date":"2013-05-07T05:09:06","date_gmt":"2013-05-07T04:09:06","guid":{"rendered":"http:\/\/www.pressenza.com\/?p=50631"},"modified":"2013-05-07T13:48:36","modified_gmt":"2013-05-07T12:48:36","slug":"el-tema-del-mar-callejon-sin-salida","status":"publish","type":"post","link":"https:\/\/www.pressenza.com\/es\/2013\/05\/el-tema-del-mar-callejon-sin-salida\/","title":{"rendered":"El tema del mar: \u00bfCallej\u00f3n sin salida?"},"content":{"rendered":"<div dir=\"ltr\" data-font-name=\"g_font_p0_1\" data-canvas-width=\"117.13978905326258\">La presentaci\u00f3n de la demanda contra Chile por el tema del mar en la Corte Internacional de Justicia, CIJ, despierta esperanzas,<\/div>\n<div dir=\"ltr\" data-font-name=\"g_font_p0_1\" data-canvas-width=\"132.97137573056503\">pero tambi\u00e9n aprensiones.<\/div>\n<div dir=\"ltr\" data-font-name=\"g_font_p0_1\" data-canvas-width=\"159.88334388346738\">La fuerza de las declaraciones del gobierno boliviano, parecen no corresponder con la tibieza de su objetivo legal. A\u00fan no se<\/div>\n<div dir=\"ltr\" data-font-name=\"g_font_p0_1\" data-canvas-width=\"159.8223376031915\">conocen los detalles del escrito, que ser\u00e1n hechos p\u00fablicos por la propia CIJ una vez que Chile haya sido informado, pero lo<\/div>\n<div dir=\"ltr\" data-font-name=\"g_font_p0_1\" data-canvas-width=\"127.55438085675982\">trascendido a trav\u00e9s de las declaraciones oficiales bolivianas no nos parece fructuoso.<\/div>\n<div dir=\"ltr\" data-font-name=\"g_font_p0_1\" data-canvas-width=\"334.38967231875614\">Bolivia parece se\u00f1alada por un estilo de pol\u00edtica cuyas realizaciones pr\u00e1cticas no corresponden con lo tronante de sus\u00a0\u00a0 proclamaciones.<\/div>\n<div dir=\"ltr\" data-font-name=\"g_font_p0_1\" data-canvas-width=\"334.5937886041309\">Se execra a los Estados Unidos, por ejemplo, pero no se rompen relaciones con ese pa\u00eds; se vilipendia al capitalismo, pero se mantienen cordiales \u2014y jugosas\u2014 relaciones con el empresariado privado. Y ahora, se afrenta a Chile, mientras se corre el riesgo de ofrecerle mayores recursos para mantener su hegemon\u00eda en el tema mar\u00edtimo.<\/div>\n<div dir=\"ltr\" data-font-name=\"g_font_p0_1\" data-canvas-width=\"320.05313078737237\">Lo que correspond\u00eda con la altisonancia oficial era que Bolivia denunciase el Tratado de 1904. Pero, se ha presentado una demanda en la que se pide al tribunal internacional que obligue a Chile a \u201cnegociar de buena fe con Bolivia un acuerdo pronto y efectivo que le otorgue una salida plenamente soberana al oc\u00e9ano Pac\u00edfico\u201d.<\/div>\n<div dir=\"ltr\" data-font-name=\"g_font_p0_1\" data-canvas-width=\"334.2973916876644\">No denunciar el Tratado de 1904 ha sido interpretado por voceros del gobierno chileno como un triunfo suyo, pues as\u00ed nuestro pa\u00eds se encadena a los t\u00e9rminos de ese compromiso. El haber suscrito Bolivia el Tratado de Bogot\u00e1 de 1948, y el haber levando la reserva que ten\u00eda, lo coloca en un callej\u00f3n cuya salida es dif\u00edcil vislumbrar.<\/div>\n<div dir=\"ltr\" data-font-name=\"g_font_p0_1\" data-canvas-width=\"15.450682743105776\">Parece que la estrategia del gobierno se reduce a ganar tiempo en base a consideraciones de pol\u00edtica interna. El tr\u00e1mite en la CIJ<\/div>\n<div dir=\"ltr\" data-font-name=\"g_font_p0_1\" data-canvas-width=\"334.3287577028315\">ser\u00e1 largo; si esa instancia se declara competente durar\u00e1 de cuatro a seis a\u00f1os. Hubo casos de procesos que duraron catorce a\u00f1os.<\/div>\n<div dir=\"ltr\" data-font-name=\"g_font_p0_1\" data-canvas-width=\"334.6450136030651\">Incluso si Bolivia resulta favorecida con dictamen, lo que se lograr\u00eda ser\u00eda volver a la mesa de negociaciones, terreno en que Chile ha demostrado repetidamente su inclemente supremac\u00eda distraccionista.<\/div>\n<div dir=\"ltr\" data-font-name=\"g_font_p0_1\" data-canvas-width=\"334.35996499184927\">El panorama no es alentador, sobre todo si tomamos en cuenta las declaraciones de la ex presidenta y candidata chilena a la<\/div>\n<div dir=\"ltr\" data-font-name=\"g_font_p0_1\" data-canvas-width=\"334.3592804853303\">presidencia Michelle Bachelet. La ingenuidad de nuestros gobernantes contaba con ella \u2014por su aproximaci\u00f3n ideol\u00f3gica\u2014 para<\/div>\n<div dir=\"ltr\" data-font-name=\"g_font_p0_1\" data-canvas-width=\"334.5227320016904\">resolver este problema. Bachelet ha deseado lo mejor para Bolivia siempre y cuando ello no afecte los intereses chilenos, calificando de \u00abserio error\u00bb la demanda boliviana ante la CIJ.<\/div>\n","protected":false},"excerpt":{"rendered":"<p>La presentaci\u00f3n de la demanda contra Chile por el tema del mar en la Corte Internacional de Justicia, CIJ, despierta esperanzas, pero tambi\u00e9n aprensiones. La fuerza de las declaraciones del gobierno boliviano, parecen no corresponder con la tibieza de su&hellip;<\/p>\n","protected":false},"author":994,"featured_media":50708,"comment_status":"closed","ping_status":"open","sticky":false,"template":"","format":"standard","meta":{"footnotes":""},"categories":[76,161,67],"tags":[],"class_list":["post-50631","post","type-post","status-publish","format-standard","has-post-thumbnail","hentry","category-relaciones-exteriores","category-opiniones","category-sudamerica"],"yoast_head":"<!-- This site is optimized with the Yoast SEO plugin v27.1.1 - https:\/\/yoast.com\/product\/yoast-seo-wordpress\/ -->\n<title>El tema del mar: \u00bfCallej\u00f3n sin salida?<\/title>\n<meta name=\"description\" content=\"La presentaci\u00f3n de la demanda contra Chile por el tema del mar en la Corte Internacional de Justicia, CIJ, despierta esperanzas, pero tambi\u00e9n aprensiones.\" \/>\n<meta name=\"robots\" content=\"index, follow, max-snippet:-1, max-image-preview:large, max-video-preview:-1\" \/>\n<link rel=\"canonical\" href=\"https:\/\/www.pressenza.com\/es\/2013\/05\/el-tema-del-mar-callejon-sin-salida\/\" \/>\n<meta property=\"og:locale\" content=\"es_ES\" \/>\n<meta property=\"og:type\" content=\"article\" \/>\n<meta property=\"og:title\" content=\"El tema del mar: \u00bfCallej\u00f3n sin salida?\" \/>\n<meta property=\"og:description\" content=\"La presentaci\u00f3n de la demanda contra Chile por el tema del mar en la Corte Internacional de Justicia, CIJ, despierta esperanzas, pero tambi\u00e9n aprensiones.\" \/>\n<meta property=\"og:url\" content=\"https:\/\/www.pressenza.com\/es\/2013\/05\/el-tema-del-mar-callejon-sin-salida\/\" \/>\n<meta property=\"og:site_name\" content=\"Pressenza\" \/>\n<meta property=\"article:publisher\" content=\"https:\/\/www.facebook.com\/PressenzaItalia\" \/>\n<meta property=\"article:published_time\" content=\"2013-05-07T04:09:06+00:00\" \/>\n<meta property=\"article:modified_time\" content=\"2013-05-07T12:48:36+00:00\" \/>\n<meta property=\"og:image\" content=\"https:\/\/www.pressenza.com\/wp-content\/uploads\/2013\/05\/Mar-Pac\u00edfico-2.jpg\" \/>\n\t<meta property=\"og:image:width\" content=\"1007\" \/>\n\t<meta property=\"og:image:height\" content=\"672\" \/>\n\t<meta property=\"og:image:type\" content=\"image\/jpeg\" \/>\n<meta name=\"author\" content=\"Pukara\" \/>\n<meta name=\"twitter:card\" content=\"summary_large_image\" \/>\n<meta name=\"twitter:creator\" content=\"@PressenzaIPA\" \/>\n<meta name=\"twitter:site\" content=\"@PressenzaIPA\" \/>\n<meta name=\"twitter:label1\" content=\"Escrito por\" \/>\n\t<meta name=\"twitter:data1\" content=\"Pukara\" \/>\n\t<meta name=\"twitter:label2\" content=\"Tiempo de lectura\" \/>\n\t<meta name=\"twitter:data2\" content=\"2 minutos\" \/>\n<script type=\"application\/ld+json\" class=\"yoast-schema-graph\">{\"@context\":\"https:\/\/schema.org\",\"@graph\":[{\"@type\":\"Article\",\"@id\":\"https:\/\/www.pressenza.com\/es\/2013\/05\/el-tema-del-mar-callejon-sin-salida\/#article\",\"isPartOf\":{\"@id\":\"https:\/\/www.pressenza.com\/es\/2013\/05\/el-tema-del-mar-callejon-sin-salida\/\"},\"author\":{\"name\":\"Pukara\",\"@id\":\"https:\/\/www.pressenza.com\/es\/#\/schema\/person\/7c078184822a8f3649063a201837de17\"},\"headline\":\"El tema del mar: \u00bfCallej\u00f3n sin salida?\",\"datePublished\":\"2013-05-07T04:09:06+00:00\",\"dateModified\":\"2013-05-07T12:48:36+00:00\",\"mainEntityOfPage\":{\"@id\":\"https:\/\/www.pressenza.com\/es\/2013\/05\/el-tema-del-mar-callejon-sin-salida\/\"},\"wordCount\":440,\"publisher\":{\"@id\":\"https:\/\/www.pressenza.com\/es\/#organization\"},\"image\":{\"@id\":\"https:\/\/www.pressenza.com\/es\/2013\/05\/el-tema-del-mar-callejon-sin-salida\/#primaryimage\"},\"thumbnailUrl\":\"https:\/\/www.pressenza.com\/wp-content\/uploads\/2013\/05\/Mar-Pac\u00edfico-2.jpg\",\"articleSection\":[\"Asuntos internacionales\",\"Opiniones\",\"Sudam\u00e9rica\"],\"inLanguage\":\"es\"},{\"@type\":\"WebPage\",\"@id\":\"https:\/\/www.pressenza.com\/es\/2013\/05\/el-tema-del-mar-callejon-sin-salida\/\",\"url\":\"https:\/\/www.pressenza.com\/es\/2013\/05\/el-tema-del-mar-callejon-sin-salida\/\",\"name\":\"El tema del mar: \u00bfCallej\u00f3n sin salida?\",\"isPartOf\":{\"@id\":\"https:\/\/www.pressenza.com\/es\/#website\"},\"primaryImageOfPage\":{\"@id\":\"https:\/\/www.pressenza.com\/es\/2013\/05\/el-tema-del-mar-callejon-sin-salida\/#primaryimage\"},\"image\":{\"@id\":\"https:\/\/www.pressenza.com\/es\/2013\/05\/el-tema-del-mar-callejon-sin-salida\/#primaryimage\"},\"thumbnailUrl\":\"https:\/\/www.pressenza.com\/wp-content\/uploads\/2013\/05\/Mar-Pac\u00edfico-2.jpg\",\"datePublished\":\"2013-05-07T04:09:06+00:00\",\"dateModified\":\"2013-05-07T12:48:36+00:00\",\"description\":\"La presentaci\u00f3n de la demanda contra Chile por el tema del mar en la Corte Internacional de Justicia, CIJ, despierta esperanzas, pero tambi\u00e9n aprensiones.\",\"breadcrumb\":{\"@id\":\"https:\/\/www.pressenza.com\/es\/2013\/05\/el-tema-del-mar-callejon-sin-salida\/#breadcrumb\"},\"inLanguage\":\"es\",\"potentialAction\":[{\"@type\":\"ReadAction\",\"target\":[\"https:\/\/www.pressenza.com\/es\/2013\/05\/el-tema-del-mar-callejon-sin-salida\/\"]}]},{\"@type\":\"ImageObject\",\"inLanguage\":\"es\",\"@id\":\"https:\/\/www.pressenza.com\/es\/2013\/05\/el-tema-del-mar-callejon-sin-salida\/#primaryimage\",\"url\":\"https:\/\/www.pressenza.com\/wp-content\/uploads\/2013\/05\/Mar-Pac\u00edfico-2.jpg\",\"contentUrl\":\"https:\/\/www.pressenza.com\/wp-content\/uploads\/2013\/05\/Mar-Pac\u00edfico-2.jpg\",\"width\":1007,\"height\":672},{\"@type\":\"BreadcrumbList\",\"@id\":\"https:\/\/www.pressenza.com\/es\/2013\/05\/el-tema-del-mar-callejon-sin-salida\/#breadcrumb\",\"itemListElement\":[{\"@type\":\"ListItem\",\"position\":1,\"name\":\"Accueil\",\"item\":\"https:\/\/www.pressenza.com\/es\/\"},{\"@type\":\"ListItem\",\"position\":2,\"name\":\"El tema del mar: \u00bfCallej\u00f3n sin salida?\"}]},{\"@type\":\"WebSite\",\"@id\":\"https:\/\/www.pressenza.com\/es\/#website\",\"url\":\"https:\/\/www.pressenza.com\/es\/\",\"name\":\"Pressenza\",\"description\":\"International Press Agency\",\"publisher\":{\"@id\":\"https:\/\/www.pressenza.com\/es\/#organization\"},\"potentialAction\":[{\"@type\":\"SearchAction\",\"target\":{\"@type\":\"EntryPoint\",\"urlTemplate\":\"https:\/\/www.pressenza.com\/es\/?s={search_term_string}\"},\"query-input\":{\"@type\":\"PropertyValueSpecification\",\"valueRequired\":true,\"valueName\":\"search_term_string\"}}],\"inLanguage\":\"es\"},{\"@type\":\"Organization\",\"@id\":\"https:\/\/www.pressenza.com\/es\/#organization\",\"name\":\"Pressenza\",\"url\":\"https:\/\/www.pressenza.com\/es\/\",\"logo\":{\"@type\":\"ImageObject\",\"inLanguage\":\"es\",\"@id\":\"https:\/\/www.pressenza.com\/es\/#\/schema\/logo\/image\/\",\"url\":\"https:\/\/www.pressenza.com\/wp-content\/uploads\/2022\/10\/pressenza_logo_200x200.jpg\",\"contentUrl\":\"https:\/\/www.pressenza.com\/wp-content\/uploads\/2022\/10\/pressenza_logo_200x200.jpg\",\"width\":200,\"height\":200,\"caption\":\"Pressenza\"},\"image\":{\"@id\":\"https:\/\/www.pressenza.com\/es\/#\/schema\/logo\/image\/\"},\"sameAs\":[\"https:\/\/www.facebook.com\/PressenzaItalia\",\"https:\/\/x.com\/PressenzaIPA\"]},{\"@type\":\"Person\",\"@id\":\"https:\/\/www.pressenza.com\/es\/#\/schema\/person\/7c078184822a8f3649063a201837de17\",\"name\":\"Pukara\",\"description\":\"El Peri\u00f3dico Pukara quiere ser un baluarte en el lucha de ideas, en el combate de principios, en la guerra conceptual, de an\u00e1lisis, de informaci\u00f3n e investigaci\u00f3n que libran los pueblos ind\u00edgenas contra el ocupante colonialista. www.periodicopukara.com\",\"sameAs\":[\"http:\/\/www.periodicopukara.com\"],\"url\":\"https:\/\/www.pressenza.com\/es\/author\/pukara\/\"}]}<\/script>\n<!-- \/ Yoast SEO plugin. -->","yoast_head_json":{"title":"El tema del mar: \u00bfCallej\u00f3n sin salida?","description":"La presentaci\u00f3n de la demanda contra Chile por el tema del mar en la Corte Internacional de Justicia, CIJ, despierta esperanzas, pero tambi\u00e9n aprensiones.","robots":{"index":"index","follow":"follow","max-snippet":"max-snippet:-1","max-image-preview":"max-image-preview:large","max-video-preview":"max-video-preview:-1"},"canonical":"https:\/\/www.pressenza.com\/es\/2013\/05\/el-tema-del-mar-callejon-sin-salida\/","og_locale":"es_ES","og_type":"article","og_title":"El tema del mar: \u00bfCallej\u00f3n sin salida?","og_description":"La presentaci\u00f3n de la demanda contra Chile por el tema del mar en la Corte Internacional de Justicia, CIJ, despierta esperanzas, pero tambi\u00e9n aprensiones.","og_url":"https:\/\/www.pressenza.com\/es\/2013\/05\/el-tema-del-mar-callejon-sin-salida\/","og_site_name":"Pressenza","article_publisher":"https:\/\/www.facebook.com\/PressenzaItalia","article_published_time":"2013-05-07T04:09:06+00:00","article_modified_time":"2013-05-07T12:48:36+00:00","og_image":[{"width":1007,"height":672,"url":"https:\/\/www.pressenza.com\/wp-content\/uploads\/2013\/05\/Mar-Pac\u00edfico-2.jpg","type":"image\/jpeg"}],"author":"Pukara","twitter_card":"summary_large_image","twitter_creator":"@PressenzaIPA","twitter_site":"@PressenzaIPA","twitter_misc":{"Escrito por":"Pukara","Tiempo de lectura":"2 minutos"},"schema":{"@context":"https:\/\/schema.org","@graph":[{"@type":"Article","@id":"https:\/\/www.pressenza.com\/es\/2013\/05\/el-tema-del-mar-callejon-sin-salida\/#article","isPartOf":{"@id":"https:\/\/www.pressenza.com\/es\/2013\/05\/el-tema-del-mar-callejon-sin-salida\/"},"author":{"name":"Pukara","@id":"https:\/\/www.pressenza.com\/es\/#\/schema\/person\/7c078184822a8f3649063a201837de17"},"headline":"El tema del mar: \u00bfCallej\u00f3n sin salida?","datePublished":"2013-05-07T04:09:06+00:00","dateModified":"2013-05-07T12:48:36+00:00","mainEntityOfPage":{"@id":"https:\/\/www.pressenza.com\/es\/2013\/05\/el-tema-del-mar-callejon-sin-salida\/"},"wordCount":440,"publisher":{"@id":"https:\/\/www.pressenza.com\/es\/#organization"},"image":{"@id":"https:\/\/www.pressenza.com\/es\/2013\/05\/el-tema-del-mar-callejon-sin-salida\/#primaryimage"},"thumbnailUrl":"https:\/\/www.pressenza.com\/wp-content\/uploads\/2013\/05\/Mar-Pac\u00edfico-2.jpg","articleSection":["Asuntos internacionales","Opiniones","Sudam\u00e9rica"],"inLanguage":"es"},{"@type":"WebPage","@id":"https:\/\/www.pressenza.com\/es\/2013\/05\/el-tema-del-mar-callejon-sin-salida\/","url":"https:\/\/www.pressenza.com\/es\/2013\/05\/el-tema-del-mar-callejon-sin-salida\/","name":"El tema del mar: \u00bfCallej\u00f3n sin salida?","isPartOf":{"@id":"https:\/\/www.pressenza.com\/es\/#website"},"primaryImageOfPage":{"@id":"https:\/\/www.pressenza.com\/es\/2013\/05\/el-tema-del-mar-callejon-sin-salida\/#primaryimage"},"image":{"@id":"https:\/\/www.pressenza.com\/es\/2013\/05\/el-tema-del-mar-callejon-sin-salida\/#primaryimage"},"thumbnailUrl":"https:\/\/www.pressenza.com\/wp-content\/uploads\/2013\/05\/Mar-Pac\u00edfico-2.jpg","datePublished":"2013-05-07T04:09:06+00:00","dateModified":"2013-05-07T12:48:36+00:00","description":"La presentaci\u00f3n de la demanda contra Chile por el tema del mar en la Corte Internacional de Justicia, CIJ, despierta esperanzas, pero tambi\u00e9n aprensiones.","breadcrumb":{"@id":"https:\/\/www.pressenza.com\/es\/2013\/05\/el-tema-del-mar-callejon-sin-salida\/#breadcrumb"},"inLanguage":"es","potentialAction":[{"@type":"ReadAction","target":["https:\/\/www.pressenza.com\/es\/2013\/05\/el-tema-del-mar-callejon-sin-salida\/"]}]},{"@type":"ImageObject","inLanguage":"es","@id":"https:\/\/www.pressenza.com\/es\/2013\/05\/el-tema-del-mar-callejon-sin-salida\/#primaryimage","url":"https:\/\/www.pressenza.com\/wp-content\/uploads\/2013\/05\/Mar-Pac\u00edfico-2.jpg","contentUrl":"https:\/\/www.pressenza.com\/wp-content\/uploads\/2013\/05\/Mar-Pac\u00edfico-2.jpg","width":1007,"height":672},{"@type":"BreadcrumbList","@id":"https:\/\/www.pressenza.com\/es\/2013\/05\/el-tema-del-mar-callejon-sin-salida\/#breadcrumb","itemListElement":[{"@type":"ListItem","position":1,"name":"Accueil","item":"https:\/\/www.pressenza.com\/es\/"},{"@type":"ListItem","position":2,"name":"El tema del mar: \u00bfCallej\u00f3n sin salida?"}]},{"@type":"WebSite","@id":"https:\/\/www.pressenza.com\/es\/#website","url":"https:\/\/www.pressenza.com\/es\/","name":"Pressenza","description":"International Press Agency","publisher":{"@id":"https:\/\/www.pressenza.com\/es\/#organization"},"potentialAction":[{"@type":"SearchAction","target":{"@type":"EntryPoint","urlTemplate":"https:\/\/www.pressenza.com\/es\/?s={search_term_string}"},"query-input":{"@type":"PropertyValueSpecification","valueRequired":true,"valueName":"search_term_string"}}],"inLanguage":"es"},{"@type":"Organization","@id":"https:\/\/www.pressenza.com\/es\/#organization","name":"Pressenza","url":"https:\/\/www.pressenza.com\/es\/","logo":{"@type":"ImageObject","inLanguage":"es","@id":"https:\/\/www.pressenza.com\/es\/#\/schema\/logo\/image\/","url":"https:\/\/www.pressenza.com\/wp-content\/uploads\/2022\/10\/pressenza_logo_200x200.jpg","contentUrl":"https:\/\/www.pressenza.com\/wp-content\/uploads\/2022\/10\/pressenza_logo_200x200.jpg","width":200,"height":200,"caption":"Pressenza"},"image":{"@id":"https:\/\/www.pressenza.com\/es\/#\/schema\/logo\/image\/"},"sameAs":["https:\/\/www.facebook.com\/PressenzaItalia","https:\/\/x.com\/PressenzaIPA"]},{"@type":"Person","@id":"https:\/\/www.pressenza.com\/es\/#\/schema\/person\/7c078184822a8f3649063a201837de17","name":"Pukara","description":"El Peri\u00f3dico Pukara quiere ser un baluarte en el lucha de ideas, en el combate de principios, en la guerra conceptual, de an\u00e1lisis, de informaci\u00f3n e investigaci\u00f3n que libran los pueblos ind\u00edgenas contra el ocupante colonialista. www.periodicopukara.com","sameAs":["http:\/\/www.periodicopukara.com"],"url":"https:\/\/www.pressenza.com\/es\/author\/pukara\/"}]}},"place":"La Paz","original_article_url":"","_links":{"self":[{"href":"https:\/\/www.pressenza.com\/es\/wp-json\/wp\/v2\/posts\/50631","targetHints":{"allow":["GET"]}}],"collection":[{"href":"https:\/\/www.pressenza.com\/es\/wp-json\/wp\/v2\/posts"}],"about":[{"href":"https:\/\/www.pressenza.com\/es\/wp-json\/wp\/v2\/types\/post"}],"author":[{"embeddable":true,"href":"https:\/\/www.pressenza.com\/es\/wp-json\/wp\/v2\/users\/994"}],"replies":[{"embeddable":true,"href":"https:\/\/www.pressenza.com\/es\/wp-json\/wp\/v2\/comments?post=50631"}],"version-history":[{"count":0,"href":"https:\/\/www.pressenza.com\/es\/wp-json\/wp\/v2\/posts\/50631\/revisions"}],"wp:featuredmedia":[{"embeddable":true,"href":"https:\/\/www.pressenza.com\/es\/wp-json\/wp\/v2\/media\/50708"}],"wp:attachment":[{"href":"https:\/\/www.pressenza.com\/es\/wp-json\/wp\/v2\/media?parent=50631"}],"wp:term":[{"taxonomy":"category","embeddable":true,"href":"https:\/\/www.pressenza.com\/es\/wp-json\/wp\/v2\/categories?post=50631"},{"taxonomy":"post_tag","embeddable":true,"href":"https:\/\/www.pressenza.com\/es\/wp-json\/wp\/v2\/tags?post=50631"}],"curies":[{"name":"wp","href":"https:\/\/api.w.org\/{rel}","templated":true}]}}