{"id":505004,"date":"2017-08-17T17:58:48","date_gmt":"2017-08-17T16:58:48","guid":{"rendered":"https:\/\/www.pressenza.com\/?p=505004\/"},"modified":"2017-08-17T17:58:48","modified_gmt":"2017-08-17T16:58:48","slug":"chile-foro-ley-medios","status":"publish","type":"post","link":"https:\/\/www.pressenza.com\/es\/2017\/08\/chile-foro-ley-medios\/","title":{"rendered":"Chile: Foro sobre Ley de Medios"},"content":{"rendered":"<p>El centro de Alumnos de la Universidad Cat\u00f3lica organiz\u00f3 un ciclo de debates a los que asistieron los representantes de los candidatos presidenciales de la Derecha, la Nueva Mayor\u00eda y el Frente Amplio respecto de los siguientes temas: Reforma a la Educaci\u00f3n Superior, Derecho a la ciudad, Pol\u00edticas culturales, Derechos de Infancia y Sename y Ley de Medios. Este \u00faltimo tuvo lugar en laFacultad de Comunicaciones, con la participaci\u00f3n de Cristi\u00e1n Urz\u00faa en representaci\u00f3n del candidato Jos\u00e9 Antonio Kast, H\u00e9ctor Vergara en representaci\u00f3n de Alejandro Guillier y P\u00eda Figueroa a nombre de Beatriz S\u00e1nchez del Frente Amplio.<\/p>\n<p>Por cierto que el representante del candidato de la Derecha sostuvo que no le parecen necesarios cambios a la legislaci\u00f3n existente, salvo las mejoras al reglamento (que est\u00e1 pendiente) que complementa la ley sobre la televisi\u00f3n digital.<\/p>\n<p>Por su parte la postura de la Nueva Mayor\u00eda enfatiz\u00f3 en los derechos de los periodistas y la necesidad de constituir un Defensor de las Audiencias.<\/p>\n<p>Solamente la representante del Frente Amplio propuso una discusi\u00f3n nacional, enmarcada en el proceso de una Asamblea Constituyente, para dar origen a una Ley de Medios que permita la creaci\u00f3n de nuevos medios p\u00fablicos as\u00ed como dar impulso a los medios comunitarios, a fin de poder contar con una pluralidad de voces que fortalezcan la participaci\u00f3n y habiliten la comunicaci\u00f3n &#8211; entendida como un derecho humano fundamental &#8211; a fin de profundizar la democracia. Destac\u00f3 que en la situaci\u00f3n actual lo que existe en el pa\u00eds es una hegemon\u00eda de los medios privados, cuyas l\u00edneas editoriales responden a los intereses econ\u00f3micos y de mercado.<\/p>\n<p>\u00abUna democracia sin pluralidad de voces y sin relatos m\u00faltiples en condiciones de igualdad\u00bb, sostuvo Figueroa, \u00abno es, en rigor, democracia\u00bb.<\/p>\n<p>Las fotos del evento son de Dalia Chiu:<\/p>\n<div class=\"post-gallery\">\n\t\t\t<figure class=\"post-gallery-item\">\n\t\t\t\t<img decoding=\"async\" src=\"https:\/\/www.pressenza.com\/wp-content\/uploads\/2017\/08\/foro1-720x480.jpg\" loading=\"lazy\">\n\t\t\t\t<figcaption>\n\t\t\t\t\t\n\t\t\t\t<\/figcaption>\n\t\t\t<\/figure>\n\t\t\t<figure class=\"post-gallery-item\">\n\t\t\t\t<img decoding=\"async\" src=\"https:\/\/www.pressenza.com\/wp-content\/uploads\/2017\/08\/foro10-720x480.jpg\" loading=\"lazy\">\n\t\t\t\t<figcaption>\n\t\t\t\t\t\n\t\t\t\t<\/figcaption>\n\t\t\t<\/figure>\n\t\t\t<figure class=\"post-gallery-item\">\n\t\t\t\t<img decoding=\"async\" src=\"https:\/\/www.pressenza.com\/wp-content\/uploads\/2017\/08\/foro9-720x480.jpg\" loading=\"lazy\">\n\t\t\t\t<figcaption>\n\t\t\t\t\t\n\t\t\t\t<\/figcaption>\n\t\t\t<\/figure>\n\t\t\t<figure class=\"post-gallery-item\">\n\t\t\t\t<img decoding=\"async\" src=\"https:\/\/www.pressenza.com\/wp-content\/uploads\/2017\/08\/foro5-720x480.jpg\" loading=\"lazy\">\n\t\t\t\t<figcaption>\n\t\t\t\t\t\n\t\t\t\t<\/figcaption>\n\t\t\t<\/figure>\n\t\t\t<figure class=\"post-gallery-item\">\n\t\t\t\t<img decoding=\"async\" src=\"https:\/\/www.pressenza.com\/wp-content\/uploads\/2017\/08\/foro7-720x480.jpg\" loading=\"lazy\">\n\t\t\t\t<figcaption>\n\t\t\t\t\t\n\t\t\t\t<\/figcaption>\n\t\t\t<\/figure><\/div>\n<p>&nbsp;<\/p>\n<p>&nbsp;<\/p>\n","protected":false},"excerpt":{"rendered":"<p>El centro de Alumnos de la Universidad Cat\u00f3lica organiz\u00f3 un ciclo de debates a los que asistieron los representantes de los candidatos presidenciales de la Derecha, la Nueva Mayor\u00eda y el Frente Amplio respecto de los siguientes temas: Reforma a&hellip;<\/p>\n","protected":false},"author":43,"featured_media":505005,"comment_status":"closed","ping_status":"closed","sticky":false,"template":"","format":"standard","meta":{"footnotes":""},"categories":[11389,75,5667,74,67],"tags":[1376,38213,1144,23118],"class_list":["post-505004","post","type-post","status-publish","format-standard","has-post-thumbnail","hentry","category-contenido-original","category-cultura-es","category-foto-reportajes","category-politica-es","category-sudamerica","tag-derecha","tag-frente-amplio","tag-ley-de-medios","tag-nueva-mayoria"],"yoast_head":"<!-- This site is optimized with the Yoast SEO plugin v27.1.1 - https:\/\/yoast.com\/product\/yoast-seo-wordpress\/ -->\n<title>Chile: Foro sobre Ley de Medios<\/title>\n<meta name=\"description\" content=\"El centro de Alumnos de la Universidad Cat\u00f3lica organiz\u00f3 un ciclo de debates a los que asistieron los representantes de los candidatos presidenciales de\" \/>\n<meta name=\"robots\" content=\"index, follow, max-snippet:-1, max-image-preview:large, max-video-preview:-1\" \/>\n<link rel=\"canonical\" href=\"https:\/\/www.pressenza.com\/es\/2017\/08\/chile-foro-ley-medios\/\" \/>\n<meta property=\"og:locale\" content=\"es_ES\" \/>\n<meta property=\"og:type\" content=\"article\" \/>\n<meta property=\"og:title\" content=\"Chile: Foro sobre Ley de Medios\" \/>\n<meta property=\"og:description\" content=\"El centro de Alumnos de la Universidad Cat\u00f3lica organiz\u00f3 un ciclo de debates a los que asistieron los representantes de los candidatos presidenciales de\" \/>\n<meta property=\"og:url\" content=\"https:\/\/www.pressenza.com\/es\/2017\/08\/chile-foro-ley-medios\/\" \/>\n<meta property=\"og:site_name\" content=\"Pressenza\" \/>\n<meta property=\"article:publisher\" content=\"https:\/\/www.facebook.com\/PressenzaItalia\" \/>\n<meta property=\"article:author\" content=\"https:\/\/www.facebook.com\/pressenza\" \/>\n<meta property=\"article:published_time\" content=\"2017-08-17T16:58:48+00:00\" \/>\n<meta property=\"og:image\" content=\"https:\/\/www.pressenza.com\/wp-content\/uploads\/2017\/08\/foro12.jpg\" \/>\n\t<meta property=\"og:image:width\" content=\"1040\" \/>\n\t<meta property=\"og:image:height\" content=\"780\" \/>\n\t<meta property=\"og:image:type\" content=\"image\/jpeg\" \/>\n<meta name=\"author\" content=\"Redacci\u00f3n Chile\" \/>\n<meta name=\"twitter:card\" content=\"summary_large_image\" \/>\n<meta name=\"twitter:creator\" content=\"@pressenza\" \/>\n<meta name=\"twitter:site\" content=\"@PressenzaIPA\" \/>\n<meta name=\"twitter:label1\" content=\"Escrito por\" \/>\n\t<meta name=\"twitter:data1\" content=\"Redacci\u00f3n Chile\" \/>\n\t<meta name=\"twitter:label2\" content=\"Tiempo de lectura\" \/>\n\t<meta name=\"twitter:data2\" content=\"2 minutos\" \/>\n<script type=\"application\/ld+json\" class=\"yoast-schema-graph\">{\"@context\":\"https:\/\/schema.org\",\"@graph\":[{\"@type\":\"Article\",\"@id\":\"https:\/\/www.pressenza.com\/es\/2017\/08\/chile-foro-ley-medios\/#article\",\"isPartOf\":{\"@id\":\"https:\/\/www.pressenza.com\/es\/2017\/08\/chile-foro-ley-medios\/\"},\"author\":{\"name\":\"Redacci\u00f3n Chile\",\"@id\":\"https:\/\/www.pressenza.com\/es\/#\/schema\/person\/d7db40df35d6698ba69ba9ee260944ed\"},\"headline\":\"Chile: Foro sobre Ley de Medios\",\"datePublished\":\"2017-08-17T16:58:48+00:00\",\"mainEntityOfPage\":{\"@id\":\"https:\/\/www.pressenza.com\/es\/2017\/08\/chile-foro-ley-medios\/\"},\"wordCount\":329,\"publisher\":{\"@id\":\"https:\/\/www.pressenza.com\/es\/#organization\"},\"image\":{\"@id\":\"https:\/\/www.pressenza.com\/es\/2017\/08\/chile-foro-ley-medios\/#primaryimage\"},\"thumbnailUrl\":\"https:\/\/www.pressenza.com\/wp-content\/uploads\/2017\/08\/foro12.jpg\",\"keywords\":[\"derecha\",\"Frente Amplio\",\"ley de medios\",\"Nueva Mayor\u00eda\"],\"articleSection\":[\"Contenido Original\",\"Cultura y Medios\",\"Fotorreportajes\",\"Pol\u00edtica\",\"Sudam\u00e9rica\"],\"inLanguage\":\"es\"},{\"@type\":\"WebPage\",\"@id\":\"https:\/\/www.pressenza.com\/es\/2017\/08\/chile-foro-ley-medios\/\",\"url\":\"https:\/\/www.pressenza.com\/es\/2017\/08\/chile-foro-ley-medios\/\",\"name\":\"Chile: Foro sobre Ley de Medios\",\"isPartOf\":{\"@id\":\"https:\/\/www.pressenza.com\/es\/#website\"},\"primaryImageOfPage\":{\"@id\":\"https:\/\/www.pressenza.com\/es\/2017\/08\/chile-foro-ley-medios\/#primaryimage\"},\"image\":{\"@id\":\"https:\/\/www.pressenza.com\/es\/2017\/08\/chile-foro-ley-medios\/#primaryimage\"},\"thumbnailUrl\":\"https:\/\/www.pressenza.com\/wp-content\/uploads\/2017\/08\/foro12.jpg\",\"datePublished\":\"2017-08-17T16:58:48+00:00\",\"description\":\"El centro de Alumnos de la Universidad Cat\u00f3lica organiz\u00f3 un ciclo de debates a los que asistieron los representantes de los candidatos presidenciales de\",\"breadcrumb\":{\"@id\":\"https:\/\/www.pressenza.com\/es\/2017\/08\/chile-foro-ley-medios\/#breadcrumb\"},\"inLanguage\":\"es\",\"potentialAction\":[{\"@type\":\"ReadAction\",\"target\":[\"https:\/\/www.pressenza.com\/es\/2017\/08\/chile-foro-ley-medios\/\"]}]},{\"@type\":\"ImageObject\",\"inLanguage\":\"es\",\"@id\":\"https:\/\/www.pressenza.com\/es\/2017\/08\/chile-foro-ley-medios\/#primaryimage\",\"url\":\"https:\/\/www.pressenza.com\/wp-content\/uploads\/2017\/08\/foro12.jpg\",\"contentUrl\":\"https:\/\/www.pressenza.com\/wp-content\/uploads\/2017\/08\/foro12.jpg\",\"width\":1040,\"height\":780},{\"@type\":\"BreadcrumbList\",\"@id\":\"https:\/\/www.pressenza.com\/es\/2017\/08\/chile-foro-ley-medios\/#breadcrumb\",\"itemListElement\":[{\"@type\":\"ListItem\",\"position\":1,\"name\":\"Accueil\",\"item\":\"https:\/\/www.pressenza.com\/es\/\"},{\"@type\":\"ListItem\",\"position\":2,\"name\":\"Chile: Foro sobre Ley de Medios\"}]},{\"@type\":\"WebSite\",\"@id\":\"https:\/\/www.pressenza.com\/es\/#website\",\"url\":\"https:\/\/www.pressenza.com\/es\/\",\"name\":\"Pressenza\",\"description\":\"International Press Agency\",\"publisher\":{\"@id\":\"https:\/\/www.pressenza.com\/es\/#organization\"},\"potentialAction\":[{\"@type\":\"SearchAction\",\"target\":{\"@type\":\"EntryPoint\",\"urlTemplate\":\"https:\/\/www.pressenza.com\/es\/?s={search_term_string}\"},\"query-input\":{\"@type\":\"PropertyValueSpecification\",\"valueRequired\":true,\"valueName\":\"search_term_string\"}}],\"inLanguage\":\"es\"},{\"@type\":\"Organization\",\"@id\":\"https:\/\/www.pressenza.com\/es\/#organization\",\"name\":\"Pressenza\",\"url\":\"https:\/\/www.pressenza.com\/es\/\",\"logo\":{\"@type\":\"ImageObject\",\"inLanguage\":\"es\",\"@id\":\"https:\/\/www.pressenza.com\/es\/#\/schema\/logo\/image\/\",\"url\":\"https:\/\/www.pressenza.com\/wp-content\/uploads\/2022\/10\/pressenza_logo_200x200.jpg\",\"contentUrl\":\"https:\/\/www.pressenza.com\/wp-content\/uploads\/2022\/10\/pressenza_logo_200x200.jpg\",\"width\":200,\"height\":200,\"caption\":\"Pressenza\"},\"image\":{\"@id\":\"https:\/\/www.pressenza.com\/es\/#\/schema\/logo\/image\/\"},\"sameAs\":[\"https:\/\/www.facebook.com\/PressenzaItalia\",\"https:\/\/x.com\/PressenzaIPA\"]},{\"@type\":\"Person\",\"@id\":\"https:\/\/www.pressenza.com\/es\/#\/schema\/person\/d7db40df35d6698ba69ba9ee260944ed\",\"name\":\"Redacci\u00f3n Chile\",\"description\":\"News from the Pressenza Bureau in Chile\",\"sameAs\":[\"https:\/\/www.facebook.com\/pressenza\",\"https:\/\/x.com\/pressenza\"],\"url\":\"https:\/\/www.pressenza.com\/es\/author\/redaccion-chile\/\"}]}<\/script>\n<!-- \/ Yoast SEO plugin. -->","yoast_head_json":{"title":"Chile: Foro sobre Ley de Medios","description":"El centro de Alumnos de la Universidad Cat\u00f3lica organiz\u00f3 un ciclo de debates a los que asistieron los representantes de los candidatos presidenciales de","robots":{"index":"index","follow":"follow","max-snippet":"max-snippet:-1","max-image-preview":"max-image-preview:large","max-video-preview":"max-video-preview:-1"},"canonical":"https:\/\/www.pressenza.com\/es\/2017\/08\/chile-foro-ley-medios\/","og_locale":"es_ES","og_type":"article","og_title":"Chile: Foro sobre Ley de Medios","og_description":"El centro de Alumnos de la Universidad Cat\u00f3lica organiz\u00f3 un ciclo de debates a los que asistieron los representantes de los candidatos presidenciales de","og_url":"https:\/\/www.pressenza.com\/es\/2017\/08\/chile-foro-ley-medios\/","og_site_name":"Pressenza","article_publisher":"https:\/\/www.facebook.com\/PressenzaItalia","article_author":"https:\/\/www.facebook.com\/pressenza","article_published_time":"2017-08-17T16:58:48+00:00","og_image":[{"width":1040,"height":780,"url":"https:\/\/www.pressenza.com\/wp-content\/uploads\/2017\/08\/foro12.jpg","type":"image\/jpeg"}],"author":"Redacci\u00f3n Chile","twitter_card":"summary_large_image","twitter_creator":"@pressenza","twitter_site":"@PressenzaIPA","twitter_misc":{"Escrito por":"Redacci\u00f3n Chile","Tiempo de lectura":"2 minutos"},"schema":{"@context":"https:\/\/schema.org","@graph":[{"@type":"Article","@id":"https:\/\/www.pressenza.com\/es\/2017\/08\/chile-foro-ley-medios\/#article","isPartOf":{"@id":"https:\/\/www.pressenza.com\/es\/2017\/08\/chile-foro-ley-medios\/"},"author":{"name":"Redacci\u00f3n Chile","@id":"https:\/\/www.pressenza.com\/es\/#\/schema\/person\/d7db40df35d6698ba69ba9ee260944ed"},"headline":"Chile: Foro sobre Ley de Medios","datePublished":"2017-08-17T16:58:48+00:00","mainEntityOfPage":{"@id":"https:\/\/www.pressenza.com\/es\/2017\/08\/chile-foro-ley-medios\/"},"wordCount":329,"publisher":{"@id":"https:\/\/www.pressenza.com\/es\/#organization"},"image":{"@id":"https:\/\/www.pressenza.com\/es\/2017\/08\/chile-foro-ley-medios\/#primaryimage"},"thumbnailUrl":"https:\/\/www.pressenza.com\/wp-content\/uploads\/2017\/08\/foro12.jpg","keywords":["derecha","Frente Amplio","ley de medios","Nueva Mayor\u00eda"],"articleSection":["Contenido Original","Cultura y Medios","Fotorreportajes","Pol\u00edtica","Sudam\u00e9rica"],"inLanguage":"es"},{"@type":"WebPage","@id":"https:\/\/www.pressenza.com\/es\/2017\/08\/chile-foro-ley-medios\/","url":"https:\/\/www.pressenza.com\/es\/2017\/08\/chile-foro-ley-medios\/","name":"Chile: Foro sobre Ley de Medios","isPartOf":{"@id":"https:\/\/www.pressenza.com\/es\/#website"},"primaryImageOfPage":{"@id":"https:\/\/www.pressenza.com\/es\/2017\/08\/chile-foro-ley-medios\/#primaryimage"},"image":{"@id":"https:\/\/www.pressenza.com\/es\/2017\/08\/chile-foro-ley-medios\/#primaryimage"},"thumbnailUrl":"https:\/\/www.pressenza.com\/wp-content\/uploads\/2017\/08\/foro12.jpg","datePublished":"2017-08-17T16:58:48+00:00","description":"El centro de Alumnos de la Universidad Cat\u00f3lica organiz\u00f3 un ciclo de debates a los que asistieron los representantes de los candidatos presidenciales de","breadcrumb":{"@id":"https:\/\/www.pressenza.com\/es\/2017\/08\/chile-foro-ley-medios\/#breadcrumb"},"inLanguage":"es","potentialAction":[{"@type":"ReadAction","target":["https:\/\/www.pressenza.com\/es\/2017\/08\/chile-foro-ley-medios\/"]}]},{"@type":"ImageObject","inLanguage":"es","@id":"https:\/\/www.pressenza.com\/es\/2017\/08\/chile-foro-ley-medios\/#primaryimage","url":"https:\/\/www.pressenza.com\/wp-content\/uploads\/2017\/08\/foro12.jpg","contentUrl":"https:\/\/www.pressenza.com\/wp-content\/uploads\/2017\/08\/foro12.jpg","width":1040,"height":780},{"@type":"BreadcrumbList","@id":"https:\/\/www.pressenza.com\/es\/2017\/08\/chile-foro-ley-medios\/#breadcrumb","itemListElement":[{"@type":"ListItem","position":1,"name":"Accueil","item":"https:\/\/www.pressenza.com\/es\/"},{"@type":"ListItem","position":2,"name":"Chile: Foro sobre Ley de Medios"}]},{"@type":"WebSite","@id":"https:\/\/www.pressenza.com\/es\/#website","url":"https:\/\/www.pressenza.com\/es\/","name":"Pressenza","description":"International Press Agency","publisher":{"@id":"https:\/\/www.pressenza.com\/es\/#organization"},"potentialAction":[{"@type":"SearchAction","target":{"@type":"EntryPoint","urlTemplate":"https:\/\/www.pressenza.com\/es\/?s={search_term_string}"},"query-input":{"@type":"PropertyValueSpecification","valueRequired":true,"valueName":"search_term_string"}}],"inLanguage":"es"},{"@type":"Organization","@id":"https:\/\/www.pressenza.com\/es\/#organization","name":"Pressenza","url":"https:\/\/www.pressenza.com\/es\/","logo":{"@type":"ImageObject","inLanguage":"es","@id":"https:\/\/www.pressenza.com\/es\/#\/schema\/logo\/image\/","url":"https:\/\/www.pressenza.com\/wp-content\/uploads\/2022\/10\/pressenza_logo_200x200.jpg","contentUrl":"https:\/\/www.pressenza.com\/wp-content\/uploads\/2022\/10\/pressenza_logo_200x200.jpg","width":200,"height":200,"caption":"Pressenza"},"image":{"@id":"https:\/\/www.pressenza.com\/es\/#\/schema\/logo\/image\/"},"sameAs":["https:\/\/www.facebook.com\/PressenzaItalia","https:\/\/x.com\/PressenzaIPA"]},{"@type":"Person","@id":"https:\/\/www.pressenza.com\/es\/#\/schema\/person\/d7db40df35d6698ba69ba9ee260944ed","name":"Redacci\u00f3n Chile","description":"News from the Pressenza Bureau in Chile","sameAs":["https:\/\/www.facebook.com\/pressenza","https:\/\/x.com\/pressenza"],"url":"https:\/\/www.pressenza.com\/es\/author\/redaccion-chile\/"}]}},"place":"Santiago de Chile","original_article_url":"","_links":{"self":[{"href":"https:\/\/www.pressenza.com\/es\/wp-json\/wp\/v2\/posts\/505004","targetHints":{"allow":["GET"]}}],"collection":[{"href":"https:\/\/www.pressenza.com\/es\/wp-json\/wp\/v2\/posts"}],"about":[{"href":"https:\/\/www.pressenza.com\/es\/wp-json\/wp\/v2\/types\/post"}],"author":[{"embeddable":true,"href":"https:\/\/www.pressenza.com\/es\/wp-json\/wp\/v2\/users\/43"}],"replies":[{"embeddable":true,"href":"https:\/\/www.pressenza.com\/es\/wp-json\/wp\/v2\/comments?post=505004"}],"version-history":[{"count":0,"href":"https:\/\/www.pressenza.com\/es\/wp-json\/wp\/v2\/posts\/505004\/revisions"}],"wp:featuredmedia":[{"embeddable":true,"href":"https:\/\/www.pressenza.com\/es\/wp-json\/wp\/v2\/media\/505005"}],"wp:attachment":[{"href":"https:\/\/www.pressenza.com\/es\/wp-json\/wp\/v2\/media?parent=505004"}],"wp:term":[{"taxonomy":"category","embeddable":true,"href":"https:\/\/www.pressenza.com\/es\/wp-json\/wp\/v2\/categories?post=505004"},{"taxonomy":"post_tag","embeddable":true,"href":"https:\/\/www.pressenza.com\/es\/wp-json\/wp\/v2\/tags?post=505004"}],"curies":[{"name":"wp","href":"https:\/\/api.w.org\/{rel}","templated":true}]}}