{"id":50498,"date":"2013-05-05T04:28:27","date_gmt":"2013-05-05T03:28:27","guid":{"rendered":"http:\/\/www.pressenza.com\/?p=50498"},"modified":"2013-05-05T04:28:27","modified_gmt":"2013-05-05T03:28:27","slug":"la-izquierda-de-francia-dice-que-hollande-no-respeto-sus-promesas","status":"publish","type":"post","link":"https:\/\/www.pressenza.com\/es\/2013\/05\/la-izquierda-de-francia-dice-que-hollande-no-respeto-sus-promesas\/","title":{"rendered":"La izquierda de Francia dice que Hollande no respet\u00f3 sus promesas"},"content":{"rendered":"<p style=\"text-align: justify;\">El lunes se cumplir\u00e1 un a\u00f1o de la elecci\u00f3n del presidente socialista. Por eso, la principal coalici\u00f3n de izquierda marchar\u00e1 este domingo para exigirle que respete sus promesas electorales y cambie la orientaci\u00f3n de su econom\u00eda.<\/p>\n<p style=\"text-align: justify;\">\u201cLos francesas votaron contra Sarkozy y su pol\u00edtica de austeridad. (Francois)\u00a0Hollande se hab\u00eda comprometido a renegociar el tratado de austeridad europeo para terminar con el ajuste y a combatir el mundo de las finanzas, pero esas dos promesas se cayeron.\u00a0Hollande se dio vuelta 180 grados\u201d, le dijo a T\u00e9lam Raquel Garrido, portavoz internacional del Frente de Izquierda (FI), organizador de la manifestaci\u00f3n de ma\u00f1ana.<\/p>\n<p style=\"text-align: justify;\">\u201cEl a\u00f1o pasado en su libro \u2018Que se vayan todos\u2019 (Qu\u2019ils s\u2019en aillent\u00a0 tous\u2019), Jean-Luc M\u00e9lenchon, explic\u00f3 que, al igual que en Argentina, el pueblo iba a rechazar en Francia a toda la clase pol\u00edtica\u00bb, se\u00f1al\u00f3 la vocera de la izquierda.<\/p>\n<p>\u00abEstamos llegando a ese momento con una crisis econ\u00f3mica y moral, en los m\u00e1s altos niveles del Estado se ve que hay un vaiv\u00e9n constante, muy grave en las altas esferas del sector p\u00fablico y las grandes corporaciones privadas\u00bb, prosigui\u00f3 Garrido ante T\u00e9lam.<\/p>\n<p>Asimismo, la portavoz internacional del FI, conformado principalmente por el Partido Comunista Franc\u00e9s y el Partido de Izquierda puso como modelo a Am\u00e9rica latina.<\/p>\n<p>\u201cNuestro conocimiento de Am\u00e9rica latina, y de Argentina en particular, no permite ver otros escenarios posibles\u201d, sostuvo.<\/p>\n<p>\u201cPor ejemplo, en Venezuela se moviliz\u00f3 la sociedad para instaurar una Asamblea Constituyente y partir de nuevas bases. Hay que cambiar las instituciones, conseguir con la convocatoria de una asamblea constituyente transformar la sociedad, pero que ella participe pues de lo contrario le conviene a los sectores conservadores y extrema derecha\u201d, precis\u00f3.<\/p>\n<p>Para el primer aniversario de su gobierno, el cada vez m\u00e1s impopular Hollande (su imagen positiva cay\u00f3 del 62% al 27% en 12 meses), ver\u00e1 como lo partidos de izquierda que apoyaron su candidatura en la segunda vuelta de la elecci\u00f3n presidencial manifestar\u00e1n en su contra.<\/p>\n<p>El carism\u00e1tico l\u00edder izquierdista, M\u00e9lenchon, fue quien convoc\u00f3 a esta \u201cmarcha ciudadana para que el pueblo exija una Asamblea Constituyente que permita purificar esta atm\u00f3sfera pol\u00edtica absolutamente insoportable\u201d.<\/p>\n<p>M\u00e9lenchon, cuarto en la \u00faltima elecci\u00f3n presidencial con el 11% de los votos y, quiz\u00e1s, el m\u00e1s ferviente cr\u00edtico de Hollande, pretende demostrar que \u201cexiste una izquierda verdadera en este pa\u00eds y estar\u00e1 ma\u00f1ana en la calle\u201d, afirm\u00f3 ayer en el canal privado de noticias BFM TV.<\/p>\n<p>Para la vocera Garrido, nacida en Valpara\u00edso (Chile) pero exiliada de ni\u00f1a en Francia junto a su familia, el objetivo de esta in\u00e9dita movilizaci\u00f3n es superar las 100.000 personas. La manifestaci\u00f3n comenzar\u00e1 a las 13h30 (8h30 de Argentina) e unir\u00e1 las plazas de la Bastilla y Naci\u00f3n.<\/p>\n<p>De la movilizaci\u00f3n participar\u00e1n otros partidos de izquierda y algunos representantes ecologistas, como la ex candidata presidencial de la alianza Europa Ecol\u00f3gica-Los Verdes\u00a0 (EELV), Eva Joly, cuyo anuncio de que se sumar\u00e1 a la marcha contra Hollande potenci\u00f3 las divisiones dentro de los ecologistas, que cuentan con dos ministros en el gobierno.<\/p>\n<p>Diezmado por la crisis econ\u00f3mica y la impopularidad, Hollande opt\u00f3 por no celebrar su primer aniversario en el poder. Por eso, ser\u00e1 el primer ministro Jean-Marc Ayrault quien defender\u00e1 el balance de gesti\u00f3n en el noticiero m\u00e1s visto de la televisi\u00f3n francesa.<\/p>\n<p>En un documento publicado en el sitio de internet de la presidencia gala, el gobierno afirm\u00f3 que ya cumpli\u00f3 m\u00e1s de la mitad de sus 60 promesas de campa\u00f1a.<\/p>\n<p>En cambio para la vocera \u201cexiste un sentimiento de desaprobaci\u00f3n por parte de los franceses y tiene que ver con las pol\u00edticas de ajuste y austeridad que sufre Europa\u00bb.<\/p>\n<p>\u201cHay una sensaci\u00f3n de que no sirve votar porque cuando uno va a votar, si los dos candidatos que quedan defienden una misma pol\u00edtica econ\u00f3mica, \u00bfpara qu\u00e9 sirve su voto?\u201d, se pregunt\u00f3 Garrido, candidata al Parlamento en representaci\u00f3n de los franceses que viven en Am\u00e9rica Latina.<\/p>\n<p>Cuatro d\u00edas despu\u00e9s de la tradicional manifestaci\u00f3n por el D\u00eda del Trabajador, donde los sindicatos galos lograron una modesta movilizaci\u00f3n (entre 100.000 y 160.000 personas, seg\u00fan las fuentes), los partidos de izquierda buscan recordarle al presidente que fue electo con los votos de todos los partidos de izquierda en la segunda vuelta.<\/p>\n<p>\u201cSi el PS tiene mayor\u00eda en ambas C\u00e1maras y lleg\u00f3 al gobierno es con el apoyo de los electores de izquierda. Por eso sostenemos que no es natural que el centro de gravedad de este gobierno se oriente a la derecha ni hacia el ala liberal del Socialismo\u201d, le dijo a T\u00e9lam Garrido.<\/p>\n<p>En el inicio de las vacaciones escolares de primavera en la regi\u00f3n parisina otra manifestaci\u00f3n tendr\u00e1 lugar ma\u00f1ana en la capital contra el matrimonio igualitario, ya adoptado por el Parlamento pero que a\u00fan debe ser examinado por el Consejo Constitucional antes de entrar en vigor.<\/p>\n<p>La movilizaci\u00f3n, que tambi\u00e9n tendr\u00e1 lugar en Lyon, Toulouse, Rennes, Lille, Montpelier y Dijon, fue convocada por \u201cManifestaci\u00f3n para todos\u2019, integrado por asociaciones cat\u00f3licas y apoyado por partidos pol\u00edticos conservadores, ultraderechistas e integristas cat\u00f3licos.<\/p>\n","protected":false},"excerpt":{"rendered":"<p>El lunes se cumplir\u00e1 un a\u00f1o de la elecci\u00f3n del presidente socialista. Por eso, la principal coalici\u00f3n de izquierda marchar\u00e1 este domingo para exigirle que respete sus promesas electorales y cambie la orientaci\u00f3n de su econom\u00eda. \u201cLos francesas votaron contra&hellip;<\/p>\n","protected":false},"author":494,"featured_media":50500,"comment_status":"closed","ping_status":"open","sticky":false,"template":"","format":"standard","meta":{"footnotes":""},"categories":[66,74],"tags":[],"class_list":["post-50498","post","type-post","status-publish","format-standard","has-post-thumbnail","hentry","category-europa-es","category-politica-es"],"yoast_head":"<!-- This site is optimized with the Yoast SEO plugin v27.1.1 - https:\/\/yoast.com\/product\/yoast-seo-wordpress\/ -->\n<title>La izquierda de Francia dice que Hollande no respet\u00f3 sus promesas<\/title>\n<meta name=\"description\" content=\"El lunes se cumplir\u00e1 un a\u00f1o de la elecci\u00f3n del presidente socialista. Por eso, la principal coalici\u00f3n de izquierda marchar\u00e1 este domingo para exigirle que\" \/>\n<meta name=\"robots\" content=\"index, follow, max-snippet:-1, max-image-preview:large, max-video-preview:-1\" \/>\n<link rel=\"canonical\" href=\"https:\/\/www.pressenza.com\/es\/2013\/05\/la-izquierda-de-francia-dice-que-hollande-no-respeto-sus-promesas\/\" \/>\n<meta property=\"og:locale\" content=\"es_ES\" \/>\n<meta property=\"og:type\" content=\"article\" \/>\n<meta property=\"og:title\" content=\"La izquierda de Francia dice que Hollande no respet\u00f3 sus promesas\" \/>\n<meta property=\"og:description\" content=\"El lunes se cumplir\u00e1 un a\u00f1o de la elecci\u00f3n del presidente socialista. Por eso, la principal coalici\u00f3n de izquierda marchar\u00e1 este domingo para exigirle que\" \/>\n<meta property=\"og:url\" content=\"https:\/\/www.pressenza.com\/es\/2013\/05\/la-izquierda-de-francia-dice-que-hollande-no-respeto-sus-promesas\/\" \/>\n<meta property=\"og:site_name\" content=\"Pressenza\" \/>\n<meta property=\"article:publisher\" content=\"https:\/\/www.facebook.com\/PressenzaItalia\" \/>\n<meta property=\"article:author\" content=\"https:\/\/www.facebook.com\/AgenciaTELAM\" \/>\n<meta property=\"article:published_time\" content=\"2013-05-05T03:28:27+00:00\" \/>\n<meta property=\"og:image\" content=\"https:\/\/www.pressenza.com\/wp-content\/uploads\/2013\/05\/Francia.jpg\" \/>\n\t<meta property=\"og:image:width\" content=\"260\" \/>\n\t<meta property=\"og:image:height\" content=\"221\" \/>\n\t<meta property=\"og:image:type\" content=\"image\/jpeg\" \/>\n<meta name=\"author\" content=\"T\u00e9lam - Agencia Nacional de Noticias de la Rep\u00fablica Argentina\" \/>\n<meta name=\"twitter:card\" content=\"summary_large_image\" \/>\n<meta name=\"twitter:creator\" content=\"@AgenciaTelam\" \/>\n<meta name=\"twitter:site\" content=\"@PressenzaIPA\" \/>\n<meta name=\"twitter:label1\" content=\"Escrito por\" \/>\n\t<meta name=\"twitter:data1\" content=\"T\u00e9lam - Agencia Nacional de Noticias de la Rep\u00fablica Argentina\" \/>\n\t<meta name=\"twitter:label2\" content=\"Tiempo de lectura\" \/>\n\t<meta name=\"twitter:data2\" content=\"5 minutos\" \/>\n<script type=\"application\/ld+json\" class=\"yoast-schema-graph\">{\"@context\":\"https:\/\/schema.org\",\"@graph\":[{\"@type\":\"Article\",\"@id\":\"https:\/\/www.pressenza.com\/es\/2013\/05\/la-izquierda-de-francia-dice-que-hollande-no-respeto-sus-promesas\/#article\",\"isPartOf\":{\"@id\":\"https:\/\/www.pressenza.com\/es\/2013\/05\/la-izquierda-de-francia-dice-que-hollande-no-respeto-sus-promesas\/\"},\"author\":{\"name\":\"T\u00e9lam - Agencia Nacional de Noticias de la Rep\u00fablica Argentina\",\"@id\":\"https:\/\/www.pressenza.com\/es\/#\/schema\/person\/f1a879435e38cd8f69eac14ebf21489e\"},\"headline\":\"La izquierda de Francia dice que Hollande no respet\u00f3 sus promesas\",\"datePublished\":\"2013-05-05T03:28:27+00:00\",\"mainEntityOfPage\":{\"@id\":\"https:\/\/www.pressenza.com\/es\/2013\/05\/la-izquierda-de-francia-dice-que-hollande-no-respeto-sus-promesas\/\"},\"wordCount\":911,\"publisher\":{\"@id\":\"https:\/\/www.pressenza.com\/es\/#organization\"},\"image\":{\"@id\":\"https:\/\/www.pressenza.com\/es\/2013\/05\/la-izquierda-de-francia-dice-que-hollande-no-respeto-sus-promesas\/#primaryimage\"},\"thumbnailUrl\":\"https:\/\/www.pressenza.com\/wp-content\/uploads\/2013\/05\/Francia.jpg\",\"articleSection\":[\"Europa\",\"Pol\u00edtica\"],\"inLanguage\":\"es\"},{\"@type\":\"WebPage\",\"@id\":\"https:\/\/www.pressenza.com\/es\/2013\/05\/la-izquierda-de-francia-dice-que-hollande-no-respeto-sus-promesas\/\",\"url\":\"https:\/\/www.pressenza.com\/es\/2013\/05\/la-izquierda-de-francia-dice-que-hollande-no-respeto-sus-promesas\/\",\"name\":\"La izquierda de Francia dice que Hollande no respet\u00f3 sus promesas\",\"isPartOf\":{\"@id\":\"https:\/\/www.pressenza.com\/es\/#website\"},\"primaryImageOfPage\":{\"@id\":\"https:\/\/www.pressenza.com\/es\/2013\/05\/la-izquierda-de-francia-dice-que-hollande-no-respeto-sus-promesas\/#primaryimage\"},\"image\":{\"@id\":\"https:\/\/www.pressenza.com\/es\/2013\/05\/la-izquierda-de-francia-dice-que-hollande-no-respeto-sus-promesas\/#primaryimage\"},\"thumbnailUrl\":\"https:\/\/www.pressenza.com\/wp-content\/uploads\/2013\/05\/Francia.jpg\",\"datePublished\":\"2013-05-05T03:28:27+00:00\",\"description\":\"El lunes se cumplir\u00e1 un a\u00f1o de la elecci\u00f3n del presidente socialista. Por eso, la principal coalici\u00f3n de izquierda marchar\u00e1 este domingo para exigirle que\",\"breadcrumb\":{\"@id\":\"https:\/\/www.pressenza.com\/es\/2013\/05\/la-izquierda-de-francia-dice-que-hollande-no-respeto-sus-promesas\/#breadcrumb\"},\"inLanguage\":\"es\",\"potentialAction\":[{\"@type\":\"ReadAction\",\"target\":[\"https:\/\/www.pressenza.com\/es\/2013\/05\/la-izquierda-de-francia-dice-que-hollande-no-respeto-sus-promesas\/\"]}]},{\"@type\":\"ImageObject\",\"inLanguage\":\"es\",\"@id\":\"https:\/\/www.pressenza.com\/es\/2013\/05\/la-izquierda-de-francia-dice-que-hollande-no-respeto-sus-promesas\/#primaryimage\",\"url\":\"https:\/\/www.pressenza.com\/wp-content\/uploads\/2013\/05\/Francia.jpg\",\"contentUrl\":\"https:\/\/www.pressenza.com\/wp-content\/uploads\/2013\/05\/Francia.jpg\",\"width\":260,\"height\":221},{\"@type\":\"BreadcrumbList\",\"@id\":\"https:\/\/www.pressenza.com\/es\/2013\/05\/la-izquierda-de-francia-dice-que-hollande-no-respeto-sus-promesas\/#breadcrumb\",\"itemListElement\":[{\"@type\":\"ListItem\",\"position\":1,\"name\":\"Accueil\",\"item\":\"https:\/\/www.pressenza.com\/es\/\"},{\"@type\":\"ListItem\",\"position\":2,\"name\":\"La izquierda de Francia dice que Hollande no respet\u00f3 sus promesas\"}]},{\"@type\":\"WebSite\",\"@id\":\"https:\/\/www.pressenza.com\/es\/#website\",\"url\":\"https:\/\/www.pressenza.com\/es\/\",\"name\":\"Pressenza\",\"description\":\"International Press Agency\",\"publisher\":{\"@id\":\"https:\/\/www.pressenza.com\/es\/#organization\"},\"potentialAction\":[{\"@type\":\"SearchAction\",\"target\":{\"@type\":\"EntryPoint\",\"urlTemplate\":\"https:\/\/www.pressenza.com\/es\/?s={search_term_string}\"},\"query-input\":{\"@type\":\"PropertyValueSpecification\",\"valueRequired\":true,\"valueName\":\"search_term_string\"}}],\"inLanguage\":\"es\"},{\"@type\":\"Organization\",\"@id\":\"https:\/\/www.pressenza.com\/es\/#organization\",\"name\":\"Pressenza\",\"url\":\"https:\/\/www.pressenza.com\/es\/\",\"logo\":{\"@type\":\"ImageObject\",\"inLanguage\":\"es\",\"@id\":\"https:\/\/www.pressenza.com\/es\/#\/schema\/logo\/image\/\",\"url\":\"https:\/\/www.pressenza.com\/wp-content\/uploads\/2022\/10\/pressenza_logo_200x200.jpg\",\"contentUrl\":\"https:\/\/www.pressenza.com\/wp-content\/uploads\/2022\/10\/pressenza_logo_200x200.jpg\",\"width\":200,\"height\":200,\"caption\":\"Pressenza\"},\"image\":{\"@id\":\"https:\/\/www.pressenza.com\/es\/#\/schema\/logo\/image\/\"},\"sameAs\":[\"https:\/\/www.facebook.com\/PressenzaItalia\",\"https:\/\/x.com\/PressenzaIPA\"]},{\"@type\":\"Person\",\"@id\":\"https:\/\/www.pressenza.com\/es\/#\/schema\/person\/f1a879435e38cd8f69eac14ebf21489e\",\"name\":\"T\u00e9lam - Agencia Nacional de Noticias de la Rep\u00fablica Argentina\",\"description\":\"T\u00e9lam es una de las grandes agencias de noticias a nivel regional. El prestigio, acceso a fuentes oficiales, la cobertura en todo el territorio nacional y corresponsal\u00edas en el exterior; y la responsabilidad en el tratamiento informativo son caracter\u00edsticas que colocan a T\u00e9lam en referente period\u00edstico confiable y cre\u00edble en el pa\u00eds y en el mundo. Sostiene un servicio actualizado, detallado y original en diversos formatos, las 24 horas del d\u00eda, todos los d\u00edas del a\u00f1o. Es l\u00edder en el mercado nacional y sostiene alianzas a nivel regional y mundial que le permiten expandir los servicios period\u00edsticos. Suministra sus productos v\u00eda on line, tanto a nivel local como internacional. En la actualidad, la Agencia suma a sus servicios tradicionales, nuevos desaf\u00edos a partir de la realizaci\u00f3n de producciones multimedia para diversas plataformas. www.telam.com.ar\",\"sameAs\":[\"https:\/\/www.facebook.com\/AgenciaTELAM\",\"https:\/\/x.com\/AgenciaTelam\"],\"url\":\"https:\/\/www.pressenza.com\/es\/author\/telam\/\"}]}<\/script>\n<!-- \/ Yoast SEO plugin. -->","yoast_head_json":{"title":"La izquierda de Francia dice que Hollande no respet\u00f3 sus promesas","description":"El lunes se cumplir\u00e1 un a\u00f1o de la elecci\u00f3n del presidente socialista. Por eso, la principal coalici\u00f3n de izquierda marchar\u00e1 este domingo para exigirle que","robots":{"index":"index","follow":"follow","max-snippet":"max-snippet:-1","max-image-preview":"max-image-preview:large","max-video-preview":"max-video-preview:-1"},"canonical":"https:\/\/www.pressenza.com\/es\/2013\/05\/la-izquierda-de-francia-dice-que-hollande-no-respeto-sus-promesas\/","og_locale":"es_ES","og_type":"article","og_title":"La izquierda de Francia dice que Hollande no respet\u00f3 sus promesas","og_description":"El lunes se cumplir\u00e1 un a\u00f1o de la elecci\u00f3n del presidente socialista. Por eso, la principal coalici\u00f3n de izquierda marchar\u00e1 este domingo para exigirle que","og_url":"https:\/\/www.pressenza.com\/es\/2013\/05\/la-izquierda-de-francia-dice-que-hollande-no-respeto-sus-promesas\/","og_site_name":"Pressenza","article_publisher":"https:\/\/www.facebook.com\/PressenzaItalia","article_author":"https:\/\/www.facebook.com\/AgenciaTELAM","article_published_time":"2013-05-05T03:28:27+00:00","og_image":[{"width":260,"height":221,"url":"https:\/\/www.pressenza.com\/wp-content\/uploads\/2013\/05\/Francia.jpg","type":"image\/jpeg"}],"author":"T\u00e9lam - Agencia Nacional de Noticias de la Rep\u00fablica Argentina","twitter_card":"summary_large_image","twitter_creator":"@AgenciaTelam","twitter_site":"@PressenzaIPA","twitter_misc":{"Escrito por":"T\u00e9lam - Agencia Nacional de Noticias de la Rep\u00fablica Argentina","Tiempo de lectura":"5 minutos"},"schema":{"@context":"https:\/\/schema.org","@graph":[{"@type":"Article","@id":"https:\/\/www.pressenza.com\/es\/2013\/05\/la-izquierda-de-francia-dice-que-hollande-no-respeto-sus-promesas\/#article","isPartOf":{"@id":"https:\/\/www.pressenza.com\/es\/2013\/05\/la-izquierda-de-francia-dice-que-hollande-no-respeto-sus-promesas\/"},"author":{"name":"T\u00e9lam - Agencia Nacional de Noticias de la Rep\u00fablica Argentina","@id":"https:\/\/www.pressenza.com\/es\/#\/schema\/person\/f1a879435e38cd8f69eac14ebf21489e"},"headline":"La izquierda de Francia dice que Hollande no respet\u00f3 sus promesas","datePublished":"2013-05-05T03:28:27+00:00","mainEntityOfPage":{"@id":"https:\/\/www.pressenza.com\/es\/2013\/05\/la-izquierda-de-francia-dice-que-hollande-no-respeto-sus-promesas\/"},"wordCount":911,"publisher":{"@id":"https:\/\/www.pressenza.com\/es\/#organization"},"image":{"@id":"https:\/\/www.pressenza.com\/es\/2013\/05\/la-izquierda-de-francia-dice-que-hollande-no-respeto-sus-promesas\/#primaryimage"},"thumbnailUrl":"https:\/\/www.pressenza.com\/wp-content\/uploads\/2013\/05\/Francia.jpg","articleSection":["Europa","Pol\u00edtica"],"inLanguage":"es"},{"@type":"WebPage","@id":"https:\/\/www.pressenza.com\/es\/2013\/05\/la-izquierda-de-francia-dice-que-hollande-no-respeto-sus-promesas\/","url":"https:\/\/www.pressenza.com\/es\/2013\/05\/la-izquierda-de-francia-dice-que-hollande-no-respeto-sus-promesas\/","name":"La izquierda de Francia dice que Hollande no respet\u00f3 sus promesas","isPartOf":{"@id":"https:\/\/www.pressenza.com\/es\/#website"},"primaryImageOfPage":{"@id":"https:\/\/www.pressenza.com\/es\/2013\/05\/la-izquierda-de-francia-dice-que-hollande-no-respeto-sus-promesas\/#primaryimage"},"image":{"@id":"https:\/\/www.pressenza.com\/es\/2013\/05\/la-izquierda-de-francia-dice-que-hollande-no-respeto-sus-promesas\/#primaryimage"},"thumbnailUrl":"https:\/\/www.pressenza.com\/wp-content\/uploads\/2013\/05\/Francia.jpg","datePublished":"2013-05-05T03:28:27+00:00","description":"El lunes se cumplir\u00e1 un a\u00f1o de la elecci\u00f3n del presidente socialista. Por eso, la principal coalici\u00f3n de izquierda marchar\u00e1 este domingo para exigirle que","breadcrumb":{"@id":"https:\/\/www.pressenza.com\/es\/2013\/05\/la-izquierda-de-francia-dice-que-hollande-no-respeto-sus-promesas\/#breadcrumb"},"inLanguage":"es","potentialAction":[{"@type":"ReadAction","target":["https:\/\/www.pressenza.com\/es\/2013\/05\/la-izquierda-de-francia-dice-que-hollande-no-respeto-sus-promesas\/"]}]},{"@type":"ImageObject","inLanguage":"es","@id":"https:\/\/www.pressenza.com\/es\/2013\/05\/la-izquierda-de-francia-dice-que-hollande-no-respeto-sus-promesas\/#primaryimage","url":"https:\/\/www.pressenza.com\/wp-content\/uploads\/2013\/05\/Francia.jpg","contentUrl":"https:\/\/www.pressenza.com\/wp-content\/uploads\/2013\/05\/Francia.jpg","width":260,"height":221},{"@type":"BreadcrumbList","@id":"https:\/\/www.pressenza.com\/es\/2013\/05\/la-izquierda-de-francia-dice-que-hollande-no-respeto-sus-promesas\/#breadcrumb","itemListElement":[{"@type":"ListItem","position":1,"name":"Accueil","item":"https:\/\/www.pressenza.com\/es\/"},{"@type":"ListItem","position":2,"name":"La izquierda de Francia dice que Hollande no respet\u00f3 sus promesas"}]},{"@type":"WebSite","@id":"https:\/\/www.pressenza.com\/es\/#website","url":"https:\/\/www.pressenza.com\/es\/","name":"Pressenza","description":"International Press Agency","publisher":{"@id":"https:\/\/www.pressenza.com\/es\/#organization"},"potentialAction":[{"@type":"SearchAction","target":{"@type":"EntryPoint","urlTemplate":"https:\/\/www.pressenza.com\/es\/?s={search_term_string}"},"query-input":{"@type":"PropertyValueSpecification","valueRequired":true,"valueName":"search_term_string"}}],"inLanguage":"es"},{"@type":"Organization","@id":"https:\/\/www.pressenza.com\/es\/#organization","name":"Pressenza","url":"https:\/\/www.pressenza.com\/es\/","logo":{"@type":"ImageObject","inLanguage":"es","@id":"https:\/\/www.pressenza.com\/es\/#\/schema\/logo\/image\/","url":"https:\/\/www.pressenza.com\/wp-content\/uploads\/2022\/10\/pressenza_logo_200x200.jpg","contentUrl":"https:\/\/www.pressenza.com\/wp-content\/uploads\/2022\/10\/pressenza_logo_200x200.jpg","width":200,"height":200,"caption":"Pressenza"},"image":{"@id":"https:\/\/www.pressenza.com\/es\/#\/schema\/logo\/image\/"},"sameAs":["https:\/\/www.facebook.com\/PressenzaItalia","https:\/\/x.com\/PressenzaIPA"]},{"@type":"Person","@id":"https:\/\/www.pressenza.com\/es\/#\/schema\/person\/f1a879435e38cd8f69eac14ebf21489e","name":"T\u00e9lam - Agencia Nacional de Noticias de la Rep\u00fablica Argentina","description":"T\u00e9lam es una de las grandes agencias de noticias a nivel regional. El prestigio, acceso a fuentes oficiales, la cobertura en todo el territorio nacional y corresponsal\u00edas en el exterior; y la responsabilidad en el tratamiento informativo son caracter\u00edsticas que colocan a T\u00e9lam en referente period\u00edstico confiable y cre\u00edble en el pa\u00eds y en el mundo. Sostiene un servicio actualizado, detallado y original en diversos formatos, las 24 horas del d\u00eda, todos los d\u00edas del a\u00f1o. Es l\u00edder en el mercado nacional y sostiene alianzas a nivel regional y mundial que le permiten expandir los servicios period\u00edsticos. Suministra sus productos v\u00eda on line, tanto a nivel local como internacional. En la actualidad, la Agencia suma a sus servicios tradicionales, nuevos desaf\u00edos a partir de la realizaci\u00f3n de producciones multimedia para diversas plataformas. www.telam.com.ar","sameAs":["https:\/\/www.facebook.com\/AgenciaTELAM","https:\/\/x.com\/AgenciaTelam"],"url":"https:\/\/www.pressenza.com\/es\/author\/telam\/"}]}},"place":"Par\u00eds","original_article_url":"","_links":{"self":[{"href":"https:\/\/www.pressenza.com\/es\/wp-json\/wp\/v2\/posts\/50498","targetHints":{"allow":["GET"]}}],"collection":[{"href":"https:\/\/www.pressenza.com\/es\/wp-json\/wp\/v2\/posts"}],"about":[{"href":"https:\/\/www.pressenza.com\/es\/wp-json\/wp\/v2\/types\/post"}],"author":[{"embeddable":true,"href":"https:\/\/www.pressenza.com\/es\/wp-json\/wp\/v2\/users\/494"}],"replies":[{"embeddable":true,"href":"https:\/\/www.pressenza.com\/es\/wp-json\/wp\/v2\/comments?post=50498"}],"version-history":[{"count":0,"href":"https:\/\/www.pressenza.com\/es\/wp-json\/wp\/v2\/posts\/50498\/revisions"}],"wp:featuredmedia":[{"embeddable":true,"href":"https:\/\/www.pressenza.com\/es\/wp-json\/wp\/v2\/media\/50500"}],"wp:attachment":[{"href":"https:\/\/www.pressenza.com\/es\/wp-json\/wp\/v2\/media?parent=50498"}],"wp:term":[{"taxonomy":"category","embeddable":true,"href":"https:\/\/www.pressenza.com\/es\/wp-json\/wp\/v2\/categories?post=50498"},{"taxonomy":"post_tag","embeddable":true,"href":"https:\/\/www.pressenza.com\/es\/wp-json\/wp\/v2\/tags?post=50498"}],"curies":[{"name":"wp","href":"https:\/\/api.w.org\/{rel}","templated":true}]}}