{"id":504605,"date":"2017-08-16T16:40:09","date_gmt":"2017-08-16T15:40:09","guid":{"rendered":"https:\/\/www.pressenza.com\/?p=504605\/"},"modified":"2017-08-16T16:40:09","modified_gmt":"2017-08-16T15:40:09","slug":"la-serie-web-uru-se-filma-misiones","status":"publish","type":"post","link":"https:\/\/www.pressenza.com\/es\/2017\/08\/la-serie-web-uru-se-filma-misiones\/","title":{"rendered":"La serie web \u00abUr\u00fa\u00bb se filma en Misiones"},"content":{"rendered":"<p><em>Por<strong>\u00a0Prensa Ur\u00fa Serie Web<\/strong><\/em><\/p>\n<h4>Un viaje audiovisual hacia las\u00a0profundidades de la tierra roja<\/h4>\n<p>Con la participaci\u00f3n de actores de reconocimiento internacional, la serie web misionera \u201cUr\u00fa y otros relatos de la tierra roja\u201d reanuda su rodaje esta semana en Posadas y Ober\u00e1.<\/p>\n<p>\u201cUr\u00fa\u2026\u201d es un proyecto de serie de ficci\u00f3n pensado y planificado para ser producido \u00edntegramente en y desde la provincia de Misiones, con proyecci\u00f3n regional e internacional. La serie fue premiada en diciembre de 2016 por el Instituto Nacional de Cine y Artes Audiovisuales (INCAA), que financiar\u00e1 parte de su realizaci\u00f3n con el aporte Instituto de Artes Audiovisuales de Misiones (IAAVIM).<\/p>\n<p>El gui\u00f3n de la serie naci\u00f3 a partir del libro \u201cUr\u00fa con otros relatos\u201d escrito por el misionero Sergio Alvez y editado por la Cooperativa Superficie.<\/p>\n<p>La serie comenz\u00f3 a filmarse en julio y seguir\u00e1 este mes, en Posadas y Ober\u00e1. La propuesta plantea trabajar en escenarios reales, con actores y personajes de la regi\u00f3n y el Paraguay, contando con un equipo t\u00e9cnico de vasta experiencia e \u00edntegramente misionero.<\/p>\n<p>En el elenco, Ur\u00fa contar\u00e1 con la participaci\u00f3n de Nicol\u00e1s Garc\u00eda Hume, actor paraguayo con amplia trayectoria en televisi\u00f3n y cine de Argentina y Paraguay (7 cajas, Luna de Cigarras, La Leona), y el misionero Cristian Salguero, quien protagoniz\u00f3 largometrajes premiados a nivel internacional (La Patota y El invierno).<\/p>\n<p><strong>La historia<\/strong><\/p>\n<p>La serie refleja un itinerario de historias que le son narradas o fueron vividas por el personaje principal -encarnado por Nicol\u00e1s Garc\u00eda Hume-, un periodista que recorre pueblos del interior de Misiones, y vuelca parte de sus vivencias tanto en el lenguaje period\u00edstico como en sus intentos literarios. As\u00ed irrumpen personajes entremezclados entre la intensidad de secuencias y paisajes que mayormente est\u00e1n enclavados en las profundidades rurales y selv\u00e1ticas de la tierra roja, reafirmando de alg\u00fan modo la descripci\u00f3n que alguna vez hizo Horacio Quiroga sobre la provincia: <em>\u201cMisiones, colocada a la vera de un bosque que comienza all\u00ed y termina en el Amazonas, guarece a una serie de tipos a los que podr\u00eda l\u00f3gicamente imputarse cualquier cosa menos el ser aburridos. La vida, m\u00e1s desprovista de inter\u00e9s al norte de Posadas, encierra dos o tres peque\u00f1as epopeyas de trabajo o de car\u00e1cter, si no de sangre\u201d.<\/em><\/p>\n<p>El cuento que da t\u00edtulo tanto a la serie web como al libro de Sergio Alvez, es un relato cuyo personaje central (interpretado en la serie por el ascendente actor misionero Cristian Salguero) es un pe\u00f3n rural que Rodolfo Walsh, en su cr\u00f3nica La Argentina ya no toma mate (1965) describi\u00f3 de la siguiente manera: <em>\u201c\u00e9ste, el del ur\u00fa, es sin duda el trabajo m\u00e1s insalubre del mundo\u201d<\/em>.<\/p>\n<div id=\"attachment_504606\" class=\"wp-caption alignnone\"><img loading=\"lazy\" decoding=\"async\" aria-describedby=\"caption-attachment-504606\" class=\"size-large wp-image-504606\" src=\"https:\/\/www.pressenza.com\/wp-content\/uploads\/2017\/08\/Uru--3-720x405.jpg\" alt=\"\" width=\"720\" height=\"405\" srcset=\"https:\/\/www.pressenza.com\/wp-content\/uploads\/2017\/08\/Uru--3-720x405.jpg 720w, https:\/\/www.pressenza.com\/wp-content\/uploads\/2017\/08\/Uru--3-300x169.jpg 300w, https:\/\/www.pressenza.com\/wp-content\/uploads\/2017\/08\/Uru--3-768x432.jpg 768w, https:\/\/www.pressenza.com\/wp-content\/uploads\/2017\/08\/Uru--3-750x422.jpg 750w, https:\/\/www.pressenza.com\/wp-content\/uploads\/2017\/08\/Uru--3.jpg 800w\" sizes=\"auto, (max-width: 720px) 100vw, 720px\" \/><p id=\"caption-attachment-504606\" class=\"wp-caption-text\">Foto Prensa Ur\u00fa Serie Web<\/p><\/div>\n<p>\u201cUr\u00fa\u201d propone un planteo universal y a la vez, particular; universal porque en sus historias se evocan aspectos intr\u00ednsecos a la condici\u00f3n humana: los v\u00ednculos, el amor, la soledad, el tiempo, la desdicha, los sue\u00f1os, la violencia, el absurdo, lo fant\u00e1stico, las creencias. Lo particular, porque exalta la idiosincrasia y la diversidad de sus personajes caracter\u00edsticos de la regi\u00f3n. Todos estos aspectos posibilitar\u00e1n que haya una identificaci\u00f3n por parte de los espectadores, m\u00e1s all\u00e1 de sus caracter\u00edsticas culturales e independientemente del lugar del mundo en donde est\u00e9n.<\/p>\n<p><strong>\u201cLa web es una ventana para experimentar nuevas ramas del lenguaje audiovisual\u201d<\/strong><\/p>\n<p>El\u00edan Guer\u00edn, director de la serie web, manifiesta que <em>\u201cEl gui\u00f3n (en el cu\u00e1l trabaj\u00f3 Cecilia Rodrigues), es una trasposici\u00f3n del libro Ur\u00fa&#8230; la cual toma algunos relatos de los 47 que tiene el libro potenciando la figura del escritor y lo rizom\u00e1tico: invoca la met\u00e1fora biol\u00f3gica de un rizoma, donde el tallo de una planta echa ra\u00edces y brotes, cada una de las cuales pueden convertirse en una nueva planta. La idea es transpolar el lenguaje escrito al audiovisual jugar con los recursos del cuento, la poes\u00eda, el microrrelato.\u00a0 El formato serie web es una ventana para experimentar nuevas ramas del lenguaje audiovisual que se une con lo transmedia y que no tiene fronteras<\/em>\u201d.<\/p>\n<p>Por su parte, el autor del libro Ur\u00fa, \u00a0Sergio Alvez, destaca que \u201c<em>la narraci\u00f3n final de la serie, si bien surge de algunos relatos del libro, tiene vida propia, hilvana las historias a su modo, es una adaptaci\u00f3n libre y genuina, muy lograda, que toma del libro lo justo y necesario, para avanzar en una construcci\u00f3n vertiginosa, a partir de un gui\u00f3n potente y singular. Esto, sumado a un equipo t\u00e9cnico de excelencia y a un elenco actoral impresionante, creemos que garantizan un producto de alta calidad, aunque eso tendr\u00e1 que decidir el p\u00fablico una vez que la serie est\u00e9 en el espectro\u201d.<\/em><\/p>\n<p>Contactos:\u00a0Elian Guer\u00edn (Director) 376 412-7362 | Ana Espinoza (Productora) 376 464-8583<br \/>\nSergio Alvez (Autor del libro Ur\u00fa) 375 841-3842<\/p>\n","protected":false},"excerpt":{"rendered":"<p>Por\u00a0Prensa Ur\u00fa Serie Web Un viaje audiovisual hacia las\u00a0profundidades de la tierra roja Con la participaci\u00f3n de actores de reconocimiento internacional, la serie web misionera \u201cUr\u00fa y otros relatos de la tierra roja\u201d reanuda su rodaje esta semana en Posadas&hellip;<\/p>\n","protected":false},"author":1254,"featured_media":504615,"comment_status":"closed","ping_status":"closed","sticky":false,"template":"","format":"standard","meta":{"footnotes":""},"categories":[75,67],"tags":[26,39520,39521,19215,39518,39519,7790],"class_list":["post-504605","post","type-post","status-publish","format-standard","has-post-thumbnail","hentry","category-cultura-es","category-sudamerica","tag-argentina","tag-audiovisual","tag-incaa-es","tag-misiones","tag-serie","tag-uru","tag-web"],"yoast_head":"<!-- This site is optimized with the Yoast SEO plugin v27.1.1 - https:\/\/yoast.com\/product\/yoast-seo-wordpress\/ -->\n<title>La serie web &quot;Ur\u00fa&quot; se filma en Misiones<\/title>\n<meta name=\"description\" content=\"Por\u00a0Prensa Ur\u00fa Serie Web Un viaje audiovisual hacia las\u00a0profundidades de la tierra roja Con la participaci\u00f3n de actores de reconocimiento internacional,\" \/>\n<meta name=\"robots\" content=\"index, follow, max-snippet:-1, max-image-preview:large, max-video-preview:-1\" \/>\n<link rel=\"canonical\" href=\"https:\/\/www.pressenza.com\/es\/2017\/08\/la-serie-web-uru-se-filma-misiones\/\" \/>\n<meta property=\"og:locale\" content=\"es_ES\" \/>\n<meta property=\"og:type\" content=\"article\" \/>\n<meta property=\"og:title\" content=\"La serie web &quot;Ur\u00fa&quot; se filma en Misiones\" \/>\n<meta property=\"og:description\" content=\"Por\u00a0Prensa Ur\u00fa Serie Web Un viaje audiovisual hacia las\u00a0profundidades de la tierra roja Con la participaci\u00f3n de actores de reconocimiento internacional,\" \/>\n<meta property=\"og:url\" content=\"https:\/\/www.pressenza.com\/es\/2017\/08\/la-serie-web-uru-se-filma-misiones\/\" \/>\n<meta property=\"og:site_name\" content=\"Pressenza\" \/>\n<meta property=\"article:publisher\" content=\"https:\/\/www.facebook.com\/PressenzaItalia\" \/>\n<meta property=\"article:author\" content=\"https:\/\/www.facebook.com\/pressenza\" \/>\n<meta property=\"article:published_time\" content=\"2017-08-16T15:40:09+00:00\" \/>\n<meta property=\"og:image\" content=\"https:\/\/www.pressenza.com\/wp-content\/uploads\/2017\/08\/Uru--2.jpg\" \/>\n\t<meta property=\"og:image:width\" content=\"1024\" \/>\n\t<meta property=\"og:image:height\" content=\"576\" \/>\n\t<meta property=\"og:image:type\" content=\"image\/jpeg\" \/>\n<meta name=\"author\" content=\"Redacci\u00f3n Mar del Plata\" \/>\n<meta name=\"twitter:card\" content=\"summary_large_image\" \/>\n<meta name=\"twitter:creator\" content=\"@Pressenza\" \/>\n<meta name=\"twitter:site\" content=\"@PressenzaIPA\" \/>\n<meta name=\"twitter:label1\" content=\"Escrito por\" \/>\n\t<meta name=\"twitter:data1\" content=\"Redacci\u00f3n Mar del Plata\" \/>\n\t<meta name=\"twitter:label2\" content=\"Tiempo de lectura\" \/>\n\t<meta name=\"twitter:data2\" content=\"4 minutos\" \/>\n<script type=\"application\/ld+json\" class=\"yoast-schema-graph\">{\"@context\":\"https:\/\/schema.org\",\"@graph\":[{\"@type\":\"Article\",\"@id\":\"https:\/\/www.pressenza.com\/es\/2017\/08\/la-serie-web-uru-se-filma-misiones\/#article\",\"isPartOf\":{\"@id\":\"https:\/\/www.pressenza.com\/es\/2017\/08\/la-serie-web-uru-se-filma-misiones\/\"},\"author\":{\"name\":\"Redacci\u00f3n Mar del Plata\",\"@id\":\"https:\/\/www.pressenza.com\/es\/#\/schema\/person\/738658b5125ecea661a8a0b96dba8b69\"},\"headline\":\"La serie web \u00abUr\u00fa\u00bb se filma en Misiones\",\"datePublished\":\"2017-08-16T15:40:09+00:00\",\"mainEntityOfPage\":{\"@id\":\"https:\/\/www.pressenza.com\/es\/2017\/08\/la-serie-web-uru-se-filma-misiones\/\"},\"wordCount\":846,\"publisher\":{\"@id\":\"https:\/\/www.pressenza.com\/es\/#organization\"},\"image\":{\"@id\":\"https:\/\/www.pressenza.com\/es\/2017\/08\/la-serie-web-uru-se-filma-misiones\/#primaryimage\"},\"thumbnailUrl\":\"https:\/\/www.pressenza.com\/wp-content\/uploads\/2017\/08\/Uru--2.jpg\",\"keywords\":[\"Argentina\",\"audiovisual\",\"INCAA\",\"Misiones\",\"serie\",\"Ur\u00fa\",\"web\"],\"articleSection\":[\"Cultura y Medios\",\"Sudam\u00e9rica\"],\"inLanguage\":\"es\"},{\"@type\":\"WebPage\",\"@id\":\"https:\/\/www.pressenza.com\/es\/2017\/08\/la-serie-web-uru-se-filma-misiones\/\",\"url\":\"https:\/\/www.pressenza.com\/es\/2017\/08\/la-serie-web-uru-se-filma-misiones\/\",\"name\":\"La serie web \\\"Ur\u00fa\\\" se filma en Misiones\",\"isPartOf\":{\"@id\":\"https:\/\/www.pressenza.com\/es\/#website\"},\"primaryImageOfPage\":{\"@id\":\"https:\/\/www.pressenza.com\/es\/2017\/08\/la-serie-web-uru-se-filma-misiones\/#primaryimage\"},\"image\":{\"@id\":\"https:\/\/www.pressenza.com\/es\/2017\/08\/la-serie-web-uru-se-filma-misiones\/#primaryimage\"},\"thumbnailUrl\":\"https:\/\/www.pressenza.com\/wp-content\/uploads\/2017\/08\/Uru--2.jpg\",\"datePublished\":\"2017-08-16T15:40:09+00:00\",\"description\":\"Por\u00a0Prensa Ur\u00fa Serie Web Un viaje audiovisual hacia las\u00a0profundidades de la tierra roja Con la participaci\u00f3n de actores de reconocimiento internacional,\",\"breadcrumb\":{\"@id\":\"https:\/\/www.pressenza.com\/es\/2017\/08\/la-serie-web-uru-se-filma-misiones\/#breadcrumb\"},\"inLanguage\":\"es\",\"potentialAction\":[{\"@type\":\"ReadAction\",\"target\":[\"https:\/\/www.pressenza.com\/es\/2017\/08\/la-serie-web-uru-se-filma-misiones\/\"]}]},{\"@type\":\"ImageObject\",\"inLanguage\":\"es\",\"@id\":\"https:\/\/www.pressenza.com\/es\/2017\/08\/la-serie-web-uru-se-filma-misiones\/#primaryimage\",\"url\":\"https:\/\/www.pressenza.com\/wp-content\/uploads\/2017\/08\/Uru--2.jpg\",\"contentUrl\":\"https:\/\/www.pressenza.com\/wp-content\/uploads\/2017\/08\/Uru--2.jpg\",\"width\":1024,\"height\":576},{\"@type\":\"BreadcrumbList\",\"@id\":\"https:\/\/www.pressenza.com\/es\/2017\/08\/la-serie-web-uru-se-filma-misiones\/#breadcrumb\",\"itemListElement\":[{\"@type\":\"ListItem\",\"position\":1,\"name\":\"Accueil\",\"item\":\"https:\/\/www.pressenza.com\/es\/\"},{\"@type\":\"ListItem\",\"position\":2,\"name\":\"La serie web \u00abUr\u00fa\u00bb se filma en Misiones\"}]},{\"@type\":\"WebSite\",\"@id\":\"https:\/\/www.pressenza.com\/es\/#website\",\"url\":\"https:\/\/www.pressenza.com\/es\/\",\"name\":\"Pressenza\",\"description\":\"International Press Agency\",\"publisher\":{\"@id\":\"https:\/\/www.pressenza.com\/es\/#organization\"},\"potentialAction\":[{\"@type\":\"SearchAction\",\"target\":{\"@type\":\"EntryPoint\",\"urlTemplate\":\"https:\/\/www.pressenza.com\/es\/?s={search_term_string}\"},\"query-input\":{\"@type\":\"PropertyValueSpecification\",\"valueRequired\":true,\"valueName\":\"search_term_string\"}}],\"inLanguage\":\"es\"},{\"@type\":\"Organization\",\"@id\":\"https:\/\/www.pressenza.com\/es\/#organization\",\"name\":\"Pressenza\",\"url\":\"https:\/\/www.pressenza.com\/es\/\",\"logo\":{\"@type\":\"ImageObject\",\"inLanguage\":\"es\",\"@id\":\"https:\/\/www.pressenza.com\/es\/#\/schema\/logo\/image\/\",\"url\":\"https:\/\/www.pressenza.com\/wp-content\/uploads\/2022\/10\/pressenza_logo_200x200.jpg\",\"contentUrl\":\"https:\/\/www.pressenza.com\/wp-content\/uploads\/2022\/10\/pressenza_logo_200x200.jpg\",\"width\":200,\"height\":200,\"caption\":\"Pressenza\"},\"image\":{\"@id\":\"https:\/\/www.pressenza.com\/es\/#\/schema\/logo\/image\/\"},\"sameAs\":[\"https:\/\/www.facebook.com\/PressenzaItalia\",\"https:\/\/x.com\/PressenzaIPA\"]},{\"@type\":\"Person\",\"@id\":\"https:\/\/www.pressenza.com\/es\/#\/schema\/person\/738658b5125ecea661a8a0b96dba8b69\",\"name\":\"Redacci\u00f3n Mar del Plata\",\"description\":\"News published by the Pressenza bureau in Mar Del Plata, Argentina\",\"sameAs\":[\"https:\/\/www.facebook.com\/pressenza\",\"https:\/\/x.com\/Pressenza\"],\"url\":\"https:\/\/www.pressenza.com\/es\/author\/redaccion-mar-del-plata\/\"}]}<\/script>\n<!-- \/ Yoast SEO plugin. -->","yoast_head_json":{"title":"La serie web \"Ur\u00fa\" se filma en Misiones","description":"Por\u00a0Prensa Ur\u00fa Serie Web Un viaje audiovisual hacia las\u00a0profundidades de la tierra roja Con la participaci\u00f3n de actores de reconocimiento internacional,","robots":{"index":"index","follow":"follow","max-snippet":"max-snippet:-1","max-image-preview":"max-image-preview:large","max-video-preview":"max-video-preview:-1"},"canonical":"https:\/\/www.pressenza.com\/es\/2017\/08\/la-serie-web-uru-se-filma-misiones\/","og_locale":"es_ES","og_type":"article","og_title":"La serie web \"Ur\u00fa\" se filma en Misiones","og_description":"Por\u00a0Prensa Ur\u00fa Serie Web Un viaje audiovisual hacia las\u00a0profundidades de la tierra roja Con la participaci\u00f3n de actores de reconocimiento internacional,","og_url":"https:\/\/www.pressenza.com\/es\/2017\/08\/la-serie-web-uru-se-filma-misiones\/","og_site_name":"Pressenza","article_publisher":"https:\/\/www.facebook.com\/PressenzaItalia","article_author":"https:\/\/www.facebook.com\/pressenza","article_published_time":"2017-08-16T15:40:09+00:00","og_image":[{"width":1024,"height":576,"url":"https:\/\/www.pressenza.com\/wp-content\/uploads\/2017\/08\/Uru--2.jpg","type":"image\/jpeg"}],"author":"Redacci\u00f3n Mar del Plata","twitter_card":"summary_large_image","twitter_creator":"@Pressenza","twitter_site":"@PressenzaIPA","twitter_misc":{"Escrito por":"Redacci\u00f3n Mar del Plata","Tiempo de lectura":"4 minutos"},"schema":{"@context":"https:\/\/schema.org","@graph":[{"@type":"Article","@id":"https:\/\/www.pressenza.com\/es\/2017\/08\/la-serie-web-uru-se-filma-misiones\/#article","isPartOf":{"@id":"https:\/\/www.pressenza.com\/es\/2017\/08\/la-serie-web-uru-se-filma-misiones\/"},"author":{"name":"Redacci\u00f3n Mar del Plata","@id":"https:\/\/www.pressenza.com\/es\/#\/schema\/person\/738658b5125ecea661a8a0b96dba8b69"},"headline":"La serie web \u00abUr\u00fa\u00bb se filma en Misiones","datePublished":"2017-08-16T15:40:09+00:00","mainEntityOfPage":{"@id":"https:\/\/www.pressenza.com\/es\/2017\/08\/la-serie-web-uru-se-filma-misiones\/"},"wordCount":846,"publisher":{"@id":"https:\/\/www.pressenza.com\/es\/#organization"},"image":{"@id":"https:\/\/www.pressenza.com\/es\/2017\/08\/la-serie-web-uru-se-filma-misiones\/#primaryimage"},"thumbnailUrl":"https:\/\/www.pressenza.com\/wp-content\/uploads\/2017\/08\/Uru--2.jpg","keywords":["Argentina","audiovisual","INCAA","Misiones","serie","Ur\u00fa","web"],"articleSection":["Cultura y Medios","Sudam\u00e9rica"],"inLanguage":"es"},{"@type":"WebPage","@id":"https:\/\/www.pressenza.com\/es\/2017\/08\/la-serie-web-uru-se-filma-misiones\/","url":"https:\/\/www.pressenza.com\/es\/2017\/08\/la-serie-web-uru-se-filma-misiones\/","name":"La serie web \"Ur\u00fa\" se filma en Misiones","isPartOf":{"@id":"https:\/\/www.pressenza.com\/es\/#website"},"primaryImageOfPage":{"@id":"https:\/\/www.pressenza.com\/es\/2017\/08\/la-serie-web-uru-se-filma-misiones\/#primaryimage"},"image":{"@id":"https:\/\/www.pressenza.com\/es\/2017\/08\/la-serie-web-uru-se-filma-misiones\/#primaryimage"},"thumbnailUrl":"https:\/\/www.pressenza.com\/wp-content\/uploads\/2017\/08\/Uru--2.jpg","datePublished":"2017-08-16T15:40:09+00:00","description":"Por\u00a0Prensa Ur\u00fa Serie Web Un viaje audiovisual hacia las\u00a0profundidades de la tierra roja Con la participaci\u00f3n de actores de reconocimiento internacional,","breadcrumb":{"@id":"https:\/\/www.pressenza.com\/es\/2017\/08\/la-serie-web-uru-se-filma-misiones\/#breadcrumb"},"inLanguage":"es","potentialAction":[{"@type":"ReadAction","target":["https:\/\/www.pressenza.com\/es\/2017\/08\/la-serie-web-uru-se-filma-misiones\/"]}]},{"@type":"ImageObject","inLanguage":"es","@id":"https:\/\/www.pressenza.com\/es\/2017\/08\/la-serie-web-uru-se-filma-misiones\/#primaryimage","url":"https:\/\/www.pressenza.com\/wp-content\/uploads\/2017\/08\/Uru--2.jpg","contentUrl":"https:\/\/www.pressenza.com\/wp-content\/uploads\/2017\/08\/Uru--2.jpg","width":1024,"height":576},{"@type":"BreadcrumbList","@id":"https:\/\/www.pressenza.com\/es\/2017\/08\/la-serie-web-uru-se-filma-misiones\/#breadcrumb","itemListElement":[{"@type":"ListItem","position":1,"name":"Accueil","item":"https:\/\/www.pressenza.com\/es\/"},{"@type":"ListItem","position":2,"name":"La serie web \u00abUr\u00fa\u00bb se filma en Misiones"}]},{"@type":"WebSite","@id":"https:\/\/www.pressenza.com\/es\/#website","url":"https:\/\/www.pressenza.com\/es\/","name":"Pressenza","description":"International Press Agency","publisher":{"@id":"https:\/\/www.pressenza.com\/es\/#organization"},"potentialAction":[{"@type":"SearchAction","target":{"@type":"EntryPoint","urlTemplate":"https:\/\/www.pressenza.com\/es\/?s={search_term_string}"},"query-input":{"@type":"PropertyValueSpecification","valueRequired":true,"valueName":"search_term_string"}}],"inLanguage":"es"},{"@type":"Organization","@id":"https:\/\/www.pressenza.com\/es\/#organization","name":"Pressenza","url":"https:\/\/www.pressenza.com\/es\/","logo":{"@type":"ImageObject","inLanguage":"es","@id":"https:\/\/www.pressenza.com\/es\/#\/schema\/logo\/image\/","url":"https:\/\/www.pressenza.com\/wp-content\/uploads\/2022\/10\/pressenza_logo_200x200.jpg","contentUrl":"https:\/\/www.pressenza.com\/wp-content\/uploads\/2022\/10\/pressenza_logo_200x200.jpg","width":200,"height":200,"caption":"Pressenza"},"image":{"@id":"https:\/\/www.pressenza.com\/es\/#\/schema\/logo\/image\/"},"sameAs":["https:\/\/www.facebook.com\/PressenzaItalia","https:\/\/x.com\/PressenzaIPA"]},{"@type":"Person","@id":"https:\/\/www.pressenza.com\/es\/#\/schema\/person\/738658b5125ecea661a8a0b96dba8b69","name":"Redacci\u00f3n Mar del Plata","description":"News published by the Pressenza bureau in Mar Del Plata, Argentina","sameAs":["https:\/\/www.facebook.com\/pressenza","https:\/\/x.com\/Pressenza"],"url":"https:\/\/www.pressenza.com\/es\/author\/redaccion-mar-del-plata\/"}]}},"place":"Misiones, Argentina","original_article_url":"","_links":{"self":[{"href":"https:\/\/www.pressenza.com\/es\/wp-json\/wp\/v2\/posts\/504605","targetHints":{"allow":["GET"]}}],"collection":[{"href":"https:\/\/www.pressenza.com\/es\/wp-json\/wp\/v2\/posts"}],"about":[{"href":"https:\/\/www.pressenza.com\/es\/wp-json\/wp\/v2\/types\/post"}],"author":[{"embeddable":true,"href":"https:\/\/www.pressenza.com\/es\/wp-json\/wp\/v2\/users\/1254"}],"replies":[{"embeddable":true,"href":"https:\/\/www.pressenza.com\/es\/wp-json\/wp\/v2\/comments?post=504605"}],"version-history":[{"count":0,"href":"https:\/\/www.pressenza.com\/es\/wp-json\/wp\/v2\/posts\/504605\/revisions"}],"wp:featuredmedia":[{"embeddable":true,"href":"https:\/\/www.pressenza.com\/es\/wp-json\/wp\/v2\/media\/504615"}],"wp:attachment":[{"href":"https:\/\/www.pressenza.com\/es\/wp-json\/wp\/v2\/media?parent=504605"}],"wp:term":[{"taxonomy":"category","embeddable":true,"href":"https:\/\/www.pressenza.com\/es\/wp-json\/wp\/v2\/categories?post=504605"},{"taxonomy":"post_tag","embeddable":true,"href":"https:\/\/www.pressenza.com\/es\/wp-json\/wp\/v2\/tags?post=504605"}],"curies":[{"name":"wp","href":"https:\/\/api.w.org\/{rel}","templated":true}]}}