{"id":50457,"date":"2013-05-04T23:47:43","date_gmt":"2013-05-04T22:47:43","guid":{"rendered":"http:\/\/www.pressenza.com\/?p=50457"},"modified":"2013-05-04T23:47:43","modified_gmt":"2013-05-04T22:47:43","slug":"humanistas-celebran-el-4-de-mayo-en-todo-el-mundo-se-inaugura-primer-parque-de-estudio-y-reflexion-en-africa","status":"publish","type":"post","link":"https:\/\/www.pressenza.com\/es\/2013\/05\/humanistas-celebran-el-4-de-mayo-en-todo-el-mundo-se-inaugura-primer-parque-de-estudio-y-reflexion-en-africa\/","title":{"rendered":"Humanistas celebran el 4 de Mayo en todo el mundo. Se inaugura primer Parque de Estudio y Reflexi\u00f3n en \u00c1frica"},"content":{"rendered":"<p>En un d\u00eda especial para todos aquellos que adhieren al Nuevo Humanismo \u2013 la doctrina de paz y no violencia lanzada por Silo [Mario Rodriguez Cobos], autor, fil\u00f3sofo y gu\u00eda espiritual nacido en Argentina \u2013 una multitud de celebraciones simult\u00e1neas tuvieron lugar alrededor del mundo para conmemorar el 4 de Mayo de 1969. En aquella fecha, \u00a0Silo entreg\u00f3 su arenga, conocida como \u00abLa curaci\u00f3n del sufrimiento\u00bb en las estribaciones del Monte Aconcagua en un lugar cercano a la frontera entre Argentina y Chile.<\/p>\n<p>\u201c<i>\u00danicamente puedes acabar con la violencia en ti y en los dem\u00e1s y en el mundo que te rodea, por la fe interna y la meditaci\u00f3n interna<\/i>.\u201d &#8211; se dijo entonces.<\/p>\n<p>Esa arenga, que las autoridades militares de la \u00e9poca intentaron evitar, inspir\u00f3 un movimiento planetario que cuenta hoy con m\u00e1s de cincuenta Parques de Estudio y Reflexi\u00f3n alrededor del mundo. Hoy, coincidiendo con la conmemoraci\u00f3n, fue oficialmente inaugurado el primer Parque en suelo africano, en Marracuene, un poblado en las cercan\u00edas de la capital de Mozambique, Maputo.<\/p>\n<p>Estos parques son sitios abiertos a la gente y utilizados por los cinco organismos del Movimiento Humanista: Partido Humanista, Mundo Sin Guerras y Sin Violencia, La Comunidad para el Desarrollo Humano, el Centro Mundial de Estudios Humanistas, Convergencia de las Culturas junto a las comunidades del Mensaje de Silo.\u00a0 Suelen ubicarse en las afueras de los grandes centros urbanos y han sido dise\u00f1ados como puertos de paz y calma, que adem\u00e1s de actuar como lugares de reuni\u00f3n, posibilitan a quien los visita, conectar con los temas m\u00e1s profundos, como el sentido y el prop\u00f3sito de la propia vida.<\/p>\n<p>Durante la inauguraci\u00f3n del Parque Marracuene, una centena de amigos mozambicanos participaron, junto a visitantes de Argentina, Brasil, Alemania, Portugal, Espa\u00f1a, Italia, Islandia y Hungr\u00eda, en un d\u00eda lleno de alegr\u00eda, de ceremonias y visitas guiadas por el parque.<\/p>\n<p>El evento, excelentemente coreografiado, comenz\u00f3 con una gran entrada en el Parque, cruzando el portal que divide el mismo del mundo exterior. Se pidi\u00f3 a los participantes reflexionar sobre el prop\u00f3sito de su visita y concentrar la mente en el cumplimiento de aquello que necesitaran realmente.<\/p>\n<p>En las distintas estaciones del recorrido se leyeron pasajes del Mensaje de Silo, al tiempo que se ofrec\u00edan contextos acerca de los diferentes elementos simb\u00f3licos del Parque: la Sala, el Monolito, la Fuente y la Estela.<\/p>\n<p>Por la tarde fu\u00e9 le\u00edda <i>La Curaci\u00f3n del Sufrimiento<\/i> y dando cierre al evento una Ceremonia de Reconocimiento con la que se di\u00f3 la bienvenida a nuevos miembros en la Comunidad del Mensaje de Silo que cumple ahora su und\u00e9cimo a\u00f1o de desarrollo.<\/p>\n<p>En un mundo en el cual la violencia en todas sus formas contin\u00faa acrecent\u00e1ndose, en donde las referencias sociales se resquebrajan d\u00eda a d\u00eda, las personas experimentan una creciente desorientaci\u00f3n y falta de sentido en sus vidas, llevando a muchos al suicidio, la droga y el alcoholismo.<\/p>\n<p>Las religiones tradicionales no escapan a la crisis general, siendo atravesadas por el fundamentalismo, conductas sexuales inapropiadas, corrupci\u00f3n y violencia, todo lo cual aleja de ellas a grandes n\u00fameros de personas que se declaran ateos o agn\u00f3sticos.<\/p>\n<p>En esta crisis de fe, el mensaje de Silo de <i>\u00abtratar a los dem\u00e1s como quieres que te traten\u00bb<\/i> resuena con su simpleza en el interior del ser humano. Por otra parte, su propuesta metodol\u00f3gica de llevar adelante de manera simult\u00e1nea un cambio personal y social, parece comenzar a ser considerada un alternativa de mucho inter\u00e9s por un creciente n\u00famero de seguidores. En este sentido, la creaci\u00f3n de algo m\u00e1s de cincuenta Parques de Estudio y Reflexi\u00f3n en los \u00faltimos diez a\u00f1os en los cinco continentes del globo puede ser considerado un claro indicador.<\/p>\n<p><em>Traducci\u00f3n: Javier Tolcachier<\/em><\/p>\n","protected":false},"excerpt":{"rendered":"<p>En un d\u00eda especial para todos aquellos que adhieren al Nuevo Humanismo \u2013 la doctrina de paz y no violencia lanzada por Silo [Mario Rodriguez Cobos], autor, fil\u00f3sofo y gu\u00eda espiritual nacido en Argentina \u2013 una multitud de celebraciones simult\u00e1neas&hellip;<\/p>\n","protected":false},"author":6,"featured_media":50451,"comment_status":"closed","ping_status":"open","sticky":false,"template":"","format":"standard","meta":{"footnotes":""},"categories":[1240,39],"tags":[546,4814,4813,545,543],"class_list":["post-50457","post","type-post","status-publish","format-standard","has-post-thumbnail","hentry","category-humanismo-espiritualidad","category-internacional","tag-el-mensaje-de-silo","tag-movimiento-humanista","tag-mozambique-es","tag-parques-de-estudio-y-reflexion","tag-silo-es"],"yoast_head":"<!-- This site is optimized with the Yoast SEO plugin v27.1.1 - https:\/\/yoast.com\/product\/yoast-seo-wordpress\/ -->\n<title>Humanistas celebran el 4 de Mayo en todo el mundo. Se inaugura primer Parque de Estudio y Reflexi\u00f3n en \u00c1frica<\/title>\n<meta name=\"description\" content=\"En un d\u00eda especial para todos aquellos que adhieren al Nuevo Humanismo \u2013 la doctrina de paz y no violencia lanzada por Silo , autor, fil\u00f3sofo y gu\u00eda\" \/>\n<meta name=\"robots\" content=\"index, follow, max-snippet:-1, max-image-preview:large, max-video-preview:-1\" \/>\n<link rel=\"canonical\" href=\"https:\/\/www.pressenza.com\/es\/2013\/05\/humanistas-celebran-el-4-de-mayo-en-todo-el-mundo-se-inaugura-primer-parque-de-estudio-y-reflexion-en-africa\/\" \/>\n<meta property=\"og:locale\" content=\"es_ES\" \/>\n<meta property=\"og:type\" content=\"article\" \/>\n<meta property=\"og:title\" content=\"Humanistas celebran el 4 de Mayo en todo el mundo. Se inaugura primer Parque de Estudio y Reflexi\u00f3n en \u00c1frica\" \/>\n<meta property=\"og:description\" content=\"En un d\u00eda especial para todos aquellos que adhieren al Nuevo Humanismo \u2013 la doctrina de paz y no violencia lanzada por Silo , autor, fil\u00f3sofo y gu\u00eda\" \/>\n<meta property=\"og:url\" content=\"https:\/\/www.pressenza.com\/es\/2013\/05\/humanistas-celebran-el-4-de-mayo-en-todo-el-mundo-se-inaugura-primer-parque-de-estudio-y-reflexion-en-africa\/\" \/>\n<meta property=\"og:site_name\" content=\"Pressenza\" \/>\n<meta property=\"article:publisher\" content=\"https:\/\/www.facebook.com\/PressenzaItalia\" \/>\n<meta property=\"article:published_time\" content=\"2013-05-04T22:47:43+00:00\" \/>\n<meta property=\"og:image\" content=\"https:\/\/www.pressenza.com\/wp-content\/uploads\/2013\/05\/IMG_8898.jpg\" \/>\n\t<meta property=\"og:image:width\" content=\"1000\" \/>\n\t<meta property=\"og:image:height\" content=\"515\" \/>\n\t<meta property=\"og:image:type\" content=\"image\/jpeg\" \/>\n<meta name=\"author\" content=\"Tony Robinson\" \/>\n<meta name=\"twitter:card\" content=\"summary_large_image\" \/>\n<meta name=\"twitter:creator\" content=\"@TonyRobinson6\" \/>\n<meta name=\"twitter:site\" content=\"@PressenzaIPA\" \/>\n<meta name=\"twitter:label1\" content=\"Escrito por\" \/>\n\t<meta name=\"twitter:data1\" content=\"Tony Robinson\" \/>\n\t<meta name=\"twitter:label2\" content=\"Tiempo de lectura\" \/>\n\t<meta name=\"twitter:data2\" content=\"3 minutos\" \/>\n<script type=\"application\/ld+json\" class=\"yoast-schema-graph\">{\"@context\":\"https:\/\/schema.org\",\"@graph\":[{\"@type\":\"Article\",\"@id\":\"https:\/\/www.pressenza.com\/es\/2013\/05\/humanistas-celebran-el-4-de-mayo-en-todo-el-mundo-se-inaugura-primer-parque-de-estudio-y-reflexion-en-africa\/#article\",\"isPartOf\":{\"@id\":\"https:\/\/www.pressenza.com\/es\/2013\/05\/humanistas-celebran-el-4-de-mayo-en-todo-el-mundo-se-inaugura-primer-parque-de-estudio-y-reflexion-en-africa\/\"},\"author\":{\"name\":\"Tony Robinson\",\"@id\":\"https:\/\/www.pressenza.com\/es\/#\/schema\/person\/a96a2ff6530dbb8bcf9ec001febc4af4\"},\"headline\":\"Humanistas celebran el 4 de Mayo en todo el mundo. Se inaugura primer Parque de Estudio y Reflexi\u00f3n en \u00c1frica\",\"datePublished\":\"2013-05-04T22:47:43+00:00\",\"mainEntityOfPage\":{\"@id\":\"https:\/\/www.pressenza.com\/es\/2013\/05\/humanistas-celebran-el-4-de-mayo-en-todo-el-mundo-se-inaugura-primer-parque-de-estudio-y-reflexion-en-africa\/\"},\"wordCount\":676,\"publisher\":{\"@id\":\"https:\/\/www.pressenza.com\/es\/#organization\"},\"image\":{\"@id\":\"https:\/\/www.pressenza.com\/es\/2013\/05\/humanistas-celebran-el-4-de-mayo-en-todo-el-mundo-se-inaugura-primer-parque-de-estudio-y-reflexion-en-africa\/#primaryimage\"},\"thumbnailUrl\":\"https:\/\/www.pressenza.com\/wp-content\/uploads\/2013\/05\/IMG_8898.jpg\",\"keywords\":[\"El Mensaje de Silo\",\"Movimiento Humanista\",\"Mozambique\",\"Parques de Estudio y Reflexi\u00f3n\",\"Silo\"],\"articleSection\":[\"Humanismo y Espiritualidad\",\"Internacional\"],\"inLanguage\":\"es\"},{\"@type\":\"WebPage\",\"@id\":\"https:\/\/www.pressenza.com\/es\/2013\/05\/humanistas-celebran-el-4-de-mayo-en-todo-el-mundo-se-inaugura-primer-parque-de-estudio-y-reflexion-en-africa\/\",\"url\":\"https:\/\/www.pressenza.com\/es\/2013\/05\/humanistas-celebran-el-4-de-mayo-en-todo-el-mundo-se-inaugura-primer-parque-de-estudio-y-reflexion-en-africa\/\",\"name\":\"Humanistas celebran el 4 de Mayo en todo el mundo. Se inaugura primer Parque de Estudio y Reflexi\u00f3n en \u00c1frica\",\"isPartOf\":{\"@id\":\"https:\/\/www.pressenza.com\/es\/#website\"},\"primaryImageOfPage\":{\"@id\":\"https:\/\/www.pressenza.com\/es\/2013\/05\/humanistas-celebran-el-4-de-mayo-en-todo-el-mundo-se-inaugura-primer-parque-de-estudio-y-reflexion-en-africa\/#primaryimage\"},\"image\":{\"@id\":\"https:\/\/www.pressenza.com\/es\/2013\/05\/humanistas-celebran-el-4-de-mayo-en-todo-el-mundo-se-inaugura-primer-parque-de-estudio-y-reflexion-en-africa\/#primaryimage\"},\"thumbnailUrl\":\"https:\/\/www.pressenza.com\/wp-content\/uploads\/2013\/05\/IMG_8898.jpg\",\"datePublished\":\"2013-05-04T22:47:43+00:00\",\"description\":\"En un d\u00eda especial para todos aquellos que adhieren al Nuevo Humanismo \u2013 la doctrina de paz y no violencia lanzada por Silo , autor, fil\u00f3sofo y gu\u00eda\",\"breadcrumb\":{\"@id\":\"https:\/\/www.pressenza.com\/es\/2013\/05\/humanistas-celebran-el-4-de-mayo-en-todo-el-mundo-se-inaugura-primer-parque-de-estudio-y-reflexion-en-africa\/#breadcrumb\"},\"inLanguage\":\"es\",\"potentialAction\":[{\"@type\":\"ReadAction\",\"target\":[\"https:\/\/www.pressenza.com\/es\/2013\/05\/humanistas-celebran-el-4-de-mayo-en-todo-el-mundo-se-inaugura-primer-parque-de-estudio-y-reflexion-en-africa\/\"]}]},{\"@type\":\"ImageObject\",\"inLanguage\":\"es\",\"@id\":\"https:\/\/www.pressenza.com\/es\/2013\/05\/humanistas-celebran-el-4-de-mayo-en-todo-el-mundo-se-inaugura-primer-parque-de-estudio-y-reflexion-en-africa\/#primaryimage\",\"url\":\"https:\/\/www.pressenza.com\/wp-content\/uploads\/2013\/05\/IMG_8898.jpg\",\"contentUrl\":\"https:\/\/www.pressenza.com\/wp-content\/uploads\/2013\/05\/IMG_8898.jpg\",\"width\":1000,\"height\":515,\"caption\":\"Marracuene Park of Study and Reflection\"},{\"@type\":\"BreadcrumbList\",\"@id\":\"https:\/\/www.pressenza.com\/es\/2013\/05\/humanistas-celebran-el-4-de-mayo-en-todo-el-mundo-se-inaugura-primer-parque-de-estudio-y-reflexion-en-africa\/#breadcrumb\",\"itemListElement\":[{\"@type\":\"ListItem\",\"position\":1,\"name\":\"Accueil\",\"item\":\"https:\/\/www.pressenza.com\/es\/\"},{\"@type\":\"ListItem\",\"position\":2,\"name\":\"Humanistas celebran el 4 de Mayo en todo el mundo. Se inaugura primer Parque de Estudio y Reflexi\u00f3n en \u00c1frica\"}]},{\"@type\":\"WebSite\",\"@id\":\"https:\/\/www.pressenza.com\/es\/#website\",\"url\":\"https:\/\/www.pressenza.com\/es\/\",\"name\":\"Pressenza\",\"description\":\"International Press Agency\",\"publisher\":{\"@id\":\"https:\/\/www.pressenza.com\/es\/#organization\"},\"potentialAction\":[{\"@type\":\"SearchAction\",\"target\":{\"@type\":\"EntryPoint\",\"urlTemplate\":\"https:\/\/www.pressenza.com\/es\/?s={search_term_string}\"},\"query-input\":{\"@type\":\"PropertyValueSpecification\",\"valueRequired\":true,\"valueName\":\"search_term_string\"}}],\"inLanguage\":\"es\"},{\"@type\":\"Organization\",\"@id\":\"https:\/\/www.pressenza.com\/es\/#organization\",\"name\":\"Pressenza\",\"url\":\"https:\/\/www.pressenza.com\/es\/\",\"logo\":{\"@type\":\"ImageObject\",\"inLanguage\":\"es\",\"@id\":\"https:\/\/www.pressenza.com\/es\/#\/schema\/logo\/image\/\",\"url\":\"https:\/\/www.pressenza.com\/wp-content\/uploads\/2022\/10\/pressenza_logo_200x200.jpg\",\"contentUrl\":\"https:\/\/www.pressenza.com\/wp-content\/uploads\/2022\/10\/pressenza_logo_200x200.jpg\",\"width\":200,\"height\":200,\"caption\":\"Pressenza\"},\"image\":{\"@id\":\"https:\/\/www.pressenza.com\/es\/#\/schema\/logo\/image\/\"},\"sameAs\":[\"https:\/\/www.facebook.com\/PressenzaItalia\",\"https:\/\/x.com\/PressenzaIPA\"]},{\"@type\":\"Person\",\"@id\":\"https:\/\/www.pressenza.com\/es\/#\/schema\/person\/a96a2ff6530dbb8bcf9ec001febc4af4\",\"name\":\"Tony Robinson\",\"description\":\"Humanist Movement Activist, ex-Director of the Middle East Treaty Organization and coordinating committee member of Abolition 2000 - Global Network to Eliminate Nuclear Weapons, author of the book \\\"Coffee with Silo and the quest for meaning in life\\\" and producer of the film \\\"The Beginning of the End of Nuclear Weapons\\\".\",\"sameAs\":[\"https:\/\/x.com\/TonyRobinson6\"],\"url\":\"https:\/\/www.pressenza.com\/es\/author\/tony-robinson\/\"}]}<\/script>\n<!-- \/ Yoast SEO plugin. -->","yoast_head_json":{"title":"Humanistas celebran el 4 de Mayo en todo el mundo. Se inaugura primer Parque de Estudio y Reflexi\u00f3n en \u00c1frica","description":"En un d\u00eda especial para todos aquellos que adhieren al Nuevo Humanismo \u2013 la doctrina de paz y no violencia lanzada por Silo , autor, fil\u00f3sofo y gu\u00eda","robots":{"index":"index","follow":"follow","max-snippet":"max-snippet:-1","max-image-preview":"max-image-preview:large","max-video-preview":"max-video-preview:-1"},"canonical":"https:\/\/www.pressenza.com\/es\/2013\/05\/humanistas-celebran-el-4-de-mayo-en-todo-el-mundo-se-inaugura-primer-parque-de-estudio-y-reflexion-en-africa\/","og_locale":"es_ES","og_type":"article","og_title":"Humanistas celebran el 4 de Mayo en todo el mundo. Se inaugura primer Parque de Estudio y Reflexi\u00f3n en \u00c1frica","og_description":"En un d\u00eda especial para todos aquellos que adhieren al Nuevo Humanismo \u2013 la doctrina de paz y no violencia lanzada por Silo , autor, fil\u00f3sofo y gu\u00eda","og_url":"https:\/\/www.pressenza.com\/es\/2013\/05\/humanistas-celebran-el-4-de-mayo-en-todo-el-mundo-se-inaugura-primer-parque-de-estudio-y-reflexion-en-africa\/","og_site_name":"Pressenza","article_publisher":"https:\/\/www.facebook.com\/PressenzaItalia","article_published_time":"2013-05-04T22:47:43+00:00","og_image":[{"width":1000,"height":515,"url":"https:\/\/www.pressenza.com\/wp-content\/uploads\/2013\/05\/IMG_8898.jpg","type":"image\/jpeg"}],"author":"Tony Robinson","twitter_card":"summary_large_image","twitter_creator":"@TonyRobinson6","twitter_site":"@PressenzaIPA","twitter_misc":{"Escrito por":"Tony Robinson","Tiempo de lectura":"3 minutos"},"schema":{"@context":"https:\/\/schema.org","@graph":[{"@type":"Article","@id":"https:\/\/www.pressenza.com\/es\/2013\/05\/humanistas-celebran-el-4-de-mayo-en-todo-el-mundo-se-inaugura-primer-parque-de-estudio-y-reflexion-en-africa\/#article","isPartOf":{"@id":"https:\/\/www.pressenza.com\/es\/2013\/05\/humanistas-celebran-el-4-de-mayo-en-todo-el-mundo-se-inaugura-primer-parque-de-estudio-y-reflexion-en-africa\/"},"author":{"name":"Tony Robinson","@id":"https:\/\/www.pressenza.com\/es\/#\/schema\/person\/a96a2ff6530dbb8bcf9ec001febc4af4"},"headline":"Humanistas celebran el 4 de Mayo en todo el mundo. Se inaugura primer Parque de Estudio y Reflexi\u00f3n en \u00c1frica","datePublished":"2013-05-04T22:47:43+00:00","mainEntityOfPage":{"@id":"https:\/\/www.pressenza.com\/es\/2013\/05\/humanistas-celebran-el-4-de-mayo-en-todo-el-mundo-se-inaugura-primer-parque-de-estudio-y-reflexion-en-africa\/"},"wordCount":676,"publisher":{"@id":"https:\/\/www.pressenza.com\/es\/#organization"},"image":{"@id":"https:\/\/www.pressenza.com\/es\/2013\/05\/humanistas-celebran-el-4-de-mayo-en-todo-el-mundo-se-inaugura-primer-parque-de-estudio-y-reflexion-en-africa\/#primaryimage"},"thumbnailUrl":"https:\/\/www.pressenza.com\/wp-content\/uploads\/2013\/05\/IMG_8898.jpg","keywords":["El Mensaje de Silo","Movimiento Humanista","Mozambique","Parques de Estudio y Reflexi\u00f3n","Silo"],"articleSection":["Humanismo y Espiritualidad","Internacional"],"inLanguage":"es"},{"@type":"WebPage","@id":"https:\/\/www.pressenza.com\/es\/2013\/05\/humanistas-celebran-el-4-de-mayo-en-todo-el-mundo-se-inaugura-primer-parque-de-estudio-y-reflexion-en-africa\/","url":"https:\/\/www.pressenza.com\/es\/2013\/05\/humanistas-celebran-el-4-de-mayo-en-todo-el-mundo-se-inaugura-primer-parque-de-estudio-y-reflexion-en-africa\/","name":"Humanistas celebran el 4 de Mayo en todo el mundo. Se inaugura primer Parque de Estudio y Reflexi\u00f3n en \u00c1frica","isPartOf":{"@id":"https:\/\/www.pressenza.com\/es\/#website"},"primaryImageOfPage":{"@id":"https:\/\/www.pressenza.com\/es\/2013\/05\/humanistas-celebran-el-4-de-mayo-en-todo-el-mundo-se-inaugura-primer-parque-de-estudio-y-reflexion-en-africa\/#primaryimage"},"image":{"@id":"https:\/\/www.pressenza.com\/es\/2013\/05\/humanistas-celebran-el-4-de-mayo-en-todo-el-mundo-se-inaugura-primer-parque-de-estudio-y-reflexion-en-africa\/#primaryimage"},"thumbnailUrl":"https:\/\/www.pressenza.com\/wp-content\/uploads\/2013\/05\/IMG_8898.jpg","datePublished":"2013-05-04T22:47:43+00:00","description":"En un d\u00eda especial para todos aquellos que adhieren al Nuevo Humanismo \u2013 la doctrina de paz y no violencia lanzada por Silo , autor, fil\u00f3sofo y gu\u00eda","breadcrumb":{"@id":"https:\/\/www.pressenza.com\/es\/2013\/05\/humanistas-celebran-el-4-de-mayo-en-todo-el-mundo-se-inaugura-primer-parque-de-estudio-y-reflexion-en-africa\/#breadcrumb"},"inLanguage":"es","potentialAction":[{"@type":"ReadAction","target":["https:\/\/www.pressenza.com\/es\/2013\/05\/humanistas-celebran-el-4-de-mayo-en-todo-el-mundo-se-inaugura-primer-parque-de-estudio-y-reflexion-en-africa\/"]}]},{"@type":"ImageObject","inLanguage":"es","@id":"https:\/\/www.pressenza.com\/es\/2013\/05\/humanistas-celebran-el-4-de-mayo-en-todo-el-mundo-se-inaugura-primer-parque-de-estudio-y-reflexion-en-africa\/#primaryimage","url":"https:\/\/www.pressenza.com\/wp-content\/uploads\/2013\/05\/IMG_8898.jpg","contentUrl":"https:\/\/www.pressenza.com\/wp-content\/uploads\/2013\/05\/IMG_8898.jpg","width":1000,"height":515,"caption":"Marracuene Park of Study and Reflection"},{"@type":"BreadcrumbList","@id":"https:\/\/www.pressenza.com\/es\/2013\/05\/humanistas-celebran-el-4-de-mayo-en-todo-el-mundo-se-inaugura-primer-parque-de-estudio-y-reflexion-en-africa\/#breadcrumb","itemListElement":[{"@type":"ListItem","position":1,"name":"Accueil","item":"https:\/\/www.pressenza.com\/es\/"},{"@type":"ListItem","position":2,"name":"Humanistas celebran el 4 de Mayo en todo el mundo. Se inaugura primer Parque de Estudio y Reflexi\u00f3n en \u00c1frica"}]},{"@type":"WebSite","@id":"https:\/\/www.pressenza.com\/es\/#website","url":"https:\/\/www.pressenza.com\/es\/","name":"Pressenza","description":"International Press Agency","publisher":{"@id":"https:\/\/www.pressenza.com\/es\/#organization"},"potentialAction":[{"@type":"SearchAction","target":{"@type":"EntryPoint","urlTemplate":"https:\/\/www.pressenza.com\/es\/?s={search_term_string}"},"query-input":{"@type":"PropertyValueSpecification","valueRequired":true,"valueName":"search_term_string"}}],"inLanguage":"es"},{"@type":"Organization","@id":"https:\/\/www.pressenza.com\/es\/#organization","name":"Pressenza","url":"https:\/\/www.pressenza.com\/es\/","logo":{"@type":"ImageObject","inLanguage":"es","@id":"https:\/\/www.pressenza.com\/es\/#\/schema\/logo\/image\/","url":"https:\/\/www.pressenza.com\/wp-content\/uploads\/2022\/10\/pressenza_logo_200x200.jpg","contentUrl":"https:\/\/www.pressenza.com\/wp-content\/uploads\/2022\/10\/pressenza_logo_200x200.jpg","width":200,"height":200,"caption":"Pressenza"},"image":{"@id":"https:\/\/www.pressenza.com\/es\/#\/schema\/logo\/image\/"},"sameAs":["https:\/\/www.facebook.com\/PressenzaItalia","https:\/\/x.com\/PressenzaIPA"]},{"@type":"Person","@id":"https:\/\/www.pressenza.com\/es\/#\/schema\/person\/a96a2ff6530dbb8bcf9ec001febc4af4","name":"Tony Robinson","description":"Humanist Movement Activist, ex-Director of the Middle East Treaty Organization and coordinating committee member of Abolition 2000 - Global Network to Eliminate Nuclear Weapons, author of the book \"Coffee with Silo and the quest for meaning in life\" and producer of the film \"The Beginning of the End of Nuclear Weapons\".","sameAs":["https:\/\/x.com\/TonyRobinson6"],"url":"https:\/\/www.pressenza.com\/es\/author\/tony-robinson\/"}]}},"place":"Marracuene, Mozambique","original_article_url":"","_links":{"self":[{"href":"https:\/\/www.pressenza.com\/es\/wp-json\/wp\/v2\/posts\/50457","targetHints":{"allow":["GET"]}}],"collection":[{"href":"https:\/\/www.pressenza.com\/es\/wp-json\/wp\/v2\/posts"}],"about":[{"href":"https:\/\/www.pressenza.com\/es\/wp-json\/wp\/v2\/types\/post"}],"author":[{"embeddable":true,"href":"https:\/\/www.pressenza.com\/es\/wp-json\/wp\/v2\/users\/6"}],"replies":[{"embeddable":true,"href":"https:\/\/www.pressenza.com\/es\/wp-json\/wp\/v2\/comments?post=50457"}],"version-history":[{"count":0,"href":"https:\/\/www.pressenza.com\/es\/wp-json\/wp\/v2\/posts\/50457\/revisions"}],"wp:featuredmedia":[{"embeddable":true,"href":"https:\/\/www.pressenza.com\/es\/wp-json\/wp\/v2\/media\/50451"}],"wp:attachment":[{"href":"https:\/\/www.pressenza.com\/es\/wp-json\/wp\/v2\/media?parent=50457"}],"wp:term":[{"taxonomy":"category","embeddable":true,"href":"https:\/\/www.pressenza.com\/es\/wp-json\/wp\/v2\/categories?post=50457"},{"taxonomy":"post_tag","embeddable":true,"href":"https:\/\/www.pressenza.com\/es\/wp-json\/wp\/v2\/tags?post=50457"}],"curies":[{"name":"wp","href":"https:\/\/api.w.org\/{rel}","templated":true}]}}