{"id":50358,"date":"2013-05-03T04:35:11","date_gmt":"2013-05-03T03:35:11","guid":{"rendered":"http:\/\/www.pressenza.com\/?p=50358"},"modified":"2013-05-03T04:35:11","modified_gmt":"2013-05-03T03:35:11","slug":"evo-no-hay-por-que-tenerle-miedo-al-imperialismo-norteamericano","status":"publish","type":"post","link":"https:\/\/www.pressenza.com\/es\/2013\/05\/evo-no-hay-por-que-tenerle-miedo-al-imperialismo-norteamericano\/","title":{"rendered":"Evo: \u00abNo hay por qu\u00e9 tenerle miedo al imperialismo norteamericano\u00bb"},"content":{"rendered":"<p style=\"text-align: justify;\">El presidente boliviano <strong>respondi\u00f3 as\u00ed al Departamento de Estado<\/strong>, quien asegur\u00f3 que se reserva la <strong>posibilidad de emprender acciones<\/strong> por la expulsi\u00f3n de la agencia Usaid.<\/p>\n<p style=\"text-align: justify;\">El presidente de Bolivia, Evo Morales, defendi\u00f3 su decisi\u00f3n de expulsar del pa\u00eds a la Agencia estadounidense para el Desarrollo Internacional (USAID), luego de que el gobierno de Barack Obama anunciara que \u00abse reserva\u00bb la posibilidad de tomar alguna medida en reacci\u00f3n.<\/p>\n<p style=\"text-align: justify;\">El mandatario resalt\u00f3 que la expulsi\u00f3n fue realizada \u00abcon mucho orgullo\u00bb por \u00abla dignidad de los bolivianos\u00bb y relativiz\u00f3 las amenazas desde el Departamento de Estado de Estados Unidos. \u00abNo hay por qu\u00e9 tener miedo al imperialismo norteamericano\u00bb, dijo, seg\u00fan consign\u00f3 la agencia EFE.<\/p>\n<p style=\"text-align: justify;\">Morales hizo estas declaraciones en la ciudad de El Alto, vecina de La Paz, luego del acto por el s\u00e9ptimo aniversario de la nacionalizaci\u00f3n de los hidrocarburos que decret\u00f3 en 2006.<\/p>\n<p>Morales replic\u00f3 as\u00ed a declaraciones del portavoz del Departamento de Estado estadounidense, Patrick Ventrell, quien lament\u00f3 la expulsi\u00f3n de la USAID y no descart\u00f3 que su pa\u00eds pueda tomar alguna medida en reacci\u00f3n a ello, al se\u00f1alar que el Gobierno de Barack Obama \u00abse reserva\u00bb esa posibilidad.\n<\/p>\n<div><strong>Esp\u00edas<\/strong><\/div>\n<p style=\"text-align: justify;\">El mandatario boliviano <a href=\"http:\/\/nuevo.admin.telam.com.ar\/notas\/201305\/16059-evo-morales-expulso-a-la-agencia-estadounidense-usaid-por-conspirar-contra-el-gobierno-boliviano.html\">decidi\u00f3 ayer expulsar a la cooperaci\u00f3n estadounidense alegando una \u00abintromisi\u00f3n pol\u00edtica\u00bb<\/a> y acus\u00e1ndola de conspirar contra su Gobierno y manipular a dirigentes sindicales.<\/p>\n<p>Ventrell rechaz\u00f3 las acusaciones y asegur\u00f3 que los programas de la USAID, implementados desde 1964 y centrados en su mayor\u00eda en las \u00e1reas de educaci\u00f3n, medio ambiente y salud, \u00abayudaban a mejorar las vidas de bolivianos de a pie\u00bb, por lo que \u00ablos m\u00e1s heridos por la decisi\u00f3n ser\u00e1n los bolivianos\u00bb.<\/p>\n<p>\u00abEstamos decepcionados\u00bb con la decisi\u00f3n de Bolivia, anot\u00f3 por su parte en un encuentro con periodistas el principal asesor para Latinoam\u00e9rica de Obama, Ricardo Z\u00fa\u00f1iga, quien destac\u00f3 la \u00ablarga y positiva historia\u00bb de USAID en el pa\u00eds sudamericano.<\/p>\n<p>Para Z\u00fa\u00f1iga, la expulsi\u00f3n \u00abno es consistente\u00bb con las afirmaciones del gobierno boliviano sobre su inter\u00e9s en trabajar con Estados Unidos.<\/p>\n<p>El gobierno boliviano dijo varias veces que las ONG supuestamente financiadas por la USAID son \u00abesp\u00edas\u00bb de Estados Unidos y las acus\u00f3 de intentar frenar proyectos viales y de explotaci\u00f3n de recursos naturales en Bolivia, usando para ese fin a los pueblos ind\u00edgenas, algo que Estados Unidos siempre neg\u00f3.<\/p>\n<p style=\"text-align: justify;\">\n","protected":false},"excerpt":{"rendered":"<p>El presidente boliviano respondi\u00f3 as\u00ed al Departamento de Estado, quien asegur\u00f3 que se reserva la posibilidad de emprender acciones por la expulsi\u00f3n de la agencia Usaid. El presidente de Bolivia, Evo Morales, defendi\u00f3 su decisi\u00f3n de expulsar del pa\u00eds a&hellip;<\/p>\n","protected":false},"author":494,"featured_media":50360,"comment_status":"closed","ping_status":"open","sticky":false,"template":"","format":"standard","meta":{"footnotes":""},"categories":[76,75,67],"tags":[1059],"class_list":["post-50358","post","type-post","status-publish","format-standard","has-post-thumbnail","hentry","category-relaciones-exteriores","category-cultura-es","category-sudamerica","tag-evo-morales"],"yoast_head":"<!-- This site is optimized with the Yoast SEO plugin v27.1.1 - https:\/\/yoast.com\/product\/yoast-seo-wordpress\/ -->\n<title>Evo: &quot;No hay por qu\u00e9 tenerle miedo al imperialismo norteamericano&quot;<\/title>\n<meta name=\"description\" content=\"El presidente boliviano respondi\u00f3 as\u00ed al Departamento de Estado, quien asegur\u00f3 que se reserva la posibilidad de emprender acciones por la expulsi\u00f3n de la\" \/>\n<meta name=\"robots\" content=\"index, follow, max-snippet:-1, max-image-preview:large, max-video-preview:-1\" \/>\n<link rel=\"canonical\" href=\"https:\/\/www.pressenza.com\/es\/2013\/05\/evo-no-hay-por-que-tenerle-miedo-al-imperialismo-norteamericano\/\" \/>\n<meta property=\"og:locale\" content=\"es_ES\" \/>\n<meta property=\"og:type\" content=\"article\" \/>\n<meta property=\"og:title\" content=\"Evo: &quot;No hay por qu\u00e9 tenerle miedo al imperialismo norteamericano&quot;\" \/>\n<meta property=\"og:description\" content=\"El presidente boliviano respondi\u00f3 as\u00ed al Departamento de Estado, quien asegur\u00f3 que se reserva la posibilidad de emprender acciones por la expulsi\u00f3n de la\" \/>\n<meta property=\"og:url\" content=\"https:\/\/www.pressenza.com\/es\/2013\/05\/evo-no-hay-por-que-tenerle-miedo-al-imperialismo-norteamericano\/\" \/>\n<meta property=\"og:site_name\" content=\"Pressenza\" \/>\n<meta property=\"article:publisher\" content=\"https:\/\/www.facebook.com\/PressenzaItalia\" \/>\n<meta property=\"article:author\" content=\"https:\/\/www.facebook.com\/AgenciaTELAM\" \/>\n<meta property=\"article:published_time\" content=\"2013-05-03T03:35:11+00:00\" \/>\n<meta property=\"og:image\" content=\"https:\/\/www.pressenza.com\/wp-content\/uploads\/2013\/05\/evo.jpg\" \/>\n\t<meta property=\"og:image:width\" content=\"510\" \/>\n\t<meta property=\"og:image:height\" content=\"339\" \/>\n\t<meta property=\"og:image:type\" content=\"image\/jpeg\" \/>\n<meta name=\"author\" content=\"T\u00e9lam - Agencia Nacional de Noticias de la Rep\u00fablica Argentina\" \/>\n<meta name=\"twitter:card\" content=\"summary_large_image\" \/>\n<meta name=\"twitter:creator\" content=\"@AgenciaTelam\" \/>\n<meta name=\"twitter:site\" content=\"@PressenzaIPA\" \/>\n<meta name=\"twitter:label1\" content=\"Escrito por\" \/>\n\t<meta name=\"twitter:data1\" content=\"T\u00e9lam - Agencia Nacional de Noticias de la Rep\u00fablica Argentina\" \/>\n\t<meta name=\"twitter:label2\" content=\"Tiempo de lectura\" \/>\n\t<meta name=\"twitter:data2\" content=\"2 minutos\" \/>\n<script type=\"application\/ld+json\" class=\"yoast-schema-graph\">{\"@context\":\"https:\/\/schema.org\",\"@graph\":[{\"@type\":\"Article\",\"@id\":\"https:\/\/www.pressenza.com\/es\/2013\/05\/evo-no-hay-por-que-tenerle-miedo-al-imperialismo-norteamericano\/#article\",\"isPartOf\":{\"@id\":\"https:\/\/www.pressenza.com\/es\/2013\/05\/evo-no-hay-por-que-tenerle-miedo-al-imperialismo-norteamericano\/\"},\"author\":{\"name\":\"T\u00e9lam - Agencia Nacional de Noticias de la Rep\u00fablica Argentina\",\"@id\":\"https:\/\/www.pressenza.com\/es\/#\/schema\/person\/f1a879435e38cd8f69eac14ebf21489e\"},\"headline\":\"Evo: \u00abNo hay por qu\u00e9 tenerle miedo al imperialismo norteamericano\u00bb\",\"datePublished\":\"2013-05-03T03:35:11+00:00\",\"mainEntityOfPage\":{\"@id\":\"https:\/\/www.pressenza.com\/es\/2013\/05\/evo-no-hay-por-que-tenerle-miedo-al-imperialismo-norteamericano\/\"},\"wordCount\":416,\"publisher\":{\"@id\":\"https:\/\/www.pressenza.com\/es\/#organization\"},\"image\":{\"@id\":\"https:\/\/www.pressenza.com\/es\/2013\/05\/evo-no-hay-por-que-tenerle-miedo-al-imperialismo-norteamericano\/#primaryimage\"},\"thumbnailUrl\":\"https:\/\/www.pressenza.com\/wp-content\/uploads\/2013\/05\/evo.jpg\",\"keywords\":[\"Evo Morales\"],\"articleSection\":[\"Asuntos internacionales\",\"Cultura y Medios\",\"Sudam\u00e9rica\"],\"inLanguage\":\"es\"},{\"@type\":\"WebPage\",\"@id\":\"https:\/\/www.pressenza.com\/es\/2013\/05\/evo-no-hay-por-que-tenerle-miedo-al-imperialismo-norteamericano\/\",\"url\":\"https:\/\/www.pressenza.com\/es\/2013\/05\/evo-no-hay-por-que-tenerle-miedo-al-imperialismo-norteamericano\/\",\"name\":\"Evo: \\\"No hay por qu\u00e9 tenerle miedo al imperialismo norteamericano\\\"\",\"isPartOf\":{\"@id\":\"https:\/\/www.pressenza.com\/es\/#website\"},\"primaryImageOfPage\":{\"@id\":\"https:\/\/www.pressenza.com\/es\/2013\/05\/evo-no-hay-por-que-tenerle-miedo-al-imperialismo-norteamericano\/#primaryimage\"},\"image\":{\"@id\":\"https:\/\/www.pressenza.com\/es\/2013\/05\/evo-no-hay-por-que-tenerle-miedo-al-imperialismo-norteamericano\/#primaryimage\"},\"thumbnailUrl\":\"https:\/\/www.pressenza.com\/wp-content\/uploads\/2013\/05\/evo.jpg\",\"datePublished\":\"2013-05-03T03:35:11+00:00\",\"description\":\"El presidente boliviano respondi\u00f3 as\u00ed al Departamento de Estado, quien asegur\u00f3 que se reserva la posibilidad de emprender acciones por la expulsi\u00f3n de la\",\"breadcrumb\":{\"@id\":\"https:\/\/www.pressenza.com\/es\/2013\/05\/evo-no-hay-por-que-tenerle-miedo-al-imperialismo-norteamericano\/#breadcrumb\"},\"inLanguage\":\"es\",\"potentialAction\":[{\"@type\":\"ReadAction\",\"target\":[\"https:\/\/www.pressenza.com\/es\/2013\/05\/evo-no-hay-por-que-tenerle-miedo-al-imperialismo-norteamericano\/\"]}]},{\"@type\":\"ImageObject\",\"inLanguage\":\"es\",\"@id\":\"https:\/\/www.pressenza.com\/es\/2013\/05\/evo-no-hay-por-que-tenerle-miedo-al-imperialismo-norteamericano\/#primaryimage\",\"url\":\"https:\/\/www.pressenza.com\/wp-content\/uploads\/2013\/05\/evo.jpg\",\"contentUrl\":\"https:\/\/www.pressenza.com\/wp-content\/uploads\/2013\/05\/evo.jpg\",\"width\":510,\"height\":339},{\"@type\":\"BreadcrumbList\",\"@id\":\"https:\/\/www.pressenza.com\/es\/2013\/05\/evo-no-hay-por-que-tenerle-miedo-al-imperialismo-norteamericano\/#breadcrumb\",\"itemListElement\":[{\"@type\":\"ListItem\",\"position\":1,\"name\":\"Accueil\",\"item\":\"https:\/\/www.pressenza.com\/es\/\"},{\"@type\":\"ListItem\",\"position\":2,\"name\":\"Evo: \u00abNo hay por qu\u00e9 tenerle miedo al imperialismo norteamericano\u00bb\"}]},{\"@type\":\"WebSite\",\"@id\":\"https:\/\/www.pressenza.com\/es\/#website\",\"url\":\"https:\/\/www.pressenza.com\/es\/\",\"name\":\"Pressenza\",\"description\":\"International Press Agency\",\"publisher\":{\"@id\":\"https:\/\/www.pressenza.com\/es\/#organization\"},\"potentialAction\":[{\"@type\":\"SearchAction\",\"target\":{\"@type\":\"EntryPoint\",\"urlTemplate\":\"https:\/\/www.pressenza.com\/es\/?s={search_term_string}\"},\"query-input\":{\"@type\":\"PropertyValueSpecification\",\"valueRequired\":true,\"valueName\":\"search_term_string\"}}],\"inLanguage\":\"es\"},{\"@type\":\"Organization\",\"@id\":\"https:\/\/www.pressenza.com\/es\/#organization\",\"name\":\"Pressenza\",\"url\":\"https:\/\/www.pressenza.com\/es\/\",\"logo\":{\"@type\":\"ImageObject\",\"inLanguage\":\"es\",\"@id\":\"https:\/\/www.pressenza.com\/es\/#\/schema\/logo\/image\/\",\"url\":\"https:\/\/www.pressenza.com\/wp-content\/uploads\/2022\/10\/pressenza_logo_200x200.jpg\",\"contentUrl\":\"https:\/\/www.pressenza.com\/wp-content\/uploads\/2022\/10\/pressenza_logo_200x200.jpg\",\"width\":200,\"height\":200,\"caption\":\"Pressenza\"},\"image\":{\"@id\":\"https:\/\/www.pressenza.com\/es\/#\/schema\/logo\/image\/\"},\"sameAs\":[\"https:\/\/www.facebook.com\/PressenzaItalia\",\"https:\/\/x.com\/PressenzaIPA\"]},{\"@type\":\"Person\",\"@id\":\"https:\/\/www.pressenza.com\/es\/#\/schema\/person\/f1a879435e38cd8f69eac14ebf21489e\",\"name\":\"T\u00e9lam - Agencia Nacional de Noticias de la Rep\u00fablica Argentina\",\"description\":\"T\u00e9lam es una de las grandes agencias de noticias a nivel regional. El prestigio, acceso a fuentes oficiales, la cobertura en todo el territorio nacional y corresponsal\u00edas en el exterior; y la responsabilidad en el tratamiento informativo son caracter\u00edsticas que colocan a T\u00e9lam en referente period\u00edstico confiable y cre\u00edble en el pa\u00eds y en el mundo. Sostiene un servicio actualizado, detallado y original en diversos formatos, las 24 horas del d\u00eda, todos los d\u00edas del a\u00f1o. Es l\u00edder en el mercado nacional y sostiene alianzas a nivel regional y mundial que le permiten expandir los servicios period\u00edsticos. Suministra sus productos v\u00eda on line, tanto a nivel local como internacional. En la actualidad, la Agencia suma a sus servicios tradicionales, nuevos desaf\u00edos a partir de la realizaci\u00f3n de producciones multimedia para diversas plataformas. www.telam.com.ar\",\"sameAs\":[\"https:\/\/www.facebook.com\/AgenciaTELAM\",\"https:\/\/x.com\/AgenciaTelam\"],\"url\":\"https:\/\/www.pressenza.com\/es\/author\/telam\/\"}]}<\/script>\n<!-- \/ Yoast SEO plugin. -->","yoast_head_json":{"title":"Evo: \"No hay por qu\u00e9 tenerle miedo al imperialismo norteamericano\"","description":"El presidente boliviano respondi\u00f3 as\u00ed al Departamento de Estado, quien asegur\u00f3 que se reserva la posibilidad de emprender acciones por la expulsi\u00f3n de la","robots":{"index":"index","follow":"follow","max-snippet":"max-snippet:-1","max-image-preview":"max-image-preview:large","max-video-preview":"max-video-preview:-1"},"canonical":"https:\/\/www.pressenza.com\/es\/2013\/05\/evo-no-hay-por-que-tenerle-miedo-al-imperialismo-norteamericano\/","og_locale":"es_ES","og_type":"article","og_title":"Evo: \"No hay por qu\u00e9 tenerle miedo al imperialismo norteamericano\"","og_description":"El presidente boliviano respondi\u00f3 as\u00ed al Departamento de Estado, quien asegur\u00f3 que se reserva la posibilidad de emprender acciones por la expulsi\u00f3n de la","og_url":"https:\/\/www.pressenza.com\/es\/2013\/05\/evo-no-hay-por-que-tenerle-miedo-al-imperialismo-norteamericano\/","og_site_name":"Pressenza","article_publisher":"https:\/\/www.facebook.com\/PressenzaItalia","article_author":"https:\/\/www.facebook.com\/AgenciaTELAM","article_published_time":"2013-05-03T03:35:11+00:00","og_image":[{"width":510,"height":339,"url":"https:\/\/www.pressenza.com\/wp-content\/uploads\/2013\/05\/evo.jpg","type":"image\/jpeg"}],"author":"T\u00e9lam - Agencia Nacional de Noticias de la Rep\u00fablica Argentina","twitter_card":"summary_large_image","twitter_creator":"@AgenciaTelam","twitter_site":"@PressenzaIPA","twitter_misc":{"Escrito por":"T\u00e9lam - Agencia Nacional de Noticias de la Rep\u00fablica Argentina","Tiempo de lectura":"2 minutos"},"schema":{"@context":"https:\/\/schema.org","@graph":[{"@type":"Article","@id":"https:\/\/www.pressenza.com\/es\/2013\/05\/evo-no-hay-por-que-tenerle-miedo-al-imperialismo-norteamericano\/#article","isPartOf":{"@id":"https:\/\/www.pressenza.com\/es\/2013\/05\/evo-no-hay-por-que-tenerle-miedo-al-imperialismo-norteamericano\/"},"author":{"name":"T\u00e9lam - Agencia Nacional de Noticias de la Rep\u00fablica Argentina","@id":"https:\/\/www.pressenza.com\/es\/#\/schema\/person\/f1a879435e38cd8f69eac14ebf21489e"},"headline":"Evo: \u00abNo hay por qu\u00e9 tenerle miedo al imperialismo norteamericano\u00bb","datePublished":"2013-05-03T03:35:11+00:00","mainEntityOfPage":{"@id":"https:\/\/www.pressenza.com\/es\/2013\/05\/evo-no-hay-por-que-tenerle-miedo-al-imperialismo-norteamericano\/"},"wordCount":416,"publisher":{"@id":"https:\/\/www.pressenza.com\/es\/#organization"},"image":{"@id":"https:\/\/www.pressenza.com\/es\/2013\/05\/evo-no-hay-por-que-tenerle-miedo-al-imperialismo-norteamericano\/#primaryimage"},"thumbnailUrl":"https:\/\/www.pressenza.com\/wp-content\/uploads\/2013\/05\/evo.jpg","keywords":["Evo Morales"],"articleSection":["Asuntos internacionales","Cultura y Medios","Sudam\u00e9rica"],"inLanguage":"es"},{"@type":"WebPage","@id":"https:\/\/www.pressenza.com\/es\/2013\/05\/evo-no-hay-por-que-tenerle-miedo-al-imperialismo-norteamericano\/","url":"https:\/\/www.pressenza.com\/es\/2013\/05\/evo-no-hay-por-que-tenerle-miedo-al-imperialismo-norteamericano\/","name":"Evo: \"No hay por qu\u00e9 tenerle miedo al imperialismo norteamericano\"","isPartOf":{"@id":"https:\/\/www.pressenza.com\/es\/#website"},"primaryImageOfPage":{"@id":"https:\/\/www.pressenza.com\/es\/2013\/05\/evo-no-hay-por-que-tenerle-miedo-al-imperialismo-norteamericano\/#primaryimage"},"image":{"@id":"https:\/\/www.pressenza.com\/es\/2013\/05\/evo-no-hay-por-que-tenerle-miedo-al-imperialismo-norteamericano\/#primaryimage"},"thumbnailUrl":"https:\/\/www.pressenza.com\/wp-content\/uploads\/2013\/05\/evo.jpg","datePublished":"2013-05-03T03:35:11+00:00","description":"El presidente boliviano respondi\u00f3 as\u00ed al Departamento de Estado, quien asegur\u00f3 que se reserva la posibilidad de emprender acciones por la expulsi\u00f3n de la","breadcrumb":{"@id":"https:\/\/www.pressenza.com\/es\/2013\/05\/evo-no-hay-por-que-tenerle-miedo-al-imperialismo-norteamericano\/#breadcrumb"},"inLanguage":"es","potentialAction":[{"@type":"ReadAction","target":["https:\/\/www.pressenza.com\/es\/2013\/05\/evo-no-hay-por-que-tenerle-miedo-al-imperialismo-norteamericano\/"]}]},{"@type":"ImageObject","inLanguage":"es","@id":"https:\/\/www.pressenza.com\/es\/2013\/05\/evo-no-hay-por-que-tenerle-miedo-al-imperialismo-norteamericano\/#primaryimage","url":"https:\/\/www.pressenza.com\/wp-content\/uploads\/2013\/05\/evo.jpg","contentUrl":"https:\/\/www.pressenza.com\/wp-content\/uploads\/2013\/05\/evo.jpg","width":510,"height":339},{"@type":"BreadcrumbList","@id":"https:\/\/www.pressenza.com\/es\/2013\/05\/evo-no-hay-por-que-tenerle-miedo-al-imperialismo-norteamericano\/#breadcrumb","itemListElement":[{"@type":"ListItem","position":1,"name":"Accueil","item":"https:\/\/www.pressenza.com\/es\/"},{"@type":"ListItem","position":2,"name":"Evo: \u00abNo hay por qu\u00e9 tenerle miedo al imperialismo norteamericano\u00bb"}]},{"@type":"WebSite","@id":"https:\/\/www.pressenza.com\/es\/#website","url":"https:\/\/www.pressenza.com\/es\/","name":"Pressenza","description":"International Press Agency","publisher":{"@id":"https:\/\/www.pressenza.com\/es\/#organization"},"potentialAction":[{"@type":"SearchAction","target":{"@type":"EntryPoint","urlTemplate":"https:\/\/www.pressenza.com\/es\/?s={search_term_string}"},"query-input":{"@type":"PropertyValueSpecification","valueRequired":true,"valueName":"search_term_string"}}],"inLanguage":"es"},{"@type":"Organization","@id":"https:\/\/www.pressenza.com\/es\/#organization","name":"Pressenza","url":"https:\/\/www.pressenza.com\/es\/","logo":{"@type":"ImageObject","inLanguage":"es","@id":"https:\/\/www.pressenza.com\/es\/#\/schema\/logo\/image\/","url":"https:\/\/www.pressenza.com\/wp-content\/uploads\/2022\/10\/pressenza_logo_200x200.jpg","contentUrl":"https:\/\/www.pressenza.com\/wp-content\/uploads\/2022\/10\/pressenza_logo_200x200.jpg","width":200,"height":200,"caption":"Pressenza"},"image":{"@id":"https:\/\/www.pressenza.com\/es\/#\/schema\/logo\/image\/"},"sameAs":["https:\/\/www.facebook.com\/PressenzaItalia","https:\/\/x.com\/PressenzaIPA"]},{"@type":"Person","@id":"https:\/\/www.pressenza.com\/es\/#\/schema\/person\/f1a879435e38cd8f69eac14ebf21489e","name":"T\u00e9lam - Agencia Nacional de Noticias de la Rep\u00fablica Argentina","description":"T\u00e9lam es una de las grandes agencias de noticias a nivel regional. El prestigio, acceso a fuentes oficiales, la cobertura en todo el territorio nacional y corresponsal\u00edas en el exterior; y la responsabilidad en el tratamiento informativo son caracter\u00edsticas que colocan a T\u00e9lam en referente period\u00edstico confiable y cre\u00edble en el pa\u00eds y en el mundo. Sostiene un servicio actualizado, detallado y original en diversos formatos, las 24 horas del d\u00eda, todos los d\u00edas del a\u00f1o. Es l\u00edder en el mercado nacional y sostiene alianzas a nivel regional y mundial que le permiten expandir los servicios period\u00edsticos. Suministra sus productos v\u00eda on line, tanto a nivel local como internacional. En la actualidad, la Agencia suma a sus servicios tradicionales, nuevos desaf\u00edos a partir de la realizaci\u00f3n de producciones multimedia para diversas plataformas. www.telam.com.ar","sameAs":["https:\/\/www.facebook.com\/AgenciaTELAM","https:\/\/x.com\/AgenciaTelam"],"url":"https:\/\/www.pressenza.com\/es\/author\/telam\/"}]}},"place":"La Paz","original_article_url":"","_links":{"self":[{"href":"https:\/\/www.pressenza.com\/es\/wp-json\/wp\/v2\/posts\/50358","targetHints":{"allow":["GET"]}}],"collection":[{"href":"https:\/\/www.pressenza.com\/es\/wp-json\/wp\/v2\/posts"}],"about":[{"href":"https:\/\/www.pressenza.com\/es\/wp-json\/wp\/v2\/types\/post"}],"author":[{"embeddable":true,"href":"https:\/\/www.pressenza.com\/es\/wp-json\/wp\/v2\/users\/494"}],"replies":[{"embeddable":true,"href":"https:\/\/www.pressenza.com\/es\/wp-json\/wp\/v2\/comments?post=50358"}],"version-history":[{"count":0,"href":"https:\/\/www.pressenza.com\/es\/wp-json\/wp\/v2\/posts\/50358\/revisions"}],"wp:featuredmedia":[{"embeddable":true,"href":"https:\/\/www.pressenza.com\/es\/wp-json\/wp\/v2\/media\/50360"}],"wp:attachment":[{"href":"https:\/\/www.pressenza.com\/es\/wp-json\/wp\/v2\/media?parent=50358"}],"wp:term":[{"taxonomy":"category","embeddable":true,"href":"https:\/\/www.pressenza.com\/es\/wp-json\/wp\/v2\/categories?post=50358"},{"taxonomy":"post_tag","embeddable":true,"href":"https:\/\/www.pressenza.com\/es\/wp-json\/wp\/v2\/tags?post=50358"}],"curies":[{"name":"wp","href":"https:\/\/api.w.org\/{rel}","templated":true}]}}