{"id":50352,"date":"2013-05-03T04:29:19","date_gmt":"2013-05-03T03:29:19","guid":{"rendered":"http:\/\/www.pressenza.com\/?p=50352"},"modified":"2013-05-03T04:29:19","modified_gmt":"2013-05-03T03:29:19","slug":"la-corte-de-la-haya-cito-a-bolivia-y-chile-para-mediados-de-junio-proximo","status":"publish","type":"post","link":"https:\/\/www.pressenza.com\/es\/2013\/05\/la-corte-de-la-haya-cito-a-bolivia-y-chile-para-mediados-de-junio-proximo\/","title":{"rendered":"La Corte de La Haya cit\u00f3 a Bolivia y Chile para mediados de junio pr\u00f3ximo"},"content":{"rendered":"<p style=\"text-align: justify;\">Los delegados de ambos pa\u00edses<strong> deber\u00e1n establecer el cronograma y los plazos del proceso judicial el 12 de junio pr\u00f3ximo<\/strong>. Bolivia busca <strong>una puerta al oc\u00e9ano Pac\u00edfico<\/strong>.<\/p>\n<p style=\"text-align: justify;\">La Corte Internacional de\u00a0Justicia (CIJ), con sede en La Haya, cit\u00f3 a Bolivia y Chile para\u00a0una reuni\u00f3n de coordinaci\u00f3n por la demanda mar\u00edtima que present\u00f3 La\u00a0Paz, inform\u00f3 el embajador boliviano Eduardo Rodr\u00edguez Vetz\u00e9.<\/p>\n<p style=\"text-align: justify;\">El diplom\u00e1tico asegur\u00f3 hoy que recibi\u00f3 una notificaci\u00f3n y\u00a0explic\u00f3 que el presidente de la CIJ, el eslovaco Peter Tomka, fij\u00f3 una primera reuni\u00f3n de los agentes de Bolivia y Chile para el 12 de\u00a0junio en La Haya.<\/p>\n<p>\u00abJustamente hemos recibido hace pocas horas la confirmaci\u00f3n\u00a0de una comunicaci\u00f3n del presidente de la Corte que cita a los agentes de Bolivia y Chile el d\u00eda 12 de junio a las 3 de la tarde\u00a0en la Haya\u00bb, dijo Rodr\u00edguez Vetz\u00e9, seg\u00fan publican las agencias ABI\u00a0y DPA.<\/p>\n<p>El 24 de abril el Gobierno boliviano present\u00f3 ante esa Corte\u00a0Internacional una demanda contra Chile por una salida soberana al\u00a0Oc\u00e9ano Pac\u00edfico, luego de intentar en reiteradas oportunidades un\u00a0di\u00e1logo que result\u00f3 infructuoso.<\/p>\n<p>El Embajador Plenipotenciario de Bolivia ante La Haya explic\u00f3\u00a0que una vez que se abran las memorias -argumentos traducidos en\u00a0alegatos escritos y documentos sobre el tema mar\u00edtimo de las\u00a0partes-, la CIJ tomar\u00e1 un tiempo prudente para emitir su resoluci\u00f3n\u00a0final.<\/p>\n<p>\u00abEsto es lo que hace un proceso dilatado y no se pueden\u00a0establecer de ante mano plazos exactos\u00bb, indic\u00f3.<\/p>\n<p>Seg\u00fan el diplom\u00e1tico, en esa reuni\u00f3n se establecer\u00e1 plazos\u00a0para la primera parte de la presentaci\u00f3n. \u00abEs una reuni\u00f3n que dispone el actual reglamento de la Corte Internacional de Justicia\u00a0de La Haya\u00bb, agreg\u00f3 en declaraciones a la red estatal Bolivia TV.<\/p>\n<p>La Corte La Haya admiti\u00f3 el 29 de abril la demanda mar\u00edtima\u00a0de Bolivia contra Chile por una salida al oc\u00e9ano Pac\u00edfico con soberan\u00eda y continuidad geogr\u00e1fica.<\/p>\n<p>La denuncia solicita a la CIJ que falle y declare que Chile\u00a0tiene la obligaci\u00f3n de negociar de buena fe con Bolivia un acuerdo pronto y efectivo que le otorgue una salida plenamente so berana al\u00a0oc\u00e9ano Pac\u00edfico. Esta solicitud no se basa en el Tratado de 1904.<\/p>\n<p>La canciller\u00eda boliviana report\u00f3 que el pr\u00f3ximo paso es la\u00a0reuni\u00f3n del 12 de junio de los delegados de Bolivia y Chile con Tomka para establecer cronograma y plazos del proceso judicial, luego, habr\u00eda un per\u00edodo de un a\u00f1o y dos meses para la presentaci\u00f3n\u00a0de la memoria boliviana y Chile tendr\u00e1 tres meses para pedir o no\u00a0que la CIJ se declare incompetente.<\/p>\n","protected":false},"excerpt":{"rendered":"<p>Los delegados de ambos pa\u00edses deber\u00e1n establecer el cronograma y los plazos del proceso judicial el 12 de junio pr\u00f3ximo. Bolivia busca una puerta al oc\u00e9ano Pac\u00edfico. La Corte Internacional de\u00a0Justicia (CIJ), con sede en La Haya, cit\u00f3 a Bolivia&hellip;<\/p>\n","protected":false},"author":494,"featured_media":50354,"comment_status":"closed","ping_status":"open","sticky":false,"template":"","format":"standard","meta":{"footnotes":""},"categories":[76,67],"tags":[],"class_list":["post-50352","post","type-post","status-publish","format-standard","has-post-thumbnail","hentry","category-relaciones-exteriores","category-sudamerica"],"yoast_head":"<!-- This site is optimized with the Yoast SEO plugin v27.1.1 - https:\/\/yoast.com\/product\/yoast-seo-wordpress\/ -->\n<title>La Corte de La Haya cit\u00f3 a Bolivia y Chile para mediados de junio pr\u00f3ximo<\/title>\n<meta name=\"description\" content=\"Los delegados de ambos pa\u00edses deber\u00e1n establecer el cronograma y los plazos del proceso judicial el 12 de junio pr\u00f3ximo. Bolivia busca una puerta al\" \/>\n<meta name=\"robots\" content=\"index, follow, max-snippet:-1, max-image-preview:large, max-video-preview:-1\" \/>\n<link rel=\"canonical\" href=\"https:\/\/www.pressenza.com\/es\/2013\/05\/la-corte-de-la-haya-cito-a-bolivia-y-chile-para-mediados-de-junio-proximo\/\" \/>\n<meta property=\"og:locale\" content=\"es_ES\" \/>\n<meta property=\"og:type\" content=\"article\" \/>\n<meta property=\"og:title\" content=\"La Corte de La Haya cit\u00f3 a Bolivia y Chile para mediados de junio pr\u00f3ximo\" \/>\n<meta property=\"og:description\" content=\"Los delegados de ambos pa\u00edses deber\u00e1n establecer el cronograma y los plazos del proceso judicial el 12 de junio pr\u00f3ximo. Bolivia busca una puerta al\" \/>\n<meta property=\"og:url\" content=\"https:\/\/www.pressenza.com\/es\/2013\/05\/la-corte-de-la-haya-cito-a-bolivia-y-chile-para-mediados-de-junio-proximo\/\" \/>\n<meta property=\"og:site_name\" content=\"Pressenza\" \/>\n<meta property=\"article:publisher\" content=\"https:\/\/www.facebook.com\/PressenzaItalia\" \/>\n<meta property=\"article:author\" content=\"https:\/\/www.facebook.com\/AgenciaTELAM\" \/>\n<meta property=\"article:published_time\" content=\"2013-05-03T03:29:19+00:00\" \/>\n<meta property=\"og:image\" content=\"https:\/\/www.pressenza.com\/wp-content\/uploads\/2013\/05\/cancilleres.jpg\" \/>\n\t<meta property=\"og:image:width\" content=\"510\" \/>\n\t<meta property=\"og:image:height\" content=\"339\" \/>\n\t<meta property=\"og:image:type\" content=\"image\/jpeg\" \/>\n<meta name=\"author\" content=\"T\u00e9lam - Agencia Nacional de Noticias de la Rep\u00fablica Argentina\" \/>\n<meta name=\"twitter:card\" content=\"summary_large_image\" \/>\n<meta name=\"twitter:creator\" content=\"@AgenciaTelam\" \/>\n<meta name=\"twitter:site\" content=\"@PressenzaIPA\" \/>\n<meta name=\"twitter:label1\" content=\"Escrito por\" \/>\n\t<meta name=\"twitter:data1\" content=\"T\u00e9lam - Agencia Nacional de Noticias de la Rep\u00fablica Argentina\" \/>\n\t<meta name=\"twitter:label2\" content=\"Tiempo de lectura\" \/>\n\t<meta name=\"twitter:data2\" content=\"2 minutos\" \/>\n<script type=\"application\/ld+json\" class=\"yoast-schema-graph\">{\"@context\":\"https:\/\/schema.org\",\"@graph\":[{\"@type\":\"Article\",\"@id\":\"https:\/\/www.pressenza.com\/es\/2013\/05\/la-corte-de-la-haya-cito-a-bolivia-y-chile-para-mediados-de-junio-proximo\/#article\",\"isPartOf\":{\"@id\":\"https:\/\/www.pressenza.com\/es\/2013\/05\/la-corte-de-la-haya-cito-a-bolivia-y-chile-para-mediados-de-junio-proximo\/\"},\"author\":{\"name\":\"T\u00e9lam - Agencia Nacional de Noticias de la Rep\u00fablica Argentina\",\"@id\":\"https:\/\/www.pressenza.com\/es\/#\/schema\/person\/f1a879435e38cd8f69eac14ebf21489e\"},\"headline\":\"La Corte de La Haya cit\u00f3 a Bolivia y Chile para mediados de junio pr\u00f3ximo\",\"datePublished\":\"2013-05-03T03:29:19+00:00\",\"mainEntityOfPage\":{\"@id\":\"https:\/\/www.pressenza.com\/es\/2013\/05\/la-corte-de-la-haya-cito-a-bolivia-y-chile-para-mediados-de-junio-proximo\/\"},\"wordCount\":477,\"publisher\":{\"@id\":\"https:\/\/www.pressenza.com\/es\/#organization\"},\"image\":{\"@id\":\"https:\/\/www.pressenza.com\/es\/2013\/05\/la-corte-de-la-haya-cito-a-bolivia-y-chile-para-mediados-de-junio-proximo\/#primaryimage\"},\"thumbnailUrl\":\"https:\/\/www.pressenza.com\/wp-content\/uploads\/2013\/05\/cancilleres.jpg\",\"articleSection\":[\"Asuntos internacionales\",\"Sudam\u00e9rica\"],\"inLanguage\":\"es\"},{\"@type\":\"WebPage\",\"@id\":\"https:\/\/www.pressenza.com\/es\/2013\/05\/la-corte-de-la-haya-cito-a-bolivia-y-chile-para-mediados-de-junio-proximo\/\",\"url\":\"https:\/\/www.pressenza.com\/es\/2013\/05\/la-corte-de-la-haya-cito-a-bolivia-y-chile-para-mediados-de-junio-proximo\/\",\"name\":\"La Corte de La Haya cit\u00f3 a Bolivia y Chile para mediados de junio pr\u00f3ximo\",\"isPartOf\":{\"@id\":\"https:\/\/www.pressenza.com\/es\/#website\"},\"primaryImageOfPage\":{\"@id\":\"https:\/\/www.pressenza.com\/es\/2013\/05\/la-corte-de-la-haya-cito-a-bolivia-y-chile-para-mediados-de-junio-proximo\/#primaryimage\"},\"image\":{\"@id\":\"https:\/\/www.pressenza.com\/es\/2013\/05\/la-corte-de-la-haya-cito-a-bolivia-y-chile-para-mediados-de-junio-proximo\/#primaryimage\"},\"thumbnailUrl\":\"https:\/\/www.pressenza.com\/wp-content\/uploads\/2013\/05\/cancilleres.jpg\",\"datePublished\":\"2013-05-03T03:29:19+00:00\",\"description\":\"Los delegados de ambos pa\u00edses deber\u00e1n establecer el cronograma y los plazos del proceso judicial el 12 de junio pr\u00f3ximo. Bolivia busca una puerta al\",\"breadcrumb\":{\"@id\":\"https:\/\/www.pressenza.com\/es\/2013\/05\/la-corte-de-la-haya-cito-a-bolivia-y-chile-para-mediados-de-junio-proximo\/#breadcrumb\"},\"inLanguage\":\"es\",\"potentialAction\":[{\"@type\":\"ReadAction\",\"target\":[\"https:\/\/www.pressenza.com\/es\/2013\/05\/la-corte-de-la-haya-cito-a-bolivia-y-chile-para-mediados-de-junio-proximo\/\"]}]},{\"@type\":\"ImageObject\",\"inLanguage\":\"es\",\"@id\":\"https:\/\/www.pressenza.com\/es\/2013\/05\/la-corte-de-la-haya-cito-a-bolivia-y-chile-para-mediados-de-junio-proximo\/#primaryimage\",\"url\":\"https:\/\/www.pressenza.com\/wp-content\/uploads\/2013\/05\/cancilleres.jpg\",\"contentUrl\":\"https:\/\/www.pressenza.com\/wp-content\/uploads\/2013\/05\/cancilleres.jpg\",\"width\":510,\"height\":339},{\"@type\":\"BreadcrumbList\",\"@id\":\"https:\/\/www.pressenza.com\/es\/2013\/05\/la-corte-de-la-haya-cito-a-bolivia-y-chile-para-mediados-de-junio-proximo\/#breadcrumb\",\"itemListElement\":[{\"@type\":\"ListItem\",\"position\":1,\"name\":\"Accueil\",\"item\":\"https:\/\/www.pressenza.com\/es\/\"},{\"@type\":\"ListItem\",\"position\":2,\"name\":\"La Corte de La Haya cit\u00f3 a Bolivia y Chile para mediados de junio pr\u00f3ximo\"}]},{\"@type\":\"WebSite\",\"@id\":\"https:\/\/www.pressenza.com\/es\/#website\",\"url\":\"https:\/\/www.pressenza.com\/es\/\",\"name\":\"Pressenza\",\"description\":\"International Press Agency\",\"publisher\":{\"@id\":\"https:\/\/www.pressenza.com\/es\/#organization\"},\"potentialAction\":[{\"@type\":\"SearchAction\",\"target\":{\"@type\":\"EntryPoint\",\"urlTemplate\":\"https:\/\/www.pressenza.com\/es\/?s={search_term_string}\"},\"query-input\":{\"@type\":\"PropertyValueSpecification\",\"valueRequired\":true,\"valueName\":\"search_term_string\"}}],\"inLanguage\":\"es\"},{\"@type\":\"Organization\",\"@id\":\"https:\/\/www.pressenza.com\/es\/#organization\",\"name\":\"Pressenza\",\"url\":\"https:\/\/www.pressenza.com\/es\/\",\"logo\":{\"@type\":\"ImageObject\",\"inLanguage\":\"es\",\"@id\":\"https:\/\/www.pressenza.com\/es\/#\/schema\/logo\/image\/\",\"url\":\"https:\/\/www.pressenza.com\/wp-content\/uploads\/2022\/10\/pressenza_logo_200x200.jpg\",\"contentUrl\":\"https:\/\/www.pressenza.com\/wp-content\/uploads\/2022\/10\/pressenza_logo_200x200.jpg\",\"width\":200,\"height\":200,\"caption\":\"Pressenza\"},\"image\":{\"@id\":\"https:\/\/www.pressenza.com\/es\/#\/schema\/logo\/image\/\"},\"sameAs\":[\"https:\/\/www.facebook.com\/PressenzaItalia\",\"https:\/\/x.com\/PressenzaIPA\"]},{\"@type\":\"Person\",\"@id\":\"https:\/\/www.pressenza.com\/es\/#\/schema\/person\/f1a879435e38cd8f69eac14ebf21489e\",\"name\":\"T\u00e9lam - Agencia Nacional de Noticias de la Rep\u00fablica Argentina\",\"description\":\"T\u00e9lam es una de las grandes agencias de noticias a nivel regional. El prestigio, acceso a fuentes oficiales, la cobertura en todo el territorio nacional y corresponsal\u00edas en el exterior; y la responsabilidad en el tratamiento informativo son caracter\u00edsticas que colocan a T\u00e9lam en referente period\u00edstico confiable y cre\u00edble en el pa\u00eds y en el mundo. Sostiene un servicio actualizado, detallado y original en diversos formatos, las 24 horas del d\u00eda, todos los d\u00edas del a\u00f1o. Es l\u00edder en el mercado nacional y sostiene alianzas a nivel regional y mundial que le permiten expandir los servicios period\u00edsticos. Suministra sus productos v\u00eda on line, tanto a nivel local como internacional. En la actualidad, la Agencia suma a sus servicios tradicionales, nuevos desaf\u00edos a partir de la realizaci\u00f3n de producciones multimedia para diversas plataformas. www.telam.com.ar\",\"sameAs\":[\"https:\/\/www.facebook.com\/AgenciaTELAM\",\"https:\/\/x.com\/AgenciaTelam\"],\"url\":\"https:\/\/www.pressenza.com\/es\/author\/telam\/\"}]}<\/script>\n<!-- \/ Yoast SEO plugin. -->","yoast_head_json":{"title":"La Corte de La Haya cit\u00f3 a Bolivia y Chile para mediados de junio pr\u00f3ximo","description":"Los delegados de ambos pa\u00edses deber\u00e1n establecer el cronograma y los plazos del proceso judicial el 12 de junio pr\u00f3ximo. Bolivia busca una puerta al","robots":{"index":"index","follow":"follow","max-snippet":"max-snippet:-1","max-image-preview":"max-image-preview:large","max-video-preview":"max-video-preview:-1"},"canonical":"https:\/\/www.pressenza.com\/es\/2013\/05\/la-corte-de-la-haya-cito-a-bolivia-y-chile-para-mediados-de-junio-proximo\/","og_locale":"es_ES","og_type":"article","og_title":"La Corte de La Haya cit\u00f3 a Bolivia y Chile para mediados de junio pr\u00f3ximo","og_description":"Los delegados de ambos pa\u00edses deber\u00e1n establecer el cronograma y los plazos del proceso judicial el 12 de junio pr\u00f3ximo. Bolivia busca una puerta al","og_url":"https:\/\/www.pressenza.com\/es\/2013\/05\/la-corte-de-la-haya-cito-a-bolivia-y-chile-para-mediados-de-junio-proximo\/","og_site_name":"Pressenza","article_publisher":"https:\/\/www.facebook.com\/PressenzaItalia","article_author":"https:\/\/www.facebook.com\/AgenciaTELAM","article_published_time":"2013-05-03T03:29:19+00:00","og_image":[{"width":510,"height":339,"url":"https:\/\/www.pressenza.com\/wp-content\/uploads\/2013\/05\/cancilleres.jpg","type":"image\/jpeg"}],"author":"T\u00e9lam - Agencia Nacional de Noticias de la Rep\u00fablica Argentina","twitter_card":"summary_large_image","twitter_creator":"@AgenciaTelam","twitter_site":"@PressenzaIPA","twitter_misc":{"Escrito por":"T\u00e9lam - Agencia Nacional de Noticias de la Rep\u00fablica Argentina","Tiempo de lectura":"2 minutos"},"schema":{"@context":"https:\/\/schema.org","@graph":[{"@type":"Article","@id":"https:\/\/www.pressenza.com\/es\/2013\/05\/la-corte-de-la-haya-cito-a-bolivia-y-chile-para-mediados-de-junio-proximo\/#article","isPartOf":{"@id":"https:\/\/www.pressenza.com\/es\/2013\/05\/la-corte-de-la-haya-cito-a-bolivia-y-chile-para-mediados-de-junio-proximo\/"},"author":{"name":"T\u00e9lam - Agencia Nacional de Noticias de la Rep\u00fablica Argentina","@id":"https:\/\/www.pressenza.com\/es\/#\/schema\/person\/f1a879435e38cd8f69eac14ebf21489e"},"headline":"La Corte de La Haya cit\u00f3 a Bolivia y Chile para mediados de junio pr\u00f3ximo","datePublished":"2013-05-03T03:29:19+00:00","mainEntityOfPage":{"@id":"https:\/\/www.pressenza.com\/es\/2013\/05\/la-corte-de-la-haya-cito-a-bolivia-y-chile-para-mediados-de-junio-proximo\/"},"wordCount":477,"publisher":{"@id":"https:\/\/www.pressenza.com\/es\/#organization"},"image":{"@id":"https:\/\/www.pressenza.com\/es\/2013\/05\/la-corte-de-la-haya-cito-a-bolivia-y-chile-para-mediados-de-junio-proximo\/#primaryimage"},"thumbnailUrl":"https:\/\/www.pressenza.com\/wp-content\/uploads\/2013\/05\/cancilleres.jpg","articleSection":["Asuntos internacionales","Sudam\u00e9rica"],"inLanguage":"es"},{"@type":"WebPage","@id":"https:\/\/www.pressenza.com\/es\/2013\/05\/la-corte-de-la-haya-cito-a-bolivia-y-chile-para-mediados-de-junio-proximo\/","url":"https:\/\/www.pressenza.com\/es\/2013\/05\/la-corte-de-la-haya-cito-a-bolivia-y-chile-para-mediados-de-junio-proximo\/","name":"La Corte de La Haya cit\u00f3 a Bolivia y Chile para mediados de junio pr\u00f3ximo","isPartOf":{"@id":"https:\/\/www.pressenza.com\/es\/#website"},"primaryImageOfPage":{"@id":"https:\/\/www.pressenza.com\/es\/2013\/05\/la-corte-de-la-haya-cito-a-bolivia-y-chile-para-mediados-de-junio-proximo\/#primaryimage"},"image":{"@id":"https:\/\/www.pressenza.com\/es\/2013\/05\/la-corte-de-la-haya-cito-a-bolivia-y-chile-para-mediados-de-junio-proximo\/#primaryimage"},"thumbnailUrl":"https:\/\/www.pressenza.com\/wp-content\/uploads\/2013\/05\/cancilleres.jpg","datePublished":"2013-05-03T03:29:19+00:00","description":"Los delegados de ambos pa\u00edses deber\u00e1n establecer el cronograma y los plazos del proceso judicial el 12 de junio pr\u00f3ximo. Bolivia busca una puerta al","breadcrumb":{"@id":"https:\/\/www.pressenza.com\/es\/2013\/05\/la-corte-de-la-haya-cito-a-bolivia-y-chile-para-mediados-de-junio-proximo\/#breadcrumb"},"inLanguage":"es","potentialAction":[{"@type":"ReadAction","target":["https:\/\/www.pressenza.com\/es\/2013\/05\/la-corte-de-la-haya-cito-a-bolivia-y-chile-para-mediados-de-junio-proximo\/"]}]},{"@type":"ImageObject","inLanguage":"es","@id":"https:\/\/www.pressenza.com\/es\/2013\/05\/la-corte-de-la-haya-cito-a-bolivia-y-chile-para-mediados-de-junio-proximo\/#primaryimage","url":"https:\/\/www.pressenza.com\/wp-content\/uploads\/2013\/05\/cancilleres.jpg","contentUrl":"https:\/\/www.pressenza.com\/wp-content\/uploads\/2013\/05\/cancilleres.jpg","width":510,"height":339},{"@type":"BreadcrumbList","@id":"https:\/\/www.pressenza.com\/es\/2013\/05\/la-corte-de-la-haya-cito-a-bolivia-y-chile-para-mediados-de-junio-proximo\/#breadcrumb","itemListElement":[{"@type":"ListItem","position":1,"name":"Accueil","item":"https:\/\/www.pressenza.com\/es\/"},{"@type":"ListItem","position":2,"name":"La Corte de La Haya cit\u00f3 a Bolivia y Chile para mediados de junio pr\u00f3ximo"}]},{"@type":"WebSite","@id":"https:\/\/www.pressenza.com\/es\/#website","url":"https:\/\/www.pressenza.com\/es\/","name":"Pressenza","description":"International Press Agency","publisher":{"@id":"https:\/\/www.pressenza.com\/es\/#organization"},"potentialAction":[{"@type":"SearchAction","target":{"@type":"EntryPoint","urlTemplate":"https:\/\/www.pressenza.com\/es\/?s={search_term_string}"},"query-input":{"@type":"PropertyValueSpecification","valueRequired":true,"valueName":"search_term_string"}}],"inLanguage":"es"},{"@type":"Organization","@id":"https:\/\/www.pressenza.com\/es\/#organization","name":"Pressenza","url":"https:\/\/www.pressenza.com\/es\/","logo":{"@type":"ImageObject","inLanguage":"es","@id":"https:\/\/www.pressenza.com\/es\/#\/schema\/logo\/image\/","url":"https:\/\/www.pressenza.com\/wp-content\/uploads\/2022\/10\/pressenza_logo_200x200.jpg","contentUrl":"https:\/\/www.pressenza.com\/wp-content\/uploads\/2022\/10\/pressenza_logo_200x200.jpg","width":200,"height":200,"caption":"Pressenza"},"image":{"@id":"https:\/\/www.pressenza.com\/es\/#\/schema\/logo\/image\/"},"sameAs":["https:\/\/www.facebook.com\/PressenzaItalia","https:\/\/x.com\/PressenzaIPA"]},{"@type":"Person","@id":"https:\/\/www.pressenza.com\/es\/#\/schema\/person\/f1a879435e38cd8f69eac14ebf21489e","name":"T\u00e9lam - Agencia Nacional de Noticias de la Rep\u00fablica Argentina","description":"T\u00e9lam es una de las grandes agencias de noticias a nivel regional. El prestigio, acceso a fuentes oficiales, la cobertura en todo el territorio nacional y corresponsal\u00edas en el exterior; y la responsabilidad en el tratamiento informativo son caracter\u00edsticas que colocan a T\u00e9lam en referente period\u00edstico confiable y cre\u00edble en el pa\u00eds y en el mundo. Sostiene un servicio actualizado, detallado y original en diversos formatos, las 24 horas del d\u00eda, todos los d\u00edas del a\u00f1o. Es l\u00edder en el mercado nacional y sostiene alianzas a nivel regional y mundial que le permiten expandir los servicios period\u00edsticos. Suministra sus productos v\u00eda on line, tanto a nivel local como internacional. En la actualidad, la Agencia suma a sus servicios tradicionales, nuevos desaf\u00edos a partir de la realizaci\u00f3n de producciones multimedia para diversas plataformas. www.telam.com.ar","sameAs":["https:\/\/www.facebook.com\/AgenciaTELAM","https:\/\/x.com\/AgenciaTelam"],"url":"https:\/\/www.pressenza.com\/es\/author\/telam\/"}]}},"place":"La Haya","original_article_url":"","_links":{"self":[{"href":"https:\/\/www.pressenza.com\/es\/wp-json\/wp\/v2\/posts\/50352","targetHints":{"allow":["GET"]}}],"collection":[{"href":"https:\/\/www.pressenza.com\/es\/wp-json\/wp\/v2\/posts"}],"about":[{"href":"https:\/\/www.pressenza.com\/es\/wp-json\/wp\/v2\/types\/post"}],"author":[{"embeddable":true,"href":"https:\/\/www.pressenza.com\/es\/wp-json\/wp\/v2\/users\/494"}],"replies":[{"embeddable":true,"href":"https:\/\/www.pressenza.com\/es\/wp-json\/wp\/v2\/comments?post=50352"}],"version-history":[{"count":0,"href":"https:\/\/www.pressenza.com\/es\/wp-json\/wp\/v2\/posts\/50352\/revisions"}],"wp:featuredmedia":[{"embeddable":true,"href":"https:\/\/www.pressenza.com\/es\/wp-json\/wp\/v2\/media\/50354"}],"wp:attachment":[{"href":"https:\/\/www.pressenza.com\/es\/wp-json\/wp\/v2\/media?parent=50352"}],"wp:term":[{"taxonomy":"category","embeddable":true,"href":"https:\/\/www.pressenza.com\/es\/wp-json\/wp\/v2\/categories?post=50352"},{"taxonomy":"post_tag","embeddable":true,"href":"https:\/\/www.pressenza.com\/es\/wp-json\/wp\/v2\/tags?post=50352"}],"curies":[{"name":"wp","href":"https:\/\/api.w.org\/{rel}","templated":true}]}}