{"id":502386,"date":"2017-08-09T22:24:23","date_gmt":"2017-08-09T21:24:23","guid":{"rendered":"https:\/\/www.pressenza.com\/?p=502386\/"},"modified":"2017-08-09T22:24:23","modified_gmt":"2017-08-09T21:24:23","slug":"la-paz-constituyente","status":"publish","type":"post","link":"https:\/\/www.pressenza.com\/es\/2017\/08\/la-paz-constituyente\/","title":{"rendered":"La Paz constituyente"},"content":{"rendered":"<p>Por Maryclen Stelling<\/p>\n<p>La Asamblea Nacional Constituyente ocupa la atenci\u00f3n nacional e internacional y se presta para todo tipo de apuestas sobre el futuro de la democracia venezolana.<\/p>\n<p>Los resultados electorales, en un pa\u00eds polarizado donde imperan el desconocimiento y la negaci\u00f3n del otro, han contribuido a dividir a\u00fan m\u00e1s a venezolanos y venezolanas. Mientras unos celebran el hist\u00f3rico caudal de votos, la oposici\u00f3n, que se neg\u00f3 a participar en el proceso, canta fraude y desconoce los resultados. Se instala la ANC, en medio de altas y contradictorias expectativas, en consonancia con la relaci\u00f3n confrontacional entre los polos pol\u00edticos.<\/p>\n<p>Entre sus objetivos figura la promesa de \u201cganar la paz y reafirmar los valores de la justicia\u201d. En el texto del decreto reza: \u201c\u2026el proceso constituyente es una gran convocatoria a un di\u00e1logo nacional para contener la escalada de violencia pol\u00edtica, mediante el reconocimiento pol\u00edtico mutuo y de una reorganizaci\u00f3n del Estado, que recupere el principio constitucional de cooperaci\u00f3n entre los poderes p\u00fablicos, como garant\u00eda del pleno funcionamiento del Estado democr\u00e1tico, social, de derecho y de justicia, superando el actual clima de impunidad\u201d.<\/p>\n<p>Ardua tarea, dado que el pa\u00eds ha estado sometido a una escalada de violencia de la mano del extremismo oposicionista, que pretende legitimar la cultura de la violencia como estrategia pol\u00edtica para eliminar al adversario y alcanzar el poder. La violencia produce un impacto devastador de alto costo social: destruye normas culturales y las reemplaza por otras; trastorna identidades y socava la\u00a0confianza en las instituciones.<\/p>\n<p>Afecta las relaciones sociales en tanto impone la desconfianza, hostilidad, ausencia de cooperaci\u00f3n y desconocimiento mutuo. En el plano psicol\u00f3gico produce depresi\u00f3n, deseos de venganza y odio. A nivel macro se distorsionan las relaciones entre la sociedad y el Estado y se afecta el ejercicio del poder por el Estado.<\/p>\n<p>En la procura de la paz, la ANC enfrenta importantes retos: promover la cultura de la no-violencia; impulsar la reconciliaci\u00f3n pol\u00edtica trav\u00e9s del reconocimiento mutuo; fomentar el cambio de actitudes y comportamientos violentos por relaciones constructivas y la consecuente transformaci\u00f3n social. No podr\u00e1 soslayar la construcci\u00f3n de memoria y la verdad.<\/p>\n<p>En suma debe impulsar la participaci\u00f3n ciudadana, la estabilizaci\u00f3n pol\u00edtica y la profundizaci\u00f3n de la democracia.<\/p>\n<p>Demos cauce a la paz.<\/p>\n<p><em><strong>@MaryclenS<\/strong>\u00a0\u00a0\u00a0\u00a0\u00a0\u00a0\u00a0\u00a0\u00a0\u00a0\u00a0\u00a0\u00a0\u00a0\u00a0<\/em><\/p>\n<p><em>Maryclen Stelling es soci\u00f3loga, coordinadora del Observatorio Global de Medios, cap\u00edtulo Venezuela y directora ejecutiva del Centro de Estudios Latinoamericanos R\u00f3mulo Gallegos (Celarg). \u00a0 \u00a0 \u00a0 \u00a0 \u00a0 \u00a0 \u00a0 \u00a0 \u00a0<\/em><\/p>\n","protected":false},"excerpt":{"rendered":"<p>Por Maryclen Stelling La Asamblea Nacional Constituyente ocupa la atenci\u00f3n nacional e internacional y se presta para todo tipo de apuestas sobre el futuro de la democracia venezolana. Los resultados electorales, en un pa\u00eds polarizado donde imperan el desconocimiento y&hellip;<\/p>\n","protected":false},"author":1330,"featured_media":502387,"comment_status":"closed","ping_status":"closed","sticky":false,"template":"","format":"standard","meta":{"footnotes":""},"categories":[161,1243,67],"tags":[37068,419,731,3883],"class_list":["post-502386","post","type-post","status-publish","format-standard","has-post-thumbnail","hentry","category-opiniones","category-paz-desarme","category-sudamerica","tag-asamblea-nacional-constituyente","tag-paz","tag-reconciliacion","tag-venezuela-es"],"yoast_head":"<!-- This site is optimized with the Yoast SEO plugin v27.1.1 - https:\/\/yoast.com\/product\/yoast-seo-wordpress\/ -->\n<title>La Paz constituyente<\/title>\n<meta name=\"description\" content=\"Por Maryclen Stelling La Asamblea Nacional Constituyente ocupa la atenci\u00f3n nacional e internacional y se presta para todo tipo de apuestas sobre el futuro\" \/>\n<meta name=\"robots\" content=\"index, follow, max-snippet:-1, max-image-preview:large, max-video-preview:-1\" \/>\n<link rel=\"canonical\" href=\"https:\/\/www.pressenza.com\/es\/2017\/08\/la-paz-constituyente\/\" \/>\n<meta property=\"og:locale\" content=\"es_ES\" \/>\n<meta property=\"og:type\" content=\"article\" \/>\n<meta property=\"og:title\" content=\"La Paz constituyente\" \/>\n<meta property=\"og:description\" content=\"Por Maryclen Stelling La Asamblea Nacional Constituyente ocupa la atenci\u00f3n nacional e internacional y se presta para todo tipo de apuestas sobre el futuro\" \/>\n<meta property=\"og:url\" content=\"https:\/\/www.pressenza.com\/es\/2017\/08\/la-paz-constituyente\/\" \/>\n<meta property=\"og:site_name\" content=\"Pressenza\" \/>\n<meta property=\"article:publisher\" content=\"https:\/\/www.facebook.com\/PressenzaItalia\" \/>\n<meta property=\"article:published_time\" content=\"2017-08-09T21:24:23+00:00\" \/>\n<meta property=\"og:image\" content=\"https:\/\/www.pressenza.com\/wp-content\/uploads\/2017\/08\/constituyente-por-la-paz.jpg\" \/>\n\t<meta property=\"og:image:width\" content=\"1280\" \/>\n\t<meta property=\"og:image:height\" content=\"720\" \/>\n\t<meta property=\"og:image:type\" content=\"image\/jpeg\" \/>\n<meta name=\"author\" content=\"ALBA TV\" \/>\n<meta name=\"twitter:card\" content=\"summary_large_image\" \/>\n<meta name=\"twitter:creator\" content=\"@PressenzaIPA\" \/>\n<meta name=\"twitter:site\" content=\"@PressenzaIPA\" \/>\n<meta name=\"twitter:label1\" content=\"Escrito por\" \/>\n\t<meta name=\"twitter:data1\" content=\"ALBA TV\" \/>\n\t<meta name=\"twitter:label2\" content=\"Tiempo de lectura\" \/>\n\t<meta name=\"twitter:data2\" content=\"2 minutos\" \/>\n<script type=\"application\/ld+json\" class=\"yoast-schema-graph\">{\"@context\":\"https:\/\/schema.org\",\"@graph\":[{\"@type\":\"Article\",\"@id\":\"https:\/\/www.pressenza.com\/es\/2017\/08\/la-paz-constituyente\/#article\",\"isPartOf\":{\"@id\":\"https:\/\/www.pressenza.com\/es\/2017\/08\/la-paz-constituyente\/\"},\"author\":{\"name\":\"ALBA TV\",\"@id\":\"https:\/\/www.pressenza.com\/es\/#\/schema\/person\/235c51d13ccf6d3897c991369403f976\"},\"headline\":\"La Paz constituyente\",\"datePublished\":\"2017-08-09T21:24:23+00:00\",\"mainEntityOfPage\":{\"@id\":\"https:\/\/www.pressenza.com\/es\/2017\/08\/la-paz-constituyente\/\"},\"wordCount\":431,\"publisher\":{\"@id\":\"https:\/\/www.pressenza.com\/es\/#organization\"},\"image\":{\"@id\":\"https:\/\/www.pressenza.com\/es\/2017\/08\/la-paz-constituyente\/#primaryimage\"},\"thumbnailUrl\":\"https:\/\/www.pressenza.com\/wp-content\/uploads\/2017\/08\/constituyente-por-la-paz.jpg\",\"keywords\":[\"Asamblea Nacional Constituyente\",\"Paz\",\"reconciliaci\u00f3n\",\"Venezuela\"],\"articleSection\":[\"Opiniones\",\"Paz y Desarme\",\"Sudam\u00e9rica\"],\"inLanguage\":\"es\"},{\"@type\":\"WebPage\",\"@id\":\"https:\/\/www.pressenza.com\/es\/2017\/08\/la-paz-constituyente\/\",\"url\":\"https:\/\/www.pressenza.com\/es\/2017\/08\/la-paz-constituyente\/\",\"name\":\"La Paz constituyente\",\"isPartOf\":{\"@id\":\"https:\/\/www.pressenza.com\/es\/#website\"},\"primaryImageOfPage\":{\"@id\":\"https:\/\/www.pressenza.com\/es\/2017\/08\/la-paz-constituyente\/#primaryimage\"},\"image\":{\"@id\":\"https:\/\/www.pressenza.com\/es\/2017\/08\/la-paz-constituyente\/#primaryimage\"},\"thumbnailUrl\":\"https:\/\/www.pressenza.com\/wp-content\/uploads\/2017\/08\/constituyente-por-la-paz.jpg\",\"datePublished\":\"2017-08-09T21:24:23+00:00\",\"description\":\"Por Maryclen Stelling La Asamblea Nacional Constituyente ocupa la atenci\u00f3n nacional e internacional y se presta para todo tipo de apuestas sobre el futuro\",\"breadcrumb\":{\"@id\":\"https:\/\/www.pressenza.com\/es\/2017\/08\/la-paz-constituyente\/#breadcrumb\"},\"inLanguage\":\"es\",\"potentialAction\":[{\"@type\":\"ReadAction\",\"target\":[\"https:\/\/www.pressenza.com\/es\/2017\/08\/la-paz-constituyente\/\"]}]},{\"@type\":\"ImageObject\",\"inLanguage\":\"es\",\"@id\":\"https:\/\/www.pressenza.com\/es\/2017\/08\/la-paz-constituyente\/#primaryimage\",\"url\":\"https:\/\/www.pressenza.com\/wp-content\/uploads\/2017\/08\/constituyente-por-la-paz.jpg\",\"contentUrl\":\"https:\/\/www.pressenza.com\/wp-content\/uploads\/2017\/08\/constituyente-por-la-paz.jpg\",\"width\":1280,\"height\":720},{\"@type\":\"BreadcrumbList\",\"@id\":\"https:\/\/www.pressenza.com\/es\/2017\/08\/la-paz-constituyente\/#breadcrumb\",\"itemListElement\":[{\"@type\":\"ListItem\",\"position\":1,\"name\":\"Accueil\",\"item\":\"https:\/\/www.pressenza.com\/es\/\"},{\"@type\":\"ListItem\",\"position\":2,\"name\":\"La Paz constituyente\"}]},{\"@type\":\"WebSite\",\"@id\":\"https:\/\/www.pressenza.com\/es\/#website\",\"url\":\"https:\/\/www.pressenza.com\/es\/\",\"name\":\"Pressenza\",\"description\":\"International Press Agency\",\"publisher\":{\"@id\":\"https:\/\/www.pressenza.com\/es\/#organization\"},\"potentialAction\":[{\"@type\":\"SearchAction\",\"target\":{\"@type\":\"EntryPoint\",\"urlTemplate\":\"https:\/\/www.pressenza.com\/es\/?s={search_term_string}\"},\"query-input\":{\"@type\":\"PropertyValueSpecification\",\"valueRequired\":true,\"valueName\":\"search_term_string\"}}],\"inLanguage\":\"es\"},{\"@type\":\"Organization\",\"@id\":\"https:\/\/www.pressenza.com\/es\/#organization\",\"name\":\"Pressenza\",\"url\":\"https:\/\/www.pressenza.com\/es\/\",\"logo\":{\"@type\":\"ImageObject\",\"inLanguage\":\"es\",\"@id\":\"https:\/\/www.pressenza.com\/es\/#\/schema\/logo\/image\/\",\"url\":\"https:\/\/www.pressenza.com\/wp-content\/uploads\/2022\/10\/pressenza_logo_200x200.jpg\",\"contentUrl\":\"https:\/\/www.pressenza.com\/wp-content\/uploads\/2022\/10\/pressenza_logo_200x200.jpg\",\"width\":200,\"height\":200,\"caption\":\"Pressenza\"},\"image\":{\"@id\":\"https:\/\/www.pressenza.com\/es\/#\/schema\/logo\/image\/\"},\"sameAs\":[\"https:\/\/www.facebook.com\/PressenzaItalia\",\"https:\/\/x.com\/PressenzaIPA\"]},{\"@type\":\"Person\",\"@id\":\"https:\/\/www.pressenza.com\/es\/#\/schema\/person\/235c51d13ccf6d3897c991369403f976\",\"name\":\"ALBA TV\",\"url\":\"https:\/\/www.pressenza.com\/es\/author\/alba-tv\/\"}]}<\/script>\n<!-- \/ Yoast SEO plugin. -->","yoast_head_json":{"title":"La Paz constituyente","description":"Por Maryclen Stelling La Asamblea Nacional Constituyente ocupa la atenci\u00f3n nacional e internacional y se presta para todo tipo de apuestas sobre el futuro","robots":{"index":"index","follow":"follow","max-snippet":"max-snippet:-1","max-image-preview":"max-image-preview:large","max-video-preview":"max-video-preview:-1"},"canonical":"https:\/\/www.pressenza.com\/es\/2017\/08\/la-paz-constituyente\/","og_locale":"es_ES","og_type":"article","og_title":"La Paz constituyente","og_description":"Por Maryclen Stelling La Asamblea Nacional Constituyente ocupa la atenci\u00f3n nacional e internacional y se presta para todo tipo de apuestas sobre el futuro","og_url":"https:\/\/www.pressenza.com\/es\/2017\/08\/la-paz-constituyente\/","og_site_name":"Pressenza","article_publisher":"https:\/\/www.facebook.com\/PressenzaItalia","article_published_time":"2017-08-09T21:24:23+00:00","og_image":[{"width":1280,"height":720,"url":"https:\/\/www.pressenza.com\/wp-content\/uploads\/2017\/08\/constituyente-por-la-paz.jpg","type":"image\/jpeg"}],"author":"ALBA TV","twitter_card":"summary_large_image","twitter_creator":"@PressenzaIPA","twitter_site":"@PressenzaIPA","twitter_misc":{"Escrito por":"ALBA TV","Tiempo de lectura":"2 minutos"},"schema":{"@context":"https:\/\/schema.org","@graph":[{"@type":"Article","@id":"https:\/\/www.pressenza.com\/es\/2017\/08\/la-paz-constituyente\/#article","isPartOf":{"@id":"https:\/\/www.pressenza.com\/es\/2017\/08\/la-paz-constituyente\/"},"author":{"name":"ALBA TV","@id":"https:\/\/www.pressenza.com\/es\/#\/schema\/person\/235c51d13ccf6d3897c991369403f976"},"headline":"La Paz constituyente","datePublished":"2017-08-09T21:24:23+00:00","mainEntityOfPage":{"@id":"https:\/\/www.pressenza.com\/es\/2017\/08\/la-paz-constituyente\/"},"wordCount":431,"publisher":{"@id":"https:\/\/www.pressenza.com\/es\/#organization"},"image":{"@id":"https:\/\/www.pressenza.com\/es\/2017\/08\/la-paz-constituyente\/#primaryimage"},"thumbnailUrl":"https:\/\/www.pressenza.com\/wp-content\/uploads\/2017\/08\/constituyente-por-la-paz.jpg","keywords":["Asamblea Nacional Constituyente","Paz","reconciliaci\u00f3n","Venezuela"],"articleSection":["Opiniones","Paz y Desarme","Sudam\u00e9rica"],"inLanguage":"es"},{"@type":"WebPage","@id":"https:\/\/www.pressenza.com\/es\/2017\/08\/la-paz-constituyente\/","url":"https:\/\/www.pressenza.com\/es\/2017\/08\/la-paz-constituyente\/","name":"La Paz constituyente","isPartOf":{"@id":"https:\/\/www.pressenza.com\/es\/#website"},"primaryImageOfPage":{"@id":"https:\/\/www.pressenza.com\/es\/2017\/08\/la-paz-constituyente\/#primaryimage"},"image":{"@id":"https:\/\/www.pressenza.com\/es\/2017\/08\/la-paz-constituyente\/#primaryimage"},"thumbnailUrl":"https:\/\/www.pressenza.com\/wp-content\/uploads\/2017\/08\/constituyente-por-la-paz.jpg","datePublished":"2017-08-09T21:24:23+00:00","description":"Por Maryclen Stelling La Asamblea Nacional Constituyente ocupa la atenci\u00f3n nacional e internacional y se presta para todo tipo de apuestas sobre el futuro","breadcrumb":{"@id":"https:\/\/www.pressenza.com\/es\/2017\/08\/la-paz-constituyente\/#breadcrumb"},"inLanguage":"es","potentialAction":[{"@type":"ReadAction","target":["https:\/\/www.pressenza.com\/es\/2017\/08\/la-paz-constituyente\/"]}]},{"@type":"ImageObject","inLanguage":"es","@id":"https:\/\/www.pressenza.com\/es\/2017\/08\/la-paz-constituyente\/#primaryimage","url":"https:\/\/www.pressenza.com\/wp-content\/uploads\/2017\/08\/constituyente-por-la-paz.jpg","contentUrl":"https:\/\/www.pressenza.com\/wp-content\/uploads\/2017\/08\/constituyente-por-la-paz.jpg","width":1280,"height":720},{"@type":"BreadcrumbList","@id":"https:\/\/www.pressenza.com\/es\/2017\/08\/la-paz-constituyente\/#breadcrumb","itemListElement":[{"@type":"ListItem","position":1,"name":"Accueil","item":"https:\/\/www.pressenza.com\/es\/"},{"@type":"ListItem","position":2,"name":"La Paz constituyente"}]},{"@type":"WebSite","@id":"https:\/\/www.pressenza.com\/es\/#website","url":"https:\/\/www.pressenza.com\/es\/","name":"Pressenza","description":"International Press Agency","publisher":{"@id":"https:\/\/www.pressenza.com\/es\/#organization"},"potentialAction":[{"@type":"SearchAction","target":{"@type":"EntryPoint","urlTemplate":"https:\/\/www.pressenza.com\/es\/?s={search_term_string}"},"query-input":{"@type":"PropertyValueSpecification","valueRequired":true,"valueName":"search_term_string"}}],"inLanguage":"es"},{"@type":"Organization","@id":"https:\/\/www.pressenza.com\/es\/#organization","name":"Pressenza","url":"https:\/\/www.pressenza.com\/es\/","logo":{"@type":"ImageObject","inLanguage":"es","@id":"https:\/\/www.pressenza.com\/es\/#\/schema\/logo\/image\/","url":"https:\/\/www.pressenza.com\/wp-content\/uploads\/2022\/10\/pressenza_logo_200x200.jpg","contentUrl":"https:\/\/www.pressenza.com\/wp-content\/uploads\/2022\/10\/pressenza_logo_200x200.jpg","width":200,"height":200,"caption":"Pressenza"},"image":{"@id":"https:\/\/www.pressenza.com\/es\/#\/schema\/logo\/image\/"},"sameAs":["https:\/\/www.facebook.com\/PressenzaItalia","https:\/\/x.com\/PressenzaIPA"]},{"@type":"Person","@id":"https:\/\/www.pressenza.com\/es\/#\/schema\/person\/235c51d13ccf6d3897c991369403f976","name":"ALBA TV","url":"https:\/\/www.pressenza.com\/es\/author\/alba-tv\/"}]}},"place":"Venezuela","original_article_url":"http:\/\/www.albatv.org\/La-Paz-constituyente.html?#","_links":{"self":[{"href":"https:\/\/www.pressenza.com\/es\/wp-json\/wp\/v2\/posts\/502386","targetHints":{"allow":["GET"]}}],"collection":[{"href":"https:\/\/www.pressenza.com\/es\/wp-json\/wp\/v2\/posts"}],"about":[{"href":"https:\/\/www.pressenza.com\/es\/wp-json\/wp\/v2\/types\/post"}],"author":[{"embeddable":true,"href":"https:\/\/www.pressenza.com\/es\/wp-json\/wp\/v2\/users\/1330"}],"replies":[{"embeddable":true,"href":"https:\/\/www.pressenza.com\/es\/wp-json\/wp\/v2\/comments?post=502386"}],"version-history":[{"count":0,"href":"https:\/\/www.pressenza.com\/es\/wp-json\/wp\/v2\/posts\/502386\/revisions"}],"wp:featuredmedia":[{"embeddable":true,"href":"https:\/\/www.pressenza.com\/es\/wp-json\/wp\/v2\/media\/502387"}],"wp:attachment":[{"href":"https:\/\/www.pressenza.com\/es\/wp-json\/wp\/v2\/media?parent=502386"}],"wp:term":[{"taxonomy":"category","embeddable":true,"href":"https:\/\/www.pressenza.com\/es\/wp-json\/wp\/v2\/categories?post=502386"},{"taxonomy":"post_tag","embeddable":true,"href":"https:\/\/www.pressenza.com\/es\/wp-json\/wp\/v2\/tags?post=502386"}],"curies":[{"name":"wp","href":"https:\/\/api.w.org\/{rel}","templated":true}]}}