{"id":502172,"date":"2017-08-09T01:45:23","date_gmt":"2017-08-09T00:45:23","guid":{"rendered":"https:\/\/www.pressenza.com\/?p=502172\/"},"modified":"2017-08-09T01:45:23","modified_gmt":"2017-08-09T00:45:23","slug":"santiago-maldonado-la-onu-exige-accion-urgente-del-estado-argentino","status":"publish","type":"post","link":"https:\/\/www.pressenza.com\/es\/2017\/08\/santiago-maldonado-la-onu-exige-accion-urgente-del-estado-argentino\/","title":{"rendered":"Santiago Maldonado: la ONU exige acci\u00f3n urgente del Estado argentino"},"content":{"rendered":"<p><em>Por<strong> CELS<\/strong><\/em><\/p>\n<p><strong>Santiago maldonado: el comit\u00e9 contra la desaparici\u00f3n forzada de la onu exige la acci\u00f3n urgente del estado argentino para encontrarlo.<\/strong><\/p>\n<p>El Comit\u00e9 contra la Desaparici\u00f3n Forzada de las Naciones Unidas consider\u00f3 que la desaparici\u00f3n de Santiago Maldonado exige \u201cla acci\u00f3n urgente del Estado parte para buscarle y localizarle\u201d y para identificar a los responsables.<\/p>\n<p>En la comunicaci\u00f3n remitida hoy al gobierno nacional, el Comit\u00e9 expresa su preocupaci\u00f3n por la integridad f\u00edsica y psicol\u00f3gica de Maldonado y requiere al Estado que:<\/p>\n<p>\u2013 adopte \u201cuna estrategia integral y exhaustiva para la b\u00fasqueda y localizaci\u00f3n\u201d,<\/p>\n<p>\u2013 tome inmediatamente \u201ctodas las medidas urgentes que sean necesarias para buscarlo y localizarlo, tomando en cuenta los datos proporcionados por los miembros de la comunidad mapuche Pu Lof presentes durante la acci\u00f3n represiva\u201d,<\/p>\n<p>\u2013 garantice \u201cla efectiva conservaci\u00f3n, resguardo y an\u00e1lisis de todos los elementos de prueba que ya obran en la investigaci\u00f3n o puedan llegar a hacerlo y que podr\u00edan permitir determinar la ubicaci\u00f3n del se\u00f1or Santiago Maldonado y la identidad de las personas responsables de su desaparici\u00f3n\u201d<\/p>\n<p>\u2013 y que \u201cla Gendarmer\u00eda Nacional Argentina se abstenga de participar en la b\u00fasqueda e investigaci\u00f3n de la desaparici\u00f3n\u201d, entre otras medidas.<\/p>\n<p>Luego de conocer la cantidad de hechos de hostigamiento y represi\u00f3n sobre la comunidad mapuche Pu Lof en Resistencia, que incluyen un sucesi\u00f3n de operativos violentos y la realizaci\u00f3n de actividades de inteligencia ilegal, el Comit\u00e9 tambi\u00e9n pide al Estado que adopte de inmediato \u201clas medidas cautelares de protecci\u00f3n a favor de los familiares del se\u00f1or Santiago Maldonado, sus representantes y los miembros de la comunidad mapuche Pu Lof en Resistencia involucrados en su b\u00fasqueda, que sean necesarias\u201d para \u201cpreservar su vida e integridad personal\u201d y \u201cgarantizar que puedan desarrollar las actividades relacionadas con la b\u00fasqueda del se\u00f1or Santiago Maldonado, sin ser objeto de actos de violencia y hostigamiento\u201d.<\/p>\n<p>Finalmente, el Comit\u00e9 le solicita al Estado argentino que le informe \u201csobre las acciones tomadas por las autoridades competentes del Estado parte para localizarlo, para aclarar su desaparici\u00f3n y para garantizar que est\u00e9 bajo la protecci\u00f3n de la ley\u201d.<\/p>\n<p>El Comit\u00e9 es el \u00f3rgano que supervisa el cumplimiento de las obligaciones de los Estados parte de la Convenci\u00f3n Internacional para la protecci\u00f3n de todas las personas contra las desapariciones forzadas. La Argentina fue uno de los pa\u00edses que impuls\u00f3 la adopci\u00f3n de este instrumento del sistema universal de protecci\u00f3n de los derechos humanos. El art\u00edculo 30 de la Convenci\u00f3n establece la competencia del Comit\u00e9 para solicitar acciones urgentes de los Estados ante una desaparici\u00f3n.<\/p>\n<p>Esta acci\u00f3n urgente fue solicitada por el CELS el s\u00e1bado 5 de agosto, cuando ya se hab\u00edan cumplido cuatro d\u00edas desde que el 1 de agosto Santiago Maldonado fuera visto por \u00faltima vez mientras intentaba huir de un operativo violento de la Gendarmer\u00eda nacional en el territorio de la comunidad Pu Lof Resistencia en la provincia de Chubut. Ese martes, como ya ocurri\u00f3 en oportunidades anteriores, la Gendarmer\u00eda ingres\u00f3 a la comunidad, dispar\u00f3 balas de goma y de plomo y no tom\u00f3 ninguna precauci\u00f3n para proteger la vida y la integridad de sus integrantes.<\/p>\n","protected":false},"excerpt":{"rendered":"<p>Por CELS Santiago maldonado: el comit\u00e9 contra la desaparici\u00f3n forzada de la onu exige la acci\u00f3n urgente del estado argentino para encontrarlo. El Comit\u00e9 contra la Desaparici\u00f3n Forzada de las Naciones Unidas consider\u00f3 que la desaparici\u00f3n de Santiago Maldonado exige&hellip;<\/p>\n","protected":false},"author":1254,"featured_media":502182,"comment_status":"closed","ping_status":"closed","sticky":false,"template":"","format":"standard","meta":{"footnotes":""},"categories":[149,79,67],"tags":[13589,6903,23722,12811,679,39375,39326],"class_list":["post-502172","post","type-post","status-publish","format-standard","has-post-thumbnail","hentry","category-comunicados-de-prensa","category-derechos-humanos","category-sudamerica","tag-chubut","tag-desaparecidos-es","tag-gendarmeria","tag-mapuches-es","tag-onu-es","tag-pu-lof-resistencia","tag-santiago-maldonado"],"yoast_head":"<!-- This site is optimized with the Yoast SEO plugin v27.1.1 - https:\/\/yoast.com\/product\/yoast-seo-wordpress\/ -->\n<title>Santiago Maldonado: la ONU exige acci\u00f3n urgente del Estado argentino<\/title>\n<meta name=\"description\" content=\"Por CELS Santiago maldonado: el comit\u00e9 contra la desaparici\u00f3n forzada de la onu exige la acci\u00f3n urgente del estado argentino para encontrarlo. El Comit\u00e9\" \/>\n<meta name=\"robots\" content=\"index, follow, max-snippet:-1, max-image-preview:large, max-video-preview:-1\" \/>\n<link rel=\"canonical\" href=\"https:\/\/www.pressenza.com\/es\/2017\/08\/santiago-maldonado-la-onu-exige-accion-urgente-del-estado-argentino\/\" \/>\n<meta property=\"og:locale\" content=\"es_ES\" \/>\n<meta property=\"og:type\" content=\"article\" \/>\n<meta property=\"og:title\" content=\"Santiago Maldonado: la ONU exige acci\u00f3n urgente del Estado argentino\" \/>\n<meta property=\"og:description\" content=\"Por CELS Santiago maldonado: el comit\u00e9 contra la desaparici\u00f3n forzada de la onu exige la acci\u00f3n urgente del estado argentino para encontrarlo. El Comit\u00e9\" \/>\n<meta property=\"og:url\" content=\"https:\/\/www.pressenza.com\/es\/2017\/08\/santiago-maldonado-la-onu-exige-accion-urgente-del-estado-argentino\/\" \/>\n<meta property=\"og:site_name\" content=\"Pressenza\" \/>\n<meta property=\"article:publisher\" content=\"https:\/\/www.facebook.com\/PressenzaItalia\" \/>\n<meta property=\"article:author\" content=\"https:\/\/www.facebook.com\/pressenza\" \/>\n<meta property=\"article:published_time\" content=\"2017-08-09T00:45:23+00:00\" \/>\n<meta property=\"og:image\" content=\"https:\/\/www.pressenza.com\/wp-content\/uploads\/2017\/08\/Santiago-Reinaldo-Ortega.jpg\" \/>\n\t<meta property=\"og:image:width\" content=\"1107\" \/>\n\t<meta property=\"og:image:height\" content=\"759\" \/>\n\t<meta property=\"og:image:type\" content=\"image\/jpeg\" \/>\n<meta name=\"author\" content=\"Redacci\u00f3n Mar del Plata\" \/>\n<meta name=\"twitter:card\" content=\"summary_large_image\" \/>\n<meta name=\"twitter:creator\" content=\"@Pressenza\" \/>\n<meta name=\"twitter:site\" content=\"@PressenzaIPA\" \/>\n<meta name=\"twitter:label1\" content=\"Escrito por\" \/>\n\t<meta name=\"twitter:data1\" content=\"Redacci\u00f3n Mar del Plata\" \/>\n\t<meta name=\"twitter:label2\" content=\"Tiempo de lectura\" \/>\n\t<meta name=\"twitter:data2\" content=\"3 minutos\" \/>\n<script type=\"application\/ld+json\" class=\"yoast-schema-graph\">{\"@context\":\"https:\/\/schema.org\",\"@graph\":[{\"@type\":\"Article\",\"@id\":\"https:\/\/www.pressenza.com\/es\/2017\/08\/santiago-maldonado-la-onu-exige-accion-urgente-del-estado-argentino\/#article\",\"isPartOf\":{\"@id\":\"https:\/\/www.pressenza.com\/es\/2017\/08\/santiago-maldonado-la-onu-exige-accion-urgente-del-estado-argentino\/\"},\"author\":{\"name\":\"Redacci\u00f3n Mar del Plata\",\"@id\":\"https:\/\/www.pressenza.com\/es\/#\/schema\/person\/738658b5125ecea661a8a0b96dba8b69\"},\"headline\":\"Santiago Maldonado: la ONU exige acci\u00f3n urgente del Estado argentino\",\"datePublished\":\"2017-08-09T00:45:23+00:00\",\"mainEntityOfPage\":{\"@id\":\"https:\/\/www.pressenza.com\/es\/2017\/08\/santiago-maldonado-la-onu-exige-accion-urgente-del-estado-argentino\/\"},\"wordCount\":566,\"publisher\":{\"@id\":\"https:\/\/www.pressenza.com\/es\/#organization\"},\"image\":{\"@id\":\"https:\/\/www.pressenza.com\/es\/2017\/08\/santiago-maldonado-la-onu-exige-accion-urgente-del-estado-argentino\/#primaryimage\"},\"thumbnailUrl\":\"https:\/\/www.pressenza.com\/wp-content\/uploads\/2017\/08\/Santiago-Reinaldo-Ortega.jpg\",\"keywords\":[\"Chubut\",\"desaparecidos\",\"Gendarmer\u00eda\",\"mapuches\",\"ONU\",\"Pu Lof Resistencia\",\"Santiago Maldonado\"],\"articleSection\":[\"Comunicados de Prensa\",\"Derechos Humanos\",\"Sudam\u00e9rica\"],\"inLanguage\":\"es\"},{\"@type\":\"WebPage\",\"@id\":\"https:\/\/www.pressenza.com\/es\/2017\/08\/santiago-maldonado-la-onu-exige-accion-urgente-del-estado-argentino\/\",\"url\":\"https:\/\/www.pressenza.com\/es\/2017\/08\/santiago-maldonado-la-onu-exige-accion-urgente-del-estado-argentino\/\",\"name\":\"Santiago Maldonado: la ONU exige acci\u00f3n urgente del Estado argentino\",\"isPartOf\":{\"@id\":\"https:\/\/www.pressenza.com\/es\/#website\"},\"primaryImageOfPage\":{\"@id\":\"https:\/\/www.pressenza.com\/es\/2017\/08\/santiago-maldonado-la-onu-exige-accion-urgente-del-estado-argentino\/#primaryimage\"},\"image\":{\"@id\":\"https:\/\/www.pressenza.com\/es\/2017\/08\/santiago-maldonado-la-onu-exige-accion-urgente-del-estado-argentino\/#primaryimage\"},\"thumbnailUrl\":\"https:\/\/www.pressenza.com\/wp-content\/uploads\/2017\/08\/Santiago-Reinaldo-Ortega.jpg\",\"datePublished\":\"2017-08-09T00:45:23+00:00\",\"description\":\"Por CELS Santiago maldonado: el comit\u00e9 contra la desaparici\u00f3n forzada de la onu exige la acci\u00f3n urgente del estado argentino para encontrarlo. El Comit\u00e9\",\"breadcrumb\":{\"@id\":\"https:\/\/www.pressenza.com\/es\/2017\/08\/santiago-maldonado-la-onu-exige-accion-urgente-del-estado-argentino\/#breadcrumb\"},\"inLanguage\":\"es\",\"potentialAction\":[{\"@type\":\"ReadAction\",\"target\":[\"https:\/\/www.pressenza.com\/es\/2017\/08\/santiago-maldonado-la-onu-exige-accion-urgente-del-estado-argentino\/\"]}]},{\"@type\":\"ImageObject\",\"inLanguage\":\"es\",\"@id\":\"https:\/\/www.pressenza.com\/es\/2017\/08\/santiago-maldonado-la-onu-exige-accion-urgente-del-estado-argentino\/#primaryimage\",\"url\":\"https:\/\/www.pressenza.com\/wp-content\/uploads\/2017\/08\/Santiago-Reinaldo-Ortega.jpg\",\"contentUrl\":\"https:\/\/www.pressenza.com\/wp-content\/uploads\/2017\/08\/Santiago-Reinaldo-Ortega.jpg\",\"width\":1107,\"height\":759},{\"@type\":\"BreadcrumbList\",\"@id\":\"https:\/\/www.pressenza.com\/es\/2017\/08\/santiago-maldonado-la-onu-exige-accion-urgente-del-estado-argentino\/#breadcrumb\",\"itemListElement\":[{\"@type\":\"ListItem\",\"position\":1,\"name\":\"Accueil\",\"item\":\"https:\/\/www.pressenza.com\/es\/\"},{\"@type\":\"ListItem\",\"position\":2,\"name\":\"Santiago Maldonado: la ONU exige acci\u00f3n urgente del Estado argentino\"}]},{\"@type\":\"WebSite\",\"@id\":\"https:\/\/www.pressenza.com\/es\/#website\",\"url\":\"https:\/\/www.pressenza.com\/es\/\",\"name\":\"Pressenza\",\"description\":\"International Press Agency\",\"publisher\":{\"@id\":\"https:\/\/www.pressenza.com\/es\/#organization\"},\"potentialAction\":[{\"@type\":\"SearchAction\",\"target\":{\"@type\":\"EntryPoint\",\"urlTemplate\":\"https:\/\/www.pressenza.com\/es\/?s={search_term_string}\"},\"query-input\":{\"@type\":\"PropertyValueSpecification\",\"valueRequired\":true,\"valueName\":\"search_term_string\"}}],\"inLanguage\":\"es\"},{\"@type\":\"Organization\",\"@id\":\"https:\/\/www.pressenza.com\/es\/#organization\",\"name\":\"Pressenza\",\"url\":\"https:\/\/www.pressenza.com\/es\/\",\"logo\":{\"@type\":\"ImageObject\",\"inLanguage\":\"es\",\"@id\":\"https:\/\/www.pressenza.com\/es\/#\/schema\/logo\/image\/\",\"url\":\"https:\/\/www.pressenza.com\/wp-content\/uploads\/2022\/10\/pressenza_logo_200x200.jpg\",\"contentUrl\":\"https:\/\/www.pressenza.com\/wp-content\/uploads\/2022\/10\/pressenza_logo_200x200.jpg\",\"width\":200,\"height\":200,\"caption\":\"Pressenza\"},\"image\":{\"@id\":\"https:\/\/www.pressenza.com\/es\/#\/schema\/logo\/image\/\"},\"sameAs\":[\"https:\/\/www.facebook.com\/PressenzaItalia\",\"https:\/\/x.com\/PressenzaIPA\"]},{\"@type\":\"Person\",\"@id\":\"https:\/\/www.pressenza.com\/es\/#\/schema\/person\/738658b5125ecea661a8a0b96dba8b69\",\"name\":\"Redacci\u00f3n Mar del Plata\",\"description\":\"News published by the Pressenza bureau in Mar Del Plata, Argentina\",\"sameAs\":[\"https:\/\/www.facebook.com\/pressenza\",\"https:\/\/x.com\/Pressenza\"],\"url\":\"https:\/\/www.pressenza.com\/es\/author\/redaccion-mar-del-plata\/\"}]}<\/script>\n<!-- \/ Yoast SEO plugin. -->","yoast_head_json":{"title":"Santiago Maldonado: la ONU exige acci\u00f3n urgente del Estado argentino","description":"Por CELS Santiago maldonado: el comit\u00e9 contra la desaparici\u00f3n forzada de la onu exige la acci\u00f3n urgente del estado argentino para encontrarlo. El Comit\u00e9","robots":{"index":"index","follow":"follow","max-snippet":"max-snippet:-1","max-image-preview":"max-image-preview:large","max-video-preview":"max-video-preview:-1"},"canonical":"https:\/\/www.pressenza.com\/es\/2017\/08\/santiago-maldonado-la-onu-exige-accion-urgente-del-estado-argentino\/","og_locale":"es_ES","og_type":"article","og_title":"Santiago Maldonado: la ONU exige acci\u00f3n urgente del Estado argentino","og_description":"Por CELS Santiago maldonado: el comit\u00e9 contra la desaparici\u00f3n forzada de la onu exige la acci\u00f3n urgente del estado argentino para encontrarlo. El Comit\u00e9","og_url":"https:\/\/www.pressenza.com\/es\/2017\/08\/santiago-maldonado-la-onu-exige-accion-urgente-del-estado-argentino\/","og_site_name":"Pressenza","article_publisher":"https:\/\/www.facebook.com\/PressenzaItalia","article_author":"https:\/\/www.facebook.com\/pressenza","article_published_time":"2017-08-09T00:45:23+00:00","og_image":[{"width":1107,"height":759,"url":"https:\/\/www.pressenza.com\/wp-content\/uploads\/2017\/08\/Santiago-Reinaldo-Ortega.jpg","type":"image\/jpeg"}],"author":"Redacci\u00f3n Mar del Plata","twitter_card":"summary_large_image","twitter_creator":"@Pressenza","twitter_site":"@PressenzaIPA","twitter_misc":{"Escrito por":"Redacci\u00f3n Mar del Plata","Tiempo de lectura":"3 minutos"},"schema":{"@context":"https:\/\/schema.org","@graph":[{"@type":"Article","@id":"https:\/\/www.pressenza.com\/es\/2017\/08\/santiago-maldonado-la-onu-exige-accion-urgente-del-estado-argentino\/#article","isPartOf":{"@id":"https:\/\/www.pressenza.com\/es\/2017\/08\/santiago-maldonado-la-onu-exige-accion-urgente-del-estado-argentino\/"},"author":{"name":"Redacci\u00f3n Mar del Plata","@id":"https:\/\/www.pressenza.com\/es\/#\/schema\/person\/738658b5125ecea661a8a0b96dba8b69"},"headline":"Santiago Maldonado: la ONU exige acci\u00f3n urgente del Estado argentino","datePublished":"2017-08-09T00:45:23+00:00","mainEntityOfPage":{"@id":"https:\/\/www.pressenza.com\/es\/2017\/08\/santiago-maldonado-la-onu-exige-accion-urgente-del-estado-argentino\/"},"wordCount":566,"publisher":{"@id":"https:\/\/www.pressenza.com\/es\/#organization"},"image":{"@id":"https:\/\/www.pressenza.com\/es\/2017\/08\/santiago-maldonado-la-onu-exige-accion-urgente-del-estado-argentino\/#primaryimage"},"thumbnailUrl":"https:\/\/www.pressenza.com\/wp-content\/uploads\/2017\/08\/Santiago-Reinaldo-Ortega.jpg","keywords":["Chubut","desaparecidos","Gendarmer\u00eda","mapuches","ONU","Pu Lof Resistencia","Santiago Maldonado"],"articleSection":["Comunicados de Prensa","Derechos Humanos","Sudam\u00e9rica"],"inLanguage":"es"},{"@type":"WebPage","@id":"https:\/\/www.pressenza.com\/es\/2017\/08\/santiago-maldonado-la-onu-exige-accion-urgente-del-estado-argentino\/","url":"https:\/\/www.pressenza.com\/es\/2017\/08\/santiago-maldonado-la-onu-exige-accion-urgente-del-estado-argentino\/","name":"Santiago Maldonado: la ONU exige acci\u00f3n urgente del Estado argentino","isPartOf":{"@id":"https:\/\/www.pressenza.com\/es\/#website"},"primaryImageOfPage":{"@id":"https:\/\/www.pressenza.com\/es\/2017\/08\/santiago-maldonado-la-onu-exige-accion-urgente-del-estado-argentino\/#primaryimage"},"image":{"@id":"https:\/\/www.pressenza.com\/es\/2017\/08\/santiago-maldonado-la-onu-exige-accion-urgente-del-estado-argentino\/#primaryimage"},"thumbnailUrl":"https:\/\/www.pressenza.com\/wp-content\/uploads\/2017\/08\/Santiago-Reinaldo-Ortega.jpg","datePublished":"2017-08-09T00:45:23+00:00","description":"Por CELS Santiago maldonado: el comit\u00e9 contra la desaparici\u00f3n forzada de la onu exige la acci\u00f3n urgente del estado argentino para encontrarlo. El Comit\u00e9","breadcrumb":{"@id":"https:\/\/www.pressenza.com\/es\/2017\/08\/santiago-maldonado-la-onu-exige-accion-urgente-del-estado-argentino\/#breadcrumb"},"inLanguage":"es","potentialAction":[{"@type":"ReadAction","target":["https:\/\/www.pressenza.com\/es\/2017\/08\/santiago-maldonado-la-onu-exige-accion-urgente-del-estado-argentino\/"]}]},{"@type":"ImageObject","inLanguage":"es","@id":"https:\/\/www.pressenza.com\/es\/2017\/08\/santiago-maldonado-la-onu-exige-accion-urgente-del-estado-argentino\/#primaryimage","url":"https:\/\/www.pressenza.com\/wp-content\/uploads\/2017\/08\/Santiago-Reinaldo-Ortega.jpg","contentUrl":"https:\/\/www.pressenza.com\/wp-content\/uploads\/2017\/08\/Santiago-Reinaldo-Ortega.jpg","width":1107,"height":759},{"@type":"BreadcrumbList","@id":"https:\/\/www.pressenza.com\/es\/2017\/08\/santiago-maldonado-la-onu-exige-accion-urgente-del-estado-argentino\/#breadcrumb","itemListElement":[{"@type":"ListItem","position":1,"name":"Accueil","item":"https:\/\/www.pressenza.com\/es\/"},{"@type":"ListItem","position":2,"name":"Santiago Maldonado: la ONU exige acci\u00f3n urgente del Estado argentino"}]},{"@type":"WebSite","@id":"https:\/\/www.pressenza.com\/es\/#website","url":"https:\/\/www.pressenza.com\/es\/","name":"Pressenza","description":"International Press Agency","publisher":{"@id":"https:\/\/www.pressenza.com\/es\/#organization"},"potentialAction":[{"@type":"SearchAction","target":{"@type":"EntryPoint","urlTemplate":"https:\/\/www.pressenza.com\/es\/?s={search_term_string}"},"query-input":{"@type":"PropertyValueSpecification","valueRequired":true,"valueName":"search_term_string"}}],"inLanguage":"es"},{"@type":"Organization","@id":"https:\/\/www.pressenza.com\/es\/#organization","name":"Pressenza","url":"https:\/\/www.pressenza.com\/es\/","logo":{"@type":"ImageObject","inLanguage":"es","@id":"https:\/\/www.pressenza.com\/es\/#\/schema\/logo\/image\/","url":"https:\/\/www.pressenza.com\/wp-content\/uploads\/2022\/10\/pressenza_logo_200x200.jpg","contentUrl":"https:\/\/www.pressenza.com\/wp-content\/uploads\/2022\/10\/pressenza_logo_200x200.jpg","width":200,"height":200,"caption":"Pressenza"},"image":{"@id":"https:\/\/www.pressenza.com\/es\/#\/schema\/logo\/image\/"},"sameAs":["https:\/\/www.facebook.com\/PressenzaItalia","https:\/\/x.com\/PressenzaIPA"]},{"@type":"Person","@id":"https:\/\/www.pressenza.com\/es\/#\/schema\/person\/738658b5125ecea661a8a0b96dba8b69","name":"Redacci\u00f3n Mar del Plata","description":"News published by the Pressenza bureau in Mar Del Plata, Argentina","sameAs":["https:\/\/www.facebook.com\/pressenza","https:\/\/x.com\/Pressenza"],"url":"https:\/\/www.pressenza.com\/es\/author\/redaccion-mar-del-plata\/"}]}},"place":"CELS, Ciudad de Buenos Aires, Argentina","original_article_url":"","_links":{"self":[{"href":"https:\/\/www.pressenza.com\/es\/wp-json\/wp\/v2\/posts\/502172","targetHints":{"allow":["GET"]}}],"collection":[{"href":"https:\/\/www.pressenza.com\/es\/wp-json\/wp\/v2\/posts"}],"about":[{"href":"https:\/\/www.pressenza.com\/es\/wp-json\/wp\/v2\/types\/post"}],"author":[{"embeddable":true,"href":"https:\/\/www.pressenza.com\/es\/wp-json\/wp\/v2\/users\/1254"}],"replies":[{"embeddable":true,"href":"https:\/\/www.pressenza.com\/es\/wp-json\/wp\/v2\/comments?post=502172"}],"version-history":[{"count":0,"href":"https:\/\/www.pressenza.com\/es\/wp-json\/wp\/v2\/posts\/502172\/revisions"}],"wp:featuredmedia":[{"embeddable":true,"href":"https:\/\/www.pressenza.com\/es\/wp-json\/wp\/v2\/media\/502182"}],"wp:attachment":[{"href":"https:\/\/www.pressenza.com\/es\/wp-json\/wp\/v2\/media?parent=502172"}],"wp:term":[{"taxonomy":"category","embeddable":true,"href":"https:\/\/www.pressenza.com\/es\/wp-json\/wp\/v2\/categories?post=502172"},{"taxonomy":"post_tag","embeddable":true,"href":"https:\/\/www.pressenza.com\/es\/wp-json\/wp\/v2\/tags?post=502172"}],"curies":[{"name":"wp","href":"https:\/\/api.w.org\/{rel}","templated":true}]}}