{"id":501763,"date":"2017-08-07T21:31:57","date_gmt":"2017-08-07T20:31:57","guid":{"rendered":"https:\/\/www.pressenza.com\/?p=501763\/"},"modified":"2017-11-21T18:41:24","modified_gmt":"2017-11-21T18:41:24","slug":"chile-presion-social-logra-tarifa-sin-restriccion-adultos-mayores-metro","status":"publish","type":"post","link":"https:\/\/www.pressenza.com\/es\/2017\/08\/chile-presion-social-logra-tarifa-sin-restriccion-adultos-mayores-metro\/","title":{"rendered":"Chile: presi\u00f3n social logra tarifa sin restricci\u00f3n para adultos mayores en el Metro"},"content":{"rendered":"<p>Tras la intensa pol\u00e9mica y el reclamo social generalizado que se produjo luego de que se supiera que la tarifa rebajada para adultos mayores permitir\u00eda solo 14 viajes semanales, en vez del boleto habitual ilimitado y que esta restricci\u00f3n generara indignaci\u00f3n en adultos mayores, desencadenando fuertes cr\u00edticas tanto del oficialismo como de la oposici\u00f3n, hoy la presidenta Bachelet anunci\u00f3 por su cuenta de Twitter que la tarifa nueva no tendr\u00eda restricci\u00f3n.<\/p>\n<p>\u201cGracias a los avances tecnol\u00f3gicos que se van a incorporar en las nuevas l\u00edneas 3 y 6, a la necesidad que los beneficiarios accedan a la nueva Tarjeta para el Adulto Mayor y basada en los estudios correspondientes, he resuelto que tanto los pensionados como jubilados que reciben actualmente el beneficio de rebaja tarifaria en el Metro puedan realizar, sin restricci\u00f3n alguna, los viajes que requieran diaria, semanal o mensualmente\u201c, afirm\u00f3 la Mandataria durante una actividad del D\u00eda Nacional del Dirigente Vecinal, donde tambi\u00e9n dijo que instruy\u00f3 a los ministros de Hacienda y Transportes \u201cejecutar a la brevedad esta resoluci\u00f3n y que se mandate a Metro realizar los cambios que se requiera\u201c.<\/p>\n<p>\u201cCon esto contribuimos con su desarrollo personal, para que puedan continuar desarrollando sus actividades, favoreciendo el acceso a la salud, a la recreaci\u00f3n, el deporte y la cultura\u201d, indic\u00f3 Bachelet.<\/p>\n<p>Desde comienzos de agosto, los adultos mayores comenzaron a obtener la nueva Tarjeta de Adulto Mayor, cuya incorporaci\u00f3n al sistema corresponde a la decisi\u00f3n de Metro de finalizar con la venta de boletos en su red.<\/p>\n<p>Para adquirir la nueva TAM, que tiene un valor de mil pesos,\u00a0 los adultos mayores con su beneficio vigente pueden retirar sus nuevas tarjetas en la estaci\u00f3n correspondiente seg\u00fan domicilio de registro.<\/p>\n<p>&nbsp;<\/p>\n","protected":false},"excerpt":{"rendered":"<p>Tras la intensa pol\u00e9mica y el reclamo social generalizado que se produjo luego de que se supiera que la tarifa rebajada para adultos mayores permitir\u00eda solo 14 viajes semanales, en vez del boleto habitual ilimitado y que esta restricci\u00f3n generara&hellip;<\/p>\n","protected":false},"author":43,"featured_media":501799,"comment_status":"closed","ping_status":"closed","sticky":false,"template":"","format":"standard","meta":{"footnotes":""},"categories":[11389,81,67],"tags":[38366,29,8242,394],"class_list":["post-501763","post","type-post","status-publish","format-standard","has-post-thumbnail","hentry","category-contenido-original","category-economia-es","category-sudamerica","tag-adultos-mayores","tag-chile","tag-michelle-bachelet-es","tag-protestas-sociales"],"yoast_head":"<!-- This site is optimized with the Yoast SEO plugin v27.1.1 - https:\/\/yoast.com\/product\/yoast-seo-wordpress\/ -->\n<title>Chile: presi\u00f3n social logra tarifa sin restricci\u00f3n para adultos mayores en el Metro<\/title>\n<meta name=\"description\" content=\"Tras la intensa pol\u00e9mica y el reclamo social generalizado que se produjo luego de que se supiera que la tarifa rebajada para adultos mayores permitir\u00eda\" \/>\n<meta name=\"robots\" content=\"index, follow, max-snippet:-1, max-image-preview:large, max-video-preview:-1\" \/>\n<link rel=\"canonical\" href=\"https:\/\/www.pressenza.com\/es\/2017\/08\/chile-presion-social-logra-tarifa-sin-restriccion-adultos-mayores-metro\/\" \/>\n<meta property=\"og:locale\" content=\"es_ES\" \/>\n<meta property=\"og:type\" content=\"article\" \/>\n<meta property=\"og:title\" content=\"Chile: presi\u00f3n social logra tarifa sin restricci\u00f3n para adultos mayores en el Metro\" \/>\n<meta property=\"og:description\" content=\"Tras la intensa pol\u00e9mica y el reclamo social generalizado que se produjo luego de que se supiera que la tarifa rebajada para adultos mayores permitir\u00eda\" \/>\n<meta property=\"og:url\" content=\"https:\/\/www.pressenza.com\/es\/2017\/08\/chile-presion-social-logra-tarifa-sin-restriccion-adultos-mayores-metro\/\" \/>\n<meta property=\"og:site_name\" content=\"Pressenza\" \/>\n<meta property=\"article:publisher\" content=\"https:\/\/www.facebook.com\/PressenzaItalia\" \/>\n<meta property=\"article:author\" content=\"https:\/\/www.facebook.com\/pressenza\" \/>\n<meta property=\"article:published_time\" content=\"2017-08-07T20:31:57+00:00\" \/>\n<meta property=\"article:modified_time\" content=\"2017-11-21T18:41:24+00:00\" \/>\n<meta property=\"og:image\" content=\"https:\/\/www.pressenza.com\/wp-content\/uploads\/2017\/08\/MG_0073-600x400.jpg\" \/>\n\t<meta property=\"og:image:width\" content=\"600\" \/>\n\t<meta property=\"og:image:height\" content=\"400\" \/>\n\t<meta property=\"og:image:type\" content=\"image\/jpeg\" \/>\n<meta name=\"author\" content=\"Redacci\u00f3n Chile\" \/>\n<meta name=\"twitter:card\" content=\"summary_large_image\" \/>\n<meta name=\"twitter:creator\" content=\"@pressenza\" \/>\n<meta name=\"twitter:site\" content=\"@PressenzaIPA\" \/>\n<meta name=\"twitter:label1\" content=\"Escrito por\" \/>\n\t<meta name=\"twitter:data1\" content=\"Redacci\u00f3n Chile\" \/>\n\t<meta name=\"twitter:label2\" content=\"Tiempo de lectura\" \/>\n\t<meta name=\"twitter:data2\" content=\"1 minuto\" \/>\n<script type=\"application\/ld+json\" class=\"yoast-schema-graph\">{\"@context\":\"https:\/\/schema.org\",\"@graph\":[{\"@type\":\"Article\",\"@id\":\"https:\/\/www.pressenza.com\/es\/2017\/08\/chile-presion-social-logra-tarifa-sin-restriccion-adultos-mayores-metro\/#article\",\"isPartOf\":{\"@id\":\"https:\/\/www.pressenza.com\/es\/2017\/08\/chile-presion-social-logra-tarifa-sin-restriccion-adultos-mayores-metro\/\"},\"author\":{\"name\":\"Redacci\u00f3n Chile\",\"@id\":\"https:\/\/www.pressenza.com\/es\/#\/schema\/person\/d7db40df35d6698ba69ba9ee260944ed\"},\"headline\":\"Chile: presi\u00f3n social logra tarifa sin restricci\u00f3n para adultos mayores en el Metro\",\"datePublished\":\"2017-08-07T20:31:57+00:00\",\"dateModified\":\"2017-11-21T18:41:24+00:00\",\"mainEntityOfPage\":{\"@id\":\"https:\/\/www.pressenza.com\/es\/2017\/08\/chile-presion-social-logra-tarifa-sin-restriccion-adultos-mayores-metro\/\"},\"wordCount\":313,\"publisher\":{\"@id\":\"https:\/\/www.pressenza.com\/es\/#organization\"},\"image\":{\"@id\":\"https:\/\/www.pressenza.com\/es\/2017\/08\/chile-presion-social-logra-tarifa-sin-restriccion-adultos-mayores-metro\/#primaryimage\"},\"thumbnailUrl\":\"https:\/\/www.pressenza.com\/wp-content\/uploads\/2017\/08\/MG_0073-600x400.jpg\",\"keywords\":[\"adultos mayores\",\"Chile\",\"Michelle Bachelet\",\"protestas sociales\"],\"articleSection\":[\"Contenido Original\",\"Econom\u00eda\",\"Sudam\u00e9rica\"],\"inLanguage\":\"es\"},{\"@type\":\"WebPage\",\"@id\":\"https:\/\/www.pressenza.com\/es\/2017\/08\/chile-presion-social-logra-tarifa-sin-restriccion-adultos-mayores-metro\/\",\"url\":\"https:\/\/www.pressenza.com\/es\/2017\/08\/chile-presion-social-logra-tarifa-sin-restriccion-adultos-mayores-metro\/\",\"name\":\"Chile: presi\u00f3n social logra tarifa sin restricci\u00f3n para adultos mayores en el Metro\",\"isPartOf\":{\"@id\":\"https:\/\/www.pressenza.com\/es\/#website\"},\"primaryImageOfPage\":{\"@id\":\"https:\/\/www.pressenza.com\/es\/2017\/08\/chile-presion-social-logra-tarifa-sin-restriccion-adultos-mayores-metro\/#primaryimage\"},\"image\":{\"@id\":\"https:\/\/www.pressenza.com\/es\/2017\/08\/chile-presion-social-logra-tarifa-sin-restriccion-adultos-mayores-metro\/#primaryimage\"},\"thumbnailUrl\":\"https:\/\/www.pressenza.com\/wp-content\/uploads\/2017\/08\/MG_0073-600x400.jpg\",\"datePublished\":\"2017-08-07T20:31:57+00:00\",\"dateModified\":\"2017-11-21T18:41:24+00:00\",\"description\":\"Tras la intensa pol\u00e9mica y el reclamo social generalizado que se produjo luego de que se supiera que la tarifa rebajada para adultos mayores permitir\u00eda\",\"breadcrumb\":{\"@id\":\"https:\/\/www.pressenza.com\/es\/2017\/08\/chile-presion-social-logra-tarifa-sin-restriccion-adultos-mayores-metro\/#breadcrumb\"},\"inLanguage\":\"es\",\"potentialAction\":[{\"@type\":\"ReadAction\",\"target\":[\"https:\/\/www.pressenza.com\/es\/2017\/08\/chile-presion-social-logra-tarifa-sin-restriccion-adultos-mayores-metro\/\"]}]},{\"@type\":\"ImageObject\",\"inLanguage\":\"es\",\"@id\":\"https:\/\/www.pressenza.com\/es\/2017\/08\/chile-presion-social-logra-tarifa-sin-restriccion-adultos-mayores-metro\/#primaryimage\",\"url\":\"https:\/\/www.pressenza.com\/wp-content\/uploads\/2017\/08\/MG_0073-600x400.jpg\",\"contentUrl\":\"https:\/\/www.pressenza.com\/wp-content\/uploads\/2017\/08\/MG_0073-600x400.jpg\",\"width\":600,\"height\":400},{\"@type\":\"BreadcrumbList\",\"@id\":\"https:\/\/www.pressenza.com\/es\/2017\/08\/chile-presion-social-logra-tarifa-sin-restriccion-adultos-mayores-metro\/#breadcrumb\",\"itemListElement\":[{\"@type\":\"ListItem\",\"position\":1,\"name\":\"Accueil\",\"item\":\"https:\/\/www.pressenza.com\/es\/\"},{\"@type\":\"ListItem\",\"position\":2,\"name\":\"Chile: presi\u00f3n social logra tarifa sin restricci\u00f3n para adultos mayores en el Metro\"}]},{\"@type\":\"WebSite\",\"@id\":\"https:\/\/www.pressenza.com\/es\/#website\",\"url\":\"https:\/\/www.pressenza.com\/es\/\",\"name\":\"Pressenza\",\"description\":\"International Press Agency\",\"publisher\":{\"@id\":\"https:\/\/www.pressenza.com\/es\/#organization\"},\"potentialAction\":[{\"@type\":\"SearchAction\",\"target\":{\"@type\":\"EntryPoint\",\"urlTemplate\":\"https:\/\/www.pressenza.com\/es\/?s={search_term_string}\"},\"query-input\":{\"@type\":\"PropertyValueSpecification\",\"valueRequired\":true,\"valueName\":\"search_term_string\"}}],\"inLanguage\":\"es\"},{\"@type\":\"Organization\",\"@id\":\"https:\/\/www.pressenza.com\/es\/#organization\",\"name\":\"Pressenza\",\"url\":\"https:\/\/www.pressenza.com\/es\/\",\"logo\":{\"@type\":\"ImageObject\",\"inLanguage\":\"es\",\"@id\":\"https:\/\/www.pressenza.com\/es\/#\/schema\/logo\/image\/\",\"url\":\"https:\/\/www.pressenza.com\/wp-content\/uploads\/2022\/10\/pressenza_logo_200x200.jpg\",\"contentUrl\":\"https:\/\/www.pressenza.com\/wp-content\/uploads\/2022\/10\/pressenza_logo_200x200.jpg\",\"width\":200,\"height\":200,\"caption\":\"Pressenza\"},\"image\":{\"@id\":\"https:\/\/www.pressenza.com\/es\/#\/schema\/logo\/image\/\"},\"sameAs\":[\"https:\/\/www.facebook.com\/PressenzaItalia\",\"https:\/\/x.com\/PressenzaIPA\"]},{\"@type\":\"Person\",\"@id\":\"https:\/\/www.pressenza.com\/es\/#\/schema\/person\/d7db40df35d6698ba69ba9ee260944ed\",\"name\":\"Redacci\u00f3n Chile\",\"description\":\"News from the Pressenza Bureau in Chile\",\"sameAs\":[\"https:\/\/www.facebook.com\/pressenza\",\"https:\/\/x.com\/pressenza\"],\"url\":\"https:\/\/www.pressenza.com\/es\/author\/redaccion-chile\/\"}]}<\/script>\n<!-- \/ Yoast SEO plugin. -->","yoast_head_json":{"title":"Chile: presi\u00f3n social logra tarifa sin restricci\u00f3n para adultos mayores en el Metro","description":"Tras la intensa pol\u00e9mica y el reclamo social generalizado que se produjo luego de que se supiera que la tarifa rebajada para adultos mayores permitir\u00eda","robots":{"index":"index","follow":"follow","max-snippet":"max-snippet:-1","max-image-preview":"max-image-preview:large","max-video-preview":"max-video-preview:-1"},"canonical":"https:\/\/www.pressenza.com\/es\/2017\/08\/chile-presion-social-logra-tarifa-sin-restriccion-adultos-mayores-metro\/","og_locale":"es_ES","og_type":"article","og_title":"Chile: presi\u00f3n social logra tarifa sin restricci\u00f3n para adultos mayores en el Metro","og_description":"Tras la intensa pol\u00e9mica y el reclamo social generalizado que se produjo luego de que se supiera que la tarifa rebajada para adultos mayores permitir\u00eda","og_url":"https:\/\/www.pressenza.com\/es\/2017\/08\/chile-presion-social-logra-tarifa-sin-restriccion-adultos-mayores-metro\/","og_site_name":"Pressenza","article_publisher":"https:\/\/www.facebook.com\/PressenzaItalia","article_author":"https:\/\/www.facebook.com\/pressenza","article_published_time":"2017-08-07T20:31:57+00:00","article_modified_time":"2017-11-21T18:41:24+00:00","og_image":[{"width":600,"height":400,"url":"https:\/\/www.pressenza.com\/wp-content\/uploads\/2017\/08\/MG_0073-600x400.jpg","type":"image\/jpeg"}],"author":"Redacci\u00f3n Chile","twitter_card":"summary_large_image","twitter_creator":"@pressenza","twitter_site":"@PressenzaIPA","twitter_misc":{"Escrito por":"Redacci\u00f3n Chile","Tiempo de lectura":"1 minuto"},"schema":{"@context":"https:\/\/schema.org","@graph":[{"@type":"Article","@id":"https:\/\/www.pressenza.com\/es\/2017\/08\/chile-presion-social-logra-tarifa-sin-restriccion-adultos-mayores-metro\/#article","isPartOf":{"@id":"https:\/\/www.pressenza.com\/es\/2017\/08\/chile-presion-social-logra-tarifa-sin-restriccion-adultos-mayores-metro\/"},"author":{"name":"Redacci\u00f3n Chile","@id":"https:\/\/www.pressenza.com\/es\/#\/schema\/person\/d7db40df35d6698ba69ba9ee260944ed"},"headline":"Chile: presi\u00f3n social logra tarifa sin restricci\u00f3n para adultos mayores en el Metro","datePublished":"2017-08-07T20:31:57+00:00","dateModified":"2017-11-21T18:41:24+00:00","mainEntityOfPage":{"@id":"https:\/\/www.pressenza.com\/es\/2017\/08\/chile-presion-social-logra-tarifa-sin-restriccion-adultos-mayores-metro\/"},"wordCount":313,"publisher":{"@id":"https:\/\/www.pressenza.com\/es\/#organization"},"image":{"@id":"https:\/\/www.pressenza.com\/es\/2017\/08\/chile-presion-social-logra-tarifa-sin-restriccion-adultos-mayores-metro\/#primaryimage"},"thumbnailUrl":"https:\/\/www.pressenza.com\/wp-content\/uploads\/2017\/08\/MG_0073-600x400.jpg","keywords":["adultos mayores","Chile","Michelle Bachelet","protestas sociales"],"articleSection":["Contenido Original","Econom\u00eda","Sudam\u00e9rica"],"inLanguage":"es"},{"@type":"WebPage","@id":"https:\/\/www.pressenza.com\/es\/2017\/08\/chile-presion-social-logra-tarifa-sin-restriccion-adultos-mayores-metro\/","url":"https:\/\/www.pressenza.com\/es\/2017\/08\/chile-presion-social-logra-tarifa-sin-restriccion-adultos-mayores-metro\/","name":"Chile: presi\u00f3n social logra tarifa sin restricci\u00f3n para adultos mayores en el Metro","isPartOf":{"@id":"https:\/\/www.pressenza.com\/es\/#website"},"primaryImageOfPage":{"@id":"https:\/\/www.pressenza.com\/es\/2017\/08\/chile-presion-social-logra-tarifa-sin-restriccion-adultos-mayores-metro\/#primaryimage"},"image":{"@id":"https:\/\/www.pressenza.com\/es\/2017\/08\/chile-presion-social-logra-tarifa-sin-restriccion-adultos-mayores-metro\/#primaryimage"},"thumbnailUrl":"https:\/\/www.pressenza.com\/wp-content\/uploads\/2017\/08\/MG_0073-600x400.jpg","datePublished":"2017-08-07T20:31:57+00:00","dateModified":"2017-11-21T18:41:24+00:00","description":"Tras la intensa pol\u00e9mica y el reclamo social generalizado que se produjo luego de que se supiera que la tarifa rebajada para adultos mayores permitir\u00eda","breadcrumb":{"@id":"https:\/\/www.pressenza.com\/es\/2017\/08\/chile-presion-social-logra-tarifa-sin-restriccion-adultos-mayores-metro\/#breadcrumb"},"inLanguage":"es","potentialAction":[{"@type":"ReadAction","target":["https:\/\/www.pressenza.com\/es\/2017\/08\/chile-presion-social-logra-tarifa-sin-restriccion-adultos-mayores-metro\/"]}]},{"@type":"ImageObject","inLanguage":"es","@id":"https:\/\/www.pressenza.com\/es\/2017\/08\/chile-presion-social-logra-tarifa-sin-restriccion-adultos-mayores-metro\/#primaryimage","url":"https:\/\/www.pressenza.com\/wp-content\/uploads\/2017\/08\/MG_0073-600x400.jpg","contentUrl":"https:\/\/www.pressenza.com\/wp-content\/uploads\/2017\/08\/MG_0073-600x400.jpg","width":600,"height":400},{"@type":"BreadcrumbList","@id":"https:\/\/www.pressenza.com\/es\/2017\/08\/chile-presion-social-logra-tarifa-sin-restriccion-adultos-mayores-metro\/#breadcrumb","itemListElement":[{"@type":"ListItem","position":1,"name":"Accueil","item":"https:\/\/www.pressenza.com\/es\/"},{"@type":"ListItem","position":2,"name":"Chile: presi\u00f3n social logra tarifa sin restricci\u00f3n para adultos mayores en el Metro"}]},{"@type":"WebSite","@id":"https:\/\/www.pressenza.com\/es\/#website","url":"https:\/\/www.pressenza.com\/es\/","name":"Pressenza","description":"International Press Agency","publisher":{"@id":"https:\/\/www.pressenza.com\/es\/#organization"},"potentialAction":[{"@type":"SearchAction","target":{"@type":"EntryPoint","urlTemplate":"https:\/\/www.pressenza.com\/es\/?s={search_term_string}"},"query-input":{"@type":"PropertyValueSpecification","valueRequired":true,"valueName":"search_term_string"}}],"inLanguage":"es"},{"@type":"Organization","@id":"https:\/\/www.pressenza.com\/es\/#organization","name":"Pressenza","url":"https:\/\/www.pressenza.com\/es\/","logo":{"@type":"ImageObject","inLanguage":"es","@id":"https:\/\/www.pressenza.com\/es\/#\/schema\/logo\/image\/","url":"https:\/\/www.pressenza.com\/wp-content\/uploads\/2022\/10\/pressenza_logo_200x200.jpg","contentUrl":"https:\/\/www.pressenza.com\/wp-content\/uploads\/2022\/10\/pressenza_logo_200x200.jpg","width":200,"height":200,"caption":"Pressenza"},"image":{"@id":"https:\/\/www.pressenza.com\/es\/#\/schema\/logo\/image\/"},"sameAs":["https:\/\/www.facebook.com\/PressenzaItalia","https:\/\/x.com\/PressenzaIPA"]},{"@type":"Person","@id":"https:\/\/www.pressenza.com\/es\/#\/schema\/person\/d7db40df35d6698ba69ba9ee260944ed","name":"Redacci\u00f3n Chile","description":"News from the Pressenza Bureau in Chile","sameAs":["https:\/\/www.facebook.com\/pressenza","https:\/\/x.com\/pressenza"],"url":"https:\/\/www.pressenza.com\/es\/author\/redaccion-chile\/"}]}},"place":"Santiago de Chile","original_article_url":"","_links":{"self":[{"href":"https:\/\/www.pressenza.com\/es\/wp-json\/wp\/v2\/posts\/501763","targetHints":{"allow":["GET"]}}],"collection":[{"href":"https:\/\/www.pressenza.com\/es\/wp-json\/wp\/v2\/posts"}],"about":[{"href":"https:\/\/www.pressenza.com\/es\/wp-json\/wp\/v2\/types\/post"}],"author":[{"embeddable":true,"href":"https:\/\/www.pressenza.com\/es\/wp-json\/wp\/v2\/users\/43"}],"replies":[{"embeddable":true,"href":"https:\/\/www.pressenza.com\/es\/wp-json\/wp\/v2\/comments?post=501763"}],"version-history":[{"count":0,"href":"https:\/\/www.pressenza.com\/es\/wp-json\/wp\/v2\/posts\/501763\/revisions"}],"wp:featuredmedia":[{"embeddable":true,"href":"https:\/\/www.pressenza.com\/es\/wp-json\/wp\/v2\/media\/501799"}],"wp:attachment":[{"href":"https:\/\/www.pressenza.com\/es\/wp-json\/wp\/v2\/media?parent=501763"}],"wp:term":[{"taxonomy":"category","embeddable":true,"href":"https:\/\/www.pressenza.com\/es\/wp-json\/wp\/v2\/categories?post=501763"},{"taxonomy":"post_tag","embeddable":true,"href":"https:\/\/www.pressenza.com\/es\/wp-json\/wp\/v2\/tags?post=501763"}],"curies":[{"name":"wp","href":"https:\/\/api.w.org\/{rel}","templated":true}]}}