{"id":499318,"date":"2017-08-05T21:01:03","date_gmt":"2017-08-05T20:01:03","guid":{"rendered":"https:\/\/www.pressenza.com\/?p=499318\/"},"modified":"2017-08-05T21:01:03","modified_gmt":"2017-08-05T20:01:03","slug":"chile-colegio-profesores-convoca-paro-nacional-rechazo-la-nep","status":"publish","type":"post","link":"https:\/\/www.pressenza.com\/es\/2017\/08\/chile-colegio-profesores-convoca-paro-nacional-rechazo-la-nep\/","title":{"rendered":"Chile: Colegio de Profesores convoca a paro nacional en rechazo a la NEP"},"content":{"rendered":"<p>La Asamblea Nacional del Magisterio aprob\u00f3 convocatoria a paralizaci\u00f3n de actividades en todo el pa\u00eds el pr\u00f3ximo 17 de agosto, en rechazo al proyecto de ley de Nueva Educaci\u00f3n P\u00fablica (NEP) y en protesta por las deudas que mantienen diversos municipios con sus maestros. La decisi\u00f3n se enmarca en un Plan de Movilizaciones que desarrollar\u00e1n los profesores de manera ascendente.<\/p>\n<div class=\"fb-quote fb_iframe_widget\" data-href=\"http:\/\/www.colegiodeprofesores.cl\/?p=4958\"><\/div>\n<p>La m\u00e1xima instancia del gremio resolvi\u00f3 seis mociones:<\/p>\n<p>1.- Apoyo un\u00e1nime a profesores de Per\u00fa en huelga hace m\u00e1s de 40 d\u00edas.<\/p>\n<p>2.- Voto un\u00e1nime en apoyo a los profesores movilizados de San Fernando, Chile, quienes est\u00e1n hace m\u00e1s de dos meses paralizados en demanda del pago de sus salarios adeudados. Los docentes vienen en caminata desde su ciudad y el lunes llegar\u00e1n todos a La Moneda.<\/p>\n<p>3.- Voto por el cambio gradual de la entrega de remesas desde el Directorio Nacional directamente a los distintos niveles comunales, provinciales y regionales de la organizaci\u00f3n. 108 aprobaron, 39 se manifestaron en contra y 6 abstenciones.<\/p>\n<p>4.- Aprobaci\u00f3n un\u00e1nime para regularizar contratos, normativas y convenios a la legalidad vigente.<\/p>\n<p>5.- Aprobaci\u00f3n un\u00e1nime a la participaci\u00f3n activa en la campa\u00f1a NO + AFP, que se traduce en: a) facilitar el uso de las sedes del gremio para reuniones de coordinaci\u00f3n de esta instancia, b) integraci\u00f3n de los dirigentes locales del gremio a los equipos de NO + AFP, c) convocatoria y participaci\u00f3n a la marcha nacional del 27 de agosto convocada por esta campa\u00f1a y d) convocatoria y participaci\u00f3n activa en el Plebiscito Nacional convocado por NO + AFP para los d\u00edas 29 y 30 de septiembre y 1 de octubre.<\/p>\n<p>6.- Voto por el Plan de Movilizaciones:<\/p>\n<ul>\n<li>Plan de reuniones con parlamentarios y exigencia de apoyo a la postura del Colegio de Profesores.<\/li>\n<li>Env\u00edo masivo de mails a parlamentarios y autoridades locales dando a conocer la postura del Colegio de Profesores.<\/li>\n<li>Campa\u00f1a masiva de redes sociales con demandas del gremio.<\/li>\n<li>Manifestaciones p\u00fablicas y callejeras el 10 de agosto, en especial una velat\u00f3n a las 19 hrs. frente a edificios gubernamentales.<\/li>\n<li>17 de agosto Paro Nacional con marchas en las capitales regionales.<\/li>\n<li>24 de agosto: manifestaciones p\u00fablicas para conmemorar el D\u00eda Nacional de la Deuda Hist\u00f3rica.<\/li>\n<\/ul>\n<p>A favor: 117 votos; en contra: 7, abstenciones: 16 votos.<\/p>\n<p>\u201cEste Paro Nacional es para demostrar nuestro descontento principalmente con la ley de Nueva Educaci\u00f3n P\u00fablica, que no resuelve los grandes problemas de la educaci\u00f3n chilena, que mantiene la l\u00f3gica de mercado y mantiene adem\u00e1s una grave amenaza de que se produzca una Segunda Deuda Hist\u00f3rica\u201d, dijo Mario Aguilar, Presidente del gremio.<\/p>\n<p>En el primer d\u00eda de la Asamblea Nacional se dio cuenta del estado actual de la organizaci\u00f3n en t\u00e9rminos pol\u00edticos, administrativos y financieros. La jornada estuvo marcada por la aprobaci\u00f3n de un voto pol\u00edtico que rechaza la gesti\u00f3n econ\u00f3mica de la conducci\u00f3n anterior del gremio. El Secretario General, Dar\u00edo V\u00e1squez, resumi\u00f3 esta moci\u00f3n: \u201cLa Asamblea rechaza la gesti\u00f3n de la administraci\u00f3n anterior del Colegio de Profesores y ha recibido informes administrativos y financieros que demuestran grav\u00edsimas situaciones que necesitan ser investigadas con el objeto de dilucidar el alcance del manejo administrativo-financiero, y de arrojar situaciones de dolo o fraude el Directorio Nacional seguir\u00e1 las acciones judiciales pertinentes. Esto debe realizarse en el menor plazo posible.\u201d A favor de este voto estuvieron 149 asamble\u00edstas, 23 en contra y 1 se abstuvo.<\/p>\n<p>Previo a ello, el Tesorero Nacional rindi\u00f3 su cuenta, la que se refiri\u00f3 a la gesti\u00f3n de la administraci\u00f3n anterior del Gremio Docente; le sigui\u00f3 la presentaci\u00f3n de la Comisi\u00f3n Revisora de Cuentas, elegida en la Asamblea Nacional desarrollada en enero; y el Informe de la Auditor\u00eda Externa contratada al inicio del per\u00edodo de la actual Mesa Directiva del Profesorado. Las tres exposiciones coincidieron en mostrar serias deficiencias de administraci\u00f3n y cifraron el d\u00e9ficit del Colegio de Profesores en m\u00e1s de tres mil millones de pesos. Los tres informes fueron aprobados con 149 votos a favor, 6 de rechazo y 7 abstenciones.<\/p>\n<p>La sesi\u00f3n se inici\u00f3 con la Cuenta del Presidente del Magisterio, Mario Aguilar, quien inform\u00f3 de las reuniones con actores sociales y pol\u00edticos, la situaci\u00f3n administrativa de la organizaci\u00f3n, y el estado financiero global del gremio. Su cuenta fue aprobada con 143 votos a favor, 33 en contra y 6 abstenciones.<\/p>\n<p>&nbsp;<\/p>\n","protected":false},"excerpt":{"rendered":"<p>La Asamblea Nacional del Magisterio aprob\u00f3 convocatoria a paralizaci\u00f3n de actividades en todo el pa\u00eds el pr\u00f3ximo 17 de agosto, en rechazo al proyecto de ley de Nueva Educaci\u00f3n P\u00fablica (NEP) y en protesta por las deudas que mantienen diversos&hellip;<\/p>\n","protected":false},"author":43,"featured_media":499319,"comment_status":"closed","ping_status":"closed","sticky":false,"template":"","format":"standard","meta":{"footnotes":""},"categories":[149,11389,1230,67],"tags":[31339,38747,24371],"class_list":["post-499318","post","type-post","status-publish","format-standard","has-post-thumbnail","hentry","category-comunicados-de-prensa","category-contenido-original","category-educacion-tema","category-sudamerica","tag-colegio-de-profesores-de-chile","tag-nueva-educacion-publica","tag-paro-nacional"],"yoast_head":"<!-- This site is optimized with the Yoast SEO plugin v27.1.1 - https:\/\/yoast.com\/product\/yoast-seo-wordpress\/ -->\n<title>Chile: Colegio de Profesores convoca a paro nacional en rechazo a la NEP<\/title>\n<meta name=\"description\" content=\"La Asamblea Nacional del Magisterio aprob\u00f3 convocatoria a paralizaci\u00f3n de actividades en todo el pa\u00eds el pr\u00f3ximo 17 de agosto, en rechazo al proyecto de\" \/>\n<meta name=\"robots\" content=\"index, follow, max-snippet:-1, max-image-preview:large, max-video-preview:-1\" \/>\n<link rel=\"canonical\" href=\"https:\/\/www.pressenza.com\/es\/2017\/08\/chile-colegio-profesores-convoca-paro-nacional-rechazo-la-nep\/\" \/>\n<meta property=\"og:locale\" content=\"es_ES\" \/>\n<meta property=\"og:type\" content=\"article\" \/>\n<meta property=\"og:title\" content=\"Chile: Colegio de Profesores convoca a paro nacional en rechazo a la NEP\" \/>\n<meta property=\"og:description\" content=\"La Asamblea Nacional del Magisterio aprob\u00f3 convocatoria a paralizaci\u00f3n de actividades en todo el pa\u00eds el pr\u00f3ximo 17 de agosto, en rechazo al proyecto de\" \/>\n<meta property=\"og:url\" content=\"https:\/\/www.pressenza.com\/es\/2017\/08\/chile-colegio-profesores-convoca-paro-nacional-rechazo-la-nep\/\" \/>\n<meta property=\"og:site_name\" content=\"Pressenza\" \/>\n<meta property=\"article:publisher\" content=\"https:\/\/www.facebook.com\/PressenzaItalia\" \/>\n<meta property=\"article:author\" content=\"https:\/\/www.facebook.com\/pressenza\" \/>\n<meta property=\"article:published_time\" content=\"2017-08-05T20:01:03+00:00\" \/>\n<meta property=\"og:image\" content=\"https:\/\/www.pressenza.com\/wp-content\/uploads\/2017\/08\/Profes.jpg\" \/>\n\t<meta property=\"og:image:width\" content=\"1030\" \/>\n\t<meta property=\"og:image:height\" content=\"687\" \/>\n\t<meta property=\"og:image:type\" content=\"image\/jpeg\" \/>\n<meta name=\"author\" content=\"Redacci\u00f3n Chile\" \/>\n<meta name=\"twitter:card\" content=\"summary_large_image\" \/>\n<meta name=\"twitter:creator\" content=\"@pressenza\" \/>\n<meta name=\"twitter:site\" content=\"@PressenzaIPA\" \/>\n<meta name=\"twitter:label1\" content=\"Escrito por\" \/>\n\t<meta name=\"twitter:data1\" content=\"Redacci\u00f3n Chile\" \/>\n\t<meta name=\"twitter:label2\" content=\"Tiempo de lectura\" \/>\n\t<meta name=\"twitter:data2\" content=\"4 minutos\" \/>\n<script type=\"application\/ld+json\" class=\"yoast-schema-graph\">{\"@context\":\"https:\/\/schema.org\",\"@graph\":[{\"@type\":\"Article\",\"@id\":\"https:\/\/www.pressenza.com\/es\/2017\/08\/chile-colegio-profesores-convoca-paro-nacional-rechazo-la-nep\/#article\",\"isPartOf\":{\"@id\":\"https:\/\/www.pressenza.com\/es\/2017\/08\/chile-colegio-profesores-convoca-paro-nacional-rechazo-la-nep\/\"},\"author\":{\"name\":\"Redacci\u00f3n Chile\",\"@id\":\"https:\/\/www.pressenza.com\/es\/#\/schema\/person\/d7db40df35d6698ba69ba9ee260944ed\"},\"headline\":\"Chile: Colegio de Profesores convoca a paro nacional en rechazo a la NEP\",\"datePublished\":\"2017-08-05T20:01:03+00:00\",\"mainEntityOfPage\":{\"@id\":\"https:\/\/www.pressenza.com\/es\/2017\/08\/chile-colegio-profesores-convoca-paro-nacional-rechazo-la-nep\/\"},\"wordCount\":764,\"publisher\":{\"@id\":\"https:\/\/www.pressenza.com\/es\/#organization\"},\"image\":{\"@id\":\"https:\/\/www.pressenza.com\/es\/2017\/08\/chile-colegio-profesores-convoca-paro-nacional-rechazo-la-nep\/#primaryimage\"},\"thumbnailUrl\":\"https:\/\/www.pressenza.com\/wp-content\/uploads\/2017\/08\/Profes.jpg\",\"keywords\":[\"Colegio de Profesores de Chile\",\"Nueva Educaci\u00f3n P\u00fablica\",\"paro nacional\"],\"articleSection\":[\"Comunicados de Prensa\",\"Contenido Original\",\"Educaci\u00f3n\",\"Sudam\u00e9rica\"],\"inLanguage\":\"es\"},{\"@type\":\"WebPage\",\"@id\":\"https:\/\/www.pressenza.com\/es\/2017\/08\/chile-colegio-profesores-convoca-paro-nacional-rechazo-la-nep\/\",\"url\":\"https:\/\/www.pressenza.com\/es\/2017\/08\/chile-colegio-profesores-convoca-paro-nacional-rechazo-la-nep\/\",\"name\":\"Chile: Colegio de Profesores convoca a paro nacional en rechazo a la NEP\",\"isPartOf\":{\"@id\":\"https:\/\/www.pressenza.com\/es\/#website\"},\"primaryImageOfPage\":{\"@id\":\"https:\/\/www.pressenza.com\/es\/2017\/08\/chile-colegio-profesores-convoca-paro-nacional-rechazo-la-nep\/#primaryimage\"},\"image\":{\"@id\":\"https:\/\/www.pressenza.com\/es\/2017\/08\/chile-colegio-profesores-convoca-paro-nacional-rechazo-la-nep\/#primaryimage\"},\"thumbnailUrl\":\"https:\/\/www.pressenza.com\/wp-content\/uploads\/2017\/08\/Profes.jpg\",\"datePublished\":\"2017-08-05T20:01:03+00:00\",\"description\":\"La Asamblea Nacional del Magisterio aprob\u00f3 convocatoria a paralizaci\u00f3n de actividades en todo el pa\u00eds el pr\u00f3ximo 17 de agosto, en rechazo al proyecto de\",\"breadcrumb\":{\"@id\":\"https:\/\/www.pressenza.com\/es\/2017\/08\/chile-colegio-profesores-convoca-paro-nacional-rechazo-la-nep\/#breadcrumb\"},\"inLanguage\":\"es\",\"potentialAction\":[{\"@type\":\"ReadAction\",\"target\":[\"https:\/\/www.pressenza.com\/es\/2017\/08\/chile-colegio-profesores-convoca-paro-nacional-rechazo-la-nep\/\"]}]},{\"@type\":\"ImageObject\",\"inLanguage\":\"es\",\"@id\":\"https:\/\/www.pressenza.com\/es\/2017\/08\/chile-colegio-profesores-convoca-paro-nacional-rechazo-la-nep\/#primaryimage\",\"url\":\"https:\/\/www.pressenza.com\/wp-content\/uploads\/2017\/08\/Profes.jpg\",\"contentUrl\":\"https:\/\/www.pressenza.com\/wp-content\/uploads\/2017\/08\/Profes.jpg\",\"width\":1030,\"height\":687},{\"@type\":\"BreadcrumbList\",\"@id\":\"https:\/\/www.pressenza.com\/es\/2017\/08\/chile-colegio-profesores-convoca-paro-nacional-rechazo-la-nep\/#breadcrumb\",\"itemListElement\":[{\"@type\":\"ListItem\",\"position\":1,\"name\":\"Accueil\",\"item\":\"https:\/\/www.pressenza.com\/es\/\"},{\"@type\":\"ListItem\",\"position\":2,\"name\":\"Chile: Colegio de Profesores convoca a paro nacional en rechazo a la NEP\"}]},{\"@type\":\"WebSite\",\"@id\":\"https:\/\/www.pressenza.com\/es\/#website\",\"url\":\"https:\/\/www.pressenza.com\/es\/\",\"name\":\"Pressenza\",\"description\":\"International Press Agency\",\"publisher\":{\"@id\":\"https:\/\/www.pressenza.com\/es\/#organization\"},\"potentialAction\":[{\"@type\":\"SearchAction\",\"target\":{\"@type\":\"EntryPoint\",\"urlTemplate\":\"https:\/\/www.pressenza.com\/es\/?s={search_term_string}\"},\"query-input\":{\"@type\":\"PropertyValueSpecification\",\"valueRequired\":true,\"valueName\":\"search_term_string\"}}],\"inLanguage\":\"es\"},{\"@type\":\"Organization\",\"@id\":\"https:\/\/www.pressenza.com\/es\/#organization\",\"name\":\"Pressenza\",\"url\":\"https:\/\/www.pressenza.com\/es\/\",\"logo\":{\"@type\":\"ImageObject\",\"inLanguage\":\"es\",\"@id\":\"https:\/\/www.pressenza.com\/es\/#\/schema\/logo\/image\/\",\"url\":\"https:\/\/www.pressenza.com\/wp-content\/uploads\/2022\/10\/pressenza_logo_200x200.jpg\",\"contentUrl\":\"https:\/\/www.pressenza.com\/wp-content\/uploads\/2022\/10\/pressenza_logo_200x200.jpg\",\"width\":200,\"height\":200,\"caption\":\"Pressenza\"},\"image\":{\"@id\":\"https:\/\/www.pressenza.com\/es\/#\/schema\/logo\/image\/\"},\"sameAs\":[\"https:\/\/www.facebook.com\/PressenzaItalia\",\"https:\/\/x.com\/PressenzaIPA\"]},{\"@type\":\"Person\",\"@id\":\"https:\/\/www.pressenza.com\/es\/#\/schema\/person\/d7db40df35d6698ba69ba9ee260944ed\",\"name\":\"Redacci\u00f3n Chile\",\"description\":\"News from the Pressenza Bureau in Chile\",\"sameAs\":[\"https:\/\/www.facebook.com\/pressenza\",\"https:\/\/x.com\/pressenza\"],\"url\":\"https:\/\/www.pressenza.com\/es\/author\/redaccion-chile\/\"}]}<\/script>\n<!-- \/ Yoast SEO plugin. -->","yoast_head_json":{"title":"Chile: Colegio de Profesores convoca a paro nacional en rechazo a la NEP","description":"La Asamblea Nacional del Magisterio aprob\u00f3 convocatoria a paralizaci\u00f3n de actividades en todo el pa\u00eds el pr\u00f3ximo 17 de agosto, en rechazo al proyecto de","robots":{"index":"index","follow":"follow","max-snippet":"max-snippet:-1","max-image-preview":"max-image-preview:large","max-video-preview":"max-video-preview:-1"},"canonical":"https:\/\/www.pressenza.com\/es\/2017\/08\/chile-colegio-profesores-convoca-paro-nacional-rechazo-la-nep\/","og_locale":"es_ES","og_type":"article","og_title":"Chile: Colegio de Profesores convoca a paro nacional en rechazo a la NEP","og_description":"La Asamblea Nacional del Magisterio aprob\u00f3 convocatoria a paralizaci\u00f3n de actividades en todo el pa\u00eds el pr\u00f3ximo 17 de agosto, en rechazo al proyecto de","og_url":"https:\/\/www.pressenza.com\/es\/2017\/08\/chile-colegio-profesores-convoca-paro-nacional-rechazo-la-nep\/","og_site_name":"Pressenza","article_publisher":"https:\/\/www.facebook.com\/PressenzaItalia","article_author":"https:\/\/www.facebook.com\/pressenza","article_published_time":"2017-08-05T20:01:03+00:00","og_image":[{"width":1030,"height":687,"url":"https:\/\/www.pressenza.com\/wp-content\/uploads\/2017\/08\/Profes.jpg","type":"image\/jpeg"}],"author":"Redacci\u00f3n Chile","twitter_card":"summary_large_image","twitter_creator":"@pressenza","twitter_site":"@PressenzaIPA","twitter_misc":{"Escrito por":"Redacci\u00f3n Chile","Tiempo de lectura":"4 minutos"},"schema":{"@context":"https:\/\/schema.org","@graph":[{"@type":"Article","@id":"https:\/\/www.pressenza.com\/es\/2017\/08\/chile-colegio-profesores-convoca-paro-nacional-rechazo-la-nep\/#article","isPartOf":{"@id":"https:\/\/www.pressenza.com\/es\/2017\/08\/chile-colegio-profesores-convoca-paro-nacional-rechazo-la-nep\/"},"author":{"name":"Redacci\u00f3n Chile","@id":"https:\/\/www.pressenza.com\/es\/#\/schema\/person\/d7db40df35d6698ba69ba9ee260944ed"},"headline":"Chile: Colegio de Profesores convoca a paro nacional en rechazo a la NEP","datePublished":"2017-08-05T20:01:03+00:00","mainEntityOfPage":{"@id":"https:\/\/www.pressenza.com\/es\/2017\/08\/chile-colegio-profesores-convoca-paro-nacional-rechazo-la-nep\/"},"wordCount":764,"publisher":{"@id":"https:\/\/www.pressenza.com\/es\/#organization"},"image":{"@id":"https:\/\/www.pressenza.com\/es\/2017\/08\/chile-colegio-profesores-convoca-paro-nacional-rechazo-la-nep\/#primaryimage"},"thumbnailUrl":"https:\/\/www.pressenza.com\/wp-content\/uploads\/2017\/08\/Profes.jpg","keywords":["Colegio de Profesores de Chile","Nueva Educaci\u00f3n P\u00fablica","paro nacional"],"articleSection":["Comunicados de Prensa","Contenido Original","Educaci\u00f3n","Sudam\u00e9rica"],"inLanguage":"es"},{"@type":"WebPage","@id":"https:\/\/www.pressenza.com\/es\/2017\/08\/chile-colegio-profesores-convoca-paro-nacional-rechazo-la-nep\/","url":"https:\/\/www.pressenza.com\/es\/2017\/08\/chile-colegio-profesores-convoca-paro-nacional-rechazo-la-nep\/","name":"Chile: Colegio de Profesores convoca a paro nacional en rechazo a la NEP","isPartOf":{"@id":"https:\/\/www.pressenza.com\/es\/#website"},"primaryImageOfPage":{"@id":"https:\/\/www.pressenza.com\/es\/2017\/08\/chile-colegio-profesores-convoca-paro-nacional-rechazo-la-nep\/#primaryimage"},"image":{"@id":"https:\/\/www.pressenza.com\/es\/2017\/08\/chile-colegio-profesores-convoca-paro-nacional-rechazo-la-nep\/#primaryimage"},"thumbnailUrl":"https:\/\/www.pressenza.com\/wp-content\/uploads\/2017\/08\/Profes.jpg","datePublished":"2017-08-05T20:01:03+00:00","description":"La Asamblea Nacional del Magisterio aprob\u00f3 convocatoria a paralizaci\u00f3n de actividades en todo el pa\u00eds el pr\u00f3ximo 17 de agosto, en rechazo al proyecto de","breadcrumb":{"@id":"https:\/\/www.pressenza.com\/es\/2017\/08\/chile-colegio-profesores-convoca-paro-nacional-rechazo-la-nep\/#breadcrumb"},"inLanguage":"es","potentialAction":[{"@type":"ReadAction","target":["https:\/\/www.pressenza.com\/es\/2017\/08\/chile-colegio-profesores-convoca-paro-nacional-rechazo-la-nep\/"]}]},{"@type":"ImageObject","inLanguage":"es","@id":"https:\/\/www.pressenza.com\/es\/2017\/08\/chile-colegio-profesores-convoca-paro-nacional-rechazo-la-nep\/#primaryimage","url":"https:\/\/www.pressenza.com\/wp-content\/uploads\/2017\/08\/Profes.jpg","contentUrl":"https:\/\/www.pressenza.com\/wp-content\/uploads\/2017\/08\/Profes.jpg","width":1030,"height":687},{"@type":"BreadcrumbList","@id":"https:\/\/www.pressenza.com\/es\/2017\/08\/chile-colegio-profesores-convoca-paro-nacional-rechazo-la-nep\/#breadcrumb","itemListElement":[{"@type":"ListItem","position":1,"name":"Accueil","item":"https:\/\/www.pressenza.com\/es\/"},{"@type":"ListItem","position":2,"name":"Chile: Colegio de Profesores convoca a paro nacional en rechazo a la NEP"}]},{"@type":"WebSite","@id":"https:\/\/www.pressenza.com\/es\/#website","url":"https:\/\/www.pressenza.com\/es\/","name":"Pressenza","description":"International Press Agency","publisher":{"@id":"https:\/\/www.pressenza.com\/es\/#organization"},"potentialAction":[{"@type":"SearchAction","target":{"@type":"EntryPoint","urlTemplate":"https:\/\/www.pressenza.com\/es\/?s={search_term_string}"},"query-input":{"@type":"PropertyValueSpecification","valueRequired":true,"valueName":"search_term_string"}}],"inLanguage":"es"},{"@type":"Organization","@id":"https:\/\/www.pressenza.com\/es\/#organization","name":"Pressenza","url":"https:\/\/www.pressenza.com\/es\/","logo":{"@type":"ImageObject","inLanguage":"es","@id":"https:\/\/www.pressenza.com\/es\/#\/schema\/logo\/image\/","url":"https:\/\/www.pressenza.com\/wp-content\/uploads\/2022\/10\/pressenza_logo_200x200.jpg","contentUrl":"https:\/\/www.pressenza.com\/wp-content\/uploads\/2022\/10\/pressenza_logo_200x200.jpg","width":200,"height":200,"caption":"Pressenza"},"image":{"@id":"https:\/\/www.pressenza.com\/es\/#\/schema\/logo\/image\/"},"sameAs":["https:\/\/www.facebook.com\/PressenzaItalia","https:\/\/x.com\/PressenzaIPA"]},{"@type":"Person","@id":"https:\/\/www.pressenza.com\/es\/#\/schema\/person\/d7db40df35d6698ba69ba9ee260944ed","name":"Redacci\u00f3n Chile","description":"News from the Pressenza Bureau in Chile","sameAs":["https:\/\/www.facebook.com\/pressenza","https:\/\/x.com\/pressenza"],"url":"https:\/\/www.pressenza.com\/es\/author\/redaccion-chile\/"}]}},"place":"Santiago de Chile","original_article_url":"","_links":{"self":[{"href":"https:\/\/www.pressenza.com\/es\/wp-json\/wp\/v2\/posts\/499318","targetHints":{"allow":["GET"]}}],"collection":[{"href":"https:\/\/www.pressenza.com\/es\/wp-json\/wp\/v2\/posts"}],"about":[{"href":"https:\/\/www.pressenza.com\/es\/wp-json\/wp\/v2\/types\/post"}],"author":[{"embeddable":true,"href":"https:\/\/www.pressenza.com\/es\/wp-json\/wp\/v2\/users\/43"}],"replies":[{"embeddable":true,"href":"https:\/\/www.pressenza.com\/es\/wp-json\/wp\/v2\/comments?post=499318"}],"version-history":[{"count":0,"href":"https:\/\/www.pressenza.com\/es\/wp-json\/wp\/v2\/posts\/499318\/revisions"}],"wp:featuredmedia":[{"embeddable":true,"href":"https:\/\/www.pressenza.com\/es\/wp-json\/wp\/v2\/media\/499319"}],"wp:attachment":[{"href":"https:\/\/www.pressenza.com\/es\/wp-json\/wp\/v2\/media?parent=499318"}],"wp:term":[{"taxonomy":"category","embeddable":true,"href":"https:\/\/www.pressenza.com\/es\/wp-json\/wp\/v2\/categories?post=499318"},{"taxonomy":"post_tag","embeddable":true,"href":"https:\/\/www.pressenza.com\/es\/wp-json\/wp\/v2\/tags?post=499318"}],"curies":[{"name":"wp","href":"https:\/\/api.w.org\/{rel}","templated":true}]}}