{"id":498945,"date":"2017-08-04T14:23:34","date_gmt":"2017-08-04T13:23:34","guid":{"rendered":"https:\/\/www.pressenza.com\/?p=498945\/"},"modified":"2017-08-04T14:23:34","modified_gmt":"2017-08-04T13:23:34","slug":"las-sequias-no-se-resuelven-medidas-urgentes-sino-prevencion-planificacion","status":"publish","type":"post","link":"https:\/\/www.pressenza.com\/es\/2017\/08\/las-sequias-no-se-resuelven-medidas-urgentes-sino-prevencion-planificacion\/","title":{"rendered":"Las sequ\u00edas no se resuelven con medidas urgentes sino con prevenci\u00f3n y planificaci\u00f3n"},"content":{"rendered":"<blockquote><p><span style=\"font-family: Helvetica,Arial,sans-serif;\"><br \/>\n<\/span> Siete organizaciones representantes de los intereses ambientales en los consejos del agua de las cuencas hidrogr\u00e1ficas espa\u00f1olas, entre las que se encuentra Ecologistas en Acci\u00f3n, se\u00f1alan que el MAPAMA sigue recurriendo a leyes aprobadas por la v\u00eda de urgencia para disimular la mala integraci\u00f3n de las sequ\u00edas en la planificaci\u00f3n hidrol\u00f3gica.<b><\/b><\/p><\/blockquote>\n<p>Ecologistas en Acci\u00f3n, junto a AEMS \u2013 R\u00edos con Vida, Asociaci\u00f3n de Naturalistas del Sureste (ANSE), Coordinadora Ecoloxista d&#8217;Asturies, Fundaci\u00f3n Nueva Cultura del Agua (FNCA), SEO\/Birdlife y WWF Espa\u00f1a, alertan de que las autoridades espa\u00f1olas han vuelto a recurrir a las excepciones y las medidas de urgencia para afrontar el periodo de sequ\u00eda en el que se encuentran algunas regiones desde 2015.<\/p>\n<p>El Ministerio de Agricultura, Pesca, Alimentaci\u00f3n y Medio Ambiente (MAPAMA) ha aprobado recientemente el <a href=\"https:\/\/www.boe.es\/diario_boe\/txt.php?id=BOE-A-2017-6578\" target=\"_blank\" rel=\"noopener noreferrer\" data-saferedirecturl=\"https:\/\/www.google.com\/url?hl=es&amp;q=https:\/\/www.boe.es\/diario_boe\/txt.php?id%3DBOE-A-2017-6578&amp;source=gmail&amp;ust=1501928112128000&amp;usg=AFQjCNHb1KB9t_8cewn8uRZnrV_nqiq_Lw\">Real Decreto Ley 10\/2017<\/a> por el que se adoptan medidas urgentes para paliar los efectos producidos por la sequ\u00eda en determinadas cuencas hidrogr\u00e1ficas, as\u00ed como los distintos Reales Decretos de sequ\u00eda y sus sucesivas pr\u00f3rrogas, con el objetivo de seguir gestionando estas circunstancias como si fueran &#8216;excepcionales&#8217;. Sin embargo, las sequ\u00edas son fen\u00f3menos naturales y recurrentes en ambientes mediterr\u00e1neos como el propio de la mayor parte de Espa\u00f1a. El cambio clim\u00e1tico va a hacer que estos fen\u00f3menos sean cada vez m\u00e1s frecuentes e intensos, incluso en territorios como la Espa\u00f1a h\u00fameda, lo que agravar\u00e1 las situaciones de escasez de recursos h\u00eddricos que hoy en d\u00eda ya padecemos.<\/p>\n<p>Ante este escenario, Ecologistas en Acci\u00f3n, como parte de las organizaciones con intereses ambientales que forman parte de los diferentes consejos del agua de las demarcaciones hidrogr\u00e1ficas y del propio Consejo Nacional del Agua, considera que el MAPAMA debe dar un giro en la forma de abordar estos fen\u00f3menos extremos, a trav\u00e9s de su integraci\u00f3n y prevenci\u00f3n, como parte de la planificaci\u00f3n hidrol\u00f3gica ordinaria.<\/p>\n<p>Las organizaciones ambientales consideran que los planes hidrol\u00f3gicos de demarcaci\u00f3n tienen que ser los instrumentos en los que se integren todas las medidas necesarias para la gesti\u00f3n del agua, incluidas aquellas para la gesti\u00f3n de las recurrentes sequ\u00edas, basadas en la protecci\u00f3n de los ecosistemas acu\u00e1ticos y acu\u00edferos para las generaciones futuras, tal y como requiere la Directiva Marco del Agua. De acuerdo con el principio de precauci\u00f3n, los planes hidrol\u00f3gicos deber\u00edan estimar los recursos previsibles y su evoluci\u00f3n en el tiempo. En base a estos c\u00e1lculos, habr\u00eda que adaptar las demandas, previendo que el uso de los recursos en periodos de pluviometr\u00eda media o alta deje margen para asegurar reservas suficientes en periodos de sequ\u00eda.<\/p>\n<p>Estos criterios no se est\u00e1n siguiendo, m\u00e1s bien se est\u00e1 realizando todo lo contrario. Se da continuidad a un sistema que mantiene las demandas por encima de su propia capacidad, poniendo en riesgo el futuro de nuestros r\u00edos, humedales y acu\u00edferos, pero tambi\u00e9n la disponibilidad de recursos para los distintos usuarios del agua. Una situaci\u00f3n que se intensifica en estos periodos de sequ\u00eda.<\/p>\n<p>Tambi\u00e9n es necesario mejorar el sistema de indicadores que se utilizan en los Planes Especiales de Sequ\u00eda (PES) para declarar un periodo de sequ\u00eda. Actualmente estos indicadores no permiten distinguir entre las &#8216;sequ\u00edas meteorol\u00f3gicas&#8217; (causadas por una disminuci\u00f3n de las precipitaciones por debajo de la media registrada) de las\u00a0 de las &#8216;sequ\u00edas construidas&#8217;, es decir, situaciones de escasez de agua vinculadas a los niveles de los embalses y acu\u00edferos, por lo que dependen en gran medida de qu\u00e9 tipo de gesti\u00f3n (buen o mal uso\/ahorro) del recurso se haya hecho antes y despu\u00e9s de que las lluvias disminuyan<\/p>\n<p>Ecologistas en Acci\u00f3n, AEMS \u2013 R\u00edos con Vida, Asociaci\u00f3n de Naturalistas del Sureste (ANSE), Coordinadora Ecoloxista d&#8217;Asturies, Fundaci\u00f3n Nueva Cultura del Agua (FNCA), SEO\/Birdlife y WWF Espa\u00f1a exigen al MAPAMA que asuma las responsabilidades de mejorar nuestra capacidad de adaptaci\u00f3n ante las sequ\u00edas, planteando una gesti\u00f3n hidrol\u00f3gica que verdaderamente incorpore este fen\u00f3meno natural, para prevenir y minimizar sus consecuencias a trav\u00e9s de una adecuada gesti\u00f3n de la demanda del agua.<\/p>\n<p>Estos fen\u00f3menos extremos tienen que estar contemplados dentro de la planificaci\u00f3n hidrol\u00f3gica general y no asumir que se trata de situaciones excepcionales que tienen que ser gestionadas a golpe de decretos de sequ\u00eda urgentes, sin transparencia y participaci\u00f3n de la sociedad al no ser sometidas a la consulta de los miembros del Consejo Nacional del Agua. No podemos permitirnos que los <a href=\"http:\/\/www.mapama.gob.es\/es\/agua\/temas\/observatorio-nacional-de-la-sequia\/planificacion-gestion-sequias\/Observatorio_Nacional_Sequia_3_1_planes_especiales_sequia.aspx\" target=\"_blank\" rel=\"noopener noreferrer\" data-saferedirecturl=\"https:\/\/www.google.com\/url?hl=es&amp;q=http:\/\/www.mapama.gob.es\/es\/agua\/temas\/observatorio-nacional-de-la-sequia\/planificacion-gestion-sequias\/Observatorio_Nacional_Sequia_3_1_planes_especiales_sequia.aspx&amp;source=gmail&amp;ust=1501928112128000&amp;usg=AFQjCNE-8sZiu0BGfaPiIR2lCKIIYCXpUA\">Planes Especiales de Sequ\u00eda<\/a> se conviertan en un problema, por las excepciones que plantean, en lugar de ser la soluci\u00f3n contemplada dentro de la Planificaci\u00f3n Hidrol\u00f3gica.<br \/>\n<span style=\"font-family: Helvetica,Arial,sans-serif;\"><br \/>\n<\/span><\/p>\n","protected":false},"excerpt":{"rendered":"<p>Siete organizaciones representantes de los intereses ambientales en los consejos del agua de las cuencas hidrogr\u00e1ficas espa\u00f1olas, entre las que se encuentra Ecologistas en Acci\u00f3n, se\u00f1alan que el MAPAMA sigue recurriendo a leyes aprobadas por la v\u00eda de urgencia para&hellip;<\/p>\n","protected":false},"author":94,"featured_media":498948,"comment_status":"closed","ping_status":"closed","sticky":false,"template":"","format":"standard","meta":{"footnotes":""},"categories":[149,78],"tags":[39277,39278,39279,21126,1065,39280,39281,18922,39282],"class_list":["post-498945","post","type-post","status-publish","format-standard","has-post-thumbnail","hentry","category-comunicados-de-prensa","category-medio-ambiente-ecologia","tag-aems-rios-con-vida","tag-asociacion-de-naturalistas-del-sureste-anse","tag-coordinadora-ecoloxista-dasturies","tag-ecologistas-en-accion","tag-espana","tag-fundacion-nueva-cultura-del-agua-fnca","tag-seobirdlife","tag-sequia","tag-wwf-espana"],"yoast_head":"<!-- This site is optimized with the Yoast SEO plugin v27.1.1 - https:\/\/yoast.com\/product\/yoast-seo-wordpress\/ -->\n<title>Las sequ\u00edas no se resuelven con medidas urgentes sino con prevenci\u00f3n y planificaci\u00f3n<\/title>\n<meta name=\"description\" content=\"Siete organizaciones representantes de los intereses ambientales en los consejos del agua de las cuencas hidrogr\u00e1ficas espa\u00f1olas, entre las que se\" \/>\n<meta name=\"robots\" content=\"index, follow, max-snippet:-1, max-image-preview:large, max-video-preview:-1\" \/>\n<link rel=\"canonical\" href=\"https:\/\/www.pressenza.com\/es\/2017\/08\/las-sequias-no-se-resuelven-medidas-urgentes-sino-prevencion-planificacion\/\" \/>\n<meta property=\"og:locale\" content=\"es_ES\" \/>\n<meta property=\"og:type\" content=\"article\" \/>\n<meta property=\"og:title\" content=\"Las sequ\u00edas no se resuelven con medidas urgentes sino con prevenci\u00f3n y planificaci\u00f3n\" \/>\n<meta property=\"og:description\" content=\"Siete organizaciones representantes de los intereses ambientales en los consejos del agua de las cuencas hidrogr\u00e1ficas espa\u00f1olas, entre las que se\" \/>\n<meta property=\"og:url\" content=\"https:\/\/www.pressenza.com\/es\/2017\/08\/las-sequias-no-se-resuelven-medidas-urgentes-sino-prevencion-planificacion\/\" \/>\n<meta property=\"og:site_name\" content=\"Pressenza\" \/>\n<meta property=\"article:publisher\" content=\"https:\/\/www.facebook.com\/PressenzaItalia\" \/>\n<meta property=\"article:author\" content=\"https:\/\/www.facebook.com\/pressenza\" \/>\n<meta property=\"article:published_time\" content=\"2017-08-04T13:23:34+00:00\" \/>\n<meta property=\"og:image\" content=\"https:\/\/www.pressenza.com\/wp-content\/uploads\/2017\/08\/Sequ--a.jpg\" \/>\n\t<meta property=\"og:image:width\" content=\"1200\" \/>\n\t<meta property=\"og:image:height\" content=\"900\" \/>\n\t<meta property=\"og:image:type\" content=\"image\/jpeg\" \/>\n<meta name=\"author\" content=\"Redacci\u00f3n Madrid\" \/>\n<meta name=\"twitter:card\" content=\"summary_large_image\" \/>\n<meta name=\"twitter:creator\" content=\"@pressenza\" \/>\n<meta name=\"twitter:site\" content=\"@PressenzaIPA\" \/>\n<meta name=\"twitter:label1\" content=\"Escrito por\" \/>\n\t<meta name=\"twitter:data1\" content=\"Redacci\u00f3n Madrid\" \/>\n\t<meta name=\"twitter:label2\" content=\"Tiempo de lectura\" \/>\n\t<meta name=\"twitter:data2\" content=\"4 minutos\" \/>\n<script type=\"application\/ld+json\" class=\"yoast-schema-graph\">{\"@context\":\"https:\/\/schema.org\",\"@graph\":[{\"@type\":\"Article\",\"@id\":\"https:\/\/www.pressenza.com\/es\/2017\/08\/las-sequias-no-se-resuelven-medidas-urgentes-sino-prevencion-planificacion\/#article\",\"isPartOf\":{\"@id\":\"https:\/\/www.pressenza.com\/es\/2017\/08\/las-sequias-no-se-resuelven-medidas-urgentes-sino-prevencion-planificacion\/\"},\"author\":{\"name\":\"Redacci\u00f3n Madrid\",\"@id\":\"https:\/\/www.pressenza.com\/es\/#\/schema\/person\/828fc40eeca2ad7be3630e5a46adba94\"},\"headline\":\"Las sequ\u00edas no se resuelven con medidas urgentes sino con prevenci\u00f3n y planificaci\u00f3n\",\"datePublished\":\"2017-08-04T13:23:34+00:00\",\"mainEntityOfPage\":{\"@id\":\"https:\/\/www.pressenza.com\/es\/2017\/08\/las-sequias-no-se-resuelven-medidas-urgentes-sino-prevencion-planificacion\/\"},\"wordCount\":843,\"publisher\":{\"@id\":\"https:\/\/www.pressenza.com\/es\/#organization\"},\"image\":{\"@id\":\"https:\/\/www.pressenza.com\/es\/2017\/08\/las-sequias-no-se-resuelven-medidas-urgentes-sino-prevencion-planificacion\/#primaryimage\"},\"thumbnailUrl\":\"https:\/\/www.pressenza.com\/wp-content\/uploads\/2017\/08\/Sequ--a.jpg\",\"keywords\":[\"AEMS \u2013 R\u00edos con Vida\",\"Asociaci\u00f3n de Naturalistas del Sureste (ANSE)\",\"Coordinadora Ecoloxista d'Asturies\",\"Ecologistas en Acci\u00f3n\",\"Espa\u00f1a\",\"Fundaci\u00f3n Nueva Cultura del Agua (FNCA)\",\"SEO\/Birdlife\",\"sequ\u00eda\",\"WWF Espa\u00f1a\"],\"articleSection\":[\"Comunicados de Prensa\",\"Ecolog\u00eda y Medio Ambiente\"],\"inLanguage\":\"es\"},{\"@type\":\"WebPage\",\"@id\":\"https:\/\/www.pressenza.com\/es\/2017\/08\/las-sequias-no-se-resuelven-medidas-urgentes-sino-prevencion-planificacion\/\",\"url\":\"https:\/\/www.pressenza.com\/es\/2017\/08\/las-sequias-no-se-resuelven-medidas-urgentes-sino-prevencion-planificacion\/\",\"name\":\"Las sequ\u00edas no se resuelven con medidas urgentes sino con prevenci\u00f3n y planificaci\u00f3n\",\"isPartOf\":{\"@id\":\"https:\/\/www.pressenza.com\/es\/#website\"},\"primaryImageOfPage\":{\"@id\":\"https:\/\/www.pressenza.com\/es\/2017\/08\/las-sequias-no-se-resuelven-medidas-urgentes-sino-prevencion-planificacion\/#primaryimage\"},\"image\":{\"@id\":\"https:\/\/www.pressenza.com\/es\/2017\/08\/las-sequias-no-se-resuelven-medidas-urgentes-sino-prevencion-planificacion\/#primaryimage\"},\"thumbnailUrl\":\"https:\/\/www.pressenza.com\/wp-content\/uploads\/2017\/08\/Sequ--a.jpg\",\"datePublished\":\"2017-08-04T13:23:34+00:00\",\"description\":\"Siete organizaciones representantes de los intereses ambientales en los consejos del agua de las cuencas hidrogr\u00e1ficas espa\u00f1olas, entre las que se\",\"breadcrumb\":{\"@id\":\"https:\/\/www.pressenza.com\/es\/2017\/08\/las-sequias-no-se-resuelven-medidas-urgentes-sino-prevencion-planificacion\/#breadcrumb\"},\"inLanguage\":\"es\",\"potentialAction\":[{\"@type\":\"ReadAction\",\"target\":[\"https:\/\/www.pressenza.com\/es\/2017\/08\/las-sequias-no-se-resuelven-medidas-urgentes-sino-prevencion-planificacion\/\"]}]},{\"@type\":\"ImageObject\",\"inLanguage\":\"es\",\"@id\":\"https:\/\/www.pressenza.com\/es\/2017\/08\/las-sequias-no-se-resuelven-medidas-urgentes-sino-prevencion-planificacion\/#primaryimage\",\"url\":\"https:\/\/www.pressenza.com\/wp-content\/uploads\/2017\/08\/Sequ--a.jpg\",\"contentUrl\":\"https:\/\/www.pressenza.com\/wp-content\/uploads\/2017\/08\/Sequ--a.jpg\",\"width\":1200,\"height\":900},{\"@type\":\"BreadcrumbList\",\"@id\":\"https:\/\/www.pressenza.com\/es\/2017\/08\/las-sequias-no-se-resuelven-medidas-urgentes-sino-prevencion-planificacion\/#breadcrumb\",\"itemListElement\":[{\"@type\":\"ListItem\",\"position\":1,\"name\":\"Accueil\",\"item\":\"https:\/\/www.pressenza.com\/es\/\"},{\"@type\":\"ListItem\",\"position\":2,\"name\":\"Las sequ\u00edas no se resuelven con medidas urgentes sino con prevenci\u00f3n y planificaci\u00f3n\"}]},{\"@type\":\"WebSite\",\"@id\":\"https:\/\/www.pressenza.com\/es\/#website\",\"url\":\"https:\/\/www.pressenza.com\/es\/\",\"name\":\"Pressenza\",\"description\":\"International Press Agency\",\"publisher\":{\"@id\":\"https:\/\/www.pressenza.com\/es\/#organization\"},\"potentialAction\":[{\"@type\":\"SearchAction\",\"target\":{\"@type\":\"EntryPoint\",\"urlTemplate\":\"https:\/\/www.pressenza.com\/es\/?s={search_term_string}\"},\"query-input\":{\"@type\":\"PropertyValueSpecification\",\"valueRequired\":true,\"valueName\":\"search_term_string\"}}],\"inLanguage\":\"es\"},{\"@type\":\"Organization\",\"@id\":\"https:\/\/www.pressenza.com\/es\/#organization\",\"name\":\"Pressenza\",\"url\":\"https:\/\/www.pressenza.com\/es\/\",\"logo\":{\"@type\":\"ImageObject\",\"inLanguage\":\"es\",\"@id\":\"https:\/\/www.pressenza.com\/es\/#\/schema\/logo\/image\/\",\"url\":\"https:\/\/www.pressenza.com\/wp-content\/uploads\/2022\/10\/pressenza_logo_200x200.jpg\",\"contentUrl\":\"https:\/\/www.pressenza.com\/wp-content\/uploads\/2022\/10\/pressenza_logo_200x200.jpg\",\"width\":200,\"height\":200,\"caption\":\"Pressenza\"},\"image\":{\"@id\":\"https:\/\/www.pressenza.com\/es\/#\/schema\/logo\/image\/\"},\"sameAs\":[\"https:\/\/www.facebook.com\/PressenzaItalia\",\"https:\/\/x.com\/PressenzaIPA\"]},{\"@type\":\"Person\",\"@id\":\"https:\/\/www.pressenza.com\/es\/#\/schema\/person\/828fc40eeca2ad7be3630e5a46adba94\",\"name\":\"Redacci\u00f3n Madrid\",\"description\":\"News from the Pressenza Bureau in Madrid, Spain\",\"sameAs\":[\"https:\/\/www.facebook.com\/pressenza\",\"https:\/\/x.com\/pressenza\"],\"url\":\"https:\/\/www.pressenza.com\/es\/author\/redaccion-madrid\/\"}]}<\/script>\n<!-- \/ Yoast SEO plugin. -->","yoast_head_json":{"title":"Las sequ\u00edas no se resuelven con medidas urgentes sino con prevenci\u00f3n y planificaci\u00f3n","description":"Siete organizaciones representantes de los intereses ambientales en los consejos del agua de las cuencas hidrogr\u00e1ficas espa\u00f1olas, entre las que se","robots":{"index":"index","follow":"follow","max-snippet":"max-snippet:-1","max-image-preview":"max-image-preview:large","max-video-preview":"max-video-preview:-1"},"canonical":"https:\/\/www.pressenza.com\/es\/2017\/08\/las-sequias-no-se-resuelven-medidas-urgentes-sino-prevencion-planificacion\/","og_locale":"es_ES","og_type":"article","og_title":"Las sequ\u00edas no se resuelven con medidas urgentes sino con prevenci\u00f3n y planificaci\u00f3n","og_description":"Siete organizaciones representantes de los intereses ambientales en los consejos del agua de las cuencas hidrogr\u00e1ficas espa\u00f1olas, entre las que se","og_url":"https:\/\/www.pressenza.com\/es\/2017\/08\/las-sequias-no-se-resuelven-medidas-urgentes-sino-prevencion-planificacion\/","og_site_name":"Pressenza","article_publisher":"https:\/\/www.facebook.com\/PressenzaItalia","article_author":"https:\/\/www.facebook.com\/pressenza","article_published_time":"2017-08-04T13:23:34+00:00","og_image":[{"width":1200,"height":900,"url":"https:\/\/www.pressenza.com\/wp-content\/uploads\/2017\/08\/Sequ--a.jpg","type":"image\/jpeg"}],"author":"Redacci\u00f3n Madrid","twitter_card":"summary_large_image","twitter_creator":"@pressenza","twitter_site":"@PressenzaIPA","twitter_misc":{"Escrito por":"Redacci\u00f3n Madrid","Tiempo de lectura":"4 minutos"},"schema":{"@context":"https:\/\/schema.org","@graph":[{"@type":"Article","@id":"https:\/\/www.pressenza.com\/es\/2017\/08\/las-sequias-no-se-resuelven-medidas-urgentes-sino-prevencion-planificacion\/#article","isPartOf":{"@id":"https:\/\/www.pressenza.com\/es\/2017\/08\/las-sequias-no-se-resuelven-medidas-urgentes-sino-prevencion-planificacion\/"},"author":{"name":"Redacci\u00f3n Madrid","@id":"https:\/\/www.pressenza.com\/es\/#\/schema\/person\/828fc40eeca2ad7be3630e5a46adba94"},"headline":"Las sequ\u00edas no se resuelven con medidas urgentes sino con prevenci\u00f3n y planificaci\u00f3n","datePublished":"2017-08-04T13:23:34+00:00","mainEntityOfPage":{"@id":"https:\/\/www.pressenza.com\/es\/2017\/08\/las-sequias-no-se-resuelven-medidas-urgentes-sino-prevencion-planificacion\/"},"wordCount":843,"publisher":{"@id":"https:\/\/www.pressenza.com\/es\/#organization"},"image":{"@id":"https:\/\/www.pressenza.com\/es\/2017\/08\/las-sequias-no-se-resuelven-medidas-urgentes-sino-prevencion-planificacion\/#primaryimage"},"thumbnailUrl":"https:\/\/www.pressenza.com\/wp-content\/uploads\/2017\/08\/Sequ--a.jpg","keywords":["AEMS \u2013 R\u00edos con Vida","Asociaci\u00f3n de Naturalistas del Sureste (ANSE)","Coordinadora Ecoloxista d'Asturies","Ecologistas en Acci\u00f3n","Espa\u00f1a","Fundaci\u00f3n Nueva Cultura del Agua (FNCA)","SEO\/Birdlife","sequ\u00eda","WWF Espa\u00f1a"],"articleSection":["Comunicados de Prensa","Ecolog\u00eda y Medio Ambiente"],"inLanguage":"es"},{"@type":"WebPage","@id":"https:\/\/www.pressenza.com\/es\/2017\/08\/las-sequias-no-se-resuelven-medidas-urgentes-sino-prevencion-planificacion\/","url":"https:\/\/www.pressenza.com\/es\/2017\/08\/las-sequias-no-se-resuelven-medidas-urgentes-sino-prevencion-planificacion\/","name":"Las sequ\u00edas no se resuelven con medidas urgentes sino con prevenci\u00f3n y planificaci\u00f3n","isPartOf":{"@id":"https:\/\/www.pressenza.com\/es\/#website"},"primaryImageOfPage":{"@id":"https:\/\/www.pressenza.com\/es\/2017\/08\/las-sequias-no-se-resuelven-medidas-urgentes-sino-prevencion-planificacion\/#primaryimage"},"image":{"@id":"https:\/\/www.pressenza.com\/es\/2017\/08\/las-sequias-no-se-resuelven-medidas-urgentes-sino-prevencion-planificacion\/#primaryimage"},"thumbnailUrl":"https:\/\/www.pressenza.com\/wp-content\/uploads\/2017\/08\/Sequ--a.jpg","datePublished":"2017-08-04T13:23:34+00:00","description":"Siete organizaciones representantes de los intereses ambientales en los consejos del agua de las cuencas hidrogr\u00e1ficas espa\u00f1olas, entre las que se","breadcrumb":{"@id":"https:\/\/www.pressenza.com\/es\/2017\/08\/las-sequias-no-se-resuelven-medidas-urgentes-sino-prevencion-planificacion\/#breadcrumb"},"inLanguage":"es","potentialAction":[{"@type":"ReadAction","target":["https:\/\/www.pressenza.com\/es\/2017\/08\/las-sequias-no-se-resuelven-medidas-urgentes-sino-prevencion-planificacion\/"]}]},{"@type":"ImageObject","inLanguage":"es","@id":"https:\/\/www.pressenza.com\/es\/2017\/08\/las-sequias-no-se-resuelven-medidas-urgentes-sino-prevencion-planificacion\/#primaryimage","url":"https:\/\/www.pressenza.com\/wp-content\/uploads\/2017\/08\/Sequ--a.jpg","contentUrl":"https:\/\/www.pressenza.com\/wp-content\/uploads\/2017\/08\/Sequ--a.jpg","width":1200,"height":900},{"@type":"BreadcrumbList","@id":"https:\/\/www.pressenza.com\/es\/2017\/08\/las-sequias-no-se-resuelven-medidas-urgentes-sino-prevencion-planificacion\/#breadcrumb","itemListElement":[{"@type":"ListItem","position":1,"name":"Accueil","item":"https:\/\/www.pressenza.com\/es\/"},{"@type":"ListItem","position":2,"name":"Las sequ\u00edas no se resuelven con medidas urgentes sino con prevenci\u00f3n y planificaci\u00f3n"}]},{"@type":"WebSite","@id":"https:\/\/www.pressenza.com\/es\/#website","url":"https:\/\/www.pressenza.com\/es\/","name":"Pressenza","description":"International Press Agency","publisher":{"@id":"https:\/\/www.pressenza.com\/es\/#organization"},"potentialAction":[{"@type":"SearchAction","target":{"@type":"EntryPoint","urlTemplate":"https:\/\/www.pressenza.com\/es\/?s={search_term_string}"},"query-input":{"@type":"PropertyValueSpecification","valueRequired":true,"valueName":"search_term_string"}}],"inLanguage":"es"},{"@type":"Organization","@id":"https:\/\/www.pressenza.com\/es\/#organization","name":"Pressenza","url":"https:\/\/www.pressenza.com\/es\/","logo":{"@type":"ImageObject","inLanguage":"es","@id":"https:\/\/www.pressenza.com\/es\/#\/schema\/logo\/image\/","url":"https:\/\/www.pressenza.com\/wp-content\/uploads\/2022\/10\/pressenza_logo_200x200.jpg","contentUrl":"https:\/\/www.pressenza.com\/wp-content\/uploads\/2022\/10\/pressenza_logo_200x200.jpg","width":200,"height":200,"caption":"Pressenza"},"image":{"@id":"https:\/\/www.pressenza.com\/es\/#\/schema\/logo\/image\/"},"sameAs":["https:\/\/www.facebook.com\/PressenzaItalia","https:\/\/x.com\/PressenzaIPA"]},{"@type":"Person","@id":"https:\/\/www.pressenza.com\/es\/#\/schema\/person\/828fc40eeca2ad7be3630e5a46adba94","name":"Redacci\u00f3n Madrid","description":"News from the Pressenza Bureau in Madrid, Spain","sameAs":["https:\/\/www.facebook.com\/pressenza","https:\/\/x.com\/pressenza"],"url":"https:\/\/www.pressenza.com\/es\/author\/redaccion-madrid\/"}]}},"place":"Madrid","original_article_url":"","_links":{"self":[{"href":"https:\/\/www.pressenza.com\/es\/wp-json\/wp\/v2\/posts\/498945","targetHints":{"allow":["GET"]}}],"collection":[{"href":"https:\/\/www.pressenza.com\/es\/wp-json\/wp\/v2\/posts"}],"about":[{"href":"https:\/\/www.pressenza.com\/es\/wp-json\/wp\/v2\/types\/post"}],"author":[{"embeddable":true,"href":"https:\/\/www.pressenza.com\/es\/wp-json\/wp\/v2\/users\/94"}],"replies":[{"embeddable":true,"href":"https:\/\/www.pressenza.com\/es\/wp-json\/wp\/v2\/comments?post=498945"}],"version-history":[{"count":0,"href":"https:\/\/www.pressenza.com\/es\/wp-json\/wp\/v2\/posts\/498945\/revisions"}],"wp:featuredmedia":[{"embeddable":true,"href":"https:\/\/www.pressenza.com\/es\/wp-json\/wp\/v2\/media\/498948"}],"wp:attachment":[{"href":"https:\/\/www.pressenza.com\/es\/wp-json\/wp\/v2\/media?parent=498945"}],"wp:term":[{"taxonomy":"category","embeddable":true,"href":"https:\/\/www.pressenza.com\/es\/wp-json\/wp\/v2\/categories?post=498945"},{"taxonomy":"post_tag","embeddable":true,"href":"https:\/\/www.pressenza.com\/es\/wp-json\/wp\/v2\/tags?post=498945"}],"curies":[{"name":"wp","href":"https:\/\/api.w.org\/{rel}","templated":true}]}}