{"id":496769,"date":"2017-07-28T03:49:12","date_gmt":"2017-07-28T02:49:12","guid":{"rendered":"https:\/\/www.pressenza.com\/?p=496769\/"},"modified":"2017-07-28T03:51:24","modified_gmt":"2017-07-28T02:51:24","slug":"milagro-sala-laconstituyenteva","status":"publish","type":"post","link":"https:\/\/www.pressenza.com\/es\/2017\/07\/milagro-sala-laconstituyenteva\/","title":{"rendered":"Para Milagro Sala #LaConstituyenteVa"},"content":{"rendered":"<p><strong>Carta de Milagro Sala al hermano pueblo de la Rep\u00fablica Bolivariana de Venezuela<\/strong><\/p>\n<p>Desde el Penal de Mujeres de Alto Comedero, donde estoy privada arbitrariamente de mi libertad por el gobierno de Mauricio Macri, les env\u00edo mi apoyo a la Asamblea Constituyente que realizar\u00e1n el pr\u00f3ximo 30 de julio.<\/p>\n<p>Hoy es fundamental que defendamos en Am\u00e9rica Latina el camino que iniciaron Hugo Ch\u00e1vez, Lula, Dilma, N\u00e9stor, Cristina y Evo. El llamado del presidente y compa\u00f1ero Nicol\u00e1s Maduro es indispensable para defender la democracia, la soberan\u00eda y la autodeterminaci\u00f3n de los pueblos.<\/p>\n<p>Esta Asamblea Constituyente es la oportunidad que tienen los venezolanos de defenderse de la mentira de la derecha que en campa\u00f1a habla de dialogo y felicidad, pero cuando llega al poder no hace mas que perseguir, reprimir y castigar a los trabajadores y a los dirigentes sociales y pol\u00edticos que defienden a las clases populares.<\/p>\n<p>El rechazo de la derecha a estas elecciones es la muestra mas clara de cuanto les importa la democracia. Cuando se trata de que sea el mismo pueblo el que decide sobre su futuro, los sectores neoliberales desconocen las elecciones libres y denuncian fraudes que no existen. Tan solo debemos recordar lo que dec\u00edan del querido Chavez, que fue el presidente que m\u00e1s veces valid\u00f3 su cargo a trav\u00e9s del voto popular.<\/p>\n<p>Queridos venezolanos. Este domingo vayan a votar con conciencia, hagan valer sus derechos y defiendan sus intereses. No se dejen enga\u00f1ar por promesas vac\u00edas que solo les traer\u00e1n dolor y miseria para el pueblo. Su voto definir\u00e1 el destino del pa\u00eds y de todo latinoamerica.<\/p>\n<p><em>Milagro Sala Presa Pol\u00edtica de Mauricio Macri<\/em><\/p>\n","protected":false},"excerpt":{"rendered":"<p>Carta de Milagro Sala al hermano pueblo de la Rep\u00fablica Bolivariana de Venezuela Desde el Penal de Mujeres de Alto Comedero, donde estoy privada arbitrariamente de mi libertad por el gobierno de Mauricio Macri, les env\u00edo mi apoyo a la&hellip;<\/p>\n","protected":false},"author":87,"featured_media":496770,"comment_status":"closed","ping_status":"closed","sticky":false,"template":"","format":"standard","meta":{"footnotes":""},"categories":[149,11389,74,67],"tags":[26,37068,7399,1266,3411,3883],"class_list":["post-496769","post","type-post","status-publish","format-standard","has-post-thumbnail","hentry","category-comunicados-de-prensa","category-contenido-original","category-politica-es","category-sudamerica","tag-argentina","tag-asamblea-nacional-constituyente","tag-jujuy","tag-milagro-sala","tag-presos-politicos","tag-venezuela-es"],"yoast_head":"<!-- This site is optimized with the Yoast SEO plugin v27.1.1 - https:\/\/yoast.com\/product\/yoast-seo-wordpress\/ -->\n<title>Para Milagro Sala #LaConstituyenteVa<\/title>\n<meta name=\"description\" content=\"Carta de Milagro Sala al hermano pueblo de la Rep\u00fablica Bolivariana de Venezuela Desde el Penal de Mujeres de Alto Comedero, donde estoy privada\" \/>\n<meta name=\"robots\" content=\"index, follow, max-snippet:-1, max-image-preview:large, max-video-preview:-1\" \/>\n<link rel=\"canonical\" href=\"https:\/\/www.pressenza.com\/es\/2017\/07\/milagro-sala-laconstituyenteva\/\" \/>\n<meta property=\"og:locale\" content=\"es_ES\" \/>\n<meta property=\"og:type\" content=\"article\" \/>\n<meta property=\"og:title\" content=\"Para Milagro Sala #LaConstituyenteVa\" \/>\n<meta property=\"og:description\" content=\"Carta de Milagro Sala al hermano pueblo de la Rep\u00fablica Bolivariana de Venezuela Desde el Penal de Mujeres de Alto Comedero, donde estoy privada\" \/>\n<meta property=\"og:url\" content=\"https:\/\/www.pressenza.com\/es\/2017\/07\/milagro-sala-laconstituyenteva\/\" \/>\n<meta property=\"og:site_name\" content=\"Pressenza\" \/>\n<meta property=\"article:publisher\" content=\"https:\/\/www.facebook.com\/PressenzaItalia\" \/>\n<meta property=\"article:published_time\" content=\"2017-07-28T02:49:12+00:00\" \/>\n<meta property=\"article:modified_time\" content=\"2017-07-28T02:51:24+00:00\" \/>\n<meta property=\"og:image\" content=\"https:\/\/www.pressenza.com\/wp-content\/uploads\/2017\/07\/frente-milagro-sala.png\" \/>\n\t<meta property=\"og:image:width\" content=\"957\" \/>\n\t<meta property=\"og:image:height\" content=\"813\" \/>\n\t<meta property=\"og:image:type\" content=\"image\/png\" \/>\n<meta name=\"author\" content=\"Redacci\u00f3n Argentina\" \/>\n<meta name=\"twitter:card\" content=\"summary_large_image\" \/>\n<meta name=\"twitter:creator\" content=\"@pressenza\" \/>\n<meta name=\"twitter:site\" content=\"@PressenzaIPA\" \/>\n<meta name=\"twitter:label1\" content=\"Escrito por\" \/>\n\t<meta name=\"twitter:data1\" content=\"Redacci\u00f3n Argentina\" \/>\n\t<meta name=\"twitter:label2\" content=\"Tiempo de lectura\" \/>\n\t<meta name=\"twitter:data2\" content=\"1 minuto\" \/>\n<script type=\"application\/ld+json\" class=\"yoast-schema-graph\">{\"@context\":\"https:\/\/schema.org\",\"@graph\":[{\"@type\":\"Article\",\"@id\":\"https:\/\/www.pressenza.com\/es\/2017\/07\/milagro-sala-laconstituyenteva\/#article\",\"isPartOf\":{\"@id\":\"https:\/\/www.pressenza.com\/es\/2017\/07\/milagro-sala-laconstituyenteva\/\"},\"author\":{\"name\":\"Redacci\u00f3n Argentina\",\"@id\":\"https:\/\/www.pressenza.com\/es\/#\/schema\/person\/0dda7d1b68267ad95b1e1d83abc98c89\"},\"headline\":\"Para Milagro Sala #LaConstituyenteVa\",\"datePublished\":\"2017-07-28T02:49:12+00:00\",\"dateModified\":\"2017-07-28T02:51:24+00:00\",\"mainEntityOfPage\":{\"@id\":\"https:\/\/www.pressenza.com\/es\/2017\/07\/milagro-sala-laconstituyenteva\/\"},\"wordCount\":294,\"publisher\":{\"@id\":\"https:\/\/www.pressenza.com\/es\/#organization\"},\"image\":{\"@id\":\"https:\/\/www.pressenza.com\/es\/2017\/07\/milagro-sala-laconstituyenteva\/#primaryimage\"},\"thumbnailUrl\":\"https:\/\/www.pressenza.com\/wp-content\/uploads\/2017\/07\/frente-milagro-sala.png\",\"keywords\":[\"Argentina\",\"Asamblea Nacional Constituyente\",\"Jujuy\",\"Milagro Sala\",\"presos pol\u00edticos\",\"Venezuela\"],\"articleSection\":[\"Comunicados de Prensa\",\"Contenido Original\",\"Pol\u00edtica\",\"Sudam\u00e9rica\"],\"inLanguage\":\"es\"},{\"@type\":\"WebPage\",\"@id\":\"https:\/\/www.pressenza.com\/es\/2017\/07\/milagro-sala-laconstituyenteva\/\",\"url\":\"https:\/\/www.pressenza.com\/es\/2017\/07\/milagro-sala-laconstituyenteva\/\",\"name\":\"Para Milagro Sala #LaConstituyenteVa\",\"isPartOf\":{\"@id\":\"https:\/\/www.pressenza.com\/es\/#website\"},\"primaryImageOfPage\":{\"@id\":\"https:\/\/www.pressenza.com\/es\/2017\/07\/milagro-sala-laconstituyenteva\/#primaryimage\"},\"image\":{\"@id\":\"https:\/\/www.pressenza.com\/es\/2017\/07\/milagro-sala-laconstituyenteva\/#primaryimage\"},\"thumbnailUrl\":\"https:\/\/www.pressenza.com\/wp-content\/uploads\/2017\/07\/frente-milagro-sala.png\",\"datePublished\":\"2017-07-28T02:49:12+00:00\",\"dateModified\":\"2017-07-28T02:51:24+00:00\",\"description\":\"Carta de Milagro Sala al hermano pueblo de la Rep\u00fablica Bolivariana de Venezuela Desde el Penal de Mujeres de Alto Comedero, donde estoy privada\",\"breadcrumb\":{\"@id\":\"https:\/\/www.pressenza.com\/es\/2017\/07\/milagro-sala-laconstituyenteva\/#breadcrumb\"},\"inLanguage\":\"es\",\"potentialAction\":[{\"@type\":\"ReadAction\",\"target\":[\"https:\/\/www.pressenza.com\/es\/2017\/07\/milagro-sala-laconstituyenteva\/\"]}]},{\"@type\":\"ImageObject\",\"inLanguage\":\"es\",\"@id\":\"https:\/\/www.pressenza.com\/es\/2017\/07\/milagro-sala-laconstituyenteva\/#primaryimage\",\"url\":\"https:\/\/www.pressenza.com\/wp-content\/uploads\/2017\/07\/frente-milagro-sala.png\",\"contentUrl\":\"https:\/\/www.pressenza.com\/wp-content\/uploads\/2017\/07\/frente-milagro-sala.png\",\"width\":957,\"height\":813},{\"@type\":\"BreadcrumbList\",\"@id\":\"https:\/\/www.pressenza.com\/es\/2017\/07\/milagro-sala-laconstituyenteva\/#breadcrumb\",\"itemListElement\":[{\"@type\":\"ListItem\",\"position\":1,\"name\":\"Accueil\",\"item\":\"https:\/\/www.pressenza.com\/es\/\"},{\"@type\":\"ListItem\",\"position\":2,\"name\":\"Para Milagro Sala #LaConstituyenteVa\"}]},{\"@type\":\"WebSite\",\"@id\":\"https:\/\/www.pressenza.com\/es\/#website\",\"url\":\"https:\/\/www.pressenza.com\/es\/\",\"name\":\"Pressenza\",\"description\":\"International Press Agency\",\"publisher\":{\"@id\":\"https:\/\/www.pressenza.com\/es\/#organization\"},\"potentialAction\":[{\"@type\":\"SearchAction\",\"target\":{\"@type\":\"EntryPoint\",\"urlTemplate\":\"https:\/\/www.pressenza.com\/es\/?s={search_term_string}\"},\"query-input\":{\"@type\":\"PropertyValueSpecification\",\"valueRequired\":true,\"valueName\":\"search_term_string\"}}],\"inLanguage\":\"es\"},{\"@type\":\"Organization\",\"@id\":\"https:\/\/www.pressenza.com\/es\/#organization\",\"name\":\"Pressenza\",\"url\":\"https:\/\/www.pressenza.com\/es\/\",\"logo\":{\"@type\":\"ImageObject\",\"inLanguage\":\"es\",\"@id\":\"https:\/\/www.pressenza.com\/es\/#\/schema\/logo\/image\/\",\"url\":\"https:\/\/www.pressenza.com\/wp-content\/uploads\/2022\/10\/pressenza_logo_200x200.jpg\",\"contentUrl\":\"https:\/\/www.pressenza.com\/wp-content\/uploads\/2022\/10\/pressenza_logo_200x200.jpg\",\"width\":200,\"height\":200,\"caption\":\"Pressenza\"},\"image\":{\"@id\":\"https:\/\/www.pressenza.com\/es\/#\/schema\/logo\/image\/\"},\"sameAs\":[\"https:\/\/www.facebook.com\/PressenzaItalia\",\"https:\/\/x.com\/PressenzaIPA\"]},{\"@type\":\"Person\",\"@id\":\"https:\/\/www.pressenza.com\/es\/#\/schema\/person\/0dda7d1b68267ad95b1e1d83abc98c89\",\"name\":\"Redacci\u00f3n Argentina\",\"description\":\"News from the Pressenza Bureau in Argentina.\",\"sameAs\":[\"https:\/\/x.com\/pressenza\"],\"url\":\"https:\/\/www.pressenza.com\/es\/author\/redaccion-argentina\/\"}]}<\/script>\n<!-- \/ Yoast SEO plugin. -->","yoast_head_json":{"title":"Para Milagro Sala #LaConstituyenteVa","description":"Carta de Milagro Sala al hermano pueblo de la Rep\u00fablica Bolivariana de Venezuela Desde el Penal de Mujeres de Alto Comedero, donde estoy privada","robots":{"index":"index","follow":"follow","max-snippet":"max-snippet:-1","max-image-preview":"max-image-preview:large","max-video-preview":"max-video-preview:-1"},"canonical":"https:\/\/www.pressenza.com\/es\/2017\/07\/milagro-sala-laconstituyenteva\/","og_locale":"es_ES","og_type":"article","og_title":"Para Milagro Sala #LaConstituyenteVa","og_description":"Carta de Milagro Sala al hermano pueblo de la Rep\u00fablica Bolivariana de Venezuela Desde el Penal de Mujeres de Alto Comedero, donde estoy privada","og_url":"https:\/\/www.pressenza.com\/es\/2017\/07\/milagro-sala-laconstituyenteva\/","og_site_name":"Pressenza","article_publisher":"https:\/\/www.facebook.com\/PressenzaItalia","article_published_time":"2017-07-28T02:49:12+00:00","article_modified_time":"2017-07-28T02:51:24+00:00","og_image":[{"width":957,"height":813,"url":"https:\/\/www.pressenza.com\/wp-content\/uploads\/2017\/07\/frente-milagro-sala.png","type":"image\/png"}],"author":"Redacci\u00f3n Argentina","twitter_card":"summary_large_image","twitter_creator":"@pressenza","twitter_site":"@PressenzaIPA","twitter_misc":{"Escrito por":"Redacci\u00f3n Argentina","Tiempo de lectura":"1 minuto"},"schema":{"@context":"https:\/\/schema.org","@graph":[{"@type":"Article","@id":"https:\/\/www.pressenza.com\/es\/2017\/07\/milagro-sala-laconstituyenteva\/#article","isPartOf":{"@id":"https:\/\/www.pressenza.com\/es\/2017\/07\/milagro-sala-laconstituyenteva\/"},"author":{"name":"Redacci\u00f3n Argentina","@id":"https:\/\/www.pressenza.com\/es\/#\/schema\/person\/0dda7d1b68267ad95b1e1d83abc98c89"},"headline":"Para Milagro Sala #LaConstituyenteVa","datePublished":"2017-07-28T02:49:12+00:00","dateModified":"2017-07-28T02:51:24+00:00","mainEntityOfPage":{"@id":"https:\/\/www.pressenza.com\/es\/2017\/07\/milagro-sala-laconstituyenteva\/"},"wordCount":294,"publisher":{"@id":"https:\/\/www.pressenza.com\/es\/#organization"},"image":{"@id":"https:\/\/www.pressenza.com\/es\/2017\/07\/milagro-sala-laconstituyenteva\/#primaryimage"},"thumbnailUrl":"https:\/\/www.pressenza.com\/wp-content\/uploads\/2017\/07\/frente-milagro-sala.png","keywords":["Argentina","Asamblea Nacional Constituyente","Jujuy","Milagro Sala","presos pol\u00edticos","Venezuela"],"articleSection":["Comunicados de Prensa","Contenido Original","Pol\u00edtica","Sudam\u00e9rica"],"inLanguage":"es"},{"@type":"WebPage","@id":"https:\/\/www.pressenza.com\/es\/2017\/07\/milagro-sala-laconstituyenteva\/","url":"https:\/\/www.pressenza.com\/es\/2017\/07\/milagro-sala-laconstituyenteva\/","name":"Para Milagro Sala #LaConstituyenteVa","isPartOf":{"@id":"https:\/\/www.pressenza.com\/es\/#website"},"primaryImageOfPage":{"@id":"https:\/\/www.pressenza.com\/es\/2017\/07\/milagro-sala-laconstituyenteva\/#primaryimage"},"image":{"@id":"https:\/\/www.pressenza.com\/es\/2017\/07\/milagro-sala-laconstituyenteva\/#primaryimage"},"thumbnailUrl":"https:\/\/www.pressenza.com\/wp-content\/uploads\/2017\/07\/frente-milagro-sala.png","datePublished":"2017-07-28T02:49:12+00:00","dateModified":"2017-07-28T02:51:24+00:00","description":"Carta de Milagro Sala al hermano pueblo de la Rep\u00fablica Bolivariana de Venezuela Desde el Penal de Mujeres de Alto Comedero, donde estoy privada","breadcrumb":{"@id":"https:\/\/www.pressenza.com\/es\/2017\/07\/milagro-sala-laconstituyenteva\/#breadcrumb"},"inLanguage":"es","potentialAction":[{"@type":"ReadAction","target":["https:\/\/www.pressenza.com\/es\/2017\/07\/milagro-sala-laconstituyenteva\/"]}]},{"@type":"ImageObject","inLanguage":"es","@id":"https:\/\/www.pressenza.com\/es\/2017\/07\/milagro-sala-laconstituyenteva\/#primaryimage","url":"https:\/\/www.pressenza.com\/wp-content\/uploads\/2017\/07\/frente-milagro-sala.png","contentUrl":"https:\/\/www.pressenza.com\/wp-content\/uploads\/2017\/07\/frente-milagro-sala.png","width":957,"height":813},{"@type":"BreadcrumbList","@id":"https:\/\/www.pressenza.com\/es\/2017\/07\/milagro-sala-laconstituyenteva\/#breadcrumb","itemListElement":[{"@type":"ListItem","position":1,"name":"Accueil","item":"https:\/\/www.pressenza.com\/es\/"},{"@type":"ListItem","position":2,"name":"Para Milagro Sala #LaConstituyenteVa"}]},{"@type":"WebSite","@id":"https:\/\/www.pressenza.com\/es\/#website","url":"https:\/\/www.pressenza.com\/es\/","name":"Pressenza","description":"International Press Agency","publisher":{"@id":"https:\/\/www.pressenza.com\/es\/#organization"},"potentialAction":[{"@type":"SearchAction","target":{"@type":"EntryPoint","urlTemplate":"https:\/\/www.pressenza.com\/es\/?s={search_term_string}"},"query-input":{"@type":"PropertyValueSpecification","valueRequired":true,"valueName":"search_term_string"}}],"inLanguage":"es"},{"@type":"Organization","@id":"https:\/\/www.pressenza.com\/es\/#organization","name":"Pressenza","url":"https:\/\/www.pressenza.com\/es\/","logo":{"@type":"ImageObject","inLanguage":"es","@id":"https:\/\/www.pressenza.com\/es\/#\/schema\/logo\/image\/","url":"https:\/\/www.pressenza.com\/wp-content\/uploads\/2022\/10\/pressenza_logo_200x200.jpg","contentUrl":"https:\/\/www.pressenza.com\/wp-content\/uploads\/2022\/10\/pressenza_logo_200x200.jpg","width":200,"height":200,"caption":"Pressenza"},"image":{"@id":"https:\/\/www.pressenza.com\/es\/#\/schema\/logo\/image\/"},"sameAs":["https:\/\/www.facebook.com\/PressenzaItalia","https:\/\/x.com\/PressenzaIPA"]},{"@type":"Person","@id":"https:\/\/www.pressenza.com\/es\/#\/schema\/person\/0dda7d1b68267ad95b1e1d83abc98c89","name":"Redacci\u00f3n Argentina","description":"News from the Pressenza Bureau in Argentina.","sameAs":["https:\/\/x.com\/pressenza"],"url":"https:\/\/www.pressenza.com\/es\/author\/redaccion-argentina\/"}]}},"place":"Alto Comedero, Jujuy","original_article_url":"","_links":{"self":[{"href":"https:\/\/www.pressenza.com\/es\/wp-json\/wp\/v2\/posts\/496769","targetHints":{"allow":["GET"]}}],"collection":[{"href":"https:\/\/www.pressenza.com\/es\/wp-json\/wp\/v2\/posts"}],"about":[{"href":"https:\/\/www.pressenza.com\/es\/wp-json\/wp\/v2\/types\/post"}],"author":[{"embeddable":true,"href":"https:\/\/www.pressenza.com\/es\/wp-json\/wp\/v2\/users\/87"}],"replies":[{"embeddable":true,"href":"https:\/\/www.pressenza.com\/es\/wp-json\/wp\/v2\/comments?post=496769"}],"version-history":[{"count":0,"href":"https:\/\/www.pressenza.com\/es\/wp-json\/wp\/v2\/posts\/496769\/revisions"}],"wp:featuredmedia":[{"embeddable":true,"href":"https:\/\/www.pressenza.com\/es\/wp-json\/wp\/v2\/media\/496770"}],"wp:attachment":[{"href":"https:\/\/www.pressenza.com\/es\/wp-json\/wp\/v2\/media?parent=496769"}],"wp:term":[{"taxonomy":"category","embeddable":true,"href":"https:\/\/www.pressenza.com\/es\/wp-json\/wp\/v2\/categories?post=496769"},{"taxonomy":"post_tag","embeddable":true,"href":"https:\/\/www.pressenza.com\/es\/wp-json\/wp\/v2\/tags?post=496769"}],"curies":[{"name":"wp","href":"https:\/\/api.w.org\/{rel}","templated":true}]}}